{"id":9743,"date":"2021-04-29T16:17:13","date_gmt":"2021-04-29T19:17:13","guid":{"rendered":"http:\/\/diarioprincipios.com\/?p=9743"},"modified":"2021-04-29T16:18:47","modified_gmt":"2021-04-29T19:18:47","slug":"secundarias-de-berazategui-celebraron-el-dia-del-animal","status":"publish","type":"post","link":"https:\/\/diarioprincipios.com\/index.php\/2021\/04\/29\/secundarias-de-berazategui-celebraron-el-dia-del-animal\/","title":{"rendered":"Secundarias de Berazategui celebraron el D\u00eda del Animal"},"content":{"rendered":"\n<p>Alumnos de las Escuelas Secundarias con orientaci\u00f3n en Comunicaci\u00f3n con sede en el distrito mascotero de la zona sur armaron coloridas piezas de plataformas digitales para celebrar el d\u00eda del animal.<br>La actividad se conoci\u00f3 en las redes sociales de los distintos establecimientos cuyos alumnos trabajaron la cuesti\u00f3n. Se trata de j\u00f3venes de 5&#8242; y 6&#8242; a\u00f1o de la EES 28 de Cruce Varela, 5&#8242; a\u00f1o de la EES 18 (27 y 107) y 6&#8242; a\u00f1o de la EES 56 sita en JM Guti\u00e9rrez.<br>Guiados por sus profesores de las materias espec\u00edficas del ciclo orientado, los periodistas en ciernes que estudian con modalidad virtual, elaboraron, editaron, curaron y dieron nuevos sentidos a piezas en video, gr\u00e1fica y fotograf\u00eda, en referencia al cuidado, protecci\u00f3n, defensa y visibilizaci\u00f3n de todas las especies que habitan la tierra.<\/p>\n","protected":false},"excerpt":{"rendered":"<p>Alumnos de las Escuelas Secundarias con orientaci\u00f3n en Comunicaci\u00f3n con sede en el distrito mascotero de la zona sur armaron coloridas piezas de plataformas digitales para celebrar el d\u00eda del animal.La actividad se conoci\u00f3 en las redes sociales de los distintos establecimientos cuyos alumnos trabajaron la cuesti\u00f3n. Se trata de j\u00f3venes de 5&#8242; y 6&#8242;&#8230;<\/p>\n","protected":false},"author":2,"featured_media":9744,"comment_status":"open","ping_status":"open","sticky":false,"template":"","format":"standard","meta":{"footnotes":""},"categories":[3],"tags":[],"class_list":["post-9743","post","type-post","status-publish","format-standard","has-post-thumbnail","hentry","category-berazategui"],"featured_image_src":"https:\/\/diarioprincipios.com\/wp-content\/uploads\/2021\/04\/20210429_161608-1024x697.jpg","blog_images":{"medium":"https:\/\/diarioprincipios.com\/wp-content\/uploads\/2021\/04\/20210429_161608-300x204.jpg","large":"https:\/\/diarioprincipios.com\/wp-content\/uploads\/2021\/04\/20210429_161608-1024x697.jpg"},"ams_acf":[],"yoast_head":"<!-- This site is optimized with the Yoast SEO plugin v27.3 - https:\/\/yoast.com\/product\/yoast-seo-wordpress\/ -->\n<title>Secundarias de Berazategui celebraron el D\u00eda del Animal - Principios<\/title>\n<meta name=\"robots\" content=\"index, follow, max-snippet:-1, max-image-preview:large, max-video-preview:-1\" \/>\n<link rel=\"canonical\" href=\"https:\/\/diarioprincipios.com\/index.php\/2021\/04\/29\/secundarias-de-berazategui-celebraron-el-dia-del-animal\/\" \/>\n<meta property=\"og:locale\" content=\"es_ES\" \/>\n<meta property=\"og:type\" content=\"article\" \/>\n<meta property=\"og:title\" content=\"Secundarias de Berazategui celebraron el D\u00eda del Animal - Principios\" \/>\n<meta property=\"og:description\" content=\"Alumnos de las Escuelas Secundarias con orientaci\u00f3n en Comunicaci\u00f3n con sede en el distrito mascotero de la zona sur armaron coloridas piezas de plataformas digitales para celebrar el d\u00eda del animal.La actividad se conoci\u00f3 en las redes sociales de los distintos establecimientos cuyos alumnos trabajaron la cuesti\u00f3n. Se trata de j\u00f3venes de 5&#8242; y 6&#8242;...\" \/>\n<meta property=\"og:url\" content=\"https:\/\/diarioprincipios.com\/index.php\/2021\/04\/29\/secundarias-de-berazategui-celebraron-el-dia-del-animal\/\" \/>\n<meta property=\"og:site_name\" content=\"Principios\" \/>\n<meta property=\"article:published_time\" content=\"2021-04-29T19:17:13+00:00\" \/>\n<meta property=\"article:modified_time\" content=\"2021-04-29T19:18:47+00:00\" \/>\n<meta property=\"og:image\" content=\"https:\/\/diarioprincipios.com\/wp-content\/uploads\/2021\/04\/20210429_161608.jpg\" \/>\n\t<meta property=\"og:image:width\" content=\"1080\" \/>\n\t<meta property=\"og:image:height\" content=\"735\" \/>\n\t<meta property=\"og:image:type\" content=\"image\/jpeg\" \/>\n<meta name=\"author\" content=\"Hern\u00e1n L\u00f3pez\" \/>\n<meta name=\"twitter:card\" content=\"summary_large_image\" \/>\n<meta name=\"twitter:label1\" content=\"Escrito por\" \/>\n\t<meta name=\"twitter:data1\" content=\"Hern\u00e1n L\u00f3pez\" \/>\n\t<meta name=\"twitter:label2\" content=\"Tiempo de lectura\" \/>\n\t<meta name=\"twitter:data2\" content=\"1 minuto\" \/>\n<script type=\"application\/ld+json\" class=\"yoast-schema-graph\">{\"@context\":\"https:\\\/\\\/schema.org\",\"@graph\":[{\"@type\":\"Article\",\"@id\":\"https:\\\/\\\/diarioprincipios.com\\\/index.php\\\/2021\\\/04\\\/29\\\/secundarias-de-berazategui-celebraron-el-dia-del-animal\\\/#article\",\"isPartOf\":{\"@id\":\"https:\\\/\\\/diarioprincipios.com\\\/index.php\\\/2021\\\/04\\\/29\\\/secundarias-de-berazategui-celebraron-el-dia-del-animal\\\/\"},\"author\":{\"name\":\"Hern\u00e1n L\u00f3pez\",\"@id\":\"https:\\\/\\\/diarioprincipios.com\\\/#\\\/schema\\\/person\\\/436d5a1fd41a5e250e23ff5a6a7cb080\"},\"headline\":\"Secundarias de Berazategui celebraron el D\u00eda del Animal\",\"datePublished\":\"2021-04-29T19:17:13+00:00\",\"dateModified\":\"2021-04-29T19:18:47+00:00\",\"mainEntityOfPage\":{\"@id\":\"https:\\\/\\\/diarioprincipios.com\\\/index.php\\\/2021\\\/04\\\/29\\\/secundarias-de-berazategui-celebraron-el-dia-del-animal\\\/\"},\"wordCount\":148,\"commentCount\":0,\"publisher\":{\"@id\":\"https:\\\/\\\/diarioprincipios.com\\\/#organization\"},\"image\":{\"@id\":\"https:\\\/\\\/diarioprincipios.com\\\/index.php\\\/2021\\\/04\\\/29\\\/secundarias-de-berazategui-celebraron-el-dia-del-animal\\\/#primaryimage\"},\"thumbnailUrl\":\"https:\\\/\\\/diarioprincipios.com\\\/wp-content\\\/uploads\\\/2021\\\/04\\\/20210429_161608.jpg\",\"articleSection\":[\"Berazategui\"],\"inLanguage\":\"es\",\"potentialAction\":[{\"@type\":\"CommentAction\",\"name\":\"Comment\",\"target\":[\"https:\\\/\\\/diarioprincipios.com\\\/index.php\\\/2021\\\/04\\\/29\\\/secundarias-de-berazategui-celebraron-el-dia-del-animal\\\/#respond\"]}]},{\"@type\":\"WebPage\",\"@id\":\"https:\\\/\\\/diarioprincipios.com\\\/index.php\\\/2021\\\/04\\\/29\\\/secundarias-de-berazategui-celebraron-el-dia-del-animal\\\/\",\"url\":\"https:\\\/\\\/diarioprincipios.com\\\/index.php\\\/2021\\\/04\\\/29\\\/secundarias-de-berazategui-celebraron-el-dia-del-animal\\\/\",\"name\":\"Secundarias de Berazategui celebraron el D\u00eda del Animal - Principios\",\"isPartOf\":{\"@id\":\"https:\\\/\\\/diarioprincipios.com\\\/#website\"},\"primaryImageOfPage\":{\"@id\":\"https:\\\/\\\/diarioprincipios.com\\\/index.php\\\/2021\\\/04\\\/29\\\/secundarias-de-berazategui-celebraron-el-dia-del-animal\\\/#primaryimage\"},\"image\":{\"@id\":\"https:\\\/\\\/diarioprincipios.com\\\/index.php\\\/2021\\\/04\\\/29\\\/secundarias-de-berazategui-celebraron-el-dia-del-animal\\\/#primaryimage\"},\"thumbnailUrl\":\"https:\\\/\\\/diarioprincipios.com\\\/wp-content\\\/uploads\\\/2021\\\/04\\\/20210429_161608.jpg\",\"datePublished\":\"2021-04-29T19:17:13+00:00\",\"dateModified\":\"2021-04-29T19:18:47+00:00\",\"breadcrumb\":{\"@id\":\"https:\\\/\\\/diarioprincipios.com\\\/index.php\\\/2021\\\/04\\\/29\\\/secundarias-de-berazategui-celebraron-el-dia-del-animal\\\/#breadcrumb\"},\"inLanguage\":\"es\",\"potentialAction\":[{\"@type\":\"ReadAction\",\"target\":[\"https:\\\/\\\/diarioprincipios.com\\\/index.php\\\/2021\\\/04\\\/29\\\/secundarias-de-berazategui-celebraron-el-dia-del-animal\\\/\"]}]},{\"@type\":\"ImageObject\",\"inLanguage\":\"es\",\"@id\":\"https:\\\/\\\/diarioprincipios.com\\\/index.php\\\/2021\\\/04\\\/29\\\/secundarias-de-berazategui-celebraron-el-dia-del-animal\\\/#primaryimage\",\"url\":\"https:\\\/\\\/diarioprincipios.com\\\/wp-content\\\/uploads\\\/2021\\\/04\\\/20210429_161608.jpg\",\"contentUrl\":\"https:\\\/\\\/diarioprincipios.com\\\/wp-content\\\/uploads\\\/2021\\\/04\\\/20210429_161608.jpg\",\"width\":1080,\"height\":735},{\"@type\":\"BreadcrumbList\",\"@id\":\"https:\\\/\\\/diarioprincipios.com\\\/index.php\\\/2021\\\/04\\\/29\\\/secundarias-de-berazategui-celebraron-el-dia-del-animal\\\/#breadcrumb\",\"itemListElement\":[{\"@type\":\"ListItem\",\"position\":1,\"name\":\"Portada\",\"item\":\"https:\\\/\\\/diarioprincipios.com\\\/\"},{\"@type\":\"ListItem\",\"position\":2,\"name\":\"Secundarias de Berazategui celebraron el D\u00eda del Animal\"}]},{\"@type\":\"WebSite\",\"@id\":\"https:\\\/\\\/diarioprincipios.com\\\/#website\",\"url\":\"https:\\\/\\\/diarioprincipios.com\\\/\",\"name\":\"Principios\",\"description\":\"Principios Diario\",\"publisher\":{\"@id\":\"https:\\\/\\\/diarioprincipios.com\\\/#organization\"},\"potentialAction\":[{\"@type\":\"SearchAction\",\"target\":{\"@type\":\"EntryPoint\",\"urlTemplate\":\"https:\\\/\\\/diarioprincipios.com\\\/?s={search_term_string}\"},\"query-input\":{\"@type\":\"PropertyValueSpecification\",\"valueRequired\":true,\"valueName\":\"search_term_string\"}}],\"inLanguage\":\"es\"},{\"@type\":\"Organization\",\"@id\":\"https:\\\/\\\/diarioprincipios.com\\\/#organization\",\"name\":\"Principios\",\"url\":\"https:\\\/\\\/diarioprincipios.com\\\/\",\"logo\":{\"@type\":\"ImageObject\",\"inLanguage\":\"es\",\"@id\":\"https:\\\/\\\/diarioprincipios.com\\\/#\\\/schema\\\/logo\\\/image\\\/\",\"url\":\"https:\\\/\\\/diarioprincipios.com\\\/wp-content\\\/uploads\\\/2024\\\/04\\\/cropped-www.diarioprincipios.com_-1.png\",\"contentUrl\":\"https:\\\/\\\/diarioprincipios.com\\\/wp-content\\\/uploads\\\/2024\\\/04\\\/cropped-www.diarioprincipios.com_-1.png\",\"width\":5325,\"height\":1454,\"caption\":\"Principios\"},\"image\":{\"@id\":\"https:\\\/\\\/diarioprincipios.com\\\/#\\\/schema\\\/logo\\\/image\\\/\"}},{\"@type\":\"Person\",\"@id\":\"https:\\\/\\\/diarioprincipios.com\\\/#\\\/schema\\\/person\\\/436d5a1fd41a5e250e23ff5a6a7cb080\",\"name\":\"Hern\u00e1n L\u00f3pez\",\"image\":{\"@type\":\"ImageObject\",\"inLanguage\":\"es\",\"@id\":\"https:\\\/\\\/diarioprincipios.com\\\/wp-content\\\/litespeed\\\/avatar\\\/11ddfe5610ff3bd100522525b2571f48.jpg?ver=1777048341\",\"url\":\"https:\\\/\\\/diarioprincipios.com\\\/wp-content\\\/litespeed\\\/avatar\\\/11ddfe5610ff3bd100522525b2571f48.jpg?ver=1777048341\",\"contentUrl\":\"https:\\\/\\\/diarioprincipios.com\\\/wp-content\\\/litespeed\\\/avatar\\\/11ddfe5610ff3bd100522525b2571f48.jpg?ver=1777048341\",\"caption\":\"Hern\u00e1n L\u00f3pez\"},\"url\":\"https:\\\/\\\/diarioprincipios.com\\\/index.php\\\/author\\\/hernan\\\/\"}]}<\/script>\n<!-- \/ Yoast SEO plugin. -->","yoast_head_json":{"title":"Secundarias de Berazategui celebraron el D\u00eda del Animal - Principios","robots":{"index":"index","follow":"follow","max-snippet":"max-snippet:-1","max-image-preview":"max-image-preview:large","max-video-preview":"max-video-preview:-1"},"canonical":"https:\/\/diarioprincipios.com\/index.php\/2021\/04\/29\/secundarias-de-berazategui-celebraron-el-dia-del-animal\/","og_locale":"es_ES","og_type":"article","og_title":"Secundarias de Berazategui celebraron el D\u00eda del Animal - Principios","og_description":"Alumnos de las Escuelas Secundarias con orientaci\u00f3n en Comunicaci\u00f3n con sede en el distrito mascotero de la zona sur armaron coloridas piezas de plataformas digitales para celebrar el d\u00eda del animal.La actividad se conoci\u00f3 en las redes sociales de los distintos establecimientos cuyos alumnos trabajaron la cuesti\u00f3n. Se trata de j\u00f3venes de 5&#8242; y 6&#8242;...","og_url":"https:\/\/diarioprincipios.com\/index.php\/2021\/04\/29\/secundarias-de-berazategui-celebraron-el-dia-del-animal\/","og_site_name":"Principios","article_published_time":"2021-04-29T19:17:13+00:00","article_modified_time":"2021-04-29T19:18:47+00:00","og_image":[{"width":1080,"height":735,"url":"https:\/\/diarioprincipios.com\/wp-content\/uploads\/2021\/04\/20210429_161608.jpg","type":"image\/jpeg"}],"author":"Hern\u00e1n L\u00f3pez","twitter_card":"summary_large_image","twitter_misc":{"Escrito por":"Hern\u00e1n L\u00f3pez","Tiempo de lectura":"1 minuto"},"schema":{"@context":"https:\/\/schema.org","@graph":[{"@type":"Article","@id":"https:\/\/diarioprincipios.com\/index.php\/2021\/04\/29\/secundarias-de-berazategui-celebraron-el-dia-del-animal\/#article","isPartOf":{"@id":"https:\/\/diarioprincipios.com\/index.php\/2021\/04\/29\/secundarias-de-berazategui-celebraron-el-dia-del-animal\/"},"author":{"name":"Hern\u00e1n L\u00f3pez","@id":"https:\/\/diarioprincipios.com\/#\/schema\/person\/436d5a1fd41a5e250e23ff5a6a7cb080"},"headline":"Secundarias de Berazategui celebraron el D\u00eda del Animal","datePublished":"2021-04-29T19:17:13+00:00","dateModified":"2021-04-29T19:18:47+00:00","mainEntityOfPage":{"@id":"https:\/\/diarioprincipios.com\/index.php\/2021\/04\/29\/secundarias-de-berazategui-celebraron-el-dia-del-animal\/"},"wordCount":148,"commentCount":0,"publisher":{"@id":"https:\/\/diarioprincipios.com\/#organization"},"image":{"@id":"https:\/\/diarioprincipios.com\/index.php\/2021\/04\/29\/secundarias-de-berazategui-celebraron-el-dia-del-animal\/#primaryimage"},"thumbnailUrl":"https:\/\/diarioprincipios.com\/wp-content\/uploads\/2021\/04\/20210429_161608.jpg","articleSection":["Berazategui"],"inLanguage":"es","potentialAction":[{"@type":"CommentAction","name":"Comment","target":["https:\/\/diarioprincipios.com\/index.php\/2021\/04\/29\/secundarias-de-berazategui-celebraron-el-dia-del-animal\/#respond"]}]},{"@type":"WebPage","@id":"https:\/\/diarioprincipios.com\/index.php\/2021\/04\/29\/secundarias-de-berazategui-celebraron-el-dia-del-animal\/","url":"https:\/\/diarioprincipios.com\/index.php\/2021\/04\/29\/secundarias-de-berazategui-celebraron-el-dia-del-animal\/","name":"Secundarias de Berazategui celebraron el D\u00eda del Animal - Principios","isPartOf":{"@id":"https:\/\/diarioprincipios.com\/#website"},"primaryImageOfPage":{"@id":"https:\/\/diarioprincipios.com\/index.php\/2021\/04\/29\/secundarias-de-berazategui-celebraron-el-dia-del-animal\/#primaryimage"},"image":{"@id":"https:\/\/diarioprincipios.com\/index.php\/2021\/04\/29\/secundarias-de-berazategui-celebraron-el-dia-del-animal\/#primaryimage"},"thumbnailUrl":"https:\/\/diarioprincipios.com\/wp-content\/uploads\/2021\/04\/20210429_161608.jpg","datePublished":"2021-04-29T19:17:13+00:00","dateModified":"2021-04-29T19:18:47+00:00","breadcrumb":{"@id":"https:\/\/diarioprincipios.com\/index.php\/2021\/04\/29\/secundarias-de-berazategui-celebraron-el-dia-del-animal\/#breadcrumb"},"inLanguage":"es","potentialAction":[{"@type":"ReadAction","target":["https:\/\/diarioprincipios.com\/index.php\/2021\/04\/29\/secundarias-de-berazategui-celebraron-el-dia-del-animal\/"]}]},{"@type":"ImageObject","inLanguage":"es","@id":"https:\/\/diarioprincipios.com\/index.php\/2021\/04\/29\/secundarias-de-berazategui-celebraron-el-dia-del-animal\/#primaryimage","url":"https:\/\/diarioprincipios.com\/wp-content\/uploads\/2021\/04\/20210429_161608.jpg","contentUrl":"https:\/\/diarioprincipios.com\/wp-content\/uploads\/2021\/04\/20210429_161608.jpg","width":1080,"height":735},{"@type":"BreadcrumbList","@id":"https:\/\/diarioprincipios.com\/index.php\/2021\/04\/29\/secundarias-de-berazategui-celebraron-el-dia-del-animal\/#breadcrumb","itemListElement":[{"@type":"ListItem","position":1,"name":"Portada","item":"https:\/\/diarioprincipios.com\/"},{"@type":"ListItem","position":2,"name":"Secundarias de Berazategui celebraron el D\u00eda del Animal"}]},{"@type":"WebSite","@id":"https:\/\/diarioprincipios.com\/#website","url":"https:\/\/diarioprincipios.com\/","name":"Principios","description":"Principios Diario","publisher":{"@id":"https:\/\/diarioprincipios.com\/#organization"},"potentialAction":[{"@type":"SearchAction","target":{"@type":"EntryPoint","urlTemplate":"https:\/\/diarioprincipios.com\/?s={search_term_string}"},"query-input":{"@type":"PropertyValueSpecification","valueRequired":true,"valueName":"search_term_string"}}],"inLanguage":"es"},{"@type":"Organization","@id":"https:\/\/diarioprincipios.com\/#organization","name":"Principios","url":"https:\/\/diarioprincipios.com\/","logo":{"@type":"ImageObject","inLanguage":"es","@id":"https:\/\/diarioprincipios.com\/#\/schema\/logo\/image\/","url":"https:\/\/diarioprincipios.com\/wp-content\/uploads\/2024\/04\/cropped-www.diarioprincipios.com_-1.png","contentUrl":"https:\/\/diarioprincipios.com\/wp-content\/uploads\/2024\/04\/cropped-www.diarioprincipios.com_-1.png","width":5325,"height":1454,"caption":"Principios"},"image":{"@id":"https:\/\/diarioprincipios.com\/#\/schema\/logo\/image\/"}},{"@type":"Person","@id":"https:\/\/diarioprincipios.com\/#\/schema\/person\/436d5a1fd41a5e250e23ff5a6a7cb080","name":"Hern\u00e1n L\u00f3pez","image":{"@type":"ImageObject","inLanguage":"es","@id":"https:\/\/diarioprincipios.com\/wp-content\/litespeed\/avatar\/11ddfe5610ff3bd100522525b2571f48.jpg?ver=1777048341","url":"https:\/\/diarioprincipios.com\/wp-content\/litespeed\/avatar\/11ddfe5610ff3bd100522525b2571f48.jpg?ver=1777048341","contentUrl":"https:\/\/diarioprincipios.com\/wp-content\/litespeed\/avatar\/11ddfe5610ff3bd100522525b2571f48.jpg?ver=1777048341","caption":"Hern\u00e1n L\u00f3pez"},"url":"https:\/\/diarioprincipios.com\/index.php\/author\/hernan\/"}]}},"jetpack_featured_media_url":"https:\/\/diarioprincipios.com\/wp-content\/uploads\/2021\/04\/20210429_161608.jpg","_links":{"self":[{"href":"https:\/\/diarioprincipios.com\/index.php\/wp-json\/wp\/v2\/posts\/9743","targetHints":{"allow":["GET"]}}],"collection":[{"href":"https:\/\/diarioprincipios.com\/index.php\/wp-json\/wp\/v2\/posts"}],"about":[{"href":"https:\/\/diarioprincipios.com\/index.php\/wp-json\/wp\/v2\/types\/post"}],"author":[{"embeddable":true,"href":"https:\/\/diarioprincipios.com\/index.php\/wp-json\/wp\/v2\/users\/2"}],"replies":[{"embeddable":true,"href":"https:\/\/diarioprincipios.com\/index.php\/wp-json\/wp\/v2\/comments?post=9743"}],"version-history":[{"count":1,"href":"https:\/\/diarioprincipios.com\/index.php\/wp-json\/wp\/v2\/posts\/9743\/revisions"}],"predecessor-version":[{"id":9745,"href":"https:\/\/diarioprincipios.com\/index.php\/wp-json\/wp\/v2\/posts\/9743\/revisions\/9745"}],"wp:featuredmedia":[{"embeddable":true,"href":"https:\/\/diarioprincipios.com\/index.php\/wp-json\/wp\/v2\/media\/9744"}],"wp:attachment":[{"href":"https:\/\/diarioprincipios.com\/index.php\/wp-json\/wp\/v2\/media?parent=9743"}],"wp:term":[{"taxonomy":"category","embeddable":true,"href":"https:\/\/diarioprincipios.com\/index.php\/wp-json\/wp\/v2\/categories?post=9743"},{"taxonomy":"post_tag","embeddable":true,"href":"https:\/\/diarioprincipios.com\/index.php\/wp-json\/wp\/v2\/tags?post=9743"}],"curies":[{"name":"wp","href":"https:\/\/api.w.org\/{rel}","templated":true}]}}