{"id":973,"date":"2020-04-26T23:33:36","date_gmt":"2020-04-26T23:33:36","guid":{"rendered":"http:\/\/diarioprincipios.com\/?p=973"},"modified":"2020-04-26T23:34:09","modified_gmt":"2020-04-26T23:34:09","slug":"no-habra-salidas-de-esparcimiento-en-la-provincia-de-buenos-aires","status":"publish","type":"post","link":"https:\/\/diarioprincipios.com\/index.php\/2020\/04\/26\/no-habra-salidas-de-esparcimiento-en-la-provincia-de-buenos-aires\/","title":{"rendered":"No habr\u00e1 salidas de esparcimiento en la provincia de Buenos Aires"},"content":{"rendered":"\n<p>La Ciudad de Buenos Aires y las provincias de Buenos Aires, C\u00f3rdoba y Santa Fe anunciaron en conjunto hoy que el aislamiento social, preventivo y obligatorio por el coronavirus sigue vigente y ratificaron que en los distritos con m\u00e1s de 500.000 habitantes no est\u00e1n autorizadas las salidas de esparcimiento en la nueva etapa de la cuarentena.<\/p>\n\n\n\n<p>Los gobiernos de esos Estados efectuaron la aclaraci\u00f3n debido a que en las grandes capitales y otras ciudades con poblaci\u00f3n superior a medio mill\u00f3n de habitantes hubo ciudadanos que se anticiparon a salir, incluso con sus hijos, pese a que a\u00fan no se hab\u00eda publicado el nuevo DNU del presidente Alberto Fern\u00e1ndez en el Bolet\u00edn Oficial y que, en consecuencia, no est\u00e1n reglamentadas las salidas.<\/p>\n\n\n\n<p>Las administraciones de Horacio Rodr\u00edguez Larreta (CABA), Axel Kicillof (Buenos Aires), Juan Schiaretti (C\u00f3rdoba) y Omar Perotti (Santa Fe) destacaron adem\u00e1s que el gobierno nacional dispuso las medidas en la nueva etapa del aislamiento de manera consensuada con las provincias.<\/p>\n\n\n\n<p>\u00abEn cumplimiento de lo anunciado en el d\u00eda ayer por el Presidente de la Naci\u00f3n, Alberto Fern\u00e1ndez, para esta nueva etapa del Aislamiento Social, Preventivo y Obligatorio, cada Provincia debe determinar la habilitaci\u00f3n de las nuevas actividades permitidas seg\u00fan la situaci\u00f3n epidemiol\u00f3gica y demogr\u00e1fica\u00bb, se\u00f1alaron en un comunicado conjunto distribuido esta tarde.<\/p>\n\n\n\n<p>A\u00f1adieron que \u00aba tal efecto, cada Provincia procedi\u00f3 a diferenciar, seg\u00fan las localidades y sus caracter\u00edsticas, la conveniencia de aplicar el r\u00e9gimen para las salidas de esparcimiento de una hora\u00bb.<\/p>\n\n\n\n<p>Desde el gobierno bonaerense explicaron a la Agencia T\u00e9lam que en los distintos municipios del Conurbano bonaerense, el territorio con mayor densidad poblacional, \u201cno se permitir\u00e1n m\u00e1s salidas recreativas\u201d.<\/p>\n\n\n\n<p>\u00abEn aquellas localidades con baja densidad poblacional y escasa o nula circulaci\u00f3n viral, se permitir\u00e1n las salidas de esparcimiento en las condiciones que se consensuen con las autoridades municipales\u00bb, enfatizaron.<\/p>\n\n\n\n<p>Y agregaron:que \u00aben aquellos grandes aglomerados urbanos con circulaci\u00f3n viral, no se habilitar\u00e1n las salidas de esparcimiento de una hora, y tal como expres\u00f3 el Presidente en el d\u00eda de ayer, el aislamiento social, preventivo y obligatorio se mantiene sin modificaciones\u00bb.<\/p>\n\n\n\n<p>As\u00ed, las cuatro principales jurisdicciones pol\u00edticas, econ\u00f3micas y poblacionales del pa\u00eds dejaron en claro los l\u00edmites para las salidas de esparcimiento que la gente podr\u00e1 realizar a 500 metros a la redondo de su casa.<\/p>\n\n\n\n<p>Los gobiernos aclararon adem\u00e1s que \u00abesta decisi\u00f3n fue tomada en consulta con el Gobierno Nacional\u00bb.<\/p>\n\n\n\n<p>\u00abNo obstante, se seguir\u00e1 analizando la evoluci\u00f3n de la tasa de contagios y, de ser esta favorable, se evaluar\u00e1n las diferentes alternativas que podr\u00edan permitir la habilitaci\u00f3n de alg\u00fan tipo de salidas de esparcimiento con modalidades restringidas\u00bb, destacaron.<\/p>\n\n\n\n<p>Asimismo, los cuatro gobiernos resaltaron que \u00abestas decisiones se consensuar\u00e1n con los respectivos intendentes municipales de cada uno de los respectivos territorios\u00bb.<\/p>\n","protected":false},"excerpt":{"rendered":"<p>La Ciudad de Buenos Aires y las provincias de Buenos Aires, C\u00f3rdoba y Santa Fe anunciaron en conjunto hoy que el aislamiento social, preventivo y obligatorio por el coronavirus sigue vigente y ratificaron que en los distritos con m\u00e1s de 500.000 habitantes no est\u00e1n autorizadas las salidas de esparcimiento en la nueva etapa de la&#8230;<\/p>\n","protected":false},"author":2,"featured_media":974,"comment_status":"open","ping_status":"open","sticky":false,"template":"","format":"standard","meta":{"footnotes":""},"categories":[7],"tags":[],"class_list":["post-973","post","type-post","status-publish","format-standard","has-post-thumbnail","hentry","category-provincia"],"featured_image_src":"https:\/\/diarioprincipios.com\/wp-content\/uploads\/2020\/04\/Main-banner-post-1-1024x476.jpg","blog_images":{"medium":"https:\/\/diarioprincipios.com\/wp-content\/uploads\/2020\/04\/Main-banner-post-1-300x140.jpg","large":"https:\/\/diarioprincipios.com\/wp-content\/uploads\/2020\/04\/Main-banner-post-1-1024x476.jpg"},"ams_acf":[],"yoast_head":"<!-- This site is optimized with the Yoast SEO plugin v27.3 - https:\/\/yoast.com\/product\/yoast-seo-wordpress\/ -->\n<title>No habr\u00e1 salidas de esparcimiento en la provincia de Buenos Aires - Principios<\/title>\n<meta name=\"robots\" content=\"index, follow, max-snippet:-1, max-image-preview:large, max-video-preview:-1\" \/>\n<link rel=\"canonical\" href=\"https:\/\/diarioprincipios.com\/index.php\/2020\/04\/26\/no-habra-salidas-de-esparcimiento-en-la-provincia-de-buenos-aires\/\" \/>\n<meta property=\"og:locale\" content=\"es_ES\" \/>\n<meta property=\"og:type\" content=\"article\" \/>\n<meta property=\"og:title\" content=\"No habr\u00e1 salidas de esparcimiento en la provincia de Buenos Aires - Principios\" \/>\n<meta property=\"og:description\" content=\"La Ciudad de Buenos Aires y las provincias de Buenos Aires, C\u00f3rdoba y Santa Fe anunciaron en conjunto hoy que el aislamiento social, preventivo y obligatorio por el coronavirus sigue vigente y ratificaron que en los distritos con m\u00e1s de 500.000 habitantes no est\u00e1n autorizadas las salidas de esparcimiento en la nueva etapa de la...\" \/>\n<meta property=\"og:url\" content=\"https:\/\/diarioprincipios.com\/index.php\/2020\/04\/26\/no-habra-salidas-de-esparcimiento-en-la-provincia-de-buenos-aires\/\" \/>\n<meta property=\"og:site_name\" content=\"Principios\" \/>\n<meta property=\"article:published_time\" content=\"2020-04-26T23:33:36+00:00\" \/>\n<meta property=\"article:modified_time\" content=\"2020-04-26T23:34:09+00:00\" \/>\n<meta property=\"og:image\" content=\"https:\/\/diarioprincipios.com\/wp-content\/uploads\/2020\/04\/Main-banner-post-1.jpg\" \/>\n\t<meta property=\"og:image:width\" content=\"1200\" \/>\n\t<meta property=\"og:image:height\" content=\"558\" \/>\n\t<meta property=\"og:image:type\" content=\"image\/jpeg\" \/>\n<meta name=\"author\" content=\"Hern\u00e1n L\u00f3pez\" \/>\n<meta name=\"twitter:card\" content=\"summary_large_image\" \/>\n<meta name=\"twitter:label1\" content=\"Escrito por\" \/>\n\t<meta name=\"twitter:data1\" content=\"Hern\u00e1n L\u00f3pez\" \/>\n\t<meta name=\"twitter:label2\" content=\"Tiempo de lectura\" \/>\n\t<meta name=\"twitter:data2\" content=\"2 minutos\" \/>\n<script type=\"application\/ld+json\" class=\"yoast-schema-graph\">{\"@context\":\"https:\\\/\\\/schema.org\",\"@graph\":[{\"@type\":\"Article\",\"@id\":\"https:\\\/\\\/diarioprincipios.com\\\/index.php\\\/2020\\\/04\\\/26\\\/no-habra-salidas-de-esparcimiento-en-la-provincia-de-buenos-aires\\\/#article\",\"isPartOf\":{\"@id\":\"https:\\\/\\\/diarioprincipios.com\\\/index.php\\\/2020\\\/04\\\/26\\\/no-habra-salidas-de-esparcimiento-en-la-provincia-de-buenos-aires\\\/\"},\"author\":{\"name\":\"Hern\u00e1n L\u00f3pez\",\"@id\":\"https:\\\/\\\/diarioprincipios.com\\\/#\\\/schema\\\/person\\\/436d5a1fd41a5e250e23ff5a6a7cb080\"},\"headline\":\"No habr\u00e1 salidas de esparcimiento en la provincia de Buenos Aires\",\"datePublished\":\"2020-04-26T23:33:36+00:00\",\"dateModified\":\"2020-04-26T23:34:09+00:00\",\"mainEntityOfPage\":{\"@id\":\"https:\\\/\\\/diarioprincipios.com\\\/index.php\\\/2020\\\/04\\\/26\\\/no-habra-salidas-de-esparcimiento-en-la-provincia-de-buenos-aires\\\/\"},\"wordCount\":510,\"commentCount\":0,\"publisher\":{\"@id\":\"https:\\\/\\\/diarioprincipios.com\\\/#organization\"},\"image\":{\"@id\":\"https:\\\/\\\/diarioprincipios.com\\\/index.php\\\/2020\\\/04\\\/26\\\/no-habra-salidas-de-esparcimiento-en-la-provincia-de-buenos-aires\\\/#primaryimage\"},\"thumbnailUrl\":\"https:\\\/\\\/diarioprincipios.com\\\/wp-content\\\/uploads\\\/2020\\\/04\\\/Main-banner-post-1.jpg\",\"articleSection\":[\"Provincia\"],\"inLanguage\":\"es\",\"potentialAction\":[{\"@type\":\"CommentAction\",\"name\":\"Comment\",\"target\":[\"https:\\\/\\\/diarioprincipios.com\\\/index.php\\\/2020\\\/04\\\/26\\\/no-habra-salidas-de-esparcimiento-en-la-provincia-de-buenos-aires\\\/#respond\"]}]},{\"@type\":\"WebPage\",\"@id\":\"https:\\\/\\\/diarioprincipios.com\\\/index.php\\\/2020\\\/04\\\/26\\\/no-habra-salidas-de-esparcimiento-en-la-provincia-de-buenos-aires\\\/\",\"url\":\"https:\\\/\\\/diarioprincipios.com\\\/index.php\\\/2020\\\/04\\\/26\\\/no-habra-salidas-de-esparcimiento-en-la-provincia-de-buenos-aires\\\/\",\"name\":\"No habr\u00e1 salidas de esparcimiento en la provincia de Buenos Aires - Principios\",\"isPartOf\":{\"@id\":\"https:\\\/\\\/diarioprincipios.com\\\/#website\"},\"primaryImageOfPage\":{\"@id\":\"https:\\\/\\\/diarioprincipios.com\\\/index.php\\\/2020\\\/04\\\/26\\\/no-habra-salidas-de-esparcimiento-en-la-provincia-de-buenos-aires\\\/#primaryimage\"},\"image\":{\"@id\":\"https:\\\/\\\/diarioprincipios.com\\\/index.php\\\/2020\\\/04\\\/26\\\/no-habra-salidas-de-esparcimiento-en-la-provincia-de-buenos-aires\\\/#primaryimage\"},\"thumbnailUrl\":\"https:\\\/\\\/diarioprincipios.com\\\/wp-content\\\/uploads\\\/2020\\\/04\\\/Main-banner-post-1.jpg\",\"datePublished\":\"2020-04-26T23:33:36+00:00\",\"dateModified\":\"2020-04-26T23:34:09+00:00\",\"breadcrumb\":{\"@id\":\"https:\\\/\\\/diarioprincipios.com\\\/index.php\\\/2020\\\/04\\\/26\\\/no-habra-salidas-de-esparcimiento-en-la-provincia-de-buenos-aires\\\/#breadcrumb\"},\"inLanguage\":\"es\",\"potentialAction\":[{\"@type\":\"ReadAction\",\"target\":[\"https:\\\/\\\/diarioprincipios.com\\\/index.php\\\/2020\\\/04\\\/26\\\/no-habra-salidas-de-esparcimiento-en-la-provincia-de-buenos-aires\\\/\"]}]},{\"@type\":\"ImageObject\",\"inLanguage\":\"es\",\"@id\":\"https:\\\/\\\/diarioprincipios.com\\\/index.php\\\/2020\\\/04\\\/26\\\/no-habra-salidas-de-esparcimiento-en-la-provincia-de-buenos-aires\\\/#primaryimage\",\"url\":\"https:\\\/\\\/diarioprincipios.com\\\/wp-content\\\/uploads\\\/2020\\\/04\\\/Main-banner-post-1.jpg\",\"contentUrl\":\"https:\\\/\\\/diarioprincipios.com\\\/wp-content\\\/uploads\\\/2020\\\/04\\\/Main-banner-post-1.jpg\",\"width\":1200,\"height\":558},{\"@type\":\"BreadcrumbList\",\"@id\":\"https:\\\/\\\/diarioprincipios.com\\\/index.php\\\/2020\\\/04\\\/26\\\/no-habra-salidas-de-esparcimiento-en-la-provincia-de-buenos-aires\\\/#breadcrumb\",\"itemListElement\":[{\"@type\":\"ListItem\",\"position\":1,\"name\":\"Portada\",\"item\":\"https:\\\/\\\/diarioprincipios.com\\\/\"},{\"@type\":\"ListItem\",\"position\":2,\"name\":\"No habr\u00e1 salidas de esparcimiento en la provincia de Buenos Aires\"}]},{\"@type\":\"WebSite\",\"@id\":\"https:\\\/\\\/diarioprincipios.com\\\/#website\",\"url\":\"https:\\\/\\\/diarioprincipios.com\\\/\",\"name\":\"Principios\",\"description\":\"Principios Diario\",\"publisher\":{\"@id\":\"https:\\\/\\\/diarioprincipios.com\\\/#organization\"},\"potentialAction\":[{\"@type\":\"SearchAction\",\"target\":{\"@type\":\"EntryPoint\",\"urlTemplate\":\"https:\\\/\\\/diarioprincipios.com\\\/?s={search_term_string}\"},\"query-input\":{\"@type\":\"PropertyValueSpecification\",\"valueRequired\":true,\"valueName\":\"search_term_string\"}}],\"inLanguage\":\"es\"},{\"@type\":\"Organization\",\"@id\":\"https:\\\/\\\/diarioprincipios.com\\\/#organization\",\"name\":\"Principios\",\"url\":\"https:\\\/\\\/diarioprincipios.com\\\/\",\"logo\":{\"@type\":\"ImageObject\",\"inLanguage\":\"es\",\"@id\":\"https:\\\/\\\/diarioprincipios.com\\\/#\\\/schema\\\/logo\\\/image\\\/\",\"url\":\"https:\\\/\\\/diarioprincipios.com\\\/wp-content\\\/uploads\\\/2024\\\/04\\\/cropped-www.diarioprincipios.com_-1.png\",\"contentUrl\":\"https:\\\/\\\/diarioprincipios.com\\\/wp-content\\\/uploads\\\/2024\\\/04\\\/cropped-www.diarioprincipios.com_-1.png\",\"width\":5325,\"height\":1454,\"caption\":\"Principios\"},\"image\":{\"@id\":\"https:\\\/\\\/diarioprincipios.com\\\/#\\\/schema\\\/logo\\\/image\\\/\"}},{\"@type\":\"Person\",\"@id\":\"https:\\\/\\\/diarioprincipios.com\\\/#\\\/schema\\\/person\\\/436d5a1fd41a5e250e23ff5a6a7cb080\",\"name\":\"Hern\u00e1n L\u00f3pez\",\"image\":{\"@type\":\"ImageObject\",\"inLanguage\":\"es\",\"@id\":\"https:\\\/\\\/diarioprincipios.com\\\/wp-content\\\/litespeed\\\/avatar\\\/11ddfe5610ff3bd100522525b2571f48.jpg?ver=1777048341\",\"url\":\"https:\\\/\\\/diarioprincipios.com\\\/wp-content\\\/litespeed\\\/avatar\\\/11ddfe5610ff3bd100522525b2571f48.jpg?ver=1777048341\",\"contentUrl\":\"https:\\\/\\\/diarioprincipios.com\\\/wp-content\\\/litespeed\\\/avatar\\\/11ddfe5610ff3bd100522525b2571f48.jpg?ver=1777048341\",\"caption\":\"Hern\u00e1n L\u00f3pez\"},\"url\":\"https:\\\/\\\/diarioprincipios.com\\\/index.php\\\/author\\\/hernan\\\/\"}]}<\/script>\n<!-- \/ Yoast SEO plugin. -->","yoast_head_json":{"title":"No habr\u00e1 salidas de esparcimiento en la provincia de Buenos Aires - Principios","robots":{"index":"index","follow":"follow","max-snippet":"max-snippet:-1","max-image-preview":"max-image-preview:large","max-video-preview":"max-video-preview:-1"},"canonical":"https:\/\/diarioprincipios.com\/index.php\/2020\/04\/26\/no-habra-salidas-de-esparcimiento-en-la-provincia-de-buenos-aires\/","og_locale":"es_ES","og_type":"article","og_title":"No habr\u00e1 salidas de esparcimiento en la provincia de Buenos Aires - Principios","og_description":"La Ciudad de Buenos Aires y las provincias de Buenos Aires, C\u00f3rdoba y Santa Fe anunciaron en conjunto hoy que el aislamiento social, preventivo y obligatorio por el coronavirus sigue vigente y ratificaron que en los distritos con m\u00e1s de 500.000 habitantes no est\u00e1n autorizadas las salidas de esparcimiento en la nueva etapa de la...","og_url":"https:\/\/diarioprincipios.com\/index.php\/2020\/04\/26\/no-habra-salidas-de-esparcimiento-en-la-provincia-de-buenos-aires\/","og_site_name":"Principios","article_published_time":"2020-04-26T23:33:36+00:00","article_modified_time":"2020-04-26T23:34:09+00:00","og_image":[{"width":1200,"height":558,"url":"https:\/\/diarioprincipios.com\/wp-content\/uploads\/2020\/04\/Main-banner-post-1.jpg","type":"image\/jpeg"}],"author":"Hern\u00e1n L\u00f3pez","twitter_card":"summary_large_image","twitter_misc":{"Escrito por":"Hern\u00e1n L\u00f3pez","Tiempo de lectura":"2 minutos"},"schema":{"@context":"https:\/\/schema.org","@graph":[{"@type":"Article","@id":"https:\/\/diarioprincipios.com\/index.php\/2020\/04\/26\/no-habra-salidas-de-esparcimiento-en-la-provincia-de-buenos-aires\/#article","isPartOf":{"@id":"https:\/\/diarioprincipios.com\/index.php\/2020\/04\/26\/no-habra-salidas-de-esparcimiento-en-la-provincia-de-buenos-aires\/"},"author":{"name":"Hern\u00e1n L\u00f3pez","@id":"https:\/\/diarioprincipios.com\/#\/schema\/person\/436d5a1fd41a5e250e23ff5a6a7cb080"},"headline":"No habr\u00e1 salidas de esparcimiento en la provincia de Buenos Aires","datePublished":"2020-04-26T23:33:36+00:00","dateModified":"2020-04-26T23:34:09+00:00","mainEntityOfPage":{"@id":"https:\/\/diarioprincipios.com\/index.php\/2020\/04\/26\/no-habra-salidas-de-esparcimiento-en-la-provincia-de-buenos-aires\/"},"wordCount":510,"commentCount":0,"publisher":{"@id":"https:\/\/diarioprincipios.com\/#organization"},"image":{"@id":"https:\/\/diarioprincipios.com\/index.php\/2020\/04\/26\/no-habra-salidas-de-esparcimiento-en-la-provincia-de-buenos-aires\/#primaryimage"},"thumbnailUrl":"https:\/\/diarioprincipios.com\/wp-content\/uploads\/2020\/04\/Main-banner-post-1.jpg","articleSection":["Provincia"],"inLanguage":"es","potentialAction":[{"@type":"CommentAction","name":"Comment","target":["https:\/\/diarioprincipios.com\/index.php\/2020\/04\/26\/no-habra-salidas-de-esparcimiento-en-la-provincia-de-buenos-aires\/#respond"]}]},{"@type":"WebPage","@id":"https:\/\/diarioprincipios.com\/index.php\/2020\/04\/26\/no-habra-salidas-de-esparcimiento-en-la-provincia-de-buenos-aires\/","url":"https:\/\/diarioprincipios.com\/index.php\/2020\/04\/26\/no-habra-salidas-de-esparcimiento-en-la-provincia-de-buenos-aires\/","name":"No habr\u00e1 salidas de esparcimiento en la provincia de Buenos Aires - Principios","isPartOf":{"@id":"https:\/\/diarioprincipios.com\/#website"},"primaryImageOfPage":{"@id":"https:\/\/diarioprincipios.com\/index.php\/2020\/04\/26\/no-habra-salidas-de-esparcimiento-en-la-provincia-de-buenos-aires\/#primaryimage"},"image":{"@id":"https:\/\/diarioprincipios.com\/index.php\/2020\/04\/26\/no-habra-salidas-de-esparcimiento-en-la-provincia-de-buenos-aires\/#primaryimage"},"thumbnailUrl":"https:\/\/diarioprincipios.com\/wp-content\/uploads\/2020\/04\/Main-banner-post-1.jpg","datePublished":"2020-04-26T23:33:36+00:00","dateModified":"2020-04-26T23:34:09+00:00","breadcrumb":{"@id":"https:\/\/diarioprincipios.com\/index.php\/2020\/04\/26\/no-habra-salidas-de-esparcimiento-en-la-provincia-de-buenos-aires\/#breadcrumb"},"inLanguage":"es","potentialAction":[{"@type":"ReadAction","target":["https:\/\/diarioprincipios.com\/index.php\/2020\/04\/26\/no-habra-salidas-de-esparcimiento-en-la-provincia-de-buenos-aires\/"]}]},{"@type":"ImageObject","inLanguage":"es","@id":"https:\/\/diarioprincipios.com\/index.php\/2020\/04\/26\/no-habra-salidas-de-esparcimiento-en-la-provincia-de-buenos-aires\/#primaryimage","url":"https:\/\/diarioprincipios.com\/wp-content\/uploads\/2020\/04\/Main-banner-post-1.jpg","contentUrl":"https:\/\/diarioprincipios.com\/wp-content\/uploads\/2020\/04\/Main-banner-post-1.jpg","width":1200,"height":558},{"@type":"BreadcrumbList","@id":"https:\/\/diarioprincipios.com\/index.php\/2020\/04\/26\/no-habra-salidas-de-esparcimiento-en-la-provincia-de-buenos-aires\/#breadcrumb","itemListElement":[{"@type":"ListItem","position":1,"name":"Portada","item":"https:\/\/diarioprincipios.com\/"},{"@type":"ListItem","position":2,"name":"No habr\u00e1 salidas de esparcimiento en la provincia de Buenos Aires"}]},{"@type":"WebSite","@id":"https:\/\/diarioprincipios.com\/#website","url":"https:\/\/diarioprincipios.com\/","name":"Principios","description":"Principios Diario","publisher":{"@id":"https:\/\/diarioprincipios.com\/#organization"},"potentialAction":[{"@type":"SearchAction","target":{"@type":"EntryPoint","urlTemplate":"https:\/\/diarioprincipios.com\/?s={search_term_string}"},"query-input":{"@type":"PropertyValueSpecification","valueRequired":true,"valueName":"search_term_string"}}],"inLanguage":"es"},{"@type":"Organization","@id":"https:\/\/diarioprincipios.com\/#organization","name":"Principios","url":"https:\/\/diarioprincipios.com\/","logo":{"@type":"ImageObject","inLanguage":"es","@id":"https:\/\/diarioprincipios.com\/#\/schema\/logo\/image\/","url":"https:\/\/diarioprincipios.com\/wp-content\/uploads\/2024\/04\/cropped-www.diarioprincipios.com_-1.png","contentUrl":"https:\/\/diarioprincipios.com\/wp-content\/uploads\/2024\/04\/cropped-www.diarioprincipios.com_-1.png","width":5325,"height":1454,"caption":"Principios"},"image":{"@id":"https:\/\/diarioprincipios.com\/#\/schema\/logo\/image\/"}},{"@type":"Person","@id":"https:\/\/diarioprincipios.com\/#\/schema\/person\/436d5a1fd41a5e250e23ff5a6a7cb080","name":"Hern\u00e1n L\u00f3pez","image":{"@type":"ImageObject","inLanguage":"es","@id":"https:\/\/diarioprincipios.com\/wp-content\/litespeed\/avatar\/11ddfe5610ff3bd100522525b2571f48.jpg?ver=1777048341","url":"https:\/\/diarioprincipios.com\/wp-content\/litespeed\/avatar\/11ddfe5610ff3bd100522525b2571f48.jpg?ver=1777048341","contentUrl":"https:\/\/diarioprincipios.com\/wp-content\/litespeed\/avatar\/11ddfe5610ff3bd100522525b2571f48.jpg?ver=1777048341","caption":"Hern\u00e1n L\u00f3pez"},"url":"https:\/\/diarioprincipios.com\/index.php\/author\/hernan\/"}]}},"jetpack_featured_media_url":"https:\/\/diarioprincipios.com\/wp-content\/uploads\/2020\/04\/Main-banner-post-1.jpg","_links":{"self":[{"href":"https:\/\/diarioprincipios.com\/index.php\/wp-json\/wp\/v2\/posts\/973","targetHints":{"allow":["GET"]}}],"collection":[{"href":"https:\/\/diarioprincipios.com\/index.php\/wp-json\/wp\/v2\/posts"}],"about":[{"href":"https:\/\/diarioprincipios.com\/index.php\/wp-json\/wp\/v2\/types\/post"}],"author":[{"embeddable":true,"href":"https:\/\/diarioprincipios.com\/index.php\/wp-json\/wp\/v2\/users\/2"}],"replies":[{"embeddable":true,"href":"https:\/\/diarioprincipios.com\/index.php\/wp-json\/wp\/v2\/comments?post=973"}],"version-history":[{"count":1,"href":"https:\/\/diarioprincipios.com\/index.php\/wp-json\/wp\/v2\/posts\/973\/revisions"}],"predecessor-version":[{"id":975,"href":"https:\/\/diarioprincipios.com\/index.php\/wp-json\/wp\/v2\/posts\/973\/revisions\/975"}],"wp:featuredmedia":[{"embeddable":true,"href":"https:\/\/diarioprincipios.com\/index.php\/wp-json\/wp\/v2\/media\/974"}],"wp:attachment":[{"href":"https:\/\/diarioprincipios.com\/index.php\/wp-json\/wp\/v2\/media?parent=973"}],"wp:term":[{"taxonomy":"category","embeddable":true,"href":"https:\/\/diarioprincipios.com\/index.php\/wp-json\/wp\/v2\/categories?post=973"},{"taxonomy":"post_tag","embeddable":true,"href":"https:\/\/diarioprincipios.com\/index.php\/wp-json\/wp\/v2\/tags?post=973"}],"curies":[{"name":"wp","href":"https:\/\/api.w.org\/{rel}","templated":true}]}}