{"id":9609,"date":"2021-04-23T09:42:58","date_gmt":"2021-04-23T12:42:58","guid":{"rendered":"http:\/\/diarioprincipios.com\/?p=9609"},"modified":"2021-04-23T09:43:02","modified_gmt":"2021-04-23T12:43:02","slug":"bacheo-en-quilmes-centro-y-limpieza-de-arroyos-en-la-zona-oeste","status":"publish","type":"post","link":"https:\/\/diarioprincipios.com\/index.php\/2021\/04\/23\/bacheo-en-quilmes-centro-y-limpieza-de-arroyos-en-la-zona-oeste\/","title":{"rendered":"Bacheo en Quilmes Centro y limpieza de Arroyos en la Zona Oeste"},"content":{"rendered":"\n<p>El Municipio de Quilmes inform\u00f3 que contin\u00faan los operativos de higiene urbana, limpieza de arroyos, levantamiento de ramas y mont\u00edculos, bacheo y saneamiento h\u00eddrico en todo el distrito, en el marco del programa Quilmes Limpio, uno de los 22 compromisos de gesti\u00f3n que asumi\u00f3 la intendenta Mayra Mendoza, de aqu\u00ed a 2023.<\/p>\n\n\n\n<p>Durante la jornada, personal de la Secretar\u00eda de Servicios P\u00fablicos, a cargo de \u00c1ngel Garc\u00eda, realiz\u00f3 tareas de bacheo y reparaci\u00f3n de carpeta asf\u00e1ltica en dos intersecciones del centro de Quilmes: Lavalle y Garibaldi, y Alsina y San Mart\u00edn.<\/p>\n\n\n\n<p>En tanto, siguen adelante los trabajos de limpieza de los arroyos. En este caso, con maquinaria pesada, camiones y bateas, se ejecutaron acciones en el arroyo Las Piedras, en su cruce con calle 850, de San Francisco Solano y siguientes puentes; como as\u00ed tambi\u00e9n en Mauri\u00f1o y el arroyo Las Piedras, de Bernal Oeste.<\/p>\n\n\n\n<p><strong>Higiene urbana<\/strong><\/p>\n\n\n\n<p>A su vez, se hizo el levantamiento de mont\u00edculos en ambas manos del Acceso Sudeste, en Bernal Oeste; en avenida 844 y calle 887, en Monteverde y 873 bis, en 842 y Camino General Belgrano, y en Camino General Belgrano desde Monteverde hasta avenida 12 de Octubre, en San Francisco Solano y en Quilmes Oeste.<\/p>\n\n\n\n<p>Misma tarea m\u00e1s la limpieza de los roll off se realiz\u00f3 en calle 812 y 878, de Quilmes Oeste y en calle 816 y 885, del barrio La Matera, y sobre Camino General Belgrano desde 12 de Octubre hasta la Rotonda de Pasco.<\/p>\n\n\n\n<p>Adem\u00e1s, se procedi\u00f3 a la limpieza de microbasurales y de tachos roll off en la zona de Rep\u00fablica de Francia a Smith y de Centenario a avenida La Plata, en Ezpeleta Oeste; en el per\u00edmetro de Lamadrid a Zapiola y de avenida Calchaqu\u00ed a Dardo Rocha, de Bernal Oeste<\/p>\n\n\n\n<p>En cuanto a corte de pasto, desmalezado y levantamiento de ramas, intensas tareas se llevaron a cabo en el&nbsp; Cementerio Municipal, en avenida Mitre y Laguarda, de Ezpeleta Este; sobre la avenida Hip\u00f3lito Yrigoyen desde Dorrego hasta Laguarda; y en el CIC Santo Domingo y alrededores; en la calle General \u00c1lvarez entre Bermejo y Pilcomayo, de Bernal Oeste.<\/p>\n\n\n\n<p>Lo mismo ocurri\u00f3 en avenida La Plata entre Florencio Varela y Rep\u00fablica de Cuba, en Ezpeleta Oeste; y en el sector comprendido por avenida La Plata a Mart\u00edn Rodr\u00edguez, de 12 de Octubre a Amoedo, de avenida La Plata a Mart\u00edn Rodr\u00edguez y de Amoedo a Triunvirato.<\/p>\n\n\n\n<p><strong>Saneamiento h\u00eddrico<\/strong><\/p>\n\n\n\n<p><\/p>\n\n\n\n<figure class=\"wp-block-image size-large\"><img loading=\"lazy\" decoding=\"async\" width=\"800\" height=\"533\" src=\"https:\/\/diarioprincipios.com\/wp-content\/uploads\/2021\/04\/SSPP-22-4-3.jpg\" alt=\"\" class=\"wp-image-9611\" srcset=\"https:\/\/diarioprincipios.com\/wp-content\/uploads\/2021\/04\/SSPP-22-4-3.jpg 800w, https:\/\/diarioprincipios.com\/wp-content\/uploads\/2021\/04\/SSPP-22-4-3-300x200.jpg 300w, https:\/\/diarioprincipios.com\/wp-content\/uploads\/2021\/04\/SSPP-22-4-3-768x512.jpg 768w\" sizes=\"auto, (max-width: 800px) 100vw, 800px\" \/><\/figure>\n\n\n\n<p>Por su parte, la Subsecretar\u00eda de Agua, Cloacas y Saneamiento H\u00eddrico, trabaj\u00f3 en el cambio de ca\u00f1er\u00eda en cruce de calle, correcci\u00f3n de niveles existente y rectificado de zanjas en el barrio 24 de Diciembre, en Ezpeleta Oeste.<\/p>\n\n\n\n<p>A su vez, se repar\u00f3 una p\u00e9rdida de agua en la calle Julio Cort\u00e1zar entre Bermejo y Pilcomayo, del barrio Villa Itat\u00ed; se reconstruyeron sumideros, se hizo zanjeo y cambio de ca\u00f1er\u00eda cloacal en Victorica y arroyo Santo Domingo, de Bernal Oeste.<\/p>\n\n\n\n<p>Por \u00faltimo, se desobstruyeron cloacas en el barrio Los \u00c1lamos, de Ezpeleta Oeste; en Don Bosco; Bernal Oeste y Quilmes Oeste; y se control\u00f3 el nivel de napas y el funcionamiento de las estaciones de bombeo Victorica, La Ponderosa, Novak, La Odisea, Villa Alcira y Villa Luj\u00e1n.<\/p>\n","protected":false},"excerpt":{"rendered":"<p>El Municipio de Quilmes inform\u00f3 que contin\u00faan los operativos de higiene urbana, limpieza de arroyos, levantamiento de ramas y mont\u00edculos, bacheo y saneamiento h\u00eddrico en todo el distrito, en el marco del programa Quilmes Limpio, uno de los 22 compromisos de gesti\u00f3n que asumi\u00f3 la intendenta Mayra Mendoza, de aqu\u00ed a 2023. Durante la jornada,&#8230;<\/p>\n","protected":false},"author":2,"featured_media":9610,"comment_status":"open","ping_status":"open","sticky":false,"template":"","format":"standard","meta":{"footnotes":""},"categories":[4],"tags":[],"class_list":["post-9609","post","type-post","status-publish","format-standard","has-post-thumbnail","hentry","category-quilmes"],"featured_image_src":"https:\/\/diarioprincipios.com\/wp-content\/uploads\/2021\/04\/SSPP-22-4-1.jpg","blog_images":{"medium":"https:\/\/diarioprincipios.com\/wp-content\/uploads\/2021\/04\/SSPP-22-4-1-300x200.jpg","large":"https:\/\/diarioprincipios.com\/wp-content\/uploads\/2021\/04\/SSPP-22-4-1.jpg"},"ams_acf":[],"yoast_head":"<!-- This site is optimized with the Yoast SEO plugin v27.3 - https:\/\/yoast.com\/product\/yoast-seo-wordpress\/ -->\n<title>Bacheo en Quilmes Centro y limpieza de Arroyos en la Zona Oeste - Principios<\/title>\n<meta name=\"robots\" content=\"index, follow, max-snippet:-1, max-image-preview:large, max-video-preview:-1\" \/>\n<link rel=\"canonical\" href=\"https:\/\/diarioprincipios.com\/index.php\/2021\/04\/23\/bacheo-en-quilmes-centro-y-limpieza-de-arroyos-en-la-zona-oeste\/\" \/>\n<meta property=\"og:locale\" content=\"es_ES\" \/>\n<meta property=\"og:type\" content=\"article\" \/>\n<meta property=\"og:title\" content=\"Bacheo en Quilmes Centro y limpieza de Arroyos en la Zona Oeste - Principios\" \/>\n<meta property=\"og:description\" content=\"El Municipio de Quilmes inform\u00f3 que contin\u00faan los operativos de higiene urbana, limpieza de arroyos, levantamiento de ramas y mont\u00edculos, bacheo y saneamiento h\u00eddrico en todo el distrito, en el marco del programa Quilmes Limpio, uno de los 22 compromisos de gesti\u00f3n que asumi\u00f3 la intendenta Mayra Mendoza, de aqu\u00ed a 2023. Durante la jornada,...\" \/>\n<meta property=\"og:url\" content=\"https:\/\/diarioprincipios.com\/index.php\/2021\/04\/23\/bacheo-en-quilmes-centro-y-limpieza-de-arroyos-en-la-zona-oeste\/\" \/>\n<meta property=\"og:site_name\" content=\"Principios\" \/>\n<meta property=\"article:published_time\" content=\"2021-04-23T12:42:58+00:00\" \/>\n<meta property=\"article:modified_time\" content=\"2021-04-23T12:43:02+00:00\" \/>\n<meta property=\"og:image\" content=\"https:\/\/diarioprincipios.com\/wp-content\/uploads\/2021\/04\/SSPP-22-4-1.jpg\" \/>\n\t<meta property=\"og:image:width\" content=\"800\" \/>\n\t<meta property=\"og:image:height\" content=\"533\" \/>\n\t<meta property=\"og:image:type\" content=\"image\/jpeg\" \/>\n<meta name=\"author\" content=\"Hern\u00e1n L\u00f3pez\" \/>\n<meta name=\"twitter:card\" content=\"summary_large_image\" \/>\n<meta name=\"twitter:label1\" content=\"Escrito por\" \/>\n\t<meta name=\"twitter:data1\" content=\"Hern\u00e1n L\u00f3pez\" \/>\n\t<meta name=\"twitter:label2\" content=\"Tiempo de lectura\" \/>\n\t<meta name=\"twitter:data2\" content=\"3 minutos\" \/>\n<script type=\"application\/ld+json\" class=\"yoast-schema-graph\">{\"@context\":\"https:\\\/\\\/schema.org\",\"@graph\":[{\"@type\":\"Article\",\"@id\":\"https:\\\/\\\/diarioprincipios.com\\\/index.php\\\/2021\\\/04\\\/23\\\/bacheo-en-quilmes-centro-y-limpieza-de-arroyos-en-la-zona-oeste\\\/#article\",\"isPartOf\":{\"@id\":\"https:\\\/\\\/diarioprincipios.com\\\/index.php\\\/2021\\\/04\\\/23\\\/bacheo-en-quilmes-centro-y-limpieza-de-arroyos-en-la-zona-oeste\\\/\"},\"author\":{\"name\":\"Hern\u00e1n L\u00f3pez\",\"@id\":\"https:\\\/\\\/diarioprincipios.com\\\/#\\\/schema\\\/person\\\/436d5a1fd41a5e250e23ff5a6a7cb080\"},\"headline\":\"Bacheo en Quilmes Centro y limpieza de Arroyos en la Zona Oeste\",\"datePublished\":\"2021-04-23T12:42:58+00:00\",\"dateModified\":\"2021-04-23T12:43:02+00:00\",\"mainEntityOfPage\":{\"@id\":\"https:\\\/\\\/diarioprincipios.com\\\/index.php\\\/2021\\\/04\\\/23\\\/bacheo-en-quilmes-centro-y-limpieza-de-arroyos-en-la-zona-oeste\\\/\"},\"wordCount\":560,\"commentCount\":0,\"publisher\":{\"@id\":\"https:\\\/\\\/diarioprincipios.com\\\/#organization\"},\"image\":{\"@id\":\"https:\\\/\\\/diarioprincipios.com\\\/index.php\\\/2021\\\/04\\\/23\\\/bacheo-en-quilmes-centro-y-limpieza-de-arroyos-en-la-zona-oeste\\\/#primaryimage\"},\"thumbnailUrl\":\"https:\\\/\\\/diarioprincipios.com\\\/wp-content\\\/uploads\\\/2021\\\/04\\\/SSPP-22-4-1.jpg\",\"articleSection\":[\"Quilmes\"],\"inLanguage\":\"es\",\"potentialAction\":[{\"@type\":\"CommentAction\",\"name\":\"Comment\",\"target\":[\"https:\\\/\\\/diarioprincipios.com\\\/index.php\\\/2021\\\/04\\\/23\\\/bacheo-en-quilmes-centro-y-limpieza-de-arroyos-en-la-zona-oeste\\\/#respond\"]}]},{\"@type\":\"WebPage\",\"@id\":\"https:\\\/\\\/diarioprincipios.com\\\/index.php\\\/2021\\\/04\\\/23\\\/bacheo-en-quilmes-centro-y-limpieza-de-arroyos-en-la-zona-oeste\\\/\",\"url\":\"https:\\\/\\\/diarioprincipios.com\\\/index.php\\\/2021\\\/04\\\/23\\\/bacheo-en-quilmes-centro-y-limpieza-de-arroyos-en-la-zona-oeste\\\/\",\"name\":\"Bacheo en Quilmes Centro y limpieza de Arroyos en la Zona Oeste - Principios\",\"isPartOf\":{\"@id\":\"https:\\\/\\\/diarioprincipios.com\\\/#website\"},\"primaryImageOfPage\":{\"@id\":\"https:\\\/\\\/diarioprincipios.com\\\/index.php\\\/2021\\\/04\\\/23\\\/bacheo-en-quilmes-centro-y-limpieza-de-arroyos-en-la-zona-oeste\\\/#primaryimage\"},\"image\":{\"@id\":\"https:\\\/\\\/diarioprincipios.com\\\/index.php\\\/2021\\\/04\\\/23\\\/bacheo-en-quilmes-centro-y-limpieza-de-arroyos-en-la-zona-oeste\\\/#primaryimage\"},\"thumbnailUrl\":\"https:\\\/\\\/diarioprincipios.com\\\/wp-content\\\/uploads\\\/2021\\\/04\\\/SSPP-22-4-1.jpg\",\"datePublished\":\"2021-04-23T12:42:58+00:00\",\"dateModified\":\"2021-04-23T12:43:02+00:00\",\"breadcrumb\":{\"@id\":\"https:\\\/\\\/diarioprincipios.com\\\/index.php\\\/2021\\\/04\\\/23\\\/bacheo-en-quilmes-centro-y-limpieza-de-arroyos-en-la-zona-oeste\\\/#breadcrumb\"},\"inLanguage\":\"es\",\"potentialAction\":[{\"@type\":\"ReadAction\",\"target\":[\"https:\\\/\\\/diarioprincipios.com\\\/index.php\\\/2021\\\/04\\\/23\\\/bacheo-en-quilmes-centro-y-limpieza-de-arroyos-en-la-zona-oeste\\\/\"]}]},{\"@type\":\"ImageObject\",\"inLanguage\":\"es\",\"@id\":\"https:\\\/\\\/diarioprincipios.com\\\/index.php\\\/2021\\\/04\\\/23\\\/bacheo-en-quilmes-centro-y-limpieza-de-arroyos-en-la-zona-oeste\\\/#primaryimage\",\"url\":\"https:\\\/\\\/diarioprincipios.com\\\/wp-content\\\/uploads\\\/2021\\\/04\\\/SSPP-22-4-1.jpg\",\"contentUrl\":\"https:\\\/\\\/diarioprincipios.com\\\/wp-content\\\/uploads\\\/2021\\\/04\\\/SSPP-22-4-1.jpg\",\"width\":800,\"height\":533},{\"@type\":\"BreadcrumbList\",\"@id\":\"https:\\\/\\\/diarioprincipios.com\\\/index.php\\\/2021\\\/04\\\/23\\\/bacheo-en-quilmes-centro-y-limpieza-de-arroyos-en-la-zona-oeste\\\/#breadcrumb\",\"itemListElement\":[{\"@type\":\"ListItem\",\"position\":1,\"name\":\"Portada\",\"item\":\"https:\\\/\\\/diarioprincipios.com\\\/\"},{\"@type\":\"ListItem\",\"position\":2,\"name\":\"Bacheo en Quilmes Centro y limpieza de Arroyos en la Zona Oeste\"}]},{\"@type\":\"WebSite\",\"@id\":\"https:\\\/\\\/diarioprincipios.com\\\/#website\",\"url\":\"https:\\\/\\\/diarioprincipios.com\\\/\",\"name\":\"Principios\",\"description\":\"Principios Diario\",\"publisher\":{\"@id\":\"https:\\\/\\\/diarioprincipios.com\\\/#organization\"},\"potentialAction\":[{\"@type\":\"SearchAction\",\"target\":{\"@type\":\"EntryPoint\",\"urlTemplate\":\"https:\\\/\\\/diarioprincipios.com\\\/?s={search_term_string}\"},\"query-input\":{\"@type\":\"PropertyValueSpecification\",\"valueRequired\":true,\"valueName\":\"search_term_string\"}}],\"inLanguage\":\"es\"},{\"@type\":\"Organization\",\"@id\":\"https:\\\/\\\/diarioprincipios.com\\\/#organization\",\"name\":\"Principios\",\"url\":\"https:\\\/\\\/diarioprincipios.com\\\/\",\"logo\":{\"@type\":\"ImageObject\",\"inLanguage\":\"es\",\"@id\":\"https:\\\/\\\/diarioprincipios.com\\\/#\\\/schema\\\/logo\\\/image\\\/\",\"url\":\"https:\\\/\\\/diarioprincipios.com\\\/wp-content\\\/uploads\\\/2024\\\/04\\\/cropped-www.diarioprincipios.com_-1.png\",\"contentUrl\":\"https:\\\/\\\/diarioprincipios.com\\\/wp-content\\\/uploads\\\/2024\\\/04\\\/cropped-www.diarioprincipios.com_-1.png\",\"width\":5325,\"height\":1454,\"caption\":\"Principios\"},\"image\":{\"@id\":\"https:\\\/\\\/diarioprincipios.com\\\/#\\\/schema\\\/logo\\\/image\\\/\"}},{\"@type\":\"Person\",\"@id\":\"https:\\\/\\\/diarioprincipios.com\\\/#\\\/schema\\\/person\\\/436d5a1fd41a5e250e23ff5a6a7cb080\",\"name\":\"Hern\u00e1n L\u00f3pez\",\"image\":{\"@type\":\"ImageObject\",\"inLanguage\":\"es\",\"@id\":\"https:\\\/\\\/diarioprincipios.com\\\/wp-content\\\/litespeed\\\/avatar\\\/11ddfe5610ff3bd100522525b2571f48.jpg?ver=1777048341\",\"url\":\"https:\\\/\\\/diarioprincipios.com\\\/wp-content\\\/litespeed\\\/avatar\\\/11ddfe5610ff3bd100522525b2571f48.jpg?ver=1777048341\",\"contentUrl\":\"https:\\\/\\\/diarioprincipios.com\\\/wp-content\\\/litespeed\\\/avatar\\\/11ddfe5610ff3bd100522525b2571f48.jpg?ver=1777048341\",\"caption\":\"Hern\u00e1n L\u00f3pez\"},\"url\":\"https:\\\/\\\/diarioprincipios.com\\\/index.php\\\/author\\\/hernan\\\/\"}]}<\/script>\n<!-- \/ Yoast SEO plugin. -->","yoast_head_json":{"title":"Bacheo en Quilmes Centro y limpieza de Arroyos en la Zona Oeste - Principios","robots":{"index":"index","follow":"follow","max-snippet":"max-snippet:-1","max-image-preview":"max-image-preview:large","max-video-preview":"max-video-preview:-1"},"canonical":"https:\/\/diarioprincipios.com\/index.php\/2021\/04\/23\/bacheo-en-quilmes-centro-y-limpieza-de-arroyos-en-la-zona-oeste\/","og_locale":"es_ES","og_type":"article","og_title":"Bacheo en Quilmes Centro y limpieza de Arroyos en la Zona Oeste - Principios","og_description":"El Municipio de Quilmes inform\u00f3 que contin\u00faan los operativos de higiene urbana, limpieza de arroyos, levantamiento de ramas y mont\u00edculos, bacheo y saneamiento h\u00eddrico en todo el distrito, en el marco del programa Quilmes Limpio, uno de los 22 compromisos de gesti\u00f3n que asumi\u00f3 la intendenta Mayra Mendoza, de aqu\u00ed a 2023. Durante la jornada,...","og_url":"https:\/\/diarioprincipios.com\/index.php\/2021\/04\/23\/bacheo-en-quilmes-centro-y-limpieza-de-arroyos-en-la-zona-oeste\/","og_site_name":"Principios","article_published_time":"2021-04-23T12:42:58+00:00","article_modified_time":"2021-04-23T12:43:02+00:00","og_image":[{"width":800,"height":533,"url":"https:\/\/diarioprincipios.com\/wp-content\/uploads\/2021\/04\/SSPP-22-4-1.jpg","type":"image\/jpeg"}],"author":"Hern\u00e1n L\u00f3pez","twitter_card":"summary_large_image","twitter_misc":{"Escrito por":"Hern\u00e1n L\u00f3pez","Tiempo de lectura":"3 minutos"},"schema":{"@context":"https:\/\/schema.org","@graph":[{"@type":"Article","@id":"https:\/\/diarioprincipios.com\/index.php\/2021\/04\/23\/bacheo-en-quilmes-centro-y-limpieza-de-arroyos-en-la-zona-oeste\/#article","isPartOf":{"@id":"https:\/\/diarioprincipios.com\/index.php\/2021\/04\/23\/bacheo-en-quilmes-centro-y-limpieza-de-arroyos-en-la-zona-oeste\/"},"author":{"name":"Hern\u00e1n L\u00f3pez","@id":"https:\/\/diarioprincipios.com\/#\/schema\/person\/436d5a1fd41a5e250e23ff5a6a7cb080"},"headline":"Bacheo en Quilmes Centro y limpieza de Arroyos en la Zona Oeste","datePublished":"2021-04-23T12:42:58+00:00","dateModified":"2021-04-23T12:43:02+00:00","mainEntityOfPage":{"@id":"https:\/\/diarioprincipios.com\/index.php\/2021\/04\/23\/bacheo-en-quilmes-centro-y-limpieza-de-arroyos-en-la-zona-oeste\/"},"wordCount":560,"commentCount":0,"publisher":{"@id":"https:\/\/diarioprincipios.com\/#organization"},"image":{"@id":"https:\/\/diarioprincipios.com\/index.php\/2021\/04\/23\/bacheo-en-quilmes-centro-y-limpieza-de-arroyos-en-la-zona-oeste\/#primaryimage"},"thumbnailUrl":"https:\/\/diarioprincipios.com\/wp-content\/uploads\/2021\/04\/SSPP-22-4-1.jpg","articleSection":["Quilmes"],"inLanguage":"es","potentialAction":[{"@type":"CommentAction","name":"Comment","target":["https:\/\/diarioprincipios.com\/index.php\/2021\/04\/23\/bacheo-en-quilmes-centro-y-limpieza-de-arroyos-en-la-zona-oeste\/#respond"]}]},{"@type":"WebPage","@id":"https:\/\/diarioprincipios.com\/index.php\/2021\/04\/23\/bacheo-en-quilmes-centro-y-limpieza-de-arroyos-en-la-zona-oeste\/","url":"https:\/\/diarioprincipios.com\/index.php\/2021\/04\/23\/bacheo-en-quilmes-centro-y-limpieza-de-arroyos-en-la-zona-oeste\/","name":"Bacheo en Quilmes Centro y limpieza de Arroyos en la Zona Oeste - Principios","isPartOf":{"@id":"https:\/\/diarioprincipios.com\/#website"},"primaryImageOfPage":{"@id":"https:\/\/diarioprincipios.com\/index.php\/2021\/04\/23\/bacheo-en-quilmes-centro-y-limpieza-de-arroyos-en-la-zona-oeste\/#primaryimage"},"image":{"@id":"https:\/\/diarioprincipios.com\/index.php\/2021\/04\/23\/bacheo-en-quilmes-centro-y-limpieza-de-arroyos-en-la-zona-oeste\/#primaryimage"},"thumbnailUrl":"https:\/\/diarioprincipios.com\/wp-content\/uploads\/2021\/04\/SSPP-22-4-1.jpg","datePublished":"2021-04-23T12:42:58+00:00","dateModified":"2021-04-23T12:43:02+00:00","breadcrumb":{"@id":"https:\/\/diarioprincipios.com\/index.php\/2021\/04\/23\/bacheo-en-quilmes-centro-y-limpieza-de-arroyos-en-la-zona-oeste\/#breadcrumb"},"inLanguage":"es","potentialAction":[{"@type":"ReadAction","target":["https:\/\/diarioprincipios.com\/index.php\/2021\/04\/23\/bacheo-en-quilmes-centro-y-limpieza-de-arroyos-en-la-zona-oeste\/"]}]},{"@type":"ImageObject","inLanguage":"es","@id":"https:\/\/diarioprincipios.com\/index.php\/2021\/04\/23\/bacheo-en-quilmes-centro-y-limpieza-de-arroyos-en-la-zona-oeste\/#primaryimage","url":"https:\/\/diarioprincipios.com\/wp-content\/uploads\/2021\/04\/SSPP-22-4-1.jpg","contentUrl":"https:\/\/diarioprincipios.com\/wp-content\/uploads\/2021\/04\/SSPP-22-4-1.jpg","width":800,"height":533},{"@type":"BreadcrumbList","@id":"https:\/\/diarioprincipios.com\/index.php\/2021\/04\/23\/bacheo-en-quilmes-centro-y-limpieza-de-arroyos-en-la-zona-oeste\/#breadcrumb","itemListElement":[{"@type":"ListItem","position":1,"name":"Portada","item":"https:\/\/diarioprincipios.com\/"},{"@type":"ListItem","position":2,"name":"Bacheo en Quilmes Centro y limpieza de Arroyos en la Zona Oeste"}]},{"@type":"WebSite","@id":"https:\/\/diarioprincipios.com\/#website","url":"https:\/\/diarioprincipios.com\/","name":"Principios","description":"Principios Diario","publisher":{"@id":"https:\/\/diarioprincipios.com\/#organization"},"potentialAction":[{"@type":"SearchAction","target":{"@type":"EntryPoint","urlTemplate":"https:\/\/diarioprincipios.com\/?s={search_term_string}"},"query-input":{"@type":"PropertyValueSpecification","valueRequired":true,"valueName":"search_term_string"}}],"inLanguage":"es"},{"@type":"Organization","@id":"https:\/\/diarioprincipios.com\/#organization","name":"Principios","url":"https:\/\/diarioprincipios.com\/","logo":{"@type":"ImageObject","inLanguage":"es","@id":"https:\/\/diarioprincipios.com\/#\/schema\/logo\/image\/","url":"https:\/\/diarioprincipios.com\/wp-content\/uploads\/2024\/04\/cropped-www.diarioprincipios.com_-1.png","contentUrl":"https:\/\/diarioprincipios.com\/wp-content\/uploads\/2024\/04\/cropped-www.diarioprincipios.com_-1.png","width":5325,"height":1454,"caption":"Principios"},"image":{"@id":"https:\/\/diarioprincipios.com\/#\/schema\/logo\/image\/"}},{"@type":"Person","@id":"https:\/\/diarioprincipios.com\/#\/schema\/person\/436d5a1fd41a5e250e23ff5a6a7cb080","name":"Hern\u00e1n L\u00f3pez","image":{"@type":"ImageObject","inLanguage":"es","@id":"https:\/\/diarioprincipios.com\/wp-content\/litespeed\/avatar\/11ddfe5610ff3bd100522525b2571f48.jpg?ver=1777048341","url":"https:\/\/diarioprincipios.com\/wp-content\/litespeed\/avatar\/11ddfe5610ff3bd100522525b2571f48.jpg?ver=1777048341","contentUrl":"https:\/\/diarioprincipios.com\/wp-content\/litespeed\/avatar\/11ddfe5610ff3bd100522525b2571f48.jpg?ver=1777048341","caption":"Hern\u00e1n L\u00f3pez"},"url":"https:\/\/diarioprincipios.com\/index.php\/author\/hernan\/"}]}},"jetpack_featured_media_url":"https:\/\/diarioprincipios.com\/wp-content\/uploads\/2021\/04\/SSPP-22-4-1.jpg","_links":{"self":[{"href":"https:\/\/diarioprincipios.com\/index.php\/wp-json\/wp\/v2\/posts\/9609","targetHints":{"allow":["GET"]}}],"collection":[{"href":"https:\/\/diarioprincipios.com\/index.php\/wp-json\/wp\/v2\/posts"}],"about":[{"href":"https:\/\/diarioprincipios.com\/index.php\/wp-json\/wp\/v2\/types\/post"}],"author":[{"embeddable":true,"href":"https:\/\/diarioprincipios.com\/index.php\/wp-json\/wp\/v2\/users\/2"}],"replies":[{"embeddable":true,"href":"https:\/\/diarioprincipios.com\/index.php\/wp-json\/wp\/v2\/comments?post=9609"}],"version-history":[{"count":1,"href":"https:\/\/diarioprincipios.com\/index.php\/wp-json\/wp\/v2\/posts\/9609\/revisions"}],"predecessor-version":[{"id":9612,"href":"https:\/\/diarioprincipios.com\/index.php\/wp-json\/wp\/v2\/posts\/9609\/revisions\/9612"}],"wp:featuredmedia":[{"embeddable":true,"href":"https:\/\/diarioprincipios.com\/index.php\/wp-json\/wp\/v2\/media\/9610"}],"wp:attachment":[{"href":"https:\/\/diarioprincipios.com\/index.php\/wp-json\/wp\/v2\/media?parent=9609"}],"wp:term":[{"taxonomy":"category","embeddable":true,"href":"https:\/\/diarioprincipios.com\/index.php\/wp-json\/wp\/v2\/categories?post=9609"},{"taxonomy":"post_tag","embeddable":true,"href":"https:\/\/diarioprincipios.com\/index.php\/wp-json\/wp\/v2\/tags?post=9609"}],"curies":[{"name":"wp","href":"https:\/\/api.w.org\/{rel}","templated":true}]}}