{"id":9606,"date":"2021-04-23T09:35:23","date_gmt":"2021-04-23T12:35:23","guid":{"rendered":"http:\/\/diarioprincipios.com\/?p=9606"},"modified":"2021-04-23T09:35:30","modified_gmt":"2021-04-23T12:35:30","slug":"el-vacunatorio-de-la-upa-n-10-se-traslado-al-sedronar","status":"publish","type":"post","link":"https:\/\/diarioprincipios.com\/index.php\/2021\/04\/23\/el-vacunatorio-de-la-upa-n-10-se-traslado-al-sedronar\/","title":{"rendered":"El Vacunatorio de la UPA N\u00b0 10 se traslad\u00f3 al SEDRONAR"},"content":{"rendered":"\n<p><strong>La Municipalidad de Berazategui, a trav\u00e9s de su Secretar\u00eda de Salud P\u00fablica e Higiene, informa que el Centro de Vacunaci\u00f3n contra el COVID-19 que -hasta hace unos d\u00edas- funcionaba en la UPA (Unidad de Pronta Atenci\u00f3n) N\u00b0 10 se traslad\u00f3 hacia otro establecimiento de Hudson: el DIAT (Dispositivo Integral de Abordaje Territorial) SEDRONAR, ubicado en calle 57 entre 128 y 129.\u00a0<\/strong><br>De esta manera, esta Sede del barrio Kennedy se transform\u00f3 en uno de los nueve vacunatorios de Berazategui donde se desarrolla el Plan provincial p\u00fablico, gratuito y optativo de vacunaci\u00f3n contra el coronavirus.\u00a0<br>El resto de los Centros que forman parte de la campa\u00f1a a nivel local, se encuentran en el Hospital Evita Pueblo, el Centro de Actividades Roberto De Vicenzo, la posta de SUTEBA, la Escuela de Polic\u00eda de la provincia de Buenos Aires Juan Vucetich, las sedes de PAMI de Barrio Mar\u00edtimo y Berazategui Centro, la oficina de ATE y el Polideportivo N\u00b0 3 de Guti\u00e9rrez.<br>La Municipalidad de Berazategui recuerda que aquellos interesados en sumarse al Plan provincial, p\u00fablico, gratuito y optativo de vacunaci\u00f3n, deben ingresar en\u00a0<a rel=\"noreferrer noopener\" target=\"_blank\" href=\"http:\/\/www.vacunatepba.gba.gob.ar\/\">www.vacunatepba.gba.gob.ar<\/a>\u00a0y completar los datos. O bien, descargarse la aplicaci\u00f3n para tel\u00e9fono celular VacunatePBA. En caso de necesitar ayuda para registrarse, pueden comunicarse gratuitamente al 5256-2650, de lunes a viernes de 8.00 a 16.00.<br>Tambi\u00e9n, por alguna complicaci\u00f3n o dificultad al momento de la inscripci\u00f3n, pueden obtener asesoramiento en los Centros de Atenci\u00f3n Primaria de Salud (CAPS): de lunes a viernes, de 8.00 a 13.00 (sus direcciones se encuentran en\u00a0<a rel=\"noreferrer noopener\" target=\"_blank\" href=\"http:\/\/berazategui.gob.ar\/salud\">berazategui.gob.ar\/salud<\/a>); en la oficina de ARBA (calle 148 N\u00ba 1102); en la sede de IOMA (calle 147 N\u00ba 1343), de 8.00 a 14.00; y en las delegaciones de PAMI (calle 146 N\u00ba 1253\/63 y calle 52 N\u00ba 3125).<\/p>\n\n\n\n<figure class=\"wp-block-image\"><img decoding=\"async\" src=\"https:\/\/ecp.yusercontent.com\/mail?url=https%3A%2F%2Fdocs.google.com%2Fuc%3Fexport%3Ddownload%26id%3D1O9ySDGVjFwLiWj3yWiMdjtCw6pHI7T-F%26revid%3D0B9CZhG6aa0VidWpSQjZNZGVndGpYeWM5ZWtiUFNuM1JQV3U4PQ&amp;t=1619126333&amp;ymreqid=5799fcab-b43d-2794-2265-f8001901c700&amp;sig=jrctoYaGEPn61mns6JS9_w--~D\" alt=\"\"\/><\/figure>\n","protected":false},"excerpt":{"rendered":"<p>La Municipalidad de Berazategui, a trav\u00e9s de su Secretar\u00eda de Salud P\u00fablica e Higiene, informa que el Centro de Vacunaci\u00f3n contra el COVID-19 que -hasta hace unos d\u00edas- funcionaba en la UPA (Unidad de Pronta Atenci\u00f3n) N\u00b0 10 se traslad\u00f3 hacia otro establecimiento de Hudson: el DIAT (Dispositivo Integral de Abordaje Territorial) SEDRONAR, ubicado en&#8230;<\/p>\n","protected":false},"author":2,"featured_media":9607,"comment_status":"open","ping_status":"open","sticky":false,"template":"","format":"standard","meta":{"footnotes":""},"categories":[3],"tags":[],"class_list":["post-9606","post","type-post","status-publish","format-standard","has-post-thumbnail","hentry","category-berazategui"],"featured_image_src":"https:\/\/diarioprincipios.com\/wp-content\/uploads\/2021\/04\/COVID-19-EL-VACUNATORIO-DE-LA-UPA-N\u00b0-10-SE-TRASLADO-AL-SEDRONAR-1024x576.jpeg","blog_images":{"medium":"https:\/\/diarioprincipios.com\/wp-content\/uploads\/2021\/04\/COVID-19-EL-VACUNATORIO-DE-LA-UPA-N\u00b0-10-SE-TRASLADO-AL-SEDRONAR-300x169.jpeg","large":"https:\/\/diarioprincipios.com\/wp-content\/uploads\/2021\/04\/COVID-19-EL-VACUNATORIO-DE-LA-UPA-N\u00b0-10-SE-TRASLADO-AL-SEDRONAR-1024x576.jpeg"},"ams_acf":[],"yoast_head":"<!-- This site is optimized with the Yoast SEO plugin v27.3 - https:\/\/yoast.com\/product\/yoast-seo-wordpress\/ -->\n<title>El Vacunatorio de la UPA N\u00b0 10 se traslad\u00f3 al SEDRONAR - Principios<\/title>\n<meta name=\"robots\" content=\"index, follow, max-snippet:-1, max-image-preview:large, max-video-preview:-1\" \/>\n<link rel=\"canonical\" href=\"https:\/\/diarioprincipios.com\/index.php\/2021\/04\/23\/el-vacunatorio-de-la-upa-n-10-se-traslado-al-sedronar\/\" \/>\n<meta property=\"og:locale\" content=\"es_ES\" \/>\n<meta property=\"og:type\" content=\"article\" \/>\n<meta property=\"og:title\" content=\"El Vacunatorio de la UPA N\u00b0 10 se traslad\u00f3 al SEDRONAR - Principios\" \/>\n<meta property=\"og:description\" content=\"La Municipalidad de Berazategui, a trav\u00e9s de su Secretar\u00eda de Salud P\u00fablica e Higiene, informa que el Centro de Vacunaci\u00f3n contra el COVID-19 que -hasta hace unos d\u00edas- funcionaba en la UPA (Unidad de Pronta Atenci\u00f3n) N\u00b0 10 se traslad\u00f3 hacia otro establecimiento de Hudson: el DIAT (Dispositivo Integral de Abordaje Territorial) SEDRONAR, ubicado en...\" \/>\n<meta property=\"og:url\" content=\"https:\/\/diarioprincipios.com\/index.php\/2021\/04\/23\/el-vacunatorio-de-la-upa-n-10-se-traslado-al-sedronar\/\" \/>\n<meta property=\"og:site_name\" content=\"Principios\" \/>\n<meta property=\"article:published_time\" content=\"2021-04-23T12:35:23+00:00\" \/>\n<meta property=\"article:modified_time\" content=\"2021-04-23T12:35:30+00:00\" \/>\n<meta property=\"og:image\" content=\"https:\/\/diarioprincipios.com\/wp-content\/uploads\/2021\/04\/COVID-19-EL-VACUNATORIO-DE-LA-UPA-N\u00b0-10-SE-TRASLADO-AL-SEDRONAR.jpeg\" \/>\n\t<meta property=\"og:image:width\" content=\"1200\" \/>\n\t<meta property=\"og:image:height\" content=\"675\" \/>\n\t<meta property=\"og:image:type\" content=\"image\/jpeg\" \/>\n<meta name=\"author\" content=\"Hern\u00e1n L\u00f3pez\" \/>\n<meta name=\"twitter:card\" content=\"summary_large_image\" \/>\n<meta name=\"twitter:label1\" content=\"Escrito por\" \/>\n\t<meta name=\"twitter:data1\" content=\"Hern\u00e1n L\u00f3pez\" \/>\n\t<meta name=\"twitter:label2\" content=\"Tiempo de lectura\" \/>\n\t<meta name=\"twitter:data2\" content=\"2 minutos\" \/>\n<script type=\"application\/ld+json\" class=\"yoast-schema-graph\">{\"@context\":\"https:\\\/\\\/schema.org\",\"@graph\":[{\"@type\":\"Article\",\"@id\":\"https:\\\/\\\/diarioprincipios.com\\\/index.php\\\/2021\\\/04\\\/23\\\/el-vacunatorio-de-la-upa-n-10-se-traslado-al-sedronar\\\/#article\",\"isPartOf\":{\"@id\":\"https:\\\/\\\/diarioprincipios.com\\\/index.php\\\/2021\\\/04\\\/23\\\/el-vacunatorio-de-la-upa-n-10-se-traslado-al-sedronar\\\/\"},\"author\":{\"name\":\"Hern\u00e1n L\u00f3pez\",\"@id\":\"https:\\\/\\\/diarioprincipios.com\\\/#\\\/schema\\\/person\\\/436d5a1fd41a5e250e23ff5a6a7cb080\"},\"headline\":\"El Vacunatorio de la UPA N\u00b0 10 se traslad\u00f3 al SEDRONAR\",\"datePublished\":\"2021-04-23T12:35:23+00:00\",\"dateModified\":\"2021-04-23T12:35:30+00:00\",\"mainEntityOfPage\":{\"@id\":\"https:\\\/\\\/diarioprincipios.com\\\/index.php\\\/2021\\\/04\\\/23\\\/el-vacunatorio-de-la-upa-n-10-se-traslado-al-sedronar\\\/\"},\"wordCount\":307,\"commentCount\":0,\"publisher\":{\"@id\":\"https:\\\/\\\/diarioprincipios.com\\\/#organization\"},\"image\":{\"@id\":\"https:\\\/\\\/diarioprincipios.com\\\/index.php\\\/2021\\\/04\\\/23\\\/el-vacunatorio-de-la-upa-n-10-se-traslado-al-sedronar\\\/#primaryimage\"},\"thumbnailUrl\":\"https:\\\/\\\/diarioprincipios.com\\\/wp-content\\\/uploads\\\/2021\\\/04\\\/COVID-19-EL-VACUNATORIO-DE-LA-UPA-N\u00b0-10-SE-TRASLADO-AL-SEDRONAR.jpeg\",\"articleSection\":[\"Berazategui\"],\"inLanguage\":\"es\",\"potentialAction\":[{\"@type\":\"CommentAction\",\"name\":\"Comment\",\"target\":[\"https:\\\/\\\/diarioprincipios.com\\\/index.php\\\/2021\\\/04\\\/23\\\/el-vacunatorio-de-la-upa-n-10-se-traslado-al-sedronar\\\/#respond\"]}]},{\"@type\":\"WebPage\",\"@id\":\"https:\\\/\\\/diarioprincipios.com\\\/index.php\\\/2021\\\/04\\\/23\\\/el-vacunatorio-de-la-upa-n-10-se-traslado-al-sedronar\\\/\",\"url\":\"https:\\\/\\\/diarioprincipios.com\\\/index.php\\\/2021\\\/04\\\/23\\\/el-vacunatorio-de-la-upa-n-10-se-traslado-al-sedronar\\\/\",\"name\":\"El Vacunatorio de la UPA N\u00b0 10 se traslad\u00f3 al SEDRONAR - Principios\",\"isPartOf\":{\"@id\":\"https:\\\/\\\/diarioprincipios.com\\\/#website\"},\"primaryImageOfPage\":{\"@id\":\"https:\\\/\\\/diarioprincipios.com\\\/index.php\\\/2021\\\/04\\\/23\\\/el-vacunatorio-de-la-upa-n-10-se-traslado-al-sedronar\\\/#primaryimage\"},\"image\":{\"@id\":\"https:\\\/\\\/diarioprincipios.com\\\/index.php\\\/2021\\\/04\\\/23\\\/el-vacunatorio-de-la-upa-n-10-se-traslado-al-sedronar\\\/#primaryimage\"},\"thumbnailUrl\":\"https:\\\/\\\/diarioprincipios.com\\\/wp-content\\\/uploads\\\/2021\\\/04\\\/COVID-19-EL-VACUNATORIO-DE-LA-UPA-N\u00b0-10-SE-TRASLADO-AL-SEDRONAR.jpeg\",\"datePublished\":\"2021-04-23T12:35:23+00:00\",\"dateModified\":\"2021-04-23T12:35:30+00:00\",\"breadcrumb\":{\"@id\":\"https:\\\/\\\/diarioprincipios.com\\\/index.php\\\/2021\\\/04\\\/23\\\/el-vacunatorio-de-la-upa-n-10-se-traslado-al-sedronar\\\/#breadcrumb\"},\"inLanguage\":\"es\",\"potentialAction\":[{\"@type\":\"ReadAction\",\"target\":[\"https:\\\/\\\/diarioprincipios.com\\\/index.php\\\/2021\\\/04\\\/23\\\/el-vacunatorio-de-la-upa-n-10-se-traslado-al-sedronar\\\/\"]}]},{\"@type\":\"ImageObject\",\"inLanguage\":\"es\",\"@id\":\"https:\\\/\\\/diarioprincipios.com\\\/index.php\\\/2021\\\/04\\\/23\\\/el-vacunatorio-de-la-upa-n-10-se-traslado-al-sedronar\\\/#primaryimage\",\"url\":\"https:\\\/\\\/diarioprincipios.com\\\/wp-content\\\/uploads\\\/2021\\\/04\\\/COVID-19-EL-VACUNATORIO-DE-LA-UPA-N\u00b0-10-SE-TRASLADO-AL-SEDRONAR.jpeg\",\"contentUrl\":\"https:\\\/\\\/diarioprincipios.com\\\/wp-content\\\/uploads\\\/2021\\\/04\\\/COVID-19-EL-VACUNATORIO-DE-LA-UPA-N\u00b0-10-SE-TRASLADO-AL-SEDRONAR.jpeg\",\"width\":1200,\"height\":675},{\"@type\":\"BreadcrumbList\",\"@id\":\"https:\\\/\\\/diarioprincipios.com\\\/index.php\\\/2021\\\/04\\\/23\\\/el-vacunatorio-de-la-upa-n-10-se-traslado-al-sedronar\\\/#breadcrumb\",\"itemListElement\":[{\"@type\":\"ListItem\",\"position\":1,\"name\":\"Portada\",\"item\":\"https:\\\/\\\/diarioprincipios.com\\\/\"},{\"@type\":\"ListItem\",\"position\":2,\"name\":\"El Vacunatorio de la UPA N\u00b0 10 se traslad\u00f3 al SEDRONAR\"}]},{\"@type\":\"WebSite\",\"@id\":\"https:\\\/\\\/diarioprincipios.com\\\/#website\",\"url\":\"https:\\\/\\\/diarioprincipios.com\\\/\",\"name\":\"Principios\",\"description\":\"Principios Diario\",\"publisher\":{\"@id\":\"https:\\\/\\\/diarioprincipios.com\\\/#organization\"},\"potentialAction\":[{\"@type\":\"SearchAction\",\"target\":{\"@type\":\"EntryPoint\",\"urlTemplate\":\"https:\\\/\\\/diarioprincipios.com\\\/?s={search_term_string}\"},\"query-input\":{\"@type\":\"PropertyValueSpecification\",\"valueRequired\":true,\"valueName\":\"search_term_string\"}}],\"inLanguage\":\"es\"},{\"@type\":\"Organization\",\"@id\":\"https:\\\/\\\/diarioprincipios.com\\\/#organization\",\"name\":\"Principios\",\"url\":\"https:\\\/\\\/diarioprincipios.com\\\/\",\"logo\":{\"@type\":\"ImageObject\",\"inLanguage\":\"es\",\"@id\":\"https:\\\/\\\/diarioprincipios.com\\\/#\\\/schema\\\/logo\\\/image\\\/\",\"url\":\"https:\\\/\\\/diarioprincipios.com\\\/wp-content\\\/uploads\\\/2024\\\/04\\\/cropped-www.diarioprincipios.com_-1.png\",\"contentUrl\":\"https:\\\/\\\/diarioprincipios.com\\\/wp-content\\\/uploads\\\/2024\\\/04\\\/cropped-www.diarioprincipios.com_-1.png\",\"width\":5325,\"height\":1454,\"caption\":\"Principios\"},\"image\":{\"@id\":\"https:\\\/\\\/diarioprincipios.com\\\/#\\\/schema\\\/logo\\\/image\\\/\"}},{\"@type\":\"Person\",\"@id\":\"https:\\\/\\\/diarioprincipios.com\\\/#\\\/schema\\\/person\\\/436d5a1fd41a5e250e23ff5a6a7cb080\",\"name\":\"Hern\u00e1n L\u00f3pez\",\"image\":{\"@type\":\"ImageObject\",\"inLanguage\":\"es\",\"@id\":\"https:\\\/\\\/diarioprincipios.com\\\/wp-content\\\/litespeed\\\/avatar\\\/11ddfe5610ff3bd100522525b2571f48.jpg?ver=1777048341\",\"url\":\"https:\\\/\\\/diarioprincipios.com\\\/wp-content\\\/litespeed\\\/avatar\\\/11ddfe5610ff3bd100522525b2571f48.jpg?ver=1777048341\",\"contentUrl\":\"https:\\\/\\\/diarioprincipios.com\\\/wp-content\\\/litespeed\\\/avatar\\\/11ddfe5610ff3bd100522525b2571f48.jpg?ver=1777048341\",\"caption\":\"Hern\u00e1n L\u00f3pez\"},\"url\":\"https:\\\/\\\/diarioprincipios.com\\\/index.php\\\/author\\\/hernan\\\/\"}]}<\/script>\n<!-- \/ Yoast SEO plugin. -->","yoast_head_json":{"title":"El Vacunatorio de la UPA N\u00b0 10 se traslad\u00f3 al SEDRONAR - Principios","robots":{"index":"index","follow":"follow","max-snippet":"max-snippet:-1","max-image-preview":"max-image-preview:large","max-video-preview":"max-video-preview:-1"},"canonical":"https:\/\/diarioprincipios.com\/index.php\/2021\/04\/23\/el-vacunatorio-de-la-upa-n-10-se-traslado-al-sedronar\/","og_locale":"es_ES","og_type":"article","og_title":"El Vacunatorio de la UPA N\u00b0 10 se traslad\u00f3 al SEDRONAR - Principios","og_description":"La Municipalidad de Berazategui, a trav\u00e9s de su Secretar\u00eda de Salud P\u00fablica e Higiene, informa que el Centro de Vacunaci\u00f3n contra el COVID-19 que -hasta hace unos d\u00edas- funcionaba en la UPA (Unidad de Pronta Atenci\u00f3n) N\u00b0 10 se traslad\u00f3 hacia otro establecimiento de Hudson: el DIAT (Dispositivo Integral de Abordaje Territorial) SEDRONAR, ubicado en...","og_url":"https:\/\/diarioprincipios.com\/index.php\/2021\/04\/23\/el-vacunatorio-de-la-upa-n-10-se-traslado-al-sedronar\/","og_site_name":"Principios","article_published_time":"2021-04-23T12:35:23+00:00","article_modified_time":"2021-04-23T12:35:30+00:00","og_image":[{"width":1200,"height":675,"url":"https:\/\/diarioprincipios.com\/wp-content\/uploads\/2021\/04\/COVID-19-EL-VACUNATORIO-DE-LA-UPA-N\u00b0-10-SE-TRASLADO-AL-SEDRONAR.jpeg","type":"image\/jpeg"}],"author":"Hern\u00e1n L\u00f3pez","twitter_card":"summary_large_image","twitter_misc":{"Escrito por":"Hern\u00e1n L\u00f3pez","Tiempo de lectura":"2 minutos"},"schema":{"@context":"https:\/\/schema.org","@graph":[{"@type":"Article","@id":"https:\/\/diarioprincipios.com\/index.php\/2021\/04\/23\/el-vacunatorio-de-la-upa-n-10-se-traslado-al-sedronar\/#article","isPartOf":{"@id":"https:\/\/diarioprincipios.com\/index.php\/2021\/04\/23\/el-vacunatorio-de-la-upa-n-10-se-traslado-al-sedronar\/"},"author":{"name":"Hern\u00e1n L\u00f3pez","@id":"https:\/\/diarioprincipios.com\/#\/schema\/person\/436d5a1fd41a5e250e23ff5a6a7cb080"},"headline":"El Vacunatorio de la UPA N\u00b0 10 se traslad\u00f3 al SEDRONAR","datePublished":"2021-04-23T12:35:23+00:00","dateModified":"2021-04-23T12:35:30+00:00","mainEntityOfPage":{"@id":"https:\/\/diarioprincipios.com\/index.php\/2021\/04\/23\/el-vacunatorio-de-la-upa-n-10-se-traslado-al-sedronar\/"},"wordCount":307,"commentCount":0,"publisher":{"@id":"https:\/\/diarioprincipios.com\/#organization"},"image":{"@id":"https:\/\/diarioprincipios.com\/index.php\/2021\/04\/23\/el-vacunatorio-de-la-upa-n-10-se-traslado-al-sedronar\/#primaryimage"},"thumbnailUrl":"https:\/\/diarioprincipios.com\/wp-content\/uploads\/2021\/04\/COVID-19-EL-VACUNATORIO-DE-LA-UPA-N\u00b0-10-SE-TRASLADO-AL-SEDRONAR.jpeg","articleSection":["Berazategui"],"inLanguage":"es","potentialAction":[{"@type":"CommentAction","name":"Comment","target":["https:\/\/diarioprincipios.com\/index.php\/2021\/04\/23\/el-vacunatorio-de-la-upa-n-10-se-traslado-al-sedronar\/#respond"]}]},{"@type":"WebPage","@id":"https:\/\/diarioprincipios.com\/index.php\/2021\/04\/23\/el-vacunatorio-de-la-upa-n-10-se-traslado-al-sedronar\/","url":"https:\/\/diarioprincipios.com\/index.php\/2021\/04\/23\/el-vacunatorio-de-la-upa-n-10-se-traslado-al-sedronar\/","name":"El Vacunatorio de la UPA N\u00b0 10 se traslad\u00f3 al SEDRONAR - Principios","isPartOf":{"@id":"https:\/\/diarioprincipios.com\/#website"},"primaryImageOfPage":{"@id":"https:\/\/diarioprincipios.com\/index.php\/2021\/04\/23\/el-vacunatorio-de-la-upa-n-10-se-traslado-al-sedronar\/#primaryimage"},"image":{"@id":"https:\/\/diarioprincipios.com\/index.php\/2021\/04\/23\/el-vacunatorio-de-la-upa-n-10-se-traslado-al-sedronar\/#primaryimage"},"thumbnailUrl":"https:\/\/diarioprincipios.com\/wp-content\/uploads\/2021\/04\/COVID-19-EL-VACUNATORIO-DE-LA-UPA-N\u00b0-10-SE-TRASLADO-AL-SEDRONAR.jpeg","datePublished":"2021-04-23T12:35:23+00:00","dateModified":"2021-04-23T12:35:30+00:00","breadcrumb":{"@id":"https:\/\/diarioprincipios.com\/index.php\/2021\/04\/23\/el-vacunatorio-de-la-upa-n-10-se-traslado-al-sedronar\/#breadcrumb"},"inLanguage":"es","potentialAction":[{"@type":"ReadAction","target":["https:\/\/diarioprincipios.com\/index.php\/2021\/04\/23\/el-vacunatorio-de-la-upa-n-10-se-traslado-al-sedronar\/"]}]},{"@type":"ImageObject","inLanguage":"es","@id":"https:\/\/diarioprincipios.com\/index.php\/2021\/04\/23\/el-vacunatorio-de-la-upa-n-10-se-traslado-al-sedronar\/#primaryimage","url":"https:\/\/diarioprincipios.com\/wp-content\/uploads\/2021\/04\/COVID-19-EL-VACUNATORIO-DE-LA-UPA-N\u00b0-10-SE-TRASLADO-AL-SEDRONAR.jpeg","contentUrl":"https:\/\/diarioprincipios.com\/wp-content\/uploads\/2021\/04\/COVID-19-EL-VACUNATORIO-DE-LA-UPA-N\u00b0-10-SE-TRASLADO-AL-SEDRONAR.jpeg","width":1200,"height":675},{"@type":"BreadcrumbList","@id":"https:\/\/diarioprincipios.com\/index.php\/2021\/04\/23\/el-vacunatorio-de-la-upa-n-10-se-traslado-al-sedronar\/#breadcrumb","itemListElement":[{"@type":"ListItem","position":1,"name":"Portada","item":"https:\/\/diarioprincipios.com\/"},{"@type":"ListItem","position":2,"name":"El Vacunatorio de la UPA N\u00b0 10 se traslad\u00f3 al SEDRONAR"}]},{"@type":"WebSite","@id":"https:\/\/diarioprincipios.com\/#website","url":"https:\/\/diarioprincipios.com\/","name":"Principios","description":"Principios Diario","publisher":{"@id":"https:\/\/diarioprincipios.com\/#organization"},"potentialAction":[{"@type":"SearchAction","target":{"@type":"EntryPoint","urlTemplate":"https:\/\/diarioprincipios.com\/?s={search_term_string}"},"query-input":{"@type":"PropertyValueSpecification","valueRequired":true,"valueName":"search_term_string"}}],"inLanguage":"es"},{"@type":"Organization","@id":"https:\/\/diarioprincipios.com\/#organization","name":"Principios","url":"https:\/\/diarioprincipios.com\/","logo":{"@type":"ImageObject","inLanguage":"es","@id":"https:\/\/diarioprincipios.com\/#\/schema\/logo\/image\/","url":"https:\/\/diarioprincipios.com\/wp-content\/uploads\/2024\/04\/cropped-www.diarioprincipios.com_-1.png","contentUrl":"https:\/\/diarioprincipios.com\/wp-content\/uploads\/2024\/04\/cropped-www.diarioprincipios.com_-1.png","width":5325,"height":1454,"caption":"Principios"},"image":{"@id":"https:\/\/diarioprincipios.com\/#\/schema\/logo\/image\/"}},{"@type":"Person","@id":"https:\/\/diarioprincipios.com\/#\/schema\/person\/436d5a1fd41a5e250e23ff5a6a7cb080","name":"Hern\u00e1n L\u00f3pez","image":{"@type":"ImageObject","inLanguage":"es","@id":"https:\/\/diarioprincipios.com\/wp-content\/litespeed\/avatar\/11ddfe5610ff3bd100522525b2571f48.jpg?ver=1777048341","url":"https:\/\/diarioprincipios.com\/wp-content\/litespeed\/avatar\/11ddfe5610ff3bd100522525b2571f48.jpg?ver=1777048341","contentUrl":"https:\/\/diarioprincipios.com\/wp-content\/litespeed\/avatar\/11ddfe5610ff3bd100522525b2571f48.jpg?ver=1777048341","caption":"Hern\u00e1n L\u00f3pez"},"url":"https:\/\/diarioprincipios.com\/index.php\/author\/hernan\/"}]}},"jetpack_featured_media_url":"https:\/\/diarioprincipios.com\/wp-content\/uploads\/2021\/04\/COVID-19-EL-VACUNATORIO-DE-LA-UPA-N\u00b0-10-SE-TRASLADO-AL-SEDRONAR.jpeg","_links":{"self":[{"href":"https:\/\/diarioprincipios.com\/index.php\/wp-json\/wp\/v2\/posts\/9606","targetHints":{"allow":["GET"]}}],"collection":[{"href":"https:\/\/diarioprincipios.com\/index.php\/wp-json\/wp\/v2\/posts"}],"about":[{"href":"https:\/\/diarioprincipios.com\/index.php\/wp-json\/wp\/v2\/types\/post"}],"author":[{"embeddable":true,"href":"https:\/\/diarioprincipios.com\/index.php\/wp-json\/wp\/v2\/users\/2"}],"replies":[{"embeddable":true,"href":"https:\/\/diarioprincipios.com\/index.php\/wp-json\/wp\/v2\/comments?post=9606"}],"version-history":[{"count":1,"href":"https:\/\/diarioprincipios.com\/index.php\/wp-json\/wp\/v2\/posts\/9606\/revisions"}],"predecessor-version":[{"id":9608,"href":"https:\/\/diarioprincipios.com\/index.php\/wp-json\/wp\/v2\/posts\/9606\/revisions\/9608"}],"wp:featuredmedia":[{"embeddable":true,"href":"https:\/\/diarioprincipios.com\/index.php\/wp-json\/wp\/v2\/media\/9607"}],"wp:attachment":[{"href":"https:\/\/diarioprincipios.com\/index.php\/wp-json\/wp\/v2\/media?parent=9606"}],"wp:term":[{"taxonomy":"category","embeddable":true,"href":"https:\/\/diarioprincipios.com\/index.php\/wp-json\/wp\/v2\/categories?post=9606"},{"taxonomy":"post_tag","embeddable":true,"href":"https:\/\/diarioprincipios.com\/index.php\/wp-json\/wp\/v2\/tags?post=9606"}],"curies":[{"name":"wp","href":"https:\/\/api.w.org\/{rel}","templated":true}]}}