{"id":9603,"date":"2021-04-22T20:52:20","date_gmt":"2021-04-22T23:52:20","guid":{"rendered":"http:\/\/diarioprincipios.com\/?p=9603"},"modified":"2021-04-22T20:52:27","modified_gmt":"2021-04-22T23:52:27","slug":"volnovich-alerto-sobre-irregularidades-en-la-asignacion-de-turnos-de-vacunacion-en-caba","status":"publish","type":"post","link":"https:\/\/diarioprincipios.com\/index.php\/2021\/04\/22\/volnovich-alerto-sobre-irregularidades-en-la-asignacion-de-turnos-de-vacunacion-en-caba\/","title":{"rendered":"Volnovich alert\u00f3 sobre irregularidades en la asignaci\u00f3n de turnos de vacunaci\u00f3n en CABA"},"content":{"rendered":"\n<p>La directora ejecutiva del PAMI, Luana Volnovich, alert\u00f3 hoy sobre presuntas irregularidades en la asignaci\u00f3n de turnos de vacunaci\u00f3n por parte del Gobierno porte\u00f1o, tras constatar que en los tres centros de la entidad, con capacidad para inocular a 1.200 adultos mayores, \u00abno hay turnos asignados para ma\u00f1ana\u00bb.<\/p>\n\n\n\n<p>Adem\u00e1s, revel\u00f3 que a esos \u00e1mbitos s\u00f3lo asisti\u00f3 el 30 por ciento de los inscriptos, es decir que \u00ab7 de cada 10 faltaron\u00bb, escribi\u00f3 Volnovich en su cuenta de Twitter y se pregunt\u00f3: \u00abRaro, no?\u00bb.<\/p>\n\n\n\n<p>\u00abPara entender lo que pasaba nos pusimos a llamar a las personas que ten\u00edan turno asignado. \u00bfEl resultado? No salgo de mi asombro: personas que nunca se hab\u00edan inscripto, personas fallecidas, personas que no sab\u00edan que ten\u00edan turno asignado y personas ya vacunadas\u00bb, detall\u00f3.<\/p>\n\n\n\n<p>Tras la denuncia de Volnovich, el Gobierno porte\u00f1o emiti\u00f3 un comunicado en el que consign\u00f3 que \u00abse encontraba desactualizada\u00bb la base de datos de afiliados al Pami y que, por esa raz\u00f3n, se \u00abdificultaba el proceso de asignaci\u00f3n de las citas\u00bb.<\/p>\n\n\n\n<p>Adem\u00e1s, las autoridades sanitarias porte\u00f1as renovaron su inter\u00e9s en volver a reunirse con la prestadora \u00abcon el objetivo de consensuar los pasos a seguir\u00bb.<\/p>\n\n\n\n<p>El lunes pasado, el PAMI puso en marcha un operativo de inmunizaci\u00f3n contra el coronavirus en la ciudad a trav\u00e9s de tres vacunatorios propios, con el objetivo de reforzar la campa\u00f1a para llegar m\u00e1s r\u00e1pido a los adultos mayores que viven en territorio porte\u00f1o.<\/p>\n\n\n\n<p>Los vacunatorios del PAMI de la Ciudad de Buenos Aires est\u00e1n ubicados en dos anexos del Hospital C\u00e9sar Milstein, en los barrios de San Crist\u00f3bal y Parque Chacabuco; y en una sede de Villa Devoto, todos con una capacidad de inocular a 400 personas por d\u00eda, de lunes a lunes, en un esquema que permitir\u00eda aplicar 12 mil dosis por mes.<\/p>\n\n\n\n<p>La funcionaria dio m\u00e1s detalles de lo ocurrido cuando hoy visit\u00f3 centros de vacunaci\u00f3n y se manifest\u00f3 \u00absorprendida\u00bb de encontrarlos \u00abvac\u00edos\u00bb, pese a que contaban con las dosis previstas.<\/p>\n\n\n\n<p>\u00ab\u00bfSaben cu\u00e1ntos turnos tenemos asignados ma\u00f1ana? Cero. S\u00ed, cero. Y en la heladera cientos de vacunas\u00bb, continu\u00f3 la funcionaria, quien remarc\u00f3 que los hechos la llevaron a \u00abdudar de toda la campa\u00f1a de vacunaci\u00f3n en Caba\u00bb.<\/p>\n\n\n\n<p>\u00ab\u00bfC\u00f3mo asignan las prioridades? \u00bfC\u00f3mo distribuyen turnos y vacunas? \u00bfPor qu\u00e9 hay personas mayores que esperan hace dos meses y otros se vacunan en 48 horas? y \u00bfPor qu\u00e9 no asignan m\u00e1s turnos a los vacunatorios de PAMI?\u00bb, se pregunt\u00f3.<\/p>\n\n\n\n<p>En las redes sociales, Volnovich plante\u00f3 sus dudas sobre la campa\u00f1a de vacunaci\u00f3n que lleva adelante el Gobierno de Horacio Rodr\u00edguez Larreta en la ciudad de Buenos Aires y adjunt\u00f3 a su posteo varias fotos en las que se observa los centros con sus salas de espera vac\u00edas, o con poca gente, e im\u00e1genes de las vacunas en sus estuches.<\/p>\n\n\n\n<p>\u00abNo puedo creer lo que ven mis ojos. En la Ciudad de Buenos Aires tenemos las heladeras llenas de vacunas contra el Covid; pero los puntos de vacunaci\u00f3n, vac\u00edos. Vine personalmente a ver qu\u00e9 estaba pasando\u00bb, tuite\u00f3.<\/p>\n\n\n\n<p>Sum\u00f3 a su publicaci\u00f3n otra realizada por el propio Rodr\u00edguez Larreta, en la que el jefe comunal afirm\u00f3 que el distrito \u00abtiene toda la log\u00edstica preparada para cuando lleguen m\u00e1s vacunas\u00bb.<\/p>\n\n\n\n<p>\u00abYo veo lo contrario: tenemos vacunas pero falla la log\u00edstica de la Ciudad\u00bb, retruc\u00f3 Volnovich.<\/p>\n\n\n\n<p>El lunes pasado, durante la puesta en marcha de los centros de vacunaci\u00f3n, Volnovich reconoci\u00f3 que \u00abalgunos contrapuntos\u00bb con las autoridades porte\u00f1as demoraron la posibilidad de que el PAMI pudiera colaborar en el distrito.<\/p>\n\n\n\n<p>\u00abEn la Ciudad hay muchos adultos mayores, muchos afiliados nuestros y un riesgo epidemiol\u00f3gico importante, una gran cantidad de contagios, por eso esto un alivio porque habr\u00e1 m\u00e1s puntos de vacunaci\u00f3n\u00bb, afirm\u00f3 entonces Volnovich.<\/p>\n\n\n\n<p>Adem\u00e1s, la funcionaria manifest\u00f3 su preocupaci\u00f3n por el aumento de contagios de Covid-19 en el distrito, asegur\u00f3 que hay una \u00absaturaci\u00f3n del sistema\u00bb y, como ejemplo, mencion\u00f3 que se dan circunstancias en las que los pacientes tienen que estar \u00abtres o cuatro horas arriba de una ambulancia\u00bb por falta de camas en hospitales y sanatorios.<\/p>\n\n\n\n<p>Los contrapuntos entre el Gobierno porte\u00f1o y el Pami quedaron visibilizados despu\u00e9s de que Volnovich hiciera p\u00fablicas las primeras negativas de la gesti\u00f3n de Rodr\u00edguez Larreta de sumar la colaboraci\u00f3n del Pami a la campa\u00f1a de vacunaci\u00f3n para los adultos mayores de la ciudad.<\/p>\n\n\n\n<p>Incluso, esa reticencia inicial de Rodr\u00edguez Larreta qued\u00f3 expuesta con los operativos que la ciudad realiz\u00f3 el mes pasado en el Luna Park y en la sede del club San Lorenzo, en Boedo, que mostraron fallas en las organizaci\u00f3n y por las cuales Volnovich advirti\u00f3 entonces sobre la \u00abimprovisaci\u00f3n y falta de planificaci\u00f3n terrible\u00bb de las autoridades porte\u00f1as.<\/p>\n\n\n\n<p>Poco despu\u00e9s, el Gobierno capitalino dispuso una clausura preventiva del Hospital Espa\u00f1ol, tras una inspecci\u00f3n ordenada por el Juzgado Nacional de Primera Instancia en lo Comercial 22, a cargo de Margarita Braga, que determin\u00f3 \u00abgraves fallas de seguridad\u00bb en el edificio.<\/p>\n\n\n\n<p>La orden fue cuestionada por Volnovich, que acus\u00f3 a la administraci\u00f3n local de tener una \u00abactitud casi mafiosa\u00bb.<\/p>\n\n\n\n<p>\u00abUn espacio pol\u00edtico que hace catorce a\u00f1os que gobierna esta Ciudad, de un d\u00eda para el otro manda una inspecci\u00f3n, es como dir\u00eda mi mam\u00e1: casi una se\u00f1al mafiosa, &#8216;fijate lo que hac\u00e9s porque sino mira lo que te hacemos&#8217;, cerrar un hospital en pandemia es una locura\u00bb, dijo la titular del Pami en esa oportunidad.<\/p>\n","protected":false},"excerpt":{"rendered":"<p>La directora ejecutiva del PAMI, Luana Volnovich, alert\u00f3 hoy sobre presuntas irregularidades en la asignaci\u00f3n de turnos de vacunaci\u00f3n por parte del Gobierno porte\u00f1o, tras constatar que en los tres centros de la entidad, con capacidad para inocular a 1.200 adultos mayores, \u00abno hay turnos asignados para ma\u00f1ana\u00bb. Adem\u00e1s, revel\u00f3 que a esos \u00e1mbitos s\u00f3lo&#8230;<\/p>\n","protected":false},"author":2,"featured_media":9604,"comment_status":"open","ping_status":"open","sticky":false,"template":"","format":"standard","meta":{"footnotes":""},"categories":[10],"tags":[],"class_list":["post-9603","post","type-post","status-publish","format-standard","has-post-thumbnail","hentry","category-nacion"],"featured_image_src":"https:\/\/diarioprincipios.com\/wp-content\/uploads\/2021\/04\/unnamed-20.jpg","blog_images":{"medium":"https:\/\/diarioprincipios.com\/wp-content\/uploads\/2021\/04\/unnamed-20-300x169.jpg","large":"https:\/\/diarioprincipios.com\/wp-content\/uploads\/2021\/04\/unnamed-20.jpg"},"ams_acf":[],"yoast_head":"<!-- This site is optimized with the Yoast SEO plugin v27.3 - https:\/\/yoast.com\/product\/yoast-seo-wordpress\/ -->\n<title>Volnovich alert\u00f3 sobre irregularidades en la asignaci\u00f3n de turnos de vacunaci\u00f3n en CABA - Principios<\/title>\n<meta name=\"robots\" content=\"index, follow, max-snippet:-1, max-image-preview:large, max-video-preview:-1\" \/>\n<link rel=\"canonical\" href=\"https:\/\/diarioprincipios.com\/index.php\/2021\/04\/22\/volnovich-alerto-sobre-irregularidades-en-la-asignacion-de-turnos-de-vacunacion-en-caba\/\" \/>\n<meta property=\"og:locale\" content=\"es_ES\" \/>\n<meta property=\"og:type\" content=\"article\" \/>\n<meta property=\"og:title\" content=\"Volnovich alert\u00f3 sobre irregularidades en la asignaci\u00f3n de turnos de vacunaci\u00f3n en CABA - Principios\" \/>\n<meta property=\"og:description\" content=\"La directora ejecutiva del PAMI, Luana Volnovich, alert\u00f3 hoy sobre presuntas irregularidades en la asignaci\u00f3n de turnos de vacunaci\u00f3n por parte del Gobierno porte\u00f1o, tras constatar que en los tres centros de la entidad, con capacidad para inocular a 1.200 adultos mayores, \u00abno hay turnos asignados para ma\u00f1ana\u00bb. Adem\u00e1s, revel\u00f3 que a esos \u00e1mbitos s\u00f3lo...\" \/>\n<meta property=\"og:url\" content=\"https:\/\/diarioprincipios.com\/index.php\/2021\/04\/22\/volnovich-alerto-sobre-irregularidades-en-la-asignacion-de-turnos-de-vacunacion-en-caba\/\" \/>\n<meta property=\"og:site_name\" content=\"Principios\" \/>\n<meta property=\"article:published_time\" content=\"2021-04-22T23:52:20+00:00\" \/>\n<meta property=\"article:modified_time\" content=\"2021-04-22T23:52:27+00:00\" \/>\n<meta property=\"og:image\" content=\"https:\/\/diarioprincipios.com\/wp-content\/uploads\/2021\/04\/unnamed-20.jpg\" \/>\n\t<meta property=\"og:image:width\" content=\"512\" \/>\n\t<meta property=\"og:image:height\" content=\"289\" \/>\n\t<meta property=\"og:image:type\" content=\"image\/jpeg\" \/>\n<meta name=\"author\" content=\"Hern\u00e1n L\u00f3pez\" \/>\n<meta name=\"twitter:card\" content=\"summary_large_image\" \/>\n<meta name=\"twitter:label1\" content=\"Escrito por\" \/>\n\t<meta name=\"twitter:data1\" content=\"Hern\u00e1n L\u00f3pez\" \/>\n\t<meta name=\"twitter:label2\" content=\"Tiempo de lectura\" \/>\n\t<meta name=\"twitter:data2\" content=\"4 minutos\" \/>\n<script type=\"application\/ld+json\" class=\"yoast-schema-graph\">{\"@context\":\"https:\\\/\\\/schema.org\",\"@graph\":[{\"@type\":\"Article\",\"@id\":\"https:\\\/\\\/diarioprincipios.com\\\/index.php\\\/2021\\\/04\\\/22\\\/volnovich-alerto-sobre-irregularidades-en-la-asignacion-de-turnos-de-vacunacion-en-caba\\\/#article\",\"isPartOf\":{\"@id\":\"https:\\\/\\\/diarioprincipios.com\\\/index.php\\\/2021\\\/04\\\/22\\\/volnovich-alerto-sobre-irregularidades-en-la-asignacion-de-turnos-de-vacunacion-en-caba\\\/\"},\"author\":{\"name\":\"Hern\u00e1n L\u00f3pez\",\"@id\":\"https:\\\/\\\/diarioprincipios.com\\\/#\\\/schema\\\/person\\\/436d5a1fd41a5e250e23ff5a6a7cb080\"},\"headline\":\"Volnovich alert\u00f3 sobre irregularidades en la asignaci\u00f3n de turnos de vacunaci\u00f3n en CABA\",\"datePublished\":\"2021-04-22T23:52:20+00:00\",\"dateModified\":\"2021-04-22T23:52:27+00:00\",\"mainEntityOfPage\":{\"@id\":\"https:\\\/\\\/diarioprincipios.com\\\/index.php\\\/2021\\\/04\\\/22\\\/volnovich-alerto-sobre-irregularidades-en-la-asignacion-de-turnos-de-vacunacion-en-caba\\\/\"},\"wordCount\":973,\"commentCount\":0,\"publisher\":{\"@id\":\"https:\\\/\\\/diarioprincipios.com\\\/#organization\"},\"image\":{\"@id\":\"https:\\\/\\\/diarioprincipios.com\\\/index.php\\\/2021\\\/04\\\/22\\\/volnovich-alerto-sobre-irregularidades-en-la-asignacion-de-turnos-de-vacunacion-en-caba\\\/#primaryimage\"},\"thumbnailUrl\":\"https:\\\/\\\/diarioprincipios.com\\\/wp-content\\\/uploads\\\/2021\\\/04\\\/unnamed-20.jpg\",\"articleSection\":[\"Naci\u00f3n\"],\"inLanguage\":\"es\",\"potentialAction\":[{\"@type\":\"CommentAction\",\"name\":\"Comment\",\"target\":[\"https:\\\/\\\/diarioprincipios.com\\\/index.php\\\/2021\\\/04\\\/22\\\/volnovich-alerto-sobre-irregularidades-en-la-asignacion-de-turnos-de-vacunacion-en-caba\\\/#respond\"]}]},{\"@type\":\"WebPage\",\"@id\":\"https:\\\/\\\/diarioprincipios.com\\\/index.php\\\/2021\\\/04\\\/22\\\/volnovich-alerto-sobre-irregularidades-en-la-asignacion-de-turnos-de-vacunacion-en-caba\\\/\",\"url\":\"https:\\\/\\\/diarioprincipios.com\\\/index.php\\\/2021\\\/04\\\/22\\\/volnovich-alerto-sobre-irregularidades-en-la-asignacion-de-turnos-de-vacunacion-en-caba\\\/\",\"name\":\"Volnovich alert\u00f3 sobre irregularidades en la asignaci\u00f3n de turnos de vacunaci\u00f3n en CABA - Principios\",\"isPartOf\":{\"@id\":\"https:\\\/\\\/diarioprincipios.com\\\/#website\"},\"primaryImageOfPage\":{\"@id\":\"https:\\\/\\\/diarioprincipios.com\\\/index.php\\\/2021\\\/04\\\/22\\\/volnovich-alerto-sobre-irregularidades-en-la-asignacion-de-turnos-de-vacunacion-en-caba\\\/#primaryimage\"},\"image\":{\"@id\":\"https:\\\/\\\/diarioprincipios.com\\\/index.php\\\/2021\\\/04\\\/22\\\/volnovich-alerto-sobre-irregularidades-en-la-asignacion-de-turnos-de-vacunacion-en-caba\\\/#primaryimage\"},\"thumbnailUrl\":\"https:\\\/\\\/diarioprincipios.com\\\/wp-content\\\/uploads\\\/2021\\\/04\\\/unnamed-20.jpg\",\"datePublished\":\"2021-04-22T23:52:20+00:00\",\"dateModified\":\"2021-04-22T23:52:27+00:00\",\"breadcrumb\":{\"@id\":\"https:\\\/\\\/diarioprincipios.com\\\/index.php\\\/2021\\\/04\\\/22\\\/volnovich-alerto-sobre-irregularidades-en-la-asignacion-de-turnos-de-vacunacion-en-caba\\\/#breadcrumb\"},\"inLanguage\":\"es\",\"potentialAction\":[{\"@type\":\"ReadAction\",\"target\":[\"https:\\\/\\\/diarioprincipios.com\\\/index.php\\\/2021\\\/04\\\/22\\\/volnovich-alerto-sobre-irregularidades-en-la-asignacion-de-turnos-de-vacunacion-en-caba\\\/\"]}]},{\"@type\":\"ImageObject\",\"inLanguage\":\"es\",\"@id\":\"https:\\\/\\\/diarioprincipios.com\\\/index.php\\\/2021\\\/04\\\/22\\\/volnovich-alerto-sobre-irregularidades-en-la-asignacion-de-turnos-de-vacunacion-en-caba\\\/#primaryimage\",\"url\":\"https:\\\/\\\/diarioprincipios.com\\\/wp-content\\\/uploads\\\/2021\\\/04\\\/unnamed-20.jpg\",\"contentUrl\":\"https:\\\/\\\/diarioprincipios.com\\\/wp-content\\\/uploads\\\/2021\\\/04\\\/unnamed-20.jpg\",\"width\":512,\"height\":289},{\"@type\":\"BreadcrumbList\",\"@id\":\"https:\\\/\\\/diarioprincipios.com\\\/index.php\\\/2021\\\/04\\\/22\\\/volnovich-alerto-sobre-irregularidades-en-la-asignacion-de-turnos-de-vacunacion-en-caba\\\/#breadcrumb\",\"itemListElement\":[{\"@type\":\"ListItem\",\"position\":1,\"name\":\"Portada\",\"item\":\"https:\\\/\\\/diarioprincipios.com\\\/\"},{\"@type\":\"ListItem\",\"position\":2,\"name\":\"Volnovich alert\u00f3 sobre irregularidades en la asignaci\u00f3n de turnos de vacunaci\u00f3n en CABA\"}]},{\"@type\":\"WebSite\",\"@id\":\"https:\\\/\\\/diarioprincipios.com\\\/#website\",\"url\":\"https:\\\/\\\/diarioprincipios.com\\\/\",\"name\":\"Principios\",\"description\":\"Principios Diario\",\"publisher\":{\"@id\":\"https:\\\/\\\/diarioprincipios.com\\\/#organization\"},\"potentialAction\":[{\"@type\":\"SearchAction\",\"target\":{\"@type\":\"EntryPoint\",\"urlTemplate\":\"https:\\\/\\\/diarioprincipios.com\\\/?s={search_term_string}\"},\"query-input\":{\"@type\":\"PropertyValueSpecification\",\"valueRequired\":true,\"valueName\":\"search_term_string\"}}],\"inLanguage\":\"es\"},{\"@type\":\"Organization\",\"@id\":\"https:\\\/\\\/diarioprincipios.com\\\/#organization\",\"name\":\"Principios\",\"url\":\"https:\\\/\\\/diarioprincipios.com\\\/\",\"logo\":{\"@type\":\"ImageObject\",\"inLanguage\":\"es\",\"@id\":\"https:\\\/\\\/diarioprincipios.com\\\/#\\\/schema\\\/logo\\\/image\\\/\",\"url\":\"https:\\\/\\\/diarioprincipios.com\\\/wp-content\\\/uploads\\\/2024\\\/04\\\/cropped-www.diarioprincipios.com_-1.png\",\"contentUrl\":\"https:\\\/\\\/diarioprincipios.com\\\/wp-content\\\/uploads\\\/2024\\\/04\\\/cropped-www.diarioprincipios.com_-1.png\",\"width\":5325,\"height\":1454,\"caption\":\"Principios\"},\"image\":{\"@id\":\"https:\\\/\\\/diarioprincipios.com\\\/#\\\/schema\\\/logo\\\/image\\\/\"}},{\"@type\":\"Person\",\"@id\":\"https:\\\/\\\/diarioprincipios.com\\\/#\\\/schema\\\/person\\\/436d5a1fd41a5e250e23ff5a6a7cb080\",\"name\":\"Hern\u00e1n L\u00f3pez\",\"image\":{\"@type\":\"ImageObject\",\"inLanguage\":\"es\",\"@id\":\"https:\\\/\\\/diarioprincipios.com\\\/wp-content\\\/litespeed\\\/avatar\\\/11ddfe5610ff3bd100522525b2571f48.jpg?ver=1777048341\",\"url\":\"https:\\\/\\\/diarioprincipios.com\\\/wp-content\\\/litespeed\\\/avatar\\\/11ddfe5610ff3bd100522525b2571f48.jpg?ver=1777048341\",\"contentUrl\":\"https:\\\/\\\/diarioprincipios.com\\\/wp-content\\\/litespeed\\\/avatar\\\/11ddfe5610ff3bd100522525b2571f48.jpg?ver=1777048341\",\"caption\":\"Hern\u00e1n L\u00f3pez\"},\"url\":\"https:\\\/\\\/diarioprincipios.com\\\/index.php\\\/author\\\/hernan\\\/\"}]}<\/script>\n<!-- \/ Yoast SEO plugin. -->","yoast_head_json":{"title":"Volnovich alert\u00f3 sobre irregularidades en la asignaci\u00f3n de turnos de vacunaci\u00f3n en CABA - Principios","robots":{"index":"index","follow":"follow","max-snippet":"max-snippet:-1","max-image-preview":"max-image-preview:large","max-video-preview":"max-video-preview:-1"},"canonical":"https:\/\/diarioprincipios.com\/index.php\/2021\/04\/22\/volnovich-alerto-sobre-irregularidades-en-la-asignacion-de-turnos-de-vacunacion-en-caba\/","og_locale":"es_ES","og_type":"article","og_title":"Volnovich alert\u00f3 sobre irregularidades en la asignaci\u00f3n de turnos de vacunaci\u00f3n en CABA - Principios","og_description":"La directora ejecutiva del PAMI, Luana Volnovich, alert\u00f3 hoy sobre presuntas irregularidades en la asignaci\u00f3n de turnos de vacunaci\u00f3n por parte del Gobierno porte\u00f1o, tras constatar que en los tres centros de la entidad, con capacidad para inocular a 1.200 adultos mayores, \u00abno hay turnos asignados para ma\u00f1ana\u00bb. Adem\u00e1s, revel\u00f3 que a esos \u00e1mbitos s\u00f3lo...","og_url":"https:\/\/diarioprincipios.com\/index.php\/2021\/04\/22\/volnovich-alerto-sobre-irregularidades-en-la-asignacion-de-turnos-de-vacunacion-en-caba\/","og_site_name":"Principios","article_published_time":"2021-04-22T23:52:20+00:00","article_modified_time":"2021-04-22T23:52:27+00:00","og_image":[{"width":512,"height":289,"url":"https:\/\/diarioprincipios.com\/wp-content\/uploads\/2021\/04\/unnamed-20.jpg","type":"image\/jpeg"}],"author":"Hern\u00e1n L\u00f3pez","twitter_card":"summary_large_image","twitter_misc":{"Escrito por":"Hern\u00e1n L\u00f3pez","Tiempo de lectura":"4 minutos"},"schema":{"@context":"https:\/\/schema.org","@graph":[{"@type":"Article","@id":"https:\/\/diarioprincipios.com\/index.php\/2021\/04\/22\/volnovich-alerto-sobre-irregularidades-en-la-asignacion-de-turnos-de-vacunacion-en-caba\/#article","isPartOf":{"@id":"https:\/\/diarioprincipios.com\/index.php\/2021\/04\/22\/volnovich-alerto-sobre-irregularidades-en-la-asignacion-de-turnos-de-vacunacion-en-caba\/"},"author":{"name":"Hern\u00e1n L\u00f3pez","@id":"https:\/\/diarioprincipios.com\/#\/schema\/person\/436d5a1fd41a5e250e23ff5a6a7cb080"},"headline":"Volnovich alert\u00f3 sobre irregularidades en la asignaci\u00f3n de turnos de vacunaci\u00f3n en CABA","datePublished":"2021-04-22T23:52:20+00:00","dateModified":"2021-04-22T23:52:27+00:00","mainEntityOfPage":{"@id":"https:\/\/diarioprincipios.com\/index.php\/2021\/04\/22\/volnovich-alerto-sobre-irregularidades-en-la-asignacion-de-turnos-de-vacunacion-en-caba\/"},"wordCount":973,"commentCount":0,"publisher":{"@id":"https:\/\/diarioprincipios.com\/#organization"},"image":{"@id":"https:\/\/diarioprincipios.com\/index.php\/2021\/04\/22\/volnovich-alerto-sobre-irregularidades-en-la-asignacion-de-turnos-de-vacunacion-en-caba\/#primaryimage"},"thumbnailUrl":"https:\/\/diarioprincipios.com\/wp-content\/uploads\/2021\/04\/unnamed-20.jpg","articleSection":["Naci\u00f3n"],"inLanguage":"es","potentialAction":[{"@type":"CommentAction","name":"Comment","target":["https:\/\/diarioprincipios.com\/index.php\/2021\/04\/22\/volnovich-alerto-sobre-irregularidades-en-la-asignacion-de-turnos-de-vacunacion-en-caba\/#respond"]}]},{"@type":"WebPage","@id":"https:\/\/diarioprincipios.com\/index.php\/2021\/04\/22\/volnovich-alerto-sobre-irregularidades-en-la-asignacion-de-turnos-de-vacunacion-en-caba\/","url":"https:\/\/diarioprincipios.com\/index.php\/2021\/04\/22\/volnovich-alerto-sobre-irregularidades-en-la-asignacion-de-turnos-de-vacunacion-en-caba\/","name":"Volnovich alert\u00f3 sobre irregularidades en la asignaci\u00f3n de turnos de vacunaci\u00f3n en CABA - Principios","isPartOf":{"@id":"https:\/\/diarioprincipios.com\/#website"},"primaryImageOfPage":{"@id":"https:\/\/diarioprincipios.com\/index.php\/2021\/04\/22\/volnovich-alerto-sobre-irregularidades-en-la-asignacion-de-turnos-de-vacunacion-en-caba\/#primaryimage"},"image":{"@id":"https:\/\/diarioprincipios.com\/index.php\/2021\/04\/22\/volnovich-alerto-sobre-irregularidades-en-la-asignacion-de-turnos-de-vacunacion-en-caba\/#primaryimage"},"thumbnailUrl":"https:\/\/diarioprincipios.com\/wp-content\/uploads\/2021\/04\/unnamed-20.jpg","datePublished":"2021-04-22T23:52:20+00:00","dateModified":"2021-04-22T23:52:27+00:00","breadcrumb":{"@id":"https:\/\/diarioprincipios.com\/index.php\/2021\/04\/22\/volnovich-alerto-sobre-irregularidades-en-la-asignacion-de-turnos-de-vacunacion-en-caba\/#breadcrumb"},"inLanguage":"es","potentialAction":[{"@type":"ReadAction","target":["https:\/\/diarioprincipios.com\/index.php\/2021\/04\/22\/volnovich-alerto-sobre-irregularidades-en-la-asignacion-de-turnos-de-vacunacion-en-caba\/"]}]},{"@type":"ImageObject","inLanguage":"es","@id":"https:\/\/diarioprincipios.com\/index.php\/2021\/04\/22\/volnovich-alerto-sobre-irregularidades-en-la-asignacion-de-turnos-de-vacunacion-en-caba\/#primaryimage","url":"https:\/\/diarioprincipios.com\/wp-content\/uploads\/2021\/04\/unnamed-20.jpg","contentUrl":"https:\/\/diarioprincipios.com\/wp-content\/uploads\/2021\/04\/unnamed-20.jpg","width":512,"height":289},{"@type":"BreadcrumbList","@id":"https:\/\/diarioprincipios.com\/index.php\/2021\/04\/22\/volnovich-alerto-sobre-irregularidades-en-la-asignacion-de-turnos-de-vacunacion-en-caba\/#breadcrumb","itemListElement":[{"@type":"ListItem","position":1,"name":"Portada","item":"https:\/\/diarioprincipios.com\/"},{"@type":"ListItem","position":2,"name":"Volnovich alert\u00f3 sobre irregularidades en la asignaci\u00f3n de turnos de vacunaci\u00f3n en CABA"}]},{"@type":"WebSite","@id":"https:\/\/diarioprincipios.com\/#website","url":"https:\/\/diarioprincipios.com\/","name":"Principios","description":"Principios Diario","publisher":{"@id":"https:\/\/diarioprincipios.com\/#organization"},"potentialAction":[{"@type":"SearchAction","target":{"@type":"EntryPoint","urlTemplate":"https:\/\/diarioprincipios.com\/?s={search_term_string}"},"query-input":{"@type":"PropertyValueSpecification","valueRequired":true,"valueName":"search_term_string"}}],"inLanguage":"es"},{"@type":"Organization","@id":"https:\/\/diarioprincipios.com\/#organization","name":"Principios","url":"https:\/\/diarioprincipios.com\/","logo":{"@type":"ImageObject","inLanguage":"es","@id":"https:\/\/diarioprincipios.com\/#\/schema\/logo\/image\/","url":"https:\/\/diarioprincipios.com\/wp-content\/uploads\/2024\/04\/cropped-www.diarioprincipios.com_-1.png","contentUrl":"https:\/\/diarioprincipios.com\/wp-content\/uploads\/2024\/04\/cropped-www.diarioprincipios.com_-1.png","width":5325,"height":1454,"caption":"Principios"},"image":{"@id":"https:\/\/diarioprincipios.com\/#\/schema\/logo\/image\/"}},{"@type":"Person","@id":"https:\/\/diarioprincipios.com\/#\/schema\/person\/436d5a1fd41a5e250e23ff5a6a7cb080","name":"Hern\u00e1n L\u00f3pez","image":{"@type":"ImageObject","inLanguage":"es","@id":"https:\/\/diarioprincipios.com\/wp-content\/litespeed\/avatar\/11ddfe5610ff3bd100522525b2571f48.jpg?ver=1777048341","url":"https:\/\/diarioprincipios.com\/wp-content\/litespeed\/avatar\/11ddfe5610ff3bd100522525b2571f48.jpg?ver=1777048341","contentUrl":"https:\/\/diarioprincipios.com\/wp-content\/litespeed\/avatar\/11ddfe5610ff3bd100522525b2571f48.jpg?ver=1777048341","caption":"Hern\u00e1n L\u00f3pez"},"url":"https:\/\/diarioprincipios.com\/index.php\/author\/hernan\/"}]}},"jetpack_featured_media_url":"https:\/\/diarioprincipios.com\/wp-content\/uploads\/2021\/04\/unnamed-20.jpg","_links":{"self":[{"href":"https:\/\/diarioprincipios.com\/index.php\/wp-json\/wp\/v2\/posts\/9603","targetHints":{"allow":["GET"]}}],"collection":[{"href":"https:\/\/diarioprincipios.com\/index.php\/wp-json\/wp\/v2\/posts"}],"about":[{"href":"https:\/\/diarioprincipios.com\/index.php\/wp-json\/wp\/v2\/types\/post"}],"author":[{"embeddable":true,"href":"https:\/\/diarioprincipios.com\/index.php\/wp-json\/wp\/v2\/users\/2"}],"replies":[{"embeddable":true,"href":"https:\/\/diarioprincipios.com\/index.php\/wp-json\/wp\/v2\/comments?post=9603"}],"version-history":[{"count":1,"href":"https:\/\/diarioprincipios.com\/index.php\/wp-json\/wp\/v2\/posts\/9603\/revisions"}],"predecessor-version":[{"id":9605,"href":"https:\/\/diarioprincipios.com\/index.php\/wp-json\/wp\/v2\/posts\/9603\/revisions\/9605"}],"wp:featuredmedia":[{"embeddable":true,"href":"https:\/\/diarioprincipios.com\/index.php\/wp-json\/wp\/v2\/media\/9604"}],"wp:attachment":[{"href":"https:\/\/diarioprincipios.com\/index.php\/wp-json\/wp\/v2\/media?parent=9603"}],"wp:term":[{"taxonomy":"category","embeddable":true,"href":"https:\/\/diarioprincipios.com\/index.php\/wp-json\/wp\/v2\/categories?post=9603"},{"taxonomy":"post_tag","embeddable":true,"href":"https:\/\/diarioprincipios.com\/index.php\/wp-json\/wp\/v2\/tags?post=9603"}],"curies":[{"name":"wp","href":"https:\/\/api.w.org\/{rel}","templated":true}]}}