{"id":9599,"date":"2021-04-22T19:14:49","date_gmt":"2021-04-22T22:14:49","guid":{"rendered":"http:\/\/diarioprincipios.com\/?p=9599"},"modified":"2021-04-22T19:14:56","modified_gmt":"2021-04-22T22:14:56","slug":"berazategui-disminuyo-aun-mas-su-tasa-de-mortalidad-infantil","status":"publish","type":"post","link":"https:\/\/diarioprincipios.com\/index.php\/2021\/04\/22\/berazategui-disminuyo-aun-mas-su-tasa-de-mortalidad-infantil\/","title":{"rendered":"Berazategui disminuy\u00f3 a\u00fan m\u00e1s su Tasa de Mortalidad Infantil"},"content":{"rendered":"\n<p><strong>La Municipalidad de Berazategui, a trav\u00e9s de pol\u00edticas sanitarias llevadas a cabo por su Secretar\u00eda de Salud P\u00fablica e Higiene, baj\u00f3 nuevamente la tasa de mortalidad infantil, alcanzando as\u00ed la m\u00e1s baja de su historia. Seg\u00fan datos oficiales del Ministerio de Salud de la provincia de Buenos Aires, en 2019 la cifra disminuy\u00f3 a 7.9.<\/strong><br>De esta manera, la ciudad super\u00f3 su mejor marca hist\u00f3rica (8.4 en 2018). Estos n\u00fameros indican la cantidad de fallecidos por cada mil nacidos vivos menores de un a\u00f1o.<\/p>\n\n\n\n<figure class=\"wp-block-image size-large\"><img loading=\"lazy\" decoding=\"async\" width=\"901\" height=\"901\" src=\"https:\/\/diarioprincipios.com\/wp-content\/uploads\/2021\/04\/BERAZATEGUI-DISMINUYO-AUN-MAS-SU-TASA-DE-MORTALIDAD-INFANTIL.jpeg\" alt=\"\" class=\"wp-image-9600\" srcset=\"https:\/\/diarioprincipios.com\/wp-content\/uploads\/2021\/04\/BERAZATEGUI-DISMINUYO-AUN-MAS-SU-TASA-DE-MORTALIDAD-INFANTIL.jpeg 901w, https:\/\/diarioprincipios.com\/wp-content\/uploads\/2021\/04\/BERAZATEGUI-DISMINUYO-AUN-MAS-SU-TASA-DE-MORTALIDAD-INFANTIL-300x300.jpeg 300w, https:\/\/diarioprincipios.com\/wp-content\/uploads\/2021\/04\/BERAZATEGUI-DISMINUYO-AUN-MAS-SU-TASA-DE-MORTALIDAD-INFANTIL-150x150.jpeg 150w, https:\/\/diarioprincipios.com\/wp-content\/uploads\/2021\/04\/BERAZATEGUI-DISMINUYO-AUN-MAS-SU-TASA-DE-MORTALIDAD-INFANTIL-768x768.jpeg 768w\" sizes=\"auto, (max-width: 901px) 100vw, 901px\" \/><\/figure>\n\n\n\n<p>Desde 2015, la Secretar\u00eda de Salud P\u00fablica e Higiene municipal implementa estrategias que -en su conjunto- permitieron alcanzar el \u00edndice mencionado. Algunas de ellas son: la generaci\u00f3n de una nueva modalidad de atenci\u00f3n ambulatoria; la creaci\u00f3n de consultorios especiales de neonatolog\u00eda en 7 Centros de Atenci\u00f3n Primaria de Salud (CAPS) destinados a ni\u00f1os de riesgo de hasta 4 a\u00f1os; y la incorporaci\u00f3n de visitas domiciliarias de neonat\u00f3logos para menores de un a\u00f1o que se encuentren en esa misma situaci\u00f3n.<br>La directora de Materno Infantil municipal, Dra. Estela Valiente, explic\u00f3: \u201cLa importancia en la baja de esta tasa es que en Berazategui cada vez son menos los ni\u00f1os menores de 1 a\u00f1o que fallecen por causas prevenibles. Nosotros siempre tenemos el ojo puesto en qu\u00e9 pasa con el ni\u00f1o cuando llega a la casa luego de nacer y ponemos el \u00e9nfasis en aquellos que son prematuros, o con bajo peso o tienen alguna patolog\u00eda. Esto no quiere decir que dejemos de lado el control sobre el ni\u00f1o sano\u201d.<br>Asimismo, asegur\u00f3: \u201cNo existe en el pa\u00eds, a nivel municipal, un seguimiento como el que hacemos en Berazategui. Porque, adem\u00e1s de las consultas en los CAPS, los neonat\u00f3logos se acercan a los domicilios del reci\u00e9n nacido para hacer los controles correspondientes. Tambi\u00e9n trabajamos con el Hospital Evita Pueblo e integramos la Red Pedi\u00e1trica del Sudeste -junto a Quilmes, Florencio Varela y Almirante Brown- y contamos con la posibilidad de hacer interconsultas con los Hospitales Garrahan y El Cruce-Dr. N\u00e9stor Carlos Kirchner\u201d.<br>En el mismo sentido, Valiente remarc\u00f3: \u201cEl a\u00f1o pasado, debido a la pandemia de COVID-19, generamos un grupo de WhatsApp con los pap\u00e1s de los beb\u00e9s en riesgo. Es una gran ayuda porque nos permite estar en permanente contacto y evacuar dudas. Tambi\u00e9n, es una herramienta que nos posibilita actuar r\u00e1pidamente ante una emergencia y hacer el env\u00edo de un m\u00f3vil en caso de ser necesario\u201d.<br>Por \u00faltimo, la Directora de Materno Infantil de Berazategui destac\u00f3: \u201cTodo lo logrado es gracias al impulso y apoyo que nos brinda el intendente municipal, Juan Jos\u00e9 Mussi. \u00c9l siempre nos escucha para poder llevar a cabo este trabajo que es en beneficio de los vecinos\u201d.<\/p>\n\n\n\n<figure class=\"wp-block-image\"><img decoding=\"async\" src=\"https:\/\/ecp.yusercontent.com\/mail?url=https%3A%2F%2Fdocs.google.com%2Fuc%3Fexport%3Ddownload%26id%3D1O9ySDGVjFwLiWj3yWiMdjtCw6pHI7T-F%26revid%3D0B9CZhG6aa0VidWpSQjZNZGVndGpYeWM5ZWtiUFNuM1JQV3U4PQ&amp;t=1619122418&amp;ymreqid=5799fcab-b43d-2794-2265-f8000501c700&amp;sig=dxipyyUYVNiATmz1DMPkpQ--~D\" alt=\"\"\/><\/figure>\n","protected":false},"excerpt":{"rendered":"<p>La Municipalidad de Berazategui, a trav\u00e9s de pol\u00edticas sanitarias llevadas a cabo por su Secretar\u00eda de Salud P\u00fablica e Higiene, baj\u00f3 nuevamente la tasa de mortalidad infantil, alcanzando as\u00ed la m\u00e1s baja de su historia. Seg\u00fan datos oficiales del Ministerio de Salud de la provincia de Buenos Aires, en 2019 la cifra disminuy\u00f3 a 7.9.De&#8230;<\/p>\n","protected":false},"author":2,"featured_media":9601,"comment_status":"open","ping_status":"open","sticky":false,"template":"","format":"standard","meta":{"footnotes":""},"categories":[3],"tags":[],"class_list":["post-9599","post","type-post","status-publish","format-standard","has-post-thumbnail","hentry","category-berazategui"],"featured_image_src":"https:\/\/diarioprincipios.com\/wp-content\/uploads\/2021\/04\/20210422_191138.jpg","blog_images":{"medium":"https:\/\/diarioprincipios.com\/wp-content\/uploads\/2021\/04\/20210422_191138-300x193.jpg","large":"https:\/\/diarioprincipios.com\/wp-content\/uploads\/2021\/04\/20210422_191138.jpg"},"ams_acf":[],"yoast_head":"<!-- This site is optimized with the Yoast SEO plugin v27.3 - https:\/\/yoast.com\/product\/yoast-seo-wordpress\/ -->\n<title>Berazategui disminuy\u00f3 a\u00fan m\u00e1s su Tasa de Mortalidad Infantil - Principios<\/title>\n<meta name=\"robots\" content=\"index, follow, max-snippet:-1, max-image-preview:large, max-video-preview:-1\" \/>\n<link rel=\"canonical\" href=\"https:\/\/diarioprincipios.com\/index.php\/2021\/04\/22\/berazategui-disminuyo-aun-mas-su-tasa-de-mortalidad-infantil\/\" \/>\n<meta property=\"og:locale\" content=\"es_ES\" \/>\n<meta property=\"og:type\" content=\"article\" \/>\n<meta property=\"og:title\" content=\"Berazategui disminuy\u00f3 a\u00fan m\u00e1s su Tasa de Mortalidad Infantil - Principios\" \/>\n<meta property=\"og:description\" content=\"La Municipalidad de Berazategui, a trav\u00e9s de pol\u00edticas sanitarias llevadas a cabo por su Secretar\u00eda de Salud P\u00fablica e Higiene, baj\u00f3 nuevamente la tasa de mortalidad infantil, alcanzando as\u00ed la m\u00e1s baja de su historia. Seg\u00fan datos oficiales del Ministerio de Salud de la provincia de Buenos Aires, en 2019 la cifra disminuy\u00f3 a 7.9.De...\" \/>\n<meta property=\"og:url\" content=\"https:\/\/diarioprincipios.com\/index.php\/2021\/04\/22\/berazategui-disminuyo-aun-mas-su-tasa-de-mortalidad-infantil\/\" \/>\n<meta property=\"og:site_name\" content=\"Principios\" \/>\n<meta property=\"article:published_time\" content=\"2021-04-22T22:14:49+00:00\" \/>\n<meta property=\"article:modified_time\" content=\"2021-04-22T22:14:56+00:00\" \/>\n<meta property=\"og:image\" content=\"https:\/\/diarioprincipios.com\/wp-content\/uploads\/2021\/04\/20210422_191138.jpg\" \/>\n\t<meta property=\"og:image:width\" content=\"896\" \/>\n\t<meta property=\"og:image:height\" content=\"575\" \/>\n\t<meta property=\"og:image:type\" content=\"image\/jpeg\" \/>\n<meta name=\"author\" content=\"Hern\u00e1n L\u00f3pez\" \/>\n<meta name=\"twitter:card\" content=\"summary_large_image\" \/>\n<meta name=\"twitter:label1\" content=\"Escrito por\" \/>\n\t<meta name=\"twitter:data1\" content=\"Hern\u00e1n L\u00f3pez\" \/>\n\t<meta name=\"twitter:label2\" content=\"Tiempo de lectura\" \/>\n\t<meta name=\"twitter:data2\" content=\"3 minutos\" \/>\n<script type=\"application\/ld+json\" class=\"yoast-schema-graph\">{\"@context\":\"https:\\\/\\\/schema.org\",\"@graph\":[{\"@type\":\"Article\",\"@id\":\"https:\\\/\\\/diarioprincipios.com\\\/index.php\\\/2021\\\/04\\\/22\\\/berazategui-disminuyo-aun-mas-su-tasa-de-mortalidad-infantil\\\/#article\",\"isPartOf\":{\"@id\":\"https:\\\/\\\/diarioprincipios.com\\\/index.php\\\/2021\\\/04\\\/22\\\/berazategui-disminuyo-aun-mas-su-tasa-de-mortalidad-infantil\\\/\"},\"author\":{\"name\":\"Hern\u00e1n L\u00f3pez\",\"@id\":\"https:\\\/\\\/diarioprincipios.com\\\/#\\\/schema\\\/person\\\/436d5a1fd41a5e250e23ff5a6a7cb080\"},\"headline\":\"Berazategui disminuy\u00f3 a\u00fan m\u00e1s su Tasa de Mortalidad Infantil\",\"datePublished\":\"2021-04-22T22:14:49+00:00\",\"dateModified\":\"2021-04-22T22:14:56+00:00\",\"mainEntityOfPage\":{\"@id\":\"https:\\\/\\\/diarioprincipios.com\\\/index.php\\\/2021\\\/04\\\/22\\\/berazategui-disminuyo-aun-mas-su-tasa-de-mortalidad-infantil\\\/\"},\"wordCount\":488,\"commentCount\":0,\"publisher\":{\"@id\":\"https:\\\/\\\/diarioprincipios.com\\\/#organization\"},\"image\":{\"@id\":\"https:\\\/\\\/diarioprincipios.com\\\/index.php\\\/2021\\\/04\\\/22\\\/berazategui-disminuyo-aun-mas-su-tasa-de-mortalidad-infantil\\\/#primaryimage\"},\"thumbnailUrl\":\"https:\\\/\\\/diarioprincipios.com\\\/wp-content\\\/uploads\\\/2021\\\/04\\\/20210422_191138.jpg\",\"articleSection\":[\"Berazategui\"],\"inLanguage\":\"es\",\"potentialAction\":[{\"@type\":\"CommentAction\",\"name\":\"Comment\",\"target\":[\"https:\\\/\\\/diarioprincipios.com\\\/index.php\\\/2021\\\/04\\\/22\\\/berazategui-disminuyo-aun-mas-su-tasa-de-mortalidad-infantil\\\/#respond\"]}]},{\"@type\":\"WebPage\",\"@id\":\"https:\\\/\\\/diarioprincipios.com\\\/index.php\\\/2021\\\/04\\\/22\\\/berazategui-disminuyo-aun-mas-su-tasa-de-mortalidad-infantil\\\/\",\"url\":\"https:\\\/\\\/diarioprincipios.com\\\/index.php\\\/2021\\\/04\\\/22\\\/berazategui-disminuyo-aun-mas-su-tasa-de-mortalidad-infantil\\\/\",\"name\":\"Berazategui disminuy\u00f3 a\u00fan m\u00e1s su Tasa de Mortalidad Infantil - Principios\",\"isPartOf\":{\"@id\":\"https:\\\/\\\/diarioprincipios.com\\\/#website\"},\"primaryImageOfPage\":{\"@id\":\"https:\\\/\\\/diarioprincipios.com\\\/index.php\\\/2021\\\/04\\\/22\\\/berazategui-disminuyo-aun-mas-su-tasa-de-mortalidad-infantil\\\/#primaryimage\"},\"image\":{\"@id\":\"https:\\\/\\\/diarioprincipios.com\\\/index.php\\\/2021\\\/04\\\/22\\\/berazategui-disminuyo-aun-mas-su-tasa-de-mortalidad-infantil\\\/#primaryimage\"},\"thumbnailUrl\":\"https:\\\/\\\/diarioprincipios.com\\\/wp-content\\\/uploads\\\/2021\\\/04\\\/20210422_191138.jpg\",\"datePublished\":\"2021-04-22T22:14:49+00:00\",\"dateModified\":\"2021-04-22T22:14:56+00:00\",\"breadcrumb\":{\"@id\":\"https:\\\/\\\/diarioprincipios.com\\\/index.php\\\/2021\\\/04\\\/22\\\/berazategui-disminuyo-aun-mas-su-tasa-de-mortalidad-infantil\\\/#breadcrumb\"},\"inLanguage\":\"es\",\"potentialAction\":[{\"@type\":\"ReadAction\",\"target\":[\"https:\\\/\\\/diarioprincipios.com\\\/index.php\\\/2021\\\/04\\\/22\\\/berazategui-disminuyo-aun-mas-su-tasa-de-mortalidad-infantil\\\/\"]}]},{\"@type\":\"ImageObject\",\"inLanguage\":\"es\",\"@id\":\"https:\\\/\\\/diarioprincipios.com\\\/index.php\\\/2021\\\/04\\\/22\\\/berazategui-disminuyo-aun-mas-su-tasa-de-mortalidad-infantil\\\/#primaryimage\",\"url\":\"https:\\\/\\\/diarioprincipios.com\\\/wp-content\\\/uploads\\\/2021\\\/04\\\/20210422_191138.jpg\",\"contentUrl\":\"https:\\\/\\\/diarioprincipios.com\\\/wp-content\\\/uploads\\\/2021\\\/04\\\/20210422_191138.jpg\",\"width\":896,\"height\":575},{\"@type\":\"BreadcrumbList\",\"@id\":\"https:\\\/\\\/diarioprincipios.com\\\/index.php\\\/2021\\\/04\\\/22\\\/berazategui-disminuyo-aun-mas-su-tasa-de-mortalidad-infantil\\\/#breadcrumb\",\"itemListElement\":[{\"@type\":\"ListItem\",\"position\":1,\"name\":\"Portada\",\"item\":\"https:\\\/\\\/diarioprincipios.com\\\/\"},{\"@type\":\"ListItem\",\"position\":2,\"name\":\"Berazategui disminuy\u00f3 a\u00fan m\u00e1s su Tasa de Mortalidad Infantil\"}]},{\"@type\":\"WebSite\",\"@id\":\"https:\\\/\\\/diarioprincipios.com\\\/#website\",\"url\":\"https:\\\/\\\/diarioprincipios.com\\\/\",\"name\":\"Principios\",\"description\":\"Principios Diario\",\"publisher\":{\"@id\":\"https:\\\/\\\/diarioprincipios.com\\\/#organization\"},\"potentialAction\":[{\"@type\":\"SearchAction\",\"target\":{\"@type\":\"EntryPoint\",\"urlTemplate\":\"https:\\\/\\\/diarioprincipios.com\\\/?s={search_term_string}\"},\"query-input\":{\"@type\":\"PropertyValueSpecification\",\"valueRequired\":true,\"valueName\":\"search_term_string\"}}],\"inLanguage\":\"es\"},{\"@type\":\"Organization\",\"@id\":\"https:\\\/\\\/diarioprincipios.com\\\/#organization\",\"name\":\"Principios\",\"url\":\"https:\\\/\\\/diarioprincipios.com\\\/\",\"logo\":{\"@type\":\"ImageObject\",\"inLanguage\":\"es\",\"@id\":\"https:\\\/\\\/diarioprincipios.com\\\/#\\\/schema\\\/logo\\\/image\\\/\",\"url\":\"https:\\\/\\\/diarioprincipios.com\\\/wp-content\\\/uploads\\\/2024\\\/04\\\/cropped-www.diarioprincipios.com_-1.png\",\"contentUrl\":\"https:\\\/\\\/diarioprincipios.com\\\/wp-content\\\/uploads\\\/2024\\\/04\\\/cropped-www.diarioprincipios.com_-1.png\",\"width\":5325,\"height\":1454,\"caption\":\"Principios\"},\"image\":{\"@id\":\"https:\\\/\\\/diarioprincipios.com\\\/#\\\/schema\\\/logo\\\/image\\\/\"}},{\"@type\":\"Person\",\"@id\":\"https:\\\/\\\/diarioprincipios.com\\\/#\\\/schema\\\/person\\\/436d5a1fd41a5e250e23ff5a6a7cb080\",\"name\":\"Hern\u00e1n L\u00f3pez\",\"image\":{\"@type\":\"ImageObject\",\"inLanguage\":\"es\",\"@id\":\"https:\\\/\\\/diarioprincipios.com\\\/wp-content\\\/litespeed\\\/avatar\\\/11ddfe5610ff3bd100522525b2571f48.jpg?ver=1777653193\",\"url\":\"https:\\\/\\\/diarioprincipios.com\\\/wp-content\\\/litespeed\\\/avatar\\\/11ddfe5610ff3bd100522525b2571f48.jpg?ver=1777653193\",\"contentUrl\":\"https:\\\/\\\/diarioprincipios.com\\\/wp-content\\\/litespeed\\\/avatar\\\/11ddfe5610ff3bd100522525b2571f48.jpg?ver=1777653193\",\"caption\":\"Hern\u00e1n L\u00f3pez\"},\"url\":\"https:\\\/\\\/diarioprincipios.com\\\/index.php\\\/author\\\/hernan\\\/\"}]}<\/script>\n<!-- \/ Yoast SEO plugin. -->","yoast_head_json":{"title":"Berazategui disminuy\u00f3 a\u00fan m\u00e1s su Tasa de Mortalidad Infantil - Principios","robots":{"index":"index","follow":"follow","max-snippet":"max-snippet:-1","max-image-preview":"max-image-preview:large","max-video-preview":"max-video-preview:-1"},"canonical":"https:\/\/diarioprincipios.com\/index.php\/2021\/04\/22\/berazategui-disminuyo-aun-mas-su-tasa-de-mortalidad-infantil\/","og_locale":"es_ES","og_type":"article","og_title":"Berazategui disminuy\u00f3 a\u00fan m\u00e1s su Tasa de Mortalidad Infantil - Principios","og_description":"La Municipalidad de Berazategui, a trav\u00e9s de pol\u00edticas sanitarias llevadas a cabo por su Secretar\u00eda de Salud P\u00fablica e Higiene, baj\u00f3 nuevamente la tasa de mortalidad infantil, alcanzando as\u00ed la m\u00e1s baja de su historia. Seg\u00fan datos oficiales del Ministerio de Salud de la provincia de Buenos Aires, en 2019 la cifra disminuy\u00f3 a 7.9.De...","og_url":"https:\/\/diarioprincipios.com\/index.php\/2021\/04\/22\/berazategui-disminuyo-aun-mas-su-tasa-de-mortalidad-infantil\/","og_site_name":"Principios","article_published_time":"2021-04-22T22:14:49+00:00","article_modified_time":"2021-04-22T22:14:56+00:00","og_image":[{"width":896,"height":575,"url":"https:\/\/diarioprincipios.com\/wp-content\/uploads\/2021\/04\/20210422_191138.jpg","type":"image\/jpeg"}],"author":"Hern\u00e1n L\u00f3pez","twitter_card":"summary_large_image","twitter_misc":{"Escrito por":"Hern\u00e1n L\u00f3pez","Tiempo de lectura":"3 minutos"},"schema":{"@context":"https:\/\/schema.org","@graph":[{"@type":"Article","@id":"https:\/\/diarioprincipios.com\/index.php\/2021\/04\/22\/berazategui-disminuyo-aun-mas-su-tasa-de-mortalidad-infantil\/#article","isPartOf":{"@id":"https:\/\/diarioprincipios.com\/index.php\/2021\/04\/22\/berazategui-disminuyo-aun-mas-su-tasa-de-mortalidad-infantil\/"},"author":{"name":"Hern\u00e1n L\u00f3pez","@id":"https:\/\/diarioprincipios.com\/#\/schema\/person\/436d5a1fd41a5e250e23ff5a6a7cb080"},"headline":"Berazategui disminuy\u00f3 a\u00fan m\u00e1s su Tasa de Mortalidad Infantil","datePublished":"2021-04-22T22:14:49+00:00","dateModified":"2021-04-22T22:14:56+00:00","mainEntityOfPage":{"@id":"https:\/\/diarioprincipios.com\/index.php\/2021\/04\/22\/berazategui-disminuyo-aun-mas-su-tasa-de-mortalidad-infantil\/"},"wordCount":488,"commentCount":0,"publisher":{"@id":"https:\/\/diarioprincipios.com\/#organization"},"image":{"@id":"https:\/\/diarioprincipios.com\/index.php\/2021\/04\/22\/berazategui-disminuyo-aun-mas-su-tasa-de-mortalidad-infantil\/#primaryimage"},"thumbnailUrl":"https:\/\/diarioprincipios.com\/wp-content\/uploads\/2021\/04\/20210422_191138.jpg","articleSection":["Berazategui"],"inLanguage":"es","potentialAction":[{"@type":"CommentAction","name":"Comment","target":["https:\/\/diarioprincipios.com\/index.php\/2021\/04\/22\/berazategui-disminuyo-aun-mas-su-tasa-de-mortalidad-infantil\/#respond"]}]},{"@type":"WebPage","@id":"https:\/\/diarioprincipios.com\/index.php\/2021\/04\/22\/berazategui-disminuyo-aun-mas-su-tasa-de-mortalidad-infantil\/","url":"https:\/\/diarioprincipios.com\/index.php\/2021\/04\/22\/berazategui-disminuyo-aun-mas-su-tasa-de-mortalidad-infantil\/","name":"Berazategui disminuy\u00f3 a\u00fan m\u00e1s su Tasa de Mortalidad Infantil - Principios","isPartOf":{"@id":"https:\/\/diarioprincipios.com\/#website"},"primaryImageOfPage":{"@id":"https:\/\/diarioprincipios.com\/index.php\/2021\/04\/22\/berazategui-disminuyo-aun-mas-su-tasa-de-mortalidad-infantil\/#primaryimage"},"image":{"@id":"https:\/\/diarioprincipios.com\/index.php\/2021\/04\/22\/berazategui-disminuyo-aun-mas-su-tasa-de-mortalidad-infantil\/#primaryimage"},"thumbnailUrl":"https:\/\/diarioprincipios.com\/wp-content\/uploads\/2021\/04\/20210422_191138.jpg","datePublished":"2021-04-22T22:14:49+00:00","dateModified":"2021-04-22T22:14:56+00:00","breadcrumb":{"@id":"https:\/\/diarioprincipios.com\/index.php\/2021\/04\/22\/berazategui-disminuyo-aun-mas-su-tasa-de-mortalidad-infantil\/#breadcrumb"},"inLanguage":"es","potentialAction":[{"@type":"ReadAction","target":["https:\/\/diarioprincipios.com\/index.php\/2021\/04\/22\/berazategui-disminuyo-aun-mas-su-tasa-de-mortalidad-infantil\/"]}]},{"@type":"ImageObject","inLanguage":"es","@id":"https:\/\/diarioprincipios.com\/index.php\/2021\/04\/22\/berazategui-disminuyo-aun-mas-su-tasa-de-mortalidad-infantil\/#primaryimage","url":"https:\/\/diarioprincipios.com\/wp-content\/uploads\/2021\/04\/20210422_191138.jpg","contentUrl":"https:\/\/diarioprincipios.com\/wp-content\/uploads\/2021\/04\/20210422_191138.jpg","width":896,"height":575},{"@type":"BreadcrumbList","@id":"https:\/\/diarioprincipios.com\/index.php\/2021\/04\/22\/berazategui-disminuyo-aun-mas-su-tasa-de-mortalidad-infantil\/#breadcrumb","itemListElement":[{"@type":"ListItem","position":1,"name":"Portada","item":"https:\/\/diarioprincipios.com\/"},{"@type":"ListItem","position":2,"name":"Berazategui disminuy\u00f3 a\u00fan m\u00e1s su Tasa de Mortalidad Infantil"}]},{"@type":"WebSite","@id":"https:\/\/diarioprincipios.com\/#website","url":"https:\/\/diarioprincipios.com\/","name":"Principios","description":"Principios Diario","publisher":{"@id":"https:\/\/diarioprincipios.com\/#organization"},"potentialAction":[{"@type":"SearchAction","target":{"@type":"EntryPoint","urlTemplate":"https:\/\/diarioprincipios.com\/?s={search_term_string}"},"query-input":{"@type":"PropertyValueSpecification","valueRequired":true,"valueName":"search_term_string"}}],"inLanguage":"es"},{"@type":"Organization","@id":"https:\/\/diarioprincipios.com\/#organization","name":"Principios","url":"https:\/\/diarioprincipios.com\/","logo":{"@type":"ImageObject","inLanguage":"es","@id":"https:\/\/diarioprincipios.com\/#\/schema\/logo\/image\/","url":"https:\/\/diarioprincipios.com\/wp-content\/uploads\/2024\/04\/cropped-www.diarioprincipios.com_-1.png","contentUrl":"https:\/\/diarioprincipios.com\/wp-content\/uploads\/2024\/04\/cropped-www.diarioprincipios.com_-1.png","width":5325,"height":1454,"caption":"Principios"},"image":{"@id":"https:\/\/diarioprincipios.com\/#\/schema\/logo\/image\/"}},{"@type":"Person","@id":"https:\/\/diarioprincipios.com\/#\/schema\/person\/436d5a1fd41a5e250e23ff5a6a7cb080","name":"Hern\u00e1n L\u00f3pez","image":{"@type":"ImageObject","inLanguage":"es","@id":"https:\/\/diarioprincipios.com\/wp-content\/litespeed\/avatar\/11ddfe5610ff3bd100522525b2571f48.jpg?ver=1777653193","url":"https:\/\/diarioprincipios.com\/wp-content\/litespeed\/avatar\/11ddfe5610ff3bd100522525b2571f48.jpg?ver=1777653193","contentUrl":"https:\/\/diarioprincipios.com\/wp-content\/litespeed\/avatar\/11ddfe5610ff3bd100522525b2571f48.jpg?ver=1777653193","caption":"Hern\u00e1n L\u00f3pez"},"url":"https:\/\/diarioprincipios.com\/index.php\/author\/hernan\/"}]}},"jetpack_featured_media_url":"https:\/\/diarioprincipios.com\/wp-content\/uploads\/2021\/04\/20210422_191138.jpg","_links":{"self":[{"href":"https:\/\/diarioprincipios.com\/index.php\/wp-json\/wp\/v2\/posts\/9599","targetHints":{"allow":["GET"]}}],"collection":[{"href":"https:\/\/diarioprincipios.com\/index.php\/wp-json\/wp\/v2\/posts"}],"about":[{"href":"https:\/\/diarioprincipios.com\/index.php\/wp-json\/wp\/v2\/types\/post"}],"author":[{"embeddable":true,"href":"https:\/\/diarioprincipios.com\/index.php\/wp-json\/wp\/v2\/users\/2"}],"replies":[{"embeddable":true,"href":"https:\/\/diarioprincipios.com\/index.php\/wp-json\/wp\/v2\/comments?post=9599"}],"version-history":[{"count":1,"href":"https:\/\/diarioprincipios.com\/index.php\/wp-json\/wp\/v2\/posts\/9599\/revisions"}],"predecessor-version":[{"id":9602,"href":"https:\/\/diarioprincipios.com\/index.php\/wp-json\/wp\/v2\/posts\/9599\/revisions\/9602"}],"wp:featuredmedia":[{"embeddable":true,"href":"https:\/\/diarioprincipios.com\/index.php\/wp-json\/wp\/v2\/media\/9601"}],"wp:attachment":[{"href":"https:\/\/diarioprincipios.com\/index.php\/wp-json\/wp\/v2\/media?parent=9599"}],"wp:term":[{"taxonomy":"category","embeddable":true,"href":"https:\/\/diarioprincipios.com\/index.php\/wp-json\/wp\/v2\/categories?post=9599"},{"taxonomy":"post_tag","embeddable":true,"href":"https:\/\/diarioprincipios.com\/index.php\/wp-json\/wp\/v2\/tags?post=9599"}],"curies":[{"name":"wp","href":"https:\/\/api.w.org\/{rel}","templated":true}]}}