{"id":9596,"date":"2021-04-22T18:24:42","date_gmt":"2021-04-22T21:24:42","guid":{"rendered":"http:\/\/diarioprincipios.com\/?p=9596"},"modified":"2021-04-22T18:24:48","modified_gmt":"2021-04-22T21:24:48","slug":"nueva-reunion-de-la-mesa-de-articulacion-sanitaria-de-avellaneda","status":"publish","type":"post","link":"https:\/\/diarioprincipios.com\/index.php\/2021\/04\/22\/nueva-reunion-de-la-mesa-de-articulacion-sanitaria-de-avellaneda\/","title":{"rendered":"Nueva reuni\u00f3n de la Mesa de Articulaci\u00f3n Sanitaria de Avellaneda"},"content":{"rendered":"\n<p><br>Ante la emergencia sanitaria, es fundamental el trabajo en conjunto para coordinar e implementar las acciones de abordaje.<\/p>\n\n\n\n<p>El intendente de Avellaneda Alejo Chornobroff y la jefa de Gabinete, Magdalena Sierra, mantuvieron un nuevo encuentro de trabajo junto a autoridades sanitarias y directores de hospitales del distrito, para dialogar sobre la situaci\u00f3n sanitaria por Covid-19.<br><br>La secretaria de Salud, Virginia Gonz\u00e1lez Algara\u00f1az, destac\u00f3 que \u00aben Avellaneda estamos ampliando los centros de diagn\u00f3sticos y generando mayores puestos para hisopados, con el fin de que aquellas personas que tienen s\u00edntomas no concurran a los hospitales y as\u00ed evitar la aglomeraci\u00f3n\u00bb.<br><br>Las autoridades de los hospitales Fiorito, Presidente Per\u00f3n, Wilde y Ana Goit\u00eda comentaron la situaci\u00f3n en la que se encuentran actualmente, con el aumento de casos positivos y su injerencia sobre la ocupaci\u00f3n del sector de terapia intensiva.<br><br>En Avellaneda sigue adelante el Plan Vacunate, impulsado por el gobierno de la Provincia de Buenos Aires. El distrito tiene uno de los \u00edndices de poblaci\u00f3n vacunada m\u00e1s altos de todo el AMBA y est\u00e1 previsto que sigan llegando m\u00e1s dosis de vacunas para distribuirlas en los distintos centros de vacunaci\u00f3n que ya est\u00e1n funcionando y los que se abrir\u00e1n en los pr\u00f3ximos d\u00edas.<br><br>De la reuni\u00f3n tambi\u00e9n participaron el director provincial de la Regi\u00f3n Sanitaria VI, Luis Parrilla, y la subsecretaria de Salud, Alicia Vega, y representantes del sistema de emergencia SAME, de Avellaneda.<\/p>\n\n\n\n<figure class=\"wp-block-image\"><img decoding=\"async\" src=\"https:\/\/ecp.yusercontent.com\/mail?url=https%3A%2F%2Fdocs.google.com%2Fuc%3Fexport%3Ddownload%26id%3D1t2VOlCGJg2DXJS4YScBgAORvCElc1jc5%26revid%3D0By_1l-TK_PtbSExrTmZ6aUtYaHFIMGw5Qm1KK3RJK25IUHJNPQ&amp;t=1619126025&amp;ymreqid=5799fcab-b43d-2794-2265-f8001801c700&amp;sig=NoALfZ_Bfx4Apu1XDFet1A--~D\" alt=\"\"\/><\/figure>\n","protected":false},"excerpt":{"rendered":"<p>Ante la emergencia sanitaria, es fundamental el trabajo en conjunto para coordinar e implementar las acciones de abordaje. El intendente de Avellaneda Alejo Chornobroff y la jefa de Gabinete, Magdalena Sierra, mantuvieron un nuevo encuentro de trabajo junto a autoridades sanitarias y directores de hospitales del distrito, para dialogar sobre la situaci\u00f3n sanitaria por Covid-19&#8230;.<\/p>\n","protected":false},"author":2,"featured_media":9597,"comment_status":"open","ping_status":"open","sticky":false,"template":"","format":"standard","meta":{"footnotes":""},"categories":[5],"tags":[],"class_list":["post-9596","post","type-post","status-publish","format-standard","has-post-thumbnail","hentry","category-avellaneda"],"featured_image_src":"https:\/\/diarioprincipios.com\/wp-content\/uploads\/2021\/04\/EzmmwPMX0AUG1sr-1024x587.jpg","blog_images":{"medium":"https:\/\/diarioprincipios.com\/wp-content\/uploads\/2021\/04\/EzmmwPMX0AUG1sr-300x172.jpg","large":"https:\/\/diarioprincipios.com\/wp-content\/uploads\/2021\/04\/EzmmwPMX0AUG1sr-1024x587.jpg"},"ams_acf":[],"yoast_head":"<!-- This site is optimized with the Yoast SEO plugin v27.3 - https:\/\/yoast.com\/product\/yoast-seo-wordpress\/ -->\n<title>Nueva reuni\u00f3n de la Mesa de Articulaci\u00f3n Sanitaria de Avellaneda - Principios<\/title>\n<meta name=\"robots\" content=\"index, follow, max-snippet:-1, max-image-preview:large, max-video-preview:-1\" \/>\n<link rel=\"canonical\" href=\"https:\/\/diarioprincipios.com\/index.php\/2021\/04\/22\/nueva-reunion-de-la-mesa-de-articulacion-sanitaria-de-avellaneda\/\" \/>\n<meta property=\"og:locale\" content=\"es_ES\" \/>\n<meta property=\"og:type\" content=\"article\" \/>\n<meta property=\"og:title\" content=\"Nueva reuni\u00f3n de la Mesa de Articulaci\u00f3n Sanitaria de Avellaneda - Principios\" \/>\n<meta property=\"og:description\" content=\"Ante la emergencia sanitaria, es fundamental el trabajo en conjunto para coordinar e implementar las acciones de abordaje. El intendente de Avellaneda Alejo Chornobroff y la jefa de Gabinete, Magdalena Sierra, mantuvieron un nuevo encuentro de trabajo junto a autoridades sanitarias y directores de hospitales del distrito, para dialogar sobre la situaci\u00f3n sanitaria por Covid-19....\" \/>\n<meta property=\"og:url\" content=\"https:\/\/diarioprincipios.com\/index.php\/2021\/04\/22\/nueva-reunion-de-la-mesa-de-articulacion-sanitaria-de-avellaneda\/\" \/>\n<meta property=\"og:site_name\" content=\"Principios\" \/>\n<meta property=\"article:published_time\" content=\"2021-04-22T21:24:42+00:00\" \/>\n<meta property=\"article:modified_time\" content=\"2021-04-22T21:24:48+00:00\" \/>\n<meta property=\"og:image\" content=\"https:\/\/diarioprincipios.com\/wp-content\/uploads\/2021\/04\/EzmmwPMX0AUG1sr.jpg\" \/>\n\t<meta property=\"og:image:width\" content=\"1280\" \/>\n\t<meta property=\"og:image:height\" content=\"734\" \/>\n\t<meta property=\"og:image:type\" content=\"image\/jpeg\" \/>\n<meta name=\"author\" content=\"Hern\u00e1n L\u00f3pez\" \/>\n<meta name=\"twitter:card\" content=\"summary_large_image\" \/>\n<meta name=\"twitter:label1\" content=\"Escrito por\" \/>\n\t<meta name=\"twitter:data1\" content=\"Hern\u00e1n L\u00f3pez\" \/>\n\t<meta name=\"twitter:label2\" content=\"Tiempo de lectura\" \/>\n\t<meta name=\"twitter:data2\" content=\"2 minutos\" \/>\n<script type=\"application\/ld+json\" class=\"yoast-schema-graph\">{\"@context\":\"https:\\\/\\\/schema.org\",\"@graph\":[{\"@type\":\"Article\",\"@id\":\"https:\\\/\\\/diarioprincipios.com\\\/index.php\\\/2021\\\/04\\\/22\\\/nueva-reunion-de-la-mesa-de-articulacion-sanitaria-de-avellaneda\\\/#article\",\"isPartOf\":{\"@id\":\"https:\\\/\\\/diarioprincipios.com\\\/index.php\\\/2021\\\/04\\\/22\\\/nueva-reunion-de-la-mesa-de-articulacion-sanitaria-de-avellaneda\\\/\"},\"author\":{\"name\":\"Hern\u00e1n L\u00f3pez\",\"@id\":\"https:\\\/\\\/diarioprincipios.com\\\/#\\\/schema\\\/person\\\/436d5a1fd41a5e250e23ff5a6a7cb080\"},\"headline\":\"Nueva reuni\u00f3n de la Mesa de Articulaci\u00f3n Sanitaria de Avellaneda\",\"datePublished\":\"2021-04-22T21:24:42+00:00\",\"dateModified\":\"2021-04-22T21:24:48+00:00\",\"mainEntityOfPage\":{\"@id\":\"https:\\\/\\\/diarioprincipios.com\\\/index.php\\\/2021\\\/04\\\/22\\\/nueva-reunion-de-la-mesa-de-articulacion-sanitaria-de-avellaneda\\\/\"},\"wordCount\":264,\"commentCount\":0,\"publisher\":{\"@id\":\"https:\\\/\\\/diarioprincipios.com\\\/#organization\"},\"image\":{\"@id\":\"https:\\\/\\\/diarioprincipios.com\\\/index.php\\\/2021\\\/04\\\/22\\\/nueva-reunion-de-la-mesa-de-articulacion-sanitaria-de-avellaneda\\\/#primaryimage\"},\"thumbnailUrl\":\"https:\\\/\\\/diarioprincipios.com\\\/wp-content\\\/uploads\\\/2021\\\/04\\\/EzmmwPMX0AUG1sr.jpg\",\"articleSection\":[\"Avellaneda\"],\"inLanguage\":\"es\",\"potentialAction\":[{\"@type\":\"CommentAction\",\"name\":\"Comment\",\"target\":[\"https:\\\/\\\/diarioprincipios.com\\\/index.php\\\/2021\\\/04\\\/22\\\/nueva-reunion-de-la-mesa-de-articulacion-sanitaria-de-avellaneda\\\/#respond\"]}]},{\"@type\":\"WebPage\",\"@id\":\"https:\\\/\\\/diarioprincipios.com\\\/index.php\\\/2021\\\/04\\\/22\\\/nueva-reunion-de-la-mesa-de-articulacion-sanitaria-de-avellaneda\\\/\",\"url\":\"https:\\\/\\\/diarioprincipios.com\\\/index.php\\\/2021\\\/04\\\/22\\\/nueva-reunion-de-la-mesa-de-articulacion-sanitaria-de-avellaneda\\\/\",\"name\":\"Nueva reuni\u00f3n de la Mesa de Articulaci\u00f3n Sanitaria de Avellaneda - Principios\",\"isPartOf\":{\"@id\":\"https:\\\/\\\/diarioprincipios.com\\\/#website\"},\"primaryImageOfPage\":{\"@id\":\"https:\\\/\\\/diarioprincipios.com\\\/index.php\\\/2021\\\/04\\\/22\\\/nueva-reunion-de-la-mesa-de-articulacion-sanitaria-de-avellaneda\\\/#primaryimage\"},\"image\":{\"@id\":\"https:\\\/\\\/diarioprincipios.com\\\/index.php\\\/2021\\\/04\\\/22\\\/nueva-reunion-de-la-mesa-de-articulacion-sanitaria-de-avellaneda\\\/#primaryimage\"},\"thumbnailUrl\":\"https:\\\/\\\/diarioprincipios.com\\\/wp-content\\\/uploads\\\/2021\\\/04\\\/EzmmwPMX0AUG1sr.jpg\",\"datePublished\":\"2021-04-22T21:24:42+00:00\",\"dateModified\":\"2021-04-22T21:24:48+00:00\",\"breadcrumb\":{\"@id\":\"https:\\\/\\\/diarioprincipios.com\\\/index.php\\\/2021\\\/04\\\/22\\\/nueva-reunion-de-la-mesa-de-articulacion-sanitaria-de-avellaneda\\\/#breadcrumb\"},\"inLanguage\":\"es\",\"potentialAction\":[{\"@type\":\"ReadAction\",\"target\":[\"https:\\\/\\\/diarioprincipios.com\\\/index.php\\\/2021\\\/04\\\/22\\\/nueva-reunion-de-la-mesa-de-articulacion-sanitaria-de-avellaneda\\\/\"]}]},{\"@type\":\"ImageObject\",\"inLanguage\":\"es\",\"@id\":\"https:\\\/\\\/diarioprincipios.com\\\/index.php\\\/2021\\\/04\\\/22\\\/nueva-reunion-de-la-mesa-de-articulacion-sanitaria-de-avellaneda\\\/#primaryimage\",\"url\":\"https:\\\/\\\/diarioprincipios.com\\\/wp-content\\\/uploads\\\/2021\\\/04\\\/EzmmwPMX0AUG1sr.jpg\",\"contentUrl\":\"https:\\\/\\\/diarioprincipios.com\\\/wp-content\\\/uploads\\\/2021\\\/04\\\/EzmmwPMX0AUG1sr.jpg\",\"width\":1280,\"height\":734},{\"@type\":\"BreadcrumbList\",\"@id\":\"https:\\\/\\\/diarioprincipios.com\\\/index.php\\\/2021\\\/04\\\/22\\\/nueva-reunion-de-la-mesa-de-articulacion-sanitaria-de-avellaneda\\\/#breadcrumb\",\"itemListElement\":[{\"@type\":\"ListItem\",\"position\":1,\"name\":\"Portada\",\"item\":\"https:\\\/\\\/diarioprincipios.com\\\/\"},{\"@type\":\"ListItem\",\"position\":2,\"name\":\"Nueva reuni\u00f3n de la Mesa de Articulaci\u00f3n Sanitaria de Avellaneda\"}]},{\"@type\":\"WebSite\",\"@id\":\"https:\\\/\\\/diarioprincipios.com\\\/#website\",\"url\":\"https:\\\/\\\/diarioprincipios.com\\\/\",\"name\":\"Principios\",\"description\":\"Principios Diario\",\"publisher\":{\"@id\":\"https:\\\/\\\/diarioprincipios.com\\\/#organization\"},\"potentialAction\":[{\"@type\":\"SearchAction\",\"target\":{\"@type\":\"EntryPoint\",\"urlTemplate\":\"https:\\\/\\\/diarioprincipios.com\\\/?s={search_term_string}\"},\"query-input\":{\"@type\":\"PropertyValueSpecification\",\"valueRequired\":true,\"valueName\":\"search_term_string\"}}],\"inLanguage\":\"es\"},{\"@type\":\"Organization\",\"@id\":\"https:\\\/\\\/diarioprincipios.com\\\/#organization\",\"name\":\"Principios\",\"url\":\"https:\\\/\\\/diarioprincipios.com\\\/\",\"logo\":{\"@type\":\"ImageObject\",\"inLanguage\":\"es\",\"@id\":\"https:\\\/\\\/diarioprincipios.com\\\/#\\\/schema\\\/logo\\\/image\\\/\",\"url\":\"https:\\\/\\\/diarioprincipios.com\\\/wp-content\\\/uploads\\\/2024\\\/04\\\/cropped-www.diarioprincipios.com_-1.png\",\"contentUrl\":\"https:\\\/\\\/diarioprincipios.com\\\/wp-content\\\/uploads\\\/2024\\\/04\\\/cropped-www.diarioprincipios.com_-1.png\",\"width\":5325,\"height\":1454,\"caption\":\"Principios\"},\"image\":{\"@id\":\"https:\\\/\\\/diarioprincipios.com\\\/#\\\/schema\\\/logo\\\/image\\\/\"}},{\"@type\":\"Person\",\"@id\":\"https:\\\/\\\/diarioprincipios.com\\\/#\\\/schema\\\/person\\\/436d5a1fd41a5e250e23ff5a6a7cb080\",\"name\":\"Hern\u00e1n L\u00f3pez\",\"image\":{\"@type\":\"ImageObject\",\"inLanguage\":\"es\",\"@id\":\"https:\\\/\\\/diarioprincipios.com\\\/wp-content\\\/litespeed\\\/avatar\\\/11ddfe5610ff3bd100522525b2571f48.jpg?ver=1777048341\",\"url\":\"https:\\\/\\\/diarioprincipios.com\\\/wp-content\\\/litespeed\\\/avatar\\\/11ddfe5610ff3bd100522525b2571f48.jpg?ver=1777048341\",\"contentUrl\":\"https:\\\/\\\/diarioprincipios.com\\\/wp-content\\\/litespeed\\\/avatar\\\/11ddfe5610ff3bd100522525b2571f48.jpg?ver=1777048341\",\"caption\":\"Hern\u00e1n L\u00f3pez\"},\"url\":\"https:\\\/\\\/diarioprincipios.com\\\/index.php\\\/author\\\/hernan\\\/\"}]}<\/script>\n<!-- \/ Yoast SEO plugin. -->","yoast_head_json":{"title":"Nueva reuni\u00f3n de la Mesa de Articulaci\u00f3n Sanitaria de Avellaneda - Principios","robots":{"index":"index","follow":"follow","max-snippet":"max-snippet:-1","max-image-preview":"max-image-preview:large","max-video-preview":"max-video-preview:-1"},"canonical":"https:\/\/diarioprincipios.com\/index.php\/2021\/04\/22\/nueva-reunion-de-la-mesa-de-articulacion-sanitaria-de-avellaneda\/","og_locale":"es_ES","og_type":"article","og_title":"Nueva reuni\u00f3n de la Mesa de Articulaci\u00f3n Sanitaria de Avellaneda - Principios","og_description":"Ante la emergencia sanitaria, es fundamental el trabajo en conjunto para coordinar e implementar las acciones de abordaje. El intendente de Avellaneda Alejo Chornobroff y la jefa de Gabinete, Magdalena Sierra, mantuvieron un nuevo encuentro de trabajo junto a autoridades sanitarias y directores de hospitales del distrito, para dialogar sobre la situaci\u00f3n sanitaria por Covid-19....","og_url":"https:\/\/diarioprincipios.com\/index.php\/2021\/04\/22\/nueva-reunion-de-la-mesa-de-articulacion-sanitaria-de-avellaneda\/","og_site_name":"Principios","article_published_time":"2021-04-22T21:24:42+00:00","article_modified_time":"2021-04-22T21:24:48+00:00","og_image":[{"width":1280,"height":734,"url":"https:\/\/diarioprincipios.com\/wp-content\/uploads\/2021\/04\/EzmmwPMX0AUG1sr.jpg","type":"image\/jpeg"}],"author":"Hern\u00e1n L\u00f3pez","twitter_card":"summary_large_image","twitter_misc":{"Escrito por":"Hern\u00e1n L\u00f3pez","Tiempo de lectura":"2 minutos"},"schema":{"@context":"https:\/\/schema.org","@graph":[{"@type":"Article","@id":"https:\/\/diarioprincipios.com\/index.php\/2021\/04\/22\/nueva-reunion-de-la-mesa-de-articulacion-sanitaria-de-avellaneda\/#article","isPartOf":{"@id":"https:\/\/diarioprincipios.com\/index.php\/2021\/04\/22\/nueva-reunion-de-la-mesa-de-articulacion-sanitaria-de-avellaneda\/"},"author":{"name":"Hern\u00e1n L\u00f3pez","@id":"https:\/\/diarioprincipios.com\/#\/schema\/person\/436d5a1fd41a5e250e23ff5a6a7cb080"},"headline":"Nueva reuni\u00f3n de la Mesa de Articulaci\u00f3n Sanitaria de Avellaneda","datePublished":"2021-04-22T21:24:42+00:00","dateModified":"2021-04-22T21:24:48+00:00","mainEntityOfPage":{"@id":"https:\/\/diarioprincipios.com\/index.php\/2021\/04\/22\/nueva-reunion-de-la-mesa-de-articulacion-sanitaria-de-avellaneda\/"},"wordCount":264,"commentCount":0,"publisher":{"@id":"https:\/\/diarioprincipios.com\/#organization"},"image":{"@id":"https:\/\/diarioprincipios.com\/index.php\/2021\/04\/22\/nueva-reunion-de-la-mesa-de-articulacion-sanitaria-de-avellaneda\/#primaryimage"},"thumbnailUrl":"https:\/\/diarioprincipios.com\/wp-content\/uploads\/2021\/04\/EzmmwPMX0AUG1sr.jpg","articleSection":["Avellaneda"],"inLanguage":"es","potentialAction":[{"@type":"CommentAction","name":"Comment","target":["https:\/\/diarioprincipios.com\/index.php\/2021\/04\/22\/nueva-reunion-de-la-mesa-de-articulacion-sanitaria-de-avellaneda\/#respond"]}]},{"@type":"WebPage","@id":"https:\/\/diarioprincipios.com\/index.php\/2021\/04\/22\/nueva-reunion-de-la-mesa-de-articulacion-sanitaria-de-avellaneda\/","url":"https:\/\/diarioprincipios.com\/index.php\/2021\/04\/22\/nueva-reunion-de-la-mesa-de-articulacion-sanitaria-de-avellaneda\/","name":"Nueva reuni\u00f3n de la Mesa de Articulaci\u00f3n Sanitaria de Avellaneda - Principios","isPartOf":{"@id":"https:\/\/diarioprincipios.com\/#website"},"primaryImageOfPage":{"@id":"https:\/\/diarioprincipios.com\/index.php\/2021\/04\/22\/nueva-reunion-de-la-mesa-de-articulacion-sanitaria-de-avellaneda\/#primaryimage"},"image":{"@id":"https:\/\/diarioprincipios.com\/index.php\/2021\/04\/22\/nueva-reunion-de-la-mesa-de-articulacion-sanitaria-de-avellaneda\/#primaryimage"},"thumbnailUrl":"https:\/\/diarioprincipios.com\/wp-content\/uploads\/2021\/04\/EzmmwPMX0AUG1sr.jpg","datePublished":"2021-04-22T21:24:42+00:00","dateModified":"2021-04-22T21:24:48+00:00","breadcrumb":{"@id":"https:\/\/diarioprincipios.com\/index.php\/2021\/04\/22\/nueva-reunion-de-la-mesa-de-articulacion-sanitaria-de-avellaneda\/#breadcrumb"},"inLanguage":"es","potentialAction":[{"@type":"ReadAction","target":["https:\/\/diarioprincipios.com\/index.php\/2021\/04\/22\/nueva-reunion-de-la-mesa-de-articulacion-sanitaria-de-avellaneda\/"]}]},{"@type":"ImageObject","inLanguage":"es","@id":"https:\/\/diarioprincipios.com\/index.php\/2021\/04\/22\/nueva-reunion-de-la-mesa-de-articulacion-sanitaria-de-avellaneda\/#primaryimage","url":"https:\/\/diarioprincipios.com\/wp-content\/uploads\/2021\/04\/EzmmwPMX0AUG1sr.jpg","contentUrl":"https:\/\/diarioprincipios.com\/wp-content\/uploads\/2021\/04\/EzmmwPMX0AUG1sr.jpg","width":1280,"height":734},{"@type":"BreadcrumbList","@id":"https:\/\/diarioprincipios.com\/index.php\/2021\/04\/22\/nueva-reunion-de-la-mesa-de-articulacion-sanitaria-de-avellaneda\/#breadcrumb","itemListElement":[{"@type":"ListItem","position":1,"name":"Portada","item":"https:\/\/diarioprincipios.com\/"},{"@type":"ListItem","position":2,"name":"Nueva reuni\u00f3n de la Mesa de Articulaci\u00f3n Sanitaria de Avellaneda"}]},{"@type":"WebSite","@id":"https:\/\/diarioprincipios.com\/#website","url":"https:\/\/diarioprincipios.com\/","name":"Principios","description":"Principios Diario","publisher":{"@id":"https:\/\/diarioprincipios.com\/#organization"},"potentialAction":[{"@type":"SearchAction","target":{"@type":"EntryPoint","urlTemplate":"https:\/\/diarioprincipios.com\/?s={search_term_string}"},"query-input":{"@type":"PropertyValueSpecification","valueRequired":true,"valueName":"search_term_string"}}],"inLanguage":"es"},{"@type":"Organization","@id":"https:\/\/diarioprincipios.com\/#organization","name":"Principios","url":"https:\/\/diarioprincipios.com\/","logo":{"@type":"ImageObject","inLanguage":"es","@id":"https:\/\/diarioprincipios.com\/#\/schema\/logo\/image\/","url":"https:\/\/diarioprincipios.com\/wp-content\/uploads\/2024\/04\/cropped-www.diarioprincipios.com_-1.png","contentUrl":"https:\/\/diarioprincipios.com\/wp-content\/uploads\/2024\/04\/cropped-www.diarioprincipios.com_-1.png","width":5325,"height":1454,"caption":"Principios"},"image":{"@id":"https:\/\/diarioprincipios.com\/#\/schema\/logo\/image\/"}},{"@type":"Person","@id":"https:\/\/diarioprincipios.com\/#\/schema\/person\/436d5a1fd41a5e250e23ff5a6a7cb080","name":"Hern\u00e1n L\u00f3pez","image":{"@type":"ImageObject","inLanguage":"es","@id":"https:\/\/diarioprincipios.com\/wp-content\/litespeed\/avatar\/11ddfe5610ff3bd100522525b2571f48.jpg?ver=1777048341","url":"https:\/\/diarioprincipios.com\/wp-content\/litespeed\/avatar\/11ddfe5610ff3bd100522525b2571f48.jpg?ver=1777048341","contentUrl":"https:\/\/diarioprincipios.com\/wp-content\/litespeed\/avatar\/11ddfe5610ff3bd100522525b2571f48.jpg?ver=1777048341","caption":"Hern\u00e1n L\u00f3pez"},"url":"https:\/\/diarioprincipios.com\/index.php\/author\/hernan\/"}]}},"jetpack_featured_media_url":"https:\/\/diarioprincipios.com\/wp-content\/uploads\/2021\/04\/EzmmwPMX0AUG1sr.jpg","_links":{"self":[{"href":"https:\/\/diarioprincipios.com\/index.php\/wp-json\/wp\/v2\/posts\/9596","targetHints":{"allow":["GET"]}}],"collection":[{"href":"https:\/\/diarioprincipios.com\/index.php\/wp-json\/wp\/v2\/posts"}],"about":[{"href":"https:\/\/diarioprincipios.com\/index.php\/wp-json\/wp\/v2\/types\/post"}],"author":[{"embeddable":true,"href":"https:\/\/diarioprincipios.com\/index.php\/wp-json\/wp\/v2\/users\/2"}],"replies":[{"embeddable":true,"href":"https:\/\/diarioprincipios.com\/index.php\/wp-json\/wp\/v2\/comments?post=9596"}],"version-history":[{"count":1,"href":"https:\/\/diarioprincipios.com\/index.php\/wp-json\/wp\/v2\/posts\/9596\/revisions"}],"predecessor-version":[{"id":9598,"href":"https:\/\/diarioprincipios.com\/index.php\/wp-json\/wp\/v2\/posts\/9596\/revisions\/9598"}],"wp:featuredmedia":[{"embeddable":true,"href":"https:\/\/diarioprincipios.com\/index.php\/wp-json\/wp\/v2\/media\/9597"}],"wp:attachment":[{"href":"https:\/\/diarioprincipios.com\/index.php\/wp-json\/wp\/v2\/media?parent=9596"}],"wp:term":[{"taxonomy":"category","embeddable":true,"href":"https:\/\/diarioprincipios.com\/index.php\/wp-json\/wp\/v2\/categories?post=9596"},{"taxonomy":"post_tag","embeddable":true,"href":"https:\/\/diarioprincipios.com\/index.php\/wp-json\/wp\/v2\/tags?post=9596"}],"curies":[{"name":"wp","href":"https:\/\/api.w.org\/{rel}","templated":true}]}}