{"id":9590,"date":"2021-04-22T12:48:07","date_gmt":"2021-04-22T15:48:07","guid":{"rendered":"http:\/\/diarioprincipios.com\/?p=9590"},"modified":"2021-04-22T12:48:13","modified_gmt":"2021-04-22T15:48:13","slug":"mussi-se-reunio-con-funcionarios-del-ministerio-de-seguridad-de-la-nacion","status":"publish","type":"post","link":"https:\/\/diarioprincipios.com\/index.php\/2021\/04\/22\/mussi-se-reunio-con-funcionarios-del-ministerio-de-seguridad-de-la-nacion\/","title":{"rendered":"Mussi se reuni\u00f3 con funcionarios del Ministerio de Seguridad de la Naci\u00f3n"},"content":{"rendered":"\n<p><strong>El intendente de Berazategui, Dr. Juan Jos\u00e9 Mussi, mantuvo una reuni\u00f3n con el secretario de Seguridad y Pol\u00edtica Criminal, Eduardo Villalba; y con el subsecretario de Intervenci\u00f3n Federal, Luis Alberto Morales, con el objetivo de reforzar el trabajo coordinado y conjunto para mejorar la seguridad del distrito, sumando el accionar de las fuerzas federales.<\/strong><\/p>\n\n\n\n<p>En el marco del Plan Nacional de Seguridad, Berazategui ya recibi\u00f3 de parte del Gobierno provincial un fondo con el que se compr\u00f3 15 motos, 35 autom\u00f3viles y 20 camionetas policiales. Tambi\u00e9n, se destinaron recursos para la reparaci\u00f3n de distintos veh\u00edculos vinculados a la seguridad de los berazateguenses, adem\u00e1s de la ampliaci\u00f3n de la red de vigilancia y la compra de accesorios para los motoristas, repuestos, cubiertas y equipos de protecci\u00f3n antidisturbios.<br><br>De esta manera, junto a los funcionarios del Ministerio de Seguridad de la Naci\u00f3n, Juan Jos\u00e9 Mussi evalu\u00f3 un abordaje integral de la seguridad ciudadana con el fin de continuar trabajando mancomunadamente con los Gobiernos nacional y provincial para multiplicar las capacidades de prevenci\u00f3n del delito y transformar la realidad de los y las berazateguenses.<\/p>\n\n\n\n<figure class=\"wp-block-image\"><img decoding=\"async\" src=\"https:\/\/ecp.yusercontent.com\/mail?url=https%3A%2F%2Fdocs.google.com%2Fuc%3Fexport%3Ddownload%26id%3D1ow4onNkk0Pv2wkOdMbrGmKEaBrNmAFO3%26revid%3D0B3ge-lBTcqC8aWZtT3o5WWFaMTlpMVpjUnFNME4zWjNYZnJzPQ&amp;t=1619103934&amp;ymreqid=5799fcab-b43d-2794-2265-f8000201c400&amp;sig=YvMjalXhktVddK2QcopYtA--~D\" alt=\"\"\/><\/figure>\n","protected":false},"excerpt":{"rendered":"<p>El intendente de Berazategui, Dr. Juan Jos\u00e9 Mussi, mantuvo una reuni\u00f3n con el secretario de Seguridad y Pol\u00edtica Criminal, Eduardo Villalba; y con el subsecretario de Intervenci\u00f3n Federal, Luis Alberto Morales, con el objetivo de reforzar el trabajo coordinado y conjunto para mejorar la seguridad del distrito, sumando el accionar de las fuerzas federales. En&#8230;<\/p>\n","protected":false},"author":2,"featured_media":9591,"comment_status":"open","ping_status":"open","sticky":false,"template":"","format":"standard","meta":{"footnotes":""},"categories":[3],"tags":[],"class_list":["post-9590","post","type-post","status-publish","format-standard","has-post-thumbnail","hentry","category-berazategui"],"featured_image_src":"https:\/\/diarioprincipios.com\/wp-content\/uploads\/2021\/04\/MUSSI-SE-REUNIO-CON-FUNCIONARIOS-DEL-MINISTERIO-DE-SEGURIDAD-DE-LA-NACION-1024x663.jpg","blog_images":{"medium":"https:\/\/diarioprincipios.com\/wp-content\/uploads\/2021\/04\/MUSSI-SE-REUNIO-CON-FUNCIONARIOS-DEL-MINISTERIO-DE-SEGURIDAD-DE-LA-NACION-300x194.jpg","large":"https:\/\/diarioprincipios.com\/wp-content\/uploads\/2021\/04\/MUSSI-SE-REUNIO-CON-FUNCIONARIOS-DEL-MINISTERIO-DE-SEGURIDAD-DE-LA-NACION-1024x663.jpg"},"ams_acf":[],"yoast_head":"<!-- This site is optimized with the Yoast SEO plugin v27.3 - https:\/\/yoast.com\/product\/yoast-seo-wordpress\/ -->\n<title>Mussi se reuni\u00f3 con funcionarios del Ministerio de Seguridad de la Naci\u00f3n - Principios<\/title>\n<meta name=\"robots\" content=\"index, follow, max-snippet:-1, max-image-preview:large, max-video-preview:-1\" \/>\n<link rel=\"canonical\" href=\"https:\/\/diarioprincipios.com\/index.php\/2021\/04\/22\/mussi-se-reunio-con-funcionarios-del-ministerio-de-seguridad-de-la-nacion\/\" \/>\n<meta property=\"og:locale\" content=\"es_ES\" \/>\n<meta property=\"og:type\" content=\"article\" \/>\n<meta property=\"og:title\" content=\"Mussi se reuni\u00f3 con funcionarios del Ministerio de Seguridad de la Naci\u00f3n - Principios\" \/>\n<meta property=\"og:description\" content=\"El intendente de Berazategui, Dr. Juan Jos\u00e9 Mussi, mantuvo una reuni\u00f3n con el secretario de Seguridad y Pol\u00edtica Criminal, Eduardo Villalba; y con el subsecretario de Intervenci\u00f3n Federal, Luis Alberto Morales, con el objetivo de reforzar el trabajo coordinado y conjunto para mejorar la seguridad del distrito, sumando el accionar de las fuerzas federales. En...\" \/>\n<meta property=\"og:url\" content=\"https:\/\/diarioprincipios.com\/index.php\/2021\/04\/22\/mussi-se-reunio-con-funcionarios-del-ministerio-de-seguridad-de-la-nacion\/\" \/>\n<meta property=\"og:site_name\" content=\"Principios\" \/>\n<meta property=\"article:published_time\" content=\"2021-04-22T15:48:07+00:00\" \/>\n<meta property=\"article:modified_time\" content=\"2021-04-22T15:48:13+00:00\" \/>\n<meta property=\"og:image\" content=\"https:\/\/diarioprincipios.com\/wp-content\/uploads\/2021\/04\/MUSSI-SE-REUNIO-CON-FUNCIONARIOS-DEL-MINISTERIO-DE-SEGURIDAD-DE-LA-NACION.jpg\" \/>\n\t<meta property=\"og:image:width\" content=\"1280\" \/>\n\t<meta property=\"og:image:height\" content=\"829\" \/>\n\t<meta property=\"og:image:type\" content=\"image\/jpeg\" \/>\n<meta name=\"author\" content=\"Hern\u00e1n L\u00f3pez\" \/>\n<meta name=\"twitter:card\" content=\"summary_large_image\" \/>\n<meta name=\"twitter:label1\" content=\"Escrito por\" \/>\n\t<meta name=\"twitter:data1\" content=\"Hern\u00e1n L\u00f3pez\" \/>\n\t<meta name=\"twitter:label2\" content=\"Tiempo de lectura\" \/>\n\t<meta name=\"twitter:data2\" content=\"1 minuto\" \/>\n<script type=\"application\/ld+json\" class=\"yoast-schema-graph\">{\"@context\":\"https:\\\/\\\/schema.org\",\"@graph\":[{\"@type\":\"Article\",\"@id\":\"https:\\\/\\\/diarioprincipios.com\\\/index.php\\\/2021\\\/04\\\/22\\\/mussi-se-reunio-con-funcionarios-del-ministerio-de-seguridad-de-la-nacion\\\/#article\",\"isPartOf\":{\"@id\":\"https:\\\/\\\/diarioprincipios.com\\\/index.php\\\/2021\\\/04\\\/22\\\/mussi-se-reunio-con-funcionarios-del-ministerio-de-seguridad-de-la-nacion\\\/\"},\"author\":{\"name\":\"Hern\u00e1n L\u00f3pez\",\"@id\":\"https:\\\/\\\/diarioprincipios.com\\\/#\\\/schema\\\/person\\\/436d5a1fd41a5e250e23ff5a6a7cb080\"},\"headline\":\"Mussi se reuni\u00f3 con funcionarios del Ministerio de Seguridad de la Naci\u00f3n\",\"datePublished\":\"2021-04-22T15:48:07+00:00\",\"dateModified\":\"2021-04-22T15:48:13+00:00\",\"mainEntityOfPage\":{\"@id\":\"https:\\\/\\\/diarioprincipios.com\\\/index.php\\\/2021\\\/04\\\/22\\\/mussi-se-reunio-con-funcionarios-del-ministerio-de-seguridad-de-la-nacion\\\/\"},\"wordCount\":203,\"commentCount\":0,\"publisher\":{\"@id\":\"https:\\\/\\\/diarioprincipios.com\\\/#organization\"},\"image\":{\"@id\":\"https:\\\/\\\/diarioprincipios.com\\\/index.php\\\/2021\\\/04\\\/22\\\/mussi-se-reunio-con-funcionarios-del-ministerio-de-seguridad-de-la-nacion\\\/#primaryimage\"},\"thumbnailUrl\":\"https:\\\/\\\/diarioprincipios.com\\\/wp-content\\\/uploads\\\/2021\\\/04\\\/MUSSI-SE-REUNIO-CON-FUNCIONARIOS-DEL-MINISTERIO-DE-SEGURIDAD-DE-LA-NACION.jpg\",\"articleSection\":[\"Berazategui\"],\"inLanguage\":\"es\",\"potentialAction\":[{\"@type\":\"CommentAction\",\"name\":\"Comment\",\"target\":[\"https:\\\/\\\/diarioprincipios.com\\\/index.php\\\/2021\\\/04\\\/22\\\/mussi-se-reunio-con-funcionarios-del-ministerio-de-seguridad-de-la-nacion\\\/#respond\"]}]},{\"@type\":\"WebPage\",\"@id\":\"https:\\\/\\\/diarioprincipios.com\\\/index.php\\\/2021\\\/04\\\/22\\\/mussi-se-reunio-con-funcionarios-del-ministerio-de-seguridad-de-la-nacion\\\/\",\"url\":\"https:\\\/\\\/diarioprincipios.com\\\/index.php\\\/2021\\\/04\\\/22\\\/mussi-se-reunio-con-funcionarios-del-ministerio-de-seguridad-de-la-nacion\\\/\",\"name\":\"Mussi se reuni\u00f3 con funcionarios del Ministerio de Seguridad de la Naci\u00f3n - Principios\",\"isPartOf\":{\"@id\":\"https:\\\/\\\/diarioprincipios.com\\\/#website\"},\"primaryImageOfPage\":{\"@id\":\"https:\\\/\\\/diarioprincipios.com\\\/index.php\\\/2021\\\/04\\\/22\\\/mussi-se-reunio-con-funcionarios-del-ministerio-de-seguridad-de-la-nacion\\\/#primaryimage\"},\"image\":{\"@id\":\"https:\\\/\\\/diarioprincipios.com\\\/index.php\\\/2021\\\/04\\\/22\\\/mussi-se-reunio-con-funcionarios-del-ministerio-de-seguridad-de-la-nacion\\\/#primaryimage\"},\"thumbnailUrl\":\"https:\\\/\\\/diarioprincipios.com\\\/wp-content\\\/uploads\\\/2021\\\/04\\\/MUSSI-SE-REUNIO-CON-FUNCIONARIOS-DEL-MINISTERIO-DE-SEGURIDAD-DE-LA-NACION.jpg\",\"datePublished\":\"2021-04-22T15:48:07+00:00\",\"dateModified\":\"2021-04-22T15:48:13+00:00\",\"breadcrumb\":{\"@id\":\"https:\\\/\\\/diarioprincipios.com\\\/index.php\\\/2021\\\/04\\\/22\\\/mussi-se-reunio-con-funcionarios-del-ministerio-de-seguridad-de-la-nacion\\\/#breadcrumb\"},\"inLanguage\":\"es\",\"potentialAction\":[{\"@type\":\"ReadAction\",\"target\":[\"https:\\\/\\\/diarioprincipios.com\\\/index.php\\\/2021\\\/04\\\/22\\\/mussi-se-reunio-con-funcionarios-del-ministerio-de-seguridad-de-la-nacion\\\/\"]}]},{\"@type\":\"ImageObject\",\"inLanguage\":\"es\",\"@id\":\"https:\\\/\\\/diarioprincipios.com\\\/index.php\\\/2021\\\/04\\\/22\\\/mussi-se-reunio-con-funcionarios-del-ministerio-de-seguridad-de-la-nacion\\\/#primaryimage\",\"url\":\"https:\\\/\\\/diarioprincipios.com\\\/wp-content\\\/uploads\\\/2021\\\/04\\\/MUSSI-SE-REUNIO-CON-FUNCIONARIOS-DEL-MINISTERIO-DE-SEGURIDAD-DE-LA-NACION.jpg\",\"contentUrl\":\"https:\\\/\\\/diarioprincipios.com\\\/wp-content\\\/uploads\\\/2021\\\/04\\\/MUSSI-SE-REUNIO-CON-FUNCIONARIOS-DEL-MINISTERIO-DE-SEGURIDAD-DE-LA-NACION.jpg\",\"width\":1280,\"height\":829},{\"@type\":\"BreadcrumbList\",\"@id\":\"https:\\\/\\\/diarioprincipios.com\\\/index.php\\\/2021\\\/04\\\/22\\\/mussi-se-reunio-con-funcionarios-del-ministerio-de-seguridad-de-la-nacion\\\/#breadcrumb\",\"itemListElement\":[{\"@type\":\"ListItem\",\"position\":1,\"name\":\"Portada\",\"item\":\"https:\\\/\\\/diarioprincipios.com\\\/\"},{\"@type\":\"ListItem\",\"position\":2,\"name\":\"Mussi se reuni\u00f3 con funcionarios del Ministerio de Seguridad de la Naci\u00f3n\"}]},{\"@type\":\"WebSite\",\"@id\":\"https:\\\/\\\/diarioprincipios.com\\\/#website\",\"url\":\"https:\\\/\\\/diarioprincipios.com\\\/\",\"name\":\"Principios\",\"description\":\"Principios Diario\",\"publisher\":{\"@id\":\"https:\\\/\\\/diarioprincipios.com\\\/#organization\"},\"potentialAction\":[{\"@type\":\"SearchAction\",\"target\":{\"@type\":\"EntryPoint\",\"urlTemplate\":\"https:\\\/\\\/diarioprincipios.com\\\/?s={search_term_string}\"},\"query-input\":{\"@type\":\"PropertyValueSpecification\",\"valueRequired\":true,\"valueName\":\"search_term_string\"}}],\"inLanguage\":\"es\"},{\"@type\":\"Organization\",\"@id\":\"https:\\\/\\\/diarioprincipios.com\\\/#organization\",\"name\":\"Principios\",\"url\":\"https:\\\/\\\/diarioprincipios.com\\\/\",\"logo\":{\"@type\":\"ImageObject\",\"inLanguage\":\"es\",\"@id\":\"https:\\\/\\\/diarioprincipios.com\\\/#\\\/schema\\\/logo\\\/image\\\/\",\"url\":\"https:\\\/\\\/diarioprincipios.com\\\/wp-content\\\/uploads\\\/2024\\\/04\\\/cropped-www.diarioprincipios.com_-1.png\",\"contentUrl\":\"https:\\\/\\\/diarioprincipios.com\\\/wp-content\\\/uploads\\\/2024\\\/04\\\/cropped-www.diarioprincipios.com_-1.png\",\"width\":5325,\"height\":1454,\"caption\":\"Principios\"},\"image\":{\"@id\":\"https:\\\/\\\/diarioprincipios.com\\\/#\\\/schema\\\/logo\\\/image\\\/\"}},{\"@type\":\"Person\",\"@id\":\"https:\\\/\\\/diarioprincipios.com\\\/#\\\/schema\\\/person\\\/436d5a1fd41a5e250e23ff5a6a7cb080\",\"name\":\"Hern\u00e1n L\u00f3pez\",\"image\":{\"@type\":\"ImageObject\",\"inLanguage\":\"es\",\"@id\":\"https:\\\/\\\/diarioprincipios.com\\\/wp-content\\\/litespeed\\\/avatar\\\/11ddfe5610ff3bd100522525b2571f48.jpg?ver=1777048341\",\"url\":\"https:\\\/\\\/diarioprincipios.com\\\/wp-content\\\/litespeed\\\/avatar\\\/11ddfe5610ff3bd100522525b2571f48.jpg?ver=1777048341\",\"contentUrl\":\"https:\\\/\\\/diarioprincipios.com\\\/wp-content\\\/litespeed\\\/avatar\\\/11ddfe5610ff3bd100522525b2571f48.jpg?ver=1777048341\",\"caption\":\"Hern\u00e1n L\u00f3pez\"},\"url\":\"https:\\\/\\\/diarioprincipios.com\\\/index.php\\\/author\\\/hernan\\\/\"}]}<\/script>\n<!-- \/ Yoast SEO plugin. -->","yoast_head_json":{"title":"Mussi se reuni\u00f3 con funcionarios del Ministerio de Seguridad de la Naci\u00f3n - Principios","robots":{"index":"index","follow":"follow","max-snippet":"max-snippet:-1","max-image-preview":"max-image-preview:large","max-video-preview":"max-video-preview:-1"},"canonical":"https:\/\/diarioprincipios.com\/index.php\/2021\/04\/22\/mussi-se-reunio-con-funcionarios-del-ministerio-de-seguridad-de-la-nacion\/","og_locale":"es_ES","og_type":"article","og_title":"Mussi se reuni\u00f3 con funcionarios del Ministerio de Seguridad de la Naci\u00f3n - Principios","og_description":"El intendente de Berazategui, Dr. Juan Jos\u00e9 Mussi, mantuvo una reuni\u00f3n con el secretario de Seguridad y Pol\u00edtica Criminal, Eduardo Villalba; y con el subsecretario de Intervenci\u00f3n Federal, Luis Alberto Morales, con el objetivo de reforzar el trabajo coordinado y conjunto para mejorar la seguridad del distrito, sumando el accionar de las fuerzas federales. En...","og_url":"https:\/\/diarioprincipios.com\/index.php\/2021\/04\/22\/mussi-se-reunio-con-funcionarios-del-ministerio-de-seguridad-de-la-nacion\/","og_site_name":"Principios","article_published_time":"2021-04-22T15:48:07+00:00","article_modified_time":"2021-04-22T15:48:13+00:00","og_image":[{"width":1280,"height":829,"url":"https:\/\/diarioprincipios.com\/wp-content\/uploads\/2021\/04\/MUSSI-SE-REUNIO-CON-FUNCIONARIOS-DEL-MINISTERIO-DE-SEGURIDAD-DE-LA-NACION.jpg","type":"image\/jpeg"}],"author":"Hern\u00e1n L\u00f3pez","twitter_card":"summary_large_image","twitter_misc":{"Escrito por":"Hern\u00e1n L\u00f3pez","Tiempo de lectura":"1 minuto"},"schema":{"@context":"https:\/\/schema.org","@graph":[{"@type":"Article","@id":"https:\/\/diarioprincipios.com\/index.php\/2021\/04\/22\/mussi-se-reunio-con-funcionarios-del-ministerio-de-seguridad-de-la-nacion\/#article","isPartOf":{"@id":"https:\/\/diarioprincipios.com\/index.php\/2021\/04\/22\/mussi-se-reunio-con-funcionarios-del-ministerio-de-seguridad-de-la-nacion\/"},"author":{"name":"Hern\u00e1n L\u00f3pez","@id":"https:\/\/diarioprincipios.com\/#\/schema\/person\/436d5a1fd41a5e250e23ff5a6a7cb080"},"headline":"Mussi se reuni\u00f3 con funcionarios del Ministerio de Seguridad de la Naci\u00f3n","datePublished":"2021-04-22T15:48:07+00:00","dateModified":"2021-04-22T15:48:13+00:00","mainEntityOfPage":{"@id":"https:\/\/diarioprincipios.com\/index.php\/2021\/04\/22\/mussi-se-reunio-con-funcionarios-del-ministerio-de-seguridad-de-la-nacion\/"},"wordCount":203,"commentCount":0,"publisher":{"@id":"https:\/\/diarioprincipios.com\/#organization"},"image":{"@id":"https:\/\/diarioprincipios.com\/index.php\/2021\/04\/22\/mussi-se-reunio-con-funcionarios-del-ministerio-de-seguridad-de-la-nacion\/#primaryimage"},"thumbnailUrl":"https:\/\/diarioprincipios.com\/wp-content\/uploads\/2021\/04\/MUSSI-SE-REUNIO-CON-FUNCIONARIOS-DEL-MINISTERIO-DE-SEGURIDAD-DE-LA-NACION.jpg","articleSection":["Berazategui"],"inLanguage":"es","potentialAction":[{"@type":"CommentAction","name":"Comment","target":["https:\/\/diarioprincipios.com\/index.php\/2021\/04\/22\/mussi-se-reunio-con-funcionarios-del-ministerio-de-seguridad-de-la-nacion\/#respond"]}]},{"@type":"WebPage","@id":"https:\/\/diarioprincipios.com\/index.php\/2021\/04\/22\/mussi-se-reunio-con-funcionarios-del-ministerio-de-seguridad-de-la-nacion\/","url":"https:\/\/diarioprincipios.com\/index.php\/2021\/04\/22\/mussi-se-reunio-con-funcionarios-del-ministerio-de-seguridad-de-la-nacion\/","name":"Mussi se reuni\u00f3 con funcionarios del Ministerio de Seguridad de la Naci\u00f3n - Principios","isPartOf":{"@id":"https:\/\/diarioprincipios.com\/#website"},"primaryImageOfPage":{"@id":"https:\/\/diarioprincipios.com\/index.php\/2021\/04\/22\/mussi-se-reunio-con-funcionarios-del-ministerio-de-seguridad-de-la-nacion\/#primaryimage"},"image":{"@id":"https:\/\/diarioprincipios.com\/index.php\/2021\/04\/22\/mussi-se-reunio-con-funcionarios-del-ministerio-de-seguridad-de-la-nacion\/#primaryimage"},"thumbnailUrl":"https:\/\/diarioprincipios.com\/wp-content\/uploads\/2021\/04\/MUSSI-SE-REUNIO-CON-FUNCIONARIOS-DEL-MINISTERIO-DE-SEGURIDAD-DE-LA-NACION.jpg","datePublished":"2021-04-22T15:48:07+00:00","dateModified":"2021-04-22T15:48:13+00:00","breadcrumb":{"@id":"https:\/\/diarioprincipios.com\/index.php\/2021\/04\/22\/mussi-se-reunio-con-funcionarios-del-ministerio-de-seguridad-de-la-nacion\/#breadcrumb"},"inLanguage":"es","potentialAction":[{"@type":"ReadAction","target":["https:\/\/diarioprincipios.com\/index.php\/2021\/04\/22\/mussi-se-reunio-con-funcionarios-del-ministerio-de-seguridad-de-la-nacion\/"]}]},{"@type":"ImageObject","inLanguage":"es","@id":"https:\/\/diarioprincipios.com\/index.php\/2021\/04\/22\/mussi-se-reunio-con-funcionarios-del-ministerio-de-seguridad-de-la-nacion\/#primaryimage","url":"https:\/\/diarioprincipios.com\/wp-content\/uploads\/2021\/04\/MUSSI-SE-REUNIO-CON-FUNCIONARIOS-DEL-MINISTERIO-DE-SEGURIDAD-DE-LA-NACION.jpg","contentUrl":"https:\/\/diarioprincipios.com\/wp-content\/uploads\/2021\/04\/MUSSI-SE-REUNIO-CON-FUNCIONARIOS-DEL-MINISTERIO-DE-SEGURIDAD-DE-LA-NACION.jpg","width":1280,"height":829},{"@type":"BreadcrumbList","@id":"https:\/\/diarioprincipios.com\/index.php\/2021\/04\/22\/mussi-se-reunio-con-funcionarios-del-ministerio-de-seguridad-de-la-nacion\/#breadcrumb","itemListElement":[{"@type":"ListItem","position":1,"name":"Portada","item":"https:\/\/diarioprincipios.com\/"},{"@type":"ListItem","position":2,"name":"Mussi se reuni\u00f3 con funcionarios del Ministerio de Seguridad de la Naci\u00f3n"}]},{"@type":"WebSite","@id":"https:\/\/diarioprincipios.com\/#website","url":"https:\/\/diarioprincipios.com\/","name":"Principios","description":"Principios Diario","publisher":{"@id":"https:\/\/diarioprincipios.com\/#organization"},"potentialAction":[{"@type":"SearchAction","target":{"@type":"EntryPoint","urlTemplate":"https:\/\/diarioprincipios.com\/?s={search_term_string}"},"query-input":{"@type":"PropertyValueSpecification","valueRequired":true,"valueName":"search_term_string"}}],"inLanguage":"es"},{"@type":"Organization","@id":"https:\/\/diarioprincipios.com\/#organization","name":"Principios","url":"https:\/\/diarioprincipios.com\/","logo":{"@type":"ImageObject","inLanguage":"es","@id":"https:\/\/diarioprincipios.com\/#\/schema\/logo\/image\/","url":"https:\/\/diarioprincipios.com\/wp-content\/uploads\/2024\/04\/cropped-www.diarioprincipios.com_-1.png","contentUrl":"https:\/\/diarioprincipios.com\/wp-content\/uploads\/2024\/04\/cropped-www.diarioprincipios.com_-1.png","width":5325,"height":1454,"caption":"Principios"},"image":{"@id":"https:\/\/diarioprincipios.com\/#\/schema\/logo\/image\/"}},{"@type":"Person","@id":"https:\/\/diarioprincipios.com\/#\/schema\/person\/436d5a1fd41a5e250e23ff5a6a7cb080","name":"Hern\u00e1n L\u00f3pez","image":{"@type":"ImageObject","inLanguage":"es","@id":"https:\/\/diarioprincipios.com\/wp-content\/litespeed\/avatar\/11ddfe5610ff3bd100522525b2571f48.jpg?ver=1777048341","url":"https:\/\/diarioprincipios.com\/wp-content\/litespeed\/avatar\/11ddfe5610ff3bd100522525b2571f48.jpg?ver=1777048341","contentUrl":"https:\/\/diarioprincipios.com\/wp-content\/litespeed\/avatar\/11ddfe5610ff3bd100522525b2571f48.jpg?ver=1777048341","caption":"Hern\u00e1n L\u00f3pez"},"url":"https:\/\/diarioprincipios.com\/index.php\/author\/hernan\/"}]}},"jetpack_featured_media_url":"https:\/\/diarioprincipios.com\/wp-content\/uploads\/2021\/04\/MUSSI-SE-REUNIO-CON-FUNCIONARIOS-DEL-MINISTERIO-DE-SEGURIDAD-DE-LA-NACION.jpg","_links":{"self":[{"href":"https:\/\/diarioprincipios.com\/index.php\/wp-json\/wp\/v2\/posts\/9590","targetHints":{"allow":["GET"]}}],"collection":[{"href":"https:\/\/diarioprincipios.com\/index.php\/wp-json\/wp\/v2\/posts"}],"about":[{"href":"https:\/\/diarioprincipios.com\/index.php\/wp-json\/wp\/v2\/types\/post"}],"author":[{"embeddable":true,"href":"https:\/\/diarioprincipios.com\/index.php\/wp-json\/wp\/v2\/users\/2"}],"replies":[{"embeddable":true,"href":"https:\/\/diarioprincipios.com\/index.php\/wp-json\/wp\/v2\/comments?post=9590"}],"version-history":[{"count":1,"href":"https:\/\/diarioprincipios.com\/index.php\/wp-json\/wp\/v2\/posts\/9590\/revisions"}],"predecessor-version":[{"id":9592,"href":"https:\/\/diarioprincipios.com\/index.php\/wp-json\/wp\/v2\/posts\/9590\/revisions\/9592"}],"wp:featuredmedia":[{"embeddable":true,"href":"https:\/\/diarioprincipios.com\/index.php\/wp-json\/wp\/v2\/media\/9591"}],"wp:attachment":[{"href":"https:\/\/diarioprincipios.com\/index.php\/wp-json\/wp\/v2\/media?parent=9590"}],"wp:term":[{"taxonomy":"category","embeddable":true,"href":"https:\/\/diarioprincipios.com\/index.php\/wp-json\/wp\/v2\/categories?post=9590"},{"taxonomy":"post_tag","embeddable":true,"href":"https:\/\/diarioprincipios.com\/index.php\/wp-json\/wp\/v2\/tags?post=9590"}],"curies":[{"name":"wp","href":"https:\/\/api.w.org\/{rel}","templated":true}]}}