{"id":9585,"date":"2021-04-22T12:33:16","date_gmt":"2021-04-22T15:33:16","guid":{"rendered":"http:\/\/diarioprincipios.com\/?p=9585"},"modified":"2021-04-22T12:33:51","modified_gmt":"2021-04-22T15:33:51","slug":"cayo-la-banda-de-los-rompe-vidrios","status":"publish","type":"post","link":"https:\/\/diarioprincipios.com\/index.php\/2021\/04\/22\/cayo-la-banda-de-los-rompe-vidrios\/","title":{"rendered":"Cay\u00f3 la banda de los rompe vidrios"},"content":{"rendered":"\n<p>El\u00a0Municipio de Quilmes informa que gracias a la intervenci\u00f3n del personal del Centro de Emergencias Quilmes (CEQ), que monitorea las im\u00e1genes de las c\u00e1maras de seguridad, se logr\u00f3 advertir a los efectivos policiales sobre un hecho delictivo que se estaba desarrollando en una agencia del autos del centro de la ciudad, en el que tres personas arrojaban piedras a la puerta de Blindex, dos de los cuales fueron aprehendidos minutos m\u00e1s tarde por la Polic\u00eda, con la colaboraci\u00f3n de la Patrulla Urbana Quilmes (PUQ), desarticulando as\u00ed la denominada \u201cbanda de los rompe vidrios\u201d.<\/p>\n\n\n\n<p>El hecho ocurri\u00f3 en la madrugada de hoy, cuando a trav\u00e9s de c\u00e1maras del CEQ observaron a dos hombres y una mujer que arrojaban piedras a los vidrios y puerta de la concesionaria de autos ubicada en la esquina de las avenidas Hip\u00f3lito Yrigoyen y Alberdi, de Quilmes Centro, por lo que el personal municipal dio aviso de inmediato a la Polic\u00eda de la Provincia y comenz\u00f3 un operativo cerrojo de la fuerza de seguridad en conjunto con la Patrulla Urbana comunal.<\/p>\n\n\n\n<p><\/p>\n\n\n\n<figure class=\"wp-block-image size-large\"><img loading=\"lazy\" decoding=\"async\" width=\"1024\" height=\"768\" src=\"https:\/\/diarioprincipios.com\/wp-content\/uploads\/2021\/04\/GRACIAS-A-LAS-CAMARAS-DEL-CEQ-CAYO-LA-BANDA-DE-LOS-ROMPE-VIDRIOS-4-1024x768.jpeg\" alt=\"\" class=\"wp-image-9587\" srcset=\"https:\/\/diarioprincipios.com\/wp-content\/uploads\/2021\/04\/GRACIAS-A-LAS-CAMARAS-DEL-CEQ-CAYO-LA-BANDA-DE-LOS-ROMPE-VIDRIOS-4-1024x768.jpeg 1024w, https:\/\/diarioprincipios.com\/wp-content\/uploads\/2021\/04\/GRACIAS-A-LAS-CAMARAS-DEL-CEQ-CAYO-LA-BANDA-DE-LOS-ROMPE-VIDRIOS-4-300x225.jpeg 300w, https:\/\/diarioprincipios.com\/wp-content\/uploads\/2021\/04\/GRACIAS-A-LAS-CAMARAS-DEL-CEQ-CAYO-LA-BANDA-DE-LOS-ROMPE-VIDRIOS-4-768x576.jpeg 768w, https:\/\/diarioprincipios.com\/wp-content\/uploads\/2021\/04\/GRACIAS-A-LAS-CAMARAS-DEL-CEQ-CAYO-LA-BANDA-DE-LOS-ROMPE-VIDRIOS-4.jpeg 1156w\" sizes=\"auto, (max-width: 1024px) 100vw, 1024px\" \/><\/figure>\n\n\n\n<p>De las im\u00e1genes se brind\u00f3 la descripci\u00f3n de los malvivientes, y se desprendi\u00f3 que huyeron por Yrigoyen hacia el bajov\u00edas de Saavedra y se fugaron por las v\u00edas de ferrocarril hacia el lado de Bernal.<\/p>\n\n\n\n<p>As\u00ed, personal del PUQ logr\u00f3 reducir a la mujer de 19 a\u00f1os, a la altura de las v\u00edas y Rep\u00fablica del L\u00edbano, quien llevaba consigo un monitor de 24\u201d; a la vez que mientras iba huyendo por Gran Canaria, intercept\u00f3 a uno de los hombres, de 22 a\u00f1os, que llevaba una TV de 43\u201d, y que m\u00e1s tarde se constat\u00f3 que ten\u00eda un pedido de captura.<\/p>\n\n\n\n<p>En la causa interviene la UFI N\u00ba 1 del Departamento Judicial de Quilmes, que confirm\u00f3 las aprehensiones y caratul\u00f3 el delito como robo agravado por su comisi\u00f3n en poblado y en banda. En tanto, se aboc\u00f3 al personal policial a la b\u00fasqueda del restante malviviente.<\/p>\n","protected":false},"excerpt":{"rendered":"<p>El\u00a0Municipio de Quilmes informa que gracias a la intervenci\u00f3n del personal del Centro de Emergencias Quilmes (CEQ), que monitorea las im\u00e1genes de las c\u00e1maras de seguridad, se logr\u00f3 advertir a los efectivos policiales sobre un hecho delictivo que se estaba desarrollando en una agencia del autos del centro de la ciudad, en el que tres&#8230;<\/p>\n","protected":false},"author":2,"featured_media":9586,"comment_status":"open","ping_status":"open","sticky":false,"template":"","format":"standard","meta":{"footnotes":""},"categories":[4],"tags":[],"class_list":["post-9585","post","type-post","status-publish","format-standard","has-post-thumbnail","hentry","category-quilmes"],"featured_image_src":"https:\/\/diarioprincipios.com\/wp-content\/uploads\/2021\/04\/GRACIAS-A-LAS-CAMARAS-DEL-CEQ-CAYO-LA-BANDA-DE-LOS-ROMPE-VIDRIOS-1.jpeg","blog_images":{"medium":"https:\/\/diarioprincipios.com\/wp-content\/uploads\/2021\/04\/GRACIAS-A-LAS-CAMARAS-DEL-CEQ-CAYO-LA-BANDA-DE-LOS-ROMPE-VIDRIOS-1-300x245.jpeg","large":"https:\/\/diarioprincipios.com\/wp-content\/uploads\/2021\/04\/GRACIAS-A-LAS-CAMARAS-DEL-CEQ-CAYO-LA-BANDA-DE-LOS-ROMPE-VIDRIOS-1.jpeg"},"ams_acf":[],"yoast_head":"<!-- This site is optimized with the Yoast SEO plugin v27.3 - https:\/\/yoast.com\/product\/yoast-seo-wordpress\/ -->\n<title>Cay\u00f3 la banda de los rompe vidrios - Principios<\/title>\n<meta name=\"robots\" content=\"index, follow, max-snippet:-1, max-image-preview:large, max-video-preview:-1\" \/>\n<link rel=\"canonical\" href=\"https:\/\/diarioprincipios.com\/index.php\/2021\/04\/22\/cayo-la-banda-de-los-rompe-vidrios\/\" \/>\n<meta property=\"og:locale\" content=\"es_ES\" \/>\n<meta property=\"og:type\" content=\"article\" \/>\n<meta property=\"og:title\" content=\"Cay\u00f3 la banda de los rompe vidrios - Principios\" \/>\n<meta property=\"og:description\" content=\"El\u00a0Municipio de Quilmes informa que gracias a la intervenci\u00f3n del personal del Centro de Emergencias Quilmes (CEQ), que monitorea las im\u00e1genes de las c\u00e1maras de seguridad, se logr\u00f3 advertir a los efectivos policiales sobre un hecho delictivo que se estaba desarrollando en una agencia del autos del centro de la ciudad, en el que tres...\" \/>\n<meta property=\"og:url\" content=\"https:\/\/diarioprincipios.com\/index.php\/2021\/04\/22\/cayo-la-banda-de-los-rompe-vidrios\/\" \/>\n<meta property=\"og:site_name\" content=\"Principios\" \/>\n<meta property=\"article:published_time\" content=\"2021-04-22T15:33:16+00:00\" \/>\n<meta property=\"article:modified_time\" content=\"2021-04-22T15:33:51+00:00\" \/>\n<meta property=\"og:image\" content=\"https:\/\/diarioprincipios.com\/wp-content\/uploads\/2021\/04\/GRACIAS-A-LAS-CAMARAS-DEL-CEQ-CAYO-LA-BANDA-DE-LOS-ROMPE-VIDRIOS-1.jpeg\" \/>\n\t<meta property=\"og:image:width\" content=\"867\" \/>\n\t<meta property=\"og:image:height\" content=\"708\" \/>\n\t<meta property=\"og:image:type\" content=\"image\/jpeg\" \/>\n<meta name=\"author\" content=\"Hern\u00e1n L\u00f3pez\" \/>\n<meta name=\"twitter:card\" content=\"summary_large_image\" \/>\n<meta name=\"twitter:label1\" content=\"Escrito por\" \/>\n\t<meta name=\"twitter:data1\" content=\"Hern\u00e1n L\u00f3pez\" \/>\n\t<meta name=\"twitter:label2\" content=\"Tiempo de lectura\" \/>\n\t<meta name=\"twitter:data2\" content=\"2 minutos\" \/>\n<script type=\"application\/ld+json\" class=\"yoast-schema-graph\">{\"@context\":\"https:\\\/\\\/schema.org\",\"@graph\":[{\"@type\":\"Article\",\"@id\":\"https:\\\/\\\/diarioprincipios.com\\\/index.php\\\/2021\\\/04\\\/22\\\/cayo-la-banda-de-los-rompe-vidrios\\\/#article\",\"isPartOf\":{\"@id\":\"https:\\\/\\\/diarioprincipios.com\\\/index.php\\\/2021\\\/04\\\/22\\\/cayo-la-banda-de-los-rompe-vidrios\\\/\"},\"author\":{\"name\":\"Hern\u00e1n L\u00f3pez\",\"@id\":\"https:\\\/\\\/diarioprincipios.com\\\/#\\\/schema\\\/person\\\/436d5a1fd41a5e250e23ff5a6a7cb080\"},\"headline\":\"Cay\u00f3 la banda de los rompe vidrios\",\"datePublished\":\"2021-04-22T15:33:16+00:00\",\"dateModified\":\"2021-04-22T15:33:51+00:00\",\"mainEntityOfPage\":{\"@id\":\"https:\\\/\\\/diarioprincipios.com\\\/index.php\\\/2021\\\/04\\\/22\\\/cayo-la-banda-de-los-rompe-vidrios\\\/\"},\"wordCount\":347,\"commentCount\":0,\"publisher\":{\"@id\":\"https:\\\/\\\/diarioprincipios.com\\\/#organization\"},\"image\":{\"@id\":\"https:\\\/\\\/diarioprincipios.com\\\/index.php\\\/2021\\\/04\\\/22\\\/cayo-la-banda-de-los-rompe-vidrios\\\/#primaryimage\"},\"thumbnailUrl\":\"https:\\\/\\\/diarioprincipios.com\\\/wp-content\\\/uploads\\\/2021\\\/04\\\/GRACIAS-A-LAS-CAMARAS-DEL-CEQ-CAYO-LA-BANDA-DE-LOS-ROMPE-VIDRIOS-1.jpeg\",\"articleSection\":[\"Quilmes\"],\"inLanguage\":\"es\",\"potentialAction\":[{\"@type\":\"CommentAction\",\"name\":\"Comment\",\"target\":[\"https:\\\/\\\/diarioprincipios.com\\\/index.php\\\/2021\\\/04\\\/22\\\/cayo-la-banda-de-los-rompe-vidrios\\\/#respond\"]}]},{\"@type\":\"WebPage\",\"@id\":\"https:\\\/\\\/diarioprincipios.com\\\/index.php\\\/2021\\\/04\\\/22\\\/cayo-la-banda-de-los-rompe-vidrios\\\/\",\"url\":\"https:\\\/\\\/diarioprincipios.com\\\/index.php\\\/2021\\\/04\\\/22\\\/cayo-la-banda-de-los-rompe-vidrios\\\/\",\"name\":\"Cay\u00f3 la banda de los rompe vidrios - Principios\",\"isPartOf\":{\"@id\":\"https:\\\/\\\/diarioprincipios.com\\\/#website\"},\"primaryImageOfPage\":{\"@id\":\"https:\\\/\\\/diarioprincipios.com\\\/index.php\\\/2021\\\/04\\\/22\\\/cayo-la-banda-de-los-rompe-vidrios\\\/#primaryimage\"},\"image\":{\"@id\":\"https:\\\/\\\/diarioprincipios.com\\\/index.php\\\/2021\\\/04\\\/22\\\/cayo-la-banda-de-los-rompe-vidrios\\\/#primaryimage\"},\"thumbnailUrl\":\"https:\\\/\\\/diarioprincipios.com\\\/wp-content\\\/uploads\\\/2021\\\/04\\\/GRACIAS-A-LAS-CAMARAS-DEL-CEQ-CAYO-LA-BANDA-DE-LOS-ROMPE-VIDRIOS-1.jpeg\",\"datePublished\":\"2021-04-22T15:33:16+00:00\",\"dateModified\":\"2021-04-22T15:33:51+00:00\",\"breadcrumb\":{\"@id\":\"https:\\\/\\\/diarioprincipios.com\\\/index.php\\\/2021\\\/04\\\/22\\\/cayo-la-banda-de-los-rompe-vidrios\\\/#breadcrumb\"},\"inLanguage\":\"es\",\"potentialAction\":[{\"@type\":\"ReadAction\",\"target\":[\"https:\\\/\\\/diarioprincipios.com\\\/index.php\\\/2021\\\/04\\\/22\\\/cayo-la-banda-de-los-rompe-vidrios\\\/\"]}]},{\"@type\":\"ImageObject\",\"inLanguage\":\"es\",\"@id\":\"https:\\\/\\\/diarioprincipios.com\\\/index.php\\\/2021\\\/04\\\/22\\\/cayo-la-banda-de-los-rompe-vidrios\\\/#primaryimage\",\"url\":\"https:\\\/\\\/diarioprincipios.com\\\/wp-content\\\/uploads\\\/2021\\\/04\\\/GRACIAS-A-LAS-CAMARAS-DEL-CEQ-CAYO-LA-BANDA-DE-LOS-ROMPE-VIDRIOS-1.jpeg\",\"contentUrl\":\"https:\\\/\\\/diarioprincipios.com\\\/wp-content\\\/uploads\\\/2021\\\/04\\\/GRACIAS-A-LAS-CAMARAS-DEL-CEQ-CAYO-LA-BANDA-DE-LOS-ROMPE-VIDRIOS-1.jpeg\",\"width\":867,\"height\":708},{\"@type\":\"BreadcrumbList\",\"@id\":\"https:\\\/\\\/diarioprincipios.com\\\/index.php\\\/2021\\\/04\\\/22\\\/cayo-la-banda-de-los-rompe-vidrios\\\/#breadcrumb\",\"itemListElement\":[{\"@type\":\"ListItem\",\"position\":1,\"name\":\"Portada\",\"item\":\"https:\\\/\\\/diarioprincipios.com\\\/\"},{\"@type\":\"ListItem\",\"position\":2,\"name\":\"Cay\u00f3 la banda de los rompe vidrios\"}]},{\"@type\":\"WebSite\",\"@id\":\"https:\\\/\\\/diarioprincipios.com\\\/#website\",\"url\":\"https:\\\/\\\/diarioprincipios.com\\\/\",\"name\":\"Principios\",\"description\":\"Principios Diario\",\"publisher\":{\"@id\":\"https:\\\/\\\/diarioprincipios.com\\\/#organization\"},\"potentialAction\":[{\"@type\":\"SearchAction\",\"target\":{\"@type\":\"EntryPoint\",\"urlTemplate\":\"https:\\\/\\\/diarioprincipios.com\\\/?s={search_term_string}\"},\"query-input\":{\"@type\":\"PropertyValueSpecification\",\"valueRequired\":true,\"valueName\":\"search_term_string\"}}],\"inLanguage\":\"es\"},{\"@type\":\"Organization\",\"@id\":\"https:\\\/\\\/diarioprincipios.com\\\/#organization\",\"name\":\"Principios\",\"url\":\"https:\\\/\\\/diarioprincipios.com\\\/\",\"logo\":{\"@type\":\"ImageObject\",\"inLanguage\":\"es\",\"@id\":\"https:\\\/\\\/diarioprincipios.com\\\/#\\\/schema\\\/logo\\\/image\\\/\",\"url\":\"https:\\\/\\\/diarioprincipios.com\\\/wp-content\\\/uploads\\\/2024\\\/04\\\/cropped-www.diarioprincipios.com_-1.png\",\"contentUrl\":\"https:\\\/\\\/diarioprincipios.com\\\/wp-content\\\/uploads\\\/2024\\\/04\\\/cropped-www.diarioprincipios.com_-1.png\",\"width\":5325,\"height\":1454,\"caption\":\"Principios\"},\"image\":{\"@id\":\"https:\\\/\\\/diarioprincipios.com\\\/#\\\/schema\\\/logo\\\/image\\\/\"}},{\"@type\":\"Person\",\"@id\":\"https:\\\/\\\/diarioprincipios.com\\\/#\\\/schema\\\/person\\\/436d5a1fd41a5e250e23ff5a6a7cb080\",\"name\":\"Hern\u00e1n L\u00f3pez\",\"image\":{\"@type\":\"ImageObject\",\"inLanguage\":\"es\",\"@id\":\"https:\\\/\\\/diarioprincipios.com\\\/wp-content\\\/litespeed\\\/avatar\\\/11ddfe5610ff3bd100522525b2571f48.jpg?ver=1777048341\",\"url\":\"https:\\\/\\\/diarioprincipios.com\\\/wp-content\\\/litespeed\\\/avatar\\\/11ddfe5610ff3bd100522525b2571f48.jpg?ver=1777048341\",\"contentUrl\":\"https:\\\/\\\/diarioprincipios.com\\\/wp-content\\\/litespeed\\\/avatar\\\/11ddfe5610ff3bd100522525b2571f48.jpg?ver=1777048341\",\"caption\":\"Hern\u00e1n L\u00f3pez\"},\"url\":\"https:\\\/\\\/diarioprincipios.com\\\/index.php\\\/author\\\/hernan\\\/\"}]}<\/script>\n<!-- \/ Yoast SEO plugin. -->","yoast_head_json":{"title":"Cay\u00f3 la banda de los rompe vidrios - Principios","robots":{"index":"index","follow":"follow","max-snippet":"max-snippet:-1","max-image-preview":"max-image-preview:large","max-video-preview":"max-video-preview:-1"},"canonical":"https:\/\/diarioprincipios.com\/index.php\/2021\/04\/22\/cayo-la-banda-de-los-rompe-vidrios\/","og_locale":"es_ES","og_type":"article","og_title":"Cay\u00f3 la banda de los rompe vidrios - Principios","og_description":"El\u00a0Municipio de Quilmes informa que gracias a la intervenci\u00f3n del personal del Centro de Emergencias Quilmes (CEQ), que monitorea las im\u00e1genes de las c\u00e1maras de seguridad, se logr\u00f3 advertir a los efectivos policiales sobre un hecho delictivo que se estaba desarrollando en una agencia del autos del centro de la ciudad, en el que tres...","og_url":"https:\/\/diarioprincipios.com\/index.php\/2021\/04\/22\/cayo-la-banda-de-los-rompe-vidrios\/","og_site_name":"Principios","article_published_time":"2021-04-22T15:33:16+00:00","article_modified_time":"2021-04-22T15:33:51+00:00","og_image":[{"width":867,"height":708,"url":"https:\/\/diarioprincipios.com\/wp-content\/uploads\/2021\/04\/GRACIAS-A-LAS-CAMARAS-DEL-CEQ-CAYO-LA-BANDA-DE-LOS-ROMPE-VIDRIOS-1.jpeg","type":"image\/jpeg"}],"author":"Hern\u00e1n L\u00f3pez","twitter_card":"summary_large_image","twitter_misc":{"Escrito por":"Hern\u00e1n L\u00f3pez","Tiempo de lectura":"2 minutos"},"schema":{"@context":"https:\/\/schema.org","@graph":[{"@type":"Article","@id":"https:\/\/diarioprincipios.com\/index.php\/2021\/04\/22\/cayo-la-banda-de-los-rompe-vidrios\/#article","isPartOf":{"@id":"https:\/\/diarioprincipios.com\/index.php\/2021\/04\/22\/cayo-la-banda-de-los-rompe-vidrios\/"},"author":{"name":"Hern\u00e1n L\u00f3pez","@id":"https:\/\/diarioprincipios.com\/#\/schema\/person\/436d5a1fd41a5e250e23ff5a6a7cb080"},"headline":"Cay\u00f3 la banda de los rompe vidrios","datePublished":"2021-04-22T15:33:16+00:00","dateModified":"2021-04-22T15:33:51+00:00","mainEntityOfPage":{"@id":"https:\/\/diarioprincipios.com\/index.php\/2021\/04\/22\/cayo-la-banda-de-los-rompe-vidrios\/"},"wordCount":347,"commentCount":0,"publisher":{"@id":"https:\/\/diarioprincipios.com\/#organization"},"image":{"@id":"https:\/\/diarioprincipios.com\/index.php\/2021\/04\/22\/cayo-la-banda-de-los-rompe-vidrios\/#primaryimage"},"thumbnailUrl":"https:\/\/diarioprincipios.com\/wp-content\/uploads\/2021\/04\/GRACIAS-A-LAS-CAMARAS-DEL-CEQ-CAYO-LA-BANDA-DE-LOS-ROMPE-VIDRIOS-1.jpeg","articleSection":["Quilmes"],"inLanguage":"es","potentialAction":[{"@type":"CommentAction","name":"Comment","target":["https:\/\/diarioprincipios.com\/index.php\/2021\/04\/22\/cayo-la-banda-de-los-rompe-vidrios\/#respond"]}]},{"@type":"WebPage","@id":"https:\/\/diarioprincipios.com\/index.php\/2021\/04\/22\/cayo-la-banda-de-los-rompe-vidrios\/","url":"https:\/\/diarioprincipios.com\/index.php\/2021\/04\/22\/cayo-la-banda-de-los-rompe-vidrios\/","name":"Cay\u00f3 la banda de los rompe vidrios - Principios","isPartOf":{"@id":"https:\/\/diarioprincipios.com\/#website"},"primaryImageOfPage":{"@id":"https:\/\/diarioprincipios.com\/index.php\/2021\/04\/22\/cayo-la-banda-de-los-rompe-vidrios\/#primaryimage"},"image":{"@id":"https:\/\/diarioprincipios.com\/index.php\/2021\/04\/22\/cayo-la-banda-de-los-rompe-vidrios\/#primaryimage"},"thumbnailUrl":"https:\/\/diarioprincipios.com\/wp-content\/uploads\/2021\/04\/GRACIAS-A-LAS-CAMARAS-DEL-CEQ-CAYO-LA-BANDA-DE-LOS-ROMPE-VIDRIOS-1.jpeg","datePublished":"2021-04-22T15:33:16+00:00","dateModified":"2021-04-22T15:33:51+00:00","breadcrumb":{"@id":"https:\/\/diarioprincipios.com\/index.php\/2021\/04\/22\/cayo-la-banda-de-los-rompe-vidrios\/#breadcrumb"},"inLanguage":"es","potentialAction":[{"@type":"ReadAction","target":["https:\/\/diarioprincipios.com\/index.php\/2021\/04\/22\/cayo-la-banda-de-los-rompe-vidrios\/"]}]},{"@type":"ImageObject","inLanguage":"es","@id":"https:\/\/diarioprincipios.com\/index.php\/2021\/04\/22\/cayo-la-banda-de-los-rompe-vidrios\/#primaryimage","url":"https:\/\/diarioprincipios.com\/wp-content\/uploads\/2021\/04\/GRACIAS-A-LAS-CAMARAS-DEL-CEQ-CAYO-LA-BANDA-DE-LOS-ROMPE-VIDRIOS-1.jpeg","contentUrl":"https:\/\/diarioprincipios.com\/wp-content\/uploads\/2021\/04\/GRACIAS-A-LAS-CAMARAS-DEL-CEQ-CAYO-LA-BANDA-DE-LOS-ROMPE-VIDRIOS-1.jpeg","width":867,"height":708},{"@type":"BreadcrumbList","@id":"https:\/\/diarioprincipios.com\/index.php\/2021\/04\/22\/cayo-la-banda-de-los-rompe-vidrios\/#breadcrumb","itemListElement":[{"@type":"ListItem","position":1,"name":"Portada","item":"https:\/\/diarioprincipios.com\/"},{"@type":"ListItem","position":2,"name":"Cay\u00f3 la banda de los rompe vidrios"}]},{"@type":"WebSite","@id":"https:\/\/diarioprincipios.com\/#website","url":"https:\/\/diarioprincipios.com\/","name":"Principios","description":"Principios Diario","publisher":{"@id":"https:\/\/diarioprincipios.com\/#organization"},"potentialAction":[{"@type":"SearchAction","target":{"@type":"EntryPoint","urlTemplate":"https:\/\/diarioprincipios.com\/?s={search_term_string}"},"query-input":{"@type":"PropertyValueSpecification","valueRequired":true,"valueName":"search_term_string"}}],"inLanguage":"es"},{"@type":"Organization","@id":"https:\/\/diarioprincipios.com\/#organization","name":"Principios","url":"https:\/\/diarioprincipios.com\/","logo":{"@type":"ImageObject","inLanguage":"es","@id":"https:\/\/diarioprincipios.com\/#\/schema\/logo\/image\/","url":"https:\/\/diarioprincipios.com\/wp-content\/uploads\/2024\/04\/cropped-www.diarioprincipios.com_-1.png","contentUrl":"https:\/\/diarioprincipios.com\/wp-content\/uploads\/2024\/04\/cropped-www.diarioprincipios.com_-1.png","width":5325,"height":1454,"caption":"Principios"},"image":{"@id":"https:\/\/diarioprincipios.com\/#\/schema\/logo\/image\/"}},{"@type":"Person","@id":"https:\/\/diarioprincipios.com\/#\/schema\/person\/436d5a1fd41a5e250e23ff5a6a7cb080","name":"Hern\u00e1n L\u00f3pez","image":{"@type":"ImageObject","inLanguage":"es","@id":"https:\/\/diarioprincipios.com\/wp-content\/litespeed\/avatar\/11ddfe5610ff3bd100522525b2571f48.jpg?ver=1777048341","url":"https:\/\/diarioprincipios.com\/wp-content\/litespeed\/avatar\/11ddfe5610ff3bd100522525b2571f48.jpg?ver=1777048341","contentUrl":"https:\/\/diarioprincipios.com\/wp-content\/litespeed\/avatar\/11ddfe5610ff3bd100522525b2571f48.jpg?ver=1777048341","caption":"Hern\u00e1n L\u00f3pez"},"url":"https:\/\/diarioprincipios.com\/index.php\/author\/hernan\/"}]}},"jetpack_featured_media_url":"https:\/\/diarioprincipios.com\/wp-content\/uploads\/2021\/04\/GRACIAS-A-LAS-CAMARAS-DEL-CEQ-CAYO-LA-BANDA-DE-LOS-ROMPE-VIDRIOS-1.jpeg","_links":{"self":[{"href":"https:\/\/diarioprincipios.com\/index.php\/wp-json\/wp\/v2\/posts\/9585","targetHints":{"allow":["GET"]}}],"collection":[{"href":"https:\/\/diarioprincipios.com\/index.php\/wp-json\/wp\/v2\/posts"}],"about":[{"href":"https:\/\/diarioprincipios.com\/index.php\/wp-json\/wp\/v2\/types\/post"}],"author":[{"embeddable":true,"href":"https:\/\/diarioprincipios.com\/index.php\/wp-json\/wp\/v2\/users\/2"}],"replies":[{"embeddable":true,"href":"https:\/\/diarioprincipios.com\/index.php\/wp-json\/wp\/v2\/comments?post=9585"}],"version-history":[{"count":2,"href":"https:\/\/diarioprincipios.com\/index.php\/wp-json\/wp\/v2\/posts\/9585\/revisions"}],"predecessor-version":[{"id":9589,"href":"https:\/\/diarioprincipios.com\/index.php\/wp-json\/wp\/v2\/posts\/9585\/revisions\/9589"}],"wp:featuredmedia":[{"embeddable":true,"href":"https:\/\/diarioprincipios.com\/index.php\/wp-json\/wp\/v2\/media\/9586"}],"wp:attachment":[{"href":"https:\/\/diarioprincipios.com\/index.php\/wp-json\/wp\/v2\/media?parent=9585"}],"wp:term":[{"taxonomy":"category","embeddable":true,"href":"https:\/\/diarioprincipios.com\/index.php\/wp-json\/wp\/v2\/categories?post=9585"},{"taxonomy":"post_tag","embeddable":true,"href":"https:\/\/diarioprincipios.com\/index.php\/wp-json\/wp\/v2\/tags?post=9585"}],"curies":[{"name":"wp","href":"https:\/\/api.w.org\/{rel}","templated":true}]}}