{"id":9582,"date":"2021-04-22T11:47:34","date_gmt":"2021-04-22T14:47:34","guid":{"rendered":"http:\/\/diarioprincipios.com\/?p=9582"},"modified":"2021-04-22T11:47:37","modified_gmt":"2021-04-22T14:47:37","slug":"refuerzan-los-operativos-territoriales-para-detectar-casos-de-covid-19","status":"publish","type":"post","link":"https:\/\/diarioprincipios.com\/index.php\/2021\/04\/22\/refuerzan-los-operativos-territoriales-para-detectar-casos-de-covid-19\/","title":{"rendered":"Refuerzan los Operativos Territoriales para detectar casos de Covid 19"},"content":{"rendered":"\n<p><strong>Agentes de Salud de la Municipalidad de Berazategui y del Gobierno de la Provincia aplicaron el Dispositivo estrat\u00e9gico de Testeo para Coronavirus en Territorio de Argentina (DETeCTAr) en los barrios Villa Mitre, Jacarand\u00e1, 3 de Junio y Compal. Recorrieron casa por casa para analizar la situaci\u00f3n epidemiol\u00f3gica, concientizar sobre c\u00f3mo evitar la propagaci\u00f3n del COVID-19 y prevenir el dengue. Adem\u00e1s, respondieron a distintas situaciones de vulnerabilidad en materia de salud.<\/strong><br>En el DETeCTAr, los agentes -junto con voluntarios y referentes barriales- abordaron situaciones de vulnerabilidad (a trav\u00e9s del Programa Nacional REMEDIAR) y brindaron informaci\u00f3n y asesoramiento sobre c\u00f3mo registrarse en la web \u201cBuenos Aires Vacunate\u201d (<a rel=\"noreferrer noopener\" target=\"_blank\" href=\"http:\/\/vacunatepba.gba.gob.ar\/\">vacunatepba.gba.gob.ar<\/a>) para recibir la vacuna contra el coronavirus.<br>La coordinadora de la Direcci\u00f3n de Salud Comunitaria del Ministerio de Salud bonaerense, Marina Ascona, afirm\u00f3: \u201cEl operativo es integral porque, adem\u00e1s de hacer el recorrido por el territorio buscando casos sospechosos, tenemos un cami\u00f3n donde se acercan los vecinos y vecinas del barrio con s\u00edntomas, a quienes hisopamos\u201d. Y agreg\u00f3: \u201dEs un momento dif\u00edcil porque hay muchos casos y necesitamos seguir haciendo un esfuerzo para salir adelante. Entre todos lo podemos lograr\u201d.<br>En tanto, la supervisora de Enfermer\u00eda de la Secretar\u00eda de Salud P\u00fablica e Higiene local, Franca De Mar\u00eda, subray\u00f3: \u201cEl objetivo es ir casa por casa y detectar los casos sospechosos. Una vez que son identificados, el equipo de salud los trae a una base -que instalamos en las instituciones del barrio- para testearlos. Adem\u00e1s, estamos realizando concientizaci\u00f3n sobre el dengue\u201d.<br>Por su parte, la vecina del barrio Jacarand\u00e1 -donde se llev\u00f3 a cabo el DETeCTAr N\u00b0 85-, Laura Astudillo, se\u00f1al\u00f3: \u201cPasaron por mi casa, nos tomaron la temperatura, nos explicaron c\u00f3mo cuidarnos, nos preguntaron cu\u00e1ntas personas vivimos aqu\u00ed y el estado de salud de cada uno. Es una muy buena acci\u00f3n porque es una forma de cuidarnos\u201d.<br>Asimismo, Mar\u00eda Mancusi, vecina de Villa Mitre, expres\u00f3: \u201cEstoy muy agradecida por la atenci\u00f3n recibida, porque la informaci\u00f3n es muy importante en este contexto tan complicado\u201d.<\/p>\n\n\n\n<figure class=\"wp-block-image\"><img decoding=\"async\" src=\"https:\/\/ecp.yusercontent.com\/mail?url=https%3A%2F%2Fdocs.google.com%2Fuc%3Fexport%3Ddownload%26id%3D1O9ySDGVjFwLiWj3yWiMdjtCw6pHI7T-F%26revid%3D0B9CZhG6aa0VidWpSQjZNZGVndGpYeWM5ZWtiUFNuM1JQV3U4PQ&amp;t=1619038753&amp;ymreqid=5799fcab-b43d-2794-2265-f8000301bb00&amp;sig=6W4FU9h1m8N2VaX8NmFtAA--~D\" alt=\"\"\/><\/figure>\n","protected":false},"excerpt":{"rendered":"<p>Agentes de Salud de la Municipalidad de Berazategui y del Gobierno de la Provincia aplicaron el Dispositivo estrat\u00e9gico de Testeo para Coronavirus en Territorio de Argentina (DETeCTAr) en los barrios Villa Mitre, Jacarand\u00e1, 3 de Junio y Compal. Recorrieron casa por casa para analizar la situaci\u00f3n epidemiol\u00f3gica, concientizar sobre c\u00f3mo evitar la propagaci\u00f3n del COVID-19&#8230;<\/p>\n","protected":false},"author":2,"featured_media":9583,"comment_status":"open","ping_status":"open","sticky":false,"template":"","format":"standard","meta":{"footnotes":""},"categories":[3],"tags":[],"class_list":["post-9582","post","type-post","status-publish","format-standard","has-post-thumbnail","hentry","category-berazategui"],"featured_image_src":"https:\/\/diarioprincipios.com\/wp-content\/uploads\/2021\/04\/REFUERZAN-LOS-OPERATIVOS-TERRITORIALES-PARA-DETECTAR-CASOS-DE-COVID-19-1-1024x683.jpg","blog_images":{"medium":"https:\/\/diarioprincipios.com\/wp-content\/uploads\/2021\/04\/REFUERZAN-LOS-OPERATIVOS-TERRITORIALES-PARA-DETECTAR-CASOS-DE-COVID-19-1-300x200.jpg","large":"https:\/\/diarioprincipios.com\/wp-content\/uploads\/2021\/04\/REFUERZAN-LOS-OPERATIVOS-TERRITORIALES-PARA-DETECTAR-CASOS-DE-COVID-19-1-1024x683.jpg"},"ams_acf":[],"yoast_head":"<!-- This site is optimized with the Yoast SEO plugin v27.3 - https:\/\/yoast.com\/product\/yoast-seo-wordpress\/ -->\n<title>Refuerzan los Operativos Territoriales para detectar casos de Covid 19 - Principios<\/title>\n<meta name=\"robots\" content=\"index, follow, max-snippet:-1, max-image-preview:large, max-video-preview:-1\" \/>\n<link rel=\"canonical\" href=\"https:\/\/diarioprincipios.com\/index.php\/2021\/04\/22\/refuerzan-los-operativos-territoriales-para-detectar-casos-de-covid-19\/\" \/>\n<meta property=\"og:locale\" content=\"es_ES\" \/>\n<meta property=\"og:type\" content=\"article\" \/>\n<meta property=\"og:title\" content=\"Refuerzan los Operativos Territoriales para detectar casos de Covid 19 - Principios\" \/>\n<meta property=\"og:description\" content=\"Agentes de Salud de la Municipalidad de Berazategui y del Gobierno de la Provincia aplicaron el Dispositivo estrat\u00e9gico de Testeo para Coronavirus en Territorio de Argentina (DETeCTAr) en los barrios Villa Mitre, Jacarand\u00e1, 3 de Junio y Compal. Recorrieron casa por casa para analizar la situaci\u00f3n epidemiol\u00f3gica, concientizar sobre c\u00f3mo evitar la propagaci\u00f3n del COVID-19...\" \/>\n<meta property=\"og:url\" content=\"https:\/\/diarioprincipios.com\/index.php\/2021\/04\/22\/refuerzan-los-operativos-territoriales-para-detectar-casos-de-covid-19\/\" \/>\n<meta property=\"og:site_name\" content=\"Principios\" \/>\n<meta property=\"article:published_time\" content=\"2021-04-22T14:47:34+00:00\" \/>\n<meta property=\"article:modified_time\" content=\"2021-04-22T14:47:37+00:00\" \/>\n<meta property=\"og:image\" content=\"https:\/\/diarioprincipios.com\/wp-content\/uploads\/2021\/04\/REFUERZAN-LOS-OPERATIVOS-TERRITORIALES-PARA-DETECTAR-CASOS-DE-COVID-19-1.jpg\" \/>\n\t<meta property=\"og:image:width\" content=\"1920\" \/>\n\t<meta property=\"og:image:height\" content=\"1280\" \/>\n\t<meta property=\"og:image:type\" content=\"image\/jpeg\" \/>\n<meta name=\"author\" content=\"Hern\u00e1n L\u00f3pez\" \/>\n<meta name=\"twitter:card\" content=\"summary_large_image\" \/>\n<meta name=\"twitter:label1\" content=\"Escrito por\" \/>\n\t<meta name=\"twitter:data1\" content=\"Hern\u00e1n L\u00f3pez\" \/>\n\t<meta name=\"twitter:label2\" content=\"Tiempo de lectura\" \/>\n\t<meta name=\"twitter:data2\" content=\"2 minutos\" \/>\n<script type=\"application\/ld+json\" class=\"yoast-schema-graph\">{\"@context\":\"https:\\\/\\\/schema.org\",\"@graph\":[{\"@type\":\"Article\",\"@id\":\"https:\\\/\\\/diarioprincipios.com\\\/index.php\\\/2021\\\/04\\\/22\\\/refuerzan-los-operativos-territoriales-para-detectar-casos-de-covid-19\\\/#article\",\"isPartOf\":{\"@id\":\"https:\\\/\\\/diarioprincipios.com\\\/index.php\\\/2021\\\/04\\\/22\\\/refuerzan-los-operativos-territoriales-para-detectar-casos-de-covid-19\\\/\"},\"author\":{\"name\":\"Hern\u00e1n L\u00f3pez\",\"@id\":\"https:\\\/\\\/diarioprincipios.com\\\/#\\\/schema\\\/person\\\/436d5a1fd41a5e250e23ff5a6a7cb080\"},\"headline\":\"Refuerzan los Operativos Territoriales para detectar casos de Covid 19\",\"datePublished\":\"2021-04-22T14:47:34+00:00\",\"dateModified\":\"2021-04-22T14:47:37+00:00\",\"mainEntityOfPage\":{\"@id\":\"https:\\\/\\\/diarioprincipios.com\\\/index.php\\\/2021\\\/04\\\/22\\\/refuerzan-los-operativos-territoriales-para-detectar-casos-de-covid-19\\\/\"},\"wordCount\":368,\"commentCount\":0,\"publisher\":{\"@id\":\"https:\\\/\\\/diarioprincipios.com\\\/#organization\"},\"image\":{\"@id\":\"https:\\\/\\\/diarioprincipios.com\\\/index.php\\\/2021\\\/04\\\/22\\\/refuerzan-los-operativos-territoriales-para-detectar-casos-de-covid-19\\\/#primaryimage\"},\"thumbnailUrl\":\"https:\\\/\\\/diarioprincipios.com\\\/wp-content\\\/uploads\\\/2021\\\/04\\\/REFUERZAN-LOS-OPERATIVOS-TERRITORIALES-PARA-DETECTAR-CASOS-DE-COVID-19-1.jpg\",\"articleSection\":[\"Berazategui\"],\"inLanguage\":\"es\",\"potentialAction\":[{\"@type\":\"CommentAction\",\"name\":\"Comment\",\"target\":[\"https:\\\/\\\/diarioprincipios.com\\\/index.php\\\/2021\\\/04\\\/22\\\/refuerzan-los-operativos-territoriales-para-detectar-casos-de-covid-19\\\/#respond\"]}]},{\"@type\":\"WebPage\",\"@id\":\"https:\\\/\\\/diarioprincipios.com\\\/index.php\\\/2021\\\/04\\\/22\\\/refuerzan-los-operativos-territoriales-para-detectar-casos-de-covid-19\\\/\",\"url\":\"https:\\\/\\\/diarioprincipios.com\\\/index.php\\\/2021\\\/04\\\/22\\\/refuerzan-los-operativos-territoriales-para-detectar-casos-de-covid-19\\\/\",\"name\":\"Refuerzan los Operativos Territoriales para detectar casos de Covid 19 - Principios\",\"isPartOf\":{\"@id\":\"https:\\\/\\\/diarioprincipios.com\\\/#website\"},\"primaryImageOfPage\":{\"@id\":\"https:\\\/\\\/diarioprincipios.com\\\/index.php\\\/2021\\\/04\\\/22\\\/refuerzan-los-operativos-territoriales-para-detectar-casos-de-covid-19\\\/#primaryimage\"},\"image\":{\"@id\":\"https:\\\/\\\/diarioprincipios.com\\\/index.php\\\/2021\\\/04\\\/22\\\/refuerzan-los-operativos-territoriales-para-detectar-casos-de-covid-19\\\/#primaryimage\"},\"thumbnailUrl\":\"https:\\\/\\\/diarioprincipios.com\\\/wp-content\\\/uploads\\\/2021\\\/04\\\/REFUERZAN-LOS-OPERATIVOS-TERRITORIALES-PARA-DETECTAR-CASOS-DE-COVID-19-1.jpg\",\"datePublished\":\"2021-04-22T14:47:34+00:00\",\"dateModified\":\"2021-04-22T14:47:37+00:00\",\"breadcrumb\":{\"@id\":\"https:\\\/\\\/diarioprincipios.com\\\/index.php\\\/2021\\\/04\\\/22\\\/refuerzan-los-operativos-territoriales-para-detectar-casos-de-covid-19\\\/#breadcrumb\"},\"inLanguage\":\"es\",\"potentialAction\":[{\"@type\":\"ReadAction\",\"target\":[\"https:\\\/\\\/diarioprincipios.com\\\/index.php\\\/2021\\\/04\\\/22\\\/refuerzan-los-operativos-territoriales-para-detectar-casos-de-covid-19\\\/\"]}]},{\"@type\":\"ImageObject\",\"inLanguage\":\"es\",\"@id\":\"https:\\\/\\\/diarioprincipios.com\\\/index.php\\\/2021\\\/04\\\/22\\\/refuerzan-los-operativos-territoriales-para-detectar-casos-de-covid-19\\\/#primaryimage\",\"url\":\"https:\\\/\\\/diarioprincipios.com\\\/wp-content\\\/uploads\\\/2021\\\/04\\\/REFUERZAN-LOS-OPERATIVOS-TERRITORIALES-PARA-DETECTAR-CASOS-DE-COVID-19-1.jpg\",\"contentUrl\":\"https:\\\/\\\/diarioprincipios.com\\\/wp-content\\\/uploads\\\/2021\\\/04\\\/REFUERZAN-LOS-OPERATIVOS-TERRITORIALES-PARA-DETECTAR-CASOS-DE-COVID-19-1.jpg\",\"width\":1920,\"height\":1280},{\"@type\":\"BreadcrumbList\",\"@id\":\"https:\\\/\\\/diarioprincipios.com\\\/index.php\\\/2021\\\/04\\\/22\\\/refuerzan-los-operativos-territoriales-para-detectar-casos-de-covid-19\\\/#breadcrumb\",\"itemListElement\":[{\"@type\":\"ListItem\",\"position\":1,\"name\":\"Portada\",\"item\":\"https:\\\/\\\/diarioprincipios.com\\\/\"},{\"@type\":\"ListItem\",\"position\":2,\"name\":\"Refuerzan los Operativos Territoriales para detectar casos de Covid 19\"}]},{\"@type\":\"WebSite\",\"@id\":\"https:\\\/\\\/diarioprincipios.com\\\/#website\",\"url\":\"https:\\\/\\\/diarioprincipios.com\\\/\",\"name\":\"Principios\",\"description\":\"Principios Diario\",\"publisher\":{\"@id\":\"https:\\\/\\\/diarioprincipios.com\\\/#organization\"},\"potentialAction\":[{\"@type\":\"SearchAction\",\"target\":{\"@type\":\"EntryPoint\",\"urlTemplate\":\"https:\\\/\\\/diarioprincipios.com\\\/?s={search_term_string}\"},\"query-input\":{\"@type\":\"PropertyValueSpecification\",\"valueRequired\":true,\"valueName\":\"search_term_string\"}}],\"inLanguage\":\"es\"},{\"@type\":\"Organization\",\"@id\":\"https:\\\/\\\/diarioprincipios.com\\\/#organization\",\"name\":\"Principios\",\"url\":\"https:\\\/\\\/diarioprincipios.com\\\/\",\"logo\":{\"@type\":\"ImageObject\",\"inLanguage\":\"es\",\"@id\":\"https:\\\/\\\/diarioprincipios.com\\\/#\\\/schema\\\/logo\\\/image\\\/\",\"url\":\"https:\\\/\\\/diarioprincipios.com\\\/wp-content\\\/uploads\\\/2024\\\/04\\\/cropped-www.diarioprincipios.com_-1.png\",\"contentUrl\":\"https:\\\/\\\/diarioprincipios.com\\\/wp-content\\\/uploads\\\/2024\\\/04\\\/cropped-www.diarioprincipios.com_-1.png\",\"width\":5325,\"height\":1454,\"caption\":\"Principios\"},\"image\":{\"@id\":\"https:\\\/\\\/diarioprincipios.com\\\/#\\\/schema\\\/logo\\\/image\\\/\"}},{\"@type\":\"Person\",\"@id\":\"https:\\\/\\\/diarioprincipios.com\\\/#\\\/schema\\\/person\\\/436d5a1fd41a5e250e23ff5a6a7cb080\",\"name\":\"Hern\u00e1n L\u00f3pez\",\"image\":{\"@type\":\"ImageObject\",\"inLanguage\":\"es\",\"@id\":\"https:\\\/\\\/diarioprincipios.com\\\/wp-content\\\/litespeed\\\/avatar\\\/11ddfe5610ff3bd100522525b2571f48.jpg?ver=1777048341\",\"url\":\"https:\\\/\\\/diarioprincipios.com\\\/wp-content\\\/litespeed\\\/avatar\\\/11ddfe5610ff3bd100522525b2571f48.jpg?ver=1777048341\",\"contentUrl\":\"https:\\\/\\\/diarioprincipios.com\\\/wp-content\\\/litespeed\\\/avatar\\\/11ddfe5610ff3bd100522525b2571f48.jpg?ver=1777048341\",\"caption\":\"Hern\u00e1n L\u00f3pez\"},\"url\":\"https:\\\/\\\/diarioprincipios.com\\\/index.php\\\/author\\\/hernan\\\/\"}]}<\/script>\n<!-- \/ Yoast SEO plugin. -->","yoast_head_json":{"title":"Refuerzan los Operativos Territoriales para detectar casos de Covid 19 - Principios","robots":{"index":"index","follow":"follow","max-snippet":"max-snippet:-1","max-image-preview":"max-image-preview:large","max-video-preview":"max-video-preview:-1"},"canonical":"https:\/\/diarioprincipios.com\/index.php\/2021\/04\/22\/refuerzan-los-operativos-territoriales-para-detectar-casos-de-covid-19\/","og_locale":"es_ES","og_type":"article","og_title":"Refuerzan los Operativos Territoriales para detectar casos de Covid 19 - Principios","og_description":"Agentes de Salud de la Municipalidad de Berazategui y del Gobierno de la Provincia aplicaron el Dispositivo estrat\u00e9gico de Testeo para Coronavirus en Territorio de Argentina (DETeCTAr) en los barrios Villa Mitre, Jacarand\u00e1, 3 de Junio y Compal. Recorrieron casa por casa para analizar la situaci\u00f3n epidemiol\u00f3gica, concientizar sobre c\u00f3mo evitar la propagaci\u00f3n del COVID-19...","og_url":"https:\/\/diarioprincipios.com\/index.php\/2021\/04\/22\/refuerzan-los-operativos-territoriales-para-detectar-casos-de-covid-19\/","og_site_name":"Principios","article_published_time":"2021-04-22T14:47:34+00:00","article_modified_time":"2021-04-22T14:47:37+00:00","og_image":[{"width":1920,"height":1280,"url":"https:\/\/diarioprincipios.com\/wp-content\/uploads\/2021\/04\/REFUERZAN-LOS-OPERATIVOS-TERRITORIALES-PARA-DETECTAR-CASOS-DE-COVID-19-1.jpg","type":"image\/jpeg"}],"author":"Hern\u00e1n L\u00f3pez","twitter_card":"summary_large_image","twitter_misc":{"Escrito por":"Hern\u00e1n L\u00f3pez","Tiempo de lectura":"2 minutos"},"schema":{"@context":"https:\/\/schema.org","@graph":[{"@type":"Article","@id":"https:\/\/diarioprincipios.com\/index.php\/2021\/04\/22\/refuerzan-los-operativos-territoriales-para-detectar-casos-de-covid-19\/#article","isPartOf":{"@id":"https:\/\/diarioprincipios.com\/index.php\/2021\/04\/22\/refuerzan-los-operativos-territoriales-para-detectar-casos-de-covid-19\/"},"author":{"name":"Hern\u00e1n L\u00f3pez","@id":"https:\/\/diarioprincipios.com\/#\/schema\/person\/436d5a1fd41a5e250e23ff5a6a7cb080"},"headline":"Refuerzan los Operativos Territoriales para detectar casos de Covid 19","datePublished":"2021-04-22T14:47:34+00:00","dateModified":"2021-04-22T14:47:37+00:00","mainEntityOfPage":{"@id":"https:\/\/diarioprincipios.com\/index.php\/2021\/04\/22\/refuerzan-los-operativos-territoriales-para-detectar-casos-de-covid-19\/"},"wordCount":368,"commentCount":0,"publisher":{"@id":"https:\/\/diarioprincipios.com\/#organization"},"image":{"@id":"https:\/\/diarioprincipios.com\/index.php\/2021\/04\/22\/refuerzan-los-operativos-territoriales-para-detectar-casos-de-covid-19\/#primaryimage"},"thumbnailUrl":"https:\/\/diarioprincipios.com\/wp-content\/uploads\/2021\/04\/REFUERZAN-LOS-OPERATIVOS-TERRITORIALES-PARA-DETECTAR-CASOS-DE-COVID-19-1.jpg","articleSection":["Berazategui"],"inLanguage":"es","potentialAction":[{"@type":"CommentAction","name":"Comment","target":["https:\/\/diarioprincipios.com\/index.php\/2021\/04\/22\/refuerzan-los-operativos-territoriales-para-detectar-casos-de-covid-19\/#respond"]}]},{"@type":"WebPage","@id":"https:\/\/diarioprincipios.com\/index.php\/2021\/04\/22\/refuerzan-los-operativos-territoriales-para-detectar-casos-de-covid-19\/","url":"https:\/\/diarioprincipios.com\/index.php\/2021\/04\/22\/refuerzan-los-operativos-territoriales-para-detectar-casos-de-covid-19\/","name":"Refuerzan los Operativos Territoriales para detectar casos de Covid 19 - Principios","isPartOf":{"@id":"https:\/\/diarioprincipios.com\/#website"},"primaryImageOfPage":{"@id":"https:\/\/diarioprincipios.com\/index.php\/2021\/04\/22\/refuerzan-los-operativos-territoriales-para-detectar-casos-de-covid-19\/#primaryimage"},"image":{"@id":"https:\/\/diarioprincipios.com\/index.php\/2021\/04\/22\/refuerzan-los-operativos-territoriales-para-detectar-casos-de-covid-19\/#primaryimage"},"thumbnailUrl":"https:\/\/diarioprincipios.com\/wp-content\/uploads\/2021\/04\/REFUERZAN-LOS-OPERATIVOS-TERRITORIALES-PARA-DETECTAR-CASOS-DE-COVID-19-1.jpg","datePublished":"2021-04-22T14:47:34+00:00","dateModified":"2021-04-22T14:47:37+00:00","breadcrumb":{"@id":"https:\/\/diarioprincipios.com\/index.php\/2021\/04\/22\/refuerzan-los-operativos-territoriales-para-detectar-casos-de-covid-19\/#breadcrumb"},"inLanguage":"es","potentialAction":[{"@type":"ReadAction","target":["https:\/\/diarioprincipios.com\/index.php\/2021\/04\/22\/refuerzan-los-operativos-territoriales-para-detectar-casos-de-covid-19\/"]}]},{"@type":"ImageObject","inLanguage":"es","@id":"https:\/\/diarioprincipios.com\/index.php\/2021\/04\/22\/refuerzan-los-operativos-territoriales-para-detectar-casos-de-covid-19\/#primaryimage","url":"https:\/\/diarioprincipios.com\/wp-content\/uploads\/2021\/04\/REFUERZAN-LOS-OPERATIVOS-TERRITORIALES-PARA-DETECTAR-CASOS-DE-COVID-19-1.jpg","contentUrl":"https:\/\/diarioprincipios.com\/wp-content\/uploads\/2021\/04\/REFUERZAN-LOS-OPERATIVOS-TERRITORIALES-PARA-DETECTAR-CASOS-DE-COVID-19-1.jpg","width":1920,"height":1280},{"@type":"BreadcrumbList","@id":"https:\/\/diarioprincipios.com\/index.php\/2021\/04\/22\/refuerzan-los-operativos-territoriales-para-detectar-casos-de-covid-19\/#breadcrumb","itemListElement":[{"@type":"ListItem","position":1,"name":"Portada","item":"https:\/\/diarioprincipios.com\/"},{"@type":"ListItem","position":2,"name":"Refuerzan los Operativos Territoriales para detectar casos de Covid 19"}]},{"@type":"WebSite","@id":"https:\/\/diarioprincipios.com\/#website","url":"https:\/\/diarioprincipios.com\/","name":"Principios","description":"Principios Diario","publisher":{"@id":"https:\/\/diarioprincipios.com\/#organization"},"potentialAction":[{"@type":"SearchAction","target":{"@type":"EntryPoint","urlTemplate":"https:\/\/diarioprincipios.com\/?s={search_term_string}"},"query-input":{"@type":"PropertyValueSpecification","valueRequired":true,"valueName":"search_term_string"}}],"inLanguage":"es"},{"@type":"Organization","@id":"https:\/\/diarioprincipios.com\/#organization","name":"Principios","url":"https:\/\/diarioprincipios.com\/","logo":{"@type":"ImageObject","inLanguage":"es","@id":"https:\/\/diarioprincipios.com\/#\/schema\/logo\/image\/","url":"https:\/\/diarioprincipios.com\/wp-content\/uploads\/2024\/04\/cropped-www.diarioprincipios.com_-1.png","contentUrl":"https:\/\/diarioprincipios.com\/wp-content\/uploads\/2024\/04\/cropped-www.diarioprincipios.com_-1.png","width":5325,"height":1454,"caption":"Principios"},"image":{"@id":"https:\/\/diarioprincipios.com\/#\/schema\/logo\/image\/"}},{"@type":"Person","@id":"https:\/\/diarioprincipios.com\/#\/schema\/person\/436d5a1fd41a5e250e23ff5a6a7cb080","name":"Hern\u00e1n L\u00f3pez","image":{"@type":"ImageObject","inLanguage":"es","@id":"https:\/\/diarioprincipios.com\/wp-content\/litespeed\/avatar\/11ddfe5610ff3bd100522525b2571f48.jpg?ver=1777048341","url":"https:\/\/diarioprincipios.com\/wp-content\/litespeed\/avatar\/11ddfe5610ff3bd100522525b2571f48.jpg?ver=1777048341","contentUrl":"https:\/\/diarioprincipios.com\/wp-content\/litespeed\/avatar\/11ddfe5610ff3bd100522525b2571f48.jpg?ver=1777048341","caption":"Hern\u00e1n L\u00f3pez"},"url":"https:\/\/diarioprincipios.com\/index.php\/author\/hernan\/"}]}},"jetpack_featured_media_url":"https:\/\/diarioprincipios.com\/wp-content\/uploads\/2021\/04\/REFUERZAN-LOS-OPERATIVOS-TERRITORIALES-PARA-DETECTAR-CASOS-DE-COVID-19-1.jpg","_links":{"self":[{"href":"https:\/\/diarioprincipios.com\/index.php\/wp-json\/wp\/v2\/posts\/9582","targetHints":{"allow":["GET"]}}],"collection":[{"href":"https:\/\/diarioprincipios.com\/index.php\/wp-json\/wp\/v2\/posts"}],"about":[{"href":"https:\/\/diarioprincipios.com\/index.php\/wp-json\/wp\/v2\/types\/post"}],"author":[{"embeddable":true,"href":"https:\/\/diarioprincipios.com\/index.php\/wp-json\/wp\/v2\/users\/2"}],"replies":[{"embeddable":true,"href":"https:\/\/diarioprincipios.com\/index.php\/wp-json\/wp\/v2\/comments?post=9582"}],"version-history":[{"count":1,"href":"https:\/\/diarioprincipios.com\/index.php\/wp-json\/wp\/v2\/posts\/9582\/revisions"}],"predecessor-version":[{"id":9584,"href":"https:\/\/diarioprincipios.com\/index.php\/wp-json\/wp\/v2\/posts\/9582\/revisions\/9584"}],"wp:featuredmedia":[{"embeddable":true,"href":"https:\/\/diarioprincipios.com\/index.php\/wp-json\/wp\/v2\/media\/9583"}],"wp:attachment":[{"href":"https:\/\/diarioprincipios.com\/index.php\/wp-json\/wp\/v2\/media?parent=9582"}],"wp:term":[{"taxonomy":"category","embeddable":true,"href":"https:\/\/diarioprincipios.com\/index.php\/wp-json\/wp\/v2\/categories?post=9582"},{"taxonomy":"post_tag","embeddable":true,"href":"https:\/\/diarioprincipios.com\/index.php\/wp-json\/wp\/v2\/tags?post=9582"}],"curies":[{"name":"wp","href":"https:\/\/api.w.org\/{rel}","templated":true}]}}