{"id":9578,"date":"2021-04-22T11:19:52","date_gmt":"2021-04-22T14:19:52","guid":{"rendered":"http:\/\/diarioprincipios.com\/?p=9578"},"modified":"2021-04-22T11:25:43","modified_gmt":"2021-04-22T14:25:43","slug":"ante-lideres-mundiales-alberto-fernandez-insistio-con-un-canje-de-deuda-por-accion-climatica","status":"publish","type":"post","link":"https:\/\/diarioprincipios.com\/index.php\/2021\/04\/22\/ante-lideres-mundiales-alberto-fernandez-insistio-con-un-canje-de-deuda-por-accion-climatica\/","title":{"rendered":"Ante l\u00edderes mundiales, Alberto Fern\u00e1ndez insisti\u00f3 con un \u00abcanje de deuda por acci\u00f3n clim\u00e1tica\u00bb"},"content":{"rendered":"\n<p>El presidente Alberto Fern\u00e1ndez sostuvo hoy que \u00abla crisis ecol\u00f3gica y social son dos caras de la misma moneda\u00bb e insisti\u00f3 con la idea de una \u00abrenovaci\u00f3n de la arquitectura financiera internacional\u00bb que posibilite un \u00abcanje de deuda por acci\u00f3n clim\u00e1tica\u00bb.<\/p>\n\n\n\n<p>Al exponer en forma virtual en el marco de la Cumbre de L\u00edderes sobre el Clima de la que participan los presidentes y referentes pol\u00edticos m\u00e1s importantes del mundo, el Jefe de Estado argentino se\u00f1al\u00f3 que el cuidado de la ecolog\u00eda y la situaci\u00f3n social son fen\u00f3menos \u00edntimamente relacionados.<\/p>\n\n\n\n<p>Fern\u00e1ndez convoc\u00f3 especialmente a sus pares m\u00e1s cercanos a coordinar \u00abmedidas regionales y solidarias\u00bb y, de la misma manera en que lo hab\u00eda hecho ayer en la Cumbre Iberoamericana, se mostr\u00f3 como impulsor de un \u00abcanje de deuda por acci\u00f3n clim\u00e1tica\u00bb.<\/p>\n\n\n\n<p>\u00abNos miran las nuevas generaciones. El tiempo de la duda se termin\u00f3; nadie se salva solo. Transitemos unidos un tiempo distinto con justicia social, financiera y ambiental\u00bb, postul\u00f3 el mandatario argentino.<\/p>\n\n\n\n<p>Fern\u00e1ndez sostuvo que el Gobierno puso \u00abla acci\u00f3n clim\u00e1tica y ambiental en el centro de sus convicciones\u00bb y cit\u00f3 a Juan Per\u00f3n al afirmar que se debe \u00abtomar conciencia de la marcha suicida que la humanidad ha emprendido a trav\u00e9s de la contaminaci\u00f3n del medioambiente\u00bb.<\/p>\n\n\n\n<p>Se\u00f1al\u00f3 en ese sentido que el pa\u00eds no s\u00f3lo honra las metas del Acuerdo de Par\u00eds sino que adem\u00e1s postula mayores medidas y esfuerzos que incluyen, por ejemplo \u00abun plan de eficiencia para el transporte, la industria y la construcci\u00f3n\u00bb y la tipificaci\u00f3n como delito ambiental de las pr\u00e1cticas de \u00abdeforestaci\u00f3n ilegal\u00bb.<\/p>\n\n\n\n<p>Entre otras acciones econ\u00f3mico-financieras, reiter\u00f3 su pedido para que la \u00abasignaci\u00f3n de derechos especiales de giro\u00bb se haga \u00absin discriminar a los pa\u00edses de renta media\u00bb y se reconfiguren \u00ablos an\u00e1lisis de las aseguradoras de riesgo para no distorsionar\u00bb las realidades de los pa\u00edses emergentes.<\/p>\n\n\n\n<p>Mientras la Argentina discute la renegociaci\u00f3n de la deuda con el Fondo Monetario Internacional, Fern\u00e1ndez critic\u00f3 los \u00absobreendeudamientos irresponsables\u00bb adquiridos antes de la pandemia y pidi\u00f3 \u00abmayor flexibilidad de plazos, tasas, y condiciones\u00bb para el pago de los compromisos.<\/p>\n\n\n\n<p>La cumbre comenz\u00f3 a las 9 -horario de la Argentina- y en su formato virtual reuni\u00f3 a 40 mandatarios en el marco del D\u00eda Internacional de la Madre Tierra.<\/p>\n\n\n\n<p>El listado de expositores fue armado en base a las principales econom\u00edas de los 17 pa\u00edses m\u00e1s responsables de emisiones y los mandatarios considerados m\u00e1s comprometidos.<\/p>\n\n\n\n<p>De los 40 jefes de Estado convocados hay dos de las Islas del Caribe -Antigua y Barbuda y Jamaica- y cinco latinoamericanos: los de Argentina, Brasil, Chile, Colombia y M\u00e9xico.<\/p>\n\n\n\n<p>El resto de los pa\u00edses invitados son Alemania, Arabia Saudita, Australia, Bangladesh, Bhutan, Canad\u00e1, China, Congo, Corea del Sur, Dinamarca, Emiratos \u00c1rabes Unidos, Espa\u00f1a, Francia, Gab\u00f3n, India, Indonesia, Israel, Italia, Jap\u00f3n, Kenia, Islas Marshall, Nigeria, Noruega, Nueva Zelanda, Polonia, Reino Unido, Rusia, Singapur, Sud\u00e1frica, Turqu\u00eda, Vietnam.<\/p>\n\n\n\n<p>Adem\u00e1s, habr\u00e1 un miembro de la Comisi\u00f3n Europea y otro del Consejo Europeo.<\/p>\n\n\n\n<p>Fern\u00e1ndez hab\u00eda sido invitado a esta Cumbre por el gobierno de Estados Unidos el 26 de febrero \u00faltimo, a trav\u00e9s de una conversaci\u00f3n telef\u00f3nica mantenida con el Enviado Especial para el Clima de la administraci\u00f3n de ese pa\u00eds, John Kerry; y ratificada el 26 de marzo con una carta enviada por el propio presidente Biden al mandatario argentino.<\/p>\n","protected":false},"excerpt":{"rendered":"<p>El presidente Alberto Fern\u00e1ndez sostuvo hoy que \u00abla crisis ecol\u00f3gica y social son dos caras de la misma moneda\u00bb e insisti\u00f3 con la idea de una \u00abrenovaci\u00f3n de la arquitectura financiera internacional\u00bb que posibilite un \u00abcanje de deuda por acci\u00f3n clim\u00e1tica\u00bb. Al exponer en forma virtual en el marco de la Cumbre de L\u00edderes sobre&#8230;<\/p>\n","protected":false},"author":2,"featured_media":9579,"comment_status":"open","ping_status":"open","sticky":false,"template":"","format":"standard","meta":{"footnotes":""},"categories":[1],"tags":[],"class_list":["post-9578","post","type-post","status-publish","format-standard","has-post-thumbnail","hentry","category-uncategorized"],"featured_image_src":"https:\/\/diarioprincipios.com\/wp-content\/uploads\/2021\/04\/60817bbba3a21_1004x565.jpg","blog_images":{"medium":"https:\/\/diarioprincipios.com\/wp-content\/uploads\/2021\/04\/60817bbba3a21_1004x565-300x169.jpg","large":"https:\/\/diarioprincipios.com\/wp-content\/uploads\/2021\/04\/60817bbba3a21_1004x565.jpg"},"ams_acf":[],"yoast_head":"<!-- This site is optimized with the Yoast SEO plugin v27.3 - https:\/\/yoast.com\/product\/yoast-seo-wordpress\/ -->\n<title>Ante l\u00edderes mundiales, Alberto Fern\u00e1ndez insisti\u00f3 con un &quot;canje de deuda por acci\u00f3n clim\u00e1tica&quot; - Principios<\/title>\n<meta name=\"robots\" content=\"index, follow, max-snippet:-1, max-image-preview:large, max-video-preview:-1\" \/>\n<link rel=\"canonical\" href=\"https:\/\/diarioprincipios.com\/index.php\/2021\/04\/22\/ante-lideres-mundiales-alberto-fernandez-insistio-con-un-canje-de-deuda-por-accion-climatica\/\" \/>\n<meta property=\"og:locale\" content=\"es_ES\" \/>\n<meta property=\"og:type\" content=\"article\" \/>\n<meta property=\"og:title\" content=\"Ante l\u00edderes mundiales, Alberto Fern\u00e1ndez insisti\u00f3 con un &quot;canje de deuda por acci\u00f3n clim\u00e1tica&quot; - Principios\" \/>\n<meta property=\"og:description\" content=\"El presidente Alberto Fern\u00e1ndez sostuvo hoy que \u00abla crisis ecol\u00f3gica y social son dos caras de la misma moneda\u00bb e insisti\u00f3 con la idea de una \u00abrenovaci\u00f3n de la arquitectura financiera internacional\u00bb que posibilite un \u00abcanje de deuda por acci\u00f3n clim\u00e1tica\u00bb. Al exponer en forma virtual en el marco de la Cumbre de L\u00edderes sobre...\" \/>\n<meta property=\"og:url\" content=\"https:\/\/diarioprincipios.com\/index.php\/2021\/04\/22\/ante-lideres-mundiales-alberto-fernandez-insistio-con-un-canje-de-deuda-por-accion-climatica\/\" \/>\n<meta property=\"og:site_name\" content=\"Principios\" \/>\n<meta property=\"article:published_time\" content=\"2021-04-22T14:19:52+00:00\" \/>\n<meta property=\"article:modified_time\" content=\"2021-04-22T14:25:43+00:00\" \/>\n<meta property=\"og:image\" content=\"https:\/\/diarioprincipios.com\/wp-content\/uploads\/2021\/04\/60817bbba3a21_1004x565.jpg\" \/>\n\t<meta property=\"og:image:width\" content=\"1004\" \/>\n\t<meta property=\"og:image:height\" content=\"565\" \/>\n\t<meta property=\"og:image:type\" content=\"image\/jpeg\" \/>\n<meta name=\"author\" content=\"Hern\u00e1n L\u00f3pez\" \/>\n<meta name=\"twitter:card\" content=\"summary_large_image\" \/>\n<meta name=\"twitter:label1\" content=\"Escrito por\" \/>\n\t<meta name=\"twitter:data1\" content=\"Hern\u00e1n L\u00f3pez\" \/>\n\t<meta name=\"twitter:label2\" content=\"Tiempo de lectura\" \/>\n\t<meta name=\"twitter:data2\" content=\"3 minutos\" \/>\n<script type=\"application\/ld+json\" class=\"yoast-schema-graph\">{\"@context\":\"https:\\\/\\\/schema.org\",\"@graph\":[{\"@type\":\"Article\",\"@id\":\"https:\\\/\\\/diarioprincipios.com\\\/index.php\\\/2021\\\/04\\\/22\\\/ante-lideres-mundiales-alberto-fernandez-insistio-con-un-canje-de-deuda-por-accion-climatica\\\/#article\",\"isPartOf\":{\"@id\":\"https:\\\/\\\/diarioprincipios.com\\\/index.php\\\/2021\\\/04\\\/22\\\/ante-lideres-mundiales-alberto-fernandez-insistio-con-un-canje-de-deuda-por-accion-climatica\\\/\"},\"author\":{\"name\":\"Hern\u00e1n L\u00f3pez\",\"@id\":\"https:\\\/\\\/diarioprincipios.com\\\/#\\\/schema\\\/person\\\/436d5a1fd41a5e250e23ff5a6a7cb080\"},\"headline\":\"Ante l\u00edderes mundiales, Alberto Fern\u00e1ndez insisti\u00f3 con un \u00abcanje de deuda por acci\u00f3n clim\u00e1tica\u00bb\",\"datePublished\":\"2021-04-22T14:19:52+00:00\",\"dateModified\":\"2021-04-22T14:25:43+00:00\",\"mainEntityOfPage\":{\"@id\":\"https:\\\/\\\/diarioprincipios.com\\\/index.php\\\/2021\\\/04\\\/22\\\/ante-lideres-mundiales-alberto-fernandez-insistio-con-un-canje-de-deuda-por-accion-climatica\\\/\"},\"wordCount\":617,\"commentCount\":0,\"publisher\":{\"@id\":\"https:\\\/\\\/diarioprincipios.com\\\/#organization\"},\"image\":{\"@id\":\"https:\\\/\\\/diarioprincipios.com\\\/index.php\\\/2021\\\/04\\\/22\\\/ante-lideres-mundiales-alberto-fernandez-insistio-con-un-canje-de-deuda-por-accion-climatica\\\/#primaryimage\"},\"thumbnailUrl\":\"https:\\\/\\\/diarioprincipios.com\\\/wp-content\\\/uploads\\\/2021\\\/04\\\/60817bbba3a21_1004x565.jpg\",\"articleSection\":[\"Uncategorized\"],\"inLanguage\":\"es\",\"potentialAction\":[{\"@type\":\"CommentAction\",\"name\":\"Comment\",\"target\":[\"https:\\\/\\\/diarioprincipios.com\\\/index.php\\\/2021\\\/04\\\/22\\\/ante-lideres-mundiales-alberto-fernandez-insistio-con-un-canje-de-deuda-por-accion-climatica\\\/#respond\"]}]},{\"@type\":\"WebPage\",\"@id\":\"https:\\\/\\\/diarioprincipios.com\\\/index.php\\\/2021\\\/04\\\/22\\\/ante-lideres-mundiales-alberto-fernandez-insistio-con-un-canje-de-deuda-por-accion-climatica\\\/\",\"url\":\"https:\\\/\\\/diarioprincipios.com\\\/index.php\\\/2021\\\/04\\\/22\\\/ante-lideres-mundiales-alberto-fernandez-insistio-con-un-canje-de-deuda-por-accion-climatica\\\/\",\"name\":\"Ante l\u00edderes mundiales, Alberto Fern\u00e1ndez insisti\u00f3 con un \\\"canje de deuda por acci\u00f3n clim\u00e1tica\\\" - Principios\",\"isPartOf\":{\"@id\":\"https:\\\/\\\/diarioprincipios.com\\\/#website\"},\"primaryImageOfPage\":{\"@id\":\"https:\\\/\\\/diarioprincipios.com\\\/index.php\\\/2021\\\/04\\\/22\\\/ante-lideres-mundiales-alberto-fernandez-insistio-con-un-canje-de-deuda-por-accion-climatica\\\/#primaryimage\"},\"image\":{\"@id\":\"https:\\\/\\\/diarioprincipios.com\\\/index.php\\\/2021\\\/04\\\/22\\\/ante-lideres-mundiales-alberto-fernandez-insistio-con-un-canje-de-deuda-por-accion-climatica\\\/#primaryimage\"},\"thumbnailUrl\":\"https:\\\/\\\/diarioprincipios.com\\\/wp-content\\\/uploads\\\/2021\\\/04\\\/60817bbba3a21_1004x565.jpg\",\"datePublished\":\"2021-04-22T14:19:52+00:00\",\"dateModified\":\"2021-04-22T14:25:43+00:00\",\"breadcrumb\":{\"@id\":\"https:\\\/\\\/diarioprincipios.com\\\/index.php\\\/2021\\\/04\\\/22\\\/ante-lideres-mundiales-alberto-fernandez-insistio-con-un-canje-de-deuda-por-accion-climatica\\\/#breadcrumb\"},\"inLanguage\":\"es\",\"potentialAction\":[{\"@type\":\"ReadAction\",\"target\":[\"https:\\\/\\\/diarioprincipios.com\\\/index.php\\\/2021\\\/04\\\/22\\\/ante-lideres-mundiales-alberto-fernandez-insistio-con-un-canje-de-deuda-por-accion-climatica\\\/\"]}]},{\"@type\":\"ImageObject\",\"inLanguage\":\"es\",\"@id\":\"https:\\\/\\\/diarioprincipios.com\\\/index.php\\\/2021\\\/04\\\/22\\\/ante-lideres-mundiales-alberto-fernandez-insistio-con-un-canje-de-deuda-por-accion-climatica\\\/#primaryimage\",\"url\":\"https:\\\/\\\/diarioprincipios.com\\\/wp-content\\\/uploads\\\/2021\\\/04\\\/60817bbba3a21_1004x565.jpg\",\"contentUrl\":\"https:\\\/\\\/diarioprincipios.com\\\/wp-content\\\/uploads\\\/2021\\\/04\\\/60817bbba3a21_1004x565.jpg\",\"width\":1004,\"height\":565},{\"@type\":\"BreadcrumbList\",\"@id\":\"https:\\\/\\\/diarioprincipios.com\\\/index.php\\\/2021\\\/04\\\/22\\\/ante-lideres-mundiales-alberto-fernandez-insistio-con-un-canje-de-deuda-por-accion-climatica\\\/#breadcrumb\",\"itemListElement\":[{\"@type\":\"ListItem\",\"position\":1,\"name\":\"Portada\",\"item\":\"https:\\\/\\\/diarioprincipios.com\\\/\"},{\"@type\":\"ListItem\",\"position\":2,\"name\":\"Ante l\u00edderes mundiales, Alberto Fern\u00e1ndez insisti\u00f3 con un \u00abcanje de deuda por acci\u00f3n clim\u00e1tica\u00bb\"}]},{\"@type\":\"WebSite\",\"@id\":\"https:\\\/\\\/diarioprincipios.com\\\/#website\",\"url\":\"https:\\\/\\\/diarioprincipios.com\\\/\",\"name\":\"Principios\",\"description\":\"Principios Diario\",\"publisher\":{\"@id\":\"https:\\\/\\\/diarioprincipios.com\\\/#organization\"},\"potentialAction\":[{\"@type\":\"SearchAction\",\"target\":{\"@type\":\"EntryPoint\",\"urlTemplate\":\"https:\\\/\\\/diarioprincipios.com\\\/?s={search_term_string}\"},\"query-input\":{\"@type\":\"PropertyValueSpecification\",\"valueRequired\":true,\"valueName\":\"search_term_string\"}}],\"inLanguage\":\"es\"},{\"@type\":\"Organization\",\"@id\":\"https:\\\/\\\/diarioprincipios.com\\\/#organization\",\"name\":\"Principios\",\"url\":\"https:\\\/\\\/diarioprincipios.com\\\/\",\"logo\":{\"@type\":\"ImageObject\",\"inLanguage\":\"es\",\"@id\":\"https:\\\/\\\/diarioprincipios.com\\\/#\\\/schema\\\/logo\\\/image\\\/\",\"url\":\"https:\\\/\\\/diarioprincipios.com\\\/wp-content\\\/uploads\\\/2024\\\/04\\\/cropped-www.diarioprincipios.com_-1.png\",\"contentUrl\":\"https:\\\/\\\/diarioprincipios.com\\\/wp-content\\\/uploads\\\/2024\\\/04\\\/cropped-www.diarioprincipios.com_-1.png\",\"width\":5325,\"height\":1454,\"caption\":\"Principios\"},\"image\":{\"@id\":\"https:\\\/\\\/diarioprincipios.com\\\/#\\\/schema\\\/logo\\\/image\\\/\"}},{\"@type\":\"Person\",\"@id\":\"https:\\\/\\\/diarioprincipios.com\\\/#\\\/schema\\\/person\\\/436d5a1fd41a5e250e23ff5a6a7cb080\",\"name\":\"Hern\u00e1n L\u00f3pez\",\"image\":{\"@type\":\"ImageObject\",\"inLanguage\":\"es\",\"@id\":\"https:\\\/\\\/diarioprincipios.com\\\/wp-content\\\/litespeed\\\/avatar\\\/11ddfe5610ff3bd100522525b2571f48.jpg?ver=1777048341\",\"url\":\"https:\\\/\\\/diarioprincipios.com\\\/wp-content\\\/litespeed\\\/avatar\\\/11ddfe5610ff3bd100522525b2571f48.jpg?ver=1777048341\",\"contentUrl\":\"https:\\\/\\\/diarioprincipios.com\\\/wp-content\\\/litespeed\\\/avatar\\\/11ddfe5610ff3bd100522525b2571f48.jpg?ver=1777048341\",\"caption\":\"Hern\u00e1n L\u00f3pez\"},\"url\":\"https:\\\/\\\/diarioprincipios.com\\\/index.php\\\/author\\\/hernan\\\/\"}]}<\/script>\n<!-- \/ Yoast SEO plugin. -->","yoast_head_json":{"title":"Ante l\u00edderes mundiales, Alberto Fern\u00e1ndez insisti\u00f3 con un \"canje de deuda por acci\u00f3n clim\u00e1tica\" - Principios","robots":{"index":"index","follow":"follow","max-snippet":"max-snippet:-1","max-image-preview":"max-image-preview:large","max-video-preview":"max-video-preview:-1"},"canonical":"https:\/\/diarioprincipios.com\/index.php\/2021\/04\/22\/ante-lideres-mundiales-alberto-fernandez-insistio-con-un-canje-de-deuda-por-accion-climatica\/","og_locale":"es_ES","og_type":"article","og_title":"Ante l\u00edderes mundiales, Alberto Fern\u00e1ndez insisti\u00f3 con un \"canje de deuda por acci\u00f3n clim\u00e1tica\" - Principios","og_description":"El presidente Alberto Fern\u00e1ndez sostuvo hoy que \u00abla crisis ecol\u00f3gica y social son dos caras de la misma moneda\u00bb e insisti\u00f3 con la idea de una \u00abrenovaci\u00f3n de la arquitectura financiera internacional\u00bb que posibilite un \u00abcanje de deuda por acci\u00f3n clim\u00e1tica\u00bb. Al exponer en forma virtual en el marco de la Cumbre de L\u00edderes sobre...","og_url":"https:\/\/diarioprincipios.com\/index.php\/2021\/04\/22\/ante-lideres-mundiales-alberto-fernandez-insistio-con-un-canje-de-deuda-por-accion-climatica\/","og_site_name":"Principios","article_published_time":"2021-04-22T14:19:52+00:00","article_modified_time":"2021-04-22T14:25:43+00:00","og_image":[{"width":1004,"height":565,"url":"https:\/\/diarioprincipios.com\/wp-content\/uploads\/2021\/04\/60817bbba3a21_1004x565.jpg","type":"image\/jpeg"}],"author":"Hern\u00e1n L\u00f3pez","twitter_card":"summary_large_image","twitter_misc":{"Escrito por":"Hern\u00e1n L\u00f3pez","Tiempo de lectura":"3 minutos"},"schema":{"@context":"https:\/\/schema.org","@graph":[{"@type":"Article","@id":"https:\/\/diarioprincipios.com\/index.php\/2021\/04\/22\/ante-lideres-mundiales-alberto-fernandez-insistio-con-un-canje-de-deuda-por-accion-climatica\/#article","isPartOf":{"@id":"https:\/\/diarioprincipios.com\/index.php\/2021\/04\/22\/ante-lideres-mundiales-alberto-fernandez-insistio-con-un-canje-de-deuda-por-accion-climatica\/"},"author":{"name":"Hern\u00e1n L\u00f3pez","@id":"https:\/\/diarioprincipios.com\/#\/schema\/person\/436d5a1fd41a5e250e23ff5a6a7cb080"},"headline":"Ante l\u00edderes mundiales, Alberto Fern\u00e1ndez insisti\u00f3 con un \u00abcanje de deuda por acci\u00f3n clim\u00e1tica\u00bb","datePublished":"2021-04-22T14:19:52+00:00","dateModified":"2021-04-22T14:25:43+00:00","mainEntityOfPage":{"@id":"https:\/\/diarioprincipios.com\/index.php\/2021\/04\/22\/ante-lideres-mundiales-alberto-fernandez-insistio-con-un-canje-de-deuda-por-accion-climatica\/"},"wordCount":617,"commentCount":0,"publisher":{"@id":"https:\/\/diarioprincipios.com\/#organization"},"image":{"@id":"https:\/\/diarioprincipios.com\/index.php\/2021\/04\/22\/ante-lideres-mundiales-alberto-fernandez-insistio-con-un-canje-de-deuda-por-accion-climatica\/#primaryimage"},"thumbnailUrl":"https:\/\/diarioprincipios.com\/wp-content\/uploads\/2021\/04\/60817bbba3a21_1004x565.jpg","articleSection":["Uncategorized"],"inLanguage":"es","potentialAction":[{"@type":"CommentAction","name":"Comment","target":["https:\/\/diarioprincipios.com\/index.php\/2021\/04\/22\/ante-lideres-mundiales-alberto-fernandez-insistio-con-un-canje-de-deuda-por-accion-climatica\/#respond"]}]},{"@type":"WebPage","@id":"https:\/\/diarioprincipios.com\/index.php\/2021\/04\/22\/ante-lideres-mundiales-alberto-fernandez-insistio-con-un-canje-de-deuda-por-accion-climatica\/","url":"https:\/\/diarioprincipios.com\/index.php\/2021\/04\/22\/ante-lideres-mundiales-alberto-fernandez-insistio-con-un-canje-de-deuda-por-accion-climatica\/","name":"Ante l\u00edderes mundiales, Alberto Fern\u00e1ndez insisti\u00f3 con un \"canje de deuda por acci\u00f3n clim\u00e1tica\" - Principios","isPartOf":{"@id":"https:\/\/diarioprincipios.com\/#website"},"primaryImageOfPage":{"@id":"https:\/\/diarioprincipios.com\/index.php\/2021\/04\/22\/ante-lideres-mundiales-alberto-fernandez-insistio-con-un-canje-de-deuda-por-accion-climatica\/#primaryimage"},"image":{"@id":"https:\/\/diarioprincipios.com\/index.php\/2021\/04\/22\/ante-lideres-mundiales-alberto-fernandez-insistio-con-un-canje-de-deuda-por-accion-climatica\/#primaryimage"},"thumbnailUrl":"https:\/\/diarioprincipios.com\/wp-content\/uploads\/2021\/04\/60817bbba3a21_1004x565.jpg","datePublished":"2021-04-22T14:19:52+00:00","dateModified":"2021-04-22T14:25:43+00:00","breadcrumb":{"@id":"https:\/\/diarioprincipios.com\/index.php\/2021\/04\/22\/ante-lideres-mundiales-alberto-fernandez-insistio-con-un-canje-de-deuda-por-accion-climatica\/#breadcrumb"},"inLanguage":"es","potentialAction":[{"@type":"ReadAction","target":["https:\/\/diarioprincipios.com\/index.php\/2021\/04\/22\/ante-lideres-mundiales-alberto-fernandez-insistio-con-un-canje-de-deuda-por-accion-climatica\/"]}]},{"@type":"ImageObject","inLanguage":"es","@id":"https:\/\/diarioprincipios.com\/index.php\/2021\/04\/22\/ante-lideres-mundiales-alberto-fernandez-insistio-con-un-canje-de-deuda-por-accion-climatica\/#primaryimage","url":"https:\/\/diarioprincipios.com\/wp-content\/uploads\/2021\/04\/60817bbba3a21_1004x565.jpg","contentUrl":"https:\/\/diarioprincipios.com\/wp-content\/uploads\/2021\/04\/60817bbba3a21_1004x565.jpg","width":1004,"height":565},{"@type":"BreadcrumbList","@id":"https:\/\/diarioprincipios.com\/index.php\/2021\/04\/22\/ante-lideres-mundiales-alberto-fernandez-insistio-con-un-canje-de-deuda-por-accion-climatica\/#breadcrumb","itemListElement":[{"@type":"ListItem","position":1,"name":"Portada","item":"https:\/\/diarioprincipios.com\/"},{"@type":"ListItem","position":2,"name":"Ante l\u00edderes mundiales, Alberto Fern\u00e1ndez insisti\u00f3 con un \u00abcanje de deuda por acci\u00f3n clim\u00e1tica\u00bb"}]},{"@type":"WebSite","@id":"https:\/\/diarioprincipios.com\/#website","url":"https:\/\/diarioprincipios.com\/","name":"Principios","description":"Principios Diario","publisher":{"@id":"https:\/\/diarioprincipios.com\/#organization"},"potentialAction":[{"@type":"SearchAction","target":{"@type":"EntryPoint","urlTemplate":"https:\/\/diarioprincipios.com\/?s={search_term_string}"},"query-input":{"@type":"PropertyValueSpecification","valueRequired":true,"valueName":"search_term_string"}}],"inLanguage":"es"},{"@type":"Organization","@id":"https:\/\/diarioprincipios.com\/#organization","name":"Principios","url":"https:\/\/diarioprincipios.com\/","logo":{"@type":"ImageObject","inLanguage":"es","@id":"https:\/\/diarioprincipios.com\/#\/schema\/logo\/image\/","url":"https:\/\/diarioprincipios.com\/wp-content\/uploads\/2024\/04\/cropped-www.diarioprincipios.com_-1.png","contentUrl":"https:\/\/diarioprincipios.com\/wp-content\/uploads\/2024\/04\/cropped-www.diarioprincipios.com_-1.png","width":5325,"height":1454,"caption":"Principios"},"image":{"@id":"https:\/\/diarioprincipios.com\/#\/schema\/logo\/image\/"}},{"@type":"Person","@id":"https:\/\/diarioprincipios.com\/#\/schema\/person\/436d5a1fd41a5e250e23ff5a6a7cb080","name":"Hern\u00e1n L\u00f3pez","image":{"@type":"ImageObject","inLanguage":"es","@id":"https:\/\/diarioprincipios.com\/wp-content\/litespeed\/avatar\/11ddfe5610ff3bd100522525b2571f48.jpg?ver=1777048341","url":"https:\/\/diarioprincipios.com\/wp-content\/litespeed\/avatar\/11ddfe5610ff3bd100522525b2571f48.jpg?ver=1777048341","contentUrl":"https:\/\/diarioprincipios.com\/wp-content\/litespeed\/avatar\/11ddfe5610ff3bd100522525b2571f48.jpg?ver=1777048341","caption":"Hern\u00e1n L\u00f3pez"},"url":"https:\/\/diarioprincipios.com\/index.php\/author\/hernan\/"}]}},"jetpack_featured_media_url":"https:\/\/diarioprincipios.com\/wp-content\/uploads\/2021\/04\/60817bbba3a21_1004x565.jpg","_links":{"self":[{"href":"https:\/\/diarioprincipios.com\/index.php\/wp-json\/wp\/v2\/posts\/9578","targetHints":{"allow":["GET"]}}],"collection":[{"href":"https:\/\/diarioprincipios.com\/index.php\/wp-json\/wp\/v2\/posts"}],"about":[{"href":"https:\/\/diarioprincipios.com\/index.php\/wp-json\/wp\/v2\/types\/post"}],"author":[{"embeddable":true,"href":"https:\/\/diarioprincipios.com\/index.php\/wp-json\/wp\/v2\/users\/2"}],"replies":[{"embeddable":true,"href":"https:\/\/diarioprincipios.com\/index.php\/wp-json\/wp\/v2\/comments?post=9578"}],"version-history":[{"count":2,"href":"https:\/\/diarioprincipios.com\/index.php\/wp-json\/wp\/v2\/posts\/9578\/revisions"}],"predecessor-version":[{"id":9581,"href":"https:\/\/diarioprincipios.com\/index.php\/wp-json\/wp\/v2\/posts\/9578\/revisions\/9581"}],"wp:featuredmedia":[{"embeddable":true,"href":"https:\/\/diarioprincipios.com\/index.php\/wp-json\/wp\/v2\/media\/9579"}],"wp:attachment":[{"href":"https:\/\/diarioprincipios.com\/index.php\/wp-json\/wp\/v2\/media?parent=9578"}],"wp:term":[{"taxonomy":"category","embeddable":true,"href":"https:\/\/diarioprincipios.com\/index.php\/wp-json\/wp\/v2\/categories?post=9578"},{"taxonomy":"post_tag","embeddable":true,"href":"https:\/\/diarioprincipios.com\/index.php\/wp-json\/wp\/v2\/tags?post=9578"}],"curies":[{"name":"wp","href":"https:\/\/api.w.org\/{rel}","templated":true}]}}