{"id":9573,"date":"2021-04-21T19:05:57","date_gmt":"2021-04-21T22:05:57","guid":{"rendered":"http:\/\/diarioprincipios.com\/?p=9573"},"modified":"2021-04-21T19:06:04","modified_gmt":"2021-04-21T22:06:04","slug":"la-cgt-regional-firmo-un-acuerdo-con-el-municipio-de-quilmes-para-la-puesta-en-valor-de-un-centro-de-formacion-laboral","status":"publish","type":"post","link":"https:\/\/diarioprincipios.com\/index.php\/2021\/04\/21\/la-cgt-regional-firmo-un-acuerdo-con-el-municipio-de-quilmes-para-la-puesta-en-valor-de-un-centro-de-formacion-laboral\/","title":{"rendered":"LA CGT REGIONAL FIRM\u00d3 UN ACUERDO CON EL MUNICIPIO DE QUILMES PARA LA PUESTA EN VALOR DE UN CENTRO DE FORMACION LABORAL"},"content":{"rendered":"\n<p>En el marco de estrechar v\u00ednculos entre la educaci\u00f3n y el sistema productivo, y de \u00e9sta manera fomentar un crecimiento en la inserci\u00f3n laboral de trabajadores y trabajadoras, el d\u00eda 20 de abril de 2021, se firm\u00f3 un acuerdo entre la Municipalidad de Quilmes y la CGT Regional Quilmes, Berazategui y Florencio. Varela.<\/p>\n\n\n\n<figure class=\"wp-block-image size-large\"><img loading=\"lazy\" decoding=\"async\" width=\"1024\" height=\"575\" src=\"https:\/\/diarioprincipios.com\/wp-content\/uploads\/2021\/04\/IMG-20210421-WA0036-1024x575.jpg\" alt=\"\" class=\"wp-image-9574\" srcset=\"https:\/\/diarioprincipios.com\/wp-content\/uploads\/2021\/04\/IMG-20210421-WA0036-1024x575.jpg 1024w, https:\/\/diarioprincipios.com\/wp-content\/uploads\/2021\/04\/IMG-20210421-WA0036-300x169.jpg 300w, https:\/\/diarioprincipios.com\/wp-content\/uploads\/2021\/04\/IMG-20210421-WA0036-768x431.jpg 768w, https:\/\/diarioprincipios.com\/wp-content\/uploads\/2021\/04\/IMG-20210421-WA0036.jpg 1280w\" sizes=\"auto, (max-width: 1024px) 100vw, 1024px\" \/><\/figure>\n\n\n\n<p> El acuerdo contempla la puesta en valor del Centro de Formaci\u00f3n Laboral \u00abLuis Jaramillo\u00bb ubicado en la Av. Calchaqu\u00ed 657 de la Ciudad de Quilmes el cual estar\u00e1 coordinado por ambas instituciones, por el municipio lo har\u00e1 Anah\u00ed Monz\u00f3n y por la CGT Regional lo har\u00e1 Sergio Centuri\u00f3n.<\/p>\n\n\n\n<p> La reuni\u00f3n y la firma del acuerdo se realiz\u00f3 de manera virtual, dada la situaci\u00f3n de la pandemia vigente, entre la Intendenta de Quilmes, Mayra Mendoza y el triunvirato de la CGT Regional integrado por Rub\u00e9n Zeballos, Ricardo Romero y Andr\u00e9s Nikitiuk. Adem\u00e1s de los m\u00e1s de cincuenta gremios que participaron del zoom, tambi\u00e9n estuvo presente el Secretario General de la CGT Nacional H\u00e9ctor Daer quien reconoci\u00f3 al Consejo Directivo de la Regional por haber sido la primera en normalizar hace ya cuatro a\u00f1os y medio (6\/10\/2016) y continuar su mandato en un marco de unidad y estrategias compartidas para el bien com\u00fan de todas y todos los trabajadores. <\/p>\n\n\n\n<figure class=\"wp-block-image size-large\"><img loading=\"lazy\" decoding=\"async\" width=\"1024\" height=\"575\" src=\"https:\/\/diarioprincipios.com\/wp-content\/uploads\/2021\/04\/IMG-20210421-WA0037-1024x575.jpg\" alt=\"\" class=\"wp-image-9575\" srcset=\"https:\/\/diarioprincipios.com\/wp-content\/uploads\/2021\/04\/IMG-20210421-WA0037-1024x575.jpg 1024w, https:\/\/diarioprincipios.com\/wp-content\/uploads\/2021\/04\/IMG-20210421-WA0037-300x169.jpg 300w, https:\/\/diarioprincipios.com\/wp-content\/uploads\/2021\/04\/IMG-20210421-WA0037-768x431.jpg 768w, https:\/\/diarioprincipios.com\/wp-content\/uploads\/2021\/04\/IMG-20210421-WA0037.jpg 1280w\" sizes=\"auto, (max-width: 1024px) 100vw, 1024px\" \/><\/figure>\n\n\n\n<p>Al hacer uso de la palabra Mayra Mendoza, reconoci\u00f3 la tarea del Movimiento Obrero Organizado en su conjunto y en particular la de los dos concejales del HCD Nahir Abad y Ariel Burtoli representando a los trabajadores\/as.<\/p>\n\n\n\n<p> Tambi\u00e9n hizo menci\u00f3n a la labor que vienen realizando como Director de Empleo Rub\u00e9n Luque, Gustavo S\u00e1nchez como Director de Industrias, Daniel Derosa como Director de alumbrado p\u00fablico y Fabi\u00e1n Salvatierra como Director de Relaciones Gremiales, todos ellos miembros de la CGT Regional. Estuvieron presentes adem\u00e1s Rub\u00e9n El\u00edas, Secretario de Desarrollo Sustentable Econ\u00f3mico, Paul O&#8217;shaghnessy, Subsecretario de Producci\u00f3n y Empleo, la Dra. Laura Gonz\u00e1lez, Delegada Regional del Ministerio de Trabajo de la Pcia de Bs. As. y la Dra. Macarena Kunkel, Jefa de la Agencia Territorial del Ministerio de Trabajo, Empleo y Seguridad Social de la Naci\u00f3n quien tambi\u00e9n destac\u00f3 la labor de la CGT Regional. Finalmente, todos los participantes estuvieron de acuerdo en estrechar v\u00ednculos entre la educaci\u00f3n y el sistema productivo para desarrollar acciones que promuevan la inserci\u00f3n laboral y la implementaci\u00f3n de pr\u00e1cticas profesionalizantes mediante la articulaci\u00f3n con el sector privado.<\/p>\n","protected":false},"excerpt":{"rendered":"<p>En el marco de estrechar v\u00ednculos entre la educaci\u00f3n y el sistema productivo, y de \u00e9sta manera fomentar un crecimiento en la inserci\u00f3n laboral de trabajadores y trabajadoras, el d\u00eda 20 de abril de 2021, se firm\u00f3 un acuerdo entre la Municipalidad de Quilmes y la CGT Regional Quilmes, Berazategui y Florencio. Varela. El acuerdo&#8230;<\/p>\n","protected":false},"author":2,"featured_media":9576,"comment_status":"open","ping_status":"open","sticky":false,"template":"","format":"standard","meta":{"footnotes":""},"categories":[4],"tags":[],"class_list":["post-9573","post","type-post","status-publish","format-standard","has-post-thumbnail","hentry","category-quilmes"],"featured_image_src":"https:\/\/diarioprincipios.com\/wp-content\/uploads\/2021\/04\/IMG-20210421-WA0034-1024x530.jpg","blog_images":{"medium":"https:\/\/diarioprincipios.com\/wp-content\/uploads\/2021\/04\/IMG-20210421-WA0034-300x155.jpg","large":"https:\/\/diarioprincipios.com\/wp-content\/uploads\/2021\/04\/IMG-20210421-WA0034-1024x530.jpg"},"ams_acf":[],"yoast_head":"<!-- This site is optimized with the Yoast SEO plugin v27.3 - https:\/\/yoast.com\/product\/yoast-seo-wordpress\/ -->\n<title>LA CGT REGIONAL FIRM\u00d3 UN ACUERDO CON EL MUNICIPIO DE QUILMES PARA LA PUESTA EN VALOR DE UN CENTRO DE FORMACION LABORAL - Principios<\/title>\n<meta name=\"robots\" content=\"index, follow, max-snippet:-1, max-image-preview:large, max-video-preview:-1\" \/>\n<link rel=\"canonical\" href=\"https:\/\/diarioprincipios.com\/index.php\/2021\/04\/21\/la-cgt-regional-firmo-un-acuerdo-con-el-municipio-de-quilmes-para-la-puesta-en-valor-de-un-centro-de-formacion-laboral\/\" \/>\n<meta property=\"og:locale\" content=\"es_ES\" \/>\n<meta property=\"og:type\" content=\"article\" \/>\n<meta property=\"og:title\" content=\"LA CGT REGIONAL FIRM\u00d3 UN ACUERDO CON EL MUNICIPIO DE QUILMES PARA LA PUESTA EN VALOR DE UN CENTRO DE FORMACION LABORAL - Principios\" \/>\n<meta property=\"og:description\" content=\"En el marco de estrechar v\u00ednculos entre la educaci\u00f3n y el sistema productivo, y de \u00e9sta manera fomentar un crecimiento en la inserci\u00f3n laboral de trabajadores y trabajadoras, el d\u00eda 20 de abril de 2021, se firm\u00f3 un acuerdo entre la Municipalidad de Quilmes y la CGT Regional Quilmes, Berazategui y Florencio. Varela. El acuerdo...\" \/>\n<meta property=\"og:url\" content=\"https:\/\/diarioprincipios.com\/index.php\/2021\/04\/21\/la-cgt-regional-firmo-un-acuerdo-con-el-municipio-de-quilmes-para-la-puesta-en-valor-de-un-centro-de-formacion-laboral\/\" \/>\n<meta property=\"og:site_name\" content=\"Principios\" \/>\n<meta property=\"article:published_time\" content=\"2021-04-21T22:05:57+00:00\" \/>\n<meta property=\"article:modified_time\" content=\"2021-04-21T22:06:04+00:00\" \/>\n<meta property=\"og:image\" content=\"https:\/\/diarioprincipios.com\/wp-content\/uploads\/2021\/04\/IMG-20210421-WA0034.jpg\" \/>\n\t<meta property=\"og:image:width\" content=\"1280\" \/>\n\t<meta property=\"og:image:height\" content=\"662\" \/>\n\t<meta property=\"og:image:type\" content=\"image\/jpeg\" \/>\n<meta name=\"author\" content=\"Hern\u00e1n L\u00f3pez\" \/>\n<meta name=\"twitter:card\" content=\"summary_large_image\" \/>\n<meta name=\"twitter:label1\" content=\"Escrito por\" \/>\n\t<meta name=\"twitter:data1\" content=\"Hern\u00e1n L\u00f3pez\" \/>\n\t<meta name=\"twitter:label2\" content=\"Tiempo de lectura\" \/>\n\t<meta name=\"twitter:data2\" content=\"3 minutos\" \/>\n<script type=\"application\/ld+json\" class=\"yoast-schema-graph\">{\"@context\":\"https:\\\/\\\/schema.org\",\"@graph\":[{\"@type\":\"Article\",\"@id\":\"https:\\\/\\\/diarioprincipios.com\\\/index.php\\\/2021\\\/04\\\/21\\\/la-cgt-regional-firmo-un-acuerdo-con-el-municipio-de-quilmes-para-la-puesta-en-valor-de-un-centro-de-formacion-laboral\\\/#article\",\"isPartOf\":{\"@id\":\"https:\\\/\\\/diarioprincipios.com\\\/index.php\\\/2021\\\/04\\\/21\\\/la-cgt-regional-firmo-un-acuerdo-con-el-municipio-de-quilmes-para-la-puesta-en-valor-de-un-centro-de-formacion-laboral\\\/\"},\"author\":{\"name\":\"Hern\u00e1n L\u00f3pez\",\"@id\":\"https:\\\/\\\/diarioprincipios.com\\\/#\\\/schema\\\/person\\\/436d5a1fd41a5e250e23ff5a6a7cb080\"},\"headline\":\"LA CGT REGIONAL FIRM\u00d3 UN ACUERDO CON EL MUNICIPIO DE QUILMES PARA LA PUESTA EN VALOR DE UN CENTRO DE FORMACION LABORAL\",\"datePublished\":\"2021-04-21T22:05:57+00:00\",\"dateModified\":\"2021-04-21T22:06:04+00:00\",\"mainEntityOfPage\":{\"@id\":\"https:\\\/\\\/diarioprincipios.com\\\/index.php\\\/2021\\\/04\\\/21\\\/la-cgt-regional-firmo-un-acuerdo-con-el-municipio-de-quilmes-para-la-puesta-en-valor-de-un-centro-de-formacion-laboral\\\/\"},\"wordCount\":448,\"commentCount\":0,\"publisher\":{\"@id\":\"https:\\\/\\\/diarioprincipios.com\\\/#organization\"},\"image\":{\"@id\":\"https:\\\/\\\/diarioprincipios.com\\\/index.php\\\/2021\\\/04\\\/21\\\/la-cgt-regional-firmo-un-acuerdo-con-el-municipio-de-quilmes-para-la-puesta-en-valor-de-un-centro-de-formacion-laboral\\\/#primaryimage\"},\"thumbnailUrl\":\"https:\\\/\\\/diarioprincipios.com\\\/wp-content\\\/uploads\\\/2021\\\/04\\\/IMG-20210421-WA0034.jpg\",\"articleSection\":[\"Quilmes\"],\"inLanguage\":\"es\",\"potentialAction\":[{\"@type\":\"CommentAction\",\"name\":\"Comment\",\"target\":[\"https:\\\/\\\/diarioprincipios.com\\\/index.php\\\/2021\\\/04\\\/21\\\/la-cgt-regional-firmo-un-acuerdo-con-el-municipio-de-quilmes-para-la-puesta-en-valor-de-un-centro-de-formacion-laboral\\\/#respond\"]}]},{\"@type\":\"WebPage\",\"@id\":\"https:\\\/\\\/diarioprincipios.com\\\/index.php\\\/2021\\\/04\\\/21\\\/la-cgt-regional-firmo-un-acuerdo-con-el-municipio-de-quilmes-para-la-puesta-en-valor-de-un-centro-de-formacion-laboral\\\/\",\"url\":\"https:\\\/\\\/diarioprincipios.com\\\/index.php\\\/2021\\\/04\\\/21\\\/la-cgt-regional-firmo-un-acuerdo-con-el-municipio-de-quilmes-para-la-puesta-en-valor-de-un-centro-de-formacion-laboral\\\/\",\"name\":\"LA CGT REGIONAL FIRM\u00d3 UN ACUERDO CON EL MUNICIPIO DE QUILMES PARA LA PUESTA EN VALOR DE UN CENTRO DE FORMACION LABORAL - Principios\",\"isPartOf\":{\"@id\":\"https:\\\/\\\/diarioprincipios.com\\\/#website\"},\"primaryImageOfPage\":{\"@id\":\"https:\\\/\\\/diarioprincipios.com\\\/index.php\\\/2021\\\/04\\\/21\\\/la-cgt-regional-firmo-un-acuerdo-con-el-municipio-de-quilmes-para-la-puesta-en-valor-de-un-centro-de-formacion-laboral\\\/#primaryimage\"},\"image\":{\"@id\":\"https:\\\/\\\/diarioprincipios.com\\\/index.php\\\/2021\\\/04\\\/21\\\/la-cgt-regional-firmo-un-acuerdo-con-el-municipio-de-quilmes-para-la-puesta-en-valor-de-un-centro-de-formacion-laboral\\\/#primaryimage\"},\"thumbnailUrl\":\"https:\\\/\\\/diarioprincipios.com\\\/wp-content\\\/uploads\\\/2021\\\/04\\\/IMG-20210421-WA0034.jpg\",\"datePublished\":\"2021-04-21T22:05:57+00:00\",\"dateModified\":\"2021-04-21T22:06:04+00:00\",\"breadcrumb\":{\"@id\":\"https:\\\/\\\/diarioprincipios.com\\\/index.php\\\/2021\\\/04\\\/21\\\/la-cgt-regional-firmo-un-acuerdo-con-el-municipio-de-quilmes-para-la-puesta-en-valor-de-un-centro-de-formacion-laboral\\\/#breadcrumb\"},\"inLanguage\":\"es\",\"potentialAction\":[{\"@type\":\"ReadAction\",\"target\":[\"https:\\\/\\\/diarioprincipios.com\\\/index.php\\\/2021\\\/04\\\/21\\\/la-cgt-regional-firmo-un-acuerdo-con-el-municipio-de-quilmes-para-la-puesta-en-valor-de-un-centro-de-formacion-laboral\\\/\"]}]},{\"@type\":\"ImageObject\",\"inLanguage\":\"es\",\"@id\":\"https:\\\/\\\/diarioprincipios.com\\\/index.php\\\/2021\\\/04\\\/21\\\/la-cgt-regional-firmo-un-acuerdo-con-el-municipio-de-quilmes-para-la-puesta-en-valor-de-un-centro-de-formacion-laboral\\\/#primaryimage\",\"url\":\"https:\\\/\\\/diarioprincipios.com\\\/wp-content\\\/uploads\\\/2021\\\/04\\\/IMG-20210421-WA0034.jpg\",\"contentUrl\":\"https:\\\/\\\/diarioprincipios.com\\\/wp-content\\\/uploads\\\/2021\\\/04\\\/IMG-20210421-WA0034.jpg\",\"width\":1280,\"height\":662},{\"@type\":\"BreadcrumbList\",\"@id\":\"https:\\\/\\\/diarioprincipios.com\\\/index.php\\\/2021\\\/04\\\/21\\\/la-cgt-regional-firmo-un-acuerdo-con-el-municipio-de-quilmes-para-la-puesta-en-valor-de-un-centro-de-formacion-laboral\\\/#breadcrumb\",\"itemListElement\":[{\"@type\":\"ListItem\",\"position\":1,\"name\":\"Portada\",\"item\":\"https:\\\/\\\/diarioprincipios.com\\\/\"},{\"@type\":\"ListItem\",\"position\":2,\"name\":\"LA CGT REGIONAL FIRM\u00d3 UN ACUERDO CON EL MUNICIPIO DE QUILMES PARA LA PUESTA EN VALOR DE UN CENTRO DE FORMACION LABORAL\"}]},{\"@type\":\"WebSite\",\"@id\":\"https:\\\/\\\/diarioprincipios.com\\\/#website\",\"url\":\"https:\\\/\\\/diarioprincipios.com\\\/\",\"name\":\"Principios\",\"description\":\"Principios Diario\",\"publisher\":{\"@id\":\"https:\\\/\\\/diarioprincipios.com\\\/#organization\"},\"potentialAction\":[{\"@type\":\"SearchAction\",\"target\":{\"@type\":\"EntryPoint\",\"urlTemplate\":\"https:\\\/\\\/diarioprincipios.com\\\/?s={search_term_string}\"},\"query-input\":{\"@type\":\"PropertyValueSpecification\",\"valueRequired\":true,\"valueName\":\"search_term_string\"}}],\"inLanguage\":\"es\"},{\"@type\":\"Organization\",\"@id\":\"https:\\\/\\\/diarioprincipios.com\\\/#organization\",\"name\":\"Principios\",\"url\":\"https:\\\/\\\/diarioprincipios.com\\\/\",\"logo\":{\"@type\":\"ImageObject\",\"inLanguage\":\"es\",\"@id\":\"https:\\\/\\\/diarioprincipios.com\\\/#\\\/schema\\\/logo\\\/image\\\/\",\"url\":\"https:\\\/\\\/diarioprincipios.com\\\/wp-content\\\/uploads\\\/2024\\\/04\\\/cropped-www.diarioprincipios.com_-1.png\",\"contentUrl\":\"https:\\\/\\\/diarioprincipios.com\\\/wp-content\\\/uploads\\\/2024\\\/04\\\/cropped-www.diarioprincipios.com_-1.png\",\"width\":5325,\"height\":1454,\"caption\":\"Principios\"},\"image\":{\"@id\":\"https:\\\/\\\/diarioprincipios.com\\\/#\\\/schema\\\/logo\\\/image\\\/\"}},{\"@type\":\"Person\",\"@id\":\"https:\\\/\\\/diarioprincipios.com\\\/#\\\/schema\\\/person\\\/436d5a1fd41a5e250e23ff5a6a7cb080\",\"name\":\"Hern\u00e1n L\u00f3pez\",\"image\":{\"@type\":\"ImageObject\",\"inLanguage\":\"es\",\"@id\":\"https:\\\/\\\/diarioprincipios.com\\\/wp-content\\\/litespeed\\\/avatar\\\/11ddfe5610ff3bd100522525b2571f48.jpg?ver=1777048341\",\"url\":\"https:\\\/\\\/diarioprincipios.com\\\/wp-content\\\/litespeed\\\/avatar\\\/11ddfe5610ff3bd100522525b2571f48.jpg?ver=1777048341\",\"contentUrl\":\"https:\\\/\\\/diarioprincipios.com\\\/wp-content\\\/litespeed\\\/avatar\\\/11ddfe5610ff3bd100522525b2571f48.jpg?ver=1777048341\",\"caption\":\"Hern\u00e1n L\u00f3pez\"},\"url\":\"https:\\\/\\\/diarioprincipios.com\\\/index.php\\\/author\\\/hernan\\\/\"}]}<\/script>\n<!-- \/ Yoast SEO plugin. -->","yoast_head_json":{"title":"LA CGT REGIONAL FIRM\u00d3 UN ACUERDO CON EL MUNICIPIO DE QUILMES PARA LA PUESTA EN VALOR DE UN CENTRO DE FORMACION LABORAL - Principios","robots":{"index":"index","follow":"follow","max-snippet":"max-snippet:-1","max-image-preview":"max-image-preview:large","max-video-preview":"max-video-preview:-1"},"canonical":"https:\/\/diarioprincipios.com\/index.php\/2021\/04\/21\/la-cgt-regional-firmo-un-acuerdo-con-el-municipio-de-quilmes-para-la-puesta-en-valor-de-un-centro-de-formacion-laboral\/","og_locale":"es_ES","og_type":"article","og_title":"LA CGT REGIONAL FIRM\u00d3 UN ACUERDO CON EL MUNICIPIO DE QUILMES PARA LA PUESTA EN VALOR DE UN CENTRO DE FORMACION LABORAL - Principios","og_description":"En el marco de estrechar v\u00ednculos entre la educaci\u00f3n y el sistema productivo, y de \u00e9sta manera fomentar un crecimiento en la inserci\u00f3n laboral de trabajadores y trabajadoras, el d\u00eda 20 de abril de 2021, se firm\u00f3 un acuerdo entre la Municipalidad de Quilmes y la CGT Regional Quilmes, Berazategui y Florencio. Varela. El acuerdo...","og_url":"https:\/\/diarioprincipios.com\/index.php\/2021\/04\/21\/la-cgt-regional-firmo-un-acuerdo-con-el-municipio-de-quilmes-para-la-puesta-en-valor-de-un-centro-de-formacion-laboral\/","og_site_name":"Principios","article_published_time":"2021-04-21T22:05:57+00:00","article_modified_time":"2021-04-21T22:06:04+00:00","og_image":[{"width":1280,"height":662,"url":"https:\/\/diarioprincipios.com\/wp-content\/uploads\/2021\/04\/IMG-20210421-WA0034.jpg","type":"image\/jpeg"}],"author":"Hern\u00e1n L\u00f3pez","twitter_card":"summary_large_image","twitter_misc":{"Escrito por":"Hern\u00e1n L\u00f3pez","Tiempo de lectura":"3 minutos"},"schema":{"@context":"https:\/\/schema.org","@graph":[{"@type":"Article","@id":"https:\/\/diarioprincipios.com\/index.php\/2021\/04\/21\/la-cgt-regional-firmo-un-acuerdo-con-el-municipio-de-quilmes-para-la-puesta-en-valor-de-un-centro-de-formacion-laboral\/#article","isPartOf":{"@id":"https:\/\/diarioprincipios.com\/index.php\/2021\/04\/21\/la-cgt-regional-firmo-un-acuerdo-con-el-municipio-de-quilmes-para-la-puesta-en-valor-de-un-centro-de-formacion-laboral\/"},"author":{"name":"Hern\u00e1n L\u00f3pez","@id":"https:\/\/diarioprincipios.com\/#\/schema\/person\/436d5a1fd41a5e250e23ff5a6a7cb080"},"headline":"LA CGT REGIONAL FIRM\u00d3 UN ACUERDO CON EL MUNICIPIO DE QUILMES PARA LA PUESTA EN VALOR DE UN CENTRO DE FORMACION LABORAL","datePublished":"2021-04-21T22:05:57+00:00","dateModified":"2021-04-21T22:06:04+00:00","mainEntityOfPage":{"@id":"https:\/\/diarioprincipios.com\/index.php\/2021\/04\/21\/la-cgt-regional-firmo-un-acuerdo-con-el-municipio-de-quilmes-para-la-puesta-en-valor-de-un-centro-de-formacion-laboral\/"},"wordCount":448,"commentCount":0,"publisher":{"@id":"https:\/\/diarioprincipios.com\/#organization"},"image":{"@id":"https:\/\/diarioprincipios.com\/index.php\/2021\/04\/21\/la-cgt-regional-firmo-un-acuerdo-con-el-municipio-de-quilmes-para-la-puesta-en-valor-de-un-centro-de-formacion-laboral\/#primaryimage"},"thumbnailUrl":"https:\/\/diarioprincipios.com\/wp-content\/uploads\/2021\/04\/IMG-20210421-WA0034.jpg","articleSection":["Quilmes"],"inLanguage":"es","potentialAction":[{"@type":"CommentAction","name":"Comment","target":["https:\/\/diarioprincipios.com\/index.php\/2021\/04\/21\/la-cgt-regional-firmo-un-acuerdo-con-el-municipio-de-quilmes-para-la-puesta-en-valor-de-un-centro-de-formacion-laboral\/#respond"]}]},{"@type":"WebPage","@id":"https:\/\/diarioprincipios.com\/index.php\/2021\/04\/21\/la-cgt-regional-firmo-un-acuerdo-con-el-municipio-de-quilmes-para-la-puesta-en-valor-de-un-centro-de-formacion-laboral\/","url":"https:\/\/diarioprincipios.com\/index.php\/2021\/04\/21\/la-cgt-regional-firmo-un-acuerdo-con-el-municipio-de-quilmes-para-la-puesta-en-valor-de-un-centro-de-formacion-laboral\/","name":"LA CGT REGIONAL FIRM\u00d3 UN ACUERDO CON EL MUNICIPIO DE QUILMES PARA LA PUESTA EN VALOR DE UN CENTRO DE FORMACION LABORAL - Principios","isPartOf":{"@id":"https:\/\/diarioprincipios.com\/#website"},"primaryImageOfPage":{"@id":"https:\/\/diarioprincipios.com\/index.php\/2021\/04\/21\/la-cgt-regional-firmo-un-acuerdo-con-el-municipio-de-quilmes-para-la-puesta-en-valor-de-un-centro-de-formacion-laboral\/#primaryimage"},"image":{"@id":"https:\/\/diarioprincipios.com\/index.php\/2021\/04\/21\/la-cgt-regional-firmo-un-acuerdo-con-el-municipio-de-quilmes-para-la-puesta-en-valor-de-un-centro-de-formacion-laboral\/#primaryimage"},"thumbnailUrl":"https:\/\/diarioprincipios.com\/wp-content\/uploads\/2021\/04\/IMG-20210421-WA0034.jpg","datePublished":"2021-04-21T22:05:57+00:00","dateModified":"2021-04-21T22:06:04+00:00","breadcrumb":{"@id":"https:\/\/diarioprincipios.com\/index.php\/2021\/04\/21\/la-cgt-regional-firmo-un-acuerdo-con-el-municipio-de-quilmes-para-la-puesta-en-valor-de-un-centro-de-formacion-laboral\/#breadcrumb"},"inLanguage":"es","potentialAction":[{"@type":"ReadAction","target":["https:\/\/diarioprincipios.com\/index.php\/2021\/04\/21\/la-cgt-regional-firmo-un-acuerdo-con-el-municipio-de-quilmes-para-la-puesta-en-valor-de-un-centro-de-formacion-laboral\/"]}]},{"@type":"ImageObject","inLanguage":"es","@id":"https:\/\/diarioprincipios.com\/index.php\/2021\/04\/21\/la-cgt-regional-firmo-un-acuerdo-con-el-municipio-de-quilmes-para-la-puesta-en-valor-de-un-centro-de-formacion-laboral\/#primaryimage","url":"https:\/\/diarioprincipios.com\/wp-content\/uploads\/2021\/04\/IMG-20210421-WA0034.jpg","contentUrl":"https:\/\/diarioprincipios.com\/wp-content\/uploads\/2021\/04\/IMG-20210421-WA0034.jpg","width":1280,"height":662},{"@type":"BreadcrumbList","@id":"https:\/\/diarioprincipios.com\/index.php\/2021\/04\/21\/la-cgt-regional-firmo-un-acuerdo-con-el-municipio-de-quilmes-para-la-puesta-en-valor-de-un-centro-de-formacion-laboral\/#breadcrumb","itemListElement":[{"@type":"ListItem","position":1,"name":"Portada","item":"https:\/\/diarioprincipios.com\/"},{"@type":"ListItem","position":2,"name":"LA CGT REGIONAL FIRM\u00d3 UN ACUERDO CON EL MUNICIPIO DE QUILMES PARA LA PUESTA EN VALOR DE UN CENTRO DE FORMACION LABORAL"}]},{"@type":"WebSite","@id":"https:\/\/diarioprincipios.com\/#website","url":"https:\/\/diarioprincipios.com\/","name":"Principios","description":"Principios Diario","publisher":{"@id":"https:\/\/diarioprincipios.com\/#organization"},"potentialAction":[{"@type":"SearchAction","target":{"@type":"EntryPoint","urlTemplate":"https:\/\/diarioprincipios.com\/?s={search_term_string}"},"query-input":{"@type":"PropertyValueSpecification","valueRequired":true,"valueName":"search_term_string"}}],"inLanguage":"es"},{"@type":"Organization","@id":"https:\/\/diarioprincipios.com\/#organization","name":"Principios","url":"https:\/\/diarioprincipios.com\/","logo":{"@type":"ImageObject","inLanguage":"es","@id":"https:\/\/diarioprincipios.com\/#\/schema\/logo\/image\/","url":"https:\/\/diarioprincipios.com\/wp-content\/uploads\/2024\/04\/cropped-www.diarioprincipios.com_-1.png","contentUrl":"https:\/\/diarioprincipios.com\/wp-content\/uploads\/2024\/04\/cropped-www.diarioprincipios.com_-1.png","width":5325,"height":1454,"caption":"Principios"},"image":{"@id":"https:\/\/diarioprincipios.com\/#\/schema\/logo\/image\/"}},{"@type":"Person","@id":"https:\/\/diarioprincipios.com\/#\/schema\/person\/436d5a1fd41a5e250e23ff5a6a7cb080","name":"Hern\u00e1n L\u00f3pez","image":{"@type":"ImageObject","inLanguage":"es","@id":"https:\/\/diarioprincipios.com\/wp-content\/litespeed\/avatar\/11ddfe5610ff3bd100522525b2571f48.jpg?ver=1777048341","url":"https:\/\/diarioprincipios.com\/wp-content\/litespeed\/avatar\/11ddfe5610ff3bd100522525b2571f48.jpg?ver=1777048341","contentUrl":"https:\/\/diarioprincipios.com\/wp-content\/litespeed\/avatar\/11ddfe5610ff3bd100522525b2571f48.jpg?ver=1777048341","caption":"Hern\u00e1n L\u00f3pez"},"url":"https:\/\/diarioprincipios.com\/index.php\/author\/hernan\/"}]}},"jetpack_featured_media_url":"https:\/\/diarioprincipios.com\/wp-content\/uploads\/2021\/04\/IMG-20210421-WA0034.jpg","_links":{"self":[{"href":"https:\/\/diarioprincipios.com\/index.php\/wp-json\/wp\/v2\/posts\/9573","targetHints":{"allow":["GET"]}}],"collection":[{"href":"https:\/\/diarioprincipios.com\/index.php\/wp-json\/wp\/v2\/posts"}],"about":[{"href":"https:\/\/diarioprincipios.com\/index.php\/wp-json\/wp\/v2\/types\/post"}],"author":[{"embeddable":true,"href":"https:\/\/diarioprincipios.com\/index.php\/wp-json\/wp\/v2\/users\/2"}],"replies":[{"embeddable":true,"href":"https:\/\/diarioprincipios.com\/index.php\/wp-json\/wp\/v2\/comments?post=9573"}],"version-history":[{"count":1,"href":"https:\/\/diarioprincipios.com\/index.php\/wp-json\/wp\/v2\/posts\/9573\/revisions"}],"predecessor-version":[{"id":9577,"href":"https:\/\/diarioprincipios.com\/index.php\/wp-json\/wp\/v2\/posts\/9573\/revisions\/9577"}],"wp:featuredmedia":[{"embeddable":true,"href":"https:\/\/diarioprincipios.com\/index.php\/wp-json\/wp\/v2\/media\/9576"}],"wp:attachment":[{"href":"https:\/\/diarioprincipios.com\/index.php\/wp-json\/wp\/v2\/media?parent=9573"}],"wp:term":[{"taxonomy":"category","embeddable":true,"href":"https:\/\/diarioprincipios.com\/index.php\/wp-json\/wp\/v2\/categories?post=9573"},{"taxonomy":"post_tag","embeddable":true,"href":"https:\/\/diarioprincipios.com\/index.php\/wp-json\/wp\/v2\/tags?post=9573"}],"curies":[{"name":"wp","href":"https:\/\/api.w.org\/{rel}","templated":true}]}}