{"id":9567,"date":"2021-04-21T08:35:08","date_gmt":"2021-04-21T11:35:08","guid":{"rendered":"http:\/\/diarioprincipios.com\/?p=9567"},"modified":"2021-04-21T08:38:16","modified_gmt":"2021-04-21T11:38:16","slug":"mussi-anuncio-que-berazategui-lanzara-un-plan-integral-de-educacion-para-la-sustentabilidad","status":"publish","type":"post","link":"https:\/\/diarioprincipios.com\/index.php\/2021\/04\/21\/mussi-anuncio-que-berazategui-lanzara-un-plan-integral-de-educacion-para-la-sustentabilidad\/","title":{"rendered":"Mussi anunci\u00f3 que Berazategui lanzar\u00e1 un Plan Integral de Educaci\u00f3n para la Sustentabilidad"},"content":{"rendered":"\n<p><strong>En Berazategui se anunci\u00f3 un Plan Integral de Educaci\u00f3n para la Sustentabilidad, que promover\u00e1 nuevos h\u00e1bitos en el \u00e1mbito educativo. El objetivo es involucrar a la comunidad en la concientizaci\u00f3n y posible soluci\u00f3n de las problem\u00e1ticas que presentan las grandes ciudades.<\/strong><br>El anuncio lo hizo el intendente municipal, Juan Jos\u00e9 Mussi, cuando el ministro de Educaci\u00f3n de la Naci\u00f3n, Nicol\u00e1s Trotta, visit\u00f3 la Ciudad en el marco de la firma del convenio para las becas Progresar.<br>El Plan trabajar\u00e1 con la concientizaci\u00f3n y la ense\u00f1anza de h\u00e1bitos sustentables en los establecimientos educativos, con el fin de promover una transici\u00f3n hacia nuevas culturas sustentables.<br>Algunas de las medidas concretas del Plan Integral de Educaci\u00f3n para la Sustentabilidad ser\u00e1n:<br>&#8211; Promover el h\u00e1bito de la plantaci\u00f3n y el cuidado del arbolado. De esta manera, se trabajar\u00e1 la forestaci\u00f3n en los establecimientos educativos a partir de la plantaci\u00f3n de \u00e1rboles nativos. As\u00ed es como se abordar\u00e1n los espacios verdes como componentes fundamentales de la ciudad para el buen vivir, en beneficio de la salud y el contacto con la naturaleza; adem\u00e1s de visibilizar su importancia para regular la temperatura del distrito y mitigar el impacto sonoro, permitir la recarga de los acu\u00edferos y albergar la vida de los animales.<br>&#8211; Brindar a las escuelas equipamiento de reciclaje para concientizar sobre el valor de la econom\u00eda circular y fomentar el h\u00e1bito de la clasificaci\u00f3n en origen. A trav\u00e9s de esta medida, se brindar\u00e1 una oportunidad pedag\u00f3gica para abordar la problem\u00e1tica de la basura, sus efectos y consecuencias sobre la salud p\u00fablica, el ambiente y la econom\u00eda local.<br>&#8211; En consonancia con el punto anterior, otorgar equipamiento de compostaje para reciclar los residuos org\u00e1nicos, con el fin de propiciar el h\u00e1bito del compostaje domiciliario y comunitario. Esto conlleva realizar un proceso pedag\u00f3gico en el que se aprendan los beneficios para el ambiente de llevar a cabo esta pr\u00e1ctica como parte de una cultura del cuidado que reemplace a la cultura del descarte.<\/p>\n\n\n\n<figure class=\"wp-block-image\"><img decoding=\"async\" src=\"https:\/\/ecp.yusercontent.com\/mail?url=https%3A%2F%2Fdocs.google.com%2Fuc%3Fexport%3Ddownload%26id%3D1O9ySDGVjFwLiWj3yWiMdjtCw6pHI7T-F%26revid%3D0B9CZhG6aa0VidWpSQjZNZGVndGpYeWM5ZWtiUFNuM1JQV3U4PQ&amp;t=1618961632&amp;ymreqid=5799fcab-b43d-2794-2265-f8000201b300&amp;sig=g_IasQUJqQe4Q0LjUi_TtQ--~D\" alt=\"\"\/><\/figure>\n","protected":false},"excerpt":{"rendered":"<p>En Berazategui se anunci\u00f3 un Plan Integral de Educaci\u00f3n para la Sustentabilidad, que promover\u00e1 nuevos h\u00e1bitos en el \u00e1mbito educativo. El objetivo es involucrar a la comunidad en la concientizaci\u00f3n y posible soluci\u00f3n de las problem\u00e1ticas que presentan las grandes ciudades.El anuncio lo hizo el intendente municipal, Juan Jos\u00e9 Mussi, cuando el ministro de Educaci\u00f3n&#8230;<\/p>\n","protected":false},"author":2,"featured_media":9066,"comment_status":"open","ping_status":"open","sticky":false,"template":"","format":"standard","meta":{"footnotes":""},"categories":[3],"tags":[],"class_list":["post-9567","post","type-post","status-publish","format-standard","has-post-thumbnail","hentry","category-berazategui"],"featured_image_src":"https:\/\/diarioprincipios.com\/wp-content\/uploads\/2021\/03\/EL-MINISTRO-TROTTA-Y-MUSSI-FIRMARON-EL-CONVENIO-PARA-LAS-BECAS-PROGRESAR4-1024x683.jpg","blog_images":{"medium":"https:\/\/diarioprincipios.com\/wp-content\/uploads\/2021\/03\/EL-MINISTRO-TROTTA-Y-MUSSI-FIRMARON-EL-CONVENIO-PARA-LAS-BECAS-PROGRESAR4-300x200.jpg","large":"https:\/\/diarioprincipios.com\/wp-content\/uploads\/2021\/03\/EL-MINISTRO-TROTTA-Y-MUSSI-FIRMARON-EL-CONVENIO-PARA-LAS-BECAS-PROGRESAR4-1024x683.jpg"},"ams_acf":[],"yoast_head":"<!-- This site is optimized with the Yoast SEO plugin v27.3 - https:\/\/yoast.com\/product\/yoast-seo-wordpress\/ -->\n<title>Mussi anunci\u00f3 que Berazategui lanzar\u00e1 un Plan Integral de Educaci\u00f3n para la Sustentabilidad - Principios<\/title>\n<meta name=\"robots\" content=\"index, follow, max-snippet:-1, max-image-preview:large, max-video-preview:-1\" \/>\n<link rel=\"canonical\" href=\"https:\/\/diarioprincipios.com\/index.php\/2021\/04\/21\/mussi-anuncio-que-berazategui-lanzara-un-plan-integral-de-educacion-para-la-sustentabilidad\/\" \/>\n<meta property=\"og:locale\" content=\"es_ES\" \/>\n<meta property=\"og:type\" content=\"article\" \/>\n<meta property=\"og:title\" content=\"Mussi anunci\u00f3 que Berazategui lanzar\u00e1 un Plan Integral de Educaci\u00f3n para la Sustentabilidad - Principios\" \/>\n<meta property=\"og:description\" content=\"En Berazategui se anunci\u00f3 un Plan Integral de Educaci\u00f3n para la Sustentabilidad, que promover\u00e1 nuevos h\u00e1bitos en el \u00e1mbito educativo. El objetivo es involucrar a la comunidad en la concientizaci\u00f3n y posible soluci\u00f3n de las problem\u00e1ticas que presentan las grandes ciudades.El anuncio lo hizo el intendente municipal, Juan Jos\u00e9 Mussi, cuando el ministro de Educaci\u00f3n...\" \/>\n<meta property=\"og:url\" content=\"https:\/\/diarioprincipios.com\/index.php\/2021\/04\/21\/mussi-anuncio-que-berazategui-lanzara-un-plan-integral-de-educacion-para-la-sustentabilidad\/\" \/>\n<meta property=\"og:site_name\" content=\"Principios\" \/>\n<meta property=\"article:published_time\" content=\"2021-04-21T11:35:08+00:00\" \/>\n<meta property=\"article:modified_time\" content=\"2021-04-21T11:38:16+00:00\" \/>\n<meta property=\"og:image\" content=\"https:\/\/diarioprincipios.com\/wp-content\/uploads\/2021\/03\/EL-MINISTRO-TROTTA-Y-MUSSI-FIRMARON-EL-CONVENIO-PARA-LAS-BECAS-PROGRESAR4.jpg\" \/>\n\t<meta property=\"og:image:width\" content=\"1920\" \/>\n\t<meta property=\"og:image:height\" content=\"1280\" \/>\n\t<meta property=\"og:image:type\" content=\"image\/jpeg\" \/>\n<meta name=\"author\" content=\"Hern\u00e1n L\u00f3pez\" \/>\n<meta name=\"twitter:card\" content=\"summary_large_image\" \/>\n<meta name=\"twitter:label1\" content=\"Escrito por\" \/>\n\t<meta name=\"twitter:data1\" content=\"Hern\u00e1n L\u00f3pez\" \/>\n\t<meta name=\"twitter:label2\" content=\"Tiempo de lectura\" \/>\n\t<meta name=\"twitter:data2\" content=\"2 minutos\" \/>\n<script type=\"application\/ld+json\" class=\"yoast-schema-graph\">{\"@context\":\"https:\\\/\\\/schema.org\",\"@graph\":[{\"@type\":\"Article\",\"@id\":\"https:\\\/\\\/diarioprincipios.com\\\/index.php\\\/2021\\\/04\\\/21\\\/mussi-anuncio-que-berazategui-lanzara-un-plan-integral-de-educacion-para-la-sustentabilidad\\\/#article\",\"isPartOf\":{\"@id\":\"https:\\\/\\\/diarioprincipios.com\\\/index.php\\\/2021\\\/04\\\/21\\\/mussi-anuncio-que-berazategui-lanzara-un-plan-integral-de-educacion-para-la-sustentabilidad\\\/\"},\"author\":{\"name\":\"Hern\u00e1n L\u00f3pez\",\"@id\":\"https:\\\/\\\/diarioprincipios.com\\\/#\\\/schema\\\/person\\\/436d5a1fd41a5e250e23ff5a6a7cb080\"},\"headline\":\"Mussi anunci\u00f3 que Berazategui lanzar\u00e1 un Plan Integral de Educaci\u00f3n para la Sustentabilidad\",\"datePublished\":\"2021-04-21T11:35:08+00:00\",\"dateModified\":\"2021-04-21T11:38:16+00:00\",\"mainEntityOfPage\":{\"@id\":\"https:\\\/\\\/diarioprincipios.com\\\/index.php\\\/2021\\\/04\\\/21\\\/mussi-anuncio-que-berazategui-lanzara-un-plan-integral-de-educacion-para-la-sustentabilidad\\\/\"},\"wordCount\":374,\"commentCount\":0,\"publisher\":{\"@id\":\"https:\\\/\\\/diarioprincipios.com\\\/#organization\"},\"image\":{\"@id\":\"https:\\\/\\\/diarioprincipios.com\\\/index.php\\\/2021\\\/04\\\/21\\\/mussi-anuncio-que-berazategui-lanzara-un-plan-integral-de-educacion-para-la-sustentabilidad\\\/#primaryimage\"},\"thumbnailUrl\":\"https:\\\/\\\/diarioprincipios.com\\\/wp-content\\\/uploads\\\/2021\\\/03\\\/EL-MINISTRO-TROTTA-Y-MUSSI-FIRMARON-EL-CONVENIO-PARA-LAS-BECAS-PROGRESAR4.jpg\",\"articleSection\":[\"Berazategui\"],\"inLanguage\":\"es\",\"potentialAction\":[{\"@type\":\"CommentAction\",\"name\":\"Comment\",\"target\":[\"https:\\\/\\\/diarioprincipios.com\\\/index.php\\\/2021\\\/04\\\/21\\\/mussi-anuncio-que-berazategui-lanzara-un-plan-integral-de-educacion-para-la-sustentabilidad\\\/#respond\"]}]},{\"@type\":\"WebPage\",\"@id\":\"https:\\\/\\\/diarioprincipios.com\\\/index.php\\\/2021\\\/04\\\/21\\\/mussi-anuncio-que-berazategui-lanzara-un-plan-integral-de-educacion-para-la-sustentabilidad\\\/\",\"url\":\"https:\\\/\\\/diarioprincipios.com\\\/index.php\\\/2021\\\/04\\\/21\\\/mussi-anuncio-que-berazategui-lanzara-un-plan-integral-de-educacion-para-la-sustentabilidad\\\/\",\"name\":\"Mussi anunci\u00f3 que Berazategui lanzar\u00e1 un Plan Integral de Educaci\u00f3n para la Sustentabilidad - Principios\",\"isPartOf\":{\"@id\":\"https:\\\/\\\/diarioprincipios.com\\\/#website\"},\"primaryImageOfPage\":{\"@id\":\"https:\\\/\\\/diarioprincipios.com\\\/index.php\\\/2021\\\/04\\\/21\\\/mussi-anuncio-que-berazategui-lanzara-un-plan-integral-de-educacion-para-la-sustentabilidad\\\/#primaryimage\"},\"image\":{\"@id\":\"https:\\\/\\\/diarioprincipios.com\\\/index.php\\\/2021\\\/04\\\/21\\\/mussi-anuncio-que-berazategui-lanzara-un-plan-integral-de-educacion-para-la-sustentabilidad\\\/#primaryimage\"},\"thumbnailUrl\":\"https:\\\/\\\/diarioprincipios.com\\\/wp-content\\\/uploads\\\/2021\\\/03\\\/EL-MINISTRO-TROTTA-Y-MUSSI-FIRMARON-EL-CONVENIO-PARA-LAS-BECAS-PROGRESAR4.jpg\",\"datePublished\":\"2021-04-21T11:35:08+00:00\",\"dateModified\":\"2021-04-21T11:38:16+00:00\",\"breadcrumb\":{\"@id\":\"https:\\\/\\\/diarioprincipios.com\\\/index.php\\\/2021\\\/04\\\/21\\\/mussi-anuncio-que-berazategui-lanzara-un-plan-integral-de-educacion-para-la-sustentabilidad\\\/#breadcrumb\"},\"inLanguage\":\"es\",\"potentialAction\":[{\"@type\":\"ReadAction\",\"target\":[\"https:\\\/\\\/diarioprincipios.com\\\/index.php\\\/2021\\\/04\\\/21\\\/mussi-anuncio-que-berazategui-lanzara-un-plan-integral-de-educacion-para-la-sustentabilidad\\\/\"]}]},{\"@type\":\"ImageObject\",\"inLanguage\":\"es\",\"@id\":\"https:\\\/\\\/diarioprincipios.com\\\/index.php\\\/2021\\\/04\\\/21\\\/mussi-anuncio-que-berazategui-lanzara-un-plan-integral-de-educacion-para-la-sustentabilidad\\\/#primaryimage\",\"url\":\"https:\\\/\\\/diarioprincipios.com\\\/wp-content\\\/uploads\\\/2021\\\/03\\\/EL-MINISTRO-TROTTA-Y-MUSSI-FIRMARON-EL-CONVENIO-PARA-LAS-BECAS-PROGRESAR4.jpg\",\"contentUrl\":\"https:\\\/\\\/diarioprincipios.com\\\/wp-content\\\/uploads\\\/2021\\\/03\\\/EL-MINISTRO-TROTTA-Y-MUSSI-FIRMARON-EL-CONVENIO-PARA-LAS-BECAS-PROGRESAR4.jpg\",\"width\":1920,\"height\":1280},{\"@type\":\"BreadcrumbList\",\"@id\":\"https:\\\/\\\/diarioprincipios.com\\\/index.php\\\/2021\\\/04\\\/21\\\/mussi-anuncio-que-berazategui-lanzara-un-plan-integral-de-educacion-para-la-sustentabilidad\\\/#breadcrumb\",\"itemListElement\":[{\"@type\":\"ListItem\",\"position\":1,\"name\":\"Portada\",\"item\":\"https:\\\/\\\/diarioprincipios.com\\\/\"},{\"@type\":\"ListItem\",\"position\":2,\"name\":\"Mussi anunci\u00f3 que Berazategui lanzar\u00e1 un Plan Integral de Educaci\u00f3n para la Sustentabilidad\"}]},{\"@type\":\"WebSite\",\"@id\":\"https:\\\/\\\/diarioprincipios.com\\\/#website\",\"url\":\"https:\\\/\\\/diarioprincipios.com\\\/\",\"name\":\"Principios\",\"description\":\"Principios Diario\",\"publisher\":{\"@id\":\"https:\\\/\\\/diarioprincipios.com\\\/#organization\"},\"potentialAction\":[{\"@type\":\"SearchAction\",\"target\":{\"@type\":\"EntryPoint\",\"urlTemplate\":\"https:\\\/\\\/diarioprincipios.com\\\/?s={search_term_string}\"},\"query-input\":{\"@type\":\"PropertyValueSpecification\",\"valueRequired\":true,\"valueName\":\"search_term_string\"}}],\"inLanguage\":\"es\"},{\"@type\":\"Organization\",\"@id\":\"https:\\\/\\\/diarioprincipios.com\\\/#organization\",\"name\":\"Principios\",\"url\":\"https:\\\/\\\/diarioprincipios.com\\\/\",\"logo\":{\"@type\":\"ImageObject\",\"inLanguage\":\"es\",\"@id\":\"https:\\\/\\\/diarioprincipios.com\\\/#\\\/schema\\\/logo\\\/image\\\/\",\"url\":\"https:\\\/\\\/diarioprincipios.com\\\/wp-content\\\/uploads\\\/2024\\\/04\\\/cropped-www.diarioprincipios.com_-1.png\",\"contentUrl\":\"https:\\\/\\\/diarioprincipios.com\\\/wp-content\\\/uploads\\\/2024\\\/04\\\/cropped-www.diarioprincipios.com_-1.png\",\"width\":5325,\"height\":1454,\"caption\":\"Principios\"},\"image\":{\"@id\":\"https:\\\/\\\/diarioprincipios.com\\\/#\\\/schema\\\/logo\\\/image\\\/\"}},{\"@type\":\"Person\",\"@id\":\"https:\\\/\\\/diarioprincipios.com\\\/#\\\/schema\\\/person\\\/436d5a1fd41a5e250e23ff5a6a7cb080\",\"name\":\"Hern\u00e1n L\u00f3pez\",\"image\":{\"@type\":\"ImageObject\",\"inLanguage\":\"es\",\"@id\":\"https:\\\/\\\/diarioprincipios.com\\\/wp-content\\\/litespeed\\\/avatar\\\/11ddfe5610ff3bd100522525b2571f48.jpg?ver=1777048341\",\"url\":\"https:\\\/\\\/diarioprincipios.com\\\/wp-content\\\/litespeed\\\/avatar\\\/11ddfe5610ff3bd100522525b2571f48.jpg?ver=1777048341\",\"contentUrl\":\"https:\\\/\\\/diarioprincipios.com\\\/wp-content\\\/litespeed\\\/avatar\\\/11ddfe5610ff3bd100522525b2571f48.jpg?ver=1777048341\",\"caption\":\"Hern\u00e1n L\u00f3pez\"},\"url\":\"https:\\\/\\\/diarioprincipios.com\\\/index.php\\\/author\\\/hernan\\\/\"}]}<\/script>\n<!-- \/ Yoast SEO plugin. -->","yoast_head_json":{"title":"Mussi anunci\u00f3 que Berazategui lanzar\u00e1 un Plan Integral de Educaci\u00f3n para la Sustentabilidad - Principios","robots":{"index":"index","follow":"follow","max-snippet":"max-snippet:-1","max-image-preview":"max-image-preview:large","max-video-preview":"max-video-preview:-1"},"canonical":"https:\/\/diarioprincipios.com\/index.php\/2021\/04\/21\/mussi-anuncio-que-berazategui-lanzara-un-plan-integral-de-educacion-para-la-sustentabilidad\/","og_locale":"es_ES","og_type":"article","og_title":"Mussi anunci\u00f3 que Berazategui lanzar\u00e1 un Plan Integral de Educaci\u00f3n para la Sustentabilidad - Principios","og_description":"En Berazategui se anunci\u00f3 un Plan Integral de Educaci\u00f3n para la Sustentabilidad, que promover\u00e1 nuevos h\u00e1bitos en el \u00e1mbito educativo. El objetivo es involucrar a la comunidad en la concientizaci\u00f3n y posible soluci\u00f3n de las problem\u00e1ticas que presentan las grandes ciudades.El anuncio lo hizo el intendente municipal, Juan Jos\u00e9 Mussi, cuando el ministro de Educaci\u00f3n...","og_url":"https:\/\/diarioprincipios.com\/index.php\/2021\/04\/21\/mussi-anuncio-que-berazategui-lanzara-un-plan-integral-de-educacion-para-la-sustentabilidad\/","og_site_name":"Principios","article_published_time":"2021-04-21T11:35:08+00:00","article_modified_time":"2021-04-21T11:38:16+00:00","og_image":[{"width":1920,"height":1280,"url":"https:\/\/diarioprincipios.com\/wp-content\/uploads\/2021\/03\/EL-MINISTRO-TROTTA-Y-MUSSI-FIRMARON-EL-CONVENIO-PARA-LAS-BECAS-PROGRESAR4.jpg","type":"image\/jpeg"}],"author":"Hern\u00e1n L\u00f3pez","twitter_card":"summary_large_image","twitter_misc":{"Escrito por":"Hern\u00e1n L\u00f3pez","Tiempo de lectura":"2 minutos"},"schema":{"@context":"https:\/\/schema.org","@graph":[{"@type":"Article","@id":"https:\/\/diarioprincipios.com\/index.php\/2021\/04\/21\/mussi-anuncio-que-berazategui-lanzara-un-plan-integral-de-educacion-para-la-sustentabilidad\/#article","isPartOf":{"@id":"https:\/\/diarioprincipios.com\/index.php\/2021\/04\/21\/mussi-anuncio-que-berazategui-lanzara-un-plan-integral-de-educacion-para-la-sustentabilidad\/"},"author":{"name":"Hern\u00e1n L\u00f3pez","@id":"https:\/\/diarioprincipios.com\/#\/schema\/person\/436d5a1fd41a5e250e23ff5a6a7cb080"},"headline":"Mussi anunci\u00f3 que Berazategui lanzar\u00e1 un Plan Integral de Educaci\u00f3n para la Sustentabilidad","datePublished":"2021-04-21T11:35:08+00:00","dateModified":"2021-04-21T11:38:16+00:00","mainEntityOfPage":{"@id":"https:\/\/diarioprincipios.com\/index.php\/2021\/04\/21\/mussi-anuncio-que-berazategui-lanzara-un-plan-integral-de-educacion-para-la-sustentabilidad\/"},"wordCount":374,"commentCount":0,"publisher":{"@id":"https:\/\/diarioprincipios.com\/#organization"},"image":{"@id":"https:\/\/diarioprincipios.com\/index.php\/2021\/04\/21\/mussi-anuncio-que-berazategui-lanzara-un-plan-integral-de-educacion-para-la-sustentabilidad\/#primaryimage"},"thumbnailUrl":"https:\/\/diarioprincipios.com\/wp-content\/uploads\/2021\/03\/EL-MINISTRO-TROTTA-Y-MUSSI-FIRMARON-EL-CONVENIO-PARA-LAS-BECAS-PROGRESAR4.jpg","articleSection":["Berazategui"],"inLanguage":"es","potentialAction":[{"@type":"CommentAction","name":"Comment","target":["https:\/\/diarioprincipios.com\/index.php\/2021\/04\/21\/mussi-anuncio-que-berazategui-lanzara-un-plan-integral-de-educacion-para-la-sustentabilidad\/#respond"]}]},{"@type":"WebPage","@id":"https:\/\/diarioprincipios.com\/index.php\/2021\/04\/21\/mussi-anuncio-que-berazategui-lanzara-un-plan-integral-de-educacion-para-la-sustentabilidad\/","url":"https:\/\/diarioprincipios.com\/index.php\/2021\/04\/21\/mussi-anuncio-que-berazategui-lanzara-un-plan-integral-de-educacion-para-la-sustentabilidad\/","name":"Mussi anunci\u00f3 que Berazategui lanzar\u00e1 un Plan Integral de Educaci\u00f3n para la Sustentabilidad - Principios","isPartOf":{"@id":"https:\/\/diarioprincipios.com\/#website"},"primaryImageOfPage":{"@id":"https:\/\/diarioprincipios.com\/index.php\/2021\/04\/21\/mussi-anuncio-que-berazategui-lanzara-un-plan-integral-de-educacion-para-la-sustentabilidad\/#primaryimage"},"image":{"@id":"https:\/\/diarioprincipios.com\/index.php\/2021\/04\/21\/mussi-anuncio-que-berazategui-lanzara-un-plan-integral-de-educacion-para-la-sustentabilidad\/#primaryimage"},"thumbnailUrl":"https:\/\/diarioprincipios.com\/wp-content\/uploads\/2021\/03\/EL-MINISTRO-TROTTA-Y-MUSSI-FIRMARON-EL-CONVENIO-PARA-LAS-BECAS-PROGRESAR4.jpg","datePublished":"2021-04-21T11:35:08+00:00","dateModified":"2021-04-21T11:38:16+00:00","breadcrumb":{"@id":"https:\/\/diarioprincipios.com\/index.php\/2021\/04\/21\/mussi-anuncio-que-berazategui-lanzara-un-plan-integral-de-educacion-para-la-sustentabilidad\/#breadcrumb"},"inLanguage":"es","potentialAction":[{"@type":"ReadAction","target":["https:\/\/diarioprincipios.com\/index.php\/2021\/04\/21\/mussi-anuncio-que-berazategui-lanzara-un-plan-integral-de-educacion-para-la-sustentabilidad\/"]}]},{"@type":"ImageObject","inLanguage":"es","@id":"https:\/\/diarioprincipios.com\/index.php\/2021\/04\/21\/mussi-anuncio-que-berazategui-lanzara-un-plan-integral-de-educacion-para-la-sustentabilidad\/#primaryimage","url":"https:\/\/diarioprincipios.com\/wp-content\/uploads\/2021\/03\/EL-MINISTRO-TROTTA-Y-MUSSI-FIRMARON-EL-CONVENIO-PARA-LAS-BECAS-PROGRESAR4.jpg","contentUrl":"https:\/\/diarioprincipios.com\/wp-content\/uploads\/2021\/03\/EL-MINISTRO-TROTTA-Y-MUSSI-FIRMARON-EL-CONVENIO-PARA-LAS-BECAS-PROGRESAR4.jpg","width":1920,"height":1280},{"@type":"BreadcrumbList","@id":"https:\/\/diarioprincipios.com\/index.php\/2021\/04\/21\/mussi-anuncio-que-berazategui-lanzara-un-plan-integral-de-educacion-para-la-sustentabilidad\/#breadcrumb","itemListElement":[{"@type":"ListItem","position":1,"name":"Portada","item":"https:\/\/diarioprincipios.com\/"},{"@type":"ListItem","position":2,"name":"Mussi anunci\u00f3 que Berazategui lanzar\u00e1 un Plan Integral de Educaci\u00f3n para la Sustentabilidad"}]},{"@type":"WebSite","@id":"https:\/\/diarioprincipios.com\/#website","url":"https:\/\/diarioprincipios.com\/","name":"Principios","description":"Principios Diario","publisher":{"@id":"https:\/\/diarioprincipios.com\/#organization"},"potentialAction":[{"@type":"SearchAction","target":{"@type":"EntryPoint","urlTemplate":"https:\/\/diarioprincipios.com\/?s={search_term_string}"},"query-input":{"@type":"PropertyValueSpecification","valueRequired":true,"valueName":"search_term_string"}}],"inLanguage":"es"},{"@type":"Organization","@id":"https:\/\/diarioprincipios.com\/#organization","name":"Principios","url":"https:\/\/diarioprincipios.com\/","logo":{"@type":"ImageObject","inLanguage":"es","@id":"https:\/\/diarioprincipios.com\/#\/schema\/logo\/image\/","url":"https:\/\/diarioprincipios.com\/wp-content\/uploads\/2024\/04\/cropped-www.diarioprincipios.com_-1.png","contentUrl":"https:\/\/diarioprincipios.com\/wp-content\/uploads\/2024\/04\/cropped-www.diarioprincipios.com_-1.png","width":5325,"height":1454,"caption":"Principios"},"image":{"@id":"https:\/\/diarioprincipios.com\/#\/schema\/logo\/image\/"}},{"@type":"Person","@id":"https:\/\/diarioprincipios.com\/#\/schema\/person\/436d5a1fd41a5e250e23ff5a6a7cb080","name":"Hern\u00e1n L\u00f3pez","image":{"@type":"ImageObject","inLanguage":"es","@id":"https:\/\/diarioprincipios.com\/wp-content\/litespeed\/avatar\/11ddfe5610ff3bd100522525b2571f48.jpg?ver=1777048341","url":"https:\/\/diarioprincipios.com\/wp-content\/litespeed\/avatar\/11ddfe5610ff3bd100522525b2571f48.jpg?ver=1777048341","contentUrl":"https:\/\/diarioprincipios.com\/wp-content\/litespeed\/avatar\/11ddfe5610ff3bd100522525b2571f48.jpg?ver=1777048341","caption":"Hern\u00e1n L\u00f3pez"},"url":"https:\/\/diarioprincipios.com\/index.php\/author\/hernan\/"}]}},"jetpack_featured_media_url":"https:\/\/diarioprincipios.com\/wp-content\/uploads\/2021\/03\/EL-MINISTRO-TROTTA-Y-MUSSI-FIRMARON-EL-CONVENIO-PARA-LAS-BECAS-PROGRESAR4.jpg","_links":{"self":[{"href":"https:\/\/diarioprincipios.com\/index.php\/wp-json\/wp\/v2\/posts\/9567","targetHints":{"allow":["GET"]}}],"collection":[{"href":"https:\/\/diarioprincipios.com\/index.php\/wp-json\/wp\/v2\/posts"}],"about":[{"href":"https:\/\/diarioprincipios.com\/index.php\/wp-json\/wp\/v2\/types\/post"}],"author":[{"embeddable":true,"href":"https:\/\/diarioprincipios.com\/index.php\/wp-json\/wp\/v2\/users\/2"}],"replies":[{"embeddable":true,"href":"https:\/\/diarioprincipios.com\/index.php\/wp-json\/wp\/v2\/comments?post=9567"}],"version-history":[{"count":1,"href":"https:\/\/diarioprincipios.com\/index.php\/wp-json\/wp\/v2\/posts\/9567\/revisions"}],"predecessor-version":[{"id":9569,"href":"https:\/\/diarioprincipios.com\/index.php\/wp-json\/wp\/v2\/posts\/9567\/revisions\/9569"}],"wp:featuredmedia":[{"embeddable":true,"href":"https:\/\/diarioprincipios.com\/index.php\/wp-json\/wp\/v2\/media\/9066"}],"wp:attachment":[{"href":"https:\/\/diarioprincipios.com\/index.php\/wp-json\/wp\/v2\/media?parent=9567"}],"wp:term":[{"taxonomy":"category","embeddable":true,"href":"https:\/\/diarioprincipios.com\/index.php\/wp-json\/wp\/v2\/categories?post=9567"},{"taxonomy":"post_tag","embeddable":true,"href":"https:\/\/diarioprincipios.com\/index.php\/wp-json\/wp\/v2\/tags?post=9567"}],"curies":[{"name":"wp","href":"https:\/\/api.w.org\/{rel}","templated":true}]}}