{"id":9560,"date":"2021-04-20T21:54:04","date_gmt":"2021-04-21T00:54:04","guid":{"rendered":"http:\/\/diarioprincipios.com\/?p=9560"},"modified":"2021-04-20T21:54:06","modified_gmt":"2021-04-21T00:54:06","slug":"avanza-la-vacunacion-contra-el-covid-19-en-mayores-de-60-anos","status":"publish","type":"post","link":"https:\/\/diarioprincipios.com\/index.php\/2021\/04\/20\/avanza-la-vacunacion-contra-el-covid-19-en-mayores-de-60-anos\/","title":{"rendered":"Avanza la Vacunaci\u00f3n contra el Covid 19 en Mayores de 60 a\u00f1os"},"content":{"rendered":"\n<p><strong>En una activa jornada correspondiente al Plan provincial, p\u00fablico, gratuito y optativo de vacunaci\u00f3n contra el COVID-19, cerca de 200 berazateguenses mayores de 60 a\u00f1os que -por diversas circunstancias- hab\u00edan perdido su turno, recibieron su dosis en el Centro de Actividades Roberto De Vicenzo (calle 18 y 148).\u00a0<\/strong><br>\u201cEn esta jornada en particular tenemos una turnera reducida, ya que esperamos el caudal de gente mayor de 60 a\u00f1os que perdi\u00f3 su turno y ahora puede acercarse. Casi 200 personas se vacunan con la dosis de Covishield. La respuesta de los vecinos es emocionante y gratificante, lo que sin dudas facilita el trabajo. Buscamos solucionar cualquier dificultad que surja y atenderlos prontamente\u201d, explic\u00f3 Abril Sierra Roda, coordinadora de la posta de vacunaci\u00f3n que funciona en el De Vicenzo.\u00a0<br>Helena Escobar, una vecina del barrio que asisti\u00f3 con un turno reprogramado, cont\u00f3: \u201cVine para aplicarme la vacuna. Vivo cerca y fui notificada mediante la aplicaci\u00f3n VacunatePBA. Todo fue muy organizado, prolijo e higi\u00e9nico, estoy muy contenta y los felicito. Conf\u00edo en los cient\u00edficos que trabajan a nivel mundial. Debemos seguir cuid\u00e1ndonos entre todos\u201d.\u00a0<br>Otro vecino, Oscar Cepero, que acompa\u00f1\u00f3 a su madre de 97 a\u00f1os, Catalina Francisca Vanella, expres\u00f3: \u201cEstoy agradecido por la excelente atenci\u00f3n del personal de seguridad y de salud hacia mi madre. No tengo palabras, me emociona mucho. Ella se sinti\u00f3 muy contenta porque la vacunaron en el auto y no fue necesario bajar, a causa de su movilidad reducida\u201d.<br>Al respecto, la Coordinadora del operativo brind\u00f3 detalles sobre esta modalidad excepcional. \u201cHay pacientes que vienen a vacunarse y prefieren hacerlo en el veh\u00edculo porque tienen movilidad reducida y no pueden ingresar al predio. En este caso, se acerca el familiar para dar inicio al tr\u00e1mite, el personal de salud carga la vacuna en la conservadora y se acerca con custodia policial. La persona aguarda, luego, media hora y finalmente le entregamos su certificado\u201d, indic\u00f3.<br>La Municipalidad de Berazategui recuerda que aquellos interesados en sumarse al Plan provincial, p\u00fablico, gratuito y optativo de vacunaci\u00f3n, deben ingresar en\u00a0<a rel=\"noreferrer noopener\" target=\"_blank\" href=\"http:\/\/www.vacunatepba.gba.gob.ar\/\">www.vacunatepba.gba.gob.ar<\/a>\u00a0y completar los datos. O bien, descargarse la aplicaci\u00f3n para tel\u00e9fono celular VacunatePBA.\u00a0<br>En caso de necesitar ayuda para registrarse, pueden comunicarse gratuitamente al 5256-2650, de lunes a viernes de 8.00 a 16.00. Tambi\u00e9n, por alguna complicaci\u00f3n o dificultad al momento de la inscripci\u00f3n, pueden obtener asesoramiento en los Centros de Atenci\u00f3n Primaria de Salud (CAPS): de lunes a viernes, de 8.00 a 13.00. Sus direcciones se encuentran en\u00a0<a rel=\"noreferrer noopener\" target=\"_blank\" href=\"http:\/\/berazategui.gob.ar\/salud\">berazategui.gob.ar\/salud<\/a>.\u00a0<br>Adem\u00e1s, pueden informarse en la oficina de ARBA (calle 148 N\u00ba 1102); en la sede de IOMA (calle 147 N\u00ba 1343), de 8.00 a 14.00; y en las delegaciones de PAMI (calle 146 N\u00ba 1253\/63 y calle 52 N\u00ba 3125).<\/p>\n\n\n\n<figure class=\"wp-block-image\"><img decoding=\"async\" src=\"https:\/\/ecp.yusercontent.com\/mail?url=https%3A%2F%2Fdocs.google.com%2Fuc%3Fexport%3Ddownload%26id%3D1O9ySDGVjFwLiWj3yWiMdjtCw6pHI7T-F%26revid%3D0B9CZhG6aa0VidWpSQjZNZGVndGpYeWM5ZWtiUFNuM1JQV3U4PQ&amp;t=1618966270&amp;ymreqid=5799fcab-b43d-2794-2265-f8001f01b300&amp;sig=q0zXTOnPpzkJ7jsSpmkdGg--~D\" alt=\"\"\/><\/figure>\n","protected":false},"excerpt":{"rendered":"<p>En una activa jornada correspondiente al Plan provincial, p\u00fablico, gratuito y optativo de vacunaci\u00f3n contra el COVID-19, cerca de 200 berazateguenses mayores de 60 a\u00f1os que -por diversas circunstancias- hab\u00edan perdido su turno, recibieron su dosis en el Centro de Actividades Roberto De Vicenzo (calle 18 y 148).\u00a0\u201cEn esta jornada en particular tenemos una turnera&#8230;<\/p>\n","protected":false},"author":2,"featured_media":9561,"comment_status":"open","ping_status":"open","sticky":false,"template":"","format":"standard","meta":{"footnotes":""},"categories":[3],"tags":[],"class_list":["post-9560","post","type-post","status-publish","format-standard","has-post-thumbnail","hentry","category-berazategui"],"featured_image_src":"https:\/\/diarioprincipios.com\/wp-content\/uploads\/2021\/04\/AVANZA-LA-VACUNACION-CONTRA-EL-COVID-19-EN-MAYORES-DE-60-ANOS-2-1024x683.jpg","blog_images":{"medium":"https:\/\/diarioprincipios.com\/wp-content\/uploads\/2021\/04\/AVANZA-LA-VACUNACION-CONTRA-EL-COVID-19-EN-MAYORES-DE-60-ANOS-2-300x200.jpg","large":"https:\/\/diarioprincipios.com\/wp-content\/uploads\/2021\/04\/AVANZA-LA-VACUNACION-CONTRA-EL-COVID-19-EN-MAYORES-DE-60-ANOS-2-1024x683.jpg"},"ams_acf":[],"yoast_head":"<!-- This site is optimized with the Yoast SEO plugin v27.3 - https:\/\/yoast.com\/product\/yoast-seo-wordpress\/ -->\n<title>Avanza la Vacunaci\u00f3n contra el Covid 19 en Mayores de 60 a\u00f1os - Principios<\/title>\n<meta name=\"robots\" content=\"index, follow, max-snippet:-1, max-image-preview:large, max-video-preview:-1\" \/>\n<link rel=\"canonical\" href=\"https:\/\/diarioprincipios.com\/index.php\/2021\/04\/20\/avanza-la-vacunacion-contra-el-covid-19-en-mayores-de-60-anos\/\" \/>\n<meta property=\"og:locale\" content=\"es_ES\" \/>\n<meta property=\"og:type\" content=\"article\" \/>\n<meta property=\"og:title\" content=\"Avanza la Vacunaci\u00f3n contra el Covid 19 en Mayores de 60 a\u00f1os - Principios\" \/>\n<meta property=\"og:description\" content=\"En una activa jornada correspondiente al Plan provincial, p\u00fablico, gratuito y optativo de vacunaci\u00f3n contra el COVID-19, cerca de 200 berazateguenses mayores de 60 a\u00f1os que -por diversas circunstancias- hab\u00edan perdido su turno, recibieron su dosis en el Centro de Actividades Roberto De Vicenzo (calle 18 y 148).\u00a0\u201cEn esta jornada en particular tenemos una turnera...\" \/>\n<meta property=\"og:url\" content=\"https:\/\/diarioprincipios.com\/index.php\/2021\/04\/20\/avanza-la-vacunacion-contra-el-covid-19-en-mayores-de-60-anos\/\" \/>\n<meta property=\"og:site_name\" content=\"Principios\" \/>\n<meta property=\"article:published_time\" content=\"2021-04-21T00:54:04+00:00\" \/>\n<meta property=\"article:modified_time\" content=\"2021-04-21T00:54:06+00:00\" \/>\n<meta property=\"og:image\" content=\"https:\/\/diarioprincipios.com\/wp-content\/uploads\/2021\/04\/AVANZA-LA-VACUNACION-CONTRA-EL-COVID-19-EN-MAYORES-DE-60-ANOS-2.jpg\" \/>\n\t<meta property=\"og:image:width\" content=\"1920\" \/>\n\t<meta property=\"og:image:height\" content=\"1280\" \/>\n\t<meta property=\"og:image:type\" content=\"image\/jpeg\" \/>\n<meta name=\"author\" content=\"Hern\u00e1n L\u00f3pez\" \/>\n<meta name=\"twitter:card\" content=\"summary_large_image\" \/>\n<meta name=\"twitter:label1\" content=\"Escrito por\" \/>\n\t<meta name=\"twitter:data1\" content=\"Hern\u00e1n L\u00f3pez\" \/>\n\t<meta name=\"twitter:label2\" content=\"Tiempo de lectura\" \/>\n\t<meta name=\"twitter:data2\" content=\"3 minutos\" \/>\n<script type=\"application\/ld+json\" class=\"yoast-schema-graph\">{\"@context\":\"https:\\\/\\\/schema.org\",\"@graph\":[{\"@type\":\"Article\",\"@id\":\"https:\\\/\\\/diarioprincipios.com\\\/index.php\\\/2021\\\/04\\\/20\\\/avanza-la-vacunacion-contra-el-covid-19-en-mayores-de-60-anos\\\/#article\",\"isPartOf\":{\"@id\":\"https:\\\/\\\/diarioprincipios.com\\\/index.php\\\/2021\\\/04\\\/20\\\/avanza-la-vacunacion-contra-el-covid-19-en-mayores-de-60-anos\\\/\"},\"author\":{\"name\":\"Hern\u00e1n L\u00f3pez\",\"@id\":\"https:\\\/\\\/diarioprincipios.com\\\/#\\\/schema\\\/person\\\/436d5a1fd41a5e250e23ff5a6a7cb080\"},\"headline\":\"Avanza la Vacunaci\u00f3n contra el Covid 19 en Mayores de 60 a\u00f1os\",\"datePublished\":\"2021-04-21T00:54:04+00:00\",\"dateModified\":\"2021-04-21T00:54:06+00:00\",\"mainEntityOfPage\":{\"@id\":\"https:\\\/\\\/diarioprincipios.com\\\/index.php\\\/2021\\\/04\\\/20\\\/avanza-la-vacunacion-contra-el-covid-19-en-mayores-de-60-anos\\\/\"},\"wordCount\":471,\"commentCount\":0,\"publisher\":{\"@id\":\"https:\\\/\\\/diarioprincipios.com\\\/#organization\"},\"image\":{\"@id\":\"https:\\\/\\\/diarioprincipios.com\\\/index.php\\\/2021\\\/04\\\/20\\\/avanza-la-vacunacion-contra-el-covid-19-en-mayores-de-60-anos\\\/#primaryimage\"},\"thumbnailUrl\":\"https:\\\/\\\/diarioprincipios.com\\\/wp-content\\\/uploads\\\/2021\\\/04\\\/AVANZA-LA-VACUNACION-CONTRA-EL-COVID-19-EN-MAYORES-DE-60-ANOS-2.jpg\",\"articleSection\":[\"Berazategui\"],\"inLanguage\":\"es\",\"potentialAction\":[{\"@type\":\"CommentAction\",\"name\":\"Comment\",\"target\":[\"https:\\\/\\\/diarioprincipios.com\\\/index.php\\\/2021\\\/04\\\/20\\\/avanza-la-vacunacion-contra-el-covid-19-en-mayores-de-60-anos\\\/#respond\"]}]},{\"@type\":\"WebPage\",\"@id\":\"https:\\\/\\\/diarioprincipios.com\\\/index.php\\\/2021\\\/04\\\/20\\\/avanza-la-vacunacion-contra-el-covid-19-en-mayores-de-60-anos\\\/\",\"url\":\"https:\\\/\\\/diarioprincipios.com\\\/index.php\\\/2021\\\/04\\\/20\\\/avanza-la-vacunacion-contra-el-covid-19-en-mayores-de-60-anos\\\/\",\"name\":\"Avanza la Vacunaci\u00f3n contra el Covid 19 en Mayores de 60 a\u00f1os - Principios\",\"isPartOf\":{\"@id\":\"https:\\\/\\\/diarioprincipios.com\\\/#website\"},\"primaryImageOfPage\":{\"@id\":\"https:\\\/\\\/diarioprincipios.com\\\/index.php\\\/2021\\\/04\\\/20\\\/avanza-la-vacunacion-contra-el-covid-19-en-mayores-de-60-anos\\\/#primaryimage\"},\"image\":{\"@id\":\"https:\\\/\\\/diarioprincipios.com\\\/index.php\\\/2021\\\/04\\\/20\\\/avanza-la-vacunacion-contra-el-covid-19-en-mayores-de-60-anos\\\/#primaryimage\"},\"thumbnailUrl\":\"https:\\\/\\\/diarioprincipios.com\\\/wp-content\\\/uploads\\\/2021\\\/04\\\/AVANZA-LA-VACUNACION-CONTRA-EL-COVID-19-EN-MAYORES-DE-60-ANOS-2.jpg\",\"datePublished\":\"2021-04-21T00:54:04+00:00\",\"dateModified\":\"2021-04-21T00:54:06+00:00\",\"breadcrumb\":{\"@id\":\"https:\\\/\\\/diarioprincipios.com\\\/index.php\\\/2021\\\/04\\\/20\\\/avanza-la-vacunacion-contra-el-covid-19-en-mayores-de-60-anos\\\/#breadcrumb\"},\"inLanguage\":\"es\",\"potentialAction\":[{\"@type\":\"ReadAction\",\"target\":[\"https:\\\/\\\/diarioprincipios.com\\\/index.php\\\/2021\\\/04\\\/20\\\/avanza-la-vacunacion-contra-el-covid-19-en-mayores-de-60-anos\\\/\"]}]},{\"@type\":\"ImageObject\",\"inLanguage\":\"es\",\"@id\":\"https:\\\/\\\/diarioprincipios.com\\\/index.php\\\/2021\\\/04\\\/20\\\/avanza-la-vacunacion-contra-el-covid-19-en-mayores-de-60-anos\\\/#primaryimage\",\"url\":\"https:\\\/\\\/diarioprincipios.com\\\/wp-content\\\/uploads\\\/2021\\\/04\\\/AVANZA-LA-VACUNACION-CONTRA-EL-COVID-19-EN-MAYORES-DE-60-ANOS-2.jpg\",\"contentUrl\":\"https:\\\/\\\/diarioprincipios.com\\\/wp-content\\\/uploads\\\/2021\\\/04\\\/AVANZA-LA-VACUNACION-CONTRA-EL-COVID-19-EN-MAYORES-DE-60-ANOS-2.jpg\",\"width\":1920,\"height\":1280},{\"@type\":\"BreadcrumbList\",\"@id\":\"https:\\\/\\\/diarioprincipios.com\\\/index.php\\\/2021\\\/04\\\/20\\\/avanza-la-vacunacion-contra-el-covid-19-en-mayores-de-60-anos\\\/#breadcrumb\",\"itemListElement\":[{\"@type\":\"ListItem\",\"position\":1,\"name\":\"Portada\",\"item\":\"https:\\\/\\\/diarioprincipios.com\\\/\"},{\"@type\":\"ListItem\",\"position\":2,\"name\":\"Avanza la Vacunaci\u00f3n contra el Covid 19 en Mayores de 60 a\u00f1os\"}]},{\"@type\":\"WebSite\",\"@id\":\"https:\\\/\\\/diarioprincipios.com\\\/#website\",\"url\":\"https:\\\/\\\/diarioprincipios.com\\\/\",\"name\":\"Principios\",\"description\":\"Principios Diario\",\"publisher\":{\"@id\":\"https:\\\/\\\/diarioprincipios.com\\\/#organization\"},\"potentialAction\":[{\"@type\":\"SearchAction\",\"target\":{\"@type\":\"EntryPoint\",\"urlTemplate\":\"https:\\\/\\\/diarioprincipios.com\\\/?s={search_term_string}\"},\"query-input\":{\"@type\":\"PropertyValueSpecification\",\"valueRequired\":true,\"valueName\":\"search_term_string\"}}],\"inLanguage\":\"es\"},{\"@type\":\"Organization\",\"@id\":\"https:\\\/\\\/diarioprincipios.com\\\/#organization\",\"name\":\"Principios\",\"url\":\"https:\\\/\\\/diarioprincipios.com\\\/\",\"logo\":{\"@type\":\"ImageObject\",\"inLanguage\":\"es\",\"@id\":\"https:\\\/\\\/diarioprincipios.com\\\/#\\\/schema\\\/logo\\\/image\\\/\",\"url\":\"https:\\\/\\\/diarioprincipios.com\\\/wp-content\\\/uploads\\\/2024\\\/04\\\/cropped-www.diarioprincipios.com_-1.png\",\"contentUrl\":\"https:\\\/\\\/diarioprincipios.com\\\/wp-content\\\/uploads\\\/2024\\\/04\\\/cropped-www.diarioprincipios.com_-1.png\",\"width\":5325,\"height\":1454,\"caption\":\"Principios\"},\"image\":{\"@id\":\"https:\\\/\\\/diarioprincipios.com\\\/#\\\/schema\\\/logo\\\/image\\\/\"}},{\"@type\":\"Person\",\"@id\":\"https:\\\/\\\/diarioprincipios.com\\\/#\\\/schema\\\/person\\\/436d5a1fd41a5e250e23ff5a6a7cb080\",\"name\":\"Hern\u00e1n L\u00f3pez\",\"image\":{\"@type\":\"ImageObject\",\"inLanguage\":\"es\",\"@id\":\"https:\\\/\\\/diarioprincipios.com\\\/wp-content\\\/litespeed\\\/avatar\\\/11ddfe5610ff3bd100522525b2571f48.jpg?ver=1777048341\",\"url\":\"https:\\\/\\\/diarioprincipios.com\\\/wp-content\\\/litespeed\\\/avatar\\\/11ddfe5610ff3bd100522525b2571f48.jpg?ver=1777048341\",\"contentUrl\":\"https:\\\/\\\/diarioprincipios.com\\\/wp-content\\\/litespeed\\\/avatar\\\/11ddfe5610ff3bd100522525b2571f48.jpg?ver=1777048341\",\"caption\":\"Hern\u00e1n L\u00f3pez\"},\"url\":\"https:\\\/\\\/diarioprincipios.com\\\/index.php\\\/author\\\/hernan\\\/\"}]}<\/script>\n<!-- \/ Yoast SEO plugin. -->","yoast_head_json":{"title":"Avanza la Vacunaci\u00f3n contra el Covid 19 en Mayores de 60 a\u00f1os - Principios","robots":{"index":"index","follow":"follow","max-snippet":"max-snippet:-1","max-image-preview":"max-image-preview:large","max-video-preview":"max-video-preview:-1"},"canonical":"https:\/\/diarioprincipios.com\/index.php\/2021\/04\/20\/avanza-la-vacunacion-contra-el-covid-19-en-mayores-de-60-anos\/","og_locale":"es_ES","og_type":"article","og_title":"Avanza la Vacunaci\u00f3n contra el Covid 19 en Mayores de 60 a\u00f1os - Principios","og_description":"En una activa jornada correspondiente al Plan provincial, p\u00fablico, gratuito y optativo de vacunaci\u00f3n contra el COVID-19, cerca de 200 berazateguenses mayores de 60 a\u00f1os que -por diversas circunstancias- hab\u00edan perdido su turno, recibieron su dosis en el Centro de Actividades Roberto De Vicenzo (calle 18 y 148).\u00a0\u201cEn esta jornada en particular tenemos una turnera...","og_url":"https:\/\/diarioprincipios.com\/index.php\/2021\/04\/20\/avanza-la-vacunacion-contra-el-covid-19-en-mayores-de-60-anos\/","og_site_name":"Principios","article_published_time":"2021-04-21T00:54:04+00:00","article_modified_time":"2021-04-21T00:54:06+00:00","og_image":[{"width":1920,"height":1280,"url":"https:\/\/diarioprincipios.com\/wp-content\/uploads\/2021\/04\/AVANZA-LA-VACUNACION-CONTRA-EL-COVID-19-EN-MAYORES-DE-60-ANOS-2.jpg","type":"image\/jpeg"}],"author":"Hern\u00e1n L\u00f3pez","twitter_card":"summary_large_image","twitter_misc":{"Escrito por":"Hern\u00e1n L\u00f3pez","Tiempo de lectura":"3 minutos"},"schema":{"@context":"https:\/\/schema.org","@graph":[{"@type":"Article","@id":"https:\/\/diarioprincipios.com\/index.php\/2021\/04\/20\/avanza-la-vacunacion-contra-el-covid-19-en-mayores-de-60-anos\/#article","isPartOf":{"@id":"https:\/\/diarioprincipios.com\/index.php\/2021\/04\/20\/avanza-la-vacunacion-contra-el-covid-19-en-mayores-de-60-anos\/"},"author":{"name":"Hern\u00e1n L\u00f3pez","@id":"https:\/\/diarioprincipios.com\/#\/schema\/person\/436d5a1fd41a5e250e23ff5a6a7cb080"},"headline":"Avanza la Vacunaci\u00f3n contra el Covid 19 en Mayores de 60 a\u00f1os","datePublished":"2021-04-21T00:54:04+00:00","dateModified":"2021-04-21T00:54:06+00:00","mainEntityOfPage":{"@id":"https:\/\/diarioprincipios.com\/index.php\/2021\/04\/20\/avanza-la-vacunacion-contra-el-covid-19-en-mayores-de-60-anos\/"},"wordCount":471,"commentCount":0,"publisher":{"@id":"https:\/\/diarioprincipios.com\/#organization"},"image":{"@id":"https:\/\/diarioprincipios.com\/index.php\/2021\/04\/20\/avanza-la-vacunacion-contra-el-covid-19-en-mayores-de-60-anos\/#primaryimage"},"thumbnailUrl":"https:\/\/diarioprincipios.com\/wp-content\/uploads\/2021\/04\/AVANZA-LA-VACUNACION-CONTRA-EL-COVID-19-EN-MAYORES-DE-60-ANOS-2.jpg","articleSection":["Berazategui"],"inLanguage":"es","potentialAction":[{"@type":"CommentAction","name":"Comment","target":["https:\/\/diarioprincipios.com\/index.php\/2021\/04\/20\/avanza-la-vacunacion-contra-el-covid-19-en-mayores-de-60-anos\/#respond"]}]},{"@type":"WebPage","@id":"https:\/\/diarioprincipios.com\/index.php\/2021\/04\/20\/avanza-la-vacunacion-contra-el-covid-19-en-mayores-de-60-anos\/","url":"https:\/\/diarioprincipios.com\/index.php\/2021\/04\/20\/avanza-la-vacunacion-contra-el-covid-19-en-mayores-de-60-anos\/","name":"Avanza la Vacunaci\u00f3n contra el Covid 19 en Mayores de 60 a\u00f1os - Principios","isPartOf":{"@id":"https:\/\/diarioprincipios.com\/#website"},"primaryImageOfPage":{"@id":"https:\/\/diarioprincipios.com\/index.php\/2021\/04\/20\/avanza-la-vacunacion-contra-el-covid-19-en-mayores-de-60-anos\/#primaryimage"},"image":{"@id":"https:\/\/diarioprincipios.com\/index.php\/2021\/04\/20\/avanza-la-vacunacion-contra-el-covid-19-en-mayores-de-60-anos\/#primaryimage"},"thumbnailUrl":"https:\/\/diarioprincipios.com\/wp-content\/uploads\/2021\/04\/AVANZA-LA-VACUNACION-CONTRA-EL-COVID-19-EN-MAYORES-DE-60-ANOS-2.jpg","datePublished":"2021-04-21T00:54:04+00:00","dateModified":"2021-04-21T00:54:06+00:00","breadcrumb":{"@id":"https:\/\/diarioprincipios.com\/index.php\/2021\/04\/20\/avanza-la-vacunacion-contra-el-covid-19-en-mayores-de-60-anos\/#breadcrumb"},"inLanguage":"es","potentialAction":[{"@type":"ReadAction","target":["https:\/\/diarioprincipios.com\/index.php\/2021\/04\/20\/avanza-la-vacunacion-contra-el-covid-19-en-mayores-de-60-anos\/"]}]},{"@type":"ImageObject","inLanguage":"es","@id":"https:\/\/diarioprincipios.com\/index.php\/2021\/04\/20\/avanza-la-vacunacion-contra-el-covid-19-en-mayores-de-60-anos\/#primaryimage","url":"https:\/\/diarioprincipios.com\/wp-content\/uploads\/2021\/04\/AVANZA-LA-VACUNACION-CONTRA-EL-COVID-19-EN-MAYORES-DE-60-ANOS-2.jpg","contentUrl":"https:\/\/diarioprincipios.com\/wp-content\/uploads\/2021\/04\/AVANZA-LA-VACUNACION-CONTRA-EL-COVID-19-EN-MAYORES-DE-60-ANOS-2.jpg","width":1920,"height":1280},{"@type":"BreadcrumbList","@id":"https:\/\/diarioprincipios.com\/index.php\/2021\/04\/20\/avanza-la-vacunacion-contra-el-covid-19-en-mayores-de-60-anos\/#breadcrumb","itemListElement":[{"@type":"ListItem","position":1,"name":"Portada","item":"https:\/\/diarioprincipios.com\/"},{"@type":"ListItem","position":2,"name":"Avanza la Vacunaci\u00f3n contra el Covid 19 en Mayores de 60 a\u00f1os"}]},{"@type":"WebSite","@id":"https:\/\/diarioprincipios.com\/#website","url":"https:\/\/diarioprincipios.com\/","name":"Principios","description":"Principios Diario","publisher":{"@id":"https:\/\/diarioprincipios.com\/#organization"},"potentialAction":[{"@type":"SearchAction","target":{"@type":"EntryPoint","urlTemplate":"https:\/\/diarioprincipios.com\/?s={search_term_string}"},"query-input":{"@type":"PropertyValueSpecification","valueRequired":true,"valueName":"search_term_string"}}],"inLanguage":"es"},{"@type":"Organization","@id":"https:\/\/diarioprincipios.com\/#organization","name":"Principios","url":"https:\/\/diarioprincipios.com\/","logo":{"@type":"ImageObject","inLanguage":"es","@id":"https:\/\/diarioprincipios.com\/#\/schema\/logo\/image\/","url":"https:\/\/diarioprincipios.com\/wp-content\/uploads\/2024\/04\/cropped-www.diarioprincipios.com_-1.png","contentUrl":"https:\/\/diarioprincipios.com\/wp-content\/uploads\/2024\/04\/cropped-www.diarioprincipios.com_-1.png","width":5325,"height":1454,"caption":"Principios"},"image":{"@id":"https:\/\/diarioprincipios.com\/#\/schema\/logo\/image\/"}},{"@type":"Person","@id":"https:\/\/diarioprincipios.com\/#\/schema\/person\/436d5a1fd41a5e250e23ff5a6a7cb080","name":"Hern\u00e1n L\u00f3pez","image":{"@type":"ImageObject","inLanguage":"es","@id":"https:\/\/diarioprincipios.com\/wp-content\/litespeed\/avatar\/11ddfe5610ff3bd100522525b2571f48.jpg?ver=1777048341","url":"https:\/\/diarioprincipios.com\/wp-content\/litespeed\/avatar\/11ddfe5610ff3bd100522525b2571f48.jpg?ver=1777048341","contentUrl":"https:\/\/diarioprincipios.com\/wp-content\/litespeed\/avatar\/11ddfe5610ff3bd100522525b2571f48.jpg?ver=1777048341","caption":"Hern\u00e1n L\u00f3pez"},"url":"https:\/\/diarioprincipios.com\/index.php\/author\/hernan\/"}]}},"jetpack_featured_media_url":"https:\/\/diarioprincipios.com\/wp-content\/uploads\/2021\/04\/AVANZA-LA-VACUNACION-CONTRA-EL-COVID-19-EN-MAYORES-DE-60-ANOS-2.jpg","_links":{"self":[{"href":"https:\/\/diarioprincipios.com\/index.php\/wp-json\/wp\/v2\/posts\/9560","targetHints":{"allow":["GET"]}}],"collection":[{"href":"https:\/\/diarioprincipios.com\/index.php\/wp-json\/wp\/v2\/posts"}],"about":[{"href":"https:\/\/diarioprincipios.com\/index.php\/wp-json\/wp\/v2\/types\/post"}],"author":[{"embeddable":true,"href":"https:\/\/diarioprincipios.com\/index.php\/wp-json\/wp\/v2\/users\/2"}],"replies":[{"embeddable":true,"href":"https:\/\/diarioprincipios.com\/index.php\/wp-json\/wp\/v2\/comments?post=9560"}],"version-history":[{"count":1,"href":"https:\/\/diarioprincipios.com\/index.php\/wp-json\/wp\/v2\/posts\/9560\/revisions"}],"predecessor-version":[{"id":9562,"href":"https:\/\/diarioprincipios.com\/index.php\/wp-json\/wp\/v2\/posts\/9560\/revisions\/9562"}],"wp:featuredmedia":[{"embeddable":true,"href":"https:\/\/diarioprincipios.com\/index.php\/wp-json\/wp\/v2\/media\/9561"}],"wp:attachment":[{"href":"https:\/\/diarioprincipios.com\/index.php\/wp-json\/wp\/v2\/media?parent=9560"}],"wp:term":[{"taxonomy":"category","embeddable":true,"href":"https:\/\/diarioprincipios.com\/index.php\/wp-json\/wp\/v2\/categories?post=9560"},{"taxonomy":"post_tag","embeddable":true,"href":"https:\/\/diarioprincipios.com\/index.php\/wp-json\/wp\/v2\/tags?post=9560"}],"curies":[{"name":"wp","href":"https:\/\/api.w.org\/{rel}","templated":true}]}}