{"id":9549,"date":"2021-04-20T16:28:15","date_gmt":"2021-04-20T19:28:15","guid":{"rendered":"http:\/\/diarioprincipios.com\/?p=9549"},"modified":"2021-04-20T21:49:46","modified_gmt":"2021-04-21T00:49:46","slug":"lanzan-87-000-creditos-a-tasa-cero-para-refaccion-y-construccion-de-viviendas","status":"publish","type":"post","link":"https:\/\/diarioprincipios.com\/index.php\/2021\/04\/20\/lanzan-87-000-creditos-a-tasa-cero-para-refaccion-y-construccion-de-viviendas\/","title":{"rendered":"Lanzan 87.000 cr\u00e9ditos a tasa cero para refacci\u00f3n y construcci\u00f3n de viviendas"},"content":{"rendered":"\n<p><strong>Para que cada vez m\u00e1s argentinos puedan tener acceso a una vivienda, el Gobierno nacional present\u00f3 el Programa \u201cCr\u00e9ditos Casa Propia\u201d, impulsado por el Ministerio de Desarrollo Territorial y H\u00e1bitat. El acto, encabezado por el presidente Alberto Fern\u00e1ndez, se desarroll\u00f3 en el Museo del Bicentenario de la Casa Rosada, ante dirigentes y funcionarios de todo el pa\u00eds. El intendente de Berazategui, Juan Jos\u00e9 Mussi, particip\u00f3 mediante videoconferencia.<\/strong><br>\u201cOtorgaremos una l\u00ednea de cr\u00e9dito para la construcci\u00f3n y refacci\u00f3n de viviendas a tasa cero. La cuota que hay que pagar estar\u00e1 directamente vinculada al crecimiento del salario, ya no a la inflaci\u00f3n, ni al d\u00f3lar. Terminaremos con ese fantasma que muchos argentinos padecen\u201d, expres\u00f3 el Presidente de la Naci\u00f3n durante el lanzamiento de esta iniciativa, mediante la cual se abrir\u00e1n 87 mil nuevos cr\u00e9ditos para la construcci\u00f3n y refacci\u00f3n de viviendas.<\/p>\n\n\n\n<figure class=\"wp-block-image size-large\"><img loading=\"lazy\" decoding=\"async\" width=\"1024\" height=\"763\" src=\"https:\/\/diarioprincipios.com\/wp-content\/uploads\/2021\/04\/EL-GOBIERNO-NACIONAL-LANZO-EL-PROGRAMA-CREDITOS-CASA-PROPIA-1024x763.jpg\" alt=\"\" class=\"wp-image-9557\" srcset=\"https:\/\/diarioprincipios.com\/wp-content\/uploads\/2021\/04\/EL-GOBIERNO-NACIONAL-LANZO-EL-PROGRAMA-CREDITOS-CASA-PROPIA-1024x763.jpg 1024w, https:\/\/diarioprincipios.com\/wp-content\/uploads\/2021\/04\/EL-GOBIERNO-NACIONAL-LANZO-EL-PROGRAMA-CREDITOS-CASA-PROPIA-300x224.jpg 300w, https:\/\/diarioprincipios.com\/wp-content\/uploads\/2021\/04\/EL-GOBIERNO-NACIONAL-LANZO-EL-PROGRAMA-CREDITOS-CASA-PROPIA-768x572.jpg 768w, https:\/\/diarioprincipios.com\/wp-content\/uploads\/2021\/04\/EL-GOBIERNO-NACIONAL-LANZO-EL-PROGRAMA-CREDITOS-CASA-PROPIA.jpg 1280w\" sizes=\"auto, (max-width: 1024px) 100vw, 1024px\" \/><\/figure>\n\n\n\n<p>En este sentido, Alberto Fern\u00e1ndez destac\u00f3: \u201cCreo que los intendentes e intendentas del Gran Buenos Aires deben valorar mucho la apertura de esta posibilidad para mucha gente a la que hoy le es imposible acceder a su casa, construida con su esfuerzo. Desde el Estado queremos ayudarlos\u201d. Y a\u00f1adi\u00f3: \u201cEsta es una idea que trajo Jorge Ferraresi dentro de una l\u00f3gica general que apunta a concretar la entrega de viviendas que se pospuso hace cuatro a\u00f1os, favorecer la construcci\u00f3n de m\u00e1s hogares, m\u00e1s arreglos en las viviendas, porque la construcci\u00f3n -sin dudas- es el gran movilizador de la econom\u00eda. Esta es una inversi\u00f3n en el sentido correcto y lo celebro much\u00edsimo\u201d.\u00a0<br>\u201cEstamos trabajando en favor de los que m\u00e1s necesitan. Sabemos que nos queda pendiente resolver el problema de quienes han entrado en cr\u00e9ditos y tienen dificultades para pagarlos&#8230; y no nos olvidamos, trabajamos para buscar una soluci\u00f3n. Estamos logrando todo esto en medio de una pandemia donde debemos seguir cuid\u00e1ndonos y entender la gravedad del tiempo que estamos enfrentando, m\u00e1s all\u00e1 de la negaci\u00f3n de algunos\u201d, concluy\u00f3 el Presidente.<br>Tras el encuentro, Juan Jos\u00e9 Mussi resalt\u00f3 la trascendencia de esta nueva iniciativa del Gobierno nacional, sobre todo en la coyuntura que atraviesa el pa\u00eds como consecuencia de la pandemia. \u201cAcompa\u00f1o esta pol\u00edtica de inclusi\u00f3n de parte de un Estado presente que entiende las demandas de todas y todos los argentinos y busca garantizar el derecho a una vivienda digna\u201d, manifest\u00f3 Mussi a trav\u00e9s de sus redes sociales.\u00a0<br>Con un total de 264 mil soluciones habitacionales y una inversi\u00f3n cercana a los 900 mil millones de pesos, que contempla las distintas l\u00edneas de acci\u00f3n del Ministerio de Desarrollo Territorial y H\u00e1bitat, \u201cCr\u00e9ditos Casa Propia\u201d es una pol\u00edtica de desarrollo territorial, urbano y habitacional.\u00a0<br>El principal objetivo de este Programa nacional ser\u00e1 reducir el d\u00e9ficit habitacional, garantizar el derecho a la vivienda y promover su acceso igualitario con esp\u00edritu federal, para que m\u00e1s familias tengan su hogar.<\/p>\n\n\n\n<figure class=\"wp-block-image\"><img decoding=\"async\" src=\"https:\/\/ecp.yusercontent.com\/mail?url=https%3A%2F%2Fdocs.google.com%2Fuc%3Fexport%3Ddownload%26id%3D1O9ySDGVjFwLiWj3yWiMdjtCw6pHI7T-F%26revid%3D0B9CZhG6aa0VidWpSQjZNZGVndGpYeWM5ZWtiUFNuM1JQV3U4PQ&amp;t=1618949063&amp;ymreqid=5799fcab-b43d-2794-2265-f8000101b100&amp;sig=73RKK6N_Yku7ws_PVwjxLg--~D\" alt=\"\"\/><\/figure>\n","protected":false},"excerpt":{"rendered":"<p>Para que cada vez m\u00e1s argentinos puedan tener acceso a una vivienda, el Gobierno nacional present\u00f3 el Programa \u201cCr\u00e9ditos Casa Propia\u201d, impulsado por el Ministerio de Desarrollo Territorial y H\u00e1bitat. El acto, encabezado por el presidente Alberto Fern\u00e1ndez, se desarroll\u00f3 en el Museo del Bicentenario de la Casa Rosada, ante dirigentes y funcionarios de todo&#8230;<\/p>\n","protected":false},"author":2,"featured_media":9550,"comment_status":"open","ping_status":"open","sticky":false,"template":"","format":"standard","meta":{"footnotes":""},"categories":[10],"tags":[],"class_list":["post-9549","post","type-post","status-publish","format-standard","has-post-thumbnail","hentry","category-nacion"],"featured_image_src":"https:\/\/diarioprincipios.com\/wp-content\/uploads\/2021\/04\/alberto-fernandez-creditos-20210420-1161449.jpg","blog_images":{"medium":"https:\/\/diarioprincipios.com\/wp-content\/uploads\/2021\/04\/alberto-fernandez-creditos-20210420-1161449-300x169.jpg","large":"https:\/\/diarioprincipios.com\/wp-content\/uploads\/2021\/04\/alberto-fernandez-creditos-20210420-1161449.jpg"},"ams_acf":[],"yoast_head":"<!-- This site is optimized with the Yoast SEO plugin v27.3 - https:\/\/yoast.com\/product\/yoast-seo-wordpress\/ -->\n<title>Lanzan 87.000 cr\u00e9ditos a tasa cero para refacci\u00f3n y construcci\u00f3n de viviendas - Principios<\/title>\n<meta name=\"robots\" content=\"index, follow, max-snippet:-1, max-image-preview:large, max-video-preview:-1\" \/>\n<link rel=\"canonical\" href=\"https:\/\/diarioprincipios.com\/index.php\/2021\/04\/20\/lanzan-87-000-creditos-a-tasa-cero-para-refaccion-y-construccion-de-viviendas\/\" \/>\n<meta property=\"og:locale\" content=\"es_ES\" \/>\n<meta property=\"og:type\" content=\"article\" \/>\n<meta property=\"og:title\" content=\"Lanzan 87.000 cr\u00e9ditos a tasa cero para refacci\u00f3n y construcci\u00f3n de viviendas - Principios\" \/>\n<meta property=\"og:description\" content=\"Para que cada vez m\u00e1s argentinos puedan tener acceso a una vivienda, el Gobierno nacional present\u00f3 el Programa \u201cCr\u00e9ditos Casa Propia\u201d, impulsado por el Ministerio de Desarrollo Territorial y H\u00e1bitat. El acto, encabezado por el presidente Alberto Fern\u00e1ndez, se desarroll\u00f3 en el Museo del Bicentenario de la Casa Rosada, ante dirigentes y funcionarios de todo...\" \/>\n<meta property=\"og:url\" content=\"https:\/\/diarioprincipios.com\/index.php\/2021\/04\/20\/lanzan-87-000-creditos-a-tasa-cero-para-refaccion-y-construccion-de-viviendas\/\" \/>\n<meta property=\"og:site_name\" content=\"Principios\" \/>\n<meta property=\"article:published_time\" content=\"2021-04-20T19:28:15+00:00\" \/>\n<meta property=\"article:modified_time\" content=\"2021-04-21T00:49:46+00:00\" \/>\n<meta property=\"og:image\" content=\"https:\/\/diarioprincipios.com\/wp-content\/uploads\/2021\/04\/alberto-fernandez-creditos-20210420-1161449.jpg\" \/>\n\t<meta property=\"og:image:width\" content=\"950\" \/>\n\t<meta property=\"og:image:height\" content=\"534\" \/>\n\t<meta property=\"og:image:type\" content=\"image\/jpeg\" \/>\n<meta name=\"author\" content=\"Hern\u00e1n L\u00f3pez\" \/>\n<meta name=\"twitter:card\" content=\"summary_large_image\" \/>\n<meta name=\"twitter:label1\" content=\"Escrito por\" \/>\n\t<meta name=\"twitter:data1\" content=\"Hern\u00e1n L\u00f3pez\" \/>\n\t<meta name=\"twitter:label2\" content=\"Tiempo de lectura\" \/>\n\t<meta name=\"twitter:data2\" content=\"3 minutos\" \/>\n<script type=\"application\/ld+json\" class=\"yoast-schema-graph\">{\"@context\":\"https:\\\/\\\/schema.org\",\"@graph\":[{\"@type\":\"Article\",\"@id\":\"https:\\\/\\\/diarioprincipios.com\\\/index.php\\\/2021\\\/04\\\/20\\\/lanzan-87-000-creditos-a-tasa-cero-para-refaccion-y-construccion-de-viviendas\\\/#article\",\"isPartOf\":{\"@id\":\"https:\\\/\\\/diarioprincipios.com\\\/index.php\\\/2021\\\/04\\\/20\\\/lanzan-87-000-creditos-a-tasa-cero-para-refaccion-y-construccion-de-viviendas\\\/\"},\"author\":{\"name\":\"Hern\u00e1n L\u00f3pez\",\"@id\":\"https:\\\/\\\/diarioprincipios.com\\\/#\\\/schema\\\/person\\\/436d5a1fd41a5e250e23ff5a6a7cb080\"},\"headline\":\"Lanzan 87.000 cr\u00e9ditos a tasa cero para refacci\u00f3n y construcci\u00f3n de viviendas\",\"datePublished\":\"2021-04-20T19:28:15+00:00\",\"dateModified\":\"2021-04-21T00:49:46+00:00\",\"mainEntityOfPage\":{\"@id\":\"https:\\\/\\\/diarioprincipios.com\\\/index.php\\\/2021\\\/04\\\/20\\\/lanzan-87-000-creditos-a-tasa-cero-para-refaccion-y-construccion-de-viviendas\\\/\"},\"wordCount\":523,\"commentCount\":0,\"publisher\":{\"@id\":\"https:\\\/\\\/diarioprincipios.com\\\/#organization\"},\"image\":{\"@id\":\"https:\\\/\\\/diarioprincipios.com\\\/index.php\\\/2021\\\/04\\\/20\\\/lanzan-87-000-creditos-a-tasa-cero-para-refaccion-y-construccion-de-viviendas\\\/#primaryimage\"},\"thumbnailUrl\":\"https:\\\/\\\/diarioprincipios.com\\\/wp-content\\\/uploads\\\/2021\\\/04\\\/alberto-fernandez-creditos-20210420-1161449.jpg\",\"articleSection\":[\"Naci\u00f3n\"],\"inLanguage\":\"es\",\"potentialAction\":[{\"@type\":\"CommentAction\",\"name\":\"Comment\",\"target\":[\"https:\\\/\\\/diarioprincipios.com\\\/index.php\\\/2021\\\/04\\\/20\\\/lanzan-87-000-creditos-a-tasa-cero-para-refaccion-y-construccion-de-viviendas\\\/#respond\"]}]},{\"@type\":\"WebPage\",\"@id\":\"https:\\\/\\\/diarioprincipios.com\\\/index.php\\\/2021\\\/04\\\/20\\\/lanzan-87-000-creditos-a-tasa-cero-para-refaccion-y-construccion-de-viviendas\\\/\",\"url\":\"https:\\\/\\\/diarioprincipios.com\\\/index.php\\\/2021\\\/04\\\/20\\\/lanzan-87-000-creditos-a-tasa-cero-para-refaccion-y-construccion-de-viviendas\\\/\",\"name\":\"Lanzan 87.000 cr\u00e9ditos a tasa cero para refacci\u00f3n y construcci\u00f3n de viviendas - Principios\",\"isPartOf\":{\"@id\":\"https:\\\/\\\/diarioprincipios.com\\\/#website\"},\"primaryImageOfPage\":{\"@id\":\"https:\\\/\\\/diarioprincipios.com\\\/index.php\\\/2021\\\/04\\\/20\\\/lanzan-87-000-creditos-a-tasa-cero-para-refaccion-y-construccion-de-viviendas\\\/#primaryimage\"},\"image\":{\"@id\":\"https:\\\/\\\/diarioprincipios.com\\\/index.php\\\/2021\\\/04\\\/20\\\/lanzan-87-000-creditos-a-tasa-cero-para-refaccion-y-construccion-de-viviendas\\\/#primaryimage\"},\"thumbnailUrl\":\"https:\\\/\\\/diarioprincipios.com\\\/wp-content\\\/uploads\\\/2021\\\/04\\\/alberto-fernandez-creditos-20210420-1161449.jpg\",\"datePublished\":\"2021-04-20T19:28:15+00:00\",\"dateModified\":\"2021-04-21T00:49:46+00:00\",\"breadcrumb\":{\"@id\":\"https:\\\/\\\/diarioprincipios.com\\\/index.php\\\/2021\\\/04\\\/20\\\/lanzan-87-000-creditos-a-tasa-cero-para-refaccion-y-construccion-de-viviendas\\\/#breadcrumb\"},\"inLanguage\":\"es\",\"potentialAction\":[{\"@type\":\"ReadAction\",\"target\":[\"https:\\\/\\\/diarioprincipios.com\\\/index.php\\\/2021\\\/04\\\/20\\\/lanzan-87-000-creditos-a-tasa-cero-para-refaccion-y-construccion-de-viviendas\\\/\"]}]},{\"@type\":\"ImageObject\",\"inLanguage\":\"es\",\"@id\":\"https:\\\/\\\/diarioprincipios.com\\\/index.php\\\/2021\\\/04\\\/20\\\/lanzan-87-000-creditos-a-tasa-cero-para-refaccion-y-construccion-de-viviendas\\\/#primaryimage\",\"url\":\"https:\\\/\\\/diarioprincipios.com\\\/wp-content\\\/uploads\\\/2021\\\/04\\\/alberto-fernandez-creditos-20210420-1161449.jpg\",\"contentUrl\":\"https:\\\/\\\/diarioprincipios.com\\\/wp-content\\\/uploads\\\/2021\\\/04\\\/alberto-fernandez-creditos-20210420-1161449.jpg\",\"width\":950,\"height\":534},{\"@type\":\"BreadcrumbList\",\"@id\":\"https:\\\/\\\/diarioprincipios.com\\\/index.php\\\/2021\\\/04\\\/20\\\/lanzan-87-000-creditos-a-tasa-cero-para-refaccion-y-construccion-de-viviendas\\\/#breadcrumb\",\"itemListElement\":[{\"@type\":\"ListItem\",\"position\":1,\"name\":\"Portada\",\"item\":\"https:\\\/\\\/diarioprincipios.com\\\/\"},{\"@type\":\"ListItem\",\"position\":2,\"name\":\"Lanzan 87.000 cr\u00e9ditos a tasa cero para refacci\u00f3n y construcci\u00f3n de viviendas\"}]},{\"@type\":\"WebSite\",\"@id\":\"https:\\\/\\\/diarioprincipios.com\\\/#website\",\"url\":\"https:\\\/\\\/diarioprincipios.com\\\/\",\"name\":\"Principios\",\"description\":\"Principios Diario\",\"publisher\":{\"@id\":\"https:\\\/\\\/diarioprincipios.com\\\/#organization\"},\"potentialAction\":[{\"@type\":\"SearchAction\",\"target\":{\"@type\":\"EntryPoint\",\"urlTemplate\":\"https:\\\/\\\/diarioprincipios.com\\\/?s={search_term_string}\"},\"query-input\":{\"@type\":\"PropertyValueSpecification\",\"valueRequired\":true,\"valueName\":\"search_term_string\"}}],\"inLanguage\":\"es\"},{\"@type\":\"Organization\",\"@id\":\"https:\\\/\\\/diarioprincipios.com\\\/#organization\",\"name\":\"Principios\",\"url\":\"https:\\\/\\\/diarioprincipios.com\\\/\",\"logo\":{\"@type\":\"ImageObject\",\"inLanguage\":\"es\",\"@id\":\"https:\\\/\\\/diarioprincipios.com\\\/#\\\/schema\\\/logo\\\/image\\\/\",\"url\":\"https:\\\/\\\/diarioprincipios.com\\\/wp-content\\\/uploads\\\/2024\\\/04\\\/cropped-www.diarioprincipios.com_-1.png\",\"contentUrl\":\"https:\\\/\\\/diarioprincipios.com\\\/wp-content\\\/uploads\\\/2024\\\/04\\\/cropped-www.diarioprincipios.com_-1.png\",\"width\":5325,\"height\":1454,\"caption\":\"Principios\"},\"image\":{\"@id\":\"https:\\\/\\\/diarioprincipios.com\\\/#\\\/schema\\\/logo\\\/image\\\/\"}},{\"@type\":\"Person\",\"@id\":\"https:\\\/\\\/diarioprincipios.com\\\/#\\\/schema\\\/person\\\/436d5a1fd41a5e250e23ff5a6a7cb080\",\"name\":\"Hern\u00e1n L\u00f3pez\",\"image\":{\"@type\":\"ImageObject\",\"inLanguage\":\"es\",\"@id\":\"https:\\\/\\\/diarioprincipios.com\\\/wp-content\\\/litespeed\\\/avatar\\\/11ddfe5610ff3bd100522525b2571f48.jpg?ver=1777048341\",\"url\":\"https:\\\/\\\/diarioprincipios.com\\\/wp-content\\\/litespeed\\\/avatar\\\/11ddfe5610ff3bd100522525b2571f48.jpg?ver=1777048341\",\"contentUrl\":\"https:\\\/\\\/diarioprincipios.com\\\/wp-content\\\/litespeed\\\/avatar\\\/11ddfe5610ff3bd100522525b2571f48.jpg?ver=1777048341\",\"caption\":\"Hern\u00e1n L\u00f3pez\"},\"url\":\"https:\\\/\\\/diarioprincipios.com\\\/index.php\\\/author\\\/hernan\\\/\"}]}<\/script>\n<!-- \/ Yoast SEO plugin. -->","yoast_head_json":{"title":"Lanzan 87.000 cr\u00e9ditos a tasa cero para refacci\u00f3n y construcci\u00f3n de viviendas - Principios","robots":{"index":"index","follow":"follow","max-snippet":"max-snippet:-1","max-image-preview":"max-image-preview:large","max-video-preview":"max-video-preview:-1"},"canonical":"https:\/\/diarioprincipios.com\/index.php\/2021\/04\/20\/lanzan-87-000-creditos-a-tasa-cero-para-refaccion-y-construccion-de-viviendas\/","og_locale":"es_ES","og_type":"article","og_title":"Lanzan 87.000 cr\u00e9ditos a tasa cero para refacci\u00f3n y construcci\u00f3n de viviendas - Principios","og_description":"Para que cada vez m\u00e1s argentinos puedan tener acceso a una vivienda, el Gobierno nacional present\u00f3 el Programa \u201cCr\u00e9ditos Casa Propia\u201d, impulsado por el Ministerio de Desarrollo Territorial y H\u00e1bitat. El acto, encabezado por el presidente Alberto Fern\u00e1ndez, se desarroll\u00f3 en el Museo del Bicentenario de la Casa Rosada, ante dirigentes y funcionarios de todo...","og_url":"https:\/\/diarioprincipios.com\/index.php\/2021\/04\/20\/lanzan-87-000-creditos-a-tasa-cero-para-refaccion-y-construccion-de-viviendas\/","og_site_name":"Principios","article_published_time":"2021-04-20T19:28:15+00:00","article_modified_time":"2021-04-21T00:49:46+00:00","og_image":[{"width":950,"height":534,"url":"https:\/\/diarioprincipios.com\/wp-content\/uploads\/2021\/04\/alberto-fernandez-creditos-20210420-1161449.jpg","type":"image\/jpeg"}],"author":"Hern\u00e1n L\u00f3pez","twitter_card":"summary_large_image","twitter_misc":{"Escrito por":"Hern\u00e1n L\u00f3pez","Tiempo de lectura":"3 minutos"},"schema":{"@context":"https:\/\/schema.org","@graph":[{"@type":"Article","@id":"https:\/\/diarioprincipios.com\/index.php\/2021\/04\/20\/lanzan-87-000-creditos-a-tasa-cero-para-refaccion-y-construccion-de-viviendas\/#article","isPartOf":{"@id":"https:\/\/diarioprincipios.com\/index.php\/2021\/04\/20\/lanzan-87-000-creditos-a-tasa-cero-para-refaccion-y-construccion-de-viviendas\/"},"author":{"name":"Hern\u00e1n L\u00f3pez","@id":"https:\/\/diarioprincipios.com\/#\/schema\/person\/436d5a1fd41a5e250e23ff5a6a7cb080"},"headline":"Lanzan 87.000 cr\u00e9ditos a tasa cero para refacci\u00f3n y construcci\u00f3n de viviendas","datePublished":"2021-04-20T19:28:15+00:00","dateModified":"2021-04-21T00:49:46+00:00","mainEntityOfPage":{"@id":"https:\/\/diarioprincipios.com\/index.php\/2021\/04\/20\/lanzan-87-000-creditos-a-tasa-cero-para-refaccion-y-construccion-de-viviendas\/"},"wordCount":523,"commentCount":0,"publisher":{"@id":"https:\/\/diarioprincipios.com\/#organization"},"image":{"@id":"https:\/\/diarioprincipios.com\/index.php\/2021\/04\/20\/lanzan-87-000-creditos-a-tasa-cero-para-refaccion-y-construccion-de-viviendas\/#primaryimage"},"thumbnailUrl":"https:\/\/diarioprincipios.com\/wp-content\/uploads\/2021\/04\/alberto-fernandez-creditos-20210420-1161449.jpg","articleSection":["Naci\u00f3n"],"inLanguage":"es","potentialAction":[{"@type":"CommentAction","name":"Comment","target":["https:\/\/diarioprincipios.com\/index.php\/2021\/04\/20\/lanzan-87-000-creditos-a-tasa-cero-para-refaccion-y-construccion-de-viviendas\/#respond"]}]},{"@type":"WebPage","@id":"https:\/\/diarioprincipios.com\/index.php\/2021\/04\/20\/lanzan-87-000-creditos-a-tasa-cero-para-refaccion-y-construccion-de-viviendas\/","url":"https:\/\/diarioprincipios.com\/index.php\/2021\/04\/20\/lanzan-87-000-creditos-a-tasa-cero-para-refaccion-y-construccion-de-viviendas\/","name":"Lanzan 87.000 cr\u00e9ditos a tasa cero para refacci\u00f3n y construcci\u00f3n de viviendas - Principios","isPartOf":{"@id":"https:\/\/diarioprincipios.com\/#website"},"primaryImageOfPage":{"@id":"https:\/\/diarioprincipios.com\/index.php\/2021\/04\/20\/lanzan-87-000-creditos-a-tasa-cero-para-refaccion-y-construccion-de-viviendas\/#primaryimage"},"image":{"@id":"https:\/\/diarioprincipios.com\/index.php\/2021\/04\/20\/lanzan-87-000-creditos-a-tasa-cero-para-refaccion-y-construccion-de-viviendas\/#primaryimage"},"thumbnailUrl":"https:\/\/diarioprincipios.com\/wp-content\/uploads\/2021\/04\/alberto-fernandez-creditos-20210420-1161449.jpg","datePublished":"2021-04-20T19:28:15+00:00","dateModified":"2021-04-21T00:49:46+00:00","breadcrumb":{"@id":"https:\/\/diarioprincipios.com\/index.php\/2021\/04\/20\/lanzan-87-000-creditos-a-tasa-cero-para-refaccion-y-construccion-de-viviendas\/#breadcrumb"},"inLanguage":"es","potentialAction":[{"@type":"ReadAction","target":["https:\/\/diarioprincipios.com\/index.php\/2021\/04\/20\/lanzan-87-000-creditos-a-tasa-cero-para-refaccion-y-construccion-de-viviendas\/"]}]},{"@type":"ImageObject","inLanguage":"es","@id":"https:\/\/diarioprincipios.com\/index.php\/2021\/04\/20\/lanzan-87-000-creditos-a-tasa-cero-para-refaccion-y-construccion-de-viviendas\/#primaryimage","url":"https:\/\/diarioprincipios.com\/wp-content\/uploads\/2021\/04\/alberto-fernandez-creditos-20210420-1161449.jpg","contentUrl":"https:\/\/diarioprincipios.com\/wp-content\/uploads\/2021\/04\/alberto-fernandez-creditos-20210420-1161449.jpg","width":950,"height":534},{"@type":"BreadcrumbList","@id":"https:\/\/diarioprincipios.com\/index.php\/2021\/04\/20\/lanzan-87-000-creditos-a-tasa-cero-para-refaccion-y-construccion-de-viviendas\/#breadcrumb","itemListElement":[{"@type":"ListItem","position":1,"name":"Portada","item":"https:\/\/diarioprincipios.com\/"},{"@type":"ListItem","position":2,"name":"Lanzan 87.000 cr\u00e9ditos a tasa cero para refacci\u00f3n y construcci\u00f3n de viviendas"}]},{"@type":"WebSite","@id":"https:\/\/diarioprincipios.com\/#website","url":"https:\/\/diarioprincipios.com\/","name":"Principios","description":"Principios Diario","publisher":{"@id":"https:\/\/diarioprincipios.com\/#organization"},"potentialAction":[{"@type":"SearchAction","target":{"@type":"EntryPoint","urlTemplate":"https:\/\/diarioprincipios.com\/?s={search_term_string}"},"query-input":{"@type":"PropertyValueSpecification","valueRequired":true,"valueName":"search_term_string"}}],"inLanguage":"es"},{"@type":"Organization","@id":"https:\/\/diarioprincipios.com\/#organization","name":"Principios","url":"https:\/\/diarioprincipios.com\/","logo":{"@type":"ImageObject","inLanguage":"es","@id":"https:\/\/diarioprincipios.com\/#\/schema\/logo\/image\/","url":"https:\/\/diarioprincipios.com\/wp-content\/uploads\/2024\/04\/cropped-www.diarioprincipios.com_-1.png","contentUrl":"https:\/\/diarioprincipios.com\/wp-content\/uploads\/2024\/04\/cropped-www.diarioprincipios.com_-1.png","width":5325,"height":1454,"caption":"Principios"},"image":{"@id":"https:\/\/diarioprincipios.com\/#\/schema\/logo\/image\/"}},{"@type":"Person","@id":"https:\/\/diarioprincipios.com\/#\/schema\/person\/436d5a1fd41a5e250e23ff5a6a7cb080","name":"Hern\u00e1n L\u00f3pez","image":{"@type":"ImageObject","inLanguage":"es","@id":"https:\/\/diarioprincipios.com\/wp-content\/litespeed\/avatar\/11ddfe5610ff3bd100522525b2571f48.jpg?ver=1777048341","url":"https:\/\/diarioprincipios.com\/wp-content\/litespeed\/avatar\/11ddfe5610ff3bd100522525b2571f48.jpg?ver=1777048341","contentUrl":"https:\/\/diarioprincipios.com\/wp-content\/litespeed\/avatar\/11ddfe5610ff3bd100522525b2571f48.jpg?ver=1777048341","caption":"Hern\u00e1n L\u00f3pez"},"url":"https:\/\/diarioprincipios.com\/index.php\/author\/hernan\/"}]}},"jetpack_featured_media_url":"https:\/\/diarioprincipios.com\/wp-content\/uploads\/2021\/04\/alberto-fernandez-creditos-20210420-1161449.jpg","_links":{"self":[{"href":"https:\/\/diarioprincipios.com\/index.php\/wp-json\/wp\/v2\/posts\/9549","targetHints":{"allow":["GET"]}}],"collection":[{"href":"https:\/\/diarioprincipios.com\/index.php\/wp-json\/wp\/v2\/posts"}],"about":[{"href":"https:\/\/diarioprincipios.com\/index.php\/wp-json\/wp\/v2\/types\/post"}],"author":[{"embeddable":true,"href":"https:\/\/diarioprincipios.com\/index.php\/wp-json\/wp\/v2\/users\/2"}],"replies":[{"embeddable":true,"href":"https:\/\/diarioprincipios.com\/index.php\/wp-json\/wp\/v2\/comments?post=9549"}],"version-history":[{"count":3,"href":"https:\/\/diarioprincipios.com\/index.php\/wp-json\/wp\/v2\/posts\/9549\/revisions"}],"predecessor-version":[{"id":9559,"href":"https:\/\/diarioprincipios.com\/index.php\/wp-json\/wp\/v2\/posts\/9549\/revisions\/9559"}],"wp:featuredmedia":[{"embeddable":true,"href":"https:\/\/diarioprincipios.com\/index.php\/wp-json\/wp\/v2\/media\/9550"}],"wp:attachment":[{"href":"https:\/\/diarioprincipios.com\/index.php\/wp-json\/wp\/v2\/media?parent=9549"}],"wp:term":[{"taxonomy":"category","embeddable":true,"href":"https:\/\/diarioprincipios.com\/index.php\/wp-json\/wp\/v2\/categories?post=9549"},{"taxonomy":"post_tag","embeddable":true,"href":"https:\/\/diarioprincipios.com\/index.php\/wp-json\/wp\/v2\/tags?post=9549"}],"curies":[{"name":"wp","href":"https:\/\/api.w.org\/{rel}","templated":true}]}}