{"id":9544,"date":"2021-04-20T16:08:30","date_gmt":"2021-04-20T19:08:30","guid":{"rendered":"http:\/\/diarioprincipios.com\/?p=9544"},"modified":"2021-04-20T16:12:39","modified_gmt":"2021-04-20T19:12:39","slug":"mas-de-1000-comercios-de-quilmes-seran-eximidos-del-pago-de-tasas-municipales","status":"publish","type":"post","link":"https:\/\/diarioprincipios.com\/index.php\/2021\/04\/20\/mas-de-1000-comercios-de-quilmes-seran-eximidos-del-pago-de-tasas-municipales\/","title":{"rendered":"M\u00e1s de 1000 Comercios de Quilmes ser\u00e1n eximidos del pago de Tasas Municipales"},"content":{"rendered":"\n<p>La intendenta de Quilmes, Mayra Mendoza, envi\u00f3 hoy un proyecto de ordenanza al Honorable Concejo Deliberante (HCD) local para eximir del pago de la tasa municipal del mes de abril a los comercios gastron\u00f3micos, establecimientos deportivos en espacios cerrados, locales en shopping y centros comerciales, y salones de fiestas y eventos que cumplan con las nuevas medidas dispuestas por el presidente Alberto Fern\u00e1ndez y el gobernador bonaerense Axel Kicillof en el marco de la pandemia por el coronavirus COVID-19.<\/p>\n\n\n\n<p>\u201cVamos a eximir del pago de tasas municipales a m\u00e1s de 1.000 comercios\u201d, afirm\u00f3 Mayra, y destac\u00f3 que \u201cen este momento dif\u00edcil se est\u00e1n tomando medidas de restricci\u00f3n para evitar mayor circulaci\u00f3n y, de esa manera, seguir cuid\u00e1ndonos entre todos. Entendemos la situaci\u00f3n y por eso enviamos este proyecto para ayudar a los sectores afectados\u201d.<\/p>\n\n\n\n<p>Dicha iniciativa consta de la eximici\u00f3n del pago de la Tasa de Seguridad e Higiene (TISH) para m\u00e1s de 1.000 contribuyentes. En el caso de los establecimientos deportivos en espacios cerrados, locales en shopping y centros comerciales, salones de fiestas y eventos NO pagar\u00e1n el 100 por ciento de la cuota del mes de abril. En el caso de los gastron\u00f3micos, el descuento ser\u00e1 del 50 por ciento de la cuota TISH que habitualmente tiene cada uno de los medianos y peque\u00f1os contribuyentes.<\/p>\n\n\n\n<p>Esta propuesta forma parte de una decisi\u00f3n pol\u00edtica de la Jefa comunal de acompa\u00f1ar a los sectores perjudicados por la pandemia, que se suma a otras iniciativas lanzadas por el Municipio desde hace m\u00e1s de un a\u00f1o como el programa \u201cQuilmes Compra en Casa\u201d, con el fin de colaborar con los comercios de cercan\u00eda. Para conocer las diferentes propuestas, los interesados e interesadas pueden ingresar en la p\u00e1gina&nbsp;<a rel=\"noreferrer noopener\" target=\"_blank\" href=\"https:\/\/www.quilmes.gov.ar\/servicios\/compra_en_casa.php\">https:\/\/www.quilmes.gov.ar\/servicios\/compra_en_casa.php<\/a>&nbsp;o descargarse la APP \u201cSomos Quilmes\u201d, donde encontrar\u00e1n toda la informaci\u00f3n referida al programa.<\/p>\n","protected":false},"excerpt":{"rendered":"<p>La intendenta de Quilmes, Mayra Mendoza, envi\u00f3 hoy un proyecto de ordenanza al Honorable Concejo Deliberante (HCD) local para eximir del pago de la tasa municipal del mes de abril a los comercios gastron\u00f3micos, establecimientos deportivos en espacios cerrados, locales en shopping y centros comerciales, y salones de fiestas y eventos que cumplan con las&#8230;<\/p>\n","protected":false},"author":2,"featured_media":9548,"comment_status":"open","ping_status":"open","sticky":false,"template":"","format":"standard","meta":{"footnotes":""},"categories":[4],"tags":[],"class_list":["post-9544","post","type-post","status-publish","format-standard","has-post-thumbnail","hentry","category-quilmes"],"featured_image_src":"https:\/\/diarioprincipios.com\/wp-content\/uploads\/2021\/04\/20210420_161127.jpg","blog_images":{"medium":"https:\/\/diarioprincipios.com\/wp-content\/uploads\/2021\/04\/20210420_161127-300x172.jpg","large":"https:\/\/diarioprincipios.com\/wp-content\/uploads\/2021\/04\/20210420_161127.jpg"},"ams_acf":[],"yoast_head":"<!-- This site is optimized with the Yoast SEO plugin v27.3 - https:\/\/yoast.com\/product\/yoast-seo-wordpress\/ -->\n<title>M\u00e1s de 1000 Comercios de Quilmes ser\u00e1n eximidos del pago de Tasas Municipales - Principios<\/title>\n<meta name=\"robots\" content=\"index, follow, max-snippet:-1, max-image-preview:large, max-video-preview:-1\" \/>\n<link rel=\"canonical\" href=\"https:\/\/diarioprincipios.com\/index.php\/2021\/04\/20\/mas-de-1000-comercios-de-quilmes-seran-eximidos-del-pago-de-tasas-municipales\/\" \/>\n<meta property=\"og:locale\" content=\"es_ES\" \/>\n<meta property=\"og:type\" content=\"article\" \/>\n<meta property=\"og:title\" content=\"M\u00e1s de 1000 Comercios de Quilmes ser\u00e1n eximidos del pago de Tasas Municipales - Principios\" \/>\n<meta property=\"og:description\" content=\"La intendenta de Quilmes, Mayra Mendoza, envi\u00f3 hoy un proyecto de ordenanza al Honorable Concejo Deliberante (HCD) local para eximir del pago de la tasa municipal del mes de abril a los comercios gastron\u00f3micos, establecimientos deportivos en espacios cerrados, locales en shopping y centros comerciales, y salones de fiestas y eventos que cumplan con las...\" \/>\n<meta property=\"og:url\" content=\"https:\/\/diarioprincipios.com\/index.php\/2021\/04\/20\/mas-de-1000-comercios-de-quilmes-seran-eximidos-del-pago-de-tasas-municipales\/\" \/>\n<meta property=\"og:site_name\" content=\"Principios\" \/>\n<meta property=\"article:published_time\" content=\"2021-04-20T19:08:30+00:00\" \/>\n<meta property=\"article:modified_time\" content=\"2021-04-20T19:12:39+00:00\" \/>\n<meta property=\"og:image\" content=\"https:\/\/diarioprincipios.com\/wp-content\/uploads\/2021\/04\/20210420_161127.jpg\" \/>\n\t<meta property=\"og:image:width\" content=\"512\" \/>\n\t<meta property=\"og:image:height\" content=\"293\" \/>\n\t<meta property=\"og:image:type\" content=\"image\/jpeg\" \/>\n<meta name=\"author\" content=\"Hern\u00e1n L\u00f3pez\" \/>\n<meta name=\"twitter:card\" content=\"summary_large_image\" \/>\n<meta name=\"twitter:label1\" content=\"Escrito por\" \/>\n\t<meta name=\"twitter:data1\" content=\"Hern\u00e1n L\u00f3pez\" \/>\n\t<meta name=\"twitter:label2\" content=\"Tiempo de lectura\" \/>\n\t<meta name=\"twitter:data2\" content=\"2 minutos\" \/>\n<script type=\"application\/ld+json\" class=\"yoast-schema-graph\">{\"@context\":\"https:\\\/\\\/schema.org\",\"@graph\":[{\"@type\":\"Article\",\"@id\":\"https:\\\/\\\/diarioprincipios.com\\\/index.php\\\/2021\\\/04\\\/20\\\/mas-de-1000-comercios-de-quilmes-seran-eximidos-del-pago-de-tasas-municipales\\\/#article\",\"isPartOf\":{\"@id\":\"https:\\\/\\\/diarioprincipios.com\\\/index.php\\\/2021\\\/04\\\/20\\\/mas-de-1000-comercios-de-quilmes-seran-eximidos-del-pago-de-tasas-municipales\\\/\"},\"author\":{\"name\":\"Hern\u00e1n L\u00f3pez\",\"@id\":\"https:\\\/\\\/diarioprincipios.com\\\/#\\\/schema\\\/person\\\/436d5a1fd41a5e250e23ff5a6a7cb080\"},\"headline\":\"M\u00e1s de 1000 Comercios de Quilmes ser\u00e1n eximidos del pago de Tasas Municipales\",\"datePublished\":\"2021-04-20T19:08:30+00:00\",\"dateModified\":\"2021-04-20T19:12:39+00:00\",\"mainEntityOfPage\":{\"@id\":\"https:\\\/\\\/diarioprincipios.com\\\/index.php\\\/2021\\\/04\\\/20\\\/mas-de-1000-comercios-de-quilmes-seran-eximidos-del-pago-de-tasas-municipales\\\/\"},\"wordCount\":344,\"commentCount\":0,\"publisher\":{\"@id\":\"https:\\\/\\\/diarioprincipios.com\\\/#organization\"},\"image\":{\"@id\":\"https:\\\/\\\/diarioprincipios.com\\\/index.php\\\/2021\\\/04\\\/20\\\/mas-de-1000-comercios-de-quilmes-seran-eximidos-del-pago-de-tasas-municipales\\\/#primaryimage\"},\"thumbnailUrl\":\"https:\\\/\\\/diarioprincipios.com\\\/wp-content\\\/uploads\\\/2021\\\/04\\\/20210420_161127.jpg\",\"articleSection\":[\"Quilmes\"],\"inLanguage\":\"es\",\"potentialAction\":[{\"@type\":\"CommentAction\",\"name\":\"Comment\",\"target\":[\"https:\\\/\\\/diarioprincipios.com\\\/index.php\\\/2021\\\/04\\\/20\\\/mas-de-1000-comercios-de-quilmes-seran-eximidos-del-pago-de-tasas-municipales\\\/#respond\"]}]},{\"@type\":\"WebPage\",\"@id\":\"https:\\\/\\\/diarioprincipios.com\\\/index.php\\\/2021\\\/04\\\/20\\\/mas-de-1000-comercios-de-quilmes-seran-eximidos-del-pago-de-tasas-municipales\\\/\",\"url\":\"https:\\\/\\\/diarioprincipios.com\\\/index.php\\\/2021\\\/04\\\/20\\\/mas-de-1000-comercios-de-quilmes-seran-eximidos-del-pago-de-tasas-municipales\\\/\",\"name\":\"M\u00e1s de 1000 Comercios de Quilmes ser\u00e1n eximidos del pago de Tasas Municipales - Principios\",\"isPartOf\":{\"@id\":\"https:\\\/\\\/diarioprincipios.com\\\/#website\"},\"primaryImageOfPage\":{\"@id\":\"https:\\\/\\\/diarioprincipios.com\\\/index.php\\\/2021\\\/04\\\/20\\\/mas-de-1000-comercios-de-quilmes-seran-eximidos-del-pago-de-tasas-municipales\\\/#primaryimage\"},\"image\":{\"@id\":\"https:\\\/\\\/diarioprincipios.com\\\/index.php\\\/2021\\\/04\\\/20\\\/mas-de-1000-comercios-de-quilmes-seran-eximidos-del-pago-de-tasas-municipales\\\/#primaryimage\"},\"thumbnailUrl\":\"https:\\\/\\\/diarioprincipios.com\\\/wp-content\\\/uploads\\\/2021\\\/04\\\/20210420_161127.jpg\",\"datePublished\":\"2021-04-20T19:08:30+00:00\",\"dateModified\":\"2021-04-20T19:12:39+00:00\",\"breadcrumb\":{\"@id\":\"https:\\\/\\\/diarioprincipios.com\\\/index.php\\\/2021\\\/04\\\/20\\\/mas-de-1000-comercios-de-quilmes-seran-eximidos-del-pago-de-tasas-municipales\\\/#breadcrumb\"},\"inLanguage\":\"es\",\"potentialAction\":[{\"@type\":\"ReadAction\",\"target\":[\"https:\\\/\\\/diarioprincipios.com\\\/index.php\\\/2021\\\/04\\\/20\\\/mas-de-1000-comercios-de-quilmes-seran-eximidos-del-pago-de-tasas-municipales\\\/\"]}]},{\"@type\":\"ImageObject\",\"inLanguage\":\"es\",\"@id\":\"https:\\\/\\\/diarioprincipios.com\\\/index.php\\\/2021\\\/04\\\/20\\\/mas-de-1000-comercios-de-quilmes-seran-eximidos-del-pago-de-tasas-municipales\\\/#primaryimage\",\"url\":\"https:\\\/\\\/diarioprincipios.com\\\/wp-content\\\/uploads\\\/2021\\\/04\\\/20210420_161127.jpg\",\"contentUrl\":\"https:\\\/\\\/diarioprincipios.com\\\/wp-content\\\/uploads\\\/2021\\\/04\\\/20210420_161127.jpg\",\"width\":512,\"height\":293},{\"@type\":\"BreadcrumbList\",\"@id\":\"https:\\\/\\\/diarioprincipios.com\\\/index.php\\\/2021\\\/04\\\/20\\\/mas-de-1000-comercios-de-quilmes-seran-eximidos-del-pago-de-tasas-municipales\\\/#breadcrumb\",\"itemListElement\":[{\"@type\":\"ListItem\",\"position\":1,\"name\":\"Portada\",\"item\":\"https:\\\/\\\/diarioprincipios.com\\\/\"},{\"@type\":\"ListItem\",\"position\":2,\"name\":\"M\u00e1s de 1000 Comercios de Quilmes ser\u00e1n eximidos del pago de Tasas Municipales\"}]},{\"@type\":\"WebSite\",\"@id\":\"https:\\\/\\\/diarioprincipios.com\\\/#website\",\"url\":\"https:\\\/\\\/diarioprincipios.com\\\/\",\"name\":\"Principios\",\"description\":\"Principios Diario\",\"publisher\":{\"@id\":\"https:\\\/\\\/diarioprincipios.com\\\/#organization\"},\"potentialAction\":[{\"@type\":\"SearchAction\",\"target\":{\"@type\":\"EntryPoint\",\"urlTemplate\":\"https:\\\/\\\/diarioprincipios.com\\\/?s={search_term_string}\"},\"query-input\":{\"@type\":\"PropertyValueSpecification\",\"valueRequired\":true,\"valueName\":\"search_term_string\"}}],\"inLanguage\":\"es\"},{\"@type\":\"Organization\",\"@id\":\"https:\\\/\\\/diarioprincipios.com\\\/#organization\",\"name\":\"Principios\",\"url\":\"https:\\\/\\\/diarioprincipios.com\\\/\",\"logo\":{\"@type\":\"ImageObject\",\"inLanguage\":\"es\",\"@id\":\"https:\\\/\\\/diarioprincipios.com\\\/#\\\/schema\\\/logo\\\/image\\\/\",\"url\":\"https:\\\/\\\/diarioprincipios.com\\\/wp-content\\\/uploads\\\/2024\\\/04\\\/cropped-www.diarioprincipios.com_-1.png\",\"contentUrl\":\"https:\\\/\\\/diarioprincipios.com\\\/wp-content\\\/uploads\\\/2024\\\/04\\\/cropped-www.diarioprincipios.com_-1.png\",\"width\":5325,\"height\":1454,\"caption\":\"Principios\"},\"image\":{\"@id\":\"https:\\\/\\\/diarioprincipios.com\\\/#\\\/schema\\\/logo\\\/image\\\/\"}},{\"@type\":\"Person\",\"@id\":\"https:\\\/\\\/diarioprincipios.com\\\/#\\\/schema\\\/person\\\/436d5a1fd41a5e250e23ff5a6a7cb080\",\"name\":\"Hern\u00e1n L\u00f3pez\",\"image\":{\"@type\":\"ImageObject\",\"inLanguage\":\"es\",\"@id\":\"https:\\\/\\\/diarioprincipios.com\\\/wp-content\\\/litespeed\\\/avatar\\\/11ddfe5610ff3bd100522525b2571f48.jpg?ver=1777048341\",\"url\":\"https:\\\/\\\/diarioprincipios.com\\\/wp-content\\\/litespeed\\\/avatar\\\/11ddfe5610ff3bd100522525b2571f48.jpg?ver=1777048341\",\"contentUrl\":\"https:\\\/\\\/diarioprincipios.com\\\/wp-content\\\/litespeed\\\/avatar\\\/11ddfe5610ff3bd100522525b2571f48.jpg?ver=1777048341\",\"caption\":\"Hern\u00e1n L\u00f3pez\"},\"url\":\"https:\\\/\\\/diarioprincipios.com\\\/index.php\\\/author\\\/hernan\\\/\"}]}<\/script>\n<!-- \/ Yoast SEO plugin. -->","yoast_head_json":{"title":"M\u00e1s de 1000 Comercios de Quilmes ser\u00e1n eximidos del pago de Tasas Municipales - Principios","robots":{"index":"index","follow":"follow","max-snippet":"max-snippet:-1","max-image-preview":"max-image-preview:large","max-video-preview":"max-video-preview:-1"},"canonical":"https:\/\/diarioprincipios.com\/index.php\/2021\/04\/20\/mas-de-1000-comercios-de-quilmes-seran-eximidos-del-pago-de-tasas-municipales\/","og_locale":"es_ES","og_type":"article","og_title":"M\u00e1s de 1000 Comercios de Quilmes ser\u00e1n eximidos del pago de Tasas Municipales - Principios","og_description":"La intendenta de Quilmes, Mayra Mendoza, envi\u00f3 hoy un proyecto de ordenanza al Honorable Concejo Deliberante (HCD) local para eximir del pago de la tasa municipal del mes de abril a los comercios gastron\u00f3micos, establecimientos deportivos en espacios cerrados, locales en shopping y centros comerciales, y salones de fiestas y eventos que cumplan con las...","og_url":"https:\/\/diarioprincipios.com\/index.php\/2021\/04\/20\/mas-de-1000-comercios-de-quilmes-seran-eximidos-del-pago-de-tasas-municipales\/","og_site_name":"Principios","article_published_time":"2021-04-20T19:08:30+00:00","article_modified_time":"2021-04-20T19:12:39+00:00","og_image":[{"width":512,"height":293,"url":"https:\/\/diarioprincipios.com\/wp-content\/uploads\/2021\/04\/20210420_161127.jpg","type":"image\/jpeg"}],"author":"Hern\u00e1n L\u00f3pez","twitter_card":"summary_large_image","twitter_misc":{"Escrito por":"Hern\u00e1n L\u00f3pez","Tiempo de lectura":"2 minutos"},"schema":{"@context":"https:\/\/schema.org","@graph":[{"@type":"Article","@id":"https:\/\/diarioprincipios.com\/index.php\/2021\/04\/20\/mas-de-1000-comercios-de-quilmes-seran-eximidos-del-pago-de-tasas-municipales\/#article","isPartOf":{"@id":"https:\/\/diarioprincipios.com\/index.php\/2021\/04\/20\/mas-de-1000-comercios-de-quilmes-seran-eximidos-del-pago-de-tasas-municipales\/"},"author":{"name":"Hern\u00e1n L\u00f3pez","@id":"https:\/\/diarioprincipios.com\/#\/schema\/person\/436d5a1fd41a5e250e23ff5a6a7cb080"},"headline":"M\u00e1s de 1000 Comercios de Quilmes ser\u00e1n eximidos del pago de Tasas Municipales","datePublished":"2021-04-20T19:08:30+00:00","dateModified":"2021-04-20T19:12:39+00:00","mainEntityOfPage":{"@id":"https:\/\/diarioprincipios.com\/index.php\/2021\/04\/20\/mas-de-1000-comercios-de-quilmes-seran-eximidos-del-pago-de-tasas-municipales\/"},"wordCount":344,"commentCount":0,"publisher":{"@id":"https:\/\/diarioprincipios.com\/#organization"},"image":{"@id":"https:\/\/diarioprincipios.com\/index.php\/2021\/04\/20\/mas-de-1000-comercios-de-quilmes-seran-eximidos-del-pago-de-tasas-municipales\/#primaryimage"},"thumbnailUrl":"https:\/\/diarioprincipios.com\/wp-content\/uploads\/2021\/04\/20210420_161127.jpg","articleSection":["Quilmes"],"inLanguage":"es","potentialAction":[{"@type":"CommentAction","name":"Comment","target":["https:\/\/diarioprincipios.com\/index.php\/2021\/04\/20\/mas-de-1000-comercios-de-quilmes-seran-eximidos-del-pago-de-tasas-municipales\/#respond"]}]},{"@type":"WebPage","@id":"https:\/\/diarioprincipios.com\/index.php\/2021\/04\/20\/mas-de-1000-comercios-de-quilmes-seran-eximidos-del-pago-de-tasas-municipales\/","url":"https:\/\/diarioprincipios.com\/index.php\/2021\/04\/20\/mas-de-1000-comercios-de-quilmes-seran-eximidos-del-pago-de-tasas-municipales\/","name":"M\u00e1s de 1000 Comercios de Quilmes ser\u00e1n eximidos del pago de Tasas Municipales - Principios","isPartOf":{"@id":"https:\/\/diarioprincipios.com\/#website"},"primaryImageOfPage":{"@id":"https:\/\/diarioprincipios.com\/index.php\/2021\/04\/20\/mas-de-1000-comercios-de-quilmes-seran-eximidos-del-pago-de-tasas-municipales\/#primaryimage"},"image":{"@id":"https:\/\/diarioprincipios.com\/index.php\/2021\/04\/20\/mas-de-1000-comercios-de-quilmes-seran-eximidos-del-pago-de-tasas-municipales\/#primaryimage"},"thumbnailUrl":"https:\/\/diarioprincipios.com\/wp-content\/uploads\/2021\/04\/20210420_161127.jpg","datePublished":"2021-04-20T19:08:30+00:00","dateModified":"2021-04-20T19:12:39+00:00","breadcrumb":{"@id":"https:\/\/diarioprincipios.com\/index.php\/2021\/04\/20\/mas-de-1000-comercios-de-quilmes-seran-eximidos-del-pago-de-tasas-municipales\/#breadcrumb"},"inLanguage":"es","potentialAction":[{"@type":"ReadAction","target":["https:\/\/diarioprincipios.com\/index.php\/2021\/04\/20\/mas-de-1000-comercios-de-quilmes-seran-eximidos-del-pago-de-tasas-municipales\/"]}]},{"@type":"ImageObject","inLanguage":"es","@id":"https:\/\/diarioprincipios.com\/index.php\/2021\/04\/20\/mas-de-1000-comercios-de-quilmes-seran-eximidos-del-pago-de-tasas-municipales\/#primaryimage","url":"https:\/\/diarioprincipios.com\/wp-content\/uploads\/2021\/04\/20210420_161127.jpg","contentUrl":"https:\/\/diarioprincipios.com\/wp-content\/uploads\/2021\/04\/20210420_161127.jpg","width":512,"height":293},{"@type":"BreadcrumbList","@id":"https:\/\/diarioprincipios.com\/index.php\/2021\/04\/20\/mas-de-1000-comercios-de-quilmes-seran-eximidos-del-pago-de-tasas-municipales\/#breadcrumb","itemListElement":[{"@type":"ListItem","position":1,"name":"Portada","item":"https:\/\/diarioprincipios.com\/"},{"@type":"ListItem","position":2,"name":"M\u00e1s de 1000 Comercios de Quilmes ser\u00e1n eximidos del pago de Tasas Municipales"}]},{"@type":"WebSite","@id":"https:\/\/diarioprincipios.com\/#website","url":"https:\/\/diarioprincipios.com\/","name":"Principios","description":"Principios Diario","publisher":{"@id":"https:\/\/diarioprincipios.com\/#organization"},"potentialAction":[{"@type":"SearchAction","target":{"@type":"EntryPoint","urlTemplate":"https:\/\/diarioprincipios.com\/?s={search_term_string}"},"query-input":{"@type":"PropertyValueSpecification","valueRequired":true,"valueName":"search_term_string"}}],"inLanguage":"es"},{"@type":"Organization","@id":"https:\/\/diarioprincipios.com\/#organization","name":"Principios","url":"https:\/\/diarioprincipios.com\/","logo":{"@type":"ImageObject","inLanguage":"es","@id":"https:\/\/diarioprincipios.com\/#\/schema\/logo\/image\/","url":"https:\/\/diarioprincipios.com\/wp-content\/uploads\/2024\/04\/cropped-www.diarioprincipios.com_-1.png","contentUrl":"https:\/\/diarioprincipios.com\/wp-content\/uploads\/2024\/04\/cropped-www.diarioprincipios.com_-1.png","width":5325,"height":1454,"caption":"Principios"},"image":{"@id":"https:\/\/diarioprincipios.com\/#\/schema\/logo\/image\/"}},{"@type":"Person","@id":"https:\/\/diarioprincipios.com\/#\/schema\/person\/436d5a1fd41a5e250e23ff5a6a7cb080","name":"Hern\u00e1n L\u00f3pez","image":{"@type":"ImageObject","inLanguage":"es","@id":"https:\/\/diarioprincipios.com\/wp-content\/litespeed\/avatar\/11ddfe5610ff3bd100522525b2571f48.jpg?ver=1777048341","url":"https:\/\/diarioprincipios.com\/wp-content\/litespeed\/avatar\/11ddfe5610ff3bd100522525b2571f48.jpg?ver=1777048341","contentUrl":"https:\/\/diarioprincipios.com\/wp-content\/litespeed\/avatar\/11ddfe5610ff3bd100522525b2571f48.jpg?ver=1777048341","caption":"Hern\u00e1n L\u00f3pez"},"url":"https:\/\/diarioprincipios.com\/index.php\/author\/hernan\/"}]}},"jetpack_featured_media_url":"https:\/\/diarioprincipios.com\/wp-content\/uploads\/2021\/04\/20210420_161127.jpg","_links":{"self":[{"href":"https:\/\/diarioprincipios.com\/index.php\/wp-json\/wp\/v2\/posts\/9544","targetHints":{"allow":["GET"]}}],"collection":[{"href":"https:\/\/diarioprincipios.com\/index.php\/wp-json\/wp\/v2\/posts"}],"about":[{"href":"https:\/\/diarioprincipios.com\/index.php\/wp-json\/wp\/v2\/types\/post"}],"author":[{"embeddable":true,"href":"https:\/\/diarioprincipios.com\/index.php\/wp-json\/wp\/v2\/users\/2"}],"replies":[{"embeddable":true,"href":"https:\/\/diarioprincipios.com\/index.php\/wp-json\/wp\/v2\/comments?post=9544"}],"version-history":[{"count":1,"href":"https:\/\/diarioprincipios.com\/index.php\/wp-json\/wp\/v2\/posts\/9544\/revisions"}],"predecessor-version":[{"id":9546,"href":"https:\/\/diarioprincipios.com\/index.php\/wp-json\/wp\/v2\/posts\/9544\/revisions\/9546"}],"wp:featuredmedia":[{"embeddable":true,"href":"https:\/\/diarioprincipios.com\/index.php\/wp-json\/wp\/v2\/media\/9548"}],"wp:attachment":[{"href":"https:\/\/diarioprincipios.com\/index.php\/wp-json\/wp\/v2\/media?parent=9544"}],"wp:term":[{"taxonomy":"category","embeddable":true,"href":"https:\/\/diarioprincipios.com\/index.php\/wp-json\/wp\/v2\/categories?post=9544"},{"taxonomy":"post_tag","embeddable":true,"href":"https:\/\/diarioprincipios.com\/index.php\/wp-json\/wp\/v2\/tags?post=9544"}],"curies":[{"name":"wp","href":"https:\/\/api.w.org\/{rel}","templated":true}]}}