{"id":9531,"date":"2021-04-20T14:24:20","date_gmt":"2021-04-20T17:24:20","guid":{"rendered":"http:\/\/diarioprincipios.com\/?p=9531"},"modified":"2021-04-20T14:31:01","modified_gmt":"2021-04-20T17:31:01","slug":"convenio-para-crear-un-centro-universitario-pyme-en-la-unaj","status":"publish","type":"post","link":"https:\/\/diarioprincipios.com\/index.php\/2021\/04\/20\/convenio-para-crear-un-centro-universitario-pyme-en-la-unaj\/","title":{"rendered":"Convenio para crear un Centro Universitario PYME en la UNAJ"},"content":{"rendered":"\n<h4 class=\"wp-block-heading\">El rector de la UNAJ, Ernesto Villanueva, recibi\u00f3 al Secretario de Peque\u00f1a y Mediana Empresa de la Naci\u00f3n, Guillermo Merediz, y a la Directora de Desarrollo Econ\u00f3mico Territorial, Laura Tuero. Durante el encuentro se firm\u00f3 el convenio para la creaci\u00f3n de un Centro Universitario PYME en la UNAJ para contribuir y potenciar al desarrollo productivo de la regi\u00f3n.<\/h4>\n\n\n\n<p>Con la presencia del intendente de Florencio Varela, Andr\u00e9s Watson, y el secretario de Industria y Desarrollo Productivo, Ricardo De La Fuente, se formaliz\u00f3 el acuerdo para transformar la Unidad de Vinculaci\u00f3n Tecnol\u00f3gica, que existe desde 2012 en el marco del Centro de Pol\u00edtica y Territorio, en un Centro Universitario PYME, que tendr\u00e1 entre sus objetivos el relevamiento de las necesidades de las empresas de la regi\u00f3n, el desarrollo de actividades de consultor\u00eda que vinculen Universidad y Empresa, as\u00ed como el mejoramiento del sector del Petr\u00f3leo a trav\u00e9s de la capacitaci\u00f3n a empresas por parte de docentes e investigadores de la carrera Ingenier\u00eda en Petr\u00f3leo, y el apoyo emprendedores locales, en particular en el sector equipamiento para la salud.<\/p>\n\n\n\n<div class=\"wp-block-image\"><figure class=\"aligncenter\"><img decoding=\"async\" src=\"https:\/\/www.unaj.edu.ar\/wp-content\/uploads\/2021\/04\/Centro-Universitario-PyME-02.jpg\" alt=\"Convenio para crear un Centro Universitario PYME en la UNAJ\" class=\"wp-image-35130\"\/><\/figure><\/div>\n\n\n\n<p>Villanueva celebr\u00f3 la iniciativa, que permitir\u00e1 a la universidad contar con una estructura institucional permanente que se ocupe de estos temas, al tiempo que destac\u00f3 el esfuerzo del gobierno nacional que se traduce en una \u201cpol\u00edtica permanente que cubre capacitaci\u00f3n y financiamiento tendiente a generar empleo y a la recuperaci\u00f3n de la industria\u201d.<\/p>\n","protected":false},"excerpt":{"rendered":"<p>El rector de la UNAJ, Ernesto Villanueva, recibi\u00f3 al Secretario de Peque\u00f1a y Mediana Empresa de la Naci\u00f3n, Guillermo Merediz, y a la Directora de Desarrollo Econ\u00f3mico Territorial, Laura Tuero. Durante el encuentro se firm\u00f3 el convenio para la creaci\u00f3n de un Centro Universitario PYME en la UNAJ para contribuir y potenciar al desarrollo productivo&#8230;<\/p>\n","protected":false},"author":2,"featured_media":9532,"comment_status":"open","ping_status":"open","sticky":false,"template":"","format":"standard","meta":{"footnotes":""},"categories":[7],"tags":[],"class_list":["post-9531","post","type-post","status-publish","format-standard","has-post-thumbnail","hentry","category-provincia"],"featured_image_src":"https:\/\/diarioprincipios.com\/wp-content\/uploads\/2021\/04\/Centro-Universitario-PyME-01.jpg","blog_images":{"medium":"https:\/\/diarioprincipios.com\/wp-content\/uploads\/2021\/04\/Centro-Universitario-PyME-01-300x169.jpg","large":"https:\/\/diarioprincipios.com\/wp-content\/uploads\/2021\/04\/Centro-Universitario-PyME-01.jpg"},"ams_acf":[],"yoast_head":"<!-- This site is optimized with the Yoast SEO plugin v27.3 - https:\/\/yoast.com\/product\/yoast-seo-wordpress\/ -->\n<title>Convenio para crear un Centro Universitario PYME en la UNAJ - Principios<\/title>\n<meta name=\"robots\" content=\"index, follow, max-snippet:-1, max-image-preview:large, max-video-preview:-1\" \/>\n<link rel=\"canonical\" href=\"https:\/\/diarioprincipios.com\/index.php\/2021\/04\/20\/convenio-para-crear-un-centro-universitario-pyme-en-la-unaj\/\" \/>\n<meta property=\"og:locale\" content=\"es_ES\" \/>\n<meta property=\"og:type\" content=\"article\" \/>\n<meta property=\"og:title\" content=\"Convenio para crear un Centro Universitario PYME en la UNAJ - Principios\" \/>\n<meta property=\"og:description\" content=\"El rector de la UNAJ, Ernesto Villanueva, recibi\u00f3 al Secretario de Peque\u00f1a y Mediana Empresa de la Naci\u00f3n, Guillermo Merediz, y a la Directora de Desarrollo Econ\u00f3mico Territorial, Laura Tuero. Durante el encuentro se firm\u00f3 el convenio para la creaci\u00f3n de un Centro Universitario PYME en la UNAJ para contribuir y potenciar al desarrollo productivo...\" \/>\n<meta property=\"og:url\" content=\"https:\/\/diarioprincipios.com\/index.php\/2021\/04\/20\/convenio-para-crear-un-centro-universitario-pyme-en-la-unaj\/\" \/>\n<meta property=\"og:site_name\" content=\"Principios\" \/>\n<meta property=\"article:published_time\" content=\"2021-04-20T17:24:20+00:00\" \/>\n<meta property=\"article:modified_time\" content=\"2021-04-20T17:31:01+00:00\" \/>\n<meta property=\"og:image\" content=\"https:\/\/diarioprincipios.com\/wp-content\/uploads\/2021\/04\/Centro-Universitario-PyME-01.jpg\" \/>\n\t<meta property=\"og:image:width\" content=\"680\" \/>\n\t<meta property=\"og:image:height\" content=\"383\" \/>\n\t<meta property=\"og:image:type\" content=\"image\/jpeg\" \/>\n<meta name=\"author\" content=\"Hern\u00e1n L\u00f3pez\" \/>\n<meta name=\"twitter:card\" content=\"summary_large_image\" \/>\n<meta name=\"twitter:label1\" content=\"Escrito por\" \/>\n\t<meta name=\"twitter:data1\" content=\"Hern\u00e1n L\u00f3pez\" \/>\n\t<meta name=\"twitter:label2\" content=\"Tiempo de lectura\" \/>\n\t<meta name=\"twitter:data2\" content=\"2 minutos\" \/>\n<script type=\"application\/ld+json\" class=\"yoast-schema-graph\">{\"@context\":\"https:\\\/\\\/schema.org\",\"@graph\":[{\"@type\":\"Article\",\"@id\":\"https:\\\/\\\/diarioprincipios.com\\\/index.php\\\/2021\\\/04\\\/20\\\/convenio-para-crear-un-centro-universitario-pyme-en-la-unaj\\\/#article\",\"isPartOf\":{\"@id\":\"https:\\\/\\\/diarioprincipios.com\\\/index.php\\\/2021\\\/04\\\/20\\\/convenio-para-crear-un-centro-universitario-pyme-en-la-unaj\\\/\"},\"author\":{\"name\":\"Hern\u00e1n L\u00f3pez\",\"@id\":\"https:\\\/\\\/diarioprincipios.com\\\/#\\\/schema\\\/person\\\/436d5a1fd41a5e250e23ff5a6a7cb080\"},\"headline\":\"Convenio para crear un Centro Universitario PYME en la UNAJ\",\"datePublished\":\"2021-04-20T17:24:20+00:00\",\"dateModified\":\"2021-04-20T17:31:01+00:00\",\"mainEntityOfPage\":{\"@id\":\"https:\\\/\\\/diarioprincipios.com\\\/index.php\\\/2021\\\/04\\\/20\\\/convenio-para-crear-un-centro-universitario-pyme-en-la-unaj\\\/\"},\"wordCount\":258,\"commentCount\":0,\"publisher\":{\"@id\":\"https:\\\/\\\/diarioprincipios.com\\\/#organization\"},\"image\":{\"@id\":\"https:\\\/\\\/diarioprincipios.com\\\/index.php\\\/2021\\\/04\\\/20\\\/convenio-para-crear-un-centro-universitario-pyme-en-la-unaj\\\/#primaryimage\"},\"thumbnailUrl\":\"https:\\\/\\\/diarioprincipios.com\\\/wp-content\\\/uploads\\\/2021\\\/04\\\/Centro-Universitario-PyME-01.jpg\",\"articleSection\":[\"Provincia\"],\"inLanguage\":\"es\",\"potentialAction\":[{\"@type\":\"CommentAction\",\"name\":\"Comment\",\"target\":[\"https:\\\/\\\/diarioprincipios.com\\\/index.php\\\/2021\\\/04\\\/20\\\/convenio-para-crear-un-centro-universitario-pyme-en-la-unaj\\\/#respond\"]}]},{\"@type\":\"WebPage\",\"@id\":\"https:\\\/\\\/diarioprincipios.com\\\/index.php\\\/2021\\\/04\\\/20\\\/convenio-para-crear-un-centro-universitario-pyme-en-la-unaj\\\/\",\"url\":\"https:\\\/\\\/diarioprincipios.com\\\/index.php\\\/2021\\\/04\\\/20\\\/convenio-para-crear-un-centro-universitario-pyme-en-la-unaj\\\/\",\"name\":\"Convenio para crear un Centro Universitario PYME en la UNAJ - Principios\",\"isPartOf\":{\"@id\":\"https:\\\/\\\/diarioprincipios.com\\\/#website\"},\"primaryImageOfPage\":{\"@id\":\"https:\\\/\\\/diarioprincipios.com\\\/index.php\\\/2021\\\/04\\\/20\\\/convenio-para-crear-un-centro-universitario-pyme-en-la-unaj\\\/#primaryimage\"},\"image\":{\"@id\":\"https:\\\/\\\/diarioprincipios.com\\\/index.php\\\/2021\\\/04\\\/20\\\/convenio-para-crear-un-centro-universitario-pyme-en-la-unaj\\\/#primaryimage\"},\"thumbnailUrl\":\"https:\\\/\\\/diarioprincipios.com\\\/wp-content\\\/uploads\\\/2021\\\/04\\\/Centro-Universitario-PyME-01.jpg\",\"datePublished\":\"2021-04-20T17:24:20+00:00\",\"dateModified\":\"2021-04-20T17:31:01+00:00\",\"breadcrumb\":{\"@id\":\"https:\\\/\\\/diarioprincipios.com\\\/index.php\\\/2021\\\/04\\\/20\\\/convenio-para-crear-un-centro-universitario-pyme-en-la-unaj\\\/#breadcrumb\"},\"inLanguage\":\"es\",\"potentialAction\":[{\"@type\":\"ReadAction\",\"target\":[\"https:\\\/\\\/diarioprincipios.com\\\/index.php\\\/2021\\\/04\\\/20\\\/convenio-para-crear-un-centro-universitario-pyme-en-la-unaj\\\/\"]}]},{\"@type\":\"ImageObject\",\"inLanguage\":\"es\",\"@id\":\"https:\\\/\\\/diarioprincipios.com\\\/index.php\\\/2021\\\/04\\\/20\\\/convenio-para-crear-un-centro-universitario-pyme-en-la-unaj\\\/#primaryimage\",\"url\":\"https:\\\/\\\/diarioprincipios.com\\\/wp-content\\\/uploads\\\/2021\\\/04\\\/Centro-Universitario-PyME-01.jpg\",\"contentUrl\":\"https:\\\/\\\/diarioprincipios.com\\\/wp-content\\\/uploads\\\/2021\\\/04\\\/Centro-Universitario-PyME-01.jpg\",\"width\":680,\"height\":383},{\"@type\":\"BreadcrumbList\",\"@id\":\"https:\\\/\\\/diarioprincipios.com\\\/index.php\\\/2021\\\/04\\\/20\\\/convenio-para-crear-un-centro-universitario-pyme-en-la-unaj\\\/#breadcrumb\",\"itemListElement\":[{\"@type\":\"ListItem\",\"position\":1,\"name\":\"Portada\",\"item\":\"https:\\\/\\\/diarioprincipios.com\\\/\"},{\"@type\":\"ListItem\",\"position\":2,\"name\":\"Convenio para crear un Centro Universitario PYME en la UNAJ\"}]},{\"@type\":\"WebSite\",\"@id\":\"https:\\\/\\\/diarioprincipios.com\\\/#website\",\"url\":\"https:\\\/\\\/diarioprincipios.com\\\/\",\"name\":\"Principios\",\"description\":\"Principios Diario\",\"publisher\":{\"@id\":\"https:\\\/\\\/diarioprincipios.com\\\/#organization\"},\"potentialAction\":[{\"@type\":\"SearchAction\",\"target\":{\"@type\":\"EntryPoint\",\"urlTemplate\":\"https:\\\/\\\/diarioprincipios.com\\\/?s={search_term_string}\"},\"query-input\":{\"@type\":\"PropertyValueSpecification\",\"valueRequired\":true,\"valueName\":\"search_term_string\"}}],\"inLanguage\":\"es\"},{\"@type\":\"Organization\",\"@id\":\"https:\\\/\\\/diarioprincipios.com\\\/#organization\",\"name\":\"Principios\",\"url\":\"https:\\\/\\\/diarioprincipios.com\\\/\",\"logo\":{\"@type\":\"ImageObject\",\"inLanguage\":\"es\",\"@id\":\"https:\\\/\\\/diarioprincipios.com\\\/#\\\/schema\\\/logo\\\/image\\\/\",\"url\":\"https:\\\/\\\/diarioprincipios.com\\\/wp-content\\\/uploads\\\/2024\\\/04\\\/cropped-www.diarioprincipios.com_-1.png\",\"contentUrl\":\"https:\\\/\\\/diarioprincipios.com\\\/wp-content\\\/uploads\\\/2024\\\/04\\\/cropped-www.diarioprincipios.com_-1.png\",\"width\":5325,\"height\":1454,\"caption\":\"Principios\"},\"image\":{\"@id\":\"https:\\\/\\\/diarioprincipios.com\\\/#\\\/schema\\\/logo\\\/image\\\/\"}},{\"@type\":\"Person\",\"@id\":\"https:\\\/\\\/diarioprincipios.com\\\/#\\\/schema\\\/person\\\/436d5a1fd41a5e250e23ff5a6a7cb080\",\"name\":\"Hern\u00e1n L\u00f3pez\",\"image\":{\"@type\":\"ImageObject\",\"inLanguage\":\"es\",\"@id\":\"https:\\\/\\\/diarioprincipios.com\\\/wp-content\\\/litespeed\\\/avatar\\\/11ddfe5610ff3bd100522525b2571f48.jpg?ver=1777653193\",\"url\":\"https:\\\/\\\/diarioprincipios.com\\\/wp-content\\\/litespeed\\\/avatar\\\/11ddfe5610ff3bd100522525b2571f48.jpg?ver=1777653193\",\"contentUrl\":\"https:\\\/\\\/diarioprincipios.com\\\/wp-content\\\/litespeed\\\/avatar\\\/11ddfe5610ff3bd100522525b2571f48.jpg?ver=1777653193\",\"caption\":\"Hern\u00e1n L\u00f3pez\"},\"url\":\"https:\\\/\\\/diarioprincipios.com\\\/index.php\\\/author\\\/hernan\\\/\"}]}<\/script>\n<!-- \/ Yoast SEO plugin. -->","yoast_head_json":{"title":"Convenio para crear un Centro Universitario PYME en la UNAJ - Principios","robots":{"index":"index","follow":"follow","max-snippet":"max-snippet:-1","max-image-preview":"max-image-preview:large","max-video-preview":"max-video-preview:-1"},"canonical":"https:\/\/diarioprincipios.com\/index.php\/2021\/04\/20\/convenio-para-crear-un-centro-universitario-pyme-en-la-unaj\/","og_locale":"es_ES","og_type":"article","og_title":"Convenio para crear un Centro Universitario PYME en la UNAJ - Principios","og_description":"El rector de la UNAJ, Ernesto Villanueva, recibi\u00f3 al Secretario de Peque\u00f1a y Mediana Empresa de la Naci\u00f3n, Guillermo Merediz, y a la Directora de Desarrollo Econ\u00f3mico Territorial, Laura Tuero. Durante el encuentro se firm\u00f3 el convenio para la creaci\u00f3n de un Centro Universitario PYME en la UNAJ para contribuir y potenciar al desarrollo productivo...","og_url":"https:\/\/diarioprincipios.com\/index.php\/2021\/04\/20\/convenio-para-crear-un-centro-universitario-pyme-en-la-unaj\/","og_site_name":"Principios","article_published_time":"2021-04-20T17:24:20+00:00","article_modified_time":"2021-04-20T17:31:01+00:00","og_image":[{"width":680,"height":383,"url":"https:\/\/diarioprincipios.com\/wp-content\/uploads\/2021\/04\/Centro-Universitario-PyME-01.jpg","type":"image\/jpeg"}],"author":"Hern\u00e1n L\u00f3pez","twitter_card":"summary_large_image","twitter_misc":{"Escrito por":"Hern\u00e1n L\u00f3pez","Tiempo de lectura":"2 minutos"},"schema":{"@context":"https:\/\/schema.org","@graph":[{"@type":"Article","@id":"https:\/\/diarioprincipios.com\/index.php\/2021\/04\/20\/convenio-para-crear-un-centro-universitario-pyme-en-la-unaj\/#article","isPartOf":{"@id":"https:\/\/diarioprincipios.com\/index.php\/2021\/04\/20\/convenio-para-crear-un-centro-universitario-pyme-en-la-unaj\/"},"author":{"name":"Hern\u00e1n L\u00f3pez","@id":"https:\/\/diarioprincipios.com\/#\/schema\/person\/436d5a1fd41a5e250e23ff5a6a7cb080"},"headline":"Convenio para crear un Centro Universitario PYME en la UNAJ","datePublished":"2021-04-20T17:24:20+00:00","dateModified":"2021-04-20T17:31:01+00:00","mainEntityOfPage":{"@id":"https:\/\/diarioprincipios.com\/index.php\/2021\/04\/20\/convenio-para-crear-un-centro-universitario-pyme-en-la-unaj\/"},"wordCount":258,"commentCount":0,"publisher":{"@id":"https:\/\/diarioprincipios.com\/#organization"},"image":{"@id":"https:\/\/diarioprincipios.com\/index.php\/2021\/04\/20\/convenio-para-crear-un-centro-universitario-pyme-en-la-unaj\/#primaryimage"},"thumbnailUrl":"https:\/\/diarioprincipios.com\/wp-content\/uploads\/2021\/04\/Centro-Universitario-PyME-01.jpg","articleSection":["Provincia"],"inLanguage":"es","potentialAction":[{"@type":"CommentAction","name":"Comment","target":["https:\/\/diarioprincipios.com\/index.php\/2021\/04\/20\/convenio-para-crear-un-centro-universitario-pyme-en-la-unaj\/#respond"]}]},{"@type":"WebPage","@id":"https:\/\/diarioprincipios.com\/index.php\/2021\/04\/20\/convenio-para-crear-un-centro-universitario-pyme-en-la-unaj\/","url":"https:\/\/diarioprincipios.com\/index.php\/2021\/04\/20\/convenio-para-crear-un-centro-universitario-pyme-en-la-unaj\/","name":"Convenio para crear un Centro Universitario PYME en la UNAJ - Principios","isPartOf":{"@id":"https:\/\/diarioprincipios.com\/#website"},"primaryImageOfPage":{"@id":"https:\/\/diarioprincipios.com\/index.php\/2021\/04\/20\/convenio-para-crear-un-centro-universitario-pyme-en-la-unaj\/#primaryimage"},"image":{"@id":"https:\/\/diarioprincipios.com\/index.php\/2021\/04\/20\/convenio-para-crear-un-centro-universitario-pyme-en-la-unaj\/#primaryimage"},"thumbnailUrl":"https:\/\/diarioprincipios.com\/wp-content\/uploads\/2021\/04\/Centro-Universitario-PyME-01.jpg","datePublished":"2021-04-20T17:24:20+00:00","dateModified":"2021-04-20T17:31:01+00:00","breadcrumb":{"@id":"https:\/\/diarioprincipios.com\/index.php\/2021\/04\/20\/convenio-para-crear-un-centro-universitario-pyme-en-la-unaj\/#breadcrumb"},"inLanguage":"es","potentialAction":[{"@type":"ReadAction","target":["https:\/\/diarioprincipios.com\/index.php\/2021\/04\/20\/convenio-para-crear-un-centro-universitario-pyme-en-la-unaj\/"]}]},{"@type":"ImageObject","inLanguage":"es","@id":"https:\/\/diarioprincipios.com\/index.php\/2021\/04\/20\/convenio-para-crear-un-centro-universitario-pyme-en-la-unaj\/#primaryimage","url":"https:\/\/diarioprincipios.com\/wp-content\/uploads\/2021\/04\/Centro-Universitario-PyME-01.jpg","contentUrl":"https:\/\/diarioprincipios.com\/wp-content\/uploads\/2021\/04\/Centro-Universitario-PyME-01.jpg","width":680,"height":383},{"@type":"BreadcrumbList","@id":"https:\/\/diarioprincipios.com\/index.php\/2021\/04\/20\/convenio-para-crear-un-centro-universitario-pyme-en-la-unaj\/#breadcrumb","itemListElement":[{"@type":"ListItem","position":1,"name":"Portada","item":"https:\/\/diarioprincipios.com\/"},{"@type":"ListItem","position":2,"name":"Convenio para crear un Centro Universitario PYME en la UNAJ"}]},{"@type":"WebSite","@id":"https:\/\/diarioprincipios.com\/#website","url":"https:\/\/diarioprincipios.com\/","name":"Principios","description":"Principios Diario","publisher":{"@id":"https:\/\/diarioprincipios.com\/#organization"},"potentialAction":[{"@type":"SearchAction","target":{"@type":"EntryPoint","urlTemplate":"https:\/\/diarioprincipios.com\/?s={search_term_string}"},"query-input":{"@type":"PropertyValueSpecification","valueRequired":true,"valueName":"search_term_string"}}],"inLanguage":"es"},{"@type":"Organization","@id":"https:\/\/diarioprincipios.com\/#organization","name":"Principios","url":"https:\/\/diarioprincipios.com\/","logo":{"@type":"ImageObject","inLanguage":"es","@id":"https:\/\/diarioprincipios.com\/#\/schema\/logo\/image\/","url":"https:\/\/diarioprincipios.com\/wp-content\/uploads\/2024\/04\/cropped-www.diarioprincipios.com_-1.png","contentUrl":"https:\/\/diarioprincipios.com\/wp-content\/uploads\/2024\/04\/cropped-www.diarioprincipios.com_-1.png","width":5325,"height":1454,"caption":"Principios"},"image":{"@id":"https:\/\/diarioprincipios.com\/#\/schema\/logo\/image\/"}},{"@type":"Person","@id":"https:\/\/diarioprincipios.com\/#\/schema\/person\/436d5a1fd41a5e250e23ff5a6a7cb080","name":"Hern\u00e1n L\u00f3pez","image":{"@type":"ImageObject","inLanguage":"es","@id":"https:\/\/diarioprincipios.com\/wp-content\/litespeed\/avatar\/11ddfe5610ff3bd100522525b2571f48.jpg?ver=1777653193","url":"https:\/\/diarioprincipios.com\/wp-content\/litespeed\/avatar\/11ddfe5610ff3bd100522525b2571f48.jpg?ver=1777653193","contentUrl":"https:\/\/diarioprincipios.com\/wp-content\/litespeed\/avatar\/11ddfe5610ff3bd100522525b2571f48.jpg?ver=1777653193","caption":"Hern\u00e1n L\u00f3pez"},"url":"https:\/\/diarioprincipios.com\/index.php\/author\/hernan\/"}]}},"jetpack_featured_media_url":"https:\/\/diarioprincipios.com\/wp-content\/uploads\/2021\/04\/Centro-Universitario-PyME-01.jpg","_links":{"self":[{"href":"https:\/\/diarioprincipios.com\/index.php\/wp-json\/wp\/v2\/posts\/9531","targetHints":{"allow":["GET"]}}],"collection":[{"href":"https:\/\/diarioprincipios.com\/index.php\/wp-json\/wp\/v2\/posts"}],"about":[{"href":"https:\/\/diarioprincipios.com\/index.php\/wp-json\/wp\/v2\/types\/post"}],"author":[{"embeddable":true,"href":"https:\/\/diarioprincipios.com\/index.php\/wp-json\/wp\/v2\/users\/2"}],"replies":[{"embeddable":true,"href":"https:\/\/diarioprincipios.com\/index.php\/wp-json\/wp\/v2\/comments?post=9531"}],"version-history":[{"count":5,"href":"https:\/\/diarioprincipios.com\/index.php\/wp-json\/wp\/v2\/posts\/9531\/revisions"}],"predecessor-version":[{"id":9539,"href":"https:\/\/diarioprincipios.com\/index.php\/wp-json\/wp\/v2\/posts\/9531\/revisions\/9539"}],"wp:featuredmedia":[{"embeddable":true,"href":"https:\/\/diarioprincipios.com\/index.php\/wp-json\/wp\/v2\/media\/9532"}],"wp:attachment":[{"href":"https:\/\/diarioprincipios.com\/index.php\/wp-json\/wp\/v2\/media?parent=9531"}],"wp:term":[{"taxonomy":"category","embeddable":true,"href":"https:\/\/diarioprincipios.com\/index.php\/wp-json\/wp\/v2\/categories?post=9531"},{"taxonomy":"post_tag","embeddable":true,"href":"https:\/\/diarioprincipios.com\/index.php\/wp-json\/wp\/v2\/tags?post=9531"}],"curies":[{"name":"wp","href":"https:\/\/api.w.org\/{rel}","templated":true}]}}