{"id":9528,"date":"2021-04-20T14:13:32","date_gmt":"2021-04-20T17:13:32","guid":{"rendered":"http:\/\/diarioprincipios.com\/?p=9528"},"modified":"2021-04-20T14:13:36","modified_gmt":"2021-04-20T17:13:36","slug":"alberto-fernandez-estamos-resolviendo-el-poder-adquisitivo-de-mas-de-un-millon-de-trabajadores","status":"publish","type":"post","link":"https:\/\/diarioprincipios.com\/index.php\/2021\/04\/20\/alberto-fernandez-estamos-resolviendo-el-poder-adquisitivo-de-mas-de-un-millon-de-trabajadores\/","title":{"rendered":"Alberto Fern\u00e1ndez: \u00abEstamos resolviendo el poder adquisitivo de m\u00e1s de un mill\u00f3n de trabajadores\u00bb"},"content":{"rendered":"\n<p>El presidente Alberto Fern\u00e1ndez resalt\u00f3 hoy como un \u00abgran paso\u00bb la modificaci\u00f3n del Impuesto a las Ganancias y destac\u00f3 que, con esa medida, se est\u00e1 \u00abresolviendo el poder adquisitivo de m\u00e1s de un mill\u00f3n de trabajadores y jubilados\u00bb.<\/p>\n\n\n\n<p>\u00abImplica un esfuerzo fiscal muy importante, pero lo estamos corrigiendo haci\u00e9ndole pagar el impuesto a los que m\u00e1s tienen\u00bb, asegur\u00f3 al encabezar un acto en el Museo del Bicentenario.<\/p>\n\n\n\n<p>Durante este acto, el Presidente promulg\u00f3 a trav\u00e9s de la firma del decreto 249\/21 la ley 27.617, que modifica diversos art\u00edculos de la ley del impuesto a las ganancias y eleva el piso a partir del que los trabajadores en relaci\u00f3n de dependencia empiezan a pagar el tributo a $150.000 mensuales de salario bruto.<\/p>\n\n\n\n<p>En la misma ceremonia, en la que tambi\u00e9n se anunciaron 87.000 cr\u00e9ditos para la construcci\u00f3n de viviendas, el Presidente asegur\u00f3 que \u201ces un d\u00eda importante para el Gobierno\u00bb, porque est\u00e1n \u00abponiendo orden\u00bb en una cuesti\u00f3n de la que \u00abno se hab\u00eda hablado\u00bb en la campa\u00f1a electoral que lo llev\u00f3 a la Presidencia, pero que sab\u00edan que ten\u00edan que \u00abordenar\u00bb.<\/p>\n\n\n\n<p>\u201cEstamos haciendo m\u00e1s progresivo el sistema impositivo, haciendo que paguen m\u00e1s los que m\u00e1s tienen y paguen menos los que reciben recursos s\u00f3lo de un salario\u201d, indic\u00f3 el jefe de Estado.<\/p>\n\n\n\n<p>Agreg\u00f3 que con estos cambios en el Impuesto a las Ganancias est\u00e1n \u201cresolviendo el poder adquisitivo de m\u00e1s de un mill\u00f3n de trabajadores y tambi\u00e9n jubilados que estaban afectados\u201d.<\/p>\n\n\n\n<p>\u201cY los resultados -continu\u00f3- son interesantes, ya que dejan de pagar el impuesto un mill\u00f3n 267 mil trabajadores, y es un beneficio para m\u00e1s del 90 por ciento de las personas asalariadas\u201d.<\/p>\n\n\n\n<p>El jefe de Estado afirm\u00f3 que se est\u00e1 \u00abdando un gran paso, porque el pago del tributo tambi\u00e9n excluye el aguinaldo\u00bb y record\u00f3 que tambi\u00e9n se elimina \u00abel tope para deducir a los hijos e hijas de personas con discapacidades\u00bb, al tiempo que \u00abse exime al personal de salud por las horas extras o guardias en la pandemia\u201d.<\/p>\n\n\n\n<p>Alberto Fern\u00e1ndez indic\u00f3 que estos cambios implican \u201cun esfuerzo de m\u00e1s de 40 mil millones de pesos\u00bb, pero afirm\u00f3: \u00abParte de ese esfuerzo lo estamos corriendo, haci\u00e9ndole pagar el impuesto a los que m\u00e1s tienen\u201d.<\/p>\n\n\n\n<p>El mandatario sostuvo que \u201ces muy importante este paso en favor de la justicia social\u00bb y destac\u00f3 que la medida \u00abse aplica desde el primero de enero de este a\u00f1o, con lo cual las ganancias que se hayan pagado en enero, febrero, marzo y tambi\u00e9n en abril, van a ser devueltas y de ese modo recuperar\u00e1n la capacidad adquisitiva\u201d.<\/p>\n\n\n\n<p>Del acto de promulgaci\u00f3n de estos cambios en materia tributaria participaron, entre otros, el presidente de la C\u00e1mara de Diputados, Sergio Massa; el ministro del Interior, Eduardo \u00abWado\u00bb de Pedro; la intendenta de Quilmes, Mayra Mendoza; y los senadores Mariano Recalde y Anabel Fern\u00e1ndez Sagasti.<\/p>\n\n\n\n<p>En tanto, siguieron el acto de manera virtual los gobernadores de Buenos Aires (Axel Kicillof); Entre R\u00edos (Gustavo Bordet); Jujuy (Gerardo Morales); Santiago del Estero (Gerardo Zamora); Neuqu\u00e9n (Omar Guti\u00e9rrez); Santa Fe (Omar Perotti); Santa Cruz (Alicia Kirchner); R\u00edo Negro (Arabela Carreras); San Luis (Alberto Rodr\u00edguez Sa\u00e1); y por C\u00f3rdoba el Vicegobernador Manuel Calvo.<\/p>\n\n\n\n<p>Seg\u00fan lo establecido en la ley que hoy es promulgada, que hab\u00eda sido sancionada por el Senado el 8 de abril pasado, dejan de pagar el impuesto 1.267.000 trabajadores y jubilados, representando un beneficio para m\u00e1s del 90% de las personas asalariadas.<\/p>\n\n\n\n<p>En cuanto a los detalles de la iniciativa, se sube el piso del m\u00ednimo no imponible a 150.000 pesos de salario bruto mensual, mientras que en el caso de las jubilaciones s\u00f3lo tributar\u00e1n el impuesto quienes ganen por encima de ocho haberes m\u00ednimos.<\/p>\n\n\n\n<p>La vigencia de la ley ser\u00e1 retroactiva a enero de 2021, por lo que los beneficiados recibir\u00e1n una devoluci\u00f3n de los montos retenidos de m\u00e1s en el per\u00edodo entre principios de a\u00f1o y el momento de entrada en vigencia de la ley.<\/p>\n\n\n\n<p>La norma promulgada tambi\u00e9n establece que el aguinaldo queda excluido del pago del impuesto a las ganancias, a la vez que se elimina el tope de edad para deducir a los hijos o hijas por discapacidad.<\/p>\n\n\n\n<p>Asimismo, la ley incorpora una perspectiva de g\u00e9nero y amplia la deducci\u00f3n al concubino o concubina, cualquiera fuera el sexo.<\/p>\n\n\n\n<p>Tambi\u00e9n se exime al personal de salud de pagar el impuesto por horas extras o guardias hasta septiembre, mientras se excluye del impuesto la provisi\u00f3n de herramientas educativas para hijos.<\/p>\n\n\n\n<p>La ley tambi\u00e9n establece una exenci\u00f3n espec\u00edfica para el pago de suplementos particulares del personal militar.<\/p>\n\n\n\n<p>La aplicaci\u00f3n de estos cambios en el impuestos a las Ganancias suponen un esfuerzo fiscal de $48.000 millones, se inform\u00f3 oficialmente.<\/p>\n","protected":false},"excerpt":{"rendered":"<p>El presidente Alberto Fern\u00e1ndez resalt\u00f3 hoy como un \u00abgran paso\u00bb la modificaci\u00f3n del Impuesto a las Ganancias y destac\u00f3 que, con esa medida, se est\u00e1 \u00abresolviendo el poder adquisitivo de m\u00e1s de un mill\u00f3n de trabajadores y jubilados\u00bb. \u00abImplica un esfuerzo fiscal muy importante, pero lo estamos corrigiendo haci\u00e9ndole pagar el impuesto a los que&#8230;<\/p>\n","protected":false},"author":2,"featured_media":9529,"comment_status":"open","ping_status":"open","sticky":false,"template":"","format":"standard","meta":{"footnotes":""},"categories":[10],"tags":[],"class_list":["post-9528","post","type-post","status-publish","format-standard","has-post-thumbnail","hentry","category-nacion"],"featured_image_src":"https:\/\/diarioprincipios.com\/wp-content\/uploads\/2021\/04\/20200528154518_alberto_fernandez_4.jpg","blog_images":{"medium":"https:\/\/diarioprincipios.com\/wp-content\/uploads\/2021\/04\/20200528154518_alberto_fernandez_4-300x167.jpg","large":"https:\/\/diarioprincipios.com\/wp-content\/uploads\/2021\/04\/20200528154518_alberto_fernandez_4.jpg"},"ams_acf":[],"yoast_head":"<!-- This site is optimized with the Yoast SEO plugin v27.3 - https:\/\/yoast.com\/product\/yoast-seo-wordpress\/ -->\n<title>Alberto Fern\u00e1ndez: &quot;Estamos resolviendo el poder adquisitivo de m\u00e1s de un mill\u00f3n de trabajadores&quot; - Principios<\/title>\n<meta name=\"robots\" content=\"index, follow, max-snippet:-1, max-image-preview:large, max-video-preview:-1\" \/>\n<link rel=\"canonical\" href=\"https:\/\/diarioprincipios.com\/index.php\/2021\/04\/20\/alberto-fernandez-estamos-resolviendo-el-poder-adquisitivo-de-mas-de-un-millon-de-trabajadores\/\" \/>\n<meta property=\"og:locale\" content=\"es_ES\" \/>\n<meta property=\"og:type\" content=\"article\" \/>\n<meta property=\"og:title\" content=\"Alberto Fern\u00e1ndez: &quot;Estamos resolviendo el poder adquisitivo de m\u00e1s de un mill\u00f3n de trabajadores&quot; - Principios\" \/>\n<meta property=\"og:description\" content=\"El presidente Alberto Fern\u00e1ndez resalt\u00f3 hoy como un \u00abgran paso\u00bb la modificaci\u00f3n del Impuesto a las Ganancias y destac\u00f3 que, con esa medida, se est\u00e1 \u00abresolviendo el poder adquisitivo de m\u00e1s de un mill\u00f3n de trabajadores y jubilados\u00bb. \u00abImplica un esfuerzo fiscal muy importante, pero lo estamos corrigiendo haci\u00e9ndole pagar el impuesto a los que...\" \/>\n<meta property=\"og:url\" content=\"https:\/\/diarioprincipios.com\/index.php\/2021\/04\/20\/alberto-fernandez-estamos-resolviendo-el-poder-adquisitivo-de-mas-de-un-millon-de-trabajadores\/\" \/>\n<meta property=\"og:site_name\" content=\"Principios\" \/>\n<meta property=\"article:published_time\" content=\"2021-04-20T17:13:32+00:00\" \/>\n<meta property=\"article:modified_time\" content=\"2021-04-20T17:13:36+00:00\" \/>\n<meta property=\"og:image\" content=\"https:\/\/diarioprincipios.com\/wp-content\/uploads\/2021\/04\/20200528154518_alberto_fernandez_4.jpg\" \/>\n\t<meta property=\"og:image:width\" content=\"780\" \/>\n\t<meta property=\"og:image:height\" content=\"434\" \/>\n\t<meta property=\"og:image:type\" content=\"image\/jpeg\" \/>\n<meta name=\"author\" content=\"Hern\u00e1n L\u00f3pez\" \/>\n<meta name=\"twitter:card\" content=\"summary_large_image\" \/>\n<meta name=\"twitter:label1\" content=\"Escrito por\" \/>\n\t<meta name=\"twitter:data1\" content=\"Hern\u00e1n L\u00f3pez\" \/>\n\t<meta name=\"twitter:label2\" content=\"Tiempo de lectura\" \/>\n\t<meta name=\"twitter:data2\" content=\"4 minutos\" \/>\n<script type=\"application\/ld+json\" class=\"yoast-schema-graph\">{\"@context\":\"https:\\\/\\\/schema.org\",\"@graph\":[{\"@type\":\"Article\",\"@id\":\"https:\\\/\\\/diarioprincipios.com\\\/index.php\\\/2021\\\/04\\\/20\\\/alberto-fernandez-estamos-resolviendo-el-poder-adquisitivo-de-mas-de-un-millon-de-trabajadores\\\/#article\",\"isPartOf\":{\"@id\":\"https:\\\/\\\/diarioprincipios.com\\\/index.php\\\/2021\\\/04\\\/20\\\/alberto-fernandez-estamos-resolviendo-el-poder-adquisitivo-de-mas-de-un-millon-de-trabajadores\\\/\"},\"author\":{\"name\":\"Hern\u00e1n L\u00f3pez\",\"@id\":\"https:\\\/\\\/diarioprincipios.com\\\/#\\\/schema\\\/person\\\/436d5a1fd41a5e250e23ff5a6a7cb080\"},\"headline\":\"Alberto Fern\u00e1ndez: \u00abEstamos resolviendo el poder adquisitivo de m\u00e1s de un mill\u00f3n de trabajadores\u00bb\",\"datePublished\":\"2021-04-20T17:13:32+00:00\",\"dateModified\":\"2021-04-20T17:13:36+00:00\",\"mainEntityOfPage\":{\"@id\":\"https:\\\/\\\/diarioprincipios.com\\\/index.php\\\/2021\\\/04\\\/20\\\/alberto-fernandez-estamos-resolviendo-el-poder-adquisitivo-de-mas-de-un-millon-de-trabajadores\\\/\"},\"wordCount\":846,\"commentCount\":0,\"publisher\":{\"@id\":\"https:\\\/\\\/diarioprincipios.com\\\/#organization\"},\"image\":{\"@id\":\"https:\\\/\\\/diarioprincipios.com\\\/index.php\\\/2021\\\/04\\\/20\\\/alberto-fernandez-estamos-resolviendo-el-poder-adquisitivo-de-mas-de-un-millon-de-trabajadores\\\/#primaryimage\"},\"thumbnailUrl\":\"https:\\\/\\\/diarioprincipios.com\\\/wp-content\\\/uploads\\\/2021\\\/04\\\/20200528154518_alberto_fernandez_4.jpg\",\"articleSection\":[\"Naci\u00f3n\"],\"inLanguage\":\"es\",\"potentialAction\":[{\"@type\":\"CommentAction\",\"name\":\"Comment\",\"target\":[\"https:\\\/\\\/diarioprincipios.com\\\/index.php\\\/2021\\\/04\\\/20\\\/alberto-fernandez-estamos-resolviendo-el-poder-adquisitivo-de-mas-de-un-millon-de-trabajadores\\\/#respond\"]}]},{\"@type\":\"WebPage\",\"@id\":\"https:\\\/\\\/diarioprincipios.com\\\/index.php\\\/2021\\\/04\\\/20\\\/alberto-fernandez-estamos-resolviendo-el-poder-adquisitivo-de-mas-de-un-millon-de-trabajadores\\\/\",\"url\":\"https:\\\/\\\/diarioprincipios.com\\\/index.php\\\/2021\\\/04\\\/20\\\/alberto-fernandez-estamos-resolviendo-el-poder-adquisitivo-de-mas-de-un-millon-de-trabajadores\\\/\",\"name\":\"Alberto Fern\u00e1ndez: \\\"Estamos resolviendo el poder adquisitivo de m\u00e1s de un mill\u00f3n de trabajadores\\\" - Principios\",\"isPartOf\":{\"@id\":\"https:\\\/\\\/diarioprincipios.com\\\/#website\"},\"primaryImageOfPage\":{\"@id\":\"https:\\\/\\\/diarioprincipios.com\\\/index.php\\\/2021\\\/04\\\/20\\\/alberto-fernandez-estamos-resolviendo-el-poder-adquisitivo-de-mas-de-un-millon-de-trabajadores\\\/#primaryimage\"},\"image\":{\"@id\":\"https:\\\/\\\/diarioprincipios.com\\\/index.php\\\/2021\\\/04\\\/20\\\/alberto-fernandez-estamos-resolviendo-el-poder-adquisitivo-de-mas-de-un-millon-de-trabajadores\\\/#primaryimage\"},\"thumbnailUrl\":\"https:\\\/\\\/diarioprincipios.com\\\/wp-content\\\/uploads\\\/2021\\\/04\\\/20200528154518_alberto_fernandez_4.jpg\",\"datePublished\":\"2021-04-20T17:13:32+00:00\",\"dateModified\":\"2021-04-20T17:13:36+00:00\",\"breadcrumb\":{\"@id\":\"https:\\\/\\\/diarioprincipios.com\\\/index.php\\\/2021\\\/04\\\/20\\\/alberto-fernandez-estamos-resolviendo-el-poder-adquisitivo-de-mas-de-un-millon-de-trabajadores\\\/#breadcrumb\"},\"inLanguage\":\"es\",\"potentialAction\":[{\"@type\":\"ReadAction\",\"target\":[\"https:\\\/\\\/diarioprincipios.com\\\/index.php\\\/2021\\\/04\\\/20\\\/alberto-fernandez-estamos-resolviendo-el-poder-adquisitivo-de-mas-de-un-millon-de-trabajadores\\\/\"]}]},{\"@type\":\"ImageObject\",\"inLanguage\":\"es\",\"@id\":\"https:\\\/\\\/diarioprincipios.com\\\/index.php\\\/2021\\\/04\\\/20\\\/alberto-fernandez-estamos-resolviendo-el-poder-adquisitivo-de-mas-de-un-millon-de-trabajadores\\\/#primaryimage\",\"url\":\"https:\\\/\\\/diarioprincipios.com\\\/wp-content\\\/uploads\\\/2021\\\/04\\\/20200528154518_alberto_fernandez_4.jpg\",\"contentUrl\":\"https:\\\/\\\/diarioprincipios.com\\\/wp-content\\\/uploads\\\/2021\\\/04\\\/20200528154518_alberto_fernandez_4.jpg\",\"width\":780,\"height\":434},{\"@type\":\"BreadcrumbList\",\"@id\":\"https:\\\/\\\/diarioprincipios.com\\\/index.php\\\/2021\\\/04\\\/20\\\/alberto-fernandez-estamos-resolviendo-el-poder-adquisitivo-de-mas-de-un-millon-de-trabajadores\\\/#breadcrumb\",\"itemListElement\":[{\"@type\":\"ListItem\",\"position\":1,\"name\":\"Portada\",\"item\":\"https:\\\/\\\/diarioprincipios.com\\\/\"},{\"@type\":\"ListItem\",\"position\":2,\"name\":\"Alberto Fern\u00e1ndez: \u00abEstamos resolviendo el poder adquisitivo de m\u00e1s de un mill\u00f3n de trabajadores\u00bb\"}]},{\"@type\":\"WebSite\",\"@id\":\"https:\\\/\\\/diarioprincipios.com\\\/#website\",\"url\":\"https:\\\/\\\/diarioprincipios.com\\\/\",\"name\":\"Principios\",\"description\":\"Principios Diario\",\"publisher\":{\"@id\":\"https:\\\/\\\/diarioprincipios.com\\\/#organization\"},\"potentialAction\":[{\"@type\":\"SearchAction\",\"target\":{\"@type\":\"EntryPoint\",\"urlTemplate\":\"https:\\\/\\\/diarioprincipios.com\\\/?s={search_term_string}\"},\"query-input\":{\"@type\":\"PropertyValueSpecification\",\"valueRequired\":true,\"valueName\":\"search_term_string\"}}],\"inLanguage\":\"es\"},{\"@type\":\"Organization\",\"@id\":\"https:\\\/\\\/diarioprincipios.com\\\/#organization\",\"name\":\"Principios\",\"url\":\"https:\\\/\\\/diarioprincipios.com\\\/\",\"logo\":{\"@type\":\"ImageObject\",\"inLanguage\":\"es\",\"@id\":\"https:\\\/\\\/diarioprincipios.com\\\/#\\\/schema\\\/logo\\\/image\\\/\",\"url\":\"https:\\\/\\\/diarioprincipios.com\\\/wp-content\\\/uploads\\\/2024\\\/04\\\/cropped-www.diarioprincipios.com_-1.png\",\"contentUrl\":\"https:\\\/\\\/diarioprincipios.com\\\/wp-content\\\/uploads\\\/2024\\\/04\\\/cropped-www.diarioprincipios.com_-1.png\",\"width\":5325,\"height\":1454,\"caption\":\"Principios\"},\"image\":{\"@id\":\"https:\\\/\\\/diarioprincipios.com\\\/#\\\/schema\\\/logo\\\/image\\\/\"}},{\"@type\":\"Person\",\"@id\":\"https:\\\/\\\/diarioprincipios.com\\\/#\\\/schema\\\/person\\\/436d5a1fd41a5e250e23ff5a6a7cb080\",\"name\":\"Hern\u00e1n L\u00f3pez\",\"image\":{\"@type\":\"ImageObject\",\"inLanguage\":\"es\",\"@id\":\"https:\\\/\\\/diarioprincipios.com\\\/wp-content\\\/litespeed\\\/avatar\\\/11ddfe5610ff3bd100522525b2571f48.jpg?ver=1777048341\",\"url\":\"https:\\\/\\\/diarioprincipios.com\\\/wp-content\\\/litespeed\\\/avatar\\\/11ddfe5610ff3bd100522525b2571f48.jpg?ver=1777048341\",\"contentUrl\":\"https:\\\/\\\/diarioprincipios.com\\\/wp-content\\\/litespeed\\\/avatar\\\/11ddfe5610ff3bd100522525b2571f48.jpg?ver=1777048341\",\"caption\":\"Hern\u00e1n L\u00f3pez\"},\"url\":\"https:\\\/\\\/diarioprincipios.com\\\/index.php\\\/author\\\/hernan\\\/\"}]}<\/script>\n<!-- \/ Yoast SEO plugin. -->","yoast_head_json":{"title":"Alberto Fern\u00e1ndez: \"Estamos resolviendo el poder adquisitivo de m\u00e1s de un mill\u00f3n de trabajadores\" - Principios","robots":{"index":"index","follow":"follow","max-snippet":"max-snippet:-1","max-image-preview":"max-image-preview:large","max-video-preview":"max-video-preview:-1"},"canonical":"https:\/\/diarioprincipios.com\/index.php\/2021\/04\/20\/alberto-fernandez-estamos-resolviendo-el-poder-adquisitivo-de-mas-de-un-millon-de-trabajadores\/","og_locale":"es_ES","og_type":"article","og_title":"Alberto Fern\u00e1ndez: \"Estamos resolviendo el poder adquisitivo de m\u00e1s de un mill\u00f3n de trabajadores\" - Principios","og_description":"El presidente Alberto Fern\u00e1ndez resalt\u00f3 hoy como un \u00abgran paso\u00bb la modificaci\u00f3n del Impuesto a las Ganancias y destac\u00f3 que, con esa medida, se est\u00e1 \u00abresolviendo el poder adquisitivo de m\u00e1s de un mill\u00f3n de trabajadores y jubilados\u00bb. \u00abImplica un esfuerzo fiscal muy importante, pero lo estamos corrigiendo haci\u00e9ndole pagar el impuesto a los que...","og_url":"https:\/\/diarioprincipios.com\/index.php\/2021\/04\/20\/alberto-fernandez-estamos-resolviendo-el-poder-adquisitivo-de-mas-de-un-millon-de-trabajadores\/","og_site_name":"Principios","article_published_time":"2021-04-20T17:13:32+00:00","article_modified_time":"2021-04-20T17:13:36+00:00","og_image":[{"width":780,"height":434,"url":"https:\/\/diarioprincipios.com\/wp-content\/uploads\/2021\/04\/20200528154518_alberto_fernandez_4.jpg","type":"image\/jpeg"}],"author":"Hern\u00e1n L\u00f3pez","twitter_card":"summary_large_image","twitter_misc":{"Escrito por":"Hern\u00e1n L\u00f3pez","Tiempo de lectura":"4 minutos"},"schema":{"@context":"https:\/\/schema.org","@graph":[{"@type":"Article","@id":"https:\/\/diarioprincipios.com\/index.php\/2021\/04\/20\/alberto-fernandez-estamos-resolviendo-el-poder-adquisitivo-de-mas-de-un-millon-de-trabajadores\/#article","isPartOf":{"@id":"https:\/\/diarioprincipios.com\/index.php\/2021\/04\/20\/alberto-fernandez-estamos-resolviendo-el-poder-adquisitivo-de-mas-de-un-millon-de-trabajadores\/"},"author":{"name":"Hern\u00e1n L\u00f3pez","@id":"https:\/\/diarioprincipios.com\/#\/schema\/person\/436d5a1fd41a5e250e23ff5a6a7cb080"},"headline":"Alberto Fern\u00e1ndez: \u00abEstamos resolviendo el poder adquisitivo de m\u00e1s de un mill\u00f3n de trabajadores\u00bb","datePublished":"2021-04-20T17:13:32+00:00","dateModified":"2021-04-20T17:13:36+00:00","mainEntityOfPage":{"@id":"https:\/\/diarioprincipios.com\/index.php\/2021\/04\/20\/alberto-fernandez-estamos-resolviendo-el-poder-adquisitivo-de-mas-de-un-millon-de-trabajadores\/"},"wordCount":846,"commentCount":0,"publisher":{"@id":"https:\/\/diarioprincipios.com\/#organization"},"image":{"@id":"https:\/\/diarioprincipios.com\/index.php\/2021\/04\/20\/alberto-fernandez-estamos-resolviendo-el-poder-adquisitivo-de-mas-de-un-millon-de-trabajadores\/#primaryimage"},"thumbnailUrl":"https:\/\/diarioprincipios.com\/wp-content\/uploads\/2021\/04\/20200528154518_alberto_fernandez_4.jpg","articleSection":["Naci\u00f3n"],"inLanguage":"es","potentialAction":[{"@type":"CommentAction","name":"Comment","target":["https:\/\/diarioprincipios.com\/index.php\/2021\/04\/20\/alberto-fernandez-estamos-resolviendo-el-poder-adquisitivo-de-mas-de-un-millon-de-trabajadores\/#respond"]}]},{"@type":"WebPage","@id":"https:\/\/diarioprincipios.com\/index.php\/2021\/04\/20\/alberto-fernandez-estamos-resolviendo-el-poder-adquisitivo-de-mas-de-un-millon-de-trabajadores\/","url":"https:\/\/diarioprincipios.com\/index.php\/2021\/04\/20\/alberto-fernandez-estamos-resolviendo-el-poder-adquisitivo-de-mas-de-un-millon-de-trabajadores\/","name":"Alberto Fern\u00e1ndez: \"Estamos resolviendo el poder adquisitivo de m\u00e1s de un mill\u00f3n de trabajadores\" - Principios","isPartOf":{"@id":"https:\/\/diarioprincipios.com\/#website"},"primaryImageOfPage":{"@id":"https:\/\/diarioprincipios.com\/index.php\/2021\/04\/20\/alberto-fernandez-estamos-resolviendo-el-poder-adquisitivo-de-mas-de-un-millon-de-trabajadores\/#primaryimage"},"image":{"@id":"https:\/\/diarioprincipios.com\/index.php\/2021\/04\/20\/alberto-fernandez-estamos-resolviendo-el-poder-adquisitivo-de-mas-de-un-millon-de-trabajadores\/#primaryimage"},"thumbnailUrl":"https:\/\/diarioprincipios.com\/wp-content\/uploads\/2021\/04\/20200528154518_alberto_fernandez_4.jpg","datePublished":"2021-04-20T17:13:32+00:00","dateModified":"2021-04-20T17:13:36+00:00","breadcrumb":{"@id":"https:\/\/diarioprincipios.com\/index.php\/2021\/04\/20\/alberto-fernandez-estamos-resolviendo-el-poder-adquisitivo-de-mas-de-un-millon-de-trabajadores\/#breadcrumb"},"inLanguage":"es","potentialAction":[{"@type":"ReadAction","target":["https:\/\/diarioprincipios.com\/index.php\/2021\/04\/20\/alberto-fernandez-estamos-resolviendo-el-poder-adquisitivo-de-mas-de-un-millon-de-trabajadores\/"]}]},{"@type":"ImageObject","inLanguage":"es","@id":"https:\/\/diarioprincipios.com\/index.php\/2021\/04\/20\/alberto-fernandez-estamos-resolviendo-el-poder-adquisitivo-de-mas-de-un-millon-de-trabajadores\/#primaryimage","url":"https:\/\/diarioprincipios.com\/wp-content\/uploads\/2021\/04\/20200528154518_alberto_fernandez_4.jpg","contentUrl":"https:\/\/diarioprincipios.com\/wp-content\/uploads\/2021\/04\/20200528154518_alberto_fernandez_4.jpg","width":780,"height":434},{"@type":"BreadcrumbList","@id":"https:\/\/diarioprincipios.com\/index.php\/2021\/04\/20\/alberto-fernandez-estamos-resolviendo-el-poder-adquisitivo-de-mas-de-un-millon-de-trabajadores\/#breadcrumb","itemListElement":[{"@type":"ListItem","position":1,"name":"Portada","item":"https:\/\/diarioprincipios.com\/"},{"@type":"ListItem","position":2,"name":"Alberto Fern\u00e1ndez: \u00abEstamos resolviendo el poder adquisitivo de m\u00e1s de un mill\u00f3n de trabajadores\u00bb"}]},{"@type":"WebSite","@id":"https:\/\/diarioprincipios.com\/#website","url":"https:\/\/diarioprincipios.com\/","name":"Principios","description":"Principios Diario","publisher":{"@id":"https:\/\/diarioprincipios.com\/#organization"},"potentialAction":[{"@type":"SearchAction","target":{"@type":"EntryPoint","urlTemplate":"https:\/\/diarioprincipios.com\/?s={search_term_string}"},"query-input":{"@type":"PropertyValueSpecification","valueRequired":true,"valueName":"search_term_string"}}],"inLanguage":"es"},{"@type":"Organization","@id":"https:\/\/diarioprincipios.com\/#organization","name":"Principios","url":"https:\/\/diarioprincipios.com\/","logo":{"@type":"ImageObject","inLanguage":"es","@id":"https:\/\/diarioprincipios.com\/#\/schema\/logo\/image\/","url":"https:\/\/diarioprincipios.com\/wp-content\/uploads\/2024\/04\/cropped-www.diarioprincipios.com_-1.png","contentUrl":"https:\/\/diarioprincipios.com\/wp-content\/uploads\/2024\/04\/cropped-www.diarioprincipios.com_-1.png","width":5325,"height":1454,"caption":"Principios"},"image":{"@id":"https:\/\/diarioprincipios.com\/#\/schema\/logo\/image\/"}},{"@type":"Person","@id":"https:\/\/diarioprincipios.com\/#\/schema\/person\/436d5a1fd41a5e250e23ff5a6a7cb080","name":"Hern\u00e1n L\u00f3pez","image":{"@type":"ImageObject","inLanguage":"es","@id":"https:\/\/diarioprincipios.com\/wp-content\/litespeed\/avatar\/11ddfe5610ff3bd100522525b2571f48.jpg?ver=1777048341","url":"https:\/\/diarioprincipios.com\/wp-content\/litespeed\/avatar\/11ddfe5610ff3bd100522525b2571f48.jpg?ver=1777048341","contentUrl":"https:\/\/diarioprincipios.com\/wp-content\/litespeed\/avatar\/11ddfe5610ff3bd100522525b2571f48.jpg?ver=1777048341","caption":"Hern\u00e1n L\u00f3pez"},"url":"https:\/\/diarioprincipios.com\/index.php\/author\/hernan\/"}]}},"jetpack_featured_media_url":"https:\/\/diarioprincipios.com\/wp-content\/uploads\/2021\/04\/20200528154518_alberto_fernandez_4.jpg","_links":{"self":[{"href":"https:\/\/diarioprincipios.com\/index.php\/wp-json\/wp\/v2\/posts\/9528","targetHints":{"allow":["GET"]}}],"collection":[{"href":"https:\/\/diarioprincipios.com\/index.php\/wp-json\/wp\/v2\/posts"}],"about":[{"href":"https:\/\/diarioprincipios.com\/index.php\/wp-json\/wp\/v2\/types\/post"}],"author":[{"embeddable":true,"href":"https:\/\/diarioprincipios.com\/index.php\/wp-json\/wp\/v2\/users\/2"}],"replies":[{"embeddable":true,"href":"https:\/\/diarioprincipios.com\/index.php\/wp-json\/wp\/v2\/comments?post=9528"}],"version-history":[{"count":1,"href":"https:\/\/diarioprincipios.com\/index.php\/wp-json\/wp\/v2\/posts\/9528\/revisions"}],"predecessor-version":[{"id":9530,"href":"https:\/\/diarioprincipios.com\/index.php\/wp-json\/wp\/v2\/posts\/9528\/revisions\/9530"}],"wp:featuredmedia":[{"embeddable":true,"href":"https:\/\/diarioprincipios.com\/index.php\/wp-json\/wp\/v2\/media\/9529"}],"wp:attachment":[{"href":"https:\/\/diarioprincipios.com\/index.php\/wp-json\/wp\/v2\/media?parent=9528"}],"wp:term":[{"taxonomy":"category","embeddable":true,"href":"https:\/\/diarioprincipios.com\/index.php\/wp-json\/wp\/v2\/categories?post=9528"},{"taxonomy":"post_tag","embeddable":true,"href":"https:\/\/diarioprincipios.com\/index.php\/wp-json\/wp\/v2\/tags?post=9528"}],"curies":[{"name":"wp","href":"https:\/\/api.w.org\/{rel}","templated":true}]}}