{"id":9523,"date":"2021-04-19T22:13:59","date_gmt":"2021-04-20T01:13:59","guid":{"rendered":"http:\/\/diarioprincipios.com\/?p=9523"},"modified":"2021-04-19T22:14:05","modified_gmt":"2021-04-20T01:14:05","slug":"la-casa-de-la-estacion-el-nuevo-complejo-cultural-municipal-que-tendra-berazategui","status":"publish","type":"post","link":"https:\/\/diarioprincipios.com\/index.php\/2021\/04\/19\/la-casa-de-la-estacion-el-nuevo-complejo-cultural-municipal-que-tendra-berazategui\/","title":{"rendered":"\u00abLa Casa de la Estaci\u00f3n\u00bb, el nuevo Complejo Cultural Municipal que tendr\u00e1 Berazategui"},"content":{"rendered":"\n<p><strong>Dentro del Proyecto \u201cEstaciones\u201d de la Municipalidad de Berazategui, pr\u00f3ximamente se comenzar\u00e1 a proyectar el Complejo Municipal \u201cLa Casa de la Estaci\u00f3n\u201d, en Av. Sabin entre 362 y 363. Se trata de un espacio cedido por Trenes Argentinos, donde se llevar\u00e1 adelante una propuesta destinada a la infancia, el cuidado del ambiente y la sustentabilidad.<\/strong>\u00a0Entre los fundamentos del proyecto impulsado por la Secretar\u00eda de Cultura y Educaci\u00f3n, se analiza que el contexto de pandemia global \u201cnos invita a repensar y reconstruir de modo urgente las relaciones que establecemos entre la sociedad, la naturaleza y la cultura\u201d, al poner en \u201cevidencia la necesidad imperante de generar otras formas de vinculaci\u00f3n, producci\u00f3n, reproducci\u00f3n y consumo para construir un futuro vivible y deseable para todos y todas\u201d.\u00a0Con un enfoque de g\u00e9nero y derechos humanos, que entre otras cosas permitir\u00e1 discutir los patrones culturales etnoc\u00e9ntricos -generados fundamentalmente por el predominio del hombre blanco occidental-, esta propuesta surge como una respuesta desde el campo de la cultura, con el fin de alcanzar cambios en las pr\u00e1cticas y h\u00e1bitos cotidianos, tanto comunitarios como personales. <\/p>\n\n\n\n<figure class=\"wp-block-image size-large\"><img loading=\"lazy\" decoding=\"async\" width=\"1024\" height=\"680\" src=\"https:\/\/diarioprincipios.com\/wp-content\/uploads\/2021\/04\/BERAZATEGUI-TENDRA-UN-NUEVO-COMPLEJO-CULTURAL-MUNICIPAL-1-1024x680.jpeg\" alt=\"\" class=\"wp-image-9524\" srcset=\"https:\/\/diarioprincipios.com\/wp-content\/uploads\/2021\/04\/BERAZATEGUI-TENDRA-UN-NUEVO-COMPLEJO-CULTURAL-MUNICIPAL-1-1024x680.jpeg 1024w, https:\/\/diarioprincipios.com\/wp-content\/uploads\/2021\/04\/BERAZATEGUI-TENDRA-UN-NUEVO-COMPLEJO-CULTURAL-MUNICIPAL-1-300x199.jpeg 300w, https:\/\/diarioprincipios.com\/wp-content\/uploads\/2021\/04\/BERAZATEGUI-TENDRA-UN-NUEVO-COMPLEJO-CULTURAL-MUNICIPAL-1-768x510.jpeg 768w, https:\/\/diarioprincipios.com\/wp-content\/uploads\/2021\/04\/BERAZATEGUI-TENDRA-UN-NUEVO-COMPLEJO-CULTURAL-MUNICIPAL-1.jpeg 1280w\" sizes=\"auto, (max-width: 1024px) 100vw, 1024px\" \/><\/figure>\n\n\n\n<p>\u201cNuestro punto de partida es el trabajo con las infancias, entendiendo que esta etapa de la vida es fundamental para su autoconstrucci\u00f3n como sujetos\u201d, explican desde la Secretar\u00eda de Cultura.\u00a0Por otra parte, tambi\u00e9n se pretende fortalecer otras iniciativas impulsadas por la gesti\u00f3n del intendente Juan Jos\u00e9 Mussi, como el \u00c1rea de Industrias Creativas y el Programa Berazategui Recicla, a fin de evitar la enorme generaci\u00f3n de basura que perjudica al ambiente y la econom\u00eda de los municipios. \u201cLa aceleraci\u00f3n social de nuevos consumos de bienes y servicios tiende a promover dr\u00e1sticamente la cultura del descarte y, con ello, la falta de compromiso con la preservaci\u00f3n del medio ambiente\u201d, indican. En este marco, agregan que resulta imperante abordar esta problem\u00e1tica de una forma integral, a trav\u00e9s de \u201cla construcci\u00f3n de una cultura para la sustentabilidad\u201d.\u00a0De esta manera, \u201cLa Casa de la Estaci\u00f3n\u201d tendr\u00e1 entre sus principales objetivos erigirse en un nuevo Complejo Cultural Municipal centrado en una educaci\u00f3n ambiental l\u00fadica, destinada a las infancias para llegar a toda la ciudadan\u00eda; vincularse con las instituciones locales para potenciar el trabajo desarrollado por el Municipio; ampliar el compromiso y la responsabilidad del cuidado del ambiente a partir de la modificaci\u00f3n de h\u00e1bitos y pr\u00e1cticas cotidianas; encontrar nuevas formas de relacionarse con la naturaleza (de manera m\u00e1s horizontal); y reflexionar sobre la cultura del descarte, promoviendo el consumo responsable de energ\u00edas, la separaci\u00f3n de los residuos s\u00f3lidos urbanos y la preservaci\u00f3n de los espacios p\u00fablicos.\u00a0<\/p>\n\n\n\n<figure class=\"wp-block-image size-large\"><img loading=\"lazy\" decoding=\"async\" width=\"1024\" height=\"561\" src=\"https:\/\/diarioprincipios.com\/wp-content\/uploads\/2021\/04\/BERAZATEGUI-TENDRA-UN-NUEVO-COMPLEJO-CULTURAL-MUNICIPAL-3-1024x561.jpeg\" alt=\"\" class=\"wp-image-9525\" srcset=\"https:\/\/diarioprincipios.com\/wp-content\/uploads\/2021\/04\/BERAZATEGUI-TENDRA-UN-NUEVO-COMPLEJO-CULTURAL-MUNICIPAL-3-1024x561.jpeg 1024w, https:\/\/diarioprincipios.com\/wp-content\/uploads\/2021\/04\/BERAZATEGUI-TENDRA-UN-NUEVO-COMPLEJO-CULTURAL-MUNICIPAL-3-300x164.jpeg 300w, https:\/\/diarioprincipios.com\/wp-content\/uploads\/2021\/04\/BERAZATEGUI-TENDRA-UN-NUEVO-COMPLEJO-CULTURAL-MUNICIPAL-3-768x421.jpeg 768w, https:\/\/diarioprincipios.com\/wp-content\/uploads\/2021\/04\/BERAZATEGUI-TENDRA-UN-NUEVO-COMPLEJO-CULTURAL-MUNICIPAL-3.jpeg 1280w\" sizes=\"auto, (max-width: 1024px) 100vw, 1024px\" \/><\/figure>\n\n\n\n<p>Con relaci\u00f3n a esto \u00faltimo, en el convenio de cesi\u00f3n firmado con el presidente de Trenes Argentinos, Mart\u00edn Marinucci, la Municipalidad de Berazategui se comprometi\u00f3 a respetar el patrimonio arquitect\u00f3nico de esta antigua propiedad, que se construy\u00f3 en 1911 y que 110 a\u00f1os despu\u00e9s est\u00e1 a punto de transformarse en el primer paso de un ambicioso proyecto para el futuro.\u00a0<\/p>\n\n\n\n<figure class=\"wp-block-image\"><img decoding=\"async\" src=\"https:\/\/ecp.yusercontent.com\/mail?url=https%3A%2F%2Fdocs.google.com%2Fuc%3Fexport%3Ddownload%26id%3D1O9ySDGVjFwLiWj3yWiMdjtCw6pHI7T-F%26revid%3D0B9CZhG6aa0VidWpSQjZNZGVndGpYeWM5ZWtiUFNuM1JQV3U4PQ&amp;t=1618880903&amp;ymreqid=5799fcab-b43d-2794-2265-f8001101a900&amp;sig=b5BvqyzfRdsM0l8YWxPt5Q--~D\" alt=\"\"\/><\/figure>\n","protected":false},"excerpt":{"rendered":"<p>Dentro del Proyecto \u201cEstaciones\u201d de la Municipalidad de Berazategui, pr\u00f3ximamente se comenzar\u00e1 a proyectar el Complejo Municipal \u201cLa Casa de la Estaci\u00f3n\u201d, en Av. Sabin entre 362 y 363. Se trata de un espacio cedido por Trenes Argentinos, donde se llevar\u00e1 adelante una propuesta destinada a la infancia, el cuidado del ambiente y la sustentabilidad.\u00a0Entre&#8230;<\/p>\n","protected":false},"author":2,"featured_media":9526,"comment_status":"open","ping_status":"open","sticky":false,"template":"","format":"standard","meta":{"footnotes":""},"categories":[3],"tags":[],"class_list":["post-9523","post","type-post","status-publish","format-standard","has-post-thumbnail","hentry","category-berazategui"],"featured_image_src":"https:\/\/diarioprincipios.com\/wp-content\/uploads\/2021\/04\/BERAZATEGUI-TENDRA-UN-NUEVO-COMPLEJO-CULTURAL-MUNICIPAL-2-1.jpeg","blog_images":{"medium":"https:\/\/diarioprincipios.com\/wp-content\/uploads\/2021\/04\/BERAZATEGUI-TENDRA-UN-NUEVO-COMPLEJO-CULTURAL-MUNICIPAL-2-1-300x225.jpeg","large":"https:\/\/diarioprincipios.com\/wp-content\/uploads\/2021\/04\/BERAZATEGUI-TENDRA-UN-NUEVO-COMPLEJO-CULTURAL-MUNICIPAL-2-1.jpeg"},"ams_acf":[],"yoast_head":"<!-- This site is optimized with the Yoast SEO plugin v27.3 - https:\/\/yoast.com\/product\/yoast-seo-wordpress\/ -->\n<title>&quot;La Casa de la Estaci\u00f3n&quot;, el nuevo Complejo Cultural Municipal que tendr\u00e1 Berazategui - Principios<\/title>\n<meta name=\"robots\" content=\"index, follow, max-snippet:-1, max-image-preview:large, max-video-preview:-1\" \/>\n<link rel=\"canonical\" href=\"https:\/\/diarioprincipios.com\/index.php\/2021\/04\/19\/la-casa-de-la-estacion-el-nuevo-complejo-cultural-municipal-que-tendra-berazategui\/\" \/>\n<meta property=\"og:locale\" content=\"es_ES\" \/>\n<meta property=\"og:type\" content=\"article\" \/>\n<meta property=\"og:title\" content=\"&quot;La Casa de la Estaci\u00f3n&quot;, el nuevo Complejo Cultural Municipal que tendr\u00e1 Berazategui - Principios\" \/>\n<meta property=\"og:description\" content=\"Dentro del Proyecto \u201cEstaciones\u201d de la Municipalidad de Berazategui, pr\u00f3ximamente se comenzar\u00e1 a proyectar el Complejo Municipal \u201cLa Casa de la Estaci\u00f3n\u201d, en Av. Sabin entre 362 y 363. Se trata de un espacio cedido por Trenes Argentinos, donde se llevar\u00e1 adelante una propuesta destinada a la infancia, el cuidado del ambiente y la sustentabilidad.\u00a0Entre...\" \/>\n<meta property=\"og:url\" content=\"https:\/\/diarioprincipios.com\/index.php\/2021\/04\/19\/la-casa-de-la-estacion-el-nuevo-complejo-cultural-municipal-que-tendra-berazategui\/\" \/>\n<meta property=\"og:site_name\" content=\"Principios\" \/>\n<meta property=\"article:published_time\" content=\"2021-04-20T01:13:59+00:00\" \/>\n<meta property=\"article:modified_time\" content=\"2021-04-20T01:14:05+00:00\" \/>\n<meta property=\"og:image\" content=\"https:\/\/diarioprincipios.com\/wp-content\/uploads\/2021\/04\/BERAZATEGUI-TENDRA-UN-NUEVO-COMPLEJO-CULTURAL-MUNICIPAL-2-1.jpeg\" \/>\n\t<meta property=\"og:image:width\" content=\"800\" \/>\n\t<meta property=\"og:image:height\" content=\"600\" \/>\n\t<meta property=\"og:image:type\" content=\"image\/jpeg\" \/>\n<meta name=\"author\" content=\"Hern\u00e1n L\u00f3pez\" \/>\n<meta name=\"twitter:card\" content=\"summary_large_image\" \/>\n<meta name=\"twitter:label1\" content=\"Escrito por\" \/>\n\t<meta name=\"twitter:data1\" content=\"Hern\u00e1n L\u00f3pez\" \/>\n\t<meta name=\"twitter:label2\" content=\"Tiempo de lectura\" \/>\n\t<meta name=\"twitter:data2\" content=\"3 minutos\" \/>\n<script type=\"application\/ld+json\" class=\"yoast-schema-graph\">{\"@context\":\"https:\\\/\\\/schema.org\",\"@graph\":[{\"@type\":\"Article\",\"@id\":\"https:\\\/\\\/diarioprincipios.com\\\/index.php\\\/2021\\\/04\\\/19\\\/la-casa-de-la-estacion-el-nuevo-complejo-cultural-municipal-que-tendra-berazategui\\\/#article\",\"isPartOf\":{\"@id\":\"https:\\\/\\\/diarioprincipios.com\\\/index.php\\\/2021\\\/04\\\/19\\\/la-casa-de-la-estacion-el-nuevo-complejo-cultural-municipal-que-tendra-berazategui\\\/\"},\"author\":{\"name\":\"Hern\u00e1n L\u00f3pez\",\"@id\":\"https:\\\/\\\/diarioprincipios.com\\\/#\\\/schema\\\/person\\\/436d5a1fd41a5e250e23ff5a6a7cb080\"},\"headline\":\"\u00abLa Casa de la Estaci\u00f3n\u00bb, el nuevo Complejo Cultural Municipal que tendr\u00e1 Berazategui\",\"datePublished\":\"2021-04-20T01:13:59+00:00\",\"dateModified\":\"2021-04-20T01:14:05+00:00\",\"mainEntityOfPage\":{\"@id\":\"https:\\\/\\\/diarioprincipios.com\\\/index.php\\\/2021\\\/04\\\/19\\\/la-casa-de-la-estacion-el-nuevo-complejo-cultural-municipal-que-tendra-berazategui\\\/\"},\"wordCount\":535,\"commentCount\":0,\"publisher\":{\"@id\":\"https:\\\/\\\/diarioprincipios.com\\\/#organization\"},\"image\":{\"@id\":\"https:\\\/\\\/diarioprincipios.com\\\/index.php\\\/2021\\\/04\\\/19\\\/la-casa-de-la-estacion-el-nuevo-complejo-cultural-municipal-que-tendra-berazategui\\\/#primaryimage\"},\"thumbnailUrl\":\"https:\\\/\\\/diarioprincipios.com\\\/wp-content\\\/uploads\\\/2021\\\/04\\\/BERAZATEGUI-TENDRA-UN-NUEVO-COMPLEJO-CULTURAL-MUNICIPAL-2-1.jpeg\",\"articleSection\":[\"Berazategui\"],\"inLanguage\":\"es\",\"potentialAction\":[{\"@type\":\"CommentAction\",\"name\":\"Comment\",\"target\":[\"https:\\\/\\\/diarioprincipios.com\\\/index.php\\\/2021\\\/04\\\/19\\\/la-casa-de-la-estacion-el-nuevo-complejo-cultural-municipal-que-tendra-berazategui\\\/#respond\"]}]},{\"@type\":\"WebPage\",\"@id\":\"https:\\\/\\\/diarioprincipios.com\\\/index.php\\\/2021\\\/04\\\/19\\\/la-casa-de-la-estacion-el-nuevo-complejo-cultural-municipal-que-tendra-berazategui\\\/\",\"url\":\"https:\\\/\\\/diarioprincipios.com\\\/index.php\\\/2021\\\/04\\\/19\\\/la-casa-de-la-estacion-el-nuevo-complejo-cultural-municipal-que-tendra-berazategui\\\/\",\"name\":\"\\\"La Casa de la Estaci\u00f3n\\\", el nuevo Complejo Cultural Municipal que tendr\u00e1 Berazategui - Principios\",\"isPartOf\":{\"@id\":\"https:\\\/\\\/diarioprincipios.com\\\/#website\"},\"primaryImageOfPage\":{\"@id\":\"https:\\\/\\\/diarioprincipios.com\\\/index.php\\\/2021\\\/04\\\/19\\\/la-casa-de-la-estacion-el-nuevo-complejo-cultural-municipal-que-tendra-berazategui\\\/#primaryimage\"},\"image\":{\"@id\":\"https:\\\/\\\/diarioprincipios.com\\\/index.php\\\/2021\\\/04\\\/19\\\/la-casa-de-la-estacion-el-nuevo-complejo-cultural-municipal-que-tendra-berazategui\\\/#primaryimage\"},\"thumbnailUrl\":\"https:\\\/\\\/diarioprincipios.com\\\/wp-content\\\/uploads\\\/2021\\\/04\\\/BERAZATEGUI-TENDRA-UN-NUEVO-COMPLEJO-CULTURAL-MUNICIPAL-2-1.jpeg\",\"datePublished\":\"2021-04-20T01:13:59+00:00\",\"dateModified\":\"2021-04-20T01:14:05+00:00\",\"breadcrumb\":{\"@id\":\"https:\\\/\\\/diarioprincipios.com\\\/index.php\\\/2021\\\/04\\\/19\\\/la-casa-de-la-estacion-el-nuevo-complejo-cultural-municipal-que-tendra-berazategui\\\/#breadcrumb\"},\"inLanguage\":\"es\",\"potentialAction\":[{\"@type\":\"ReadAction\",\"target\":[\"https:\\\/\\\/diarioprincipios.com\\\/index.php\\\/2021\\\/04\\\/19\\\/la-casa-de-la-estacion-el-nuevo-complejo-cultural-municipal-que-tendra-berazategui\\\/\"]}]},{\"@type\":\"ImageObject\",\"inLanguage\":\"es\",\"@id\":\"https:\\\/\\\/diarioprincipios.com\\\/index.php\\\/2021\\\/04\\\/19\\\/la-casa-de-la-estacion-el-nuevo-complejo-cultural-municipal-que-tendra-berazategui\\\/#primaryimage\",\"url\":\"https:\\\/\\\/diarioprincipios.com\\\/wp-content\\\/uploads\\\/2021\\\/04\\\/BERAZATEGUI-TENDRA-UN-NUEVO-COMPLEJO-CULTURAL-MUNICIPAL-2-1.jpeg\",\"contentUrl\":\"https:\\\/\\\/diarioprincipios.com\\\/wp-content\\\/uploads\\\/2021\\\/04\\\/BERAZATEGUI-TENDRA-UN-NUEVO-COMPLEJO-CULTURAL-MUNICIPAL-2-1.jpeg\",\"width\":800,\"height\":600},{\"@type\":\"BreadcrumbList\",\"@id\":\"https:\\\/\\\/diarioprincipios.com\\\/index.php\\\/2021\\\/04\\\/19\\\/la-casa-de-la-estacion-el-nuevo-complejo-cultural-municipal-que-tendra-berazategui\\\/#breadcrumb\",\"itemListElement\":[{\"@type\":\"ListItem\",\"position\":1,\"name\":\"Portada\",\"item\":\"https:\\\/\\\/diarioprincipios.com\\\/\"},{\"@type\":\"ListItem\",\"position\":2,\"name\":\"\u00abLa Casa de la Estaci\u00f3n\u00bb, el nuevo Complejo Cultural Municipal que tendr\u00e1 Berazategui\"}]},{\"@type\":\"WebSite\",\"@id\":\"https:\\\/\\\/diarioprincipios.com\\\/#website\",\"url\":\"https:\\\/\\\/diarioprincipios.com\\\/\",\"name\":\"Principios\",\"description\":\"Principios Diario\",\"publisher\":{\"@id\":\"https:\\\/\\\/diarioprincipios.com\\\/#organization\"},\"potentialAction\":[{\"@type\":\"SearchAction\",\"target\":{\"@type\":\"EntryPoint\",\"urlTemplate\":\"https:\\\/\\\/diarioprincipios.com\\\/?s={search_term_string}\"},\"query-input\":{\"@type\":\"PropertyValueSpecification\",\"valueRequired\":true,\"valueName\":\"search_term_string\"}}],\"inLanguage\":\"es\"},{\"@type\":\"Organization\",\"@id\":\"https:\\\/\\\/diarioprincipios.com\\\/#organization\",\"name\":\"Principios\",\"url\":\"https:\\\/\\\/diarioprincipios.com\\\/\",\"logo\":{\"@type\":\"ImageObject\",\"inLanguage\":\"es\",\"@id\":\"https:\\\/\\\/diarioprincipios.com\\\/#\\\/schema\\\/logo\\\/image\\\/\",\"url\":\"https:\\\/\\\/diarioprincipios.com\\\/wp-content\\\/uploads\\\/2024\\\/04\\\/cropped-www.diarioprincipios.com_-1.png\",\"contentUrl\":\"https:\\\/\\\/diarioprincipios.com\\\/wp-content\\\/uploads\\\/2024\\\/04\\\/cropped-www.diarioprincipios.com_-1.png\",\"width\":5325,\"height\":1454,\"caption\":\"Principios\"},\"image\":{\"@id\":\"https:\\\/\\\/diarioprincipios.com\\\/#\\\/schema\\\/logo\\\/image\\\/\"}},{\"@type\":\"Person\",\"@id\":\"https:\\\/\\\/diarioprincipios.com\\\/#\\\/schema\\\/person\\\/436d5a1fd41a5e250e23ff5a6a7cb080\",\"name\":\"Hern\u00e1n L\u00f3pez\",\"image\":{\"@type\":\"ImageObject\",\"inLanguage\":\"es\",\"@id\":\"https:\\\/\\\/diarioprincipios.com\\\/wp-content\\\/litespeed\\\/avatar\\\/11ddfe5610ff3bd100522525b2571f48.jpg?ver=1777048341\",\"url\":\"https:\\\/\\\/diarioprincipios.com\\\/wp-content\\\/litespeed\\\/avatar\\\/11ddfe5610ff3bd100522525b2571f48.jpg?ver=1777048341\",\"contentUrl\":\"https:\\\/\\\/diarioprincipios.com\\\/wp-content\\\/litespeed\\\/avatar\\\/11ddfe5610ff3bd100522525b2571f48.jpg?ver=1777048341\",\"caption\":\"Hern\u00e1n L\u00f3pez\"},\"url\":\"https:\\\/\\\/diarioprincipios.com\\\/index.php\\\/author\\\/hernan\\\/\"}]}<\/script>\n<!-- \/ Yoast SEO plugin. -->","yoast_head_json":{"title":"\"La Casa de la Estaci\u00f3n\", el nuevo Complejo Cultural Municipal que tendr\u00e1 Berazategui - Principios","robots":{"index":"index","follow":"follow","max-snippet":"max-snippet:-1","max-image-preview":"max-image-preview:large","max-video-preview":"max-video-preview:-1"},"canonical":"https:\/\/diarioprincipios.com\/index.php\/2021\/04\/19\/la-casa-de-la-estacion-el-nuevo-complejo-cultural-municipal-que-tendra-berazategui\/","og_locale":"es_ES","og_type":"article","og_title":"\"La Casa de la Estaci\u00f3n\", el nuevo Complejo Cultural Municipal que tendr\u00e1 Berazategui - Principios","og_description":"Dentro del Proyecto \u201cEstaciones\u201d de la Municipalidad de Berazategui, pr\u00f3ximamente se comenzar\u00e1 a proyectar el Complejo Municipal \u201cLa Casa de la Estaci\u00f3n\u201d, en Av. Sabin entre 362 y 363. Se trata de un espacio cedido por Trenes Argentinos, donde se llevar\u00e1 adelante una propuesta destinada a la infancia, el cuidado del ambiente y la sustentabilidad.\u00a0Entre...","og_url":"https:\/\/diarioprincipios.com\/index.php\/2021\/04\/19\/la-casa-de-la-estacion-el-nuevo-complejo-cultural-municipal-que-tendra-berazategui\/","og_site_name":"Principios","article_published_time":"2021-04-20T01:13:59+00:00","article_modified_time":"2021-04-20T01:14:05+00:00","og_image":[{"width":800,"height":600,"url":"https:\/\/diarioprincipios.com\/wp-content\/uploads\/2021\/04\/BERAZATEGUI-TENDRA-UN-NUEVO-COMPLEJO-CULTURAL-MUNICIPAL-2-1.jpeg","type":"image\/jpeg"}],"author":"Hern\u00e1n L\u00f3pez","twitter_card":"summary_large_image","twitter_misc":{"Escrito por":"Hern\u00e1n L\u00f3pez","Tiempo de lectura":"3 minutos"},"schema":{"@context":"https:\/\/schema.org","@graph":[{"@type":"Article","@id":"https:\/\/diarioprincipios.com\/index.php\/2021\/04\/19\/la-casa-de-la-estacion-el-nuevo-complejo-cultural-municipal-que-tendra-berazategui\/#article","isPartOf":{"@id":"https:\/\/diarioprincipios.com\/index.php\/2021\/04\/19\/la-casa-de-la-estacion-el-nuevo-complejo-cultural-municipal-que-tendra-berazategui\/"},"author":{"name":"Hern\u00e1n L\u00f3pez","@id":"https:\/\/diarioprincipios.com\/#\/schema\/person\/436d5a1fd41a5e250e23ff5a6a7cb080"},"headline":"\u00abLa Casa de la Estaci\u00f3n\u00bb, el nuevo Complejo Cultural Municipal que tendr\u00e1 Berazategui","datePublished":"2021-04-20T01:13:59+00:00","dateModified":"2021-04-20T01:14:05+00:00","mainEntityOfPage":{"@id":"https:\/\/diarioprincipios.com\/index.php\/2021\/04\/19\/la-casa-de-la-estacion-el-nuevo-complejo-cultural-municipal-que-tendra-berazategui\/"},"wordCount":535,"commentCount":0,"publisher":{"@id":"https:\/\/diarioprincipios.com\/#organization"},"image":{"@id":"https:\/\/diarioprincipios.com\/index.php\/2021\/04\/19\/la-casa-de-la-estacion-el-nuevo-complejo-cultural-municipal-que-tendra-berazategui\/#primaryimage"},"thumbnailUrl":"https:\/\/diarioprincipios.com\/wp-content\/uploads\/2021\/04\/BERAZATEGUI-TENDRA-UN-NUEVO-COMPLEJO-CULTURAL-MUNICIPAL-2-1.jpeg","articleSection":["Berazategui"],"inLanguage":"es","potentialAction":[{"@type":"CommentAction","name":"Comment","target":["https:\/\/diarioprincipios.com\/index.php\/2021\/04\/19\/la-casa-de-la-estacion-el-nuevo-complejo-cultural-municipal-que-tendra-berazategui\/#respond"]}]},{"@type":"WebPage","@id":"https:\/\/diarioprincipios.com\/index.php\/2021\/04\/19\/la-casa-de-la-estacion-el-nuevo-complejo-cultural-municipal-que-tendra-berazategui\/","url":"https:\/\/diarioprincipios.com\/index.php\/2021\/04\/19\/la-casa-de-la-estacion-el-nuevo-complejo-cultural-municipal-que-tendra-berazategui\/","name":"\"La Casa de la Estaci\u00f3n\", el nuevo Complejo Cultural Municipal que tendr\u00e1 Berazategui - Principios","isPartOf":{"@id":"https:\/\/diarioprincipios.com\/#website"},"primaryImageOfPage":{"@id":"https:\/\/diarioprincipios.com\/index.php\/2021\/04\/19\/la-casa-de-la-estacion-el-nuevo-complejo-cultural-municipal-que-tendra-berazategui\/#primaryimage"},"image":{"@id":"https:\/\/diarioprincipios.com\/index.php\/2021\/04\/19\/la-casa-de-la-estacion-el-nuevo-complejo-cultural-municipal-que-tendra-berazategui\/#primaryimage"},"thumbnailUrl":"https:\/\/diarioprincipios.com\/wp-content\/uploads\/2021\/04\/BERAZATEGUI-TENDRA-UN-NUEVO-COMPLEJO-CULTURAL-MUNICIPAL-2-1.jpeg","datePublished":"2021-04-20T01:13:59+00:00","dateModified":"2021-04-20T01:14:05+00:00","breadcrumb":{"@id":"https:\/\/diarioprincipios.com\/index.php\/2021\/04\/19\/la-casa-de-la-estacion-el-nuevo-complejo-cultural-municipal-que-tendra-berazategui\/#breadcrumb"},"inLanguage":"es","potentialAction":[{"@type":"ReadAction","target":["https:\/\/diarioprincipios.com\/index.php\/2021\/04\/19\/la-casa-de-la-estacion-el-nuevo-complejo-cultural-municipal-que-tendra-berazategui\/"]}]},{"@type":"ImageObject","inLanguage":"es","@id":"https:\/\/diarioprincipios.com\/index.php\/2021\/04\/19\/la-casa-de-la-estacion-el-nuevo-complejo-cultural-municipal-que-tendra-berazategui\/#primaryimage","url":"https:\/\/diarioprincipios.com\/wp-content\/uploads\/2021\/04\/BERAZATEGUI-TENDRA-UN-NUEVO-COMPLEJO-CULTURAL-MUNICIPAL-2-1.jpeg","contentUrl":"https:\/\/diarioprincipios.com\/wp-content\/uploads\/2021\/04\/BERAZATEGUI-TENDRA-UN-NUEVO-COMPLEJO-CULTURAL-MUNICIPAL-2-1.jpeg","width":800,"height":600},{"@type":"BreadcrumbList","@id":"https:\/\/diarioprincipios.com\/index.php\/2021\/04\/19\/la-casa-de-la-estacion-el-nuevo-complejo-cultural-municipal-que-tendra-berazategui\/#breadcrumb","itemListElement":[{"@type":"ListItem","position":1,"name":"Portada","item":"https:\/\/diarioprincipios.com\/"},{"@type":"ListItem","position":2,"name":"\u00abLa Casa de la Estaci\u00f3n\u00bb, el nuevo Complejo Cultural Municipal que tendr\u00e1 Berazategui"}]},{"@type":"WebSite","@id":"https:\/\/diarioprincipios.com\/#website","url":"https:\/\/diarioprincipios.com\/","name":"Principios","description":"Principios Diario","publisher":{"@id":"https:\/\/diarioprincipios.com\/#organization"},"potentialAction":[{"@type":"SearchAction","target":{"@type":"EntryPoint","urlTemplate":"https:\/\/diarioprincipios.com\/?s={search_term_string}"},"query-input":{"@type":"PropertyValueSpecification","valueRequired":true,"valueName":"search_term_string"}}],"inLanguage":"es"},{"@type":"Organization","@id":"https:\/\/diarioprincipios.com\/#organization","name":"Principios","url":"https:\/\/diarioprincipios.com\/","logo":{"@type":"ImageObject","inLanguage":"es","@id":"https:\/\/diarioprincipios.com\/#\/schema\/logo\/image\/","url":"https:\/\/diarioprincipios.com\/wp-content\/uploads\/2024\/04\/cropped-www.diarioprincipios.com_-1.png","contentUrl":"https:\/\/diarioprincipios.com\/wp-content\/uploads\/2024\/04\/cropped-www.diarioprincipios.com_-1.png","width":5325,"height":1454,"caption":"Principios"},"image":{"@id":"https:\/\/diarioprincipios.com\/#\/schema\/logo\/image\/"}},{"@type":"Person","@id":"https:\/\/diarioprincipios.com\/#\/schema\/person\/436d5a1fd41a5e250e23ff5a6a7cb080","name":"Hern\u00e1n L\u00f3pez","image":{"@type":"ImageObject","inLanguage":"es","@id":"https:\/\/diarioprincipios.com\/wp-content\/litespeed\/avatar\/11ddfe5610ff3bd100522525b2571f48.jpg?ver=1777048341","url":"https:\/\/diarioprincipios.com\/wp-content\/litespeed\/avatar\/11ddfe5610ff3bd100522525b2571f48.jpg?ver=1777048341","contentUrl":"https:\/\/diarioprincipios.com\/wp-content\/litespeed\/avatar\/11ddfe5610ff3bd100522525b2571f48.jpg?ver=1777048341","caption":"Hern\u00e1n L\u00f3pez"},"url":"https:\/\/diarioprincipios.com\/index.php\/author\/hernan\/"}]}},"jetpack_featured_media_url":"https:\/\/diarioprincipios.com\/wp-content\/uploads\/2021\/04\/BERAZATEGUI-TENDRA-UN-NUEVO-COMPLEJO-CULTURAL-MUNICIPAL-2-1.jpeg","_links":{"self":[{"href":"https:\/\/diarioprincipios.com\/index.php\/wp-json\/wp\/v2\/posts\/9523","targetHints":{"allow":["GET"]}}],"collection":[{"href":"https:\/\/diarioprincipios.com\/index.php\/wp-json\/wp\/v2\/posts"}],"about":[{"href":"https:\/\/diarioprincipios.com\/index.php\/wp-json\/wp\/v2\/types\/post"}],"author":[{"embeddable":true,"href":"https:\/\/diarioprincipios.com\/index.php\/wp-json\/wp\/v2\/users\/2"}],"replies":[{"embeddable":true,"href":"https:\/\/diarioprincipios.com\/index.php\/wp-json\/wp\/v2\/comments?post=9523"}],"version-history":[{"count":1,"href":"https:\/\/diarioprincipios.com\/index.php\/wp-json\/wp\/v2\/posts\/9523\/revisions"}],"predecessor-version":[{"id":9527,"href":"https:\/\/diarioprincipios.com\/index.php\/wp-json\/wp\/v2\/posts\/9523\/revisions\/9527"}],"wp:featuredmedia":[{"embeddable":true,"href":"https:\/\/diarioprincipios.com\/index.php\/wp-json\/wp\/v2\/media\/9526"}],"wp:attachment":[{"href":"https:\/\/diarioprincipios.com\/index.php\/wp-json\/wp\/v2\/media?parent=9523"}],"wp:term":[{"taxonomy":"category","embeddable":true,"href":"https:\/\/diarioprincipios.com\/index.php\/wp-json\/wp\/v2\/categories?post=9523"},{"taxonomy":"post_tag","embeddable":true,"href":"https:\/\/diarioprincipios.com\/index.php\/wp-json\/wp\/v2\/tags?post=9523"}],"curies":[{"name":"wp","href":"https:\/\/api.w.org\/{rel}","templated":true}]}}