{"id":9520,"date":"2021-04-19T21:13:00","date_gmt":"2021-04-20T00:13:00","guid":{"rendered":"http:\/\/diarioprincipios.com\/?p=9520"},"modified":"2021-04-19T21:13:03","modified_gmt":"2021-04-20T00:13:03","slug":"los-comercios-de-berazategui-se-siguen-sumando-al-programa-compra-mas-cerca","status":"publish","type":"post","link":"https:\/\/diarioprincipios.com\/index.php\/2021\/04\/19\/los-comercios-de-berazategui-se-siguen-sumando-al-programa-compra-mas-cerca\/","title":{"rendered":"Los comercios de Berazategui se siguen sumando al Programa \u00abCompr\u00e1 m\u00e1s Cerca\u00bb"},"content":{"rendered":"\n<p><strong>En el marco de la implementaci\u00f3n del Programa provincial \u201cCompr\u00e1 m\u00e1s Cerca\u201d, cada vez son m\u00e1s los autoservicios barriales de Berazategui que se suman para dar un mayor impulso a su actividad comercial y cuidar la econom\u00eda de los consumidores. Este es el caso de los supermercados \u201cSuper Coco\u201d (Pl\u00e1tanos) y \u201cSan Agust\u00edn\u201d (Centro).<\/strong><br>\u201cBerazategui fue uno de los primeros municipios que adhiri\u00f3 al Programa provincial, que complementa el trabajo que se viene realizando a nivel nacional con \u2018Precios Cuidados\u2019 y est\u00e1 dirigido a comercios locales para que tambi\u00e9n tengan una alternativa para llegar a los vecinos con precios m\u00e1s econ\u00f3micos\u201d, asegur\u00f3 Federico Sequeira, en representaci\u00f3n de la Secretar\u00eda de Trabajo municipal.<br>Asimismo, detall\u00f3: \u201cLa canasta del Programa consta de 23 productos que, a diferencia de \u2018Precios Cuidados\u2019, no establece una marca espec\u00edfica sino que cada comercio puede elegir la que mejor se ajuste\u201d. Estos pueden ser identificados en las g\u00f3ndolas mediante la se\u00f1al\u00e9tica del Programa.<br>Por su parte, la due\u00f1a de \u201cSuper Coco\u201d, Miriam Coco, explic\u00f3: \u201cAdherimos a \u2018Compr\u00e1 m\u00e1s Cerca\u2019 porque consideramos que es un beneficio no solo para nosotros sino tambi\u00e9n para los clientes. De esta manera, nos volvemos competitivos ante los hipermercados y los vecinos acceden a mejores precios de la canasta b\u00e1sica familiar\u201d. Y agreg\u00f3: \u201cCuantos m\u00e1s estemos participando mucho mejor, por eso recomendamos que todos los comercios de la zona se adhieran al programa\u201d.<br>En tanto, el encargado del Supermercado \u201cSan Agust\u00edn\u201d, Nicol\u00e1s Lucidi, destac\u00f3: \u201cDesde la Secretar\u00eda de Trabajo del Municipio nos invitaron a sumarnos a esta propuesta, que ofrece una importante variedad de mercader\u00eda para que los vecinos puedan acceder. La canasta contiene alimentos, bebidas, productos de higiene personal y de limpieza\u201d.<br>\u201cCompr\u00e1 M\u00e1s Cerca\u201d permite fijar precios por tres meses en los comercios. Tiene como objetivo favorecer la econom\u00eda de los consumidores y fomentar la actividad comercial en autoservicios y supermercados barriales. Los comerciantes que deseen adherirse al Programa, pueden hacerlo completando el formulario online en\u00a0<a rel=\"noreferrer noopener\" target=\"_blank\" href=\"http:\/\/berazategui.gob.ar\/acuerdosdeprecios\">berazategui.gob.ar\/acuerdosdeprecios<\/a>. Luego se los contactar\u00e1 para confirmar el tr\u00e1mite.<br>Esta iniciativa provincial complementa pol\u00edticas ya llevadas a cabo por el Municipio berazateguense, como la Feria Itinerante Mercado Vecino, acuerdos de Precios Sugeridos y Solidarios, adem\u00e1s del Programa G\u00f3ndola Local, entre otras.<\/p>\n\n\n\n<figure class=\"wp-block-image\"><img decoding=\"async\" src=\"https:\/\/ecp.yusercontent.com\/mail?url=https%3A%2F%2Fdocs.google.com%2Fuc%3Fexport%3Ddownload%26id%3D1O9ySDGVjFwLiWj3yWiMdjtCw6pHI7T-F%26revid%3D0B9CZhG6aa0VidWpSQjZNZGVndGpYeWM5ZWtiUFNuM1JQV3U4PQ&amp;t=1618866921&amp;ymreqid=5799fcab-b43d-2794-2265-f8001101a500&amp;sig=yecCVezXifAgDvxxDL_cAA--~D\" alt=\"\"\/><\/figure>\n","protected":false},"excerpt":{"rendered":"<p>En el marco de la implementaci\u00f3n del Programa provincial \u201cCompr\u00e1 m\u00e1s Cerca\u201d, cada vez son m\u00e1s los autoservicios barriales de Berazategui que se suman para dar un mayor impulso a su actividad comercial y cuidar la econom\u00eda de los consumidores. Este es el caso de los supermercados \u201cSuper Coco\u201d (Pl\u00e1tanos) y \u201cSan Agust\u00edn\u201d (Centro).\u201cBerazategui fue&#8230;<\/p>\n","protected":false},"author":2,"featured_media":9521,"comment_status":"open","ping_status":"open","sticky":false,"template":"","format":"standard","meta":{"footnotes":""},"categories":[3],"tags":[],"class_list":["post-9520","post","type-post","status-publish","format-standard","has-post-thumbnail","hentry","category-berazategui"],"featured_image_src":"https:\/\/diarioprincipios.com\/wp-content\/uploads\/2021\/04\/LOS-COMERCIOS-DE-BERAZATEGUI-SE-SIGUEN-SUMANDO-AL-PROGRAMA-COMPRA-MAS-CERCA-2-1024x683.jpg","blog_images":{"medium":"https:\/\/diarioprincipios.com\/wp-content\/uploads\/2021\/04\/LOS-COMERCIOS-DE-BERAZATEGUI-SE-SIGUEN-SUMANDO-AL-PROGRAMA-COMPRA-MAS-CERCA-2-300x200.jpg","large":"https:\/\/diarioprincipios.com\/wp-content\/uploads\/2021\/04\/LOS-COMERCIOS-DE-BERAZATEGUI-SE-SIGUEN-SUMANDO-AL-PROGRAMA-COMPRA-MAS-CERCA-2-1024x683.jpg"},"ams_acf":[],"yoast_head":"<!-- This site is optimized with the Yoast SEO plugin v27.3 - https:\/\/yoast.com\/product\/yoast-seo-wordpress\/ -->\n<title>Los comercios de Berazategui se siguen sumando al Programa &quot;Compr\u00e1 m\u00e1s Cerca&quot; - Principios<\/title>\n<meta name=\"robots\" content=\"index, follow, max-snippet:-1, max-image-preview:large, max-video-preview:-1\" \/>\n<link rel=\"canonical\" href=\"https:\/\/diarioprincipios.com\/index.php\/2021\/04\/19\/los-comercios-de-berazategui-se-siguen-sumando-al-programa-compra-mas-cerca\/\" \/>\n<meta property=\"og:locale\" content=\"es_ES\" \/>\n<meta property=\"og:type\" content=\"article\" \/>\n<meta property=\"og:title\" content=\"Los comercios de Berazategui se siguen sumando al Programa &quot;Compr\u00e1 m\u00e1s Cerca&quot; - Principios\" \/>\n<meta property=\"og:description\" content=\"En el marco de la implementaci\u00f3n del Programa provincial \u201cCompr\u00e1 m\u00e1s Cerca\u201d, cada vez son m\u00e1s los autoservicios barriales de Berazategui que se suman para dar un mayor impulso a su actividad comercial y cuidar la econom\u00eda de los consumidores. Este es el caso de los supermercados \u201cSuper Coco\u201d (Pl\u00e1tanos) y \u201cSan Agust\u00edn\u201d (Centro).\u201cBerazategui fue...\" \/>\n<meta property=\"og:url\" content=\"https:\/\/diarioprincipios.com\/index.php\/2021\/04\/19\/los-comercios-de-berazategui-se-siguen-sumando-al-programa-compra-mas-cerca\/\" \/>\n<meta property=\"og:site_name\" content=\"Principios\" \/>\n<meta property=\"article:published_time\" content=\"2021-04-20T00:13:00+00:00\" \/>\n<meta property=\"article:modified_time\" content=\"2021-04-20T00:13:03+00:00\" \/>\n<meta property=\"og:image\" content=\"https:\/\/diarioprincipios.com\/wp-content\/uploads\/2021\/04\/LOS-COMERCIOS-DE-BERAZATEGUI-SE-SIGUEN-SUMANDO-AL-PROGRAMA-COMPRA-MAS-CERCA-2.jpg\" \/>\n\t<meta property=\"og:image:width\" content=\"1920\" \/>\n\t<meta property=\"og:image:height\" content=\"1280\" \/>\n\t<meta property=\"og:image:type\" content=\"image\/jpeg\" \/>\n<meta name=\"author\" content=\"Hern\u00e1n L\u00f3pez\" \/>\n<meta name=\"twitter:card\" content=\"summary_large_image\" \/>\n<meta name=\"twitter:label1\" content=\"Escrito por\" \/>\n\t<meta name=\"twitter:data1\" content=\"Hern\u00e1n L\u00f3pez\" \/>\n\t<meta name=\"twitter:label2\" content=\"Tiempo de lectura\" \/>\n\t<meta name=\"twitter:data2\" content=\"2 minutos\" \/>\n<script type=\"application\/ld+json\" class=\"yoast-schema-graph\">{\"@context\":\"https:\\\/\\\/schema.org\",\"@graph\":[{\"@type\":\"Article\",\"@id\":\"https:\\\/\\\/diarioprincipios.com\\\/index.php\\\/2021\\\/04\\\/19\\\/los-comercios-de-berazategui-se-siguen-sumando-al-programa-compra-mas-cerca\\\/#article\",\"isPartOf\":{\"@id\":\"https:\\\/\\\/diarioprincipios.com\\\/index.php\\\/2021\\\/04\\\/19\\\/los-comercios-de-berazategui-se-siguen-sumando-al-programa-compra-mas-cerca\\\/\"},\"author\":{\"name\":\"Hern\u00e1n L\u00f3pez\",\"@id\":\"https:\\\/\\\/diarioprincipios.com\\\/#\\\/schema\\\/person\\\/436d5a1fd41a5e250e23ff5a6a7cb080\"},\"headline\":\"Los comercios de Berazategui se siguen sumando al Programa \u00abCompr\u00e1 m\u00e1s Cerca\u00bb\",\"datePublished\":\"2021-04-20T00:13:00+00:00\",\"dateModified\":\"2021-04-20T00:13:03+00:00\",\"mainEntityOfPage\":{\"@id\":\"https:\\\/\\\/diarioprincipios.com\\\/index.php\\\/2021\\\/04\\\/19\\\/los-comercios-de-berazategui-se-siguen-sumando-al-programa-compra-mas-cerca\\\/\"},\"wordCount\":411,\"commentCount\":0,\"publisher\":{\"@id\":\"https:\\\/\\\/diarioprincipios.com\\\/#organization\"},\"image\":{\"@id\":\"https:\\\/\\\/diarioprincipios.com\\\/index.php\\\/2021\\\/04\\\/19\\\/los-comercios-de-berazategui-se-siguen-sumando-al-programa-compra-mas-cerca\\\/#primaryimage\"},\"thumbnailUrl\":\"https:\\\/\\\/diarioprincipios.com\\\/wp-content\\\/uploads\\\/2021\\\/04\\\/LOS-COMERCIOS-DE-BERAZATEGUI-SE-SIGUEN-SUMANDO-AL-PROGRAMA-COMPRA-MAS-CERCA-2.jpg\",\"articleSection\":[\"Berazategui\"],\"inLanguage\":\"es\",\"potentialAction\":[{\"@type\":\"CommentAction\",\"name\":\"Comment\",\"target\":[\"https:\\\/\\\/diarioprincipios.com\\\/index.php\\\/2021\\\/04\\\/19\\\/los-comercios-de-berazategui-se-siguen-sumando-al-programa-compra-mas-cerca\\\/#respond\"]}]},{\"@type\":\"WebPage\",\"@id\":\"https:\\\/\\\/diarioprincipios.com\\\/index.php\\\/2021\\\/04\\\/19\\\/los-comercios-de-berazategui-se-siguen-sumando-al-programa-compra-mas-cerca\\\/\",\"url\":\"https:\\\/\\\/diarioprincipios.com\\\/index.php\\\/2021\\\/04\\\/19\\\/los-comercios-de-berazategui-se-siguen-sumando-al-programa-compra-mas-cerca\\\/\",\"name\":\"Los comercios de Berazategui se siguen sumando al Programa \\\"Compr\u00e1 m\u00e1s Cerca\\\" - Principios\",\"isPartOf\":{\"@id\":\"https:\\\/\\\/diarioprincipios.com\\\/#website\"},\"primaryImageOfPage\":{\"@id\":\"https:\\\/\\\/diarioprincipios.com\\\/index.php\\\/2021\\\/04\\\/19\\\/los-comercios-de-berazategui-se-siguen-sumando-al-programa-compra-mas-cerca\\\/#primaryimage\"},\"image\":{\"@id\":\"https:\\\/\\\/diarioprincipios.com\\\/index.php\\\/2021\\\/04\\\/19\\\/los-comercios-de-berazategui-se-siguen-sumando-al-programa-compra-mas-cerca\\\/#primaryimage\"},\"thumbnailUrl\":\"https:\\\/\\\/diarioprincipios.com\\\/wp-content\\\/uploads\\\/2021\\\/04\\\/LOS-COMERCIOS-DE-BERAZATEGUI-SE-SIGUEN-SUMANDO-AL-PROGRAMA-COMPRA-MAS-CERCA-2.jpg\",\"datePublished\":\"2021-04-20T00:13:00+00:00\",\"dateModified\":\"2021-04-20T00:13:03+00:00\",\"breadcrumb\":{\"@id\":\"https:\\\/\\\/diarioprincipios.com\\\/index.php\\\/2021\\\/04\\\/19\\\/los-comercios-de-berazategui-se-siguen-sumando-al-programa-compra-mas-cerca\\\/#breadcrumb\"},\"inLanguage\":\"es\",\"potentialAction\":[{\"@type\":\"ReadAction\",\"target\":[\"https:\\\/\\\/diarioprincipios.com\\\/index.php\\\/2021\\\/04\\\/19\\\/los-comercios-de-berazategui-se-siguen-sumando-al-programa-compra-mas-cerca\\\/\"]}]},{\"@type\":\"ImageObject\",\"inLanguage\":\"es\",\"@id\":\"https:\\\/\\\/diarioprincipios.com\\\/index.php\\\/2021\\\/04\\\/19\\\/los-comercios-de-berazategui-se-siguen-sumando-al-programa-compra-mas-cerca\\\/#primaryimage\",\"url\":\"https:\\\/\\\/diarioprincipios.com\\\/wp-content\\\/uploads\\\/2021\\\/04\\\/LOS-COMERCIOS-DE-BERAZATEGUI-SE-SIGUEN-SUMANDO-AL-PROGRAMA-COMPRA-MAS-CERCA-2.jpg\",\"contentUrl\":\"https:\\\/\\\/diarioprincipios.com\\\/wp-content\\\/uploads\\\/2021\\\/04\\\/LOS-COMERCIOS-DE-BERAZATEGUI-SE-SIGUEN-SUMANDO-AL-PROGRAMA-COMPRA-MAS-CERCA-2.jpg\",\"width\":1920,\"height\":1280},{\"@type\":\"BreadcrumbList\",\"@id\":\"https:\\\/\\\/diarioprincipios.com\\\/index.php\\\/2021\\\/04\\\/19\\\/los-comercios-de-berazategui-se-siguen-sumando-al-programa-compra-mas-cerca\\\/#breadcrumb\",\"itemListElement\":[{\"@type\":\"ListItem\",\"position\":1,\"name\":\"Portada\",\"item\":\"https:\\\/\\\/diarioprincipios.com\\\/\"},{\"@type\":\"ListItem\",\"position\":2,\"name\":\"Los comercios de Berazategui se siguen sumando al Programa \u00abCompr\u00e1 m\u00e1s Cerca\u00bb\"}]},{\"@type\":\"WebSite\",\"@id\":\"https:\\\/\\\/diarioprincipios.com\\\/#website\",\"url\":\"https:\\\/\\\/diarioprincipios.com\\\/\",\"name\":\"Principios\",\"description\":\"Principios Diario\",\"publisher\":{\"@id\":\"https:\\\/\\\/diarioprincipios.com\\\/#organization\"},\"potentialAction\":[{\"@type\":\"SearchAction\",\"target\":{\"@type\":\"EntryPoint\",\"urlTemplate\":\"https:\\\/\\\/diarioprincipios.com\\\/?s={search_term_string}\"},\"query-input\":{\"@type\":\"PropertyValueSpecification\",\"valueRequired\":true,\"valueName\":\"search_term_string\"}}],\"inLanguage\":\"es\"},{\"@type\":\"Organization\",\"@id\":\"https:\\\/\\\/diarioprincipios.com\\\/#organization\",\"name\":\"Principios\",\"url\":\"https:\\\/\\\/diarioprincipios.com\\\/\",\"logo\":{\"@type\":\"ImageObject\",\"inLanguage\":\"es\",\"@id\":\"https:\\\/\\\/diarioprincipios.com\\\/#\\\/schema\\\/logo\\\/image\\\/\",\"url\":\"https:\\\/\\\/diarioprincipios.com\\\/wp-content\\\/uploads\\\/2024\\\/04\\\/cropped-www.diarioprincipios.com_-1.png\",\"contentUrl\":\"https:\\\/\\\/diarioprincipios.com\\\/wp-content\\\/uploads\\\/2024\\\/04\\\/cropped-www.diarioprincipios.com_-1.png\",\"width\":5325,\"height\":1454,\"caption\":\"Principios\"},\"image\":{\"@id\":\"https:\\\/\\\/diarioprincipios.com\\\/#\\\/schema\\\/logo\\\/image\\\/\"}},{\"@type\":\"Person\",\"@id\":\"https:\\\/\\\/diarioprincipios.com\\\/#\\\/schema\\\/person\\\/436d5a1fd41a5e250e23ff5a6a7cb080\",\"name\":\"Hern\u00e1n L\u00f3pez\",\"image\":{\"@type\":\"ImageObject\",\"inLanguage\":\"es\",\"@id\":\"https:\\\/\\\/diarioprincipios.com\\\/wp-content\\\/litespeed\\\/avatar\\\/11ddfe5610ff3bd100522525b2571f48.jpg?ver=1777048341\",\"url\":\"https:\\\/\\\/diarioprincipios.com\\\/wp-content\\\/litespeed\\\/avatar\\\/11ddfe5610ff3bd100522525b2571f48.jpg?ver=1777048341\",\"contentUrl\":\"https:\\\/\\\/diarioprincipios.com\\\/wp-content\\\/litespeed\\\/avatar\\\/11ddfe5610ff3bd100522525b2571f48.jpg?ver=1777048341\",\"caption\":\"Hern\u00e1n L\u00f3pez\"},\"url\":\"https:\\\/\\\/diarioprincipios.com\\\/index.php\\\/author\\\/hernan\\\/\"}]}<\/script>\n<!-- \/ Yoast SEO plugin. -->","yoast_head_json":{"title":"Los comercios de Berazategui se siguen sumando al Programa \"Compr\u00e1 m\u00e1s Cerca\" - Principios","robots":{"index":"index","follow":"follow","max-snippet":"max-snippet:-1","max-image-preview":"max-image-preview:large","max-video-preview":"max-video-preview:-1"},"canonical":"https:\/\/diarioprincipios.com\/index.php\/2021\/04\/19\/los-comercios-de-berazategui-se-siguen-sumando-al-programa-compra-mas-cerca\/","og_locale":"es_ES","og_type":"article","og_title":"Los comercios de Berazategui se siguen sumando al Programa \"Compr\u00e1 m\u00e1s Cerca\" - Principios","og_description":"En el marco de la implementaci\u00f3n del Programa provincial \u201cCompr\u00e1 m\u00e1s Cerca\u201d, cada vez son m\u00e1s los autoservicios barriales de Berazategui que se suman para dar un mayor impulso a su actividad comercial y cuidar la econom\u00eda de los consumidores. Este es el caso de los supermercados \u201cSuper Coco\u201d (Pl\u00e1tanos) y \u201cSan Agust\u00edn\u201d (Centro).\u201cBerazategui fue...","og_url":"https:\/\/diarioprincipios.com\/index.php\/2021\/04\/19\/los-comercios-de-berazategui-se-siguen-sumando-al-programa-compra-mas-cerca\/","og_site_name":"Principios","article_published_time":"2021-04-20T00:13:00+00:00","article_modified_time":"2021-04-20T00:13:03+00:00","og_image":[{"width":1920,"height":1280,"url":"https:\/\/diarioprincipios.com\/wp-content\/uploads\/2021\/04\/LOS-COMERCIOS-DE-BERAZATEGUI-SE-SIGUEN-SUMANDO-AL-PROGRAMA-COMPRA-MAS-CERCA-2.jpg","type":"image\/jpeg"}],"author":"Hern\u00e1n L\u00f3pez","twitter_card":"summary_large_image","twitter_misc":{"Escrito por":"Hern\u00e1n L\u00f3pez","Tiempo de lectura":"2 minutos"},"schema":{"@context":"https:\/\/schema.org","@graph":[{"@type":"Article","@id":"https:\/\/diarioprincipios.com\/index.php\/2021\/04\/19\/los-comercios-de-berazategui-se-siguen-sumando-al-programa-compra-mas-cerca\/#article","isPartOf":{"@id":"https:\/\/diarioprincipios.com\/index.php\/2021\/04\/19\/los-comercios-de-berazategui-se-siguen-sumando-al-programa-compra-mas-cerca\/"},"author":{"name":"Hern\u00e1n L\u00f3pez","@id":"https:\/\/diarioprincipios.com\/#\/schema\/person\/436d5a1fd41a5e250e23ff5a6a7cb080"},"headline":"Los comercios de Berazategui se siguen sumando al Programa \u00abCompr\u00e1 m\u00e1s Cerca\u00bb","datePublished":"2021-04-20T00:13:00+00:00","dateModified":"2021-04-20T00:13:03+00:00","mainEntityOfPage":{"@id":"https:\/\/diarioprincipios.com\/index.php\/2021\/04\/19\/los-comercios-de-berazategui-se-siguen-sumando-al-programa-compra-mas-cerca\/"},"wordCount":411,"commentCount":0,"publisher":{"@id":"https:\/\/diarioprincipios.com\/#organization"},"image":{"@id":"https:\/\/diarioprincipios.com\/index.php\/2021\/04\/19\/los-comercios-de-berazategui-se-siguen-sumando-al-programa-compra-mas-cerca\/#primaryimage"},"thumbnailUrl":"https:\/\/diarioprincipios.com\/wp-content\/uploads\/2021\/04\/LOS-COMERCIOS-DE-BERAZATEGUI-SE-SIGUEN-SUMANDO-AL-PROGRAMA-COMPRA-MAS-CERCA-2.jpg","articleSection":["Berazategui"],"inLanguage":"es","potentialAction":[{"@type":"CommentAction","name":"Comment","target":["https:\/\/diarioprincipios.com\/index.php\/2021\/04\/19\/los-comercios-de-berazategui-se-siguen-sumando-al-programa-compra-mas-cerca\/#respond"]}]},{"@type":"WebPage","@id":"https:\/\/diarioprincipios.com\/index.php\/2021\/04\/19\/los-comercios-de-berazategui-se-siguen-sumando-al-programa-compra-mas-cerca\/","url":"https:\/\/diarioprincipios.com\/index.php\/2021\/04\/19\/los-comercios-de-berazategui-se-siguen-sumando-al-programa-compra-mas-cerca\/","name":"Los comercios de Berazategui se siguen sumando al Programa \"Compr\u00e1 m\u00e1s Cerca\" - Principios","isPartOf":{"@id":"https:\/\/diarioprincipios.com\/#website"},"primaryImageOfPage":{"@id":"https:\/\/diarioprincipios.com\/index.php\/2021\/04\/19\/los-comercios-de-berazategui-se-siguen-sumando-al-programa-compra-mas-cerca\/#primaryimage"},"image":{"@id":"https:\/\/diarioprincipios.com\/index.php\/2021\/04\/19\/los-comercios-de-berazategui-se-siguen-sumando-al-programa-compra-mas-cerca\/#primaryimage"},"thumbnailUrl":"https:\/\/diarioprincipios.com\/wp-content\/uploads\/2021\/04\/LOS-COMERCIOS-DE-BERAZATEGUI-SE-SIGUEN-SUMANDO-AL-PROGRAMA-COMPRA-MAS-CERCA-2.jpg","datePublished":"2021-04-20T00:13:00+00:00","dateModified":"2021-04-20T00:13:03+00:00","breadcrumb":{"@id":"https:\/\/diarioprincipios.com\/index.php\/2021\/04\/19\/los-comercios-de-berazategui-se-siguen-sumando-al-programa-compra-mas-cerca\/#breadcrumb"},"inLanguage":"es","potentialAction":[{"@type":"ReadAction","target":["https:\/\/diarioprincipios.com\/index.php\/2021\/04\/19\/los-comercios-de-berazategui-se-siguen-sumando-al-programa-compra-mas-cerca\/"]}]},{"@type":"ImageObject","inLanguage":"es","@id":"https:\/\/diarioprincipios.com\/index.php\/2021\/04\/19\/los-comercios-de-berazategui-se-siguen-sumando-al-programa-compra-mas-cerca\/#primaryimage","url":"https:\/\/diarioprincipios.com\/wp-content\/uploads\/2021\/04\/LOS-COMERCIOS-DE-BERAZATEGUI-SE-SIGUEN-SUMANDO-AL-PROGRAMA-COMPRA-MAS-CERCA-2.jpg","contentUrl":"https:\/\/diarioprincipios.com\/wp-content\/uploads\/2021\/04\/LOS-COMERCIOS-DE-BERAZATEGUI-SE-SIGUEN-SUMANDO-AL-PROGRAMA-COMPRA-MAS-CERCA-2.jpg","width":1920,"height":1280},{"@type":"BreadcrumbList","@id":"https:\/\/diarioprincipios.com\/index.php\/2021\/04\/19\/los-comercios-de-berazategui-se-siguen-sumando-al-programa-compra-mas-cerca\/#breadcrumb","itemListElement":[{"@type":"ListItem","position":1,"name":"Portada","item":"https:\/\/diarioprincipios.com\/"},{"@type":"ListItem","position":2,"name":"Los comercios de Berazategui se siguen sumando al Programa \u00abCompr\u00e1 m\u00e1s Cerca\u00bb"}]},{"@type":"WebSite","@id":"https:\/\/diarioprincipios.com\/#website","url":"https:\/\/diarioprincipios.com\/","name":"Principios","description":"Principios Diario","publisher":{"@id":"https:\/\/diarioprincipios.com\/#organization"},"potentialAction":[{"@type":"SearchAction","target":{"@type":"EntryPoint","urlTemplate":"https:\/\/diarioprincipios.com\/?s={search_term_string}"},"query-input":{"@type":"PropertyValueSpecification","valueRequired":true,"valueName":"search_term_string"}}],"inLanguage":"es"},{"@type":"Organization","@id":"https:\/\/diarioprincipios.com\/#organization","name":"Principios","url":"https:\/\/diarioprincipios.com\/","logo":{"@type":"ImageObject","inLanguage":"es","@id":"https:\/\/diarioprincipios.com\/#\/schema\/logo\/image\/","url":"https:\/\/diarioprincipios.com\/wp-content\/uploads\/2024\/04\/cropped-www.diarioprincipios.com_-1.png","contentUrl":"https:\/\/diarioprincipios.com\/wp-content\/uploads\/2024\/04\/cropped-www.diarioprincipios.com_-1.png","width":5325,"height":1454,"caption":"Principios"},"image":{"@id":"https:\/\/diarioprincipios.com\/#\/schema\/logo\/image\/"}},{"@type":"Person","@id":"https:\/\/diarioprincipios.com\/#\/schema\/person\/436d5a1fd41a5e250e23ff5a6a7cb080","name":"Hern\u00e1n L\u00f3pez","image":{"@type":"ImageObject","inLanguage":"es","@id":"https:\/\/diarioprincipios.com\/wp-content\/litespeed\/avatar\/11ddfe5610ff3bd100522525b2571f48.jpg?ver=1777048341","url":"https:\/\/diarioprincipios.com\/wp-content\/litespeed\/avatar\/11ddfe5610ff3bd100522525b2571f48.jpg?ver=1777048341","contentUrl":"https:\/\/diarioprincipios.com\/wp-content\/litespeed\/avatar\/11ddfe5610ff3bd100522525b2571f48.jpg?ver=1777048341","caption":"Hern\u00e1n L\u00f3pez"},"url":"https:\/\/diarioprincipios.com\/index.php\/author\/hernan\/"}]}},"jetpack_featured_media_url":"https:\/\/diarioprincipios.com\/wp-content\/uploads\/2021\/04\/LOS-COMERCIOS-DE-BERAZATEGUI-SE-SIGUEN-SUMANDO-AL-PROGRAMA-COMPRA-MAS-CERCA-2.jpg","_links":{"self":[{"href":"https:\/\/diarioprincipios.com\/index.php\/wp-json\/wp\/v2\/posts\/9520","targetHints":{"allow":["GET"]}}],"collection":[{"href":"https:\/\/diarioprincipios.com\/index.php\/wp-json\/wp\/v2\/posts"}],"about":[{"href":"https:\/\/diarioprincipios.com\/index.php\/wp-json\/wp\/v2\/types\/post"}],"author":[{"embeddable":true,"href":"https:\/\/diarioprincipios.com\/index.php\/wp-json\/wp\/v2\/users\/2"}],"replies":[{"embeddable":true,"href":"https:\/\/diarioprincipios.com\/index.php\/wp-json\/wp\/v2\/comments?post=9520"}],"version-history":[{"count":1,"href":"https:\/\/diarioprincipios.com\/index.php\/wp-json\/wp\/v2\/posts\/9520\/revisions"}],"predecessor-version":[{"id":9522,"href":"https:\/\/diarioprincipios.com\/index.php\/wp-json\/wp\/v2\/posts\/9520\/revisions\/9522"}],"wp:featuredmedia":[{"embeddable":true,"href":"https:\/\/diarioprincipios.com\/index.php\/wp-json\/wp\/v2\/media\/9521"}],"wp:attachment":[{"href":"https:\/\/diarioprincipios.com\/index.php\/wp-json\/wp\/v2\/media?parent=9520"}],"wp:term":[{"taxonomy":"category","embeddable":true,"href":"https:\/\/diarioprincipios.com\/index.php\/wp-json\/wp\/v2\/categories?post=9520"},{"taxonomy":"post_tag","embeddable":true,"href":"https:\/\/diarioprincipios.com\/index.php\/wp-json\/wp\/v2\/tags?post=9520"}],"curies":[{"name":"wp","href":"https:\/\/api.w.org\/{rel}","templated":true}]}}