{"id":9501,"date":"2021-04-19T14:23:16","date_gmt":"2021-04-19T17:23:16","guid":{"rendered":"http:\/\/diarioprincipios.com\/?p=9501"},"modified":"2021-04-19T14:23:22","modified_gmt":"2021-04-19T17:23:22","slug":"la-onu-renueva-exhortacion-por-el-cambio-climatico-antes-de-la-cumbre-convocada-por-biden","status":"publish","type":"post","link":"https:\/\/diarioprincipios.com\/index.php\/2021\/04\/19\/la-onu-renueva-exhortacion-por-el-cambio-climatico-antes-de-la-cumbre-convocada-por-biden\/","title":{"rendered":"La ONU renueva exhortaci\u00f3n por el cambio clim\u00e1tico antes de la cumbre convocada por Biden"},"content":{"rendered":"\n<p>La ONU exhort\u00f3 hoy a los l\u00edderes mundiales a que trabajen para que 2021 sea el a\u00f1o del gran combate contra el cambio clim\u00e1tico porque sus repercusiones \u00abya son demasiado costosas para los pobladores del planeta\u00bb, a d\u00edas de la cumbre sobre clima convocada por por el presidente estadounidense, Joe Biden.<\/p>\n\n\n\n<p>Las naciones \u00abdeben actuar ya para proteger a las poblaciones contra los efectos desastrosos del cambio clim\u00e1tico\u00bb, advirti\u00f3 el secretario general de la ONU, Antonio Guterres, en la presentaci\u00f3n, junto a Petteri Taalas, director de la Organizaci\u00f3n Meteorol\u00f3gica Mundial (OMM) de Naciones Unidas, de un informe anual.&nbsp;<\/p>\n\n\n\n<p>El texto recuerda que 2020 fue uno de los tres a\u00f1os m\u00e1s calurosos registrados hasta ahora y que las concentraciones de gases de efecto invernadero aumentaron pese a la ralentizaci\u00f3n econ\u00f3mica producida por la pandemia de coronavirus, inform\u00f3 la agencia de noticias AFP.<\/p>\n\n\n\n<p>Subray\u00f3 que 2021 es un a\u00f1o \u00abcrucial\u00bb para intentar frenar los efectos \u00abdesastrosos\u00bb del cambio clim\u00e1tico y agend\u00f3 una serie de cumbres claves, desde esta semana, para ofrecer a los l\u00edderes mundiales la ocasi\u00f3n de ponerse en acci\u00f3n.<\/p>\n\n\n\n<p>El documento fue publicado poco antes de la cumbre clim\u00e1tica organizada por el presidente Biden para el jueves y viernes pr\u00f3ximo, a la que fueron invitados 40 l\u00edderes mundiales, incluidos el presidente Alberto Fern\u00e1ndez y los de China y Rusia, Xi Jinping y Vladimir Putin, entre otros.<\/p>\n\n\n\n<p>La cumbre, que se realizar\u00e1 por videoconferencia, tiene por objetivo galvanizar los esfuerzos de las principales econom\u00edas para combatir la crisis clim\u00e1tica.&nbsp;<\/p>\n\n\n\n<p>Los actuales niveles de ambici\u00f3n en t\u00e9rminos clim\u00e1ticos est\u00e1n muy por debajo de lo necesario, seg\u00fan Guterrez.&nbsp;<\/p>\n\n\n\n<p>\u00abLos pa\u00edses deben comprometerse a alcanzar cero emisi\u00f3n para 2050\u00bb, indic\u00f3, a\u00f1adiendo: \u00abSe termina el plazo para cumplir con los objetivos del Acuerdo de Par\u00eds de 2015. Debemos hacer m\u00e1s y m\u00e1s r\u00e1pido\u00bb.&nbsp;<\/p>\n\n\n\n<p>Dicho acuerdo prev\u00e9 limitar el calentamiento global por debajo de los 2\u00baC por encima del nivel preindustrial, en tanto los pa\u00edses contin\u00faan sus esfuerzos para acotarlo a 1,5\u00b0C.<\/p>\n\n\n\n<p>Pero la OMM considera que hay al menos una probabilidad sobre cinco de que la temperatura media global supere temporalmente la barrera de los 1,5\u00b0C en 2024.&nbsp;<\/p>\n\n\n\n<p>\u00abTodos los indicadores clim\u00e1ticos claves (&#8230;) subrayan lo duradero e implacable del cambio clim\u00e1tico, el aumento en n\u00famero e intensidad de los fen\u00f3menos extremos, as\u00ed como las p\u00e9rdidas y da\u00f1os a gran escala, que afectan negativamente a personas, sociedades y econom\u00edas\u00bb, dijo Taalas en el informe.<\/p>\n\n\n\n<p>\u00abPara estabilizar la temperatura media mundial en 1,5 o 2\u00b0C por encima del nivel preindustrial de aqu\u00ed a fines del siglo, necesitar\u00edamos una enorme reducci\u00f3n de las emisiones de gases de efecto invernadero ya, durante esta d\u00e9cada\u00bb, advirti\u00f3 el director de la OMM.&nbsp;<\/p>\n\n\n\n<p>El aumento del nivel de los mares se acelera, en tanto el almacenamiento de calor y la acidificaci\u00f3n de los oc\u00e9anos tambi\u00e9n, lo que disminuye la capacidad de \u00e9stos de moderar el cambio clim\u00e1tico.<\/p>\n","protected":false},"excerpt":{"rendered":"<p>La ONU exhort\u00f3 hoy a los l\u00edderes mundiales a que trabajen para que 2021 sea el a\u00f1o del gran combate contra el cambio clim\u00e1tico porque sus repercusiones \u00abya son demasiado costosas para los pobladores del planeta\u00bb, a d\u00edas de la cumbre sobre clima convocada por por el presidente estadounidense, Joe Biden. Las naciones \u00abdeben actuar&#8230;<\/p>\n","protected":false},"author":2,"featured_media":9502,"comment_status":"open","ping_status":"open","sticky":false,"template":"","format":"standard","meta":{"footnotes":""},"categories":[1],"tags":[],"class_list":["post-9501","post","type-post","status-publish","format-standard","has-post-thumbnail","hentry","category-uncategorized"],"featured_image_src":"https:\/\/diarioprincipios.com\/wp-content\/uploads\/2021\/04\/cambio-climatico-que-es-definicion-causas-efectos-consecuencias-y-combate-1.jpg","blog_images":{"medium":"https:\/\/diarioprincipios.com\/wp-content\/uploads\/2021\/04\/cambio-climatico-que-es-definicion-causas-efectos-consecuencias-y-combate-1-300x188.jpg","large":"https:\/\/diarioprincipios.com\/wp-content\/uploads\/2021\/04\/cambio-climatico-que-es-definicion-causas-efectos-consecuencias-y-combate-1.jpg"},"ams_acf":[],"yoast_head":"<!-- This site is optimized with the Yoast SEO plugin v27.3 - https:\/\/yoast.com\/product\/yoast-seo-wordpress\/ -->\n<title>La ONU renueva exhortaci\u00f3n por el cambio clim\u00e1tico antes de la cumbre convocada por Biden - Principios<\/title>\n<meta name=\"robots\" content=\"index, follow, max-snippet:-1, max-image-preview:large, max-video-preview:-1\" \/>\n<link rel=\"canonical\" href=\"https:\/\/diarioprincipios.com\/index.php\/2021\/04\/19\/la-onu-renueva-exhortacion-por-el-cambio-climatico-antes-de-la-cumbre-convocada-por-biden\/\" \/>\n<meta property=\"og:locale\" content=\"es_ES\" \/>\n<meta property=\"og:type\" content=\"article\" \/>\n<meta property=\"og:title\" content=\"La ONU renueva exhortaci\u00f3n por el cambio clim\u00e1tico antes de la cumbre convocada por Biden - Principios\" \/>\n<meta property=\"og:description\" content=\"La ONU exhort\u00f3 hoy a los l\u00edderes mundiales a que trabajen para que 2021 sea el a\u00f1o del gran combate contra el cambio clim\u00e1tico porque sus repercusiones \u00abya son demasiado costosas para los pobladores del planeta\u00bb, a d\u00edas de la cumbre sobre clima convocada por por el presidente estadounidense, Joe Biden. Las naciones \u00abdeben actuar...\" \/>\n<meta property=\"og:url\" content=\"https:\/\/diarioprincipios.com\/index.php\/2021\/04\/19\/la-onu-renueva-exhortacion-por-el-cambio-climatico-antes-de-la-cumbre-convocada-por-biden\/\" \/>\n<meta property=\"og:site_name\" content=\"Principios\" \/>\n<meta property=\"article:published_time\" content=\"2021-04-19T17:23:16+00:00\" \/>\n<meta property=\"article:modified_time\" content=\"2021-04-19T17:23:22+00:00\" \/>\n<meta property=\"og:image\" content=\"https:\/\/diarioprincipios.com\/wp-content\/uploads\/2021\/04\/cambio-climatico-que-es-definicion-causas-efectos-consecuencias-y-combate-1.jpg\" \/>\n\t<meta property=\"og:image:width\" content=\"800\" \/>\n\t<meta property=\"og:image:height\" content=\"500\" \/>\n\t<meta property=\"og:image:type\" content=\"image\/jpeg\" \/>\n<meta name=\"author\" content=\"Hern\u00e1n L\u00f3pez\" \/>\n<meta name=\"twitter:card\" content=\"summary_large_image\" \/>\n<meta name=\"twitter:label1\" content=\"Escrito por\" \/>\n\t<meta name=\"twitter:data1\" content=\"Hern\u00e1n L\u00f3pez\" \/>\n\t<meta name=\"twitter:label2\" content=\"Tiempo de lectura\" \/>\n\t<meta name=\"twitter:data2\" content=\"3 minutos\" \/>\n<script type=\"application\/ld+json\" class=\"yoast-schema-graph\">{\"@context\":\"https:\\\/\\\/schema.org\",\"@graph\":[{\"@type\":\"Article\",\"@id\":\"https:\\\/\\\/diarioprincipios.com\\\/index.php\\\/2021\\\/04\\\/19\\\/la-onu-renueva-exhortacion-por-el-cambio-climatico-antes-de-la-cumbre-convocada-por-biden\\\/#article\",\"isPartOf\":{\"@id\":\"https:\\\/\\\/diarioprincipios.com\\\/index.php\\\/2021\\\/04\\\/19\\\/la-onu-renueva-exhortacion-por-el-cambio-climatico-antes-de-la-cumbre-convocada-por-biden\\\/\"},\"author\":{\"name\":\"Hern\u00e1n L\u00f3pez\",\"@id\":\"https:\\\/\\\/diarioprincipios.com\\\/#\\\/schema\\\/person\\\/436d5a1fd41a5e250e23ff5a6a7cb080\"},\"headline\":\"La ONU renueva exhortaci\u00f3n por el cambio clim\u00e1tico antes de la cumbre convocada por Biden\",\"datePublished\":\"2021-04-19T17:23:16+00:00\",\"dateModified\":\"2021-04-19T17:23:22+00:00\",\"mainEntityOfPage\":{\"@id\":\"https:\\\/\\\/diarioprincipios.com\\\/index.php\\\/2021\\\/04\\\/19\\\/la-onu-renueva-exhortacion-por-el-cambio-climatico-antes-de-la-cumbre-convocada-por-biden\\\/\"},\"wordCount\":541,\"commentCount\":0,\"publisher\":{\"@id\":\"https:\\\/\\\/diarioprincipios.com\\\/#organization\"},\"image\":{\"@id\":\"https:\\\/\\\/diarioprincipios.com\\\/index.php\\\/2021\\\/04\\\/19\\\/la-onu-renueva-exhortacion-por-el-cambio-climatico-antes-de-la-cumbre-convocada-por-biden\\\/#primaryimage\"},\"thumbnailUrl\":\"https:\\\/\\\/diarioprincipios.com\\\/wp-content\\\/uploads\\\/2021\\\/04\\\/cambio-climatico-que-es-definicion-causas-efectos-consecuencias-y-combate-1.jpg\",\"articleSection\":[\"Uncategorized\"],\"inLanguage\":\"es\",\"potentialAction\":[{\"@type\":\"CommentAction\",\"name\":\"Comment\",\"target\":[\"https:\\\/\\\/diarioprincipios.com\\\/index.php\\\/2021\\\/04\\\/19\\\/la-onu-renueva-exhortacion-por-el-cambio-climatico-antes-de-la-cumbre-convocada-por-biden\\\/#respond\"]}]},{\"@type\":\"WebPage\",\"@id\":\"https:\\\/\\\/diarioprincipios.com\\\/index.php\\\/2021\\\/04\\\/19\\\/la-onu-renueva-exhortacion-por-el-cambio-climatico-antes-de-la-cumbre-convocada-por-biden\\\/\",\"url\":\"https:\\\/\\\/diarioprincipios.com\\\/index.php\\\/2021\\\/04\\\/19\\\/la-onu-renueva-exhortacion-por-el-cambio-climatico-antes-de-la-cumbre-convocada-por-biden\\\/\",\"name\":\"La ONU renueva exhortaci\u00f3n por el cambio clim\u00e1tico antes de la cumbre convocada por Biden - Principios\",\"isPartOf\":{\"@id\":\"https:\\\/\\\/diarioprincipios.com\\\/#website\"},\"primaryImageOfPage\":{\"@id\":\"https:\\\/\\\/diarioprincipios.com\\\/index.php\\\/2021\\\/04\\\/19\\\/la-onu-renueva-exhortacion-por-el-cambio-climatico-antes-de-la-cumbre-convocada-por-biden\\\/#primaryimage\"},\"image\":{\"@id\":\"https:\\\/\\\/diarioprincipios.com\\\/index.php\\\/2021\\\/04\\\/19\\\/la-onu-renueva-exhortacion-por-el-cambio-climatico-antes-de-la-cumbre-convocada-por-biden\\\/#primaryimage\"},\"thumbnailUrl\":\"https:\\\/\\\/diarioprincipios.com\\\/wp-content\\\/uploads\\\/2021\\\/04\\\/cambio-climatico-que-es-definicion-causas-efectos-consecuencias-y-combate-1.jpg\",\"datePublished\":\"2021-04-19T17:23:16+00:00\",\"dateModified\":\"2021-04-19T17:23:22+00:00\",\"breadcrumb\":{\"@id\":\"https:\\\/\\\/diarioprincipios.com\\\/index.php\\\/2021\\\/04\\\/19\\\/la-onu-renueva-exhortacion-por-el-cambio-climatico-antes-de-la-cumbre-convocada-por-biden\\\/#breadcrumb\"},\"inLanguage\":\"es\",\"potentialAction\":[{\"@type\":\"ReadAction\",\"target\":[\"https:\\\/\\\/diarioprincipios.com\\\/index.php\\\/2021\\\/04\\\/19\\\/la-onu-renueva-exhortacion-por-el-cambio-climatico-antes-de-la-cumbre-convocada-por-biden\\\/\"]}]},{\"@type\":\"ImageObject\",\"inLanguage\":\"es\",\"@id\":\"https:\\\/\\\/diarioprincipios.com\\\/index.php\\\/2021\\\/04\\\/19\\\/la-onu-renueva-exhortacion-por-el-cambio-climatico-antes-de-la-cumbre-convocada-por-biden\\\/#primaryimage\",\"url\":\"https:\\\/\\\/diarioprincipios.com\\\/wp-content\\\/uploads\\\/2021\\\/04\\\/cambio-climatico-que-es-definicion-causas-efectos-consecuencias-y-combate-1.jpg\",\"contentUrl\":\"https:\\\/\\\/diarioprincipios.com\\\/wp-content\\\/uploads\\\/2021\\\/04\\\/cambio-climatico-que-es-definicion-causas-efectos-consecuencias-y-combate-1.jpg\",\"width\":800,\"height\":500},{\"@type\":\"BreadcrumbList\",\"@id\":\"https:\\\/\\\/diarioprincipios.com\\\/index.php\\\/2021\\\/04\\\/19\\\/la-onu-renueva-exhortacion-por-el-cambio-climatico-antes-de-la-cumbre-convocada-por-biden\\\/#breadcrumb\",\"itemListElement\":[{\"@type\":\"ListItem\",\"position\":1,\"name\":\"Portada\",\"item\":\"https:\\\/\\\/diarioprincipios.com\\\/\"},{\"@type\":\"ListItem\",\"position\":2,\"name\":\"La ONU renueva exhortaci\u00f3n por el cambio clim\u00e1tico antes de la cumbre convocada por Biden\"}]},{\"@type\":\"WebSite\",\"@id\":\"https:\\\/\\\/diarioprincipios.com\\\/#website\",\"url\":\"https:\\\/\\\/diarioprincipios.com\\\/\",\"name\":\"Principios\",\"description\":\"Principios Diario\",\"publisher\":{\"@id\":\"https:\\\/\\\/diarioprincipios.com\\\/#organization\"},\"potentialAction\":[{\"@type\":\"SearchAction\",\"target\":{\"@type\":\"EntryPoint\",\"urlTemplate\":\"https:\\\/\\\/diarioprincipios.com\\\/?s={search_term_string}\"},\"query-input\":{\"@type\":\"PropertyValueSpecification\",\"valueRequired\":true,\"valueName\":\"search_term_string\"}}],\"inLanguage\":\"es\"},{\"@type\":\"Organization\",\"@id\":\"https:\\\/\\\/diarioprincipios.com\\\/#organization\",\"name\":\"Principios\",\"url\":\"https:\\\/\\\/diarioprincipios.com\\\/\",\"logo\":{\"@type\":\"ImageObject\",\"inLanguage\":\"es\",\"@id\":\"https:\\\/\\\/diarioprincipios.com\\\/#\\\/schema\\\/logo\\\/image\\\/\",\"url\":\"https:\\\/\\\/diarioprincipios.com\\\/wp-content\\\/uploads\\\/2024\\\/04\\\/cropped-www.diarioprincipios.com_-1.png\",\"contentUrl\":\"https:\\\/\\\/diarioprincipios.com\\\/wp-content\\\/uploads\\\/2024\\\/04\\\/cropped-www.diarioprincipios.com_-1.png\",\"width\":5325,\"height\":1454,\"caption\":\"Principios\"},\"image\":{\"@id\":\"https:\\\/\\\/diarioprincipios.com\\\/#\\\/schema\\\/logo\\\/image\\\/\"}},{\"@type\":\"Person\",\"@id\":\"https:\\\/\\\/diarioprincipios.com\\\/#\\\/schema\\\/person\\\/436d5a1fd41a5e250e23ff5a6a7cb080\",\"name\":\"Hern\u00e1n L\u00f3pez\",\"image\":{\"@type\":\"ImageObject\",\"inLanguage\":\"es\",\"@id\":\"https:\\\/\\\/diarioprincipios.com\\\/wp-content\\\/litespeed\\\/avatar\\\/11ddfe5610ff3bd100522525b2571f48.jpg?ver=1777048341\",\"url\":\"https:\\\/\\\/diarioprincipios.com\\\/wp-content\\\/litespeed\\\/avatar\\\/11ddfe5610ff3bd100522525b2571f48.jpg?ver=1777048341\",\"contentUrl\":\"https:\\\/\\\/diarioprincipios.com\\\/wp-content\\\/litespeed\\\/avatar\\\/11ddfe5610ff3bd100522525b2571f48.jpg?ver=1777048341\",\"caption\":\"Hern\u00e1n L\u00f3pez\"},\"url\":\"https:\\\/\\\/diarioprincipios.com\\\/index.php\\\/author\\\/hernan\\\/\"}]}<\/script>\n<!-- \/ Yoast SEO plugin. -->","yoast_head_json":{"title":"La ONU renueva exhortaci\u00f3n por el cambio clim\u00e1tico antes de la cumbre convocada por Biden - Principios","robots":{"index":"index","follow":"follow","max-snippet":"max-snippet:-1","max-image-preview":"max-image-preview:large","max-video-preview":"max-video-preview:-1"},"canonical":"https:\/\/diarioprincipios.com\/index.php\/2021\/04\/19\/la-onu-renueva-exhortacion-por-el-cambio-climatico-antes-de-la-cumbre-convocada-por-biden\/","og_locale":"es_ES","og_type":"article","og_title":"La ONU renueva exhortaci\u00f3n por el cambio clim\u00e1tico antes de la cumbre convocada por Biden - Principios","og_description":"La ONU exhort\u00f3 hoy a los l\u00edderes mundiales a que trabajen para que 2021 sea el a\u00f1o del gran combate contra el cambio clim\u00e1tico porque sus repercusiones \u00abya son demasiado costosas para los pobladores del planeta\u00bb, a d\u00edas de la cumbre sobre clima convocada por por el presidente estadounidense, Joe Biden. Las naciones \u00abdeben actuar...","og_url":"https:\/\/diarioprincipios.com\/index.php\/2021\/04\/19\/la-onu-renueva-exhortacion-por-el-cambio-climatico-antes-de-la-cumbre-convocada-por-biden\/","og_site_name":"Principios","article_published_time":"2021-04-19T17:23:16+00:00","article_modified_time":"2021-04-19T17:23:22+00:00","og_image":[{"width":800,"height":500,"url":"https:\/\/diarioprincipios.com\/wp-content\/uploads\/2021\/04\/cambio-climatico-que-es-definicion-causas-efectos-consecuencias-y-combate-1.jpg","type":"image\/jpeg"}],"author":"Hern\u00e1n L\u00f3pez","twitter_card":"summary_large_image","twitter_misc":{"Escrito por":"Hern\u00e1n L\u00f3pez","Tiempo de lectura":"3 minutos"},"schema":{"@context":"https:\/\/schema.org","@graph":[{"@type":"Article","@id":"https:\/\/diarioprincipios.com\/index.php\/2021\/04\/19\/la-onu-renueva-exhortacion-por-el-cambio-climatico-antes-de-la-cumbre-convocada-por-biden\/#article","isPartOf":{"@id":"https:\/\/diarioprincipios.com\/index.php\/2021\/04\/19\/la-onu-renueva-exhortacion-por-el-cambio-climatico-antes-de-la-cumbre-convocada-por-biden\/"},"author":{"name":"Hern\u00e1n L\u00f3pez","@id":"https:\/\/diarioprincipios.com\/#\/schema\/person\/436d5a1fd41a5e250e23ff5a6a7cb080"},"headline":"La ONU renueva exhortaci\u00f3n por el cambio clim\u00e1tico antes de la cumbre convocada por Biden","datePublished":"2021-04-19T17:23:16+00:00","dateModified":"2021-04-19T17:23:22+00:00","mainEntityOfPage":{"@id":"https:\/\/diarioprincipios.com\/index.php\/2021\/04\/19\/la-onu-renueva-exhortacion-por-el-cambio-climatico-antes-de-la-cumbre-convocada-por-biden\/"},"wordCount":541,"commentCount":0,"publisher":{"@id":"https:\/\/diarioprincipios.com\/#organization"},"image":{"@id":"https:\/\/diarioprincipios.com\/index.php\/2021\/04\/19\/la-onu-renueva-exhortacion-por-el-cambio-climatico-antes-de-la-cumbre-convocada-por-biden\/#primaryimage"},"thumbnailUrl":"https:\/\/diarioprincipios.com\/wp-content\/uploads\/2021\/04\/cambio-climatico-que-es-definicion-causas-efectos-consecuencias-y-combate-1.jpg","articleSection":["Uncategorized"],"inLanguage":"es","potentialAction":[{"@type":"CommentAction","name":"Comment","target":["https:\/\/diarioprincipios.com\/index.php\/2021\/04\/19\/la-onu-renueva-exhortacion-por-el-cambio-climatico-antes-de-la-cumbre-convocada-por-biden\/#respond"]}]},{"@type":"WebPage","@id":"https:\/\/diarioprincipios.com\/index.php\/2021\/04\/19\/la-onu-renueva-exhortacion-por-el-cambio-climatico-antes-de-la-cumbre-convocada-por-biden\/","url":"https:\/\/diarioprincipios.com\/index.php\/2021\/04\/19\/la-onu-renueva-exhortacion-por-el-cambio-climatico-antes-de-la-cumbre-convocada-por-biden\/","name":"La ONU renueva exhortaci\u00f3n por el cambio clim\u00e1tico antes de la cumbre convocada por Biden - Principios","isPartOf":{"@id":"https:\/\/diarioprincipios.com\/#website"},"primaryImageOfPage":{"@id":"https:\/\/diarioprincipios.com\/index.php\/2021\/04\/19\/la-onu-renueva-exhortacion-por-el-cambio-climatico-antes-de-la-cumbre-convocada-por-biden\/#primaryimage"},"image":{"@id":"https:\/\/diarioprincipios.com\/index.php\/2021\/04\/19\/la-onu-renueva-exhortacion-por-el-cambio-climatico-antes-de-la-cumbre-convocada-por-biden\/#primaryimage"},"thumbnailUrl":"https:\/\/diarioprincipios.com\/wp-content\/uploads\/2021\/04\/cambio-climatico-que-es-definicion-causas-efectos-consecuencias-y-combate-1.jpg","datePublished":"2021-04-19T17:23:16+00:00","dateModified":"2021-04-19T17:23:22+00:00","breadcrumb":{"@id":"https:\/\/diarioprincipios.com\/index.php\/2021\/04\/19\/la-onu-renueva-exhortacion-por-el-cambio-climatico-antes-de-la-cumbre-convocada-por-biden\/#breadcrumb"},"inLanguage":"es","potentialAction":[{"@type":"ReadAction","target":["https:\/\/diarioprincipios.com\/index.php\/2021\/04\/19\/la-onu-renueva-exhortacion-por-el-cambio-climatico-antes-de-la-cumbre-convocada-por-biden\/"]}]},{"@type":"ImageObject","inLanguage":"es","@id":"https:\/\/diarioprincipios.com\/index.php\/2021\/04\/19\/la-onu-renueva-exhortacion-por-el-cambio-climatico-antes-de-la-cumbre-convocada-por-biden\/#primaryimage","url":"https:\/\/diarioprincipios.com\/wp-content\/uploads\/2021\/04\/cambio-climatico-que-es-definicion-causas-efectos-consecuencias-y-combate-1.jpg","contentUrl":"https:\/\/diarioprincipios.com\/wp-content\/uploads\/2021\/04\/cambio-climatico-que-es-definicion-causas-efectos-consecuencias-y-combate-1.jpg","width":800,"height":500},{"@type":"BreadcrumbList","@id":"https:\/\/diarioprincipios.com\/index.php\/2021\/04\/19\/la-onu-renueva-exhortacion-por-el-cambio-climatico-antes-de-la-cumbre-convocada-por-biden\/#breadcrumb","itemListElement":[{"@type":"ListItem","position":1,"name":"Portada","item":"https:\/\/diarioprincipios.com\/"},{"@type":"ListItem","position":2,"name":"La ONU renueva exhortaci\u00f3n por el cambio clim\u00e1tico antes de la cumbre convocada por Biden"}]},{"@type":"WebSite","@id":"https:\/\/diarioprincipios.com\/#website","url":"https:\/\/diarioprincipios.com\/","name":"Principios","description":"Principios Diario","publisher":{"@id":"https:\/\/diarioprincipios.com\/#organization"},"potentialAction":[{"@type":"SearchAction","target":{"@type":"EntryPoint","urlTemplate":"https:\/\/diarioprincipios.com\/?s={search_term_string}"},"query-input":{"@type":"PropertyValueSpecification","valueRequired":true,"valueName":"search_term_string"}}],"inLanguage":"es"},{"@type":"Organization","@id":"https:\/\/diarioprincipios.com\/#organization","name":"Principios","url":"https:\/\/diarioprincipios.com\/","logo":{"@type":"ImageObject","inLanguage":"es","@id":"https:\/\/diarioprincipios.com\/#\/schema\/logo\/image\/","url":"https:\/\/diarioprincipios.com\/wp-content\/uploads\/2024\/04\/cropped-www.diarioprincipios.com_-1.png","contentUrl":"https:\/\/diarioprincipios.com\/wp-content\/uploads\/2024\/04\/cropped-www.diarioprincipios.com_-1.png","width":5325,"height":1454,"caption":"Principios"},"image":{"@id":"https:\/\/diarioprincipios.com\/#\/schema\/logo\/image\/"}},{"@type":"Person","@id":"https:\/\/diarioprincipios.com\/#\/schema\/person\/436d5a1fd41a5e250e23ff5a6a7cb080","name":"Hern\u00e1n L\u00f3pez","image":{"@type":"ImageObject","inLanguage":"es","@id":"https:\/\/diarioprincipios.com\/wp-content\/litespeed\/avatar\/11ddfe5610ff3bd100522525b2571f48.jpg?ver=1777048341","url":"https:\/\/diarioprincipios.com\/wp-content\/litespeed\/avatar\/11ddfe5610ff3bd100522525b2571f48.jpg?ver=1777048341","contentUrl":"https:\/\/diarioprincipios.com\/wp-content\/litespeed\/avatar\/11ddfe5610ff3bd100522525b2571f48.jpg?ver=1777048341","caption":"Hern\u00e1n L\u00f3pez"},"url":"https:\/\/diarioprincipios.com\/index.php\/author\/hernan\/"}]}},"jetpack_featured_media_url":"https:\/\/diarioprincipios.com\/wp-content\/uploads\/2021\/04\/cambio-climatico-que-es-definicion-causas-efectos-consecuencias-y-combate-1.jpg","_links":{"self":[{"href":"https:\/\/diarioprincipios.com\/index.php\/wp-json\/wp\/v2\/posts\/9501","targetHints":{"allow":["GET"]}}],"collection":[{"href":"https:\/\/diarioprincipios.com\/index.php\/wp-json\/wp\/v2\/posts"}],"about":[{"href":"https:\/\/diarioprincipios.com\/index.php\/wp-json\/wp\/v2\/types\/post"}],"author":[{"embeddable":true,"href":"https:\/\/diarioprincipios.com\/index.php\/wp-json\/wp\/v2\/users\/2"}],"replies":[{"embeddable":true,"href":"https:\/\/diarioprincipios.com\/index.php\/wp-json\/wp\/v2\/comments?post=9501"}],"version-history":[{"count":1,"href":"https:\/\/diarioprincipios.com\/index.php\/wp-json\/wp\/v2\/posts\/9501\/revisions"}],"predecessor-version":[{"id":9503,"href":"https:\/\/diarioprincipios.com\/index.php\/wp-json\/wp\/v2\/posts\/9501\/revisions\/9503"}],"wp:featuredmedia":[{"embeddable":true,"href":"https:\/\/diarioprincipios.com\/index.php\/wp-json\/wp\/v2\/media\/9502"}],"wp:attachment":[{"href":"https:\/\/diarioprincipios.com\/index.php\/wp-json\/wp\/v2\/media?parent=9501"}],"wp:term":[{"taxonomy":"category","embeddable":true,"href":"https:\/\/diarioprincipios.com\/index.php\/wp-json\/wp\/v2\/categories?post=9501"},{"taxonomy":"post_tag","embeddable":true,"href":"https:\/\/diarioprincipios.com\/index.php\/wp-json\/wp\/v2\/tags?post=9501"}],"curies":[{"name":"wp","href":"https:\/\/api.w.org\/{rel}","templated":true}]}}