{"id":9496,"date":"2021-04-19T14:00:21","date_gmt":"2021-04-19T17:00:21","guid":{"rendered":"http:\/\/diarioprincipios.com\/?p=9496"},"modified":"2021-04-19T14:04:22","modified_gmt":"2021-04-19T17:04:22","slug":"kicillof-es-repugnante-que-se-use-a-la-justicia-para-perjudicar-a-los-que-tienen-que-ser-cuidados","status":"publish","type":"post","link":"https:\/\/diarioprincipios.com\/index.php\/2021\/04\/19\/kicillof-es-repugnante-que-se-use-a-la-justicia-para-perjudicar-a-los-que-tienen-que-ser-cuidados\/","title":{"rendered":"Kicillof: \u00abEs repugnante que se use a la Justicia para perjudicar a los que tienen que ser cuidados\u00bb"},"content":{"rendered":"\n<p>El gobernador de la provincia de Buenos Aires, Axel Kicillof, consider\u00f3 hoy \u00abrepugnante\u00bb que se utilice a la Justicia \u00abpara perjudicar a los que tienen que ser cuidados\u00bb y asegur\u00f3 que, en cambio, \u00e9l prefiere \u00abser antip\u00e1tico\u00bb antes que ser \u00ababsolutamente irresponsable y hacer pol\u00edtica con la vida y la muerte\u00bb.<\/p>\n\n\n\n<p>El mandatario se refiri\u00f3 de ese modo a la decisi\u00f3n del Ejecutivo porte\u00f1o de mantener las escuelas abiertas tras un pol\u00e9mico fallo de la Justicia del distrito favorable a su pretensi\u00f3n, pese al Decreto de Necesidad y Urgencia (DNU) del Gobierno nacional que suspendi\u00f3 las clases presenciales por 15 d\u00edas en el \u00c1rea Metropolitana de Buenos Aires (AMBA) para mitigar los efectos de la segunda ola de la pandemia de coronavirus.<\/p>\n\n\n\n<p>Kicillof formul\u00f3 esas declaraciones al acompa\u00f1ar hoy al presidente Alberto Fern\u00e1ndez en un acto en el que se anunci\u00f3 una inversi\u00f3n de 10.155 millones de pesos para ampliar la Red de Emergencia Sanitaria Federal, con 134 nuevas obras e intervenciones que permitir\u00e1n incorporar 1.415 nuevas camas ante la segunda ola de Covid-19.<\/p>\n\n\n\n<p>\u00abRecurrir a la justicia, estando fuera de jurisdicci\u00f3n es la peor de las respuestas\u00bb, evalu\u00f3 el gobernador.<\/p>\n\n\n\n<p>Record\u00f3 que \u00abhace poco, tras 7 a\u00f1os de estar sometido a esta acusaci\u00f3n infundada y rid\u00edcula de la causa d\u00f3lar futuro, dec\u00edamos que el lawfare no afecta principalmente a los funcionarios o dirigentes, sino a la sociedad y a la gente\u00bb.<\/p>\n\n\n\n<p>Y, como ejemplo, aludi\u00f3 a este caso, en el que \u00abse usa para impedir que un decreto nacional cuide a quienes tenga que cuidar\u00bb.<\/p>\n\n\n\n<p>\u00abMe parece repugnante que de nuevo y de manera inadecuada se use la justicia para perjudicar a los que tienen que ser cuidados\u00bb, subray\u00f3 y consider\u00f3 que \u00abalguien se va a tener que hacer responsable de esta manipulaci\u00f3n de la Justicia para que se los beneficie pol\u00edticamente\u00bb.<\/p>\n\n\n\n<p>Kicillof remarc\u00f3 que su administraci\u00f3n \u00abacompa\u00f1a las medidas del Presidente\u00bb porque, insisti\u00f3, su gesti\u00f3n prefiere ser antip\u00e1tica \u00aba ser absolutamente irresponsable y hacer pol\u00edtica con la vida y la muerte\u00bb.<\/p>\n\n\n\n<p>Al referirse al incremento de contagios de Covid-19, el Gobernador remarc\u00f3 que en el AMBA, donde se encuentra la Ciudad Aut\u00f3noma de Buenos Aires y los municipios del conurbano, \u00abse entr\u00f3 de lleno en la segunda ola\u00bb.<\/p>\n\n\n\n<p>\u00abEl nivel de contagio en la Ciudad y en los municipios cercanos es muy elevado y est\u00e1 creciendo la ocupaci\u00f3n de camas\u00bb, grafic\u00f3 pero destac\u00f3 que los restantes 100 distritos del interior provincial \u00aba\u00fan no fueron v\u00edctimas de este crecimiento tan acelerado\u00bb por lo que all\u00ed se conserva la presencialidad en las escuelas.<\/p>\n\n\n\n<p>Con todo, remarc\u00f3 que la suspensi\u00f3n temporaria de clases presenciales se adopt\u00f3 tambi\u00e9n en pa\u00edses como \u00abAlemania, Francia, Uruguay, Chile, Paraguay y varios estados de Brasil\u00bb debido a que \u00abse trata de combatir una pandemia con los elementos que tenemos a mano\u00bb.<\/p>\n\n\n\n<p>\u00abEn todo el mundo se interrumpieron actividades important\u00edsimas porque cuando arrecian los contagios, las internaciones y las muertes, hay que tomar medidas duras\u00bb, subray\u00f3.<\/p>\n\n\n\n<p>Afirm\u00f3 que la provincia adhiri\u00f3 a la decisi\u00f3n presidencial como una cuesti\u00f3n meramente formal, ya que \u00ablos decretos est\u00e1n por encima de las determinaciones de las jurisdicciones\u00bb.<\/p>\n\n\n\n<p>\u00abSeguimos adelante sin chicanas ni falsos principios sacados de la galera\u00bb, plante\u00f3 y advirti\u00f3 que \u00abalgunos se han peleado toda la vida con la educaci\u00f3n\u00bb.<\/p>\n\n\n\n<p>Kicillof record\u00f3 que \u00abdurante meses\u00bb se regres\u00f3 a la presencialidad y mencion\u00f3 que durante el verano \u00abhubo actividades muy cuidadas y protocolos\u00bb, pero juzg\u00f3 que ahora se debe \u00abponer la bandera de la vida y la salud delante de todo porque se llenan las camas de terapia\u00bb.<\/p>\n\n\n\n<p>Sostuvo que \u00abla l\u00f3gica y el sentido com\u00fan indican que hay que bajar los contagios\u00bb, plante\u00f3 que \u00abno sirve de nada la chicana electoral\u00bb porque la sociedad desea ver \u00aba quienes tenemos la responsabilidad de tomar decisiones actuar en unidad y sin caprichos\u00bb.<\/p>\n\n\n\n<p>\u00abGracias a Alberto y a los ministros que lo acompa\u00f1an porque hicieron verdaderas proezas para ampliar el sistema sanitario argentino. En la provincia logramos que no haya que decidir qui\u00e9n tiene y qui\u00e9n no un respirador. Queremos seguir as\u00ed, por eso acompa\u00f1amos las \u00faltimas medidas\u00bb, remarc\u00f3.<\/p>\n\n\n\n<p>Record\u00f3 que al asumir hab\u00eda 883 camas de terapia intensiva y se las ampli\u00f3 hasta llegar a 2.200, lo que impidi\u00f3 que el sistema se sature; rememor\u00f3 que se trajeron 400 toneladas de insumos sanitarios, en 32 vuelos desde Chinas y 7 barcos; y cont\u00f3 que se incorporaron 7 mil trabajadores a hospitales.<\/p>\n\n\n\n<p>\u00abSeguir ampliando el sistema a 2.400 camas tiene que ver con responde a las necesidades del pueblo. Algunos est\u00e1n en campa\u00f1a electoral, nosotros en campa\u00f1a de vacunaci\u00f3n porque la situaci\u00f3n as\u00ed nos lo exige\u00bb, finaliz\u00f3.<\/p>\n","protected":false},"excerpt":{"rendered":"<p>El gobernador de la provincia de Buenos Aires, Axel Kicillof, consider\u00f3 hoy \u00abrepugnante\u00bb que se utilice a la Justicia \u00abpara perjudicar a los que tienen que ser cuidados\u00bb y asegur\u00f3 que, en cambio, \u00e9l prefiere \u00abser antip\u00e1tico\u00bb antes que ser \u00ababsolutamente irresponsable y hacer pol\u00edtica con la vida y la muerte\u00bb. El mandatario se refiri\u00f3&#8230;<\/p>\n","protected":false},"author":2,"featured_media":9500,"comment_status":"open","ping_status":"open","sticky":false,"template":"","format":"standard","meta":{"footnotes":""},"categories":[7],"tags":[],"class_list":["post-9496","post","type-post","status-publish","format-standard","has-post-thumbnail","hentry","category-provincia"],"featured_image_src":"https:\/\/diarioprincipios.com\/wp-content\/uploads\/2021\/04\/20210419_140300.jpg","blog_images":{"medium":"https:\/\/diarioprincipios.com\/wp-content\/uploads\/2021\/04\/20210419_140300-300x165.jpg","large":"https:\/\/diarioprincipios.com\/wp-content\/uploads\/2021\/04\/20210419_140300.jpg"},"ams_acf":[],"yoast_head":"<!-- This site is optimized with the Yoast SEO plugin v27.3 - https:\/\/yoast.com\/product\/yoast-seo-wordpress\/ -->\n<title>Kicillof: &quot;Es repugnante que se use a la Justicia para perjudicar a los que tienen que ser cuidados&quot; - Principios<\/title>\n<meta name=\"robots\" content=\"index, follow, max-snippet:-1, max-image-preview:large, max-video-preview:-1\" \/>\n<link rel=\"canonical\" href=\"https:\/\/diarioprincipios.com\/index.php\/2021\/04\/19\/kicillof-es-repugnante-que-se-use-a-la-justicia-para-perjudicar-a-los-que-tienen-que-ser-cuidados\/\" \/>\n<meta property=\"og:locale\" content=\"es_ES\" \/>\n<meta property=\"og:type\" content=\"article\" \/>\n<meta property=\"og:title\" content=\"Kicillof: &quot;Es repugnante que se use a la Justicia para perjudicar a los que tienen que ser cuidados&quot; - Principios\" \/>\n<meta property=\"og:description\" content=\"El gobernador de la provincia de Buenos Aires, Axel Kicillof, consider\u00f3 hoy \u00abrepugnante\u00bb que se utilice a la Justicia \u00abpara perjudicar a los que tienen que ser cuidados\u00bb y asegur\u00f3 que, en cambio, \u00e9l prefiere \u00abser antip\u00e1tico\u00bb antes que ser \u00ababsolutamente irresponsable y hacer pol\u00edtica con la vida y la muerte\u00bb. El mandatario se refiri\u00f3...\" \/>\n<meta property=\"og:url\" content=\"https:\/\/diarioprincipios.com\/index.php\/2021\/04\/19\/kicillof-es-repugnante-que-se-use-a-la-justicia-para-perjudicar-a-los-que-tienen-que-ser-cuidados\/\" \/>\n<meta property=\"og:site_name\" content=\"Principios\" \/>\n<meta property=\"article:published_time\" content=\"2021-04-19T17:00:21+00:00\" \/>\n<meta property=\"article:modified_time\" content=\"2021-04-19T17:04:22+00:00\" \/>\n<meta property=\"og:image\" content=\"https:\/\/diarioprincipios.com\/wp-content\/uploads\/2021\/04\/20210419_140300.jpg\" \/>\n\t<meta property=\"og:image:width\" content=\"716\" \/>\n\t<meta property=\"og:image:height\" content=\"394\" \/>\n\t<meta property=\"og:image:type\" content=\"image\/jpeg\" \/>\n<meta name=\"author\" content=\"Hern\u00e1n L\u00f3pez\" \/>\n<meta name=\"twitter:card\" content=\"summary_large_image\" \/>\n<meta name=\"twitter:label1\" content=\"Escrito por\" \/>\n\t<meta name=\"twitter:data1\" content=\"Hern\u00e1n L\u00f3pez\" \/>\n\t<meta name=\"twitter:label2\" content=\"Tiempo de lectura\" \/>\n\t<meta name=\"twitter:data2\" content=\"4 minutos\" \/>\n<script type=\"application\/ld+json\" class=\"yoast-schema-graph\">{\"@context\":\"https:\\\/\\\/schema.org\",\"@graph\":[{\"@type\":\"Article\",\"@id\":\"https:\\\/\\\/diarioprincipios.com\\\/index.php\\\/2021\\\/04\\\/19\\\/kicillof-es-repugnante-que-se-use-a-la-justicia-para-perjudicar-a-los-que-tienen-que-ser-cuidados\\\/#article\",\"isPartOf\":{\"@id\":\"https:\\\/\\\/diarioprincipios.com\\\/index.php\\\/2021\\\/04\\\/19\\\/kicillof-es-repugnante-que-se-use-a-la-justicia-para-perjudicar-a-los-que-tienen-que-ser-cuidados\\\/\"},\"author\":{\"name\":\"Hern\u00e1n L\u00f3pez\",\"@id\":\"https:\\\/\\\/diarioprincipios.com\\\/#\\\/schema\\\/person\\\/436d5a1fd41a5e250e23ff5a6a7cb080\"},\"headline\":\"Kicillof: \u00abEs repugnante que se use a la Justicia para perjudicar a los que tienen que ser cuidados\u00bb\",\"datePublished\":\"2021-04-19T17:00:21+00:00\",\"dateModified\":\"2021-04-19T17:04:22+00:00\",\"mainEntityOfPage\":{\"@id\":\"https:\\\/\\\/diarioprincipios.com\\\/index.php\\\/2021\\\/04\\\/19\\\/kicillof-es-repugnante-que-se-use-a-la-justicia-para-perjudicar-a-los-que-tienen-que-ser-cuidados\\\/\"},\"wordCount\":818,\"commentCount\":0,\"publisher\":{\"@id\":\"https:\\\/\\\/diarioprincipios.com\\\/#organization\"},\"image\":{\"@id\":\"https:\\\/\\\/diarioprincipios.com\\\/index.php\\\/2021\\\/04\\\/19\\\/kicillof-es-repugnante-que-se-use-a-la-justicia-para-perjudicar-a-los-que-tienen-que-ser-cuidados\\\/#primaryimage\"},\"thumbnailUrl\":\"https:\\\/\\\/diarioprincipios.com\\\/wp-content\\\/uploads\\\/2021\\\/04\\\/20210419_140300.jpg\",\"articleSection\":[\"Provincia\"],\"inLanguage\":\"es\",\"potentialAction\":[{\"@type\":\"CommentAction\",\"name\":\"Comment\",\"target\":[\"https:\\\/\\\/diarioprincipios.com\\\/index.php\\\/2021\\\/04\\\/19\\\/kicillof-es-repugnante-que-se-use-a-la-justicia-para-perjudicar-a-los-que-tienen-que-ser-cuidados\\\/#respond\"]}]},{\"@type\":\"WebPage\",\"@id\":\"https:\\\/\\\/diarioprincipios.com\\\/index.php\\\/2021\\\/04\\\/19\\\/kicillof-es-repugnante-que-se-use-a-la-justicia-para-perjudicar-a-los-que-tienen-que-ser-cuidados\\\/\",\"url\":\"https:\\\/\\\/diarioprincipios.com\\\/index.php\\\/2021\\\/04\\\/19\\\/kicillof-es-repugnante-que-se-use-a-la-justicia-para-perjudicar-a-los-que-tienen-que-ser-cuidados\\\/\",\"name\":\"Kicillof: \\\"Es repugnante que se use a la Justicia para perjudicar a los que tienen que ser cuidados\\\" - Principios\",\"isPartOf\":{\"@id\":\"https:\\\/\\\/diarioprincipios.com\\\/#website\"},\"primaryImageOfPage\":{\"@id\":\"https:\\\/\\\/diarioprincipios.com\\\/index.php\\\/2021\\\/04\\\/19\\\/kicillof-es-repugnante-que-se-use-a-la-justicia-para-perjudicar-a-los-que-tienen-que-ser-cuidados\\\/#primaryimage\"},\"image\":{\"@id\":\"https:\\\/\\\/diarioprincipios.com\\\/index.php\\\/2021\\\/04\\\/19\\\/kicillof-es-repugnante-que-se-use-a-la-justicia-para-perjudicar-a-los-que-tienen-que-ser-cuidados\\\/#primaryimage\"},\"thumbnailUrl\":\"https:\\\/\\\/diarioprincipios.com\\\/wp-content\\\/uploads\\\/2021\\\/04\\\/20210419_140300.jpg\",\"datePublished\":\"2021-04-19T17:00:21+00:00\",\"dateModified\":\"2021-04-19T17:04:22+00:00\",\"breadcrumb\":{\"@id\":\"https:\\\/\\\/diarioprincipios.com\\\/index.php\\\/2021\\\/04\\\/19\\\/kicillof-es-repugnante-que-se-use-a-la-justicia-para-perjudicar-a-los-que-tienen-que-ser-cuidados\\\/#breadcrumb\"},\"inLanguage\":\"es\",\"potentialAction\":[{\"@type\":\"ReadAction\",\"target\":[\"https:\\\/\\\/diarioprincipios.com\\\/index.php\\\/2021\\\/04\\\/19\\\/kicillof-es-repugnante-que-se-use-a-la-justicia-para-perjudicar-a-los-que-tienen-que-ser-cuidados\\\/\"]}]},{\"@type\":\"ImageObject\",\"inLanguage\":\"es\",\"@id\":\"https:\\\/\\\/diarioprincipios.com\\\/index.php\\\/2021\\\/04\\\/19\\\/kicillof-es-repugnante-que-se-use-a-la-justicia-para-perjudicar-a-los-que-tienen-que-ser-cuidados\\\/#primaryimage\",\"url\":\"https:\\\/\\\/diarioprincipios.com\\\/wp-content\\\/uploads\\\/2021\\\/04\\\/20210419_140300.jpg\",\"contentUrl\":\"https:\\\/\\\/diarioprincipios.com\\\/wp-content\\\/uploads\\\/2021\\\/04\\\/20210419_140300.jpg\",\"width\":716,\"height\":394},{\"@type\":\"BreadcrumbList\",\"@id\":\"https:\\\/\\\/diarioprincipios.com\\\/index.php\\\/2021\\\/04\\\/19\\\/kicillof-es-repugnante-que-se-use-a-la-justicia-para-perjudicar-a-los-que-tienen-que-ser-cuidados\\\/#breadcrumb\",\"itemListElement\":[{\"@type\":\"ListItem\",\"position\":1,\"name\":\"Portada\",\"item\":\"https:\\\/\\\/diarioprincipios.com\\\/\"},{\"@type\":\"ListItem\",\"position\":2,\"name\":\"Kicillof: \u00abEs repugnante que se use a la Justicia para perjudicar a los que tienen que ser cuidados\u00bb\"}]},{\"@type\":\"WebSite\",\"@id\":\"https:\\\/\\\/diarioprincipios.com\\\/#website\",\"url\":\"https:\\\/\\\/diarioprincipios.com\\\/\",\"name\":\"Principios\",\"description\":\"Principios Diario\",\"publisher\":{\"@id\":\"https:\\\/\\\/diarioprincipios.com\\\/#organization\"},\"potentialAction\":[{\"@type\":\"SearchAction\",\"target\":{\"@type\":\"EntryPoint\",\"urlTemplate\":\"https:\\\/\\\/diarioprincipios.com\\\/?s={search_term_string}\"},\"query-input\":{\"@type\":\"PropertyValueSpecification\",\"valueRequired\":true,\"valueName\":\"search_term_string\"}}],\"inLanguage\":\"es\"},{\"@type\":\"Organization\",\"@id\":\"https:\\\/\\\/diarioprincipios.com\\\/#organization\",\"name\":\"Principios\",\"url\":\"https:\\\/\\\/diarioprincipios.com\\\/\",\"logo\":{\"@type\":\"ImageObject\",\"inLanguage\":\"es\",\"@id\":\"https:\\\/\\\/diarioprincipios.com\\\/#\\\/schema\\\/logo\\\/image\\\/\",\"url\":\"https:\\\/\\\/diarioprincipios.com\\\/wp-content\\\/uploads\\\/2024\\\/04\\\/cropped-www.diarioprincipios.com_-1.png\",\"contentUrl\":\"https:\\\/\\\/diarioprincipios.com\\\/wp-content\\\/uploads\\\/2024\\\/04\\\/cropped-www.diarioprincipios.com_-1.png\",\"width\":5325,\"height\":1454,\"caption\":\"Principios\"},\"image\":{\"@id\":\"https:\\\/\\\/diarioprincipios.com\\\/#\\\/schema\\\/logo\\\/image\\\/\"}},{\"@type\":\"Person\",\"@id\":\"https:\\\/\\\/diarioprincipios.com\\\/#\\\/schema\\\/person\\\/436d5a1fd41a5e250e23ff5a6a7cb080\",\"name\":\"Hern\u00e1n L\u00f3pez\",\"image\":{\"@type\":\"ImageObject\",\"inLanguage\":\"es\",\"@id\":\"https:\\\/\\\/diarioprincipios.com\\\/wp-content\\\/litespeed\\\/avatar\\\/11ddfe5610ff3bd100522525b2571f48.jpg?ver=1777048341\",\"url\":\"https:\\\/\\\/diarioprincipios.com\\\/wp-content\\\/litespeed\\\/avatar\\\/11ddfe5610ff3bd100522525b2571f48.jpg?ver=1777048341\",\"contentUrl\":\"https:\\\/\\\/diarioprincipios.com\\\/wp-content\\\/litespeed\\\/avatar\\\/11ddfe5610ff3bd100522525b2571f48.jpg?ver=1777048341\",\"caption\":\"Hern\u00e1n L\u00f3pez\"},\"url\":\"https:\\\/\\\/diarioprincipios.com\\\/index.php\\\/author\\\/hernan\\\/\"}]}<\/script>\n<!-- \/ Yoast SEO plugin. -->","yoast_head_json":{"title":"Kicillof: \"Es repugnante que se use a la Justicia para perjudicar a los que tienen que ser cuidados\" - Principios","robots":{"index":"index","follow":"follow","max-snippet":"max-snippet:-1","max-image-preview":"max-image-preview:large","max-video-preview":"max-video-preview:-1"},"canonical":"https:\/\/diarioprincipios.com\/index.php\/2021\/04\/19\/kicillof-es-repugnante-que-se-use-a-la-justicia-para-perjudicar-a-los-que-tienen-que-ser-cuidados\/","og_locale":"es_ES","og_type":"article","og_title":"Kicillof: \"Es repugnante que se use a la Justicia para perjudicar a los que tienen que ser cuidados\" - Principios","og_description":"El gobernador de la provincia de Buenos Aires, Axel Kicillof, consider\u00f3 hoy \u00abrepugnante\u00bb que se utilice a la Justicia \u00abpara perjudicar a los que tienen que ser cuidados\u00bb y asegur\u00f3 que, en cambio, \u00e9l prefiere \u00abser antip\u00e1tico\u00bb antes que ser \u00ababsolutamente irresponsable y hacer pol\u00edtica con la vida y la muerte\u00bb. El mandatario se refiri\u00f3...","og_url":"https:\/\/diarioprincipios.com\/index.php\/2021\/04\/19\/kicillof-es-repugnante-que-se-use-a-la-justicia-para-perjudicar-a-los-que-tienen-que-ser-cuidados\/","og_site_name":"Principios","article_published_time":"2021-04-19T17:00:21+00:00","article_modified_time":"2021-04-19T17:04:22+00:00","og_image":[{"width":716,"height":394,"url":"https:\/\/diarioprincipios.com\/wp-content\/uploads\/2021\/04\/20210419_140300.jpg","type":"image\/jpeg"}],"author":"Hern\u00e1n L\u00f3pez","twitter_card":"summary_large_image","twitter_misc":{"Escrito por":"Hern\u00e1n L\u00f3pez","Tiempo de lectura":"4 minutos"},"schema":{"@context":"https:\/\/schema.org","@graph":[{"@type":"Article","@id":"https:\/\/diarioprincipios.com\/index.php\/2021\/04\/19\/kicillof-es-repugnante-que-se-use-a-la-justicia-para-perjudicar-a-los-que-tienen-que-ser-cuidados\/#article","isPartOf":{"@id":"https:\/\/diarioprincipios.com\/index.php\/2021\/04\/19\/kicillof-es-repugnante-que-se-use-a-la-justicia-para-perjudicar-a-los-que-tienen-que-ser-cuidados\/"},"author":{"name":"Hern\u00e1n L\u00f3pez","@id":"https:\/\/diarioprincipios.com\/#\/schema\/person\/436d5a1fd41a5e250e23ff5a6a7cb080"},"headline":"Kicillof: \u00abEs repugnante que se use a la Justicia para perjudicar a los que tienen que ser cuidados\u00bb","datePublished":"2021-04-19T17:00:21+00:00","dateModified":"2021-04-19T17:04:22+00:00","mainEntityOfPage":{"@id":"https:\/\/diarioprincipios.com\/index.php\/2021\/04\/19\/kicillof-es-repugnante-que-se-use-a-la-justicia-para-perjudicar-a-los-que-tienen-que-ser-cuidados\/"},"wordCount":818,"commentCount":0,"publisher":{"@id":"https:\/\/diarioprincipios.com\/#organization"},"image":{"@id":"https:\/\/diarioprincipios.com\/index.php\/2021\/04\/19\/kicillof-es-repugnante-que-se-use-a-la-justicia-para-perjudicar-a-los-que-tienen-que-ser-cuidados\/#primaryimage"},"thumbnailUrl":"https:\/\/diarioprincipios.com\/wp-content\/uploads\/2021\/04\/20210419_140300.jpg","articleSection":["Provincia"],"inLanguage":"es","potentialAction":[{"@type":"CommentAction","name":"Comment","target":["https:\/\/diarioprincipios.com\/index.php\/2021\/04\/19\/kicillof-es-repugnante-que-se-use-a-la-justicia-para-perjudicar-a-los-que-tienen-que-ser-cuidados\/#respond"]}]},{"@type":"WebPage","@id":"https:\/\/diarioprincipios.com\/index.php\/2021\/04\/19\/kicillof-es-repugnante-que-se-use-a-la-justicia-para-perjudicar-a-los-que-tienen-que-ser-cuidados\/","url":"https:\/\/diarioprincipios.com\/index.php\/2021\/04\/19\/kicillof-es-repugnante-que-se-use-a-la-justicia-para-perjudicar-a-los-que-tienen-que-ser-cuidados\/","name":"Kicillof: \"Es repugnante que se use a la Justicia para perjudicar a los que tienen que ser cuidados\" - Principios","isPartOf":{"@id":"https:\/\/diarioprincipios.com\/#website"},"primaryImageOfPage":{"@id":"https:\/\/diarioprincipios.com\/index.php\/2021\/04\/19\/kicillof-es-repugnante-que-se-use-a-la-justicia-para-perjudicar-a-los-que-tienen-que-ser-cuidados\/#primaryimage"},"image":{"@id":"https:\/\/diarioprincipios.com\/index.php\/2021\/04\/19\/kicillof-es-repugnante-que-se-use-a-la-justicia-para-perjudicar-a-los-que-tienen-que-ser-cuidados\/#primaryimage"},"thumbnailUrl":"https:\/\/diarioprincipios.com\/wp-content\/uploads\/2021\/04\/20210419_140300.jpg","datePublished":"2021-04-19T17:00:21+00:00","dateModified":"2021-04-19T17:04:22+00:00","breadcrumb":{"@id":"https:\/\/diarioprincipios.com\/index.php\/2021\/04\/19\/kicillof-es-repugnante-que-se-use-a-la-justicia-para-perjudicar-a-los-que-tienen-que-ser-cuidados\/#breadcrumb"},"inLanguage":"es","potentialAction":[{"@type":"ReadAction","target":["https:\/\/diarioprincipios.com\/index.php\/2021\/04\/19\/kicillof-es-repugnante-que-se-use-a-la-justicia-para-perjudicar-a-los-que-tienen-que-ser-cuidados\/"]}]},{"@type":"ImageObject","inLanguage":"es","@id":"https:\/\/diarioprincipios.com\/index.php\/2021\/04\/19\/kicillof-es-repugnante-que-se-use-a-la-justicia-para-perjudicar-a-los-que-tienen-que-ser-cuidados\/#primaryimage","url":"https:\/\/diarioprincipios.com\/wp-content\/uploads\/2021\/04\/20210419_140300.jpg","contentUrl":"https:\/\/diarioprincipios.com\/wp-content\/uploads\/2021\/04\/20210419_140300.jpg","width":716,"height":394},{"@type":"BreadcrumbList","@id":"https:\/\/diarioprincipios.com\/index.php\/2021\/04\/19\/kicillof-es-repugnante-que-se-use-a-la-justicia-para-perjudicar-a-los-que-tienen-que-ser-cuidados\/#breadcrumb","itemListElement":[{"@type":"ListItem","position":1,"name":"Portada","item":"https:\/\/diarioprincipios.com\/"},{"@type":"ListItem","position":2,"name":"Kicillof: \u00abEs repugnante que se use a la Justicia para perjudicar a los que tienen que ser cuidados\u00bb"}]},{"@type":"WebSite","@id":"https:\/\/diarioprincipios.com\/#website","url":"https:\/\/diarioprincipios.com\/","name":"Principios","description":"Principios Diario","publisher":{"@id":"https:\/\/diarioprincipios.com\/#organization"},"potentialAction":[{"@type":"SearchAction","target":{"@type":"EntryPoint","urlTemplate":"https:\/\/diarioprincipios.com\/?s={search_term_string}"},"query-input":{"@type":"PropertyValueSpecification","valueRequired":true,"valueName":"search_term_string"}}],"inLanguage":"es"},{"@type":"Organization","@id":"https:\/\/diarioprincipios.com\/#organization","name":"Principios","url":"https:\/\/diarioprincipios.com\/","logo":{"@type":"ImageObject","inLanguage":"es","@id":"https:\/\/diarioprincipios.com\/#\/schema\/logo\/image\/","url":"https:\/\/diarioprincipios.com\/wp-content\/uploads\/2024\/04\/cropped-www.diarioprincipios.com_-1.png","contentUrl":"https:\/\/diarioprincipios.com\/wp-content\/uploads\/2024\/04\/cropped-www.diarioprincipios.com_-1.png","width":5325,"height":1454,"caption":"Principios"},"image":{"@id":"https:\/\/diarioprincipios.com\/#\/schema\/logo\/image\/"}},{"@type":"Person","@id":"https:\/\/diarioprincipios.com\/#\/schema\/person\/436d5a1fd41a5e250e23ff5a6a7cb080","name":"Hern\u00e1n L\u00f3pez","image":{"@type":"ImageObject","inLanguage":"es","@id":"https:\/\/diarioprincipios.com\/wp-content\/litespeed\/avatar\/11ddfe5610ff3bd100522525b2571f48.jpg?ver=1777048341","url":"https:\/\/diarioprincipios.com\/wp-content\/litespeed\/avatar\/11ddfe5610ff3bd100522525b2571f48.jpg?ver=1777048341","contentUrl":"https:\/\/diarioprincipios.com\/wp-content\/litespeed\/avatar\/11ddfe5610ff3bd100522525b2571f48.jpg?ver=1777048341","caption":"Hern\u00e1n L\u00f3pez"},"url":"https:\/\/diarioprincipios.com\/index.php\/author\/hernan\/"}]}},"jetpack_featured_media_url":"https:\/\/diarioprincipios.com\/wp-content\/uploads\/2021\/04\/20210419_140300.jpg","_links":{"self":[{"href":"https:\/\/diarioprincipios.com\/index.php\/wp-json\/wp\/v2\/posts\/9496","targetHints":{"allow":["GET"]}}],"collection":[{"href":"https:\/\/diarioprincipios.com\/index.php\/wp-json\/wp\/v2\/posts"}],"about":[{"href":"https:\/\/diarioprincipios.com\/index.php\/wp-json\/wp\/v2\/types\/post"}],"author":[{"embeddable":true,"href":"https:\/\/diarioprincipios.com\/index.php\/wp-json\/wp\/v2\/users\/2"}],"replies":[{"embeddable":true,"href":"https:\/\/diarioprincipios.com\/index.php\/wp-json\/wp\/v2\/comments?post=9496"}],"version-history":[{"count":1,"href":"https:\/\/diarioprincipios.com\/index.php\/wp-json\/wp\/v2\/posts\/9496\/revisions"}],"predecessor-version":[{"id":9498,"href":"https:\/\/diarioprincipios.com\/index.php\/wp-json\/wp\/v2\/posts\/9496\/revisions\/9498"}],"wp:featuredmedia":[{"embeddable":true,"href":"https:\/\/diarioprincipios.com\/index.php\/wp-json\/wp\/v2\/media\/9500"}],"wp:attachment":[{"href":"https:\/\/diarioprincipios.com\/index.php\/wp-json\/wp\/v2\/media?parent=9496"}],"wp:term":[{"taxonomy":"category","embeddable":true,"href":"https:\/\/diarioprincipios.com\/index.php\/wp-json\/wp\/v2\/categories?post=9496"},{"taxonomy":"post_tag","embeddable":true,"href":"https:\/\/diarioprincipios.com\/index.php\/wp-json\/wp\/v2\/tags?post=9496"}],"curies":[{"name":"wp","href":"https:\/\/api.w.org\/{rel}","templated":true}]}}