{"id":9493,"date":"2021-04-18T13:04:41","date_gmt":"2021-04-18T16:04:41","guid":{"rendered":"http:\/\/diarioprincipios.com\/?p=9493"},"modified":"2021-04-18T13:04:48","modified_gmt":"2021-04-18T16:04:48","slug":"luces-led-camaras-y-red-de-fibra-optica-para-los-23-nuevos-corredores-escolares-seguros","status":"publish","type":"post","link":"https:\/\/diarioprincipios.com\/index.php\/2021\/04\/18\/luces-led-camaras-y-red-de-fibra-optica-para-los-23-nuevos-corredores-escolares-seguros\/","title":{"rendered":"Luces LED, C\u00e1maras y Red de Fibra \u00d3ptica para los 23 nuevos Corredores Escolares Seguros"},"content":{"rendered":"\n<p><strong>La Municipalidad de Berazategui construir\u00e1 23 nuevos corredores escolares seguros que ofrecer\u00e1n a la comunidad educativa de 45 escuelas un tendido de iluminaci\u00f3n led y c\u00e1maras de seguridad conectadas a trav\u00e9s de la red de fibra \u00f3ptica municipal. Todas estas reformas promueven un mejor y m\u00e1s c\u00f3modo acceso a los establecimientos educativos de diferentes barrios de la ciudad.<\/strong>\u00a0Con la instalaci\u00f3n de m\u00e1s de 900 nuevas columnas de luminarias led, 85 c\u00e1maras y un tendido de 50.600 metros en la red de fibra \u00f3ptica municipal, las alumnas y alumnos de diferentes modalidades educativas podr\u00e1n llegar y retirarse de las instituciones de una manera m\u00e1s segura.\u00a0En cada uno de los corredores escolares, el proyecto contempla la instalaci\u00f3n de columnas de iluminaci\u00f3n de 9 metros de altura, luces led de 165 watts con tendido de red el\u00e9ctrica independiente, tableros de control y protecci\u00f3n. Tambi\u00e9n, se incorporar\u00e1n c\u00e1maras de seguridad a la traza del corredor vial, permitiendo visualizar cualquier anomal\u00eda que ocurriera en el lugar. Se instalar\u00e1n c\u00e1maras de domo y una red de fibra \u00f3ptica municipal que permitir\u00e1 la interconexi\u00f3n del sistema de c\u00e1maras con el Centro de Monitoreo Municipal, permitiendo resguardar las grabaciones por 30 d\u00edas.<br>Se construir\u00e1n 3 corredores por mes a lo largo del a\u00f1o 2021. Estos beneficiar\u00e1n directamente a los docentes y alumnos de 45 escuelas, como las Primarias N\u00b0 1, N\u00b0 2, N\u00b0 3, N\u00b0 6, N\u00b0 7, N\u00b0 10, N\u00b0 17, N\u00b0 20, N\u00b0 31, N\u00b0 32, N\u00b0 34, N\u00b0 37, N\u00b0 38 y N\u00b0 49; las Secundarias N\u00b0 4, N\u00b0 15, N\u00b0 17, N\u00b0 20, N\u00b0 21 y N\u00b0 42; las T\u00e9cnicas N\u00b0 1, N\u00b0 3 y N\u00b0 5; los Jardines de Infantes N\u00b0 904, N\u00b0 919, N\u00b0 926, N\u00b0 928 y N\u00b0 935; las Escuelas Agrarias N\u00b0 1 y N\u00b0 19; y la Escuela de Adultos N\u00b0 708, entre otras instituciones educativas.<br>Los barrios beneficiados con nuevos corredores escolares seguros son: Mar\u00edtimo, Las Casillas, Barrio Americano, Ranelagh, General Mitre, 20 de Junio, LUVE, Villa Matilde, Villa Espa\u00f1a, Sevilla, Sourigues, Barrio Luz, Puerto Argentino Guti\u00e9rrez, La Serranita, Villa Chingolo, Villa Giambruno, Los Ciruelos, Berasur, Villa Mitre, Jacarand\u00e1, Pereyra y Centenario Sur.<br>Por su parte, en los corredores de La Porte\u00f1a, Santo Tom\u00e1s, Sarmiento y Berazategui Centro se incluir\u00e1n nuevas c\u00e1maras.\u00a0JM \/\/ SL<\/p>\n\n\n\n<figure class=\"wp-block-image\"><img decoding=\"async\" src=\"https:\/\/ecp.yusercontent.com\/mail?url=https%3A%2F%2Fdocs.google.com%2Fuc%3Fexport%3Ddownload%26id%3D1O9ySDGVjFwLiWj3yWiMdjtCw6pHI7T-F%26revid%3D0B9CZhG6aa0VidWpSQjZNZGVndGpYeWM5ZWtiUFNuM1JQV3U4PQ&amp;t=1618606475&amp;ymreqid=5799fcab-b43d-2794-2219-4a0013018900&amp;sig=a.wgrW_q7WietQagvPJUkQ--~D\" alt=\"\"\/><\/figure>\n","protected":false},"excerpt":{"rendered":"<p>La Municipalidad de Berazategui construir\u00e1 23 nuevos corredores escolares seguros que ofrecer\u00e1n a la comunidad educativa de 45 escuelas un tendido de iluminaci\u00f3n led y c\u00e1maras de seguridad conectadas a trav\u00e9s de la red de fibra \u00f3ptica municipal. Todas estas reformas promueven un mejor y m\u00e1s c\u00f3modo acceso a los establecimientos educativos de diferentes barrios&#8230;<\/p>\n","protected":false},"author":2,"featured_media":9494,"comment_status":"open","ping_status":"open","sticky":false,"template":"","format":"standard","meta":{"footnotes":""},"categories":[3],"tags":[],"class_list":["post-9493","post","type-post","status-publish","format-standard","has-post-thumbnail","hentry","category-berazategui"],"featured_image_src":"https:\/\/diarioprincipios.com\/wp-content\/uploads\/2021\/04\/LUCES-LED-CAMARAS-Y-RED-DE-FIBRA-OPTICA-PARA-LOS-23-NUEVOS-CORREDORES-ESCOLARES-SEGUROS-DE-BERAZATEGUI-1-1024x682.jpeg","blog_images":{"medium":"https:\/\/diarioprincipios.com\/wp-content\/uploads\/2021\/04\/LUCES-LED-CAMARAS-Y-RED-DE-FIBRA-OPTICA-PARA-LOS-23-NUEVOS-CORREDORES-ESCOLARES-SEGUROS-DE-BERAZATEGUI-1-300x200.jpeg","large":"https:\/\/diarioprincipios.com\/wp-content\/uploads\/2021\/04\/LUCES-LED-CAMARAS-Y-RED-DE-FIBRA-OPTICA-PARA-LOS-23-NUEVOS-CORREDORES-ESCOLARES-SEGUROS-DE-BERAZATEGUI-1-1024x682.jpeg"},"ams_acf":[],"yoast_head":"<!-- This site is optimized with the Yoast SEO plugin v27.3 - https:\/\/yoast.com\/product\/yoast-seo-wordpress\/ -->\n<title>Luces LED, C\u00e1maras y Red de Fibra \u00d3ptica para los 23 nuevos Corredores Escolares Seguros - Principios<\/title>\n<meta name=\"robots\" content=\"index, follow, max-snippet:-1, max-image-preview:large, max-video-preview:-1\" \/>\n<link rel=\"canonical\" href=\"https:\/\/diarioprincipios.com\/index.php\/2021\/04\/18\/luces-led-camaras-y-red-de-fibra-optica-para-los-23-nuevos-corredores-escolares-seguros\/\" \/>\n<meta property=\"og:locale\" content=\"es_ES\" \/>\n<meta property=\"og:type\" content=\"article\" \/>\n<meta property=\"og:title\" content=\"Luces LED, C\u00e1maras y Red de Fibra \u00d3ptica para los 23 nuevos Corredores Escolares Seguros - Principios\" \/>\n<meta property=\"og:description\" content=\"La Municipalidad de Berazategui construir\u00e1 23 nuevos corredores escolares seguros que ofrecer\u00e1n a la comunidad educativa de 45 escuelas un tendido de iluminaci\u00f3n led y c\u00e1maras de seguridad conectadas a trav\u00e9s de la red de fibra \u00f3ptica municipal. Todas estas reformas promueven un mejor y m\u00e1s c\u00f3modo acceso a los establecimientos educativos de diferentes barrios...\" \/>\n<meta property=\"og:url\" content=\"https:\/\/diarioprincipios.com\/index.php\/2021\/04\/18\/luces-led-camaras-y-red-de-fibra-optica-para-los-23-nuevos-corredores-escolares-seguros\/\" \/>\n<meta property=\"og:site_name\" content=\"Principios\" \/>\n<meta property=\"article:published_time\" content=\"2021-04-18T16:04:41+00:00\" \/>\n<meta property=\"article:modified_time\" content=\"2021-04-18T16:04:48+00:00\" \/>\n<meta property=\"og:image\" content=\"https:\/\/diarioprincipios.com\/wp-content\/uploads\/2021\/04\/LUCES-LED-CAMARAS-Y-RED-DE-FIBRA-OPTICA-PARA-LOS-23-NUEVOS-CORREDORES-ESCOLARES-SEGUROS-DE-BERAZATEGUI-1.jpeg\" \/>\n\t<meta property=\"og:image:width\" content=\"1280\" \/>\n\t<meta property=\"og:image:height\" content=\"853\" \/>\n\t<meta property=\"og:image:type\" content=\"image\/jpeg\" \/>\n<meta name=\"author\" content=\"Hern\u00e1n L\u00f3pez\" \/>\n<meta name=\"twitter:card\" content=\"summary_large_image\" \/>\n<meta name=\"twitter:label1\" content=\"Escrito por\" \/>\n\t<meta name=\"twitter:data1\" content=\"Hern\u00e1n L\u00f3pez\" \/>\n\t<meta name=\"twitter:label2\" content=\"Tiempo de lectura\" \/>\n\t<meta name=\"twitter:data2\" content=\"2 minutos\" \/>\n<script type=\"application\/ld+json\" class=\"yoast-schema-graph\">{\"@context\":\"https:\\\/\\\/schema.org\",\"@graph\":[{\"@type\":\"Article\",\"@id\":\"https:\\\/\\\/diarioprincipios.com\\\/index.php\\\/2021\\\/04\\\/18\\\/luces-led-camaras-y-red-de-fibra-optica-para-los-23-nuevos-corredores-escolares-seguros\\\/#article\",\"isPartOf\":{\"@id\":\"https:\\\/\\\/diarioprincipios.com\\\/index.php\\\/2021\\\/04\\\/18\\\/luces-led-camaras-y-red-de-fibra-optica-para-los-23-nuevos-corredores-escolares-seguros\\\/\"},\"author\":{\"name\":\"Hern\u00e1n L\u00f3pez\",\"@id\":\"https:\\\/\\\/diarioprincipios.com\\\/#\\\/schema\\\/person\\\/436d5a1fd41a5e250e23ff5a6a7cb080\"},\"headline\":\"Luces LED, C\u00e1maras y Red de Fibra \u00d3ptica para los 23 nuevos Corredores Escolares Seguros\",\"datePublished\":\"2021-04-18T16:04:41+00:00\",\"dateModified\":\"2021-04-18T16:04:48+00:00\",\"mainEntityOfPage\":{\"@id\":\"https:\\\/\\\/diarioprincipios.com\\\/index.php\\\/2021\\\/04\\\/18\\\/luces-led-camaras-y-red-de-fibra-optica-para-los-23-nuevos-corredores-escolares-seguros\\\/\"},\"wordCount\":385,\"commentCount\":0,\"publisher\":{\"@id\":\"https:\\\/\\\/diarioprincipios.com\\\/#organization\"},\"image\":{\"@id\":\"https:\\\/\\\/diarioprincipios.com\\\/index.php\\\/2021\\\/04\\\/18\\\/luces-led-camaras-y-red-de-fibra-optica-para-los-23-nuevos-corredores-escolares-seguros\\\/#primaryimage\"},\"thumbnailUrl\":\"https:\\\/\\\/diarioprincipios.com\\\/wp-content\\\/uploads\\\/2021\\\/04\\\/LUCES-LED-CAMARAS-Y-RED-DE-FIBRA-OPTICA-PARA-LOS-23-NUEVOS-CORREDORES-ESCOLARES-SEGUROS-DE-BERAZATEGUI-1.jpeg\",\"articleSection\":[\"Berazategui\"],\"inLanguage\":\"es\",\"potentialAction\":[{\"@type\":\"CommentAction\",\"name\":\"Comment\",\"target\":[\"https:\\\/\\\/diarioprincipios.com\\\/index.php\\\/2021\\\/04\\\/18\\\/luces-led-camaras-y-red-de-fibra-optica-para-los-23-nuevos-corredores-escolares-seguros\\\/#respond\"]}]},{\"@type\":\"WebPage\",\"@id\":\"https:\\\/\\\/diarioprincipios.com\\\/index.php\\\/2021\\\/04\\\/18\\\/luces-led-camaras-y-red-de-fibra-optica-para-los-23-nuevos-corredores-escolares-seguros\\\/\",\"url\":\"https:\\\/\\\/diarioprincipios.com\\\/index.php\\\/2021\\\/04\\\/18\\\/luces-led-camaras-y-red-de-fibra-optica-para-los-23-nuevos-corredores-escolares-seguros\\\/\",\"name\":\"Luces LED, C\u00e1maras y Red de Fibra \u00d3ptica para los 23 nuevos Corredores Escolares Seguros - Principios\",\"isPartOf\":{\"@id\":\"https:\\\/\\\/diarioprincipios.com\\\/#website\"},\"primaryImageOfPage\":{\"@id\":\"https:\\\/\\\/diarioprincipios.com\\\/index.php\\\/2021\\\/04\\\/18\\\/luces-led-camaras-y-red-de-fibra-optica-para-los-23-nuevos-corredores-escolares-seguros\\\/#primaryimage\"},\"image\":{\"@id\":\"https:\\\/\\\/diarioprincipios.com\\\/index.php\\\/2021\\\/04\\\/18\\\/luces-led-camaras-y-red-de-fibra-optica-para-los-23-nuevos-corredores-escolares-seguros\\\/#primaryimage\"},\"thumbnailUrl\":\"https:\\\/\\\/diarioprincipios.com\\\/wp-content\\\/uploads\\\/2021\\\/04\\\/LUCES-LED-CAMARAS-Y-RED-DE-FIBRA-OPTICA-PARA-LOS-23-NUEVOS-CORREDORES-ESCOLARES-SEGUROS-DE-BERAZATEGUI-1.jpeg\",\"datePublished\":\"2021-04-18T16:04:41+00:00\",\"dateModified\":\"2021-04-18T16:04:48+00:00\",\"breadcrumb\":{\"@id\":\"https:\\\/\\\/diarioprincipios.com\\\/index.php\\\/2021\\\/04\\\/18\\\/luces-led-camaras-y-red-de-fibra-optica-para-los-23-nuevos-corredores-escolares-seguros\\\/#breadcrumb\"},\"inLanguage\":\"es\",\"potentialAction\":[{\"@type\":\"ReadAction\",\"target\":[\"https:\\\/\\\/diarioprincipios.com\\\/index.php\\\/2021\\\/04\\\/18\\\/luces-led-camaras-y-red-de-fibra-optica-para-los-23-nuevos-corredores-escolares-seguros\\\/\"]}]},{\"@type\":\"ImageObject\",\"inLanguage\":\"es\",\"@id\":\"https:\\\/\\\/diarioprincipios.com\\\/index.php\\\/2021\\\/04\\\/18\\\/luces-led-camaras-y-red-de-fibra-optica-para-los-23-nuevos-corredores-escolares-seguros\\\/#primaryimage\",\"url\":\"https:\\\/\\\/diarioprincipios.com\\\/wp-content\\\/uploads\\\/2021\\\/04\\\/LUCES-LED-CAMARAS-Y-RED-DE-FIBRA-OPTICA-PARA-LOS-23-NUEVOS-CORREDORES-ESCOLARES-SEGUROS-DE-BERAZATEGUI-1.jpeg\",\"contentUrl\":\"https:\\\/\\\/diarioprincipios.com\\\/wp-content\\\/uploads\\\/2021\\\/04\\\/LUCES-LED-CAMARAS-Y-RED-DE-FIBRA-OPTICA-PARA-LOS-23-NUEVOS-CORREDORES-ESCOLARES-SEGUROS-DE-BERAZATEGUI-1.jpeg\",\"width\":1280,\"height\":853},{\"@type\":\"BreadcrumbList\",\"@id\":\"https:\\\/\\\/diarioprincipios.com\\\/index.php\\\/2021\\\/04\\\/18\\\/luces-led-camaras-y-red-de-fibra-optica-para-los-23-nuevos-corredores-escolares-seguros\\\/#breadcrumb\",\"itemListElement\":[{\"@type\":\"ListItem\",\"position\":1,\"name\":\"Portada\",\"item\":\"https:\\\/\\\/diarioprincipios.com\\\/\"},{\"@type\":\"ListItem\",\"position\":2,\"name\":\"Luces LED, C\u00e1maras y Red de Fibra \u00d3ptica para los 23 nuevos Corredores Escolares Seguros\"}]},{\"@type\":\"WebSite\",\"@id\":\"https:\\\/\\\/diarioprincipios.com\\\/#website\",\"url\":\"https:\\\/\\\/diarioprincipios.com\\\/\",\"name\":\"Principios\",\"description\":\"Principios Diario\",\"publisher\":{\"@id\":\"https:\\\/\\\/diarioprincipios.com\\\/#organization\"},\"potentialAction\":[{\"@type\":\"SearchAction\",\"target\":{\"@type\":\"EntryPoint\",\"urlTemplate\":\"https:\\\/\\\/diarioprincipios.com\\\/?s={search_term_string}\"},\"query-input\":{\"@type\":\"PropertyValueSpecification\",\"valueRequired\":true,\"valueName\":\"search_term_string\"}}],\"inLanguage\":\"es\"},{\"@type\":\"Organization\",\"@id\":\"https:\\\/\\\/diarioprincipios.com\\\/#organization\",\"name\":\"Principios\",\"url\":\"https:\\\/\\\/diarioprincipios.com\\\/\",\"logo\":{\"@type\":\"ImageObject\",\"inLanguage\":\"es\",\"@id\":\"https:\\\/\\\/diarioprincipios.com\\\/#\\\/schema\\\/logo\\\/image\\\/\",\"url\":\"https:\\\/\\\/diarioprincipios.com\\\/wp-content\\\/uploads\\\/2024\\\/04\\\/cropped-www.diarioprincipios.com_-1.png\",\"contentUrl\":\"https:\\\/\\\/diarioprincipios.com\\\/wp-content\\\/uploads\\\/2024\\\/04\\\/cropped-www.diarioprincipios.com_-1.png\",\"width\":5325,\"height\":1454,\"caption\":\"Principios\"},\"image\":{\"@id\":\"https:\\\/\\\/diarioprincipios.com\\\/#\\\/schema\\\/logo\\\/image\\\/\"}},{\"@type\":\"Person\",\"@id\":\"https:\\\/\\\/diarioprincipios.com\\\/#\\\/schema\\\/person\\\/436d5a1fd41a5e250e23ff5a6a7cb080\",\"name\":\"Hern\u00e1n L\u00f3pez\",\"image\":{\"@type\":\"ImageObject\",\"inLanguage\":\"es\",\"@id\":\"https:\\\/\\\/diarioprincipios.com\\\/wp-content\\\/litespeed\\\/avatar\\\/11ddfe5610ff3bd100522525b2571f48.jpg?ver=1777048341\",\"url\":\"https:\\\/\\\/diarioprincipios.com\\\/wp-content\\\/litespeed\\\/avatar\\\/11ddfe5610ff3bd100522525b2571f48.jpg?ver=1777048341\",\"contentUrl\":\"https:\\\/\\\/diarioprincipios.com\\\/wp-content\\\/litespeed\\\/avatar\\\/11ddfe5610ff3bd100522525b2571f48.jpg?ver=1777048341\",\"caption\":\"Hern\u00e1n L\u00f3pez\"},\"url\":\"https:\\\/\\\/diarioprincipios.com\\\/index.php\\\/author\\\/hernan\\\/\"}]}<\/script>\n<!-- \/ Yoast SEO plugin. -->","yoast_head_json":{"title":"Luces LED, C\u00e1maras y Red de Fibra \u00d3ptica para los 23 nuevos Corredores Escolares Seguros - Principios","robots":{"index":"index","follow":"follow","max-snippet":"max-snippet:-1","max-image-preview":"max-image-preview:large","max-video-preview":"max-video-preview:-1"},"canonical":"https:\/\/diarioprincipios.com\/index.php\/2021\/04\/18\/luces-led-camaras-y-red-de-fibra-optica-para-los-23-nuevos-corredores-escolares-seguros\/","og_locale":"es_ES","og_type":"article","og_title":"Luces LED, C\u00e1maras y Red de Fibra \u00d3ptica para los 23 nuevos Corredores Escolares Seguros - Principios","og_description":"La Municipalidad de Berazategui construir\u00e1 23 nuevos corredores escolares seguros que ofrecer\u00e1n a la comunidad educativa de 45 escuelas un tendido de iluminaci\u00f3n led y c\u00e1maras de seguridad conectadas a trav\u00e9s de la red de fibra \u00f3ptica municipal. Todas estas reformas promueven un mejor y m\u00e1s c\u00f3modo acceso a los establecimientos educativos de diferentes barrios...","og_url":"https:\/\/diarioprincipios.com\/index.php\/2021\/04\/18\/luces-led-camaras-y-red-de-fibra-optica-para-los-23-nuevos-corredores-escolares-seguros\/","og_site_name":"Principios","article_published_time":"2021-04-18T16:04:41+00:00","article_modified_time":"2021-04-18T16:04:48+00:00","og_image":[{"width":1280,"height":853,"url":"https:\/\/diarioprincipios.com\/wp-content\/uploads\/2021\/04\/LUCES-LED-CAMARAS-Y-RED-DE-FIBRA-OPTICA-PARA-LOS-23-NUEVOS-CORREDORES-ESCOLARES-SEGUROS-DE-BERAZATEGUI-1.jpeg","type":"image\/jpeg"}],"author":"Hern\u00e1n L\u00f3pez","twitter_card":"summary_large_image","twitter_misc":{"Escrito por":"Hern\u00e1n L\u00f3pez","Tiempo de lectura":"2 minutos"},"schema":{"@context":"https:\/\/schema.org","@graph":[{"@type":"Article","@id":"https:\/\/diarioprincipios.com\/index.php\/2021\/04\/18\/luces-led-camaras-y-red-de-fibra-optica-para-los-23-nuevos-corredores-escolares-seguros\/#article","isPartOf":{"@id":"https:\/\/diarioprincipios.com\/index.php\/2021\/04\/18\/luces-led-camaras-y-red-de-fibra-optica-para-los-23-nuevos-corredores-escolares-seguros\/"},"author":{"name":"Hern\u00e1n L\u00f3pez","@id":"https:\/\/diarioprincipios.com\/#\/schema\/person\/436d5a1fd41a5e250e23ff5a6a7cb080"},"headline":"Luces LED, C\u00e1maras y Red de Fibra \u00d3ptica para los 23 nuevos Corredores Escolares Seguros","datePublished":"2021-04-18T16:04:41+00:00","dateModified":"2021-04-18T16:04:48+00:00","mainEntityOfPage":{"@id":"https:\/\/diarioprincipios.com\/index.php\/2021\/04\/18\/luces-led-camaras-y-red-de-fibra-optica-para-los-23-nuevos-corredores-escolares-seguros\/"},"wordCount":385,"commentCount":0,"publisher":{"@id":"https:\/\/diarioprincipios.com\/#organization"},"image":{"@id":"https:\/\/diarioprincipios.com\/index.php\/2021\/04\/18\/luces-led-camaras-y-red-de-fibra-optica-para-los-23-nuevos-corredores-escolares-seguros\/#primaryimage"},"thumbnailUrl":"https:\/\/diarioprincipios.com\/wp-content\/uploads\/2021\/04\/LUCES-LED-CAMARAS-Y-RED-DE-FIBRA-OPTICA-PARA-LOS-23-NUEVOS-CORREDORES-ESCOLARES-SEGUROS-DE-BERAZATEGUI-1.jpeg","articleSection":["Berazategui"],"inLanguage":"es","potentialAction":[{"@type":"CommentAction","name":"Comment","target":["https:\/\/diarioprincipios.com\/index.php\/2021\/04\/18\/luces-led-camaras-y-red-de-fibra-optica-para-los-23-nuevos-corredores-escolares-seguros\/#respond"]}]},{"@type":"WebPage","@id":"https:\/\/diarioprincipios.com\/index.php\/2021\/04\/18\/luces-led-camaras-y-red-de-fibra-optica-para-los-23-nuevos-corredores-escolares-seguros\/","url":"https:\/\/diarioprincipios.com\/index.php\/2021\/04\/18\/luces-led-camaras-y-red-de-fibra-optica-para-los-23-nuevos-corredores-escolares-seguros\/","name":"Luces LED, C\u00e1maras y Red de Fibra \u00d3ptica para los 23 nuevos Corredores Escolares Seguros - Principios","isPartOf":{"@id":"https:\/\/diarioprincipios.com\/#website"},"primaryImageOfPage":{"@id":"https:\/\/diarioprincipios.com\/index.php\/2021\/04\/18\/luces-led-camaras-y-red-de-fibra-optica-para-los-23-nuevos-corredores-escolares-seguros\/#primaryimage"},"image":{"@id":"https:\/\/diarioprincipios.com\/index.php\/2021\/04\/18\/luces-led-camaras-y-red-de-fibra-optica-para-los-23-nuevos-corredores-escolares-seguros\/#primaryimage"},"thumbnailUrl":"https:\/\/diarioprincipios.com\/wp-content\/uploads\/2021\/04\/LUCES-LED-CAMARAS-Y-RED-DE-FIBRA-OPTICA-PARA-LOS-23-NUEVOS-CORREDORES-ESCOLARES-SEGUROS-DE-BERAZATEGUI-1.jpeg","datePublished":"2021-04-18T16:04:41+00:00","dateModified":"2021-04-18T16:04:48+00:00","breadcrumb":{"@id":"https:\/\/diarioprincipios.com\/index.php\/2021\/04\/18\/luces-led-camaras-y-red-de-fibra-optica-para-los-23-nuevos-corredores-escolares-seguros\/#breadcrumb"},"inLanguage":"es","potentialAction":[{"@type":"ReadAction","target":["https:\/\/diarioprincipios.com\/index.php\/2021\/04\/18\/luces-led-camaras-y-red-de-fibra-optica-para-los-23-nuevos-corredores-escolares-seguros\/"]}]},{"@type":"ImageObject","inLanguage":"es","@id":"https:\/\/diarioprincipios.com\/index.php\/2021\/04\/18\/luces-led-camaras-y-red-de-fibra-optica-para-los-23-nuevos-corredores-escolares-seguros\/#primaryimage","url":"https:\/\/diarioprincipios.com\/wp-content\/uploads\/2021\/04\/LUCES-LED-CAMARAS-Y-RED-DE-FIBRA-OPTICA-PARA-LOS-23-NUEVOS-CORREDORES-ESCOLARES-SEGUROS-DE-BERAZATEGUI-1.jpeg","contentUrl":"https:\/\/diarioprincipios.com\/wp-content\/uploads\/2021\/04\/LUCES-LED-CAMARAS-Y-RED-DE-FIBRA-OPTICA-PARA-LOS-23-NUEVOS-CORREDORES-ESCOLARES-SEGUROS-DE-BERAZATEGUI-1.jpeg","width":1280,"height":853},{"@type":"BreadcrumbList","@id":"https:\/\/diarioprincipios.com\/index.php\/2021\/04\/18\/luces-led-camaras-y-red-de-fibra-optica-para-los-23-nuevos-corredores-escolares-seguros\/#breadcrumb","itemListElement":[{"@type":"ListItem","position":1,"name":"Portada","item":"https:\/\/diarioprincipios.com\/"},{"@type":"ListItem","position":2,"name":"Luces LED, C\u00e1maras y Red de Fibra \u00d3ptica para los 23 nuevos Corredores Escolares Seguros"}]},{"@type":"WebSite","@id":"https:\/\/diarioprincipios.com\/#website","url":"https:\/\/diarioprincipios.com\/","name":"Principios","description":"Principios Diario","publisher":{"@id":"https:\/\/diarioprincipios.com\/#organization"},"potentialAction":[{"@type":"SearchAction","target":{"@type":"EntryPoint","urlTemplate":"https:\/\/diarioprincipios.com\/?s={search_term_string}"},"query-input":{"@type":"PropertyValueSpecification","valueRequired":true,"valueName":"search_term_string"}}],"inLanguage":"es"},{"@type":"Organization","@id":"https:\/\/diarioprincipios.com\/#organization","name":"Principios","url":"https:\/\/diarioprincipios.com\/","logo":{"@type":"ImageObject","inLanguage":"es","@id":"https:\/\/diarioprincipios.com\/#\/schema\/logo\/image\/","url":"https:\/\/diarioprincipios.com\/wp-content\/uploads\/2024\/04\/cropped-www.diarioprincipios.com_-1.png","contentUrl":"https:\/\/diarioprincipios.com\/wp-content\/uploads\/2024\/04\/cropped-www.diarioprincipios.com_-1.png","width":5325,"height":1454,"caption":"Principios"},"image":{"@id":"https:\/\/diarioprincipios.com\/#\/schema\/logo\/image\/"}},{"@type":"Person","@id":"https:\/\/diarioprincipios.com\/#\/schema\/person\/436d5a1fd41a5e250e23ff5a6a7cb080","name":"Hern\u00e1n L\u00f3pez","image":{"@type":"ImageObject","inLanguage":"es","@id":"https:\/\/diarioprincipios.com\/wp-content\/litespeed\/avatar\/11ddfe5610ff3bd100522525b2571f48.jpg?ver=1777048341","url":"https:\/\/diarioprincipios.com\/wp-content\/litespeed\/avatar\/11ddfe5610ff3bd100522525b2571f48.jpg?ver=1777048341","contentUrl":"https:\/\/diarioprincipios.com\/wp-content\/litespeed\/avatar\/11ddfe5610ff3bd100522525b2571f48.jpg?ver=1777048341","caption":"Hern\u00e1n L\u00f3pez"},"url":"https:\/\/diarioprincipios.com\/index.php\/author\/hernan\/"}]}},"jetpack_featured_media_url":"https:\/\/diarioprincipios.com\/wp-content\/uploads\/2021\/04\/LUCES-LED-CAMARAS-Y-RED-DE-FIBRA-OPTICA-PARA-LOS-23-NUEVOS-CORREDORES-ESCOLARES-SEGUROS-DE-BERAZATEGUI-1.jpeg","_links":{"self":[{"href":"https:\/\/diarioprincipios.com\/index.php\/wp-json\/wp\/v2\/posts\/9493","targetHints":{"allow":["GET"]}}],"collection":[{"href":"https:\/\/diarioprincipios.com\/index.php\/wp-json\/wp\/v2\/posts"}],"about":[{"href":"https:\/\/diarioprincipios.com\/index.php\/wp-json\/wp\/v2\/types\/post"}],"author":[{"embeddable":true,"href":"https:\/\/diarioprincipios.com\/index.php\/wp-json\/wp\/v2\/users\/2"}],"replies":[{"embeddable":true,"href":"https:\/\/diarioprincipios.com\/index.php\/wp-json\/wp\/v2\/comments?post=9493"}],"version-history":[{"count":1,"href":"https:\/\/diarioprincipios.com\/index.php\/wp-json\/wp\/v2\/posts\/9493\/revisions"}],"predecessor-version":[{"id":9495,"href":"https:\/\/diarioprincipios.com\/index.php\/wp-json\/wp\/v2\/posts\/9493\/revisions\/9495"}],"wp:featuredmedia":[{"embeddable":true,"href":"https:\/\/diarioprincipios.com\/index.php\/wp-json\/wp\/v2\/media\/9494"}],"wp:attachment":[{"href":"https:\/\/diarioprincipios.com\/index.php\/wp-json\/wp\/v2\/media?parent=9493"}],"wp:term":[{"taxonomy":"category","embeddable":true,"href":"https:\/\/diarioprincipios.com\/index.php\/wp-json\/wp\/v2\/categories?post=9493"},{"taxonomy":"post_tag","embeddable":true,"href":"https:\/\/diarioprincipios.com\/index.php\/wp-json\/wp\/v2\/tags?post=9493"}],"curies":[{"name":"wp","href":"https:\/\/api.w.org\/{rel}","templated":true}]}}