{"id":9349,"date":"2021-04-08T22:25:04","date_gmt":"2021-04-09T01:25:04","guid":{"rendered":"http:\/\/diarioprincipios.com\/?p=9349"},"modified":"2021-04-08T22:25:10","modified_gmt":"2021-04-09T01:25:10","slug":"gremio-de-sanidad-acordo-finalmente-paritarias-y-logro-para-todo-2020-una-mejora-de-361","status":"publish","type":"post","link":"https:\/\/diarioprincipios.com\/index.php\/2021\/04\/08\/gremio-de-sanidad-acordo-finalmente-paritarias-y-logro-para-todo-2020-una-mejora-de-361\/","title":{"rendered":"Gremio de Sanidad acord\u00f3 finalmente paritarias y logr\u00f3 para todo 2020 una mejora de 36,1%"},"content":{"rendered":"\n<p>La Federaci\u00f3n de Asociaciones de Trabajadores de la Sanidad Argentina (Fatsa), que conducen Carlos West Ocampo y Rodolfo Daer, y las c\u00e1maras empresarias de la actividad acordaron esta tarde en el Ministerio de Trabajo una recomposici\u00f3n salarial total anual para 2020 del 36,1 por ciento, luego de convenir un aumento extra del 14 al 17 por ciento.<\/p>\n\n\n\n<p>Esa \u00faltima mejora se aplicar\u00e1 seg\u00fan cada categor\u00eda del escalaf\u00f3n convencional del gremio, seg\u00fan informaron esta noche a T\u00e9lam las fuentes gremiales y oficiales.<\/p>\n\n\n\n<figure class=\"wp-block-image size-large\"><img loading=\"lazy\" decoding=\"async\" width=\"1024\" height=\"768\" src=\"https:\/\/diarioprincipios.com\/wp-content\/uploads\/2021\/03\/IMG-20210326-WA0041.jpg\" alt=\"\" class=\"wp-image-9194\" srcset=\"https:\/\/diarioprincipios.com\/wp-content\/uploads\/2021\/03\/IMG-20210326-WA0041.jpg 1024w, https:\/\/diarioprincipios.com\/wp-content\/uploads\/2021\/03\/IMG-20210326-WA0041-300x225.jpg 300w, https:\/\/diarioprincipios.com\/wp-content\/uploads\/2021\/03\/IMG-20210326-WA0041-768x576.jpg 768w\" sizes=\"auto, (max-width: 1024px) 100vw, 1024px\" \/><\/figure>\n\n\n\n<p>A partir de abril, la categor\u00eda m\u00e1s alta del salario b\u00e1sico comenzar\u00e1 a percibir algo m\u00e1s de 75 mil pesos, la que le sigue poco m\u00e1s de 60 mil y, la m\u00e1s baja, casi 45 mil pesos.<\/p>\n\n\n\n<p>De esta forma, el sindicato nacional y los empresarios de la actividad concluyeron la negociaci\u00f3n salarial, que en su momento se hab\u00eda estancado y provoc\u00f3 la convocatoria a medidas de fuerza, interrumpidas por la declaraci\u00f3n de la conciliaci\u00f3n obligatoria.<\/p>\n\n\n\n<p>Sindicalistas y empresarios convinieron hoy en la cartera que conduce el ministro Claudio Moroni un aumento extra al acordado de forma oportuna de entre el 14 y el 17 por ciento, seg\u00fan la categor\u00eda escalafonaria, lo que totaliz\u00f3 una mejora anual del 36,1 por ciento.<\/p>\n\n\n\n<figure class=\"wp-block-image size-large\"><img loading=\"lazy\" decoding=\"async\" width=\"1024\" height=\"768\" src=\"https:\/\/diarioprincipios.com\/wp-content\/uploads\/2021\/03\/IMG-20210326-WA0042.jpg\" alt=\"\" class=\"wp-image-9195\" srcset=\"https:\/\/diarioprincipios.com\/wp-content\/uploads\/2021\/03\/IMG-20210326-WA0042.jpg 1024w, https:\/\/diarioprincipios.com\/wp-content\/uploads\/2021\/03\/IMG-20210326-WA0042-300x225.jpg 300w, https:\/\/diarioprincipios.com\/wp-content\/uploads\/2021\/03\/IMG-20210326-WA0042-768x576.jpg 768w\" sizes=\"auto, (max-width: 1024px) 100vw, 1024px\" \/><\/figure>\n\n\n\n<p>El acuerdo fue firmado por la Fatsa y todas las c\u00e1maras, que ratificaron la vigencia de los convenios 122, 103 y 108\/75 y 459\/06; acordaron las nuevas escalas de los b\u00e1sicos a partir del 1\u00b0 de abril, seg\u00fan lo convenido en la paritaria del 25 de agosto, y consensuaron que \u00abla diferencia entre b\u00e1sicos vigentes al 30 de junio y nuevas escalas y valores sobre los adicionales se considerar\u00e1n una gratificaci\u00f3n extraordinaria no remunerativa\u00bb.<\/p>\n\n\n\n<p>Esa excepcionalidad parcial regir\u00e1 hasta el 30 de junio de este a\u00f1o, ya que desde el d\u00eda siguiente tendr\u00e1n car\u00e1cter remunerativo, seg\u00fan lo convenido esta tarde en Trabajo.<\/p>\n\n\n\n<p>La reuni\u00f3n fue encabezada por Moroni, y participaron el secretario de Trabajo, Marcelo Belloti, y la directora de Relaciones y Regulaciones del Trabajo, Gabriela Marcell\u00f3.<\/p>\n\n\n\n<p>Trabajo hab\u00eda dictado el 26 de marzo \u00faltimo un per\u00edodo h\u00e1bil de conciliaci\u00f3n obligatoria de 15 d\u00edas ante el fracaso de las negociaciones y las convocatoria gremial a protestas.<\/p>\n\n\n\n<p>El gremio realiz\u00f3 medidas de fuerza durante dos d\u00edas a nivel nacional en el sector asistencial y, luego de esas jornadas, reivindic\u00f3 \u00abel compromiso de los trabajadores de cl\u00ednicas, sanatorios, hospitales, institutos con internaci\u00f3n, de diagn\u00f3stico y geri\u00e1tricos\u00bb.<\/p>\n\n\n\n<p>El acuerdo de hoy puso fin al conflicto por una mejora salarial desatado en 2020.<\/p>\n\n\n\n<p>Satisfacci\u00f3n en ATSA QUILMES<\/p>\n\n\n\n<p>Desde ATSA Quilmes, filial que conduce Ricardo Romero, se mostraron satisfechos con el acuerdo alcanzado y destacaron \u00abla unidad de los trabajadores para conseguir lo que nos hab\u00edamos propuesto\u00bb.<\/p>\n\n\n\n<p><\/p>\n","protected":false},"excerpt":{"rendered":"<p>La Federaci\u00f3n de Asociaciones de Trabajadores de la Sanidad Argentina (Fatsa), que conducen Carlos West Ocampo y Rodolfo Daer, y las c\u00e1maras empresarias de la actividad acordaron esta tarde en el Ministerio de Trabajo una recomposici\u00f3n salarial total anual para 2020 del 36,1 por ciento, luego de convenir un aumento extra del 14 al 17&#8230;<\/p>\n","protected":false},"author":2,"featured_media":9175,"comment_status":"open","ping_status":"open","sticky":false,"template":"","format":"standard","meta":{"footnotes":""},"categories":[10],"tags":[],"class_list":["post-9349","post","type-post","status-publish","format-standard","has-post-thumbnail","hentry","category-nacion"],"featured_image_src":"https:\/\/diarioprincipios.com\/wp-content\/uploads\/2021\/03\/FB_IMG_1616777127771-1024x474.jpg","blog_images":{"medium":"https:\/\/diarioprincipios.com\/wp-content\/uploads\/2021\/03\/FB_IMG_1616777127771-300x139.jpg","large":"https:\/\/diarioprincipios.com\/wp-content\/uploads\/2021\/03\/FB_IMG_1616777127771-1024x474.jpg"},"ams_acf":[],"yoast_head":"<!-- This site is optimized with the Yoast SEO plugin v27.3 - https:\/\/yoast.com\/product\/yoast-seo-wordpress\/ -->\n<title>Gremio de Sanidad acord\u00f3 finalmente paritarias y logr\u00f3 para todo 2020 una mejora de 36,1% - Principios<\/title>\n<meta name=\"robots\" content=\"index, follow, max-snippet:-1, max-image-preview:large, max-video-preview:-1\" \/>\n<link rel=\"canonical\" href=\"https:\/\/diarioprincipios.com\/index.php\/2021\/04\/08\/gremio-de-sanidad-acordo-finalmente-paritarias-y-logro-para-todo-2020-una-mejora-de-361\/\" \/>\n<meta property=\"og:locale\" content=\"es_ES\" \/>\n<meta property=\"og:type\" content=\"article\" \/>\n<meta property=\"og:title\" content=\"Gremio de Sanidad acord\u00f3 finalmente paritarias y logr\u00f3 para todo 2020 una mejora de 36,1% - Principios\" \/>\n<meta property=\"og:description\" content=\"La Federaci\u00f3n de Asociaciones de Trabajadores de la Sanidad Argentina (Fatsa), que conducen Carlos West Ocampo y Rodolfo Daer, y las c\u00e1maras empresarias de la actividad acordaron esta tarde en el Ministerio de Trabajo una recomposici\u00f3n salarial total anual para 2020 del 36,1 por ciento, luego de convenir un aumento extra del 14 al 17...\" \/>\n<meta property=\"og:url\" content=\"https:\/\/diarioprincipios.com\/index.php\/2021\/04\/08\/gremio-de-sanidad-acordo-finalmente-paritarias-y-logro-para-todo-2020-una-mejora-de-361\/\" \/>\n<meta property=\"og:site_name\" content=\"Principios\" \/>\n<meta property=\"article:published_time\" content=\"2021-04-09T01:25:04+00:00\" \/>\n<meta property=\"article:modified_time\" content=\"2021-04-09T01:25:10+00:00\" \/>\n<meta property=\"og:image\" content=\"https:\/\/diarioprincipios.com\/wp-content\/uploads\/2021\/03\/FB_IMG_1616777127771.jpg\" \/>\n\t<meta property=\"og:image:width\" content=\"1080\" \/>\n\t<meta property=\"og:image:height\" content=\"500\" \/>\n\t<meta property=\"og:image:type\" content=\"image\/jpeg\" \/>\n<meta name=\"author\" content=\"Hern\u00e1n L\u00f3pez\" \/>\n<meta name=\"twitter:card\" content=\"summary_large_image\" \/>\n<meta name=\"twitter:label1\" content=\"Escrito por\" \/>\n\t<meta name=\"twitter:data1\" content=\"Hern\u00e1n L\u00f3pez\" \/>\n\t<meta name=\"twitter:label2\" content=\"Tiempo de lectura\" \/>\n\t<meta name=\"twitter:data2\" content=\"3 minutos\" \/>\n<script type=\"application\/ld+json\" class=\"yoast-schema-graph\">{\"@context\":\"https:\\\/\\\/schema.org\",\"@graph\":[{\"@type\":\"Article\",\"@id\":\"https:\\\/\\\/diarioprincipios.com\\\/index.php\\\/2021\\\/04\\\/08\\\/gremio-de-sanidad-acordo-finalmente-paritarias-y-logro-para-todo-2020-una-mejora-de-361\\\/#article\",\"isPartOf\":{\"@id\":\"https:\\\/\\\/diarioprincipios.com\\\/index.php\\\/2021\\\/04\\\/08\\\/gremio-de-sanidad-acordo-finalmente-paritarias-y-logro-para-todo-2020-una-mejora-de-361\\\/\"},\"author\":{\"name\":\"Hern\u00e1n L\u00f3pez\",\"@id\":\"https:\\\/\\\/diarioprincipios.com\\\/#\\\/schema\\\/person\\\/436d5a1fd41a5e250e23ff5a6a7cb080\"},\"headline\":\"Gremio de Sanidad acord\u00f3 finalmente paritarias y logr\u00f3 para todo 2020 una mejora de 36,1%\",\"datePublished\":\"2021-04-09T01:25:04+00:00\",\"dateModified\":\"2021-04-09T01:25:10+00:00\",\"mainEntityOfPage\":{\"@id\":\"https:\\\/\\\/diarioprincipios.com\\\/index.php\\\/2021\\\/04\\\/08\\\/gremio-de-sanidad-acordo-finalmente-paritarias-y-logro-para-todo-2020-una-mejora-de-361\\\/\"},\"wordCount\":480,\"commentCount\":0,\"publisher\":{\"@id\":\"https:\\\/\\\/diarioprincipios.com\\\/#organization\"},\"image\":{\"@id\":\"https:\\\/\\\/diarioprincipios.com\\\/index.php\\\/2021\\\/04\\\/08\\\/gremio-de-sanidad-acordo-finalmente-paritarias-y-logro-para-todo-2020-una-mejora-de-361\\\/#primaryimage\"},\"thumbnailUrl\":\"https:\\\/\\\/diarioprincipios.com\\\/wp-content\\\/uploads\\\/2021\\\/03\\\/FB_IMG_1616777127771.jpg\",\"articleSection\":[\"Naci\u00f3n\"],\"inLanguage\":\"es\",\"potentialAction\":[{\"@type\":\"CommentAction\",\"name\":\"Comment\",\"target\":[\"https:\\\/\\\/diarioprincipios.com\\\/index.php\\\/2021\\\/04\\\/08\\\/gremio-de-sanidad-acordo-finalmente-paritarias-y-logro-para-todo-2020-una-mejora-de-361\\\/#respond\"]}]},{\"@type\":\"WebPage\",\"@id\":\"https:\\\/\\\/diarioprincipios.com\\\/index.php\\\/2021\\\/04\\\/08\\\/gremio-de-sanidad-acordo-finalmente-paritarias-y-logro-para-todo-2020-una-mejora-de-361\\\/\",\"url\":\"https:\\\/\\\/diarioprincipios.com\\\/index.php\\\/2021\\\/04\\\/08\\\/gremio-de-sanidad-acordo-finalmente-paritarias-y-logro-para-todo-2020-una-mejora-de-361\\\/\",\"name\":\"Gremio de Sanidad acord\u00f3 finalmente paritarias y logr\u00f3 para todo 2020 una mejora de 36,1% - Principios\",\"isPartOf\":{\"@id\":\"https:\\\/\\\/diarioprincipios.com\\\/#website\"},\"primaryImageOfPage\":{\"@id\":\"https:\\\/\\\/diarioprincipios.com\\\/index.php\\\/2021\\\/04\\\/08\\\/gremio-de-sanidad-acordo-finalmente-paritarias-y-logro-para-todo-2020-una-mejora-de-361\\\/#primaryimage\"},\"image\":{\"@id\":\"https:\\\/\\\/diarioprincipios.com\\\/index.php\\\/2021\\\/04\\\/08\\\/gremio-de-sanidad-acordo-finalmente-paritarias-y-logro-para-todo-2020-una-mejora-de-361\\\/#primaryimage\"},\"thumbnailUrl\":\"https:\\\/\\\/diarioprincipios.com\\\/wp-content\\\/uploads\\\/2021\\\/03\\\/FB_IMG_1616777127771.jpg\",\"datePublished\":\"2021-04-09T01:25:04+00:00\",\"dateModified\":\"2021-04-09T01:25:10+00:00\",\"breadcrumb\":{\"@id\":\"https:\\\/\\\/diarioprincipios.com\\\/index.php\\\/2021\\\/04\\\/08\\\/gremio-de-sanidad-acordo-finalmente-paritarias-y-logro-para-todo-2020-una-mejora-de-361\\\/#breadcrumb\"},\"inLanguage\":\"es\",\"potentialAction\":[{\"@type\":\"ReadAction\",\"target\":[\"https:\\\/\\\/diarioprincipios.com\\\/index.php\\\/2021\\\/04\\\/08\\\/gremio-de-sanidad-acordo-finalmente-paritarias-y-logro-para-todo-2020-una-mejora-de-361\\\/\"]}]},{\"@type\":\"ImageObject\",\"inLanguage\":\"es\",\"@id\":\"https:\\\/\\\/diarioprincipios.com\\\/index.php\\\/2021\\\/04\\\/08\\\/gremio-de-sanidad-acordo-finalmente-paritarias-y-logro-para-todo-2020-una-mejora-de-361\\\/#primaryimage\",\"url\":\"https:\\\/\\\/diarioprincipios.com\\\/wp-content\\\/uploads\\\/2021\\\/03\\\/FB_IMG_1616777127771.jpg\",\"contentUrl\":\"https:\\\/\\\/diarioprincipios.com\\\/wp-content\\\/uploads\\\/2021\\\/03\\\/FB_IMG_1616777127771.jpg\",\"width\":1080,\"height\":500},{\"@type\":\"BreadcrumbList\",\"@id\":\"https:\\\/\\\/diarioprincipios.com\\\/index.php\\\/2021\\\/04\\\/08\\\/gremio-de-sanidad-acordo-finalmente-paritarias-y-logro-para-todo-2020-una-mejora-de-361\\\/#breadcrumb\",\"itemListElement\":[{\"@type\":\"ListItem\",\"position\":1,\"name\":\"Portada\",\"item\":\"https:\\\/\\\/diarioprincipios.com\\\/\"},{\"@type\":\"ListItem\",\"position\":2,\"name\":\"Gremio de Sanidad acord\u00f3 finalmente paritarias y logr\u00f3 para todo 2020 una mejora de 36,1%\"}]},{\"@type\":\"WebSite\",\"@id\":\"https:\\\/\\\/diarioprincipios.com\\\/#website\",\"url\":\"https:\\\/\\\/diarioprincipios.com\\\/\",\"name\":\"Principios\",\"description\":\"Principios Diario\",\"publisher\":{\"@id\":\"https:\\\/\\\/diarioprincipios.com\\\/#organization\"},\"potentialAction\":[{\"@type\":\"SearchAction\",\"target\":{\"@type\":\"EntryPoint\",\"urlTemplate\":\"https:\\\/\\\/diarioprincipios.com\\\/?s={search_term_string}\"},\"query-input\":{\"@type\":\"PropertyValueSpecification\",\"valueRequired\":true,\"valueName\":\"search_term_string\"}}],\"inLanguage\":\"es\"},{\"@type\":\"Organization\",\"@id\":\"https:\\\/\\\/diarioprincipios.com\\\/#organization\",\"name\":\"Principios\",\"url\":\"https:\\\/\\\/diarioprincipios.com\\\/\",\"logo\":{\"@type\":\"ImageObject\",\"inLanguage\":\"es\",\"@id\":\"https:\\\/\\\/diarioprincipios.com\\\/#\\\/schema\\\/logo\\\/image\\\/\",\"url\":\"https:\\\/\\\/diarioprincipios.com\\\/wp-content\\\/uploads\\\/2024\\\/04\\\/cropped-www.diarioprincipios.com_-1.png\",\"contentUrl\":\"https:\\\/\\\/diarioprincipios.com\\\/wp-content\\\/uploads\\\/2024\\\/04\\\/cropped-www.diarioprincipios.com_-1.png\",\"width\":5325,\"height\":1454,\"caption\":\"Principios\"},\"image\":{\"@id\":\"https:\\\/\\\/diarioprincipios.com\\\/#\\\/schema\\\/logo\\\/image\\\/\"}},{\"@type\":\"Person\",\"@id\":\"https:\\\/\\\/diarioprincipios.com\\\/#\\\/schema\\\/person\\\/436d5a1fd41a5e250e23ff5a6a7cb080\",\"name\":\"Hern\u00e1n L\u00f3pez\",\"image\":{\"@type\":\"ImageObject\",\"inLanguage\":\"es\",\"@id\":\"https:\\\/\\\/diarioprincipios.com\\\/wp-content\\\/litespeed\\\/avatar\\\/11ddfe5610ff3bd100522525b2571f48.jpg?ver=1777048341\",\"url\":\"https:\\\/\\\/diarioprincipios.com\\\/wp-content\\\/litespeed\\\/avatar\\\/11ddfe5610ff3bd100522525b2571f48.jpg?ver=1777048341\",\"contentUrl\":\"https:\\\/\\\/diarioprincipios.com\\\/wp-content\\\/litespeed\\\/avatar\\\/11ddfe5610ff3bd100522525b2571f48.jpg?ver=1777048341\",\"caption\":\"Hern\u00e1n L\u00f3pez\"},\"url\":\"https:\\\/\\\/diarioprincipios.com\\\/index.php\\\/author\\\/hernan\\\/\"}]}<\/script>\n<!-- \/ Yoast SEO plugin. -->","yoast_head_json":{"title":"Gremio de Sanidad acord\u00f3 finalmente paritarias y logr\u00f3 para todo 2020 una mejora de 36,1% - Principios","robots":{"index":"index","follow":"follow","max-snippet":"max-snippet:-1","max-image-preview":"max-image-preview:large","max-video-preview":"max-video-preview:-1"},"canonical":"https:\/\/diarioprincipios.com\/index.php\/2021\/04\/08\/gremio-de-sanidad-acordo-finalmente-paritarias-y-logro-para-todo-2020-una-mejora-de-361\/","og_locale":"es_ES","og_type":"article","og_title":"Gremio de Sanidad acord\u00f3 finalmente paritarias y logr\u00f3 para todo 2020 una mejora de 36,1% - Principios","og_description":"La Federaci\u00f3n de Asociaciones de Trabajadores de la Sanidad Argentina (Fatsa), que conducen Carlos West Ocampo y Rodolfo Daer, y las c\u00e1maras empresarias de la actividad acordaron esta tarde en el Ministerio de Trabajo una recomposici\u00f3n salarial total anual para 2020 del 36,1 por ciento, luego de convenir un aumento extra del 14 al 17...","og_url":"https:\/\/diarioprincipios.com\/index.php\/2021\/04\/08\/gremio-de-sanidad-acordo-finalmente-paritarias-y-logro-para-todo-2020-una-mejora-de-361\/","og_site_name":"Principios","article_published_time":"2021-04-09T01:25:04+00:00","article_modified_time":"2021-04-09T01:25:10+00:00","og_image":[{"width":1080,"height":500,"url":"https:\/\/diarioprincipios.com\/wp-content\/uploads\/2021\/03\/FB_IMG_1616777127771.jpg","type":"image\/jpeg"}],"author":"Hern\u00e1n L\u00f3pez","twitter_card":"summary_large_image","twitter_misc":{"Escrito por":"Hern\u00e1n L\u00f3pez","Tiempo de lectura":"3 minutos"},"schema":{"@context":"https:\/\/schema.org","@graph":[{"@type":"Article","@id":"https:\/\/diarioprincipios.com\/index.php\/2021\/04\/08\/gremio-de-sanidad-acordo-finalmente-paritarias-y-logro-para-todo-2020-una-mejora-de-361\/#article","isPartOf":{"@id":"https:\/\/diarioprincipios.com\/index.php\/2021\/04\/08\/gremio-de-sanidad-acordo-finalmente-paritarias-y-logro-para-todo-2020-una-mejora-de-361\/"},"author":{"name":"Hern\u00e1n L\u00f3pez","@id":"https:\/\/diarioprincipios.com\/#\/schema\/person\/436d5a1fd41a5e250e23ff5a6a7cb080"},"headline":"Gremio de Sanidad acord\u00f3 finalmente paritarias y logr\u00f3 para todo 2020 una mejora de 36,1%","datePublished":"2021-04-09T01:25:04+00:00","dateModified":"2021-04-09T01:25:10+00:00","mainEntityOfPage":{"@id":"https:\/\/diarioprincipios.com\/index.php\/2021\/04\/08\/gremio-de-sanidad-acordo-finalmente-paritarias-y-logro-para-todo-2020-una-mejora-de-361\/"},"wordCount":480,"commentCount":0,"publisher":{"@id":"https:\/\/diarioprincipios.com\/#organization"},"image":{"@id":"https:\/\/diarioprincipios.com\/index.php\/2021\/04\/08\/gremio-de-sanidad-acordo-finalmente-paritarias-y-logro-para-todo-2020-una-mejora-de-361\/#primaryimage"},"thumbnailUrl":"https:\/\/diarioprincipios.com\/wp-content\/uploads\/2021\/03\/FB_IMG_1616777127771.jpg","articleSection":["Naci\u00f3n"],"inLanguage":"es","potentialAction":[{"@type":"CommentAction","name":"Comment","target":["https:\/\/diarioprincipios.com\/index.php\/2021\/04\/08\/gremio-de-sanidad-acordo-finalmente-paritarias-y-logro-para-todo-2020-una-mejora-de-361\/#respond"]}]},{"@type":"WebPage","@id":"https:\/\/diarioprincipios.com\/index.php\/2021\/04\/08\/gremio-de-sanidad-acordo-finalmente-paritarias-y-logro-para-todo-2020-una-mejora-de-361\/","url":"https:\/\/diarioprincipios.com\/index.php\/2021\/04\/08\/gremio-de-sanidad-acordo-finalmente-paritarias-y-logro-para-todo-2020-una-mejora-de-361\/","name":"Gremio de Sanidad acord\u00f3 finalmente paritarias y logr\u00f3 para todo 2020 una mejora de 36,1% - Principios","isPartOf":{"@id":"https:\/\/diarioprincipios.com\/#website"},"primaryImageOfPage":{"@id":"https:\/\/diarioprincipios.com\/index.php\/2021\/04\/08\/gremio-de-sanidad-acordo-finalmente-paritarias-y-logro-para-todo-2020-una-mejora-de-361\/#primaryimage"},"image":{"@id":"https:\/\/diarioprincipios.com\/index.php\/2021\/04\/08\/gremio-de-sanidad-acordo-finalmente-paritarias-y-logro-para-todo-2020-una-mejora-de-361\/#primaryimage"},"thumbnailUrl":"https:\/\/diarioprincipios.com\/wp-content\/uploads\/2021\/03\/FB_IMG_1616777127771.jpg","datePublished":"2021-04-09T01:25:04+00:00","dateModified":"2021-04-09T01:25:10+00:00","breadcrumb":{"@id":"https:\/\/diarioprincipios.com\/index.php\/2021\/04\/08\/gremio-de-sanidad-acordo-finalmente-paritarias-y-logro-para-todo-2020-una-mejora-de-361\/#breadcrumb"},"inLanguage":"es","potentialAction":[{"@type":"ReadAction","target":["https:\/\/diarioprincipios.com\/index.php\/2021\/04\/08\/gremio-de-sanidad-acordo-finalmente-paritarias-y-logro-para-todo-2020-una-mejora-de-361\/"]}]},{"@type":"ImageObject","inLanguage":"es","@id":"https:\/\/diarioprincipios.com\/index.php\/2021\/04\/08\/gremio-de-sanidad-acordo-finalmente-paritarias-y-logro-para-todo-2020-una-mejora-de-361\/#primaryimage","url":"https:\/\/diarioprincipios.com\/wp-content\/uploads\/2021\/03\/FB_IMG_1616777127771.jpg","contentUrl":"https:\/\/diarioprincipios.com\/wp-content\/uploads\/2021\/03\/FB_IMG_1616777127771.jpg","width":1080,"height":500},{"@type":"BreadcrumbList","@id":"https:\/\/diarioprincipios.com\/index.php\/2021\/04\/08\/gremio-de-sanidad-acordo-finalmente-paritarias-y-logro-para-todo-2020-una-mejora-de-361\/#breadcrumb","itemListElement":[{"@type":"ListItem","position":1,"name":"Portada","item":"https:\/\/diarioprincipios.com\/"},{"@type":"ListItem","position":2,"name":"Gremio de Sanidad acord\u00f3 finalmente paritarias y logr\u00f3 para todo 2020 una mejora de 36,1%"}]},{"@type":"WebSite","@id":"https:\/\/diarioprincipios.com\/#website","url":"https:\/\/diarioprincipios.com\/","name":"Principios","description":"Principios Diario","publisher":{"@id":"https:\/\/diarioprincipios.com\/#organization"},"potentialAction":[{"@type":"SearchAction","target":{"@type":"EntryPoint","urlTemplate":"https:\/\/diarioprincipios.com\/?s={search_term_string}"},"query-input":{"@type":"PropertyValueSpecification","valueRequired":true,"valueName":"search_term_string"}}],"inLanguage":"es"},{"@type":"Organization","@id":"https:\/\/diarioprincipios.com\/#organization","name":"Principios","url":"https:\/\/diarioprincipios.com\/","logo":{"@type":"ImageObject","inLanguage":"es","@id":"https:\/\/diarioprincipios.com\/#\/schema\/logo\/image\/","url":"https:\/\/diarioprincipios.com\/wp-content\/uploads\/2024\/04\/cropped-www.diarioprincipios.com_-1.png","contentUrl":"https:\/\/diarioprincipios.com\/wp-content\/uploads\/2024\/04\/cropped-www.diarioprincipios.com_-1.png","width":5325,"height":1454,"caption":"Principios"},"image":{"@id":"https:\/\/diarioprincipios.com\/#\/schema\/logo\/image\/"}},{"@type":"Person","@id":"https:\/\/diarioprincipios.com\/#\/schema\/person\/436d5a1fd41a5e250e23ff5a6a7cb080","name":"Hern\u00e1n L\u00f3pez","image":{"@type":"ImageObject","inLanguage":"es","@id":"https:\/\/diarioprincipios.com\/wp-content\/litespeed\/avatar\/11ddfe5610ff3bd100522525b2571f48.jpg?ver=1777048341","url":"https:\/\/diarioprincipios.com\/wp-content\/litespeed\/avatar\/11ddfe5610ff3bd100522525b2571f48.jpg?ver=1777048341","contentUrl":"https:\/\/diarioprincipios.com\/wp-content\/litespeed\/avatar\/11ddfe5610ff3bd100522525b2571f48.jpg?ver=1777048341","caption":"Hern\u00e1n L\u00f3pez"},"url":"https:\/\/diarioprincipios.com\/index.php\/author\/hernan\/"}]}},"jetpack_featured_media_url":"https:\/\/diarioprincipios.com\/wp-content\/uploads\/2021\/03\/FB_IMG_1616777127771.jpg","_links":{"self":[{"href":"https:\/\/diarioprincipios.com\/index.php\/wp-json\/wp\/v2\/posts\/9349","targetHints":{"allow":["GET"]}}],"collection":[{"href":"https:\/\/diarioprincipios.com\/index.php\/wp-json\/wp\/v2\/posts"}],"about":[{"href":"https:\/\/diarioprincipios.com\/index.php\/wp-json\/wp\/v2\/types\/post"}],"author":[{"embeddable":true,"href":"https:\/\/diarioprincipios.com\/index.php\/wp-json\/wp\/v2\/users\/2"}],"replies":[{"embeddable":true,"href":"https:\/\/diarioprincipios.com\/index.php\/wp-json\/wp\/v2\/comments?post=9349"}],"version-history":[{"count":1,"href":"https:\/\/diarioprincipios.com\/index.php\/wp-json\/wp\/v2\/posts\/9349\/revisions"}],"predecessor-version":[{"id":9350,"href":"https:\/\/diarioprincipios.com\/index.php\/wp-json\/wp\/v2\/posts\/9349\/revisions\/9350"}],"wp:featuredmedia":[{"embeddable":true,"href":"https:\/\/diarioprincipios.com\/index.php\/wp-json\/wp\/v2\/media\/9175"}],"wp:attachment":[{"href":"https:\/\/diarioprincipios.com\/index.php\/wp-json\/wp\/v2\/media?parent=9349"}],"wp:term":[{"taxonomy":"category","embeddable":true,"href":"https:\/\/diarioprincipios.com\/index.php\/wp-json\/wp\/v2\/categories?post=9349"},{"taxonomy":"post_tag","embeddable":true,"href":"https:\/\/diarioprincipios.com\/index.php\/wp-json\/wp\/v2\/tags?post=9349"}],"curies":[{"name":"wp","href":"https:\/\/api.w.org\/{rel}","templated":true}]}}