{"id":9289,"date":"2021-04-02T14:57:27","date_gmt":"2021-04-02T17:57:27","guid":{"rendered":"http:\/\/diarioprincipios.com\/?p=9289"},"modified":"2021-04-02T15:00:37","modified_gmt":"2021-04-02T18:00:37","slug":"berazategui-conmemora-el-dia-mundial-de-la-concientizacion-sobre-el-autismo","status":"publish","type":"post","link":"https:\/\/diarioprincipios.com\/index.php\/2021\/04\/02\/berazategui-conmemora-el-dia-mundial-de-la-concientizacion-sobre-el-autismo\/","title":{"rendered":"Berazategui conmemora el D\u00eda Mundial de la Concientizaci\u00f3n sobre el Autismo"},"content":{"rendered":"\n<p><strong>Como cada a\u00f1o, la Municipalidad de Berazategui conmemora este viernes 2 de abril el D\u00eda Mundial de la Concientizaci\u00f3n sobre el Autismo. El objetivo es fomentar la inclusi\u00f3n de las personas que lo padecen y contribuir a mejorar su calidad de vida. El fuerte compromiso de la Ciudad frente a esta problem\u00e1tica, puede verse actualmente materializado en la aplicaci\u00f3n de una Ley provincial para su abordaje de forma integral.\u00a0<\/strong><\/p>\n\n\n\n<figure class=\"wp-block-image size-large\"><img loading=\"lazy\" decoding=\"async\" width=\"1024\" height=\"673\" src=\"https:\/\/diarioprincipios.com\/wp-content\/uploads\/2021\/04\/Screenshot_20210402-145820_Chrome-1024x673.jpg\" alt=\"\" class=\"wp-image-9294\" srcset=\"https:\/\/diarioprincipios.com\/wp-content\/uploads\/2021\/04\/Screenshot_20210402-145820_Chrome-1024x673.jpg 1024w, https:\/\/diarioprincipios.com\/wp-content\/uploads\/2021\/04\/Screenshot_20210402-145820_Chrome-300x197.jpg 300w, https:\/\/diarioprincipios.com\/wp-content\/uploads\/2021\/04\/Screenshot_20210402-145820_Chrome-768x505.jpg 768w, https:\/\/diarioprincipios.com\/wp-content\/uploads\/2021\/04\/Screenshot_20210402-145820_Chrome.jpg 1030w\" sizes=\"auto, (max-width: 1024px) 100vw, 1024px\" \/><\/figure>\n\n\n\n<p>Hace 6 a\u00f1os (precisamente en octubre de 2014), la Legislatura bonaerense aprob\u00f3 la Ley 14.651, que estableci\u00f3 la creaci\u00f3n del Sistema de Protecci\u00f3n Integral de las Personas que padecen TGD (Trastorno Generalizado del Desarrollo) &#8211; TEA (Trastornos del Espectro Autista), un proyecto impulsado en 2013 por la actual secretaria de Desarrollo Social y Comunitario de la Municipalidad de Berazategui, Mar\u00eda Laura Lacava, quien en ese momento se desempe\u00f1aba como Diputada provincial.<\/p>\n\n\n\n<p>\u201cEn Berazategui funcionaban actividades para personas con discapacidad y notamos que eran crecientes los casos de TEA. En ese momento, decidimos que era necesario acompa\u00f1ar a los padres que ten\u00edan esta dificultad con sus hijos\u201d, recuerda ahora Lacava, principal promotora de la Ley para el abordaje integral de los TGD-TEA. \u201cEn el periodo 2009-2013, mientras representaba a Berazategui y a otros distritos del Conurbano en la C\u00e1mara de Diputados de la provincia de Buenos Aires, sent\u00ed la motivaci\u00f3n de implementar muchas acciones y una de ellas fue el impulso de esta Ley\u201d, explica al respecto la funcionaria.<\/p>\n\n\n\n<figure class=\"wp-block-image size-large\"><img loading=\"lazy\" decoding=\"async\" width=\"1024\" height=\"576\" src=\"https:\/\/diarioprincipios.com\/wp-content\/uploads\/2021\/04\/DIA_DEL_AUTISMO_BERAZATEGUI_2-1024x576.jpeg\" alt=\"\" class=\"wp-image-9290\" srcset=\"https:\/\/diarioprincipios.com\/wp-content\/uploads\/2021\/04\/DIA_DEL_AUTISMO_BERAZATEGUI_2-1024x576.jpeg 1024w, https:\/\/diarioprincipios.com\/wp-content\/uploads\/2021\/04\/DIA_DEL_AUTISMO_BERAZATEGUI_2-300x169.jpeg 300w, https:\/\/diarioprincipios.com\/wp-content\/uploads\/2021\/04\/DIA_DEL_AUTISMO_BERAZATEGUI_2-768x432.jpeg 768w, https:\/\/diarioprincipios.com\/wp-content\/uploads\/2021\/04\/DIA_DEL_AUTISMO_BERAZATEGUI_2.jpeg 1280w\" sizes=\"auto, (max-width: 1024px) 100vw, 1024px\" \/><\/figure>\n\n\n\n<p>Fue as\u00ed que desde Berazategui se dio impulso a una nueva legislaci\u00f3n, que se promulg\u00f3 y public\u00f3 en 2014, con el fin de instrumentar mecanismos de prevenci\u00f3n, promoci\u00f3n y asistencia para las personas con TGD-TEA, con una perspectiva integradora.<\/p>\n\n\n\n<p>Seg\u00fan profesionales de la Secretar\u00eda de Salud de la Municipalidad, el TEA conforma una condici\u00f3n con un variado espectro de presentaciones, que tienen en com\u00fan su aparici\u00f3n en la infancia y perturbaciones del contacto afectivo, que se vislumbran en la comunicaci\u00f3n, la integraci\u00f3n social, la extremada dependencia de las rutinas y h\u00e1bitos cotidianos y una alta intolerancia a los cambios.<\/p>\n\n\n\n<p>\u201cLo que m\u00e1s destaco es el Art\u00edculo 2\u00b0 de la Ley 14.651, que establece la incorporaci\u00f3n del Art\u00edculo 8 bis a la vieja Ley 14.191, que dice que todos los hospitales p\u00fablicos de la Provincia deben tener un equipo especializado y la infraestructura necesaria para la atenci\u00f3n y contenci\u00f3n de los ni\u00f1os con TGD-TEA, porque no muchos alcanzan a tener una pensi\u00f3n por discapacidad u obra social que los acompa\u00f1e en el per\u00edodo completo de tratamiento. El fin es lograr su inserci\u00f3n en todas las actividades de la sociedad en general\u201d, destaca Lacava.<\/p>\n\n\n\n<p>\u201cActualmente, y de acuerdo con la Ley, Berazategui cuenta con equipos interdisciplinarios en sus Centros de Salud, que atienden esta problem\u00e1tica. Adem\u00e1s, posee un servicio de m\u00faltiples actividades deportivas \u2013como atletismo en el Complejo Municipal Los Privilegiados-, recreativas y culturales, organizadas por docentes que se han perfeccionado en este tipo de diagn\u00f3stico\u201d, agrega la Secretaria de Desarrollo Social.<\/p>\n\n\n\n<p><strong>En honor a la fecha, se iluminan de azul algunos espacios de la Ciudad<\/strong><\/p>\n\n\n\n<p>&nbsp;El 2 de abril fue declarado como el D\u00eda Mundial de Concientizaci\u00f3n sobre el Autismo, por la Organizaci\u00f3n de las Naciones Unidas. Y, como cada a\u00f1o, Berazategui toma parte activamente: viste de luces azules varios de sus espacios, como Av. Mitre y Fcio. Varela, la bajada de la Autopista Buenos Aires-La Plata, el Edificio Municipal, la Costa de Hudson y El Faro del Paseo del Cincuentenario, entre otros, con el objetivo de generar conciencia.<\/p>\n\n\n\n<p>El color azul se transform\u00f3 en s\u00edmbolo de los Trastornos del Espectro Autista (TEA) y se visibiliza en los espacios mencionados. Seg\u00fan varias fuentes especializadas, como&nbsp;<a rel=\"noreferrer noopener\" target=\"_blank\" href=\"http:\/\/panaacea.org\">panaacea.org<\/a>&nbsp;(organizaci\u00f3n sin fines de lucro que re\u00fane a un grupo de profesionales especializados en el trabajo con ni\u00f1os con autismo y sus familias), el color azul representa al mar, que a veces est\u00e1 calmo y, en otras oportunidades, revuelto. Lo mismo sucede en la vida de una persona con autismo y su entorno familiar: hay d\u00edas serenos y otros m\u00e1s tormentosos.<\/p>\n\n\n\n<figure class=\"wp-block-image\"><img decoding=\"async\" src=\"https:\/\/ecp.yusercontent.com\/mail?url=https%3A%2F%2Fdocs.google.com%2Fuc%3Fexport%3Ddownload%26id%3D1O9ySDGVjFwLiWj3yWiMdjtCw6pHI7T-F%26revid%3D0B9CZhG6aa0VidWpSQjZNZGVndGpYeWM5ZWtiUFNuM1JQV3U4PQ&amp;t=1617324576&amp;ymreqid=5799fcab-b43d-2794-22f4-f6000201dc00&amp;sig=ePco4F1CY4aZZ3YfRdEllw--~D\" alt=\"\"\/><\/figure>\n","protected":false},"excerpt":{"rendered":"<p>Como cada a\u00f1o, la Municipalidad de Berazategui conmemora este viernes 2 de abril el D\u00eda Mundial de la Concientizaci\u00f3n sobre el Autismo. El objetivo es fomentar la inclusi\u00f3n de las personas que lo padecen y contribuir a mejorar su calidad de vida. El fuerte compromiso de la Ciudad frente a esta problem\u00e1tica, puede verse actualmente&#8230;<\/p>\n","protected":false},"author":2,"featured_media":9291,"comment_status":"open","ping_status":"open","sticky":false,"template":"","format":"standard","meta":{"footnotes":""},"categories":[3],"tags":[],"class_list":["post-9289","post","type-post","status-publish","format-standard","has-post-thumbnail","hentry","category-berazategui"],"featured_image_src":"https:\/\/diarioprincipios.com\/wp-content\/uploads\/2021\/04\/DIA_DEL_AUTISMO_BERAZATEGUI_4-1024x576.jpeg","blog_images":{"medium":"https:\/\/diarioprincipios.com\/wp-content\/uploads\/2021\/04\/DIA_DEL_AUTISMO_BERAZATEGUI_4-300x169.jpeg","large":"https:\/\/diarioprincipios.com\/wp-content\/uploads\/2021\/04\/DIA_DEL_AUTISMO_BERAZATEGUI_4-1024x576.jpeg"},"ams_acf":[],"yoast_head":"<!-- This site is optimized with the Yoast SEO plugin v27.3 - https:\/\/yoast.com\/product\/yoast-seo-wordpress\/ -->\n<title>Berazategui conmemora el D\u00eda Mundial de la Concientizaci\u00f3n sobre el Autismo - Principios<\/title>\n<meta name=\"robots\" content=\"index, follow, max-snippet:-1, max-image-preview:large, max-video-preview:-1\" \/>\n<link rel=\"canonical\" href=\"https:\/\/diarioprincipios.com\/index.php\/2021\/04\/02\/berazategui-conmemora-el-dia-mundial-de-la-concientizacion-sobre-el-autismo\/\" \/>\n<meta property=\"og:locale\" content=\"es_ES\" \/>\n<meta property=\"og:type\" content=\"article\" \/>\n<meta property=\"og:title\" content=\"Berazategui conmemora el D\u00eda Mundial de la Concientizaci\u00f3n sobre el Autismo - Principios\" \/>\n<meta property=\"og:description\" content=\"Como cada a\u00f1o, la Municipalidad de Berazategui conmemora este viernes 2 de abril el D\u00eda Mundial de la Concientizaci\u00f3n sobre el Autismo. El objetivo es fomentar la inclusi\u00f3n de las personas que lo padecen y contribuir a mejorar su calidad de vida. El fuerte compromiso de la Ciudad frente a esta problem\u00e1tica, puede verse actualmente...\" \/>\n<meta property=\"og:url\" content=\"https:\/\/diarioprincipios.com\/index.php\/2021\/04\/02\/berazategui-conmemora-el-dia-mundial-de-la-concientizacion-sobre-el-autismo\/\" \/>\n<meta property=\"og:site_name\" content=\"Principios\" \/>\n<meta property=\"article:published_time\" content=\"2021-04-02T17:57:27+00:00\" \/>\n<meta property=\"article:modified_time\" content=\"2021-04-02T18:00:37+00:00\" \/>\n<meta property=\"og:image\" content=\"https:\/\/diarioprincipios.com\/wp-content\/uploads\/2021\/04\/DIA_DEL_AUTISMO_BERAZATEGUI_4.jpeg\" \/>\n\t<meta property=\"og:image:width\" content=\"1280\" \/>\n\t<meta property=\"og:image:height\" content=\"720\" \/>\n\t<meta property=\"og:image:type\" content=\"image\/jpeg\" \/>\n<meta name=\"author\" content=\"Hern\u00e1n L\u00f3pez\" \/>\n<meta name=\"twitter:card\" content=\"summary_large_image\" \/>\n<meta name=\"twitter:label1\" content=\"Escrito por\" \/>\n\t<meta name=\"twitter:data1\" content=\"Hern\u00e1n L\u00f3pez\" \/>\n\t<meta name=\"twitter:label2\" content=\"Tiempo de lectura\" \/>\n\t<meta name=\"twitter:data2\" content=\"4 minutos\" \/>\n<script type=\"application\/ld+json\" class=\"yoast-schema-graph\">{\"@context\":\"https:\\\/\\\/schema.org\",\"@graph\":[{\"@type\":\"Article\",\"@id\":\"https:\\\/\\\/diarioprincipios.com\\\/index.php\\\/2021\\\/04\\\/02\\\/berazategui-conmemora-el-dia-mundial-de-la-concientizacion-sobre-el-autismo\\\/#article\",\"isPartOf\":{\"@id\":\"https:\\\/\\\/diarioprincipios.com\\\/index.php\\\/2021\\\/04\\\/02\\\/berazategui-conmemora-el-dia-mundial-de-la-concientizacion-sobre-el-autismo\\\/\"},\"author\":{\"name\":\"Hern\u00e1n L\u00f3pez\",\"@id\":\"https:\\\/\\\/diarioprincipios.com\\\/#\\\/schema\\\/person\\\/436d5a1fd41a5e250e23ff5a6a7cb080\"},\"headline\":\"Berazategui conmemora el D\u00eda Mundial de la Concientizaci\u00f3n sobre el Autismo\",\"datePublished\":\"2021-04-02T17:57:27+00:00\",\"dateModified\":\"2021-04-02T18:00:37+00:00\",\"mainEntityOfPage\":{\"@id\":\"https:\\\/\\\/diarioprincipios.com\\\/index.php\\\/2021\\\/04\\\/02\\\/berazategui-conmemora-el-dia-mundial-de-la-concientizacion-sobre-el-autismo\\\/\"},\"wordCount\":722,\"commentCount\":0,\"publisher\":{\"@id\":\"https:\\\/\\\/diarioprincipios.com\\\/#organization\"},\"image\":{\"@id\":\"https:\\\/\\\/diarioprincipios.com\\\/index.php\\\/2021\\\/04\\\/02\\\/berazategui-conmemora-el-dia-mundial-de-la-concientizacion-sobre-el-autismo\\\/#primaryimage\"},\"thumbnailUrl\":\"https:\\\/\\\/diarioprincipios.com\\\/wp-content\\\/uploads\\\/2021\\\/04\\\/DIA_DEL_AUTISMO_BERAZATEGUI_4.jpeg\",\"articleSection\":[\"Berazategui\"],\"inLanguage\":\"es\",\"potentialAction\":[{\"@type\":\"CommentAction\",\"name\":\"Comment\",\"target\":[\"https:\\\/\\\/diarioprincipios.com\\\/index.php\\\/2021\\\/04\\\/02\\\/berazategui-conmemora-el-dia-mundial-de-la-concientizacion-sobre-el-autismo\\\/#respond\"]}]},{\"@type\":\"WebPage\",\"@id\":\"https:\\\/\\\/diarioprincipios.com\\\/index.php\\\/2021\\\/04\\\/02\\\/berazategui-conmemora-el-dia-mundial-de-la-concientizacion-sobre-el-autismo\\\/\",\"url\":\"https:\\\/\\\/diarioprincipios.com\\\/index.php\\\/2021\\\/04\\\/02\\\/berazategui-conmemora-el-dia-mundial-de-la-concientizacion-sobre-el-autismo\\\/\",\"name\":\"Berazategui conmemora el D\u00eda Mundial de la Concientizaci\u00f3n sobre el Autismo - Principios\",\"isPartOf\":{\"@id\":\"https:\\\/\\\/diarioprincipios.com\\\/#website\"},\"primaryImageOfPage\":{\"@id\":\"https:\\\/\\\/diarioprincipios.com\\\/index.php\\\/2021\\\/04\\\/02\\\/berazategui-conmemora-el-dia-mundial-de-la-concientizacion-sobre-el-autismo\\\/#primaryimage\"},\"image\":{\"@id\":\"https:\\\/\\\/diarioprincipios.com\\\/index.php\\\/2021\\\/04\\\/02\\\/berazategui-conmemora-el-dia-mundial-de-la-concientizacion-sobre-el-autismo\\\/#primaryimage\"},\"thumbnailUrl\":\"https:\\\/\\\/diarioprincipios.com\\\/wp-content\\\/uploads\\\/2021\\\/04\\\/DIA_DEL_AUTISMO_BERAZATEGUI_4.jpeg\",\"datePublished\":\"2021-04-02T17:57:27+00:00\",\"dateModified\":\"2021-04-02T18:00:37+00:00\",\"breadcrumb\":{\"@id\":\"https:\\\/\\\/diarioprincipios.com\\\/index.php\\\/2021\\\/04\\\/02\\\/berazategui-conmemora-el-dia-mundial-de-la-concientizacion-sobre-el-autismo\\\/#breadcrumb\"},\"inLanguage\":\"es\",\"potentialAction\":[{\"@type\":\"ReadAction\",\"target\":[\"https:\\\/\\\/diarioprincipios.com\\\/index.php\\\/2021\\\/04\\\/02\\\/berazategui-conmemora-el-dia-mundial-de-la-concientizacion-sobre-el-autismo\\\/\"]}]},{\"@type\":\"ImageObject\",\"inLanguage\":\"es\",\"@id\":\"https:\\\/\\\/diarioprincipios.com\\\/index.php\\\/2021\\\/04\\\/02\\\/berazategui-conmemora-el-dia-mundial-de-la-concientizacion-sobre-el-autismo\\\/#primaryimage\",\"url\":\"https:\\\/\\\/diarioprincipios.com\\\/wp-content\\\/uploads\\\/2021\\\/04\\\/DIA_DEL_AUTISMO_BERAZATEGUI_4.jpeg\",\"contentUrl\":\"https:\\\/\\\/diarioprincipios.com\\\/wp-content\\\/uploads\\\/2021\\\/04\\\/DIA_DEL_AUTISMO_BERAZATEGUI_4.jpeg\",\"width\":1280,\"height\":720},{\"@type\":\"BreadcrumbList\",\"@id\":\"https:\\\/\\\/diarioprincipios.com\\\/index.php\\\/2021\\\/04\\\/02\\\/berazategui-conmemora-el-dia-mundial-de-la-concientizacion-sobre-el-autismo\\\/#breadcrumb\",\"itemListElement\":[{\"@type\":\"ListItem\",\"position\":1,\"name\":\"Portada\",\"item\":\"https:\\\/\\\/diarioprincipios.com\\\/\"},{\"@type\":\"ListItem\",\"position\":2,\"name\":\"Berazategui conmemora el D\u00eda Mundial de la Concientizaci\u00f3n sobre el Autismo\"}]},{\"@type\":\"WebSite\",\"@id\":\"https:\\\/\\\/diarioprincipios.com\\\/#website\",\"url\":\"https:\\\/\\\/diarioprincipios.com\\\/\",\"name\":\"Principios\",\"description\":\"Principios Diario\",\"publisher\":{\"@id\":\"https:\\\/\\\/diarioprincipios.com\\\/#organization\"},\"potentialAction\":[{\"@type\":\"SearchAction\",\"target\":{\"@type\":\"EntryPoint\",\"urlTemplate\":\"https:\\\/\\\/diarioprincipios.com\\\/?s={search_term_string}\"},\"query-input\":{\"@type\":\"PropertyValueSpecification\",\"valueRequired\":true,\"valueName\":\"search_term_string\"}}],\"inLanguage\":\"es\"},{\"@type\":\"Organization\",\"@id\":\"https:\\\/\\\/diarioprincipios.com\\\/#organization\",\"name\":\"Principios\",\"url\":\"https:\\\/\\\/diarioprincipios.com\\\/\",\"logo\":{\"@type\":\"ImageObject\",\"inLanguage\":\"es\",\"@id\":\"https:\\\/\\\/diarioprincipios.com\\\/#\\\/schema\\\/logo\\\/image\\\/\",\"url\":\"https:\\\/\\\/diarioprincipios.com\\\/wp-content\\\/uploads\\\/2024\\\/04\\\/cropped-www.diarioprincipios.com_-1.png\",\"contentUrl\":\"https:\\\/\\\/diarioprincipios.com\\\/wp-content\\\/uploads\\\/2024\\\/04\\\/cropped-www.diarioprincipios.com_-1.png\",\"width\":5325,\"height\":1454,\"caption\":\"Principios\"},\"image\":{\"@id\":\"https:\\\/\\\/diarioprincipios.com\\\/#\\\/schema\\\/logo\\\/image\\\/\"}},{\"@type\":\"Person\",\"@id\":\"https:\\\/\\\/diarioprincipios.com\\\/#\\\/schema\\\/person\\\/436d5a1fd41a5e250e23ff5a6a7cb080\",\"name\":\"Hern\u00e1n L\u00f3pez\",\"image\":{\"@type\":\"ImageObject\",\"inLanguage\":\"es\",\"@id\":\"https:\\\/\\\/diarioprincipios.com\\\/wp-content\\\/litespeed\\\/avatar\\\/11ddfe5610ff3bd100522525b2571f48.jpg?ver=1777653193\",\"url\":\"https:\\\/\\\/diarioprincipios.com\\\/wp-content\\\/litespeed\\\/avatar\\\/11ddfe5610ff3bd100522525b2571f48.jpg?ver=1777653193\",\"contentUrl\":\"https:\\\/\\\/diarioprincipios.com\\\/wp-content\\\/litespeed\\\/avatar\\\/11ddfe5610ff3bd100522525b2571f48.jpg?ver=1777653193\",\"caption\":\"Hern\u00e1n L\u00f3pez\"},\"url\":\"https:\\\/\\\/diarioprincipios.com\\\/index.php\\\/author\\\/hernan\\\/\"}]}<\/script>\n<!-- \/ Yoast SEO plugin. -->","yoast_head_json":{"title":"Berazategui conmemora el D\u00eda Mundial de la Concientizaci\u00f3n sobre el Autismo - Principios","robots":{"index":"index","follow":"follow","max-snippet":"max-snippet:-1","max-image-preview":"max-image-preview:large","max-video-preview":"max-video-preview:-1"},"canonical":"https:\/\/diarioprincipios.com\/index.php\/2021\/04\/02\/berazategui-conmemora-el-dia-mundial-de-la-concientizacion-sobre-el-autismo\/","og_locale":"es_ES","og_type":"article","og_title":"Berazategui conmemora el D\u00eda Mundial de la Concientizaci\u00f3n sobre el Autismo - Principios","og_description":"Como cada a\u00f1o, la Municipalidad de Berazategui conmemora este viernes 2 de abril el D\u00eda Mundial de la Concientizaci\u00f3n sobre el Autismo. El objetivo es fomentar la inclusi\u00f3n de las personas que lo padecen y contribuir a mejorar su calidad de vida. El fuerte compromiso de la Ciudad frente a esta problem\u00e1tica, puede verse actualmente...","og_url":"https:\/\/diarioprincipios.com\/index.php\/2021\/04\/02\/berazategui-conmemora-el-dia-mundial-de-la-concientizacion-sobre-el-autismo\/","og_site_name":"Principios","article_published_time":"2021-04-02T17:57:27+00:00","article_modified_time":"2021-04-02T18:00:37+00:00","og_image":[{"width":1280,"height":720,"url":"https:\/\/diarioprincipios.com\/wp-content\/uploads\/2021\/04\/DIA_DEL_AUTISMO_BERAZATEGUI_4.jpeg","type":"image\/jpeg"}],"author":"Hern\u00e1n L\u00f3pez","twitter_card":"summary_large_image","twitter_misc":{"Escrito por":"Hern\u00e1n L\u00f3pez","Tiempo de lectura":"4 minutos"},"schema":{"@context":"https:\/\/schema.org","@graph":[{"@type":"Article","@id":"https:\/\/diarioprincipios.com\/index.php\/2021\/04\/02\/berazategui-conmemora-el-dia-mundial-de-la-concientizacion-sobre-el-autismo\/#article","isPartOf":{"@id":"https:\/\/diarioprincipios.com\/index.php\/2021\/04\/02\/berazategui-conmemora-el-dia-mundial-de-la-concientizacion-sobre-el-autismo\/"},"author":{"name":"Hern\u00e1n L\u00f3pez","@id":"https:\/\/diarioprincipios.com\/#\/schema\/person\/436d5a1fd41a5e250e23ff5a6a7cb080"},"headline":"Berazategui conmemora el D\u00eda Mundial de la Concientizaci\u00f3n sobre el Autismo","datePublished":"2021-04-02T17:57:27+00:00","dateModified":"2021-04-02T18:00:37+00:00","mainEntityOfPage":{"@id":"https:\/\/diarioprincipios.com\/index.php\/2021\/04\/02\/berazategui-conmemora-el-dia-mundial-de-la-concientizacion-sobre-el-autismo\/"},"wordCount":722,"commentCount":0,"publisher":{"@id":"https:\/\/diarioprincipios.com\/#organization"},"image":{"@id":"https:\/\/diarioprincipios.com\/index.php\/2021\/04\/02\/berazategui-conmemora-el-dia-mundial-de-la-concientizacion-sobre-el-autismo\/#primaryimage"},"thumbnailUrl":"https:\/\/diarioprincipios.com\/wp-content\/uploads\/2021\/04\/DIA_DEL_AUTISMO_BERAZATEGUI_4.jpeg","articleSection":["Berazategui"],"inLanguage":"es","potentialAction":[{"@type":"CommentAction","name":"Comment","target":["https:\/\/diarioprincipios.com\/index.php\/2021\/04\/02\/berazategui-conmemora-el-dia-mundial-de-la-concientizacion-sobre-el-autismo\/#respond"]}]},{"@type":"WebPage","@id":"https:\/\/diarioprincipios.com\/index.php\/2021\/04\/02\/berazategui-conmemora-el-dia-mundial-de-la-concientizacion-sobre-el-autismo\/","url":"https:\/\/diarioprincipios.com\/index.php\/2021\/04\/02\/berazategui-conmemora-el-dia-mundial-de-la-concientizacion-sobre-el-autismo\/","name":"Berazategui conmemora el D\u00eda Mundial de la Concientizaci\u00f3n sobre el Autismo - Principios","isPartOf":{"@id":"https:\/\/diarioprincipios.com\/#website"},"primaryImageOfPage":{"@id":"https:\/\/diarioprincipios.com\/index.php\/2021\/04\/02\/berazategui-conmemora-el-dia-mundial-de-la-concientizacion-sobre-el-autismo\/#primaryimage"},"image":{"@id":"https:\/\/diarioprincipios.com\/index.php\/2021\/04\/02\/berazategui-conmemora-el-dia-mundial-de-la-concientizacion-sobre-el-autismo\/#primaryimage"},"thumbnailUrl":"https:\/\/diarioprincipios.com\/wp-content\/uploads\/2021\/04\/DIA_DEL_AUTISMO_BERAZATEGUI_4.jpeg","datePublished":"2021-04-02T17:57:27+00:00","dateModified":"2021-04-02T18:00:37+00:00","breadcrumb":{"@id":"https:\/\/diarioprincipios.com\/index.php\/2021\/04\/02\/berazategui-conmemora-el-dia-mundial-de-la-concientizacion-sobre-el-autismo\/#breadcrumb"},"inLanguage":"es","potentialAction":[{"@type":"ReadAction","target":["https:\/\/diarioprincipios.com\/index.php\/2021\/04\/02\/berazategui-conmemora-el-dia-mundial-de-la-concientizacion-sobre-el-autismo\/"]}]},{"@type":"ImageObject","inLanguage":"es","@id":"https:\/\/diarioprincipios.com\/index.php\/2021\/04\/02\/berazategui-conmemora-el-dia-mundial-de-la-concientizacion-sobre-el-autismo\/#primaryimage","url":"https:\/\/diarioprincipios.com\/wp-content\/uploads\/2021\/04\/DIA_DEL_AUTISMO_BERAZATEGUI_4.jpeg","contentUrl":"https:\/\/diarioprincipios.com\/wp-content\/uploads\/2021\/04\/DIA_DEL_AUTISMO_BERAZATEGUI_4.jpeg","width":1280,"height":720},{"@type":"BreadcrumbList","@id":"https:\/\/diarioprincipios.com\/index.php\/2021\/04\/02\/berazategui-conmemora-el-dia-mundial-de-la-concientizacion-sobre-el-autismo\/#breadcrumb","itemListElement":[{"@type":"ListItem","position":1,"name":"Portada","item":"https:\/\/diarioprincipios.com\/"},{"@type":"ListItem","position":2,"name":"Berazategui conmemora el D\u00eda Mundial de la Concientizaci\u00f3n sobre el Autismo"}]},{"@type":"WebSite","@id":"https:\/\/diarioprincipios.com\/#website","url":"https:\/\/diarioprincipios.com\/","name":"Principios","description":"Principios Diario","publisher":{"@id":"https:\/\/diarioprincipios.com\/#organization"},"potentialAction":[{"@type":"SearchAction","target":{"@type":"EntryPoint","urlTemplate":"https:\/\/diarioprincipios.com\/?s={search_term_string}"},"query-input":{"@type":"PropertyValueSpecification","valueRequired":true,"valueName":"search_term_string"}}],"inLanguage":"es"},{"@type":"Organization","@id":"https:\/\/diarioprincipios.com\/#organization","name":"Principios","url":"https:\/\/diarioprincipios.com\/","logo":{"@type":"ImageObject","inLanguage":"es","@id":"https:\/\/diarioprincipios.com\/#\/schema\/logo\/image\/","url":"https:\/\/diarioprincipios.com\/wp-content\/uploads\/2024\/04\/cropped-www.diarioprincipios.com_-1.png","contentUrl":"https:\/\/diarioprincipios.com\/wp-content\/uploads\/2024\/04\/cropped-www.diarioprincipios.com_-1.png","width":5325,"height":1454,"caption":"Principios"},"image":{"@id":"https:\/\/diarioprincipios.com\/#\/schema\/logo\/image\/"}},{"@type":"Person","@id":"https:\/\/diarioprincipios.com\/#\/schema\/person\/436d5a1fd41a5e250e23ff5a6a7cb080","name":"Hern\u00e1n L\u00f3pez","image":{"@type":"ImageObject","inLanguage":"es","@id":"https:\/\/diarioprincipios.com\/wp-content\/litespeed\/avatar\/11ddfe5610ff3bd100522525b2571f48.jpg?ver=1777653193","url":"https:\/\/diarioprincipios.com\/wp-content\/litespeed\/avatar\/11ddfe5610ff3bd100522525b2571f48.jpg?ver=1777653193","contentUrl":"https:\/\/diarioprincipios.com\/wp-content\/litespeed\/avatar\/11ddfe5610ff3bd100522525b2571f48.jpg?ver=1777653193","caption":"Hern\u00e1n L\u00f3pez"},"url":"https:\/\/diarioprincipios.com\/index.php\/author\/hernan\/"}]}},"jetpack_featured_media_url":"https:\/\/diarioprincipios.com\/wp-content\/uploads\/2021\/04\/DIA_DEL_AUTISMO_BERAZATEGUI_4.jpeg","_links":{"self":[{"href":"https:\/\/diarioprincipios.com\/index.php\/wp-json\/wp\/v2\/posts\/9289","targetHints":{"allow":["GET"]}}],"collection":[{"href":"https:\/\/diarioprincipios.com\/index.php\/wp-json\/wp\/v2\/posts"}],"about":[{"href":"https:\/\/diarioprincipios.com\/index.php\/wp-json\/wp\/v2\/types\/post"}],"author":[{"embeddable":true,"href":"https:\/\/diarioprincipios.com\/index.php\/wp-json\/wp\/v2\/users\/2"}],"replies":[{"embeddable":true,"href":"https:\/\/diarioprincipios.com\/index.php\/wp-json\/wp\/v2\/comments?post=9289"}],"version-history":[{"count":2,"href":"https:\/\/diarioprincipios.com\/index.php\/wp-json\/wp\/v2\/posts\/9289\/revisions"}],"predecessor-version":[{"id":9296,"href":"https:\/\/diarioprincipios.com\/index.php\/wp-json\/wp\/v2\/posts\/9289\/revisions\/9296"}],"wp:featuredmedia":[{"embeddable":true,"href":"https:\/\/diarioprincipios.com\/index.php\/wp-json\/wp\/v2\/media\/9291"}],"wp:attachment":[{"href":"https:\/\/diarioprincipios.com\/index.php\/wp-json\/wp\/v2\/media?parent=9289"}],"wp:term":[{"taxonomy":"category","embeddable":true,"href":"https:\/\/diarioprincipios.com\/index.php\/wp-json\/wp\/v2\/categories?post=9289"},{"taxonomy":"post_tag","embeddable":true,"href":"https:\/\/diarioprincipios.com\/index.php\/wp-json\/wp\/v2\/tags?post=9289"}],"curies":[{"name":"wp","href":"https:\/\/api.w.org\/{rel}","templated":true}]}}