{"id":9272,"date":"2021-03-31T19:00:21","date_gmt":"2021-03-31T22:00:21","guid":{"rendered":"http:\/\/diarioprincipios.com\/?p=9272"},"modified":"2021-03-31T19:00:30","modified_gmt":"2021-03-31T22:00:30","slug":"berazategui-inicio-ensayos-clinicos-de-la-vacuna-alemana-curevac-y-suma-voluntarios","status":"publish","type":"post","link":"https:\/\/diarioprincipios.com\/index.php\/2021\/03\/31\/berazategui-inicio-ensayos-clinicos-de-la-vacuna-alemana-curevac-y-suma-voluntarios\/","title":{"rendered":"Berazategui inici\u00f3 ensayos cl\u00ednicos de la Vacuna Alemana Curevac y suma voluntarios"},"content":{"rendered":"\n<p><strong>El Hospital Evita Pueblo es la sede de investigaci\u00f3n y coordinaci\u00f3n del estudio y testeo de la nueva vacuna contra el COVID-19. El laboratorio AG Schumannstrasse inici\u00f3 a nivel mundial la fase de ensayo cl\u00ednico. La corporaci\u00f3n farmac\u00e9utica Bayer tiene a cargo la farmacovigilancia de la tecnolog\u00eda y participar\u00e1 del proceso de producci\u00f3n y distribuci\u00f3n a escala, una vez aprobada. El nosocomio de Berazategui ya comenz\u00f3 a realizar las pruebas e invita a la poblaci\u00f3n a inscribirse como voluntarios.<\/strong><\/p>\n\n\n\n<p>\u201cIniciamos un ensayo cl\u00ednico muy importante, el testeo de una vacuna ARN Mensajero, cuya cabecera es este Hospital. El mismo se hace en nueve centros en Argentina, la mayor\u00eda de la provincia de Buenos Aires, con la coordinaci\u00f3n del Ministerio de Salud bonaerense y un total de 9000 voluntarios, de los cuales 1300 son de Berazategui\u201d, explica Juan Marini, director ejecutivo del Hospital Evita Pueblo.<\/p>\n\n\n\n<p>En cuanto al procedimiento de prueba de la vacuna alemana CureVac-004, Marini detalla: \u201cEl proceso ya inici\u00f3. Comienza con el reclutamiento de quienes son los voluntarios de este ensayo cl\u00ednico, donde una mitad recibir\u00e1 placebo y la otra la vacuna. Luego, se sabr\u00e1 qu\u00e9 recibi\u00f3 cada uno y se les aplicar\u00e1 -finalmente- a todos la vacuna, ya que tienen el derecho a ella, sobre todo si es efectiva\u201d.<\/p>\n\n\n\n<p>En este marco, invit\u00f3 a sumarse como voluntarios a todos aquellos que cumplan con los requisitos. \u201cSe puede anotar cualquier voluntario mayor de 18 a\u00f1os, con la excepci\u00f3n de personas en tratamiento con inmunosupresores o de quimioterapia y embarazadas -o que est\u00e9n buscando embarazarse- o mujeres que se encuentren en periodo de lactancia\u201d, indica y agrega: \u201cM\u00e1s all\u00e1 de estos casos puntuales, no existe ninguna otra limitaci\u00f3n para participar de la prueba, a la que incluso pueden sumarse pacientes con enfermedades cr\u00f3nicas como diabetes e hipertensi\u00f3n, sin importar la edad\u201d.<\/p>\n\n\n\n<p>Finalmente, el Director ejecutivo del Evita Pueblo resalta: \u201cPara nosotros es un gran orgullo que hayan elegido a Argentina, a la provincia de Buenos Aires y, especialmente, a Berazategui como cabecera para el desarrollo de este estudio, que tambi\u00e9n se realiza en Alemania, B\u00e9lgica, Holanda, M\u00e9xico, Per\u00fa y Panam\u00e1. Pero no es casual, ya que en nuestro Hospital creamos un Centro de Investigaciones y un Instituto de Biotecnolog\u00eda que funciona con un \u00e1rea equipada, con freezers que conservan la vacuna a 70\u00ba bajo cero, donde se hacen extracciones y se procede con la aplicaci\u00f3n de la dosis. Esto significa que 9000 personas m\u00e1s ser\u00e1n vacunadas en Argentina, posicionando al pa\u00eds y a la Provincia en mejores condiciones para adquirir la CureVac cuando inicie la Fase 4\u201d.<\/p>\n\n\n\n<p>Para registrarse, pueden ingresar en&nbsp;<a rel=\"noreferrer noopener\" target=\"_blank\" href=\"http:\/\/www.evitapueblo.com.ar\/\">www.evitapueblo.com.ar<\/a>&nbsp;o comunicarse a los tel\u00e9fonos 011-7713-0505 \/ 011-7713-0550. Tambi\u00e9n, pueden enviar un mail con sus datos a&nbsp;<a rel=\"noreferrer noopener\" target=\"_blank\" href=\"mailto:heraldensayo@gmail.com\">heraldensayo@gmail.com<\/a>. Una vez anotados, deben esperar a que los contacten para otorgarles un turno.<\/p>\n\n\n\n<figure class=\"wp-block-image\"><img decoding=\"async\" src=\"https:\/\/ecp.yusercontent.com\/mail?url=https%3A%2F%2Fdocs.google.com%2Fuc%3Fexport%3Ddownload%26id%3D1O9ySDGVjFwLiWj3yWiMdjtCw6pHI7T-F%26revid%3D0B9CZhG6aa0VidWpSQjZNZGVndGpYeWM5ZWtiUFNuM1JQV3U4PQ&amp;t=1617225652&amp;ymreqid=5799fcab-b43d-2794-22f4-f6001101ca00&amp;sig=R5DyIW6AI1LEFq2og4n.xA--~D\" alt=\"\"\/><\/figure>\n","protected":false},"excerpt":{"rendered":"<p>El Hospital Evita Pueblo es la sede de investigaci\u00f3n y coordinaci\u00f3n del estudio y testeo de la nueva vacuna contra el COVID-19. El laboratorio AG Schumannstrasse inici\u00f3 a nivel mundial la fase de ensayo cl\u00ednico. La corporaci\u00f3n farmac\u00e9utica Bayer tiene a cargo la farmacovigilancia de la tecnolog\u00eda y participar\u00e1 del proceso de producci\u00f3n y distribuci\u00f3n&#8230;<\/p>\n","protected":false},"author":2,"featured_media":9273,"comment_status":"open","ping_status":"open","sticky":false,"template":"","format":"standard","meta":{"footnotes":""},"categories":[3],"tags":[],"class_list":["post-9272","post","type-post","status-publish","format-standard","has-post-thumbnail","hentry","category-berazategui"],"featured_image_src":"https:\/\/diarioprincipios.com\/wp-content\/uploads\/2021\/03\/BERAZATEGUI-INICIO-ENSAYOS-CLINICOS-DE-LA-VACUNA-ALEMANA-CUREVAC-Y-SUMA-VOLUNTARIOS-1-1024x683.jpg","blog_images":{"medium":"https:\/\/diarioprincipios.com\/wp-content\/uploads\/2021\/03\/BERAZATEGUI-INICIO-ENSAYOS-CLINICOS-DE-LA-VACUNA-ALEMANA-CUREVAC-Y-SUMA-VOLUNTARIOS-1-300x200.jpg","large":"https:\/\/diarioprincipios.com\/wp-content\/uploads\/2021\/03\/BERAZATEGUI-INICIO-ENSAYOS-CLINICOS-DE-LA-VACUNA-ALEMANA-CUREVAC-Y-SUMA-VOLUNTARIOS-1-1024x683.jpg"},"ams_acf":[],"yoast_head":"<!-- This site is optimized with the Yoast SEO plugin v27.3 - https:\/\/yoast.com\/product\/yoast-seo-wordpress\/ -->\n<title>Berazategui inici\u00f3 ensayos cl\u00ednicos de la Vacuna Alemana Curevac y suma voluntarios - Principios<\/title>\n<meta name=\"robots\" content=\"index, follow, max-snippet:-1, max-image-preview:large, max-video-preview:-1\" \/>\n<link rel=\"canonical\" href=\"https:\/\/diarioprincipios.com\/index.php\/2021\/03\/31\/berazategui-inicio-ensayos-clinicos-de-la-vacuna-alemana-curevac-y-suma-voluntarios\/\" \/>\n<meta property=\"og:locale\" content=\"es_ES\" \/>\n<meta property=\"og:type\" content=\"article\" \/>\n<meta property=\"og:title\" content=\"Berazategui inici\u00f3 ensayos cl\u00ednicos de la Vacuna Alemana Curevac y suma voluntarios - Principios\" \/>\n<meta property=\"og:description\" content=\"El Hospital Evita Pueblo es la sede de investigaci\u00f3n y coordinaci\u00f3n del estudio y testeo de la nueva vacuna contra el COVID-19. El laboratorio AG Schumannstrasse inici\u00f3 a nivel mundial la fase de ensayo cl\u00ednico. La corporaci\u00f3n farmac\u00e9utica Bayer tiene a cargo la farmacovigilancia de la tecnolog\u00eda y participar\u00e1 del proceso de producci\u00f3n y distribuci\u00f3n...\" \/>\n<meta property=\"og:url\" content=\"https:\/\/diarioprincipios.com\/index.php\/2021\/03\/31\/berazategui-inicio-ensayos-clinicos-de-la-vacuna-alemana-curevac-y-suma-voluntarios\/\" \/>\n<meta property=\"og:site_name\" content=\"Principios\" \/>\n<meta property=\"article:published_time\" content=\"2021-03-31T22:00:21+00:00\" \/>\n<meta property=\"article:modified_time\" content=\"2021-03-31T22:00:30+00:00\" \/>\n<meta property=\"og:image\" content=\"https:\/\/diarioprincipios.com\/wp-content\/uploads\/2021\/03\/BERAZATEGUI-INICIO-ENSAYOS-CLINICOS-DE-LA-VACUNA-ALEMANA-CUREVAC-Y-SUMA-VOLUNTARIOS-1.jpg\" \/>\n\t<meta property=\"og:image:width\" content=\"1920\" \/>\n\t<meta property=\"og:image:height\" content=\"1280\" \/>\n\t<meta property=\"og:image:type\" content=\"image\/jpeg\" \/>\n<meta name=\"author\" content=\"Hern\u00e1n L\u00f3pez\" \/>\n<meta name=\"twitter:card\" content=\"summary_large_image\" \/>\n<meta name=\"twitter:label1\" content=\"Escrito por\" \/>\n\t<meta name=\"twitter:data1\" content=\"Hern\u00e1n L\u00f3pez\" \/>\n\t<meta name=\"twitter:label2\" content=\"Tiempo de lectura\" \/>\n\t<meta name=\"twitter:data2\" content=\"3 minutos\" \/>\n<script type=\"application\/ld+json\" class=\"yoast-schema-graph\">{\"@context\":\"https:\\\/\\\/schema.org\",\"@graph\":[{\"@type\":\"Article\",\"@id\":\"https:\\\/\\\/diarioprincipios.com\\\/index.php\\\/2021\\\/03\\\/31\\\/berazategui-inicio-ensayos-clinicos-de-la-vacuna-alemana-curevac-y-suma-voluntarios\\\/#article\",\"isPartOf\":{\"@id\":\"https:\\\/\\\/diarioprincipios.com\\\/index.php\\\/2021\\\/03\\\/31\\\/berazategui-inicio-ensayos-clinicos-de-la-vacuna-alemana-curevac-y-suma-voluntarios\\\/\"},\"author\":{\"name\":\"Hern\u00e1n L\u00f3pez\",\"@id\":\"https:\\\/\\\/diarioprincipios.com\\\/#\\\/schema\\\/person\\\/436d5a1fd41a5e250e23ff5a6a7cb080\"},\"headline\":\"Berazategui inici\u00f3 ensayos cl\u00ednicos de la Vacuna Alemana Curevac y suma voluntarios\",\"datePublished\":\"2021-03-31T22:00:21+00:00\",\"dateModified\":\"2021-03-31T22:00:30+00:00\",\"mainEntityOfPage\":{\"@id\":\"https:\\\/\\\/diarioprincipios.com\\\/index.php\\\/2021\\\/03\\\/31\\\/berazategui-inicio-ensayos-clinicos-de-la-vacuna-alemana-curevac-y-suma-voluntarios\\\/\"},\"wordCount\":511,\"commentCount\":0,\"publisher\":{\"@id\":\"https:\\\/\\\/diarioprincipios.com\\\/#organization\"},\"image\":{\"@id\":\"https:\\\/\\\/diarioprincipios.com\\\/index.php\\\/2021\\\/03\\\/31\\\/berazategui-inicio-ensayos-clinicos-de-la-vacuna-alemana-curevac-y-suma-voluntarios\\\/#primaryimage\"},\"thumbnailUrl\":\"https:\\\/\\\/diarioprincipios.com\\\/wp-content\\\/uploads\\\/2021\\\/03\\\/BERAZATEGUI-INICIO-ENSAYOS-CLINICOS-DE-LA-VACUNA-ALEMANA-CUREVAC-Y-SUMA-VOLUNTARIOS-1.jpg\",\"articleSection\":[\"Berazategui\"],\"inLanguage\":\"es\",\"potentialAction\":[{\"@type\":\"CommentAction\",\"name\":\"Comment\",\"target\":[\"https:\\\/\\\/diarioprincipios.com\\\/index.php\\\/2021\\\/03\\\/31\\\/berazategui-inicio-ensayos-clinicos-de-la-vacuna-alemana-curevac-y-suma-voluntarios\\\/#respond\"]}]},{\"@type\":\"WebPage\",\"@id\":\"https:\\\/\\\/diarioprincipios.com\\\/index.php\\\/2021\\\/03\\\/31\\\/berazategui-inicio-ensayos-clinicos-de-la-vacuna-alemana-curevac-y-suma-voluntarios\\\/\",\"url\":\"https:\\\/\\\/diarioprincipios.com\\\/index.php\\\/2021\\\/03\\\/31\\\/berazategui-inicio-ensayos-clinicos-de-la-vacuna-alemana-curevac-y-suma-voluntarios\\\/\",\"name\":\"Berazategui inici\u00f3 ensayos cl\u00ednicos de la Vacuna Alemana Curevac y suma voluntarios - Principios\",\"isPartOf\":{\"@id\":\"https:\\\/\\\/diarioprincipios.com\\\/#website\"},\"primaryImageOfPage\":{\"@id\":\"https:\\\/\\\/diarioprincipios.com\\\/index.php\\\/2021\\\/03\\\/31\\\/berazategui-inicio-ensayos-clinicos-de-la-vacuna-alemana-curevac-y-suma-voluntarios\\\/#primaryimage\"},\"image\":{\"@id\":\"https:\\\/\\\/diarioprincipios.com\\\/index.php\\\/2021\\\/03\\\/31\\\/berazategui-inicio-ensayos-clinicos-de-la-vacuna-alemana-curevac-y-suma-voluntarios\\\/#primaryimage\"},\"thumbnailUrl\":\"https:\\\/\\\/diarioprincipios.com\\\/wp-content\\\/uploads\\\/2021\\\/03\\\/BERAZATEGUI-INICIO-ENSAYOS-CLINICOS-DE-LA-VACUNA-ALEMANA-CUREVAC-Y-SUMA-VOLUNTARIOS-1.jpg\",\"datePublished\":\"2021-03-31T22:00:21+00:00\",\"dateModified\":\"2021-03-31T22:00:30+00:00\",\"breadcrumb\":{\"@id\":\"https:\\\/\\\/diarioprincipios.com\\\/index.php\\\/2021\\\/03\\\/31\\\/berazategui-inicio-ensayos-clinicos-de-la-vacuna-alemana-curevac-y-suma-voluntarios\\\/#breadcrumb\"},\"inLanguage\":\"es\",\"potentialAction\":[{\"@type\":\"ReadAction\",\"target\":[\"https:\\\/\\\/diarioprincipios.com\\\/index.php\\\/2021\\\/03\\\/31\\\/berazategui-inicio-ensayos-clinicos-de-la-vacuna-alemana-curevac-y-suma-voluntarios\\\/\"]}]},{\"@type\":\"ImageObject\",\"inLanguage\":\"es\",\"@id\":\"https:\\\/\\\/diarioprincipios.com\\\/index.php\\\/2021\\\/03\\\/31\\\/berazategui-inicio-ensayos-clinicos-de-la-vacuna-alemana-curevac-y-suma-voluntarios\\\/#primaryimage\",\"url\":\"https:\\\/\\\/diarioprincipios.com\\\/wp-content\\\/uploads\\\/2021\\\/03\\\/BERAZATEGUI-INICIO-ENSAYOS-CLINICOS-DE-LA-VACUNA-ALEMANA-CUREVAC-Y-SUMA-VOLUNTARIOS-1.jpg\",\"contentUrl\":\"https:\\\/\\\/diarioprincipios.com\\\/wp-content\\\/uploads\\\/2021\\\/03\\\/BERAZATEGUI-INICIO-ENSAYOS-CLINICOS-DE-LA-VACUNA-ALEMANA-CUREVAC-Y-SUMA-VOLUNTARIOS-1.jpg\",\"width\":1920,\"height\":1280},{\"@type\":\"BreadcrumbList\",\"@id\":\"https:\\\/\\\/diarioprincipios.com\\\/index.php\\\/2021\\\/03\\\/31\\\/berazategui-inicio-ensayos-clinicos-de-la-vacuna-alemana-curevac-y-suma-voluntarios\\\/#breadcrumb\",\"itemListElement\":[{\"@type\":\"ListItem\",\"position\":1,\"name\":\"Portada\",\"item\":\"https:\\\/\\\/diarioprincipios.com\\\/\"},{\"@type\":\"ListItem\",\"position\":2,\"name\":\"Berazategui inici\u00f3 ensayos cl\u00ednicos de la Vacuna Alemana Curevac y suma voluntarios\"}]},{\"@type\":\"WebSite\",\"@id\":\"https:\\\/\\\/diarioprincipios.com\\\/#website\",\"url\":\"https:\\\/\\\/diarioprincipios.com\\\/\",\"name\":\"Principios\",\"description\":\"Principios Diario\",\"publisher\":{\"@id\":\"https:\\\/\\\/diarioprincipios.com\\\/#organization\"},\"potentialAction\":[{\"@type\":\"SearchAction\",\"target\":{\"@type\":\"EntryPoint\",\"urlTemplate\":\"https:\\\/\\\/diarioprincipios.com\\\/?s={search_term_string}\"},\"query-input\":{\"@type\":\"PropertyValueSpecification\",\"valueRequired\":true,\"valueName\":\"search_term_string\"}}],\"inLanguage\":\"es\"},{\"@type\":\"Organization\",\"@id\":\"https:\\\/\\\/diarioprincipios.com\\\/#organization\",\"name\":\"Principios\",\"url\":\"https:\\\/\\\/diarioprincipios.com\\\/\",\"logo\":{\"@type\":\"ImageObject\",\"inLanguage\":\"es\",\"@id\":\"https:\\\/\\\/diarioprincipios.com\\\/#\\\/schema\\\/logo\\\/image\\\/\",\"url\":\"https:\\\/\\\/diarioprincipios.com\\\/wp-content\\\/uploads\\\/2024\\\/04\\\/cropped-www.diarioprincipios.com_-1.png\",\"contentUrl\":\"https:\\\/\\\/diarioprincipios.com\\\/wp-content\\\/uploads\\\/2024\\\/04\\\/cropped-www.diarioprincipios.com_-1.png\",\"width\":5325,\"height\":1454,\"caption\":\"Principios\"},\"image\":{\"@id\":\"https:\\\/\\\/diarioprincipios.com\\\/#\\\/schema\\\/logo\\\/image\\\/\"}},{\"@type\":\"Person\",\"@id\":\"https:\\\/\\\/diarioprincipios.com\\\/#\\\/schema\\\/person\\\/436d5a1fd41a5e250e23ff5a6a7cb080\",\"name\":\"Hern\u00e1n L\u00f3pez\",\"image\":{\"@type\":\"ImageObject\",\"inLanguage\":\"es\",\"@id\":\"https:\\\/\\\/diarioprincipios.com\\\/wp-content\\\/litespeed\\\/avatar\\\/11ddfe5610ff3bd100522525b2571f48.jpg?ver=1777048341\",\"url\":\"https:\\\/\\\/diarioprincipios.com\\\/wp-content\\\/litespeed\\\/avatar\\\/11ddfe5610ff3bd100522525b2571f48.jpg?ver=1777048341\",\"contentUrl\":\"https:\\\/\\\/diarioprincipios.com\\\/wp-content\\\/litespeed\\\/avatar\\\/11ddfe5610ff3bd100522525b2571f48.jpg?ver=1777048341\",\"caption\":\"Hern\u00e1n L\u00f3pez\"},\"url\":\"https:\\\/\\\/diarioprincipios.com\\\/index.php\\\/author\\\/hernan\\\/\"}]}<\/script>\n<!-- \/ Yoast SEO plugin. -->","yoast_head_json":{"title":"Berazategui inici\u00f3 ensayos cl\u00ednicos de la Vacuna Alemana Curevac y suma voluntarios - Principios","robots":{"index":"index","follow":"follow","max-snippet":"max-snippet:-1","max-image-preview":"max-image-preview:large","max-video-preview":"max-video-preview:-1"},"canonical":"https:\/\/diarioprincipios.com\/index.php\/2021\/03\/31\/berazategui-inicio-ensayos-clinicos-de-la-vacuna-alemana-curevac-y-suma-voluntarios\/","og_locale":"es_ES","og_type":"article","og_title":"Berazategui inici\u00f3 ensayos cl\u00ednicos de la Vacuna Alemana Curevac y suma voluntarios - Principios","og_description":"El Hospital Evita Pueblo es la sede de investigaci\u00f3n y coordinaci\u00f3n del estudio y testeo de la nueva vacuna contra el COVID-19. El laboratorio AG Schumannstrasse inici\u00f3 a nivel mundial la fase de ensayo cl\u00ednico. La corporaci\u00f3n farmac\u00e9utica Bayer tiene a cargo la farmacovigilancia de la tecnolog\u00eda y participar\u00e1 del proceso de producci\u00f3n y distribuci\u00f3n...","og_url":"https:\/\/diarioprincipios.com\/index.php\/2021\/03\/31\/berazategui-inicio-ensayos-clinicos-de-la-vacuna-alemana-curevac-y-suma-voluntarios\/","og_site_name":"Principios","article_published_time":"2021-03-31T22:00:21+00:00","article_modified_time":"2021-03-31T22:00:30+00:00","og_image":[{"width":1920,"height":1280,"url":"https:\/\/diarioprincipios.com\/wp-content\/uploads\/2021\/03\/BERAZATEGUI-INICIO-ENSAYOS-CLINICOS-DE-LA-VACUNA-ALEMANA-CUREVAC-Y-SUMA-VOLUNTARIOS-1.jpg","type":"image\/jpeg"}],"author":"Hern\u00e1n L\u00f3pez","twitter_card":"summary_large_image","twitter_misc":{"Escrito por":"Hern\u00e1n L\u00f3pez","Tiempo de lectura":"3 minutos"},"schema":{"@context":"https:\/\/schema.org","@graph":[{"@type":"Article","@id":"https:\/\/diarioprincipios.com\/index.php\/2021\/03\/31\/berazategui-inicio-ensayos-clinicos-de-la-vacuna-alemana-curevac-y-suma-voluntarios\/#article","isPartOf":{"@id":"https:\/\/diarioprincipios.com\/index.php\/2021\/03\/31\/berazategui-inicio-ensayos-clinicos-de-la-vacuna-alemana-curevac-y-suma-voluntarios\/"},"author":{"name":"Hern\u00e1n L\u00f3pez","@id":"https:\/\/diarioprincipios.com\/#\/schema\/person\/436d5a1fd41a5e250e23ff5a6a7cb080"},"headline":"Berazategui inici\u00f3 ensayos cl\u00ednicos de la Vacuna Alemana Curevac y suma voluntarios","datePublished":"2021-03-31T22:00:21+00:00","dateModified":"2021-03-31T22:00:30+00:00","mainEntityOfPage":{"@id":"https:\/\/diarioprincipios.com\/index.php\/2021\/03\/31\/berazategui-inicio-ensayos-clinicos-de-la-vacuna-alemana-curevac-y-suma-voluntarios\/"},"wordCount":511,"commentCount":0,"publisher":{"@id":"https:\/\/diarioprincipios.com\/#organization"},"image":{"@id":"https:\/\/diarioprincipios.com\/index.php\/2021\/03\/31\/berazategui-inicio-ensayos-clinicos-de-la-vacuna-alemana-curevac-y-suma-voluntarios\/#primaryimage"},"thumbnailUrl":"https:\/\/diarioprincipios.com\/wp-content\/uploads\/2021\/03\/BERAZATEGUI-INICIO-ENSAYOS-CLINICOS-DE-LA-VACUNA-ALEMANA-CUREVAC-Y-SUMA-VOLUNTARIOS-1.jpg","articleSection":["Berazategui"],"inLanguage":"es","potentialAction":[{"@type":"CommentAction","name":"Comment","target":["https:\/\/diarioprincipios.com\/index.php\/2021\/03\/31\/berazategui-inicio-ensayos-clinicos-de-la-vacuna-alemana-curevac-y-suma-voluntarios\/#respond"]}]},{"@type":"WebPage","@id":"https:\/\/diarioprincipios.com\/index.php\/2021\/03\/31\/berazategui-inicio-ensayos-clinicos-de-la-vacuna-alemana-curevac-y-suma-voluntarios\/","url":"https:\/\/diarioprincipios.com\/index.php\/2021\/03\/31\/berazategui-inicio-ensayos-clinicos-de-la-vacuna-alemana-curevac-y-suma-voluntarios\/","name":"Berazategui inici\u00f3 ensayos cl\u00ednicos de la Vacuna Alemana Curevac y suma voluntarios - Principios","isPartOf":{"@id":"https:\/\/diarioprincipios.com\/#website"},"primaryImageOfPage":{"@id":"https:\/\/diarioprincipios.com\/index.php\/2021\/03\/31\/berazategui-inicio-ensayos-clinicos-de-la-vacuna-alemana-curevac-y-suma-voluntarios\/#primaryimage"},"image":{"@id":"https:\/\/diarioprincipios.com\/index.php\/2021\/03\/31\/berazategui-inicio-ensayos-clinicos-de-la-vacuna-alemana-curevac-y-suma-voluntarios\/#primaryimage"},"thumbnailUrl":"https:\/\/diarioprincipios.com\/wp-content\/uploads\/2021\/03\/BERAZATEGUI-INICIO-ENSAYOS-CLINICOS-DE-LA-VACUNA-ALEMANA-CUREVAC-Y-SUMA-VOLUNTARIOS-1.jpg","datePublished":"2021-03-31T22:00:21+00:00","dateModified":"2021-03-31T22:00:30+00:00","breadcrumb":{"@id":"https:\/\/diarioprincipios.com\/index.php\/2021\/03\/31\/berazategui-inicio-ensayos-clinicos-de-la-vacuna-alemana-curevac-y-suma-voluntarios\/#breadcrumb"},"inLanguage":"es","potentialAction":[{"@type":"ReadAction","target":["https:\/\/diarioprincipios.com\/index.php\/2021\/03\/31\/berazategui-inicio-ensayos-clinicos-de-la-vacuna-alemana-curevac-y-suma-voluntarios\/"]}]},{"@type":"ImageObject","inLanguage":"es","@id":"https:\/\/diarioprincipios.com\/index.php\/2021\/03\/31\/berazategui-inicio-ensayos-clinicos-de-la-vacuna-alemana-curevac-y-suma-voluntarios\/#primaryimage","url":"https:\/\/diarioprincipios.com\/wp-content\/uploads\/2021\/03\/BERAZATEGUI-INICIO-ENSAYOS-CLINICOS-DE-LA-VACUNA-ALEMANA-CUREVAC-Y-SUMA-VOLUNTARIOS-1.jpg","contentUrl":"https:\/\/diarioprincipios.com\/wp-content\/uploads\/2021\/03\/BERAZATEGUI-INICIO-ENSAYOS-CLINICOS-DE-LA-VACUNA-ALEMANA-CUREVAC-Y-SUMA-VOLUNTARIOS-1.jpg","width":1920,"height":1280},{"@type":"BreadcrumbList","@id":"https:\/\/diarioprincipios.com\/index.php\/2021\/03\/31\/berazategui-inicio-ensayos-clinicos-de-la-vacuna-alemana-curevac-y-suma-voluntarios\/#breadcrumb","itemListElement":[{"@type":"ListItem","position":1,"name":"Portada","item":"https:\/\/diarioprincipios.com\/"},{"@type":"ListItem","position":2,"name":"Berazategui inici\u00f3 ensayos cl\u00ednicos de la Vacuna Alemana Curevac y suma voluntarios"}]},{"@type":"WebSite","@id":"https:\/\/diarioprincipios.com\/#website","url":"https:\/\/diarioprincipios.com\/","name":"Principios","description":"Principios Diario","publisher":{"@id":"https:\/\/diarioprincipios.com\/#organization"},"potentialAction":[{"@type":"SearchAction","target":{"@type":"EntryPoint","urlTemplate":"https:\/\/diarioprincipios.com\/?s={search_term_string}"},"query-input":{"@type":"PropertyValueSpecification","valueRequired":true,"valueName":"search_term_string"}}],"inLanguage":"es"},{"@type":"Organization","@id":"https:\/\/diarioprincipios.com\/#organization","name":"Principios","url":"https:\/\/diarioprincipios.com\/","logo":{"@type":"ImageObject","inLanguage":"es","@id":"https:\/\/diarioprincipios.com\/#\/schema\/logo\/image\/","url":"https:\/\/diarioprincipios.com\/wp-content\/uploads\/2024\/04\/cropped-www.diarioprincipios.com_-1.png","contentUrl":"https:\/\/diarioprincipios.com\/wp-content\/uploads\/2024\/04\/cropped-www.diarioprincipios.com_-1.png","width":5325,"height":1454,"caption":"Principios"},"image":{"@id":"https:\/\/diarioprincipios.com\/#\/schema\/logo\/image\/"}},{"@type":"Person","@id":"https:\/\/diarioprincipios.com\/#\/schema\/person\/436d5a1fd41a5e250e23ff5a6a7cb080","name":"Hern\u00e1n L\u00f3pez","image":{"@type":"ImageObject","inLanguage":"es","@id":"https:\/\/diarioprincipios.com\/wp-content\/litespeed\/avatar\/11ddfe5610ff3bd100522525b2571f48.jpg?ver=1777048341","url":"https:\/\/diarioprincipios.com\/wp-content\/litespeed\/avatar\/11ddfe5610ff3bd100522525b2571f48.jpg?ver=1777048341","contentUrl":"https:\/\/diarioprincipios.com\/wp-content\/litespeed\/avatar\/11ddfe5610ff3bd100522525b2571f48.jpg?ver=1777048341","caption":"Hern\u00e1n L\u00f3pez"},"url":"https:\/\/diarioprincipios.com\/index.php\/author\/hernan\/"}]}},"jetpack_featured_media_url":"https:\/\/diarioprincipios.com\/wp-content\/uploads\/2021\/03\/BERAZATEGUI-INICIO-ENSAYOS-CLINICOS-DE-LA-VACUNA-ALEMANA-CUREVAC-Y-SUMA-VOLUNTARIOS-1.jpg","_links":{"self":[{"href":"https:\/\/diarioprincipios.com\/index.php\/wp-json\/wp\/v2\/posts\/9272","targetHints":{"allow":["GET"]}}],"collection":[{"href":"https:\/\/diarioprincipios.com\/index.php\/wp-json\/wp\/v2\/posts"}],"about":[{"href":"https:\/\/diarioprincipios.com\/index.php\/wp-json\/wp\/v2\/types\/post"}],"author":[{"embeddable":true,"href":"https:\/\/diarioprincipios.com\/index.php\/wp-json\/wp\/v2\/users\/2"}],"replies":[{"embeddable":true,"href":"https:\/\/diarioprincipios.com\/index.php\/wp-json\/wp\/v2\/comments?post=9272"}],"version-history":[{"count":1,"href":"https:\/\/diarioprincipios.com\/index.php\/wp-json\/wp\/v2\/posts\/9272\/revisions"}],"predecessor-version":[{"id":9274,"href":"https:\/\/diarioprincipios.com\/index.php\/wp-json\/wp\/v2\/posts\/9272\/revisions\/9274"}],"wp:featuredmedia":[{"embeddable":true,"href":"https:\/\/diarioprincipios.com\/index.php\/wp-json\/wp\/v2\/media\/9273"}],"wp:attachment":[{"href":"https:\/\/diarioprincipios.com\/index.php\/wp-json\/wp\/v2\/media?parent=9272"}],"wp:term":[{"taxonomy":"category","embeddable":true,"href":"https:\/\/diarioprincipios.com\/index.php\/wp-json\/wp\/v2\/categories?post=9272"},{"taxonomy":"post_tag","embeddable":true,"href":"https:\/\/diarioprincipios.com\/index.php\/wp-json\/wp\/v2\/tags?post=9272"}],"curies":[{"name":"wp","href":"https:\/\/api.w.org\/{rel}","templated":true}]}}