{"id":9258,"date":"2021-03-31T08:49:57","date_gmt":"2021-03-31T11:49:57","guid":{"rendered":"http:\/\/diarioprincipios.com\/?p=9258"},"modified":"2021-03-31T08:50:03","modified_gmt":"2021-03-31T11:50:03","slug":"con-mas-puntos-de-vacunacion-contra-el-covid-19-berazategui-avanza-en-la-aplicacion-a-mayores-de-60-anos","status":"publish","type":"post","link":"https:\/\/diarioprincipios.com\/index.php\/2021\/03\/31\/con-mas-puntos-de-vacunacion-contra-el-covid-19-berazategui-avanza-en-la-aplicacion-a-mayores-de-60-anos\/","title":{"rendered":"Con m\u00e1s Puntos de Vacunaci\u00f3n contra el Covid 19, Berazategui avanza en la aplicaci\u00f3n  a Mayores de 60 a\u00f1os"},"content":{"rendered":"\n<p><strong>La estrategia de vacunaci\u00f3n contra el coronavirus que se est\u00e1 implementando en la ciudad sum\u00f3 dos nuevas bases operativas: una en el Polideportivo Municipal N\u00b0 3 y otra en la Sede de PAMI de Berazategui Centro.<\/strong><\/p>\n\n\n\n<p>Sobre el desarrollo de la vacunaci\u00f3n en el Polideportivo N\u00ba 3, la coordinadora de la posta instalada en ese lugar, Roc\u00edo Bern\u00e1rdez, subray\u00f3: \u201cLos operativos consisten en una mesa de entrada donde corroboramos los datos de las personas y sus turnos programados. Luego pasan a la sala de espera para, finalmente, ser vacunados. Una vez recibida la vacuna, tienen que esperar 30 minutos para descartar cualquier efecto adverso inmediato a su aplicaci\u00f3n\u201d.<\/p>\n\n\n\n<figure class=\"wp-block-image size-large\"><img loading=\"lazy\" decoding=\"async\" width=\"1024\" height=\"731\" src=\"https:\/\/diarioprincipios.com\/wp-content\/uploads\/2021\/03\/MAS-PUNTOS-DE-VACUNACION-COVID-19-EN-BERAZATEGUI-1-1024x731.jpeg\" alt=\"\" class=\"wp-image-9259\" srcset=\"https:\/\/diarioprincipios.com\/wp-content\/uploads\/2021\/03\/MAS-PUNTOS-DE-VACUNACION-COVID-19-EN-BERAZATEGUI-1-1024x731.jpeg 1024w, https:\/\/diarioprincipios.com\/wp-content\/uploads\/2021\/03\/MAS-PUNTOS-DE-VACUNACION-COVID-19-EN-BERAZATEGUI-1-300x214.jpeg 300w, https:\/\/diarioprincipios.com\/wp-content\/uploads\/2021\/03\/MAS-PUNTOS-DE-VACUNACION-COVID-19-EN-BERAZATEGUI-1-768x548.jpeg 768w, https:\/\/diarioprincipios.com\/wp-content\/uploads\/2021\/03\/MAS-PUNTOS-DE-VACUNACION-COVID-19-EN-BERAZATEGUI-1.jpeg 1280w\" sizes=\"auto, (max-width: 1024px) 100vw, 1024px\" \/><\/figure>\n\n\n\n<p>En tanto, el coordinador de la posta de vacunaci\u00f3n en la sede de PAMI, David Cayeta, manifest\u00f3: \u201cTanto desde el equipo sanitario, como del operativo, estamos trabajando mancomunadamente para poder brindarle una excelente atenci\u00f3n a los vecinos, quienes realmente reciben sus vacunas con la mejor de las predisposiciones\u201d.<\/p>\n\n\n\n<p>Una de las vecinas a quien se le aplic\u00f3 su primera dosis, Ramona Nu\u00f1ez (de 83 a\u00f1os), expres\u00f3: \u201cEstoy muy contenta por recibir la vacuna. Para m\u00ed es muy importante porque de a poco, y con cuidados, puedo volver a hacer cosas que no estaba haciendo, como ver a mis nietos y salir a hacer los mandados\u201d.<\/p>\n\n\n\n<p>La Municipalidad de Berazategui recuerda que aquellos interesados en sumarse al Plan provincial, p\u00fablico, gratuito y optativo de vacunaci\u00f3n, deben ingresar en\u00a0<a rel=\"noreferrer noopener\" target=\"_blank\" href=\"http:\/\/www.vacunatepba.gba.gob.ar\/\">www.vacunatepba.gba.gob.ar<\/a>\u00a0y completar los datos. O bien, descargarse la aplicaci\u00f3n para tel\u00e9fono celular VacunatePBA. En caso de necesitar ayuda para registrarse, pueden comunicarse gratuitamente al 5256-2650, de lunes a viernes de 8.00 a 16.00.<\/p>\n\n\n\n<figure class=\"wp-block-image size-large\"><img loading=\"lazy\" decoding=\"async\" width=\"1024\" height=\"732\" src=\"https:\/\/diarioprincipios.com\/wp-content\/uploads\/2021\/03\/MAS-PUNTOS-DE-VACUNACION-COVID-19-EN-BERAZATEGUI-1-1024x732.jpg\" alt=\"\" class=\"wp-image-9260\" srcset=\"https:\/\/diarioprincipios.com\/wp-content\/uploads\/2021\/03\/MAS-PUNTOS-DE-VACUNACION-COVID-19-EN-BERAZATEGUI-1-1024x732.jpg 1024w, https:\/\/diarioprincipios.com\/wp-content\/uploads\/2021\/03\/MAS-PUNTOS-DE-VACUNACION-COVID-19-EN-BERAZATEGUI-1-300x214.jpg 300w, https:\/\/diarioprincipios.com\/wp-content\/uploads\/2021\/03\/MAS-PUNTOS-DE-VACUNACION-COVID-19-EN-BERAZATEGUI-1-768x549.jpg 768w, https:\/\/diarioprincipios.com\/wp-content\/uploads\/2021\/03\/MAS-PUNTOS-DE-VACUNACION-COVID-19-EN-BERAZATEGUI-1-1536x1097.jpg 1536w, https:\/\/diarioprincipios.com\/wp-content\/uploads\/2021\/03\/MAS-PUNTOS-DE-VACUNACION-COVID-19-EN-BERAZATEGUI-1.jpg 1653w\" sizes=\"auto, (max-width: 1024px) 100vw, 1024px\" \/><\/figure>\n\n\n\n<p>Tambi\u00e9n, por alguna complicaci\u00f3n o dificultad al momento de la inscripci\u00f3n, pueden obtener asesoramiento en los Centros de Atenci\u00f3n Primaria de Salud (CAPS): de lunes a viernes, de 8.00 a 13.00. Sus direcciones se encuentran en\u00a0<a rel=\"noreferrer noopener\" target=\"_blank\" href=\"http:\/\/berazategui.gob.ar\/salud\">berazategui.gob.ar\/salud<\/a>; o en la oficina de ARBA (calle 148 N\u00ba 1102); en la sede de IOMA (calle 147 N\u00ba 1343), de 8.00 a 14.00; y en las delegaciones de PAMI (calle 146 N\u00ba 1253\/63 y calle 52 N\u00ba 3125).<\/p>\n\n\n\n<p>Asimismo, vale destacar que el resto de los centros de vacunaci\u00f3n que funcionan en Berazategui se encuentran en el Centro de Actividades \u201cRoberto De Vicenzo\u201d, en la posta de SUTEBA, en la Escuela de Polic\u00eda de la provincia de Buenos Aires \u201cJuan Vucetich\u201d, en la agencia de PAMI de Barrio Mar\u00edtimo, en la sede de ATE, en la UPA N\u00b0 10 de Hudson y en el Hospital \u201cEvita Pueblo\u201d.<\/p>\n","protected":false},"excerpt":{"rendered":"<p>La estrategia de vacunaci\u00f3n contra el coronavirus que se est\u00e1 implementando en la ciudad sum\u00f3 dos nuevas bases operativas: una en el Polideportivo Municipal N\u00b0 3 y otra en la Sede de PAMI de Berazategui Centro. Sobre el desarrollo de la vacunaci\u00f3n en el Polideportivo N\u00ba 3, la coordinadora de la posta instalada en ese&#8230;<\/p>\n","protected":false},"author":2,"featured_media":9261,"comment_status":"open","ping_status":"open","sticky":false,"template":"","format":"standard","meta":{"footnotes":""},"categories":[3],"tags":[],"class_list":["post-9258","post","type-post","status-publish","format-standard","has-post-thumbnail","hentry","category-berazategui"],"featured_image_src":"https:\/\/diarioprincipios.com\/wp-content\/uploads\/2021\/03\/MAS-PUNTOS-DE-VACUNACION-COVID-19-EN-BERAZATEGUI-2-1024x732.jpg","blog_images":{"medium":"https:\/\/diarioprincipios.com\/wp-content\/uploads\/2021\/03\/MAS-PUNTOS-DE-VACUNACION-COVID-19-EN-BERAZATEGUI-2-300x214.jpg","large":"https:\/\/diarioprincipios.com\/wp-content\/uploads\/2021\/03\/MAS-PUNTOS-DE-VACUNACION-COVID-19-EN-BERAZATEGUI-2-1024x732.jpg"},"ams_acf":[],"yoast_head":"<!-- This site is optimized with the Yoast SEO plugin v27.3 - https:\/\/yoast.com\/product\/yoast-seo-wordpress\/ -->\n<title>Con m\u00e1s Puntos de Vacunaci\u00f3n contra el Covid 19, Berazategui avanza en la aplicaci\u00f3n a Mayores de 60 a\u00f1os - Principios<\/title>\n<meta name=\"robots\" content=\"index, follow, max-snippet:-1, max-image-preview:large, max-video-preview:-1\" \/>\n<link rel=\"canonical\" href=\"https:\/\/diarioprincipios.com\/index.php\/2021\/03\/31\/con-mas-puntos-de-vacunacion-contra-el-covid-19-berazategui-avanza-en-la-aplicacion-a-mayores-de-60-anos\/\" \/>\n<meta property=\"og:locale\" content=\"es_ES\" \/>\n<meta property=\"og:type\" content=\"article\" \/>\n<meta property=\"og:title\" content=\"Con m\u00e1s Puntos de Vacunaci\u00f3n contra el Covid 19, Berazategui avanza en la aplicaci\u00f3n a Mayores de 60 a\u00f1os - Principios\" \/>\n<meta property=\"og:description\" content=\"La estrategia de vacunaci\u00f3n contra el coronavirus que se est\u00e1 implementando en la ciudad sum\u00f3 dos nuevas bases operativas: una en el Polideportivo Municipal N\u00b0 3 y otra en la Sede de PAMI de Berazategui Centro. Sobre el desarrollo de la vacunaci\u00f3n en el Polideportivo N\u00ba 3, la coordinadora de la posta instalada en ese...\" \/>\n<meta property=\"og:url\" content=\"https:\/\/diarioprincipios.com\/index.php\/2021\/03\/31\/con-mas-puntos-de-vacunacion-contra-el-covid-19-berazategui-avanza-en-la-aplicacion-a-mayores-de-60-anos\/\" \/>\n<meta property=\"og:site_name\" content=\"Principios\" \/>\n<meta property=\"article:published_time\" content=\"2021-03-31T11:49:57+00:00\" \/>\n<meta property=\"article:modified_time\" content=\"2021-03-31T11:50:03+00:00\" \/>\n<meta property=\"og:image\" content=\"https:\/\/diarioprincipios.com\/wp-content\/uploads\/2021\/03\/MAS-PUNTOS-DE-VACUNACION-COVID-19-EN-BERAZATEGUI-2.jpg\" \/>\n\t<meta property=\"og:image:width\" content=\"1653\" \/>\n\t<meta property=\"og:image:height\" content=\"1181\" \/>\n\t<meta property=\"og:image:type\" content=\"image\/jpeg\" \/>\n<meta name=\"author\" content=\"Hern\u00e1n L\u00f3pez\" \/>\n<meta name=\"twitter:card\" content=\"summary_large_image\" \/>\n<meta name=\"twitter:label1\" content=\"Escrito por\" \/>\n\t<meta name=\"twitter:data1\" content=\"Hern\u00e1n L\u00f3pez\" \/>\n\t<meta name=\"twitter:label2\" content=\"Tiempo de lectura\" \/>\n\t<meta name=\"twitter:data2\" content=\"3 minutos\" \/>\n<script type=\"application\/ld+json\" class=\"yoast-schema-graph\">{\"@context\":\"https:\\\/\\\/schema.org\",\"@graph\":[{\"@type\":\"Article\",\"@id\":\"https:\\\/\\\/diarioprincipios.com\\\/index.php\\\/2021\\\/03\\\/31\\\/con-mas-puntos-de-vacunacion-contra-el-covid-19-berazategui-avanza-en-la-aplicacion-a-mayores-de-60-anos\\\/#article\",\"isPartOf\":{\"@id\":\"https:\\\/\\\/diarioprincipios.com\\\/index.php\\\/2021\\\/03\\\/31\\\/con-mas-puntos-de-vacunacion-contra-el-covid-19-berazategui-avanza-en-la-aplicacion-a-mayores-de-60-anos\\\/\"},\"author\":{\"name\":\"Hern\u00e1n L\u00f3pez\",\"@id\":\"https:\\\/\\\/diarioprincipios.com\\\/#\\\/schema\\\/person\\\/436d5a1fd41a5e250e23ff5a6a7cb080\"},\"headline\":\"Con m\u00e1s Puntos de Vacunaci\u00f3n contra el Covid 19, Berazategui avanza en la aplicaci\u00f3n a Mayores de 60 a\u00f1os\",\"datePublished\":\"2021-03-31T11:49:57+00:00\",\"dateModified\":\"2021-03-31T11:50:03+00:00\",\"mainEntityOfPage\":{\"@id\":\"https:\\\/\\\/diarioprincipios.com\\\/index.php\\\/2021\\\/03\\\/31\\\/con-mas-puntos-de-vacunacion-contra-el-covid-19-berazategui-avanza-en-la-aplicacion-a-mayores-de-60-anos\\\/\"},\"wordCount\":442,\"commentCount\":0,\"publisher\":{\"@id\":\"https:\\\/\\\/diarioprincipios.com\\\/#organization\"},\"image\":{\"@id\":\"https:\\\/\\\/diarioprincipios.com\\\/index.php\\\/2021\\\/03\\\/31\\\/con-mas-puntos-de-vacunacion-contra-el-covid-19-berazategui-avanza-en-la-aplicacion-a-mayores-de-60-anos\\\/#primaryimage\"},\"thumbnailUrl\":\"https:\\\/\\\/diarioprincipios.com\\\/wp-content\\\/uploads\\\/2021\\\/03\\\/MAS-PUNTOS-DE-VACUNACION-COVID-19-EN-BERAZATEGUI-2.jpg\",\"articleSection\":[\"Berazategui\"],\"inLanguage\":\"es\",\"potentialAction\":[{\"@type\":\"CommentAction\",\"name\":\"Comment\",\"target\":[\"https:\\\/\\\/diarioprincipios.com\\\/index.php\\\/2021\\\/03\\\/31\\\/con-mas-puntos-de-vacunacion-contra-el-covid-19-berazategui-avanza-en-la-aplicacion-a-mayores-de-60-anos\\\/#respond\"]}]},{\"@type\":\"WebPage\",\"@id\":\"https:\\\/\\\/diarioprincipios.com\\\/index.php\\\/2021\\\/03\\\/31\\\/con-mas-puntos-de-vacunacion-contra-el-covid-19-berazategui-avanza-en-la-aplicacion-a-mayores-de-60-anos\\\/\",\"url\":\"https:\\\/\\\/diarioprincipios.com\\\/index.php\\\/2021\\\/03\\\/31\\\/con-mas-puntos-de-vacunacion-contra-el-covid-19-berazategui-avanza-en-la-aplicacion-a-mayores-de-60-anos\\\/\",\"name\":\"Con m\u00e1s Puntos de Vacunaci\u00f3n contra el Covid 19, Berazategui avanza en la aplicaci\u00f3n a Mayores de 60 a\u00f1os - Principios\",\"isPartOf\":{\"@id\":\"https:\\\/\\\/diarioprincipios.com\\\/#website\"},\"primaryImageOfPage\":{\"@id\":\"https:\\\/\\\/diarioprincipios.com\\\/index.php\\\/2021\\\/03\\\/31\\\/con-mas-puntos-de-vacunacion-contra-el-covid-19-berazategui-avanza-en-la-aplicacion-a-mayores-de-60-anos\\\/#primaryimage\"},\"image\":{\"@id\":\"https:\\\/\\\/diarioprincipios.com\\\/index.php\\\/2021\\\/03\\\/31\\\/con-mas-puntos-de-vacunacion-contra-el-covid-19-berazategui-avanza-en-la-aplicacion-a-mayores-de-60-anos\\\/#primaryimage\"},\"thumbnailUrl\":\"https:\\\/\\\/diarioprincipios.com\\\/wp-content\\\/uploads\\\/2021\\\/03\\\/MAS-PUNTOS-DE-VACUNACION-COVID-19-EN-BERAZATEGUI-2.jpg\",\"datePublished\":\"2021-03-31T11:49:57+00:00\",\"dateModified\":\"2021-03-31T11:50:03+00:00\",\"breadcrumb\":{\"@id\":\"https:\\\/\\\/diarioprincipios.com\\\/index.php\\\/2021\\\/03\\\/31\\\/con-mas-puntos-de-vacunacion-contra-el-covid-19-berazategui-avanza-en-la-aplicacion-a-mayores-de-60-anos\\\/#breadcrumb\"},\"inLanguage\":\"es\",\"potentialAction\":[{\"@type\":\"ReadAction\",\"target\":[\"https:\\\/\\\/diarioprincipios.com\\\/index.php\\\/2021\\\/03\\\/31\\\/con-mas-puntos-de-vacunacion-contra-el-covid-19-berazategui-avanza-en-la-aplicacion-a-mayores-de-60-anos\\\/\"]}]},{\"@type\":\"ImageObject\",\"inLanguage\":\"es\",\"@id\":\"https:\\\/\\\/diarioprincipios.com\\\/index.php\\\/2021\\\/03\\\/31\\\/con-mas-puntos-de-vacunacion-contra-el-covid-19-berazategui-avanza-en-la-aplicacion-a-mayores-de-60-anos\\\/#primaryimage\",\"url\":\"https:\\\/\\\/diarioprincipios.com\\\/wp-content\\\/uploads\\\/2021\\\/03\\\/MAS-PUNTOS-DE-VACUNACION-COVID-19-EN-BERAZATEGUI-2.jpg\",\"contentUrl\":\"https:\\\/\\\/diarioprincipios.com\\\/wp-content\\\/uploads\\\/2021\\\/03\\\/MAS-PUNTOS-DE-VACUNACION-COVID-19-EN-BERAZATEGUI-2.jpg\",\"width\":1653,\"height\":1181},{\"@type\":\"BreadcrumbList\",\"@id\":\"https:\\\/\\\/diarioprincipios.com\\\/index.php\\\/2021\\\/03\\\/31\\\/con-mas-puntos-de-vacunacion-contra-el-covid-19-berazategui-avanza-en-la-aplicacion-a-mayores-de-60-anos\\\/#breadcrumb\",\"itemListElement\":[{\"@type\":\"ListItem\",\"position\":1,\"name\":\"Portada\",\"item\":\"https:\\\/\\\/diarioprincipios.com\\\/\"},{\"@type\":\"ListItem\",\"position\":2,\"name\":\"Con m\u00e1s Puntos de Vacunaci\u00f3n contra el Covid 19, Berazategui avanza en la aplicaci\u00f3n a Mayores de 60 a\u00f1os\"}]},{\"@type\":\"WebSite\",\"@id\":\"https:\\\/\\\/diarioprincipios.com\\\/#website\",\"url\":\"https:\\\/\\\/diarioprincipios.com\\\/\",\"name\":\"Principios\",\"description\":\"Principios Diario\",\"publisher\":{\"@id\":\"https:\\\/\\\/diarioprincipios.com\\\/#organization\"},\"potentialAction\":[{\"@type\":\"SearchAction\",\"target\":{\"@type\":\"EntryPoint\",\"urlTemplate\":\"https:\\\/\\\/diarioprincipios.com\\\/?s={search_term_string}\"},\"query-input\":{\"@type\":\"PropertyValueSpecification\",\"valueRequired\":true,\"valueName\":\"search_term_string\"}}],\"inLanguage\":\"es\"},{\"@type\":\"Organization\",\"@id\":\"https:\\\/\\\/diarioprincipios.com\\\/#organization\",\"name\":\"Principios\",\"url\":\"https:\\\/\\\/diarioprincipios.com\\\/\",\"logo\":{\"@type\":\"ImageObject\",\"inLanguage\":\"es\",\"@id\":\"https:\\\/\\\/diarioprincipios.com\\\/#\\\/schema\\\/logo\\\/image\\\/\",\"url\":\"https:\\\/\\\/diarioprincipios.com\\\/wp-content\\\/uploads\\\/2024\\\/04\\\/cropped-www.diarioprincipios.com_-1.png\",\"contentUrl\":\"https:\\\/\\\/diarioprincipios.com\\\/wp-content\\\/uploads\\\/2024\\\/04\\\/cropped-www.diarioprincipios.com_-1.png\",\"width\":5325,\"height\":1454,\"caption\":\"Principios\"},\"image\":{\"@id\":\"https:\\\/\\\/diarioprincipios.com\\\/#\\\/schema\\\/logo\\\/image\\\/\"}},{\"@type\":\"Person\",\"@id\":\"https:\\\/\\\/diarioprincipios.com\\\/#\\\/schema\\\/person\\\/436d5a1fd41a5e250e23ff5a6a7cb080\",\"name\":\"Hern\u00e1n L\u00f3pez\",\"image\":{\"@type\":\"ImageObject\",\"inLanguage\":\"es\",\"@id\":\"https:\\\/\\\/diarioprincipios.com\\\/wp-content\\\/litespeed\\\/avatar\\\/11ddfe5610ff3bd100522525b2571f48.jpg?ver=1777653193\",\"url\":\"https:\\\/\\\/diarioprincipios.com\\\/wp-content\\\/litespeed\\\/avatar\\\/11ddfe5610ff3bd100522525b2571f48.jpg?ver=1777653193\",\"contentUrl\":\"https:\\\/\\\/diarioprincipios.com\\\/wp-content\\\/litespeed\\\/avatar\\\/11ddfe5610ff3bd100522525b2571f48.jpg?ver=1777653193\",\"caption\":\"Hern\u00e1n L\u00f3pez\"},\"url\":\"https:\\\/\\\/diarioprincipios.com\\\/index.php\\\/author\\\/hernan\\\/\"}]}<\/script>\n<!-- \/ Yoast SEO plugin. -->","yoast_head_json":{"title":"Con m\u00e1s Puntos de Vacunaci\u00f3n contra el Covid 19, Berazategui avanza en la aplicaci\u00f3n a Mayores de 60 a\u00f1os - Principios","robots":{"index":"index","follow":"follow","max-snippet":"max-snippet:-1","max-image-preview":"max-image-preview:large","max-video-preview":"max-video-preview:-1"},"canonical":"https:\/\/diarioprincipios.com\/index.php\/2021\/03\/31\/con-mas-puntos-de-vacunacion-contra-el-covid-19-berazategui-avanza-en-la-aplicacion-a-mayores-de-60-anos\/","og_locale":"es_ES","og_type":"article","og_title":"Con m\u00e1s Puntos de Vacunaci\u00f3n contra el Covid 19, Berazategui avanza en la aplicaci\u00f3n a Mayores de 60 a\u00f1os - Principios","og_description":"La estrategia de vacunaci\u00f3n contra el coronavirus que se est\u00e1 implementando en la ciudad sum\u00f3 dos nuevas bases operativas: una en el Polideportivo Municipal N\u00b0 3 y otra en la Sede de PAMI de Berazategui Centro. Sobre el desarrollo de la vacunaci\u00f3n en el Polideportivo N\u00ba 3, la coordinadora de la posta instalada en ese...","og_url":"https:\/\/diarioprincipios.com\/index.php\/2021\/03\/31\/con-mas-puntos-de-vacunacion-contra-el-covid-19-berazategui-avanza-en-la-aplicacion-a-mayores-de-60-anos\/","og_site_name":"Principios","article_published_time":"2021-03-31T11:49:57+00:00","article_modified_time":"2021-03-31T11:50:03+00:00","og_image":[{"width":1653,"height":1181,"url":"https:\/\/diarioprincipios.com\/wp-content\/uploads\/2021\/03\/MAS-PUNTOS-DE-VACUNACION-COVID-19-EN-BERAZATEGUI-2.jpg","type":"image\/jpeg"}],"author":"Hern\u00e1n L\u00f3pez","twitter_card":"summary_large_image","twitter_misc":{"Escrito por":"Hern\u00e1n L\u00f3pez","Tiempo de lectura":"3 minutos"},"schema":{"@context":"https:\/\/schema.org","@graph":[{"@type":"Article","@id":"https:\/\/diarioprincipios.com\/index.php\/2021\/03\/31\/con-mas-puntos-de-vacunacion-contra-el-covid-19-berazategui-avanza-en-la-aplicacion-a-mayores-de-60-anos\/#article","isPartOf":{"@id":"https:\/\/diarioprincipios.com\/index.php\/2021\/03\/31\/con-mas-puntos-de-vacunacion-contra-el-covid-19-berazategui-avanza-en-la-aplicacion-a-mayores-de-60-anos\/"},"author":{"name":"Hern\u00e1n L\u00f3pez","@id":"https:\/\/diarioprincipios.com\/#\/schema\/person\/436d5a1fd41a5e250e23ff5a6a7cb080"},"headline":"Con m\u00e1s Puntos de Vacunaci\u00f3n contra el Covid 19, Berazategui avanza en la aplicaci\u00f3n a Mayores de 60 a\u00f1os","datePublished":"2021-03-31T11:49:57+00:00","dateModified":"2021-03-31T11:50:03+00:00","mainEntityOfPage":{"@id":"https:\/\/diarioprincipios.com\/index.php\/2021\/03\/31\/con-mas-puntos-de-vacunacion-contra-el-covid-19-berazategui-avanza-en-la-aplicacion-a-mayores-de-60-anos\/"},"wordCount":442,"commentCount":0,"publisher":{"@id":"https:\/\/diarioprincipios.com\/#organization"},"image":{"@id":"https:\/\/diarioprincipios.com\/index.php\/2021\/03\/31\/con-mas-puntos-de-vacunacion-contra-el-covid-19-berazategui-avanza-en-la-aplicacion-a-mayores-de-60-anos\/#primaryimage"},"thumbnailUrl":"https:\/\/diarioprincipios.com\/wp-content\/uploads\/2021\/03\/MAS-PUNTOS-DE-VACUNACION-COVID-19-EN-BERAZATEGUI-2.jpg","articleSection":["Berazategui"],"inLanguage":"es","potentialAction":[{"@type":"CommentAction","name":"Comment","target":["https:\/\/diarioprincipios.com\/index.php\/2021\/03\/31\/con-mas-puntos-de-vacunacion-contra-el-covid-19-berazategui-avanza-en-la-aplicacion-a-mayores-de-60-anos\/#respond"]}]},{"@type":"WebPage","@id":"https:\/\/diarioprincipios.com\/index.php\/2021\/03\/31\/con-mas-puntos-de-vacunacion-contra-el-covid-19-berazategui-avanza-en-la-aplicacion-a-mayores-de-60-anos\/","url":"https:\/\/diarioprincipios.com\/index.php\/2021\/03\/31\/con-mas-puntos-de-vacunacion-contra-el-covid-19-berazategui-avanza-en-la-aplicacion-a-mayores-de-60-anos\/","name":"Con m\u00e1s Puntos de Vacunaci\u00f3n contra el Covid 19, Berazategui avanza en la aplicaci\u00f3n a Mayores de 60 a\u00f1os - Principios","isPartOf":{"@id":"https:\/\/diarioprincipios.com\/#website"},"primaryImageOfPage":{"@id":"https:\/\/diarioprincipios.com\/index.php\/2021\/03\/31\/con-mas-puntos-de-vacunacion-contra-el-covid-19-berazategui-avanza-en-la-aplicacion-a-mayores-de-60-anos\/#primaryimage"},"image":{"@id":"https:\/\/diarioprincipios.com\/index.php\/2021\/03\/31\/con-mas-puntos-de-vacunacion-contra-el-covid-19-berazategui-avanza-en-la-aplicacion-a-mayores-de-60-anos\/#primaryimage"},"thumbnailUrl":"https:\/\/diarioprincipios.com\/wp-content\/uploads\/2021\/03\/MAS-PUNTOS-DE-VACUNACION-COVID-19-EN-BERAZATEGUI-2.jpg","datePublished":"2021-03-31T11:49:57+00:00","dateModified":"2021-03-31T11:50:03+00:00","breadcrumb":{"@id":"https:\/\/diarioprincipios.com\/index.php\/2021\/03\/31\/con-mas-puntos-de-vacunacion-contra-el-covid-19-berazategui-avanza-en-la-aplicacion-a-mayores-de-60-anos\/#breadcrumb"},"inLanguage":"es","potentialAction":[{"@type":"ReadAction","target":["https:\/\/diarioprincipios.com\/index.php\/2021\/03\/31\/con-mas-puntos-de-vacunacion-contra-el-covid-19-berazategui-avanza-en-la-aplicacion-a-mayores-de-60-anos\/"]}]},{"@type":"ImageObject","inLanguage":"es","@id":"https:\/\/diarioprincipios.com\/index.php\/2021\/03\/31\/con-mas-puntos-de-vacunacion-contra-el-covid-19-berazategui-avanza-en-la-aplicacion-a-mayores-de-60-anos\/#primaryimage","url":"https:\/\/diarioprincipios.com\/wp-content\/uploads\/2021\/03\/MAS-PUNTOS-DE-VACUNACION-COVID-19-EN-BERAZATEGUI-2.jpg","contentUrl":"https:\/\/diarioprincipios.com\/wp-content\/uploads\/2021\/03\/MAS-PUNTOS-DE-VACUNACION-COVID-19-EN-BERAZATEGUI-2.jpg","width":1653,"height":1181},{"@type":"BreadcrumbList","@id":"https:\/\/diarioprincipios.com\/index.php\/2021\/03\/31\/con-mas-puntos-de-vacunacion-contra-el-covid-19-berazategui-avanza-en-la-aplicacion-a-mayores-de-60-anos\/#breadcrumb","itemListElement":[{"@type":"ListItem","position":1,"name":"Portada","item":"https:\/\/diarioprincipios.com\/"},{"@type":"ListItem","position":2,"name":"Con m\u00e1s Puntos de Vacunaci\u00f3n contra el Covid 19, Berazategui avanza en la aplicaci\u00f3n a Mayores de 60 a\u00f1os"}]},{"@type":"WebSite","@id":"https:\/\/diarioprincipios.com\/#website","url":"https:\/\/diarioprincipios.com\/","name":"Principios","description":"Principios Diario","publisher":{"@id":"https:\/\/diarioprincipios.com\/#organization"},"potentialAction":[{"@type":"SearchAction","target":{"@type":"EntryPoint","urlTemplate":"https:\/\/diarioprincipios.com\/?s={search_term_string}"},"query-input":{"@type":"PropertyValueSpecification","valueRequired":true,"valueName":"search_term_string"}}],"inLanguage":"es"},{"@type":"Organization","@id":"https:\/\/diarioprincipios.com\/#organization","name":"Principios","url":"https:\/\/diarioprincipios.com\/","logo":{"@type":"ImageObject","inLanguage":"es","@id":"https:\/\/diarioprincipios.com\/#\/schema\/logo\/image\/","url":"https:\/\/diarioprincipios.com\/wp-content\/uploads\/2024\/04\/cropped-www.diarioprincipios.com_-1.png","contentUrl":"https:\/\/diarioprincipios.com\/wp-content\/uploads\/2024\/04\/cropped-www.diarioprincipios.com_-1.png","width":5325,"height":1454,"caption":"Principios"},"image":{"@id":"https:\/\/diarioprincipios.com\/#\/schema\/logo\/image\/"}},{"@type":"Person","@id":"https:\/\/diarioprincipios.com\/#\/schema\/person\/436d5a1fd41a5e250e23ff5a6a7cb080","name":"Hern\u00e1n L\u00f3pez","image":{"@type":"ImageObject","inLanguage":"es","@id":"https:\/\/diarioprincipios.com\/wp-content\/litespeed\/avatar\/11ddfe5610ff3bd100522525b2571f48.jpg?ver=1777653193","url":"https:\/\/diarioprincipios.com\/wp-content\/litespeed\/avatar\/11ddfe5610ff3bd100522525b2571f48.jpg?ver=1777653193","contentUrl":"https:\/\/diarioprincipios.com\/wp-content\/litespeed\/avatar\/11ddfe5610ff3bd100522525b2571f48.jpg?ver=1777653193","caption":"Hern\u00e1n L\u00f3pez"},"url":"https:\/\/diarioprincipios.com\/index.php\/author\/hernan\/"}]}},"jetpack_featured_media_url":"https:\/\/diarioprincipios.com\/wp-content\/uploads\/2021\/03\/MAS-PUNTOS-DE-VACUNACION-COVID-19-EN-BERAZATEGUI-2.jpg","_links":{"self":[{"href":"https:\/\/diarioprincipios.com\/index.php\/wp-json\/wp\/v2\/posts\/9258","targetHints":{"allow":["GET"]}}],"collection":[{"href":"https:\/\/diarioprincipios.com\/index.php\/wp-json\/wp\/v2\/posts"}],"about":[{"href":"https:\/\/diarioprincipios.com\/index.php\/wp-json\/wp\/v2\/types\/post"}],"author":[{"embeddable":true,"href":"https:\/\/diarioprincipios.com\/index.php\/wp-json\/wp\/v2\/users\/2"}],"replies":[{"embeddable":true,"href":"https:\/\/diarioprincipios.com\/index.php\/wp-json\/wp\/v2\/comments?post=9258"}],"version-history":[{"count":1,"href":"https:\/\/diarioprincipios.com\/index.php\/wp-json\/wp\/v2\/posts\/9258\/revisions"}],"predecessor-version":[{"id":9262,"href":"https:\/\/diarioprincipios.com\/index.php\/wp-json\/wp\/v2\/posts\/9258\/revisions\/9262"}],"wp:featuredmedia":[{"embeddable":true,"href":"https:\/\/diarioprincipios.com\/index.php\/wp-json\/wp\/v2\/media\/9261"}],"wp:attachment":[{"href":"https:\/\/diarioprincipios.com\/index.php\/wp-json\/wp\/v2\/media?parent=9258"}],"wp:term":[{"taxonomy":"category","embeddable":true,"href":"https:\/\/diarioprincipios.com\/index.php\/wp-json\/wp\/v2\/categories?post=9258"},{"taxonomy":"post_tag","embeddable":true,"href":"https:\/\/diarioprincipios.com\/index.php\/wp-json\/wp\/v2\/tags?post=9258"}],"curies":[{"name":"wp","href":"https:\/\/api.w.org\/{rel}","templated":true}]}}