{"id":9255,"date":"2021-03-31T08:41:27","date_gmt":"2021-03-31T11:41:27","guid":{"rendered":"http:\/\/diarioprincipios.com\/?p=9255"},"modified":"2021-03-31T08:41:35","modified_gmt":"2021-03-31T11:41:35","slug":"alberto-fernandez-recorrio-la-empresa-raizen-en-dock-sud","status":"publish","type":"post","link":"https:\/\/diarioprincipios.com\/index.php\/2021\/03\/31\/alberto-fernandez-recorrio-la-empresa-raizen-en-dock-sud\/","title":{"rendered":"Alberto Fern\u00e1ndez recorri\u00f3 la empresa Ra\u00edzen en Dock Sud"},"content":{"rendered":"\n<p>Se trata de la refiner\u00eda que produce los combustibles Shell, en Dock Sud, y que puso en marcha un plan de inversi\u00f3n que adem\u00e1s generar\u00e1 fuentes de trabajo genuino.<\/p>\n\n\n\n<p>El presidente Alberto Fern\u00e1ndez visit\u00f3 la planta de la empresa Ra\u00edzen, donde fue recibido por el intendente de Avellaneda, Alejo Chornobroff\u00a0 y autoridades de dicha empresa, que produce y distribuye los combustibles de la marca Shell.<\/p>\n\n\n\n<p>De la visita tambi\u00e9n participaron el ministro de Desarrollo Productivo, Mat\u00edas Kulfas,el secretario de Energ\u00eda de la Naci\u00f3n, Dar\u00edo Mart\u00ednez y el embajador argentino en Brasil, Daniel Scioli.<\/p>\n\n\n\n<p>La planta que qued\u00f3 inaugurada el lunes es una de las primeras que se realizan dentro del marco del plan de inversiones por 715 millones de d\u00f3lares para el per\u00edodo 2020\/23, que fue anunciado cuando el presidente Fern\u00e1ndez visit\u00f3 la empresa el 13 de octubre pasado.<\/p>\n\n\n\n<p>\u201cLa reconstrucci\u00f3n del pa\u00eds est\u00e1 en marcha. La inversi\u00f3n de m\u00e1s de 700 millones de d\u00f3lares que se present\u00f3 en aquel momento hoy empieza a verse con la inauguraci\u00f3n de esta planta de propelentes\u201d, expres\u00f3 el presidente Fern\u00e1ndez.<\/p>\n\n\n\n<p>El intendente&nbsp;Chornobroff agreg\u00f3: \u00abGracias al trabajo articulado entre Naci\u00f3n, Provincia y municipio, las empresas pueden invertir y de esta manera generar puestos genuinos de trabajo. Adem\u00e1s, seguimos apostando a fortalecer la industria y el crecimiento de nuestra ciudad y nuestro pa\u00eds\u00bb.&nbsp;<\/p>\n\n\n\n<p>El propelente es un gas formado por 80 % butano y 20 % propano, de uso cosm\u00e9tico. La producci\u00f3n inicial, de 14.000 toneladas por a\u00f1o, ser\u00e1 destinada al mercado local adem\u00e1s de la valiosa oportunidad de exportar una parte relevante al mercado de Brasil.<\/p>\n\n\n\n<p>Dentro del plan de inversiones a tres a\u00f1os la compa\u00f1\u00eda, los ejecutivos detallaron al Presidente que tambi\u00e9n hubo avances en proyectos por 71 millones de d\u00f3lares que incluyen, junto a las instalaciones inauguradas, la construcci\u00f3n de cuatro nuevas plantas de hidrotratamiento de naftas, de hidrotratamiento de gasoil, de producci\u00f3n de hidr\u00f3geno y de tratamiento de aguas.&nbsp;<\/p>\n\n\n\n<p>Cabe destacar, adem\u00e1s, que desde Ra\u00edzen informaron que entre el a\u00f1o 2020 y enero\/febrero de 2021, se inauguraron 40 estaciones de servicio Shell en distintos lugares del pa\u00eds, que generaron m\u00e1s de 400 nuevos empleos y una inversi\u00f3n de m\u00e1s de 40 millones d\u00f3lares.&nbsp;<\/p>\n\n\n\n<p>En la recorrida estuvieron presentes por la empresa, el titular del Consejo de Administraci\u00f3n de Cosan Limited S.A, Comgas y Raizen, Rubens Ometto Silveira Mello; y los Presidentes del Grupo Raizen, Ricardo Mussa, y de Raizen Argentina, Te\u00f3filo Lacroze.<\/p>\n","protected":false},"excerpt":{"rendered":"<p>Se trata de la refiner\u00eda que produce los combustibles Shell, en Dock Sud, y que puso en marcha un plan de inversi\u00f3n que adem\u00e1s generar\u00e1 fuentes de trabajo genuino. El presidente Alberto Fern\u00e1ndez visit\u00f3 la planta de la empresa Ra\u00edzen, donde fue recibido por el intendente de Avellaneda, Alejo Chornobroff\u00a0 y autoridades de dicha empresa,&#8230;<\/p>\n","protected":false},"author":2,"featured_media":9256,"comment_status":"open","ping_status":"open","sticky":false,"template":"","format":"standard","meta":{"footnotes":""},"categories":[5],"tags":[],"class_list":["post-9255","post","type-post","status-publish","format-standard","has-post-thumbnail","hentry","category-avellaneda"],"featured_image_src":"https:\/\/diarioprincipios.com\/wp-content\/uploads\/2021\/03\/167414477_1394783274215407_5689900077545586869_o-1024x630.jpg","blog_images":{"medium":"https:\/\/diarioprincipios.com\/wp-content\/uploads\/2021\/03\/167414477_1394783274215407_5689900077545586869_o-300x185.jpg","large":"https:\/\/diarioprincipios.com\/wp-content\/uploads\/2021\/03\/167414477_1394783274215407_5689900077545586869_o-1024x630.jpg"},"ams_acf":[],"yoast_head":"<!-- This site is optimized with the Yoast SEO plugin v27.3 - https:\/\/yoast.com\/product\/yoast-seo-wordpress\/ -->\n<title>Alberto Fern\u00e1ndez recorri\u00f3 la empresa Ra\u00edzen en Dock Sud - Principios<\/title>\n<meta name=\"robots\" content=\"index, follow, max-snippet:-1, max-image-preview:large, max-video-preview:-1\" \/>\n<link rel=\"canonical\" href=\"https:\/\/diarioprincipios.com\/index.php\/2021\/03\/31\/alberto-fernandez-recorrio-la-empresa-raizen-en-dock-sud\/\" \/>\n<meta property=\"og:locale\" content=\"es_ES\" \/>\n<meta property=\"og:type\" content=\"article\" \/>\n<meta property=\"og:title\" content=\"Alberto Fern\u00e1ndez recorri\u00f3 la empresa Ra\u00edzen en Dock Sud - Principios\" \/>\n<meta property=\"og:description\" content=\"Se trata de la refiner\u00eda que produce los combustibles Shell, en Dock Sud, y que puso en marcha un plan de inversi\u00f3n que adem\u00e1s generar\u00e1 fuentes de trabajo genuino. El presidente Alberto Fern\u00e1ndez visit\u00f3 la planta de la empresa Ra\u00edzen, donde fue recibido por el intendente de Avellaneda, Alejo Chornobroff\u00a0 y autoridades de dicha empresa,...\" \/>\n<meta property=\"og:url\" content=\"https:\/\/diarioprincipios.com\/index.php\/2021\/03\/31\/alberto-fernandez-recorrio-la-empresa-raizen-en-dock-sud\/\" \/>\n<meta property=\"og:site_name\" content=\"Principios\" \/>\n<meta property=\"article:published_time\" content=\"2021-03-31T11:41:27+00:00\" \/>\n<meta property=\"article:modified_time\" content=\"2021-03-31T11:41:35+00:00\" \/>\n<meta property=\"og:image\" content=\"https:\/\/diarioprincipios.com\/wp-content\/uploads\/2021\/03\/167414477_1394783274215407_5689900077545586869_o.jpg\" \/>\n\t<meta property=\"og:image:width\" content=\"1280\" \/>\n\t<meta property=\"og:image:height\" content=\"788\" \/>\n\t<meta property=\"og:image:type\" content=\"image\/jpeg\" \/>\n<meta name=\"author\" content=\"Hern\u00e1n L\u00f3pez\" \/>\n<meta name=\"twitter:card\" content=\"summary_large_image\" \/>\n<meta name=\"twitter:label1\" content=\"Escrito por\" \/>\n\t<meta name=\"twitter:data1\" content=\"Hern\u00e1n L\u00f3pez\" \/>\n\t<meta name=\"twitter:label2\" content=\"Tiempo de lectura\" \/>\n\t<meta name=\"twitter:data2\" content=\"2 minutos\" \/>\n<script type=\"application\/ld+json\" class=\"yoast-schema-graph\">{\"@context\":\"https:\\\/\\\/schema.org\",\"@graph\":[{\"@type\":\"Article\",\"@id\":\"https:\\\/\\\/diarioprincipios.com\\\/index.php\\\/2021\\\/03\\\/31\\\/alberto-fernandez-recorrio-la-empresa-raizen-en-dock-sud\\\/#article\",\"isPartOf\":{\"@id\":\"https:\\\/\\\/diarioprincipios.com\\\/index.php\\\/2021\\\/03\\\/31\\\/alberto-fernandez-recorrio-la-empresa-raizen-en-dock-sud\\\/\"},\"author\":{\"name\":\"Hern\u00e1n L\u00f3pez\",\"@id\":\"https:\\\/\\\/diarioprincipios.com\\\/#\\\/schema\\\/person\\\/436d5a1fd41a5e250e23ff5a6a7cb080\"},\"headline\":\"Alberto Fern\u00e1ndez recorri\u00f3 la empresa Ra\u00edzen en Dock Sud\",\"datePublished\":\"2021-03-31T11:41:27+00:00\",\"dateModified\":\"2021-03-31T11:41:35+00:00\",\"mainEntityOfPage\":{\"@id\":\"https:\\\/\\\/diarioprincipios.com\\\/index.php\\\/2021\\\/03\\\/31\\\/alberto-fernandez-recorrio-la-empresa-raizen-en-dock-sud\\\/\"},\"wordCount\":450,\"commentCount\":0,\"publisher\":{\"@id\":\"https:\\\/\\\/diarioprincipios.com\\\/#organization\"},\"image\":{\"@id\":\"https:\\\/\\\/diarioprincipios.com\\\/index.php\\\/2021\\\/03\\\/31\\\/alberto-fernandez-recorrio-la-empresa-raizen-en-dock-sud\\\/#primaryimage\"},\"thumbnailUrl\":\"https:\\\/\\\/diarioprincipios.com\\\/wp-content\\\/uploads\\\/2021\\\/03\\\/167414477_1394783274215407_5689900077545586869_o.jpg\",\"articleSection\":[\"Avellaneda\"],\"inLanguage\":\"es\",\"potentialAction\":[{\"@type\":\"CommentAction\",\"name\":\"Comment\",\"target\":[\"https:\\\/\\\/diarioprincipios.com\\\/index.php\\\/2021\\\/03\\\/31\\\/alberto-fernandez-recorrio-la-empresa-raizen-en-dock-sud\\\/#respond\"]}]},{\"@type\":\"WebPage\",\"@id\":\"https:\\\/\\\/diarioprincipios.com\\\/index.php\\\/2021\\\/03\\\/31\\\/alberto-fernandez-recorrio-la-empresa-raizen-en-dock-sud\\\/\",\"url\":\"https:\\\/\\\/diarioprincipios.com\\\/index.php\\\/2021\\\/03\\\/31\\\/alberto-fernandez-recorrio-la-empresa-raizen-en-dock-sud\\\/\",\"name\":\"Alberto Fern\u00e1ndez recorri\u00f3 la empresa Ra\u00edzen en Dock Sud - Principios\",\"isPartOf\":{\"@id\":\"https:\\\/\\\/diarioprincipios.com\\\/#website\"},\"primaryImageOfPage\":{\"@id\":\"https:\\\/\\\/diarioprincipios.com\\\/index.php\\\/2021\\\/03\\\/31\\\/alberto-fernandez-recorrio-la-empresa-raizen-en-dock-sud\\\/#primaryimage\"},\"image\":{\"@id\":\"https:\\\/\\\/diarioprincipios.com\\\/index.php\\\/2021\\\/03\\\/31\\\/alberto-fernandez-recorrio-la-empresa-raizen-en-dock-sud\\\/#primaryimage\"},\"thumbnailUrl\":\"https:\\\/\\\/diarioprincipios.com\\\/wp-content\\\/uploads\\\/2021\\\/03\\\/167414477_1394783274215407_5689900077545586869_o.jpg\",\"datePublished\":\"2021-03-31T11:41:27+00:00\",\"dateModified\":\"2021-03-31T11:41:35+00:00\",\"breadcrumb\":{\"@id\":\"https:\\\/\\\/diarioprincipios.com\\\/index.php\\\/2021\\\/03\\\/31\\\/alberto-fernandez-recorrio-la-empresa-raizen-en-dock-sud\\\/#breadcrumb\"},\"inLanguage\":\"es\",\"potentialAction\":[{\"@type\":\"ReadAction\",\"target\":[\"https:\\\/\\\/diarioprincipios.com\\\/index.php\\\/2021\\\/03\\\/31\\\/alberto-fernandez-recorrio-la-empresa-raizen-en-dock-sud\\\/\"]}]},{\"@type\":\"ImageObject\",\"inLanguage\":\"es\",\"@id\":\"https:\\\/\\\/diarioprincipios.com\\\/index.php\\\/2021\\\/03\\\/31\\\/alberto-fernandez-recorrio-la-empresa-raizen-en-dock-sud\\\/#primaryimage\",\"url\":\"https:\\\/\\\/diarioprincipios.com\\\/wp-content\\\/uploads\\\/2021\\\/03\\\/167414477_1394783274215407_5689900077545586869_o.jpg\",\"contentUrl\":\"https:\\\/\\\/diarioprincipios.com\\\/wp-content\\\/uploads\\\/2021\\\/03\\\/167414477_1394783274215407_5689900077545586869_o.jpg\",\"width\":1280,\"height\":788},{\"@type\":\"BreadcrumbList\",\"@id\":\"https:\\\/\\\/diarioprincipios.com\\\/index.php\\\/2021\\\/03\\\/31\\\/alberto-fernandez-recorrio-la-empresa-raizen-en-dock-sud\\\/#breadcrumb\",\"itemListElement\":[{\"@type\":\"ListItem\",\"position\":1,\"name\":\"Portada\",\"item\":\"https:\\\/\\\/diarioprincipios.com\\\/\"},{\"@type\":\"ListItem\",\"position\":2,\"name\":\"Alberto Fern\u00e1ndez recorri\u00f3 la empresa Ra\u00edzen en Dock Sud\"}]},{\"@type\":\"WebSite\",\"@id\":\"https:\\\/\\\/diarioprincipios.com\\\/#website\",\"url\":\"https:\\\/\\\/diarioprincipios.com\\\/\",\"name\":\"Principios\",\"description\":\"Principios Diario\",\"publisher\":{\"@id\":\"https:\\\/\\\/diarioprincipios.com\\\/#organization\"},\"potentialAction\":[{\"@type\":\"SearchAction\",\"target\":{\"@type\":\"EntryPoint\",\"urlTemplate\":\"https:\\\/\\\/diarioprincipios.com\\\/?s={search_term_string}\"},\"query-input\":{\"@type\":\"PropertyValueSpecification\",\"valueRequired\":true,\"valueName\":\"search_term_string\"}}],\"inLanguage\":\"es\"},{\"@type\":\"Organization\",\"@id\":\"https:\\\/\\\/diarioprincipios.com\\\/#organization\",\"name\":\"Principios\",\"url\":\"https:\\\/\\\/diarioprincipios.com\\\/\",\"logo\":{\"@type\":\"ImageObject\",\"inLanguage\":\"es\",\"@id\":\"https:\\\/\\\/diarioprincipios.com\\\/#\\\/schema\\\/logo\\\/image\\\/\",\"url\":\"https:\\\/\\\/diarioprincipios.com\\\/wp-content\\\/uploads\\\/2024\\\/04\\\/cropped-www.diarioprincipios.com_-1.png\",\"contentUrl\":\"https:\\\/\\\/diarioprincipios.com\\\/wp-content\\\/uploads\\\/2024\\\/04\\\/cropped-www.diarioprincipios.com_-1.png\",\"width\":5325,\"height\":1454,\"caption\":\"Principios\"},\"image\":{\"@id\":\"https:\\\/\\\/diarioprincipios.com\\\/#\\\/schema\\\/logo\\\/image\\\/\"}},{\"@type\":\"Person\",\"@id\":\"https:\\\/\\\/diarioprincipios.com\\\/#\\\/schema\\\/person\\\/436d5a1fd41a5e250e23ff5a6a7cb080\",\"name\":\"Hern\u00e1n L\u00f3pez\",\"image\":{\"@type\":\"ImageObject\",\"inLanguage\":\"es\",\"@id\":\"https:\\\/\\\/diarioprincipios.com\\\/wp-content\\\/litespeed\\\/avatar\\\/11ddfe5610ff3bd100522525b2571f48.jpg?ver=1777653193\",\"url\":\"https:\\\/\\\/diarioprincipios.com\\\/wp-content\\\/litespeed\\\/avatar\\\/11ddfe5610ff3bd100522525b2571f48.jpg?ver=1777653193\",\"contentUrl\":\"https:\\\/\\\/diarioprincipios.com\\\/wp-content\\\/litespeed\\\/avatar\\\/11ddfe5610ff3bd100522525b2571f48.jpg?ver=1777653193\",\"caption\":\"Hern\u00e1n L\u00f3pez\"},\"url\":\"https:\\\/\\\/diarioprincipios.com\\\/index.php\\\/author\\\/hernan\\\/\"}]}<\/script>\n<!-- \/ Yoast SEO plugin. -->","yoast_head_json":{"title":"Alberto Fern\u00e1ndez recorri\u00f3 la empresa Ra\u00edzen en Dock Sud - Principios","robots":{"index":"index","follow":"follow","max-snippet":"max-snippet:-1","max-image-preview":"max-image-preview:large","max-video-preview":"max-video-preview:-1"},"canonical":"https:\/\/diarioprincipios.com\/index.php\/2021\/03\/31\/alberto-fernandez-recorrio-la-empresa-raizen-en-dock-sud\/","og_locale":"es_ES","og_type":"article","og_title":"Alberto Fern\u00e1ndez recorri\u00f3 la empresa Ra\u00edzen en Dock Sud - Principios","og_description":"Se trata de la refiner\u00eda que produce los combustibles Shell, en Dock Sud, y que puso en marcha un plan de inversi\u00f3n que adem\u00e1s generar\u00e1 fuentes de trabajo genuino. El presidente Alberto Fern\u00e1ndez visit\u00f3 la planta de la empresa Ra\u00edzen, donde fue recibido por el intendente de Avellaneda, Alejo Chornobroff\u00a0 y autoridades de dicha empresa,...","og_url":"https:\/\/diarioprincipios.com\/index.php\/2021\/03\/31\/alberto-fernandez-recorrio-la-empresa-raizen-en-dock-sud\/","og_site_name":"Principios","article_published_time":"2021-03-31T11:41:27+00:00","article_modified_time":"2021-03-31T11:41:35+00:00","og_image":[{"width":1280,"height":788,"url":"https:\/\/diarioprincipios.com\/wp-content\/uploads\/2021\/03\/167414477_1394783274215407_5689900077545586869_o.jpg","type":"image\/jpeg"}],"author":"Hern\u00e1n L\u00f3pez","twitter_card":"summary_large_image","twitter_misc":{"Escrito por":"Hern\u00e1n L\u00f3pez","Tiempo de lectura":"2 minutos"},"schema":{"@context":"https:\/\/schema.org","@graph":[{"@type":"Article","@id":"https:\/\/diarioprincipios.com\/index.php\/2021\/03\/31\/alberto-fernandez-recorrio-la-empresa-raizen-en-dock-sud\/#article","isPartOf":{"@id":"https:\/\/diarioprincipios.com\/index.php\/2021\/03\/31\/alberto-fernandez-recorrio-la-empresa-raizen-en-dock-sud\/"},"author":{"name":"Hern\u00e1n L\u00f3pez","@id":"https:\/\/diarioprincipios.com\/#\/schema\/person\/436d5a1fd41a5e250e23ff5a6a7cb080"},"headline":"Alberto Fern\u00e1ndez recorri\u00f3 la empresa Ra\u00edzen en Dock Sud","datePublished":"2021-03-31T11:41:27+00:00","dateModified":"2021-03-31T11:41:35+00:00","mainEntityOfPage":{"@id":"https:\/\/diarioprincipios.com\/index.php\/2021\/03\/31\/alberto-fernandez-recorrio-la-empresa-raizen-en-dock-sud\/"},"wordCount":450,"commentCount":0,"publisher":{"@id":"https:\/\/diarioprincipios.com\/#organization"},"image":{"@id":"https:\/\/diarioprincipios.com\/index.php\/2021\/03\/31\/alberto-fernandez-recorrio-la-empresa-raizen-en-dock-sud\/#primaryimage"},"thumbnailUrl":"https:\/\/diarioprincipios.com\/wp-content\/uploads\/2021\/03\/167414477_1394783274215407_5689900077545586869_o.jpg","articleSection":["Avellaneda"],"inLanguage":"es","potentialAction":[{"@type":"CommentAction","name":"Comment","target":["https:\/\/diarioprincipios.com\/index.php\/2021\/03\/31\/alberto-fernandez-recorrio-la-empresa-raizen-en-dock-sud\/#respond"]}]},{"@type":"WebPage","@id":"https:\/\/diarioprincipios.com\/index.php\/2021\/03\/31\/alberto-fernandez-recorrio-la-empresa-raizen-en-dock-sud\/","url":"https:\/\/diarioprincipios.com\/index.php\/2021\/03\/31\/alberto-fernandez-recorrio-la-empresa-raizen-en-dock-sud\/","name":"Alberto Fern\u00e1ndez recorri\u00f3 la empresa Ra\u00edzen en Dock Sud - Principios","isPartOf":{"@id":"https:\/\/diarioprincipios.com\/#website"},"primaryImageOfPage":{"@id":"https:\/\/diarioprincipios.com\/index.php\/2021\/03\/31\/alberto-fernandez-recorrio-la-empresa-raizen-en-dock-sud\/#primaryimage"},"image":{"@id":"https:\/\/diarioprincipios.com\/index.php\/2021\/03\/31\/alberto-fernandez-recorrio-la-empresa-raizen-en-dock-sud\/#primaryimage"},"thumbnailUrl":"https:\/\/diarioprincipios.com\/wp-content\/uploads\/2021\/03\/167414477_1394783274215407_5689900077545586869_o.jpg","datePublished":"2021-03-31T11:41:27+00:00","dateModified":"2021-03-31T11:41:35+00:00","breadcrumb":{"@id":"https:\/\/diarioprincipios.com\/index.php\/2021\/03\/31\/alberto-fernandez-recorrio-la-empresa-raizen-en-dock-sud\/#breadcrumb"},"inLanguage":"es","potentialAction":[{"@type":"ReadAction","target":["https:\/\/diarioprincipios.com\/index.php\/2021\/03\/31\/alberto-fernandez-recorrio-la-empresa-raizen-en-dock-sud\/"]}]},{"@type":"ImageObject","inLanguage":"es","@id":"https:\/\/diarioprincipios.com\/index.php\/2021\/03\/31\/alberto-fernandez-recorrio-la-empresa-raizen-en-dock-sud\/#primaryimage","url":"https:\/\/diarioprincipios.com\/wp-content\/uploads\/2021\/03\/167414477_1394783274215407_5689900077545586869_o.jpg","contentUrl":"https:\/\/diarioprincipios.com\/wp-content\/uploads\/2021\/03\/167414477_1394783274215407_5689900077545586869_o.jpg","width":1280,"height":788},{"@type":"BreadcrumbList","@id":"https:\/\/diarioprincipios.com\/index.php\/2021\/03\/31\/alberto-fernandez-recorrio-la-empresa-raizen-en-dock-sud\/#breadcrumb","itemListElement":[{"@type":"ListItem","position":1,"name":"Portada","item":"https:\/\/diarioprincipios.com\/"},{"@type":"ListItem","position":2,"name":"Alberto Fern\u00e1ndez recorri\u00f3 la empresa Ra\u00edzen en Dock Sud"}]},{"@type":"WebSite","@id":"https:\/\/diarioprincipios.com\/#website","url":"https:\/\/diarioprincipios.com\/","name":"Principios","description":"Principios Diario","publisher":{"@id":"https:\/\/diarioprincipios.com\/#organization"},"potentialAction":[{"@type":"SearchAction","target":{"@type":"EntryPoint","urlTemplate":"https:\/\/diarioprincipios.com\/?s={search_term_string}"},"query-input":{"@type":"PropertyValueSpecification","valueRequired":true,"valueName":"search_term_string"}}],"inLanguage":"es"},{"@type":"Organization","@id":"https:\/\/diarioprincipios.com\/#organization","name":"Principios","url":"https:\/\/diarioprincipios.com\/","logo":{"@type":"ImageObject","inLanguage":"es","@id":"https:\/\/diarioprincipios.com\/#\/schema\/logo\/image\/","url":"https:\/\/diarioprincipios.com\/wp-content\/uploads\/2024\/04\/cropped-www.diarioprincipios.com_-1.png","contentUrl":"https:\/\/diarioprincipios.com\/wp-content\/uploads\/2024\/04\/cropped-www.diarioprincipios.com_-1.png","width":5325,"height":1454,"caption":"Principios"},"image":{"@id":"https:\/\/diarioprincipios.com\/#\/schema\/logo\/image\/"}},{"@type":"Person","@id":"https:\/\/diarioprincipios.com\/#\/schema\/person\/436d5a1fd41a5e250e23ff5a6a7cb080","name":"Hern\u00e1n L\u00f3pez","image":{"@type":"ImageObject","inLanguage":"es","@id":"https:\/\/diarioprincipios.com\/wp-content\/litespeed\/avatar\/11ddfe5610ff3bd100522525b2571f48.jpg?ver=1777653193","url":"https:\/\/diarioprincipios.com\/wp-content\/litespeed\/avatar\/11ddfe5610ff3bd100522525b2571f48.jpg?ver=1777653193","contentUrl":"https:\/\/diarioprincipios.com\/wp-content\/litespeed\/avatar\/11ddfe5610ff3bd100522525b2571f48.jpg?ver=1777653193","caption":"Hern\u00e1n L\u00f3pez"},"url":"https:\/\/diarioprincipios.com\/index.php\/author\/hernan\/"}]}},"jetpack_featured_media_url":"https:\/\/diarioprincipios.com\/wp-content\/uploads\/2021\/03\/167414477_1394783274215407_5689900077545586869_o.jpg","_links":{"self":[{"href":"https:\/\/diarioprincipios.com\/index.php\/wp-json\/wp\/v2\/posts\/9255","targetHints":{"allow":["GET"]}}],"collection":[{"href":"https:\/\/diarioprincipios.com\/index.php\/wp-json\/wp\/v2\/posts"}],"about":[{"href":"https:\/\/diarioprincipios.com\/index.php\/wp-json\/wp\/v2\/types\/post"}],"author":[{"embeddable":true,"href":"https:\/\/diarioprincipios.com\/index.php\/wp-json\/wp\/v2\/users\/2"}],"replies":[{"embeddable":true,"href":"https:\/\/diarioprincipios.com\/index.php\/wp-json\/wp\/v2\/comments?post=9255"}],"version-history":[{"count":1,"href":"https:\/\/diarioprincipios.com\/index.php\/wp-json\/wp\/v2\/posts\/9255\/revisions"}],"predecessor-version":[{"id":9257,"href":"https:\/\/diarioprincipios.com\/index.php\/wp-json\/wp\/v2\/posts\/9255\/revisions\/9257"}],"wp:featuredmedia":[{"embeddable":true,"href":"https:\/\/diarioprincipios.com\/index.php\/wp-json\/wp\/v2\/media\/9256"}],"wp:attachment":[{"href":"https:\/\/diarioprincipios.com\/index.php\/wp-json\/wp\/v2\/media?parent=9255"}],"wp:term":[{"taxonomy":"category","embeddable":true,"href":"https:\/\/diarioprincipios.com\/index.php\/wp-json\/wp\/v2\/categories?post=9255"},{"taxonomy":"post_tag","embeddable":true,"href":"https:\/\/diarioprincipios.com\/index.php\/wp-json\/wp\/v2\/tags?post=9255"}],"curies":[{"name":"wp","href":"https:\/\/api.w.org\/{rel}","templated":true}]}}