{"id":9201,"date":"2021-03-28T13:54:14","date_gmt":"2021-03-28T16:54:14","guid":{"rendered":"http:\/\/diarioprincipios.com\/?p=9201"},"modified":"2021-03-28T13:55:39","modified_gmt":"2021-03-28T16:55:39","slug":"hasta-el-30-de-abril-esta-abierta-la-inscripcion-a-las-becas-progresar","status":"publish","type":"post","link":"https:\/\/diarioprincipios.com\/index.php\/2021\/03\/28\/hasta-el-30-de-abril-esta-abierta-la-inscripcion-a-las-becas-progresar\/","title":{"rendered":"Hasta el 30 de Abril est\u00e1 abierta la inscripci\u00f3n a las Becas Progresar"},"content":{"rendered":"\n<p><strong>La Municipalidad de Berazategui, a trav\u00e9s de la Secretar\u00eda de Cultura y Educaci\u00f3n, informa que hasta el viernes 30 de abril estar\u00e1 abierta la inscripci\u00f3n a las becas del Programa de Respaldo a Estudiantes Argentinos \u00abProgresar\u00bb, que busca garantizar la igualdad de oportunidades en el \u00e1mbito educativo para que los alumnos puedan darle continuidad a sus estudios.<\/strong><\/p>\n\n\n\n<p>De esta manera, para inscribirse al Programa nacional hay que ingresar a la web&nbsp;<a rel=\"noreferrer noopener\" target=\"_blank\" href=\"http:\/\/argentina.gob.ar\/educacion\/progresar\">argentina.gob.ar\/educacion\/progresar<\/a>&nbsp;o descargar la aplicaci\u00f3n para Android \u201cProgresar+\u201d, a la que se accede desde Play Store.<\/p>\n\n\n\n<p>El coordinador de las Becas Progresar en Berazategui, Cristian Ulagnero, se\u00f1al\u00f3: \u201cEn este reimpulso que toma el programa Progresar se pautan cuatro l\u00edneas de becas: una orientada al nivel superior, tanto al terciario como universitario; otra l\u00ednea enfocada en quienes ingresan en formaci\u00f3n profesional; Progresar enfermer\u00eda, que busca fomentar el ingreso para quienes desean cursar la carrera de enfermer\u00eda; y el nivel obligatorio, orientado para quienes han iniciado el proceso de finalizaci\u00f3n de la educaci\u00f3n obligatoria, tanto de nivel primario como secundario, a trav\u00e9s del plan FINES\u201d.<\/p>\n\n\n\n<p>Asimismo, destac\u00f3: \u201cLa beca es una ayuda econ\u00f3mica y un acompa\u00f1amiento socioeducativo durante los 12 meses del a\u00f1o para quienes califican y la obtienen. Cobrar\u00e1n distintos montos que van desde los 3600 a los 8600 pesos. Dependiendo de la instancia de la carrera o si es una carrera estrat\u00e9gica, son montos diferenciales\u201d.<\/p>\n\n\n\n<p>Por \u00faltimo, Ulagnero recalc\u00f3: \u201cQue en este dif\u00edcil contexto se salga a apoyar a quienes han decidido finalizar o iniciar estudios, es fundamental porque hay muchos que hoy tienen el deseo de hacerlo pero no pueden sostenerlo materialmente. Progresar apunta a eso, a brindarles las herramientas materiales para hacer esa trayectoria educativa y que no quede inconclusa\u201d.<\/p>\n\n\n\n<p>Para conocer en detalle los requisitos y obtener m\u00e1s informaci\u00f3n, ingresar a&nbsp;<a rel=\"noreferrer noopener\" target=\"_blank\" href=\"http:\/\/argentina.gob.ar\/educacion\/progresar\">argentina.gob.ar\/educacion\/progresar<\/a>.<\/p>\n\n\n\n<p><strong>Progresar<br><\/strong><br>El Programa de Respaldo a Estudiantes Argentinos \u00abProgresar\u00bb, dependiente del Ministerio de Educaci\u00f3n, fue creado en 2014 y busca fortalecer el ingreso, la permanencia y el egreso de los estudiantes, promover la finalizaci\u00f3n de la educaci\u00f3n obligatoria y fomentar la educaci\u00f3n superior y los cursos de formaci\u00f3n profesional. Para eso, se otorga una ayuda econ\u00f3mica, que guarda relaci\u00f3n con la instancia educativa en que se encuentren y acompa\u00f1amiento sociopedag\u00f3gico para quienes cumplan determinados requisitos seg\u00fan el nivel.<\/p>\n\n\n\n<figure class=\"wp-block-image\"><img decoding=\"async\" src=\"https:\/\/ecp.yusercontent.com\/mail?url=https%3A%2F%2Fdocs.google.com%2Fuc%3Fexport%3Ddownload%26id%3D1O9ySDGVjFwLiWj3yWiMdjtCw6pHI7T-F%26revid%3D0B9CZhG6aa0VidWpSQjZNZGVndGpYeWM5ZWtiUFNuM1JQV3U4PQ&amp;t=1616801102&amp;ymreqid=5799fcab-b43d-2794-22d8-e70001018f00&amp;sig=shwVFpCKB1imXAOs8ibJxw--~D\" alt=\"\"\/><\/figure>\n","protected":false},"excerpt":{"rendered":"<p>La Municipalidad de Berazategui, a trav\u00e9s de la Secretar\u00eda de Cultura y Educaci\u00f3n, informa que hasta el viernes 30 de abril estar\u00e1 abierta la inscripci\u00f3n a las becas del Programa de Respaldo a Estudiantes Argentinos \u00abProgresar\u00bb, que busca garantizar la igualdad de oportunidades en el \u00e1mbito educativo para que los alumnos puedan darle continuidad a&#8230;<\/p>\n","protected":false},"author":2,"featured_media":9204,"comment_status":"open","ping_status":"open","sticky":false,"template":"","format":"standard","meta":{"footnotes":""},"categories":[3],"tags":[],"class_list":["post-9201","post","type-post","status-publish","format-standard","has-post-thumbnail","hentry","category-berazategui"],"featured_image_src":"https:\/\/diarioprincipios.com\/wp-content\/uploads\/2021\/03\/20210328_135442.jpg","blog_images":{"medium":"https:\/\/diarioprincipios.com\/wp-content\/uploads\/2021\/03\/20210328_135442-300x174.jpg","large":"https:\/\/diarioprincipios.com\/wp-content\/uploads\/2021\/03\/20210328_135442.jpg"},"ams_acf":[],"yoast_head":"<!-- This site is optimized with the Yoast SEO plugin v27.3 - https:\/\/yoast.com\/product\/yoast-seo-wordpress\/ -->\n<title>Hasta el 30 de Abril est\u00e1 abierta la inscripci\u00f3n a las Becas Progresar - Principios<\/title>\n<meta name=\"robots\" content=\"index, follow, max-snippet:-1, max-image-preview:large, max-video-preview:-1\" \/>\n<link rel=\"canonical\" href=\"https:\/\/diarioprincipios.com\/index.php\/2021\/03\/28\/hasta-el-30-de-abril-esta-abierta-la-inscripcion-a-las-becas-progresar\/\" \/>\n<meta property=\"og:locale\" content=\"es_ES\" \/>\n<meta property=\"og:type\" content=\"article\" \/>\n<meta property=\"og:title\" content=\"Hasta el 30 de Abril est\u00e1 abierta la inscripci\u00f3n a las Becas Progresar - Principios\" \/>\n<meta property=\"og:description\" content=\"La Municipalidad de Berazategui, a trav\u00e9s de la Secretar\u00eda de Cultura y Educaci\u00f3n, informa que hasta el viernes 30 de abril estar\u00e1 abierta la inscripci\u00f3n a las becas del Programa de Respaldo a Estudiantes Argentinos \u00abProgresar\u00bb, que busca garantizar la igualdad de oportunidades en el \u00e1mbito educativo para que los alumnos puedan darle continuidad a...\" \/>\n<meta property=\"og:url\" content=\"https:\/\/diarioprincipios.com\/index.php\/2021\/03\/28\/hasta-el-30-de-abril-esta-abierta-la-inscripcion-a-las-becas-progresar\/\" \/>\n<meta property=\"og:site_name\" content=\"Principios\" \/>\n<meta property=\"article:published_time\" content=\"2021-03-28T16:54:14+00:00\" \/>\n<meta property=\"article:modified_time\" content=\"2021-03-28T16:55:39+00:00\" \/>\n<meta property=\"og:image\" content=\"https:\/\/diarioprincipios.com\/wp-content\/uploads\/2021\/03\/20210328_135442.jpg\" \/>\n\t<meta property=\"og:image:width\" content=\"692\" \/>\n\t<meta property=\"og:image:height\" content=\"402\" \/>\n\t<meta property=\"og:image:type\" content=\"image\/jpeg\" \/>\n<meta name=\"author\" content=\"Hern\u00e1n L\u00f3pez\" \/>\n<meta name=\"twitter:card\" content=\"summary_large_image\" \/>\n<meta name=\"twitter:label1\" content=\"Escrito por\" \/>\n\t<meta name=\"twitter:data1\" content=\"Hern\u00e1n L\u00f3pez\" \/>\n\t<meta name=\"twitter:label2\" content=\"Tiempo de lectura\" \/>\n\t<meta name=\"twitter:data2\" content=\"2 minutos\" \/>\n<script type=\"application\/ld+json\" class=\"yoast-schema-graph\">{\"@context\":\"https:\\\/\\\/schema.org\",\"@graph\":[{\"@type\":\"Article\",\"@id\":\"https:\\\/\\\/diarioprincipios.com\\\/index.php\\\/2021\\\/03\\\/28\\\/hasta-el-30-de-abril-esta-abierta-la-inscripcion-a-las-becas-progresar\\\/#article\",\"isPartOf\":{\"@id\":\"https:\\\/\\\/diarioprincipios.com\\\/index.php\\\/2021\\\/03\\\/28\\\/hasta-el-30-de-abril-esta-abierta-la-inscripcion-a-las-becas-progresar\\\/\"},\"author\":{\"name\":\"Hern\u00e1n L\u00f3pez\",\"@id\":\"https:\\\/\\\/diarioprincipios.com\\\/#\\\/schema\\\/person\\\/436d5a1fd41a5e250e23ff5a6a7cb080\"},\"headline\":\"Hasta el 30 de Abril est\u00e1 abierta la inscripci\u00f3n a las Becas Progresar\",\"datePublished\":\"2021-03-28T16:54:14+00:00\",\"dateModified\":\"2021-03-28T16:55:39+00:00\",\"mainEntityOfPage\":{\"@id\":\"https:\\\/\\\/diarioprincipios.com\\\/index.php\\\/2021\\\/03\\\/28\\\/hasta-el-30-de-abril-esta-abierta-la-inscripcion-a-las-becas-progresar\\\/\"},\"wordCount\":425,\"commentCount\":0,\"publisher\":{\"@id\":\"https:\\\/\\\/diarioprincipios.com\\\/#organization\"},\"image\":{\"@id\":\"https:\\\/\\\/diarioprincipios.com\\\/index.php\\\/2021\\\/03\\\/28\\\/hasta-el-30-de-abril-esta-abierta-la-inscripcion-a-las-becas-progresar\\\/#primaryimage\"},\"thumbnailUrl\":\"https:\\\/\\\/diarioprincipios.com\\\/wp-content\\\/uploads\\\/2021\\\/03\\\/20210328_135442.jpg\",\"articleSection\":[\"Berazategui\"],\"inLanguage\":\"es\",\"potentialAction\":[{\"@type\":\"CommentAction\",\"name\":\"Comment\",\"target\":[\"https:\\\/\\\/diarioprincipios.com\\\/index.php\\\/2021\\\/03\\\/28\\\/hasta-el-30-de-abril-esta-abierta-la-inscripcion-a-las-becas-progresar\\\/#respond\"]}]},{\"@type\":\"WebPage\",\"@id\":\"https:\\\/\\\/diarioprincipios.com\\\/index.php\\\/2021\\\/03\\\/28\\\/hasta-el-30-de-abril-esta-abierta-la-inscripcion-a-las-becas-progresar\\\/\",\"url\":\"https:\\\/\\\/diarioprincipios.com\\\/index.php\\\/2021\\\/03\\\/28\\\/hasta-el-30-de-abril-esta-abierta-la-inscripcion-a-las-becas-progresar\\\/\",\"name\":\"Hasta el 30 de Abril est\u00e1 abierta la inscripci\u00f3n a las Becas Progresar - Principios\",\"isPartOf\":{\"@id\":\"https:\\\/\\\/diarioprincipios.com\\\/#website\"},\"primaryImageOfPage\":{\"@id\":\"https:\\\/\\\/diarioprincipios.com\\\/index.php\\\/2021\\\/03\\\/28\\\/hasta-el-30-de-abril-esta-abierta-la-inscripcion-a-las-becas-progresar\\\/#primaryimage\"},\"image\":{\"@id\":\"https:\\\/\\\/diarioprincipios.com\\\/index.php\\\/2021\\\/03\\\/28\\\/hasta-el-30-de-abril-esta-abierta-la-inscripcion-a-las-becas-progresar\\\/#primaryimage\"},\"thumbnailUrl\":\"https:\\\/\\\/diarioprincipios.com\\\/wp-content\\\/uploads\\\/2021\\\/03\\\/20210328_135442.jpg\",\"datePublished\":\"2021-03-28T16:54:14+00:00\",\"dateModified\":\"2021-03-28T16:55:39+00:00\",\"breadcrumb\":{\"@id\":\"https:\\\/\\\/diarioprincipios.com\\\/index.php\\\/2021\\\/03\\\/28\\\/hasta-el-30-de-abril-esta-abierta-la-inscripcion-a-las-becas-progresar\\\/#breadcrumb\"},\"inLanguage\":\"es\",\"potentialAction\":[{\"@type\":\"ReadAction\",\"target\":[\"https:\\\/\\\/diarioprincipios.com\\\/index.php\\\/2021\\\/03\\\/28\\\/hasta-el-30-de-abril-esta-abierta-la-inscripcion-a-las-becas-progresar\\\/\"]}]},{\"@type\":\"ImageObject\",\"inLanguage\":\"es\",\"@id\":\"https:\\\/\\\/diarioprincipios.com\\\/index.php\\\/2021\\\/03\\\/28\\\/hasta-el-30-de-abril-esta-abierta-la-inscripcion-a-las-becas-progresar\\\/#primaryimage\",\"url\":\"https:\\\/\\\/diarioprincipios.com\\\/wp-content\\\/uploads\\\/2021\\\/03\\\/20210328_135442.jpg\",\"contentUrl\":\"https:\\\/\\\/diarioprincipios.com\\\/wp-content\\\/uploads\\\/2021\\\/03\\\/20210328_135442.jpg\",\"width\":692,\"height\":402},{\"@type\":\"BreadcrumbList\",\"@id\":\"https:\\\/\\\/diarioprincipios.com\\\/index.php\\\/2021\\\/03\\\/28\\\/hasta-el-30-de-abril-esta-abierta-la-inscripcion-a-las-becas-progresar\\\/#breadcrumb\",\"itemListElement\":[{\"@type\":\"ListItem\",\"position\":1,\"name\":\"Portada\",\"item\":\"https:\\\/\\\/diarioprincipios.com\\\/\"},{\"@type\":\"ListItem\",\"position\":2,\"name\":\"Hasta el 30 de Abril est\u00e1 abierta la inscripci\u00f3n a las Becas Progresar\"}]},{\"@type\":\"WebSite\",\"@id\":\"https:\\\/\\\/diarioprincipios.com\\\/#website\",\"url\":\"https:\\\/\\\/diarioprincipios.com\\\/\",\"name\":\"Principios\",\"description\":\"Principios Diario\",\"publisher\":{\"@id\":\"https:\\\/\\\/diarioprincipios.com\\\/#organization\"},\"potentialAction\":[{\"@type\":\"SearchAction\",\"target\":{\"@type\":\"EntryPoint\",\"urlTemplate\":\"https:\\\/\\\/diarioprincipios.com\\\/?s={search_term_string}\"},\"query-input\":{\"@type\":\"PropertyValueSpecification\",\"valueRequired\":true,\"valueName\":\"search_term_string\"}}],\"inLanguage\":\"es\"},{\"@type\":\"Organization\",\"@id\":\"https:\\\/\\\/diarioprincipios.com\\\/#organization\",\"name\":\"Principios\",\"url\":\"https:\\\/\\\/diarioprincipios.com\\\/\",\"logo\":{\"@type\":\"ImageObject\",\"inLanguage\":\"es\",\"@id\":\"https:\\\/\\\/diarioprincipios.com\\\/#\\\/schema\\\/logo\\\/image\\\/\",\"url\":\"https:\\\/\\\/diarioprincipios.com\\\/wp-content\\\/uploads\\\/2024\\\/04\\\/cropped-www.diarioprincipios.com_-1.png\",\"contentUrl\":\"https:\\\/\\\/diarioprincipios.com\\\/wp-content\\\/uploads\\\/2024\\\/04\\\/cropped-www.diarioprincipios.com_-1.png\",\"width\":5325,\"height\":1454,\"caption\":\"Principios\"},\"image\":{\"@id\":\"https:\\\/\\\/diarioprincipios.com\\\/#\\\/schema\\\/logo\\\/image\\\/\"}},{\"@type\":\"Person\",\"@id\":\"https:\\\/\\\/diarioprincipios.com\\\/#\\\/schema\\\/person\\\/436d5a1fd41a5e250e23ff5a6a7cb080\",\"name\":\"Hern\u00e1n L\u00f3pez\",\"image\":{\"@type\":\"ImageObject\",\"inLanguage\":\"es\",\"@id\":\"https:\\\/\\\/diarioprincipios.com\\\/wp-content\\\/litespeed\\\/avatar\\\/11ddfe5610ff3bd100522525b2571f48.jpg?ver=1777048341\",\"url\":\"https:\\\/\\\/diarioprincipios.com\\\/wp-content\\\/litespeed\\\/avatar\\\/11ddfe5610ff3bd100522525b2571f48.jpg?ver=1777048341\",\"contentUrl\":\"https:\\\/\\\/diarioprincipios.com\\\/wp-content\\\/litespeed\\\/avatar\\\/11ddfe5610ff3bd100522525b2571f48.jpg?ver=1777048341\",\"caption\":\"Hern\u00e1n L\u00f3pez\"},\"url\":\"https:\\\/\\\/diarioprincipios.com\\\/index.php\\\/author\\\/hernan\\\/\"}]}<\/script>\n<!-- \/ Yoast SEO plugin. -->","yoast_head_json":{"title":"Hasta el 30 de Abril est\u00e1 abierta la inscripci\u00f3n a las Becas Progresar - Principios","robots":{"index":"index","follow":"follow","max-snippet":"max-snippet:-1","max-image-preview":"max-image-preview:large","max-video-preview":"max-video-preview:-1"},"canonical":"https:\/\/diarioprincipios.com\/index.php\/2021\/03\/28\/hasta-el-30-de-abril-esta-abierta-la-inscripcion-a-las-becas-progresar\/","og_locale":"es_ES","og_type":"article","og_title":"Hasta el 30 de Abril est\u00e1 abierta la inscripci\u00f3n a las Becas Progresar - Principios","og_description":"La Municipalidad de Berazategui, a trav\u00e9s de la Secretar\u00eda de Cultura y Educaci\u00f3n, informa que hasta el viernes 30 de abril estar\u00e1 abierta la inscripci\u00f3n a las becas del Programa de Respaldo a Estudiantes Argentinos \u00abProgresar\u00bb, que busca garantizar la igualdad de oportunidades en el \u00e1mbito educativo para que los alumnos puedan darle continuidad a...","og_url":"https:\/\/diarioprincipios.com\/index.php\/2021\/03\/28\/hasta-el-30-de-abril-esta-abierta-la-inscripcion-a-las-becas-progresar\/","og_site_name":"Principios","article_published_time":"2021-03-28T16:54:14+00:00","article_modified_time":"2021-03-28T16:55:39+00:00","og_image":[{"width":692,"height":402,"url":"https:\/\/diarioprincipios.com\/wp-content\/uploads\/2021\/03\/20210328_135442.jpg","type":"image\/jpeg"}],"author":"Hern\u00e1n L\u00f3pez","twitter_card":"summary_large_image","twitter_misc":{"Escrito por":"Hern\u00e1n L\u00f3pez","Tiempo de lectura":"2 minutos"},"schema":{"@context":"https:\/\/schema.org","@graph":[{"@type":"Article","@id":"https:\/\/diarioprincipios.com\/index.php\/2021\/03\/28\/hasta-el-30-de-abril-esta-abierta-la-inscripcion-a-las-becas-progresar\/#article","isPartOf":{"@id":"https:\/\/diarioprincipios.com\/index.php\/2021\/03\/28\/hasta-el-30-de-abril-esta-abierta-la-inscripcion-a-las-becas-progresar\/"},"author":{"name":"Hern\u00e1n L\u00f3pez","@id":"https:\/\/diarioprincipios.com\/#\/schema\/person\/436d5a1fd41a5e250e23ff5a6a7cb080"},"headline":"Hasta el 30 de Abril est\u00e1 abierta la inscripci\u00f3n a las Becas Progresar","datePublished":"2021-03-28T16:54:14+00:00","dateModified":"2021-03-28T16:55:39+00:00","mainEntityOfPage":{"@id":"https:\/\/diarioprincipios.com\/index.php\/2021\/03\/28\/hasta-el-30-de-abril-esta-abierta-la-inscripcion-a-las-becas-progresar\/"},"wordCount":425,"commentCount":0,"publisher":{"@id":"https:\/\/diarioprincipios.com\/#organization"},"image":{"@id":"https:\/\/diarioprincipios.com\/index.php\/2021\/03\/28\/hasta-el-30-de-abril-esta-abierta-la-inscripcion-a-las-becas-progresar\/#primaryimage"},"thumbnailUrl":"https:\/\/diarioprincipios.com\/wp-content\/uploads\/2021\/03\/20210328_135442.jpg","articleSection":["Berazategui"],"inLanguage":"es","potentialAction":[{"@type":"CommentAction","name":"Comment","target":["https:\/\/diarioprincipios.com\/index.php\/2021\/03\/28\/hasta-el-30-de-abril-esta-abierta-la-inscripcion-a-las-becas-progresar\/#respond"]}]},{"@type":"WebPage","@id":"https:\/\/diarioprincipios.com\/index.php\/2021\/03\/28\/hasta-el-30-de-abril-esta-abierta-la-inscripcion-a-las-becas-progresar\/","url":"https:\/\/diarioprincipios.com\/index.php\/2021\/03\/28\/hasta-el-30-de-abril-esta-abierta-la-inscripcion-a-las-becas-progresar\/","name":"Hasta el 30 de Abril est\u00e1 abierta la inscripci\u00f3n a las Becas Progresar - Principios","isPartOf":{"@id":"https:\/\/diarioprincipios.com\/#website"},"primaryImageOfPage":{"@id":"https:\/\/diarioprincipios.com\/index.php\/2021\/03\/28\/hasta-el-30-de-abril-esta-abierta-la-inscripcion-a-las-becas-progresar\/#primaryimage"},"image":{"@id":"https:\/\/diarioprincipios.com\/index.php\/2021\/03\/28\/hasta-el-30-de-abril-esta-abierta-la-inscripcion-a-las-becas-progresar\/#primaryimage"},"thumbnailUrl":"https:\/\/diarioprincipios.com\/wp-content\/uploads\/2021\/03\/20210328_135442.jpg","datePublished":"2021-03-28T16:54:14+00:00","dateModified":"2021-03-28T16:55:39+00:00","breadcrumb":{"@id":"https:\/\/diarioprincipios.com\/index.php\/2021\/03\/28\/hasta-el-30-de-abril-esta-abierta-la-inscripcion-a-las-becas-progresar\/#breadcrumb"},"inLanguage":"es","potentialAction":[{"@type":"ReadAction","target":["https:\/\/diarioprincipios.com\/index.php\/2021\/03\/28\/hasta-el-30-de-abril-esta-abierta-la-inscripcion-a-las-becas-progresar\/"]}]},{"@type":"ImageObject","inLanguage":"es","@id":"https:\/\/diarioprincipios.com\/index.php\/2021\/03\/28\/hasta-el-30-de-abril-esta-abierta-la-inscripcion-a-las-becas-progresar\/#primaryimage","url":"https:\/\/diarioprincipios.com\/wp-content\/uploads\/2021\/03\/20210328_135442.jpg","contentUrl":"https:\/\/diarioprincipios.com\/wp-content\/uploads\/2021\/03\/20210328_135442.jpg","width":692,"height":402},{"@type":"BreadcrumbList","@id":"https:\/\/diarioprincipios.com\/index.php\/2021\/03\/28\/hasta-el-30-de-abril-esta-abierta-la-inscripcion-a-las-becas-progresar\/#breadcrumb","itemListElement":[{"@type":"ListItem","position":1,"name":"Portada","item":"https:\/\/diarioprincipios.com\/"},{"@type":"ListItem","position":2,"name":"Hasta el 30 de Abril est\u00e1 abierta la inscripci\u00f3n a las Becas Progresar"}]},{"@type":"WebSite","@id":"https:\/\/diarioprincipios.com\/#website","url":"https:\/\/diarioprincipios.com\/","name":"Principios","description":"Principios Diario","publisher":{"@id":"https:\/\/diarioprincipios.com\/#organization"},"potentialAction":[{"@type":"SearchAction","target":{"@type":"EntryPoint","urlTemplate":"https:\/\/diarioprincipios.com\/?s={search_term_string}"},"query-input":{"@type":"PropertyValueSpecification","valueRequired":true,"valueName":"search_term_string"}}],"inLanguage":"es"},{"@type":"Organization","@id":"https:\/\/diarioprincipios.com\/#organization","name":"Principios","url":"https:\/\/diarioprincipios.com\/","logo":{"@type":"ImageObject","inLanguage":"es","@id":"https:\/\/diarioprincipios.com\/#\/schema\/logo\/image\/","url":"https:\/\/diarioprincipios.com\/wp-content\/uploads\/2024\/04\/cropped-www.diarioprincipios.com_-1.png","contentUrl":"https:\/\/diarioprincipios.com\/wp-content\/uploads\/2024\/04\/cropped-www.diarioprincipios.com_-1.png","width":5325,"height":1454,"caption":"Principios"},"image":{"@id":"https:\/\/diarioprincipios.com\/#\/schema\/logo\/image\/"}},{"@type":"Person","@id":"https:\/\/diarioprincipios.com\/#\/schema\/person\/436d5a1fd41a5e250e23ff5a6a7cb080","name":"Hern\u00e1n L\u00f3pez","image":{"@type":"ImageObject","inLanguage":"es","@id":"https:\/\/diarioprincipios.com\/wp-content\/litespeed\/avatar\/11ddfe5610ff3bd100522525b2571f48.jpg?ver=1777048341","url":"https:\/\/diarioprincipios.com\/wp-content\/litespeed\/avatar\/11ddfe5610ff3bd100522525b2571f48.jpg?ver=1777048341","contentUrl":"https:\/\/diarioprincipios.com\/wp-content\/litespeed\/avatar\/11ddfe5610ff3bd100522525b2571f48.jpg?ver=1777048341","caption":"Hern\u00e1n L\u00f3pez"},"url":"https:\/\/diarioprincipios.com\/index.php\/author\/hernan\/"}]}},"jetpack_featured_media_url":"https:\/\/diarioprincipios.com\/wp-content\/uploads\/2021\/03\/20210328_135442.jpg","_links":{"self":[{"href":"https:\/\/diarioprincipios.com\/index.php\/wp-json\/wp\/v2\/posts\/9201","targetHints":{"allow":["GET"]}}],"collection":[{"href":"https:\/\/diarioprincipios.com\/index.php\/wp-json\/wp\/v2\/posts"}],"about":[{"href":"https:\/\/diarioprincipios.com\/index.php\/wp-json\/wp\/v2\/types\/post"}],"author":[{"embeddable":true,"href":"https:\/\/diarioprincipios.com\/index.php\/wp-json\/wp\/v2\/users\/2"}],"replies":[{"embeddable":true,"href":"https:\/\/diarioprincipios.com\/index.php\/wp-json\/wp\/v2\/comments?post=9201"}],"version-history":[{"count":1,"href":"https:\/\/diarioprincipios.com\/index.php\/wp-json\/wp\/v2\/posts\/9201\/revisions"}],"predecessor-version":[{"id":9203,"href":"https:\/\/diarioprincipios.com\/index.php\/wp-json\/wp\/v2\/posts\/9201\/revisions\/9203"}],"wp:featuredmedia":[{"embeddable":true,"href":"https:\/\/diarioprincipios.com\/index.php\/wp-json\/wp\/v2\/media\/9204"}],"wp:attachment":[{"href":"https:\/\/diarioprincipios.com\/index.php\/wp-json\/wp\/v2\/media?parent=9201"}],"wp:term":[{"taxonomy":"category","embeddable":true,"href":"https:\/\/diarioprincipios.com\/index.php\/wp-json\/wp\/v2\/categories?post=9201"},{"taxonomy":"post_tag","embeddable":true,"href":"https:\/\/diarioprincipios.com\/index.php\/wp-json\/wp\/v2\/tags?post=9201"}],"curies":[{"name":"wp","href":"https:\/\/api.w.org\/{rel}","templated":true}]}}