{"id":9086,"date":"2021-03-22T12:23:16","date_gmt":"2021-03-22T15:23:16","guid":{"rendered":"http:\/\/diarioprincipios.com\/?p=9086"},"modified":"2021-03-22T12:23:19","modified_gmt":"2021-03-22T15:23:19","slug":"en-un-ano-incrementan-mas-del-34-la-presencia-policial-en-hospitales-bonaerenses","status":"publish","type":"post","link":"https:\/\/diarioprincipios.com\/index.php\/2021\/03\/22\/en-un-ano-incrementan-mas-del-34-la-presencia-policial-en-hospitales-bonaerenses\/","title":{"rendered":"En un a\u00f1o incrementan m\u00e1s del 34% la presencia policial en hospitales bonaerenses"},"content":{"rendered":"\n<p>El Ministerio de Salud bonaerense inform\u00f3 hoy que en un a\u00f1o se reforz\u00f3 la seguridad en los hospitales p\u00fablicos y se increment\u00f3 en 34,11% la presencia policial en 87 centros de salud.<\/p>\n\n\n\n<p>En ese marco, la cartera sanitaria precis\u00f3 que un total de 405 polic\u00edas realizan tareas adicionales (Polad) en hospitales p\u00fablicos y Unidades de Pronta Atenci\u00f3n (UPA), con el objetivo de \u00aboptimizar las condiciones laborales del equipo de salud y garantizar la seguridad de los pacientes\u00bb.<\/p>\n\n\n\n<p>Adem\u00e1s, en el hospital \u00abAlejandro Korn\u00bb de Melchor Romero se dispusieron nuevas medidas de prevenci\u00f3n tras hechos de inseguridad que se registraron d\u00edas atr\u00e1s en ese centro de salud.<\/p>\n\n\n\n<p>En ese hospital fueron designados un total de 20 efectivos de la polic\u00eda bonaerense que recorren las instalaciones las 24 horas del d\u00eda y est\u00e1n distribuidos en diferentes puestos fijos.<\/p>\n\n\n\n<p>Seg\u00fan el comunicado difundido hoy, en 2019 ese hospital contaba con 2 polic\u00edas que realizaban tareas adicionales s\u00f3lo en la Guardia, y, a partir de 2020, se sumaron un total de 10 polic\u00edas.<\/p>\n\n\n\n<p>De esta manera, se increment\u00f3 \u00aben un 900 por ciento la presencia de agentes policiales\u00bb.<\/p>\n\n\n\n<p>Este personal se suma la presencia de efectivos de Infanter\u00eda del cuartel central de La Plata, que recorren en motos las calles externas del hospital de 18 a 23 horas.<\/p>\n","protected":false},"excerpt":{"rendered":"<p>El Ministerio de Salud bonaerense inform\u00f3 hoy que en un a\u00f1o se reforz\u00f3 la seguridad en los hospitales p\u00fablicos y se increment\u00f3 en 34,11% la presencia policial en 87 centros de salud. En ese marco, la cartera sanitaria precis\u00f3 que un total de 405 polic\u00edas realizan tareas adicionales (Polad) en hospitales p\u00fablicos y Unidades de&#8230;<\/p>\n","protected":false},"author":2,"featured_media":9087,"comment_status":"open","ping_status":"open","sticky":false,"template":"","format":"standard","meta":{"footnotes":""},"categories":[7],"tags":[],"class_list":["post-9086","post","type-post","status-publish","format-standard","has-post-thumbnail","hentry","category-provincia"],"featured_image_src":"https:\/\/diarioprincipios.com\/wp-content\/uploads\/2021\/03\/5efba5eb70a73_1004x565.jpg","blog_images":{"medium":"https:\/\/diarioprincipios.com\/wp-content\/uploads\/2021\/03\/5efba5eb70a73_1004x565-300x169.jpg","large":"https:\/\/diarioprincipios.com\/wp-content\/uploads\/2021\/03\/5efba5eb70a73_1004x565.jpg"},"ams_acf":[],"yoast_head":"<!-- This site is optimized with the Yoast SEO plugin v27.3 - https:\/\/yoast.com\/product\/yoast-seo-wordpress\/ -->\n<title>En un a\u00f1o incrementan m\u00e1s del 34% la presencia policial en hospitales bonaerenses - Principios<\/title>\n<meta name=\"robots\" content=\"index, follow, max-snippet:-1, max-image-preview:large, max-video-preview:-1\" \/>\n<link rel=\"canonical\" href=\"https:\/\/diarioprincipios.com\/index.php\/2021\/03\/22\/en-un-ano-incrementan-mas-del-34-la-presencia-policial-en-hospitales-bonaerenses\/\" \/>\n<meta property=\"og:locale\" content=\"es_ES\" \/>\n<meta property=\"og:type\" content=\"article\" \/>\n<meta property=\"og:title\" content=\"En un a\u00f1o incrementan m\u00e1s del 34% la presencia policial en hospitales bonaerenses - Principios\" \/>\n<meta property=\"og:description\" content=\"El Ministerio de Salud bonaerense inform\u00f3 hoy que en un a\u00f1o se reforz\u00f3 la seguridad en los hospitales p\u00fablicos y se increment\u00f3 en 34,11% la presencia policial en 87 centros de salud. En ese marco, la cartera sanitaria precis\u00f3 que un total de 405 polic\u00edas realizan tareas adicionales (Polad) en hospitales p\u00fablicos y Unidades de...\" \/>\n<meta property=\"og:url\" content=\"https:\/\/diarioprincipios.com\/index.php\/2021\/03\/22\/en-un-ano-incrementan-mas-del-34-la-presencia-policial-en-hospitales-bonaerenses\/\" \/>\n<meta property=\"og:site_name\" content=\"Principios\" \/>\n<meta property=\"article:published_time\" content=\"2021-03-22T15:23:16+00:00\" \/>\n<meta property=\"article:modified_time\" content=\"2021-03-22T15:23:19+00:00\" \/>\n<meta property=\"og:image\" content=\"https:\/\/diarioprincipios.com\/wp-content\/uploads\/2021\/03\/5efba5eb70a73_1004x565.jpg\" \/>\n\t<meta property=\"og:image:width\" content=\"1004\" \/>\n\t<meta property=\"og:image:height\" content=\"565\" \/>\n\t<meta property=\"og:image:type\" content=\"image\/jpeg\" \/>\n<meta name=\"author\" content=\"Hern\u00e1n L\u00f3pez\" \/>\n<meta name=\"twitter:card\" content=\"summary_large_image\" \/>\n<meta name=\"twitter:label1\" content=\"Escrito por\" \/>\n\t<meta name=\"twitter:data1\" content=\"Hern\u00e1n L\u00f3pez\" \/>\n\t<meta name=\"twitter:label2\" content=\"Tiempo de lectura\" \/>\n\t<meta name=\"twitter:data2\" content=\"1 minuto\" \/>\n<script type=\"application\/ld+json\" class=\"yoast-schema-graph\">{\"@context\":\"https:\\\/\\\/schema.org\",\"@graph\":[{\"@type\":\"Article\",\"@id\":\"https:\\\/\\\/diarioprincipios.com\\\/index.php\\\/2021\\\/03\\\/22\\\/en-un-ano-incrementan-mas-del-34-la-presencia-policial-en-hospitales-bonaerenses\\\/#article\",\"isPartOf\":{\"@id\":\"https:\\\/\\\/diarioprincipios.com\\\/index.php\\\/2021\\\/03\\\/22\\\/en-un-ano-incrementan-mas-del-34-la-presencia-policial-en-hospitales-bonaerenses\\\/\"},\"author\":{\"name\":\"Hern\u00e1n L\u00f3pez\",\"@id\":\"https:\\\/\\\/diarioprincipios.com\\\/#\\\/schema\\\/person\\\/436d5a1fd41a5e250e23ff5a6a7cb080\"},\"headline\":\"En un a\u00f1o incrementan m\u00e1s del 34% la presencia policial en hospitales bonaerenses\",\"datePublished\":\"2021-03-22T15:23:16+00:00\",\"dateModified\":\"2021-03-22T15:23:19+00:00\",\"mainEntityOfPage\":{\"@id\":\"https:\\\/\\\/diarioprincipios.com\\\/index.php\\\/2021\\\/03\\\/22\\\/en-un-ano-incrementan-mas-del-34-la-presencia-policial-en-hospitales-bonaerenses\\\/\"},\"wordCount\":233,\"commentCount\":0,\"publisher\":{\"@id\":\"https:\\\/\\\/diarioprincipios.com\\\/#organization\"},\"image\":{\"@id\":\"https:\\\/\\\/diarioprincipios.com\\\/index.php\\\/2021\\\/03\\\/22\\\/en-un-ano-incrementan-mas-del-34-la-presencia-policial-en-hospitales-bonaerenses\\\/#primaryimage\"},\"thumbnailUrl\":\"https:\\\/\\\/diarioprincipios.com\\\/wp-content\\\/uploads\\\/2021\\\/03\\\/5efba5eb70a73_1004x565.jpg\",\"articleSection\":[\"Provincia\"],\"inLanguage\":\"es\",\"potentialAction\":[{\"@type\":\"CommentAction\",\"name\":\"Comment\",\"target\":[\"https:\\\/\\\/diarioprincipios.com\\\/index.php\\\/2021\\\/03\\\/22\\\/en-un-ano-incrementan-mas-del-34-la-presencia-policial-en-hospitales-bonaerenses\\\/#respond\"]}]},{\"@type\":\"WebPage\",\"@id\":\"https:\\\/\\\/diarioprincipios.com\\\/index.php\\\/2021\\\/03\\\/22\\\/en-un-ano-incrementan-mas-del-34-la-presencia-policial-en-hospitales-bonaerenses\\\/\",\"url\":\"https:\\\/\\\/diarioprincipios.com\\\/index.php\\\/2021\\\/03\\\/22\\\/en-un-ano-incrementan-mas-del-34-la-presencia-policial-en-hospitales-bonaerenses\\\/\",\"name\":\"En un a\u00f1o incrementan m\u00e1s del 34% la presencia policial en hospitales bonaerenses - Principios\",\"isPartOf\":{\"@id\":\"https:\\\/\\\/diarioprincipios.com\\\/#website\"},\"primaryImageOfPage\":{\"@id\":\"https:\\\/\\\/diarioprincipios.com\\\/index.php\\\/2021\\\/03\\\/22\\\/en-un-ano-incrementan-mas-del-34-la-presencia-policial-en-hospitales-bonaerenses\\\/#primaryimage\"},\"image\":{\"@id\":\"https:\\\/\\\/diarioprincipios.com\\\/index.php\\\/2021\\\/03\\\/22\\\/en-un-ano-incrementan-mas-del-34-la-presencia-policial-en-hospitales-bonaerenses\\\/#primaryimage\"},\"thumbnailUrl\":\"https:\\\/\\\/diarioprincipios.com\\\/wp-content\\\/uploads\\\/2021\\\/03\\\/5efba5eb70a73_1004x565.jpg\",\"datePublished\":\"2021-03-22T15:23:16+00:00\",\"dateModified\":\"2021-03-22T15:23:19+00:00\",\"breadcrumb\":{\"@id\":\"https:\\\/\\\/diarioprincipios.com\\\/index.php\\\/2021\\\/03\\\/22\\\/en-un-ano-incrementan-mas-del-34-la-presencia-policial-en-hospitales-bonaerenses\\\/#breadcrumb\"},\"inLanguage\":\"es\",\"potentialAction\":[{\"@type\":\"ReadAction\",\"target\":[\"https:\\\/\\\/diarioprincipios.com\\\/index.php\\\/2021\\\/03\\\/22\\\/en-un-ano-incrementan-mas-del-34-la-presencia-policial-en-hospitales-bonaerenses\\\/\"]}]},{\"@type\":\"ImageObject\",\"inLanguage\":\"es\",\"@id\":\"https:\\\/\\\/diarioprincipios.com\\\/index.php\\\/2021\\\/03\\\/22\\\/en-un-ano-incrementan-mas-del-34-la-presencia-policial-en-hospitales-bonaerenses\\\/#primaryimage\",\"url\":\"https:\\\/\\\/diarioprincipios.com\\\/wp-content\\\/uploads\\\/2021\\\/03\\\/5efba5eb70a73_1004x565.jpg\",\"contentUrl\":\"https:\\\/\\\/diarioprincipios.com\\\/wp-content\\\/uploads\\\/2021\\\/03\\\/5efba5eb70a73_1004x565.jpg\",\"width\":1004,\"height\":565},{\"@type\":\"BreadcrumbList\",\"@id\":\"https:\\\/\\\/diarioprincipios.com\\\/index.php\\\/2021\\\/03\\\/22\\\/en-un-ano-incrementan-mas-del-34-la-presencia-policial-en-hospitales-bonaerenses\\\/#breadcrumb\",\"itemListElement\":[{\"@type\":\"ListItem\",\"position\":1,\"name\":\"Portada\",\"item\":\"https:\\\/\\\/diarioprincipios.com\\\/\"},{\"@type\":\"ListItem\",\"position\":2,\"name\":\"En un a\u00f1o incrementan m\u00e1s del 34% la presencia policial en hospitales bonaerenses\"}]},{\"@type\":\"WebSite\",\"@id\":\"https:\\\/\\\/diarioprincipios.com\\\/#website\",\"url\":\"https:\\\/\\\/diarioprincipios.com\\\/\",\"name\":\"Principios\",\"description\":\"Principios Diario\",\"publisher\":{\"@id\":\"https:\\\/\\\/diarioprincipios.com\\\/#organization\"},\"potentialAction\":[{\"@type\":\"SearchAction\",\"target\":{\"@type\":\"EntryPoint\",\"urlTemplate\":\"https:\\\/\\\/diarioprincipios.com\\\/?s={search_term_string}\"},\"query-input\":{\"@type\":\"PropertyValueSpecification\",\"valueRequired\":true,\"valueName\":\"search_term_string\"}}],\"inLanguage\":\"es\"},{\"@type\":\"Organization\",\"@id\":\"https:\\\/\\\/diarioprincipios.com\\\/#organization\",\"name\":\"Principios\",\"url\":\"https:\\\/\\\/diarioprincipios.com\\\/\",\"logo\":{\"@type\":\"ImageObject\",\"inLanguage\":\"es\",\"@id\":\"https:\\\/\\\/diarioprincipios.com\\\/#\\\/schema\\\/logo\\\/image\\\/\",\"url\":\"https:\\\/\\\/diarioprincipios.com\\\/wp-content\\\/uploads\\\/2024\\\/04\\\/cropped-www.diarioprincipios.com_-1.png\",\"contentUrl\":\"https:\\\/\\\/diarioprincipios.com\\\/wp-content\\\/uploads\\\/2024\\\/04\\\/cropped-www.diarioprincipios.com_-1.png\",\"width\":5325,\"height\":1454,\"caption\":\"Principios\"},\"image\":{\"@id\":\"https:\\\/\\\/diarioprincipios.com\\\/#\\\/schema\\\/logo\\\/image\\\/\"}},{\"@type\":\"Person\",\"@id\":\"https:\\\/\\\/diarioprincipios.com\\\/#\\\/schema\\\/person\\\/436d5a1fd41a5e250e23ff5a6a7cb080\",\"name\":\"Hern\u00e1n L\u00f3pez\",\"image\":{\"@type\":\"ImageObject\",\"inLanguage\":\"es\",\"@id\":\"https:\\\/\\\/diarioprincipios.com\\\/wp-content\\\/litespeed\\\/avatar\\\/11ddfe5610ff3bd100522525b2571f48.jpg?ver=1777048341\",\"url\":\"https:\\\/\\\/diarioprincipios.com\\\/wp-content\\\/litespeed\\\/avatar\\\/11ddfe5610ff3bd100522525b2571f48.jpg?ver=1777048341\",\"contentUrl\":\"https:\\\/\\\/diarioprincipios.com\\\/wp-content\\\/litespeed\\\/avatar\\\/11ddfe5610ff3bd100522525b2571f48.jpg?ver=1777048341\",\"caption\":\"Hern\u00e1n L\u00f3pez\"},\"url\":\"https:\\\/\\\/diarioprincipios.com\\\/index.php\\\/author\\\/hernan\\\/\"}]}<\/script>\n<!-- \/ Yoast SEO plugin. -->","yoast_head_json":{"title":"En un a\u00f1o incrementan m\u00e1s del 34% la presencia policial en hospitales bonaerenses - Principios","robots":{"index":"index","follow":"follow","max-snippet":"max-snippet:-1","max-image-preview":"max-image-preview:large","max-video-preview":"max-video-preview:-1"},"canonical":"https:\/\/diarioprincipios.com\/index.php\/2021\/03\/22\/en-un-ano-incrementan-mas-del-34-la-presencia-policial-en-hospitales-bonaerenses\/","og_locale":"es_ES","og_type":"article","og_title":"En un a\u00f1o incrementan m\u00e1s del 34% la presencia policial en hospitales bonaerenses - Principios","og_description":"El Ministerio de Salud bonaerense inform\u00f3 hoy que en un a\u00f1o se reforz\u00f3 la seguridad en los hospitales p\u00fablicos y se increment\u00f3 en 34,11% la presencia policial en 87 centros de salud. En ese marco, la cartera sanitaria precis\u00f3 que un total de 405 polic\u00edas realizan tareas adicionales (Polad) en hospitales p\u00fablicos y Unidades de...","og_url":"https:\/\/diarioprincipios.com\/index.php\/2021\/03\/22\/en-un-ano-incrementan-mas-del-34-la-presencia-policial-en-hospitales-bonaerenses\/","og_site_name":"Principios","article_published_time":"2021-03-22T15:23:16+00:00","article_modified_time":"2021-03-22T15:23:19+00:00","og_image":[{"width":1004,"height":565,"url":"https:\/\/diarioprincipios.com\/wp-content\/uploads\/2021\/03\/5efba5eb70a73_1004x565.jpg","type":"image\/jpeg"}],"author":"Hern\u00e1n L\u00f3pez","twitter_card":"summary_large_image","twitter_misc":{"Escrito por":"Hern\u00e1n L\u00f3pez","Tiempo de lectura":"1 minuto"},"schema":{"@context":"https:\/\/schema.org","@graph":[{"@type":"Article","@id":"https:\/\/diarioprincipios.com\/index.php\/2021\/03\/22\/en-un-ano-incrementan-mas-del-34-la-presencia-policial-en-hospitales-bonaerenses\/#article","isPartOf":{"@id":"https:\/\/diarioprincipios.com\/index.php\/2021\/03\/22\/en-un-ano-incrementan-mas-del-34-la-presencia-policial-en-hospitales-bonaerenses\/"},"author":{"name":"Hern\u00e1n L\u00f3pez","@id":"https:\/\/diarioprincipios.com\/#\/schema\/person\/436d5a1fd41a5e250e23ff5a6a7cb080"},"headline":"En un a\u00f1o incrementan m\u00e1s del 34% la presencia policial en hospitales bonaerenses","datePublished":"2021-03-22T15:23:16+00:00","dateModified":"2021-03-22T15:23:19+00:00","mainEntityOfPage":{"@id":"https:\/\/diarioprincipios.com\/index.php\/2021\/03\/22\/en-un-ano-incrementan-mas-del-34-la-presencia-policial-en-hospitales-bonaerenses\/"},"wordCount":233,"commentCount":0,"publisher":{"@id":"https:\/\/diarioprincipios.com\/#organization"},"image":{"@id":"https:\/\/diarioprincipios.com\/index.php\/2021\/03\/22\/en-un-ano-incrementan-mas-del-34-la-presencia-policial-en-hospitales-bonaerenses\/#primaryimage"},"thumbnailUrl":"https:\/\/diarioprincipios.com\/wp-content\/uploads\/2021\/03\/5efba5eb70a73_1004x565.jpg","articleSection":["Provincia"],"inLanguage":"es","potentialAction":[{"@type":"CommentAction","name":"Comment","target":["https:\/\/diarioprincipios.com\/index.php\/2021\/03\/22\/en-un-ano-incrementan-mas-del-34-la-presencia-policial-en-hospitales-bonaerenses\/#respond"]}]},{"@type":"WebPage","@id":"https:\/\/diarioprincipios.com\/index.php\/2021\/03\/22\/en-un-ano-incrementan-mas-del-34-la-presencia-policial-en-hospitales-bonaerenses\/","url":"https:\/\/diarioprincipios.com\/index.php\/2021\/03\/22\/en-un-ano-incrementan-mas-del-34-la-presencia-policial-en-hospitales-bonaerenses\/","name":"En un a\u00f1o incrementan m\u00e1s del 34% la presencia policial en hospitales bonaerenses - Principios","isPartOf":{"@id":"https:\/\/diarioprincipios.com\/#website"},"primaryImageOfPage":{"@id":"https:\/\/diarioprincipios.com\/index.php\/2021\/03\/22\/en-un-ano-incrementan-mas-del-34-la-presencia-policial-en-hospitales-bonaerenses\/#primaryimage"},"image":{"@id":"https:\/\/diarioprincipios.com\/index.php\/2021\/03\/22\/en-un-ano-incrementan-mas-del-34-la-presencia-policial-en-hospitales-bonaerenses\/#primaryimage"},"thumbnailUrl":"https:\/\/diarioprincipios.com\/wp-content\/uploads\/2021\/03\/5efba5eb70a73_1004x565.jpg","datePublished":"2021-03-22T15:23:16+00:00","dateModified":"2021-03-22T15:23:19+00:00","breadcrumb":{"@id":"https:\/\/diarioprincipios.com\/index.php\/2021\/03\/22\/en-un-ano-incrementan-mas-del-34-la-presencia-policial-en-hospitales-bonaerenses\/#breadcrumb"},"inLanguage":"es","potentialAction":[{"@type":"ReadAction","target":["https:\/\/diarioprincipios.com\/index.php\/2021\/03\/22\/en-un-ano-incrementan-mas-del-34-la-presencia-policial-en-hospitales-bonaerenses\/"]}]},{"@type":"ImageObject","inLanguage":"es","@id":"https:\/\/diarioprincipios.com\/index.php\/2021\/03\/22\/en-un-ano-incrementan-mas-del-34-la-presencia-policial-en-hospitales-bonaerenses\/#primaryimage","url":"https:\/\/diarioprincipios.com\/wp-content\/uploads\/2021\/03\/5efba5eb70a73_1004x565.jpg","contentUrl":"https:\/\/diarioprincipios.com\/wp-content\/uploads\/2021\/03\/5efba5eb70a73_1004x565.jpg","width":1004,"height":565},{"@type":"BreadcrumbList","@id":"https:\/\/diarioprincipios.com\/index.php\/2021\/03\/22\/en-un-ano-incrementan-mas-del-34-la-presencia-policial-en-hospitales-bonaerenses\/#breadcrumb","itemListElement":[{"@type":"ListItem","position":1,"name":"Portada","item":"https:\/\/diarioprincipios.com\/"},{"@type":"ListItem","position":2,"name":"En un a\u00f1o incrementan m\u00e1s del 34% la presencia policial en hospitales bonaerenses"}]},{"@type":"WebSite","@id":"https:\/\/diarioprincipios.com\/#website","url":"https:\/\/diarioprincipios.com\/","name":"Principios","description":"Principios Diario","publisher":{"@id":"https:\/\/diarioprincipios.com\/#organization"},"potentialAction":[{"@type":"SearchAction","target":{"@type":"EntryPoint","urlTemplate":"https:\/\/diarioprincipios.com\/?s={search_term_string}"},"query-input":{"@type":"PropertyValueSpecification","valueRequired":true,"valueName":"search_term_string"}}],"inLanguage":"es"},{"@type":"Organization","@id":"https:\/\/diarioprincipios.com\/#organization","name":"Principios","url":"https:\/\/diarioprincipios.com\/","logo":{"@type":"ImageObject","inLanguage":"es","@id":"https:\/\/diarioprincipios.com\/#\/schema\/logo\/image\/","url":"https:\/\/diarioprincipios.com\/wp-content\/uploads\/2024\/04\/cropped-www.diarioprincipios.com_-1.png","contentUrl":"https:\/\/diarioprincipios.com\/wp-content\/uploads\/2024\/04\/cropped-www.diarioprincipios.com_-1.png","width":5325,"height":1454,"caption":"Principios"},"image":{"@id":"https:\/\/diarioprincipios.com\/#\/schema\/logo\/image\/"}},{"@type":"Person","@id":"https:\/\/diarioprincipios.com\/#\/schema\/person\/436d5a1fd41a5e250e23ff5a6a7cb080","name":"Hern\u00e1n L\u00f3pez","image":{"@type":"ImageObject","inLanguage":"es","@id":"https:\/\/diarioprincipios.com\/wp-content\/litespeed\/avatar\/11ddfe5610ff3bd100522525b2571f48.jpg?ver=1777048341","url":"https:\/\/diarioprincipios.com\/wp-content\/litespeed\/avatar\/11ddfe5610ff3bd100522525b2571f48.jpg?ver=1777048341","contentUrl":"https:\/\/diarioprincipios.com\/wp-content\/litespeed\/avatar\/11ddfe5610ff3bd100522525b2571f48.jpg?ver=1777048341","caption":"Hern\u00e1n L\u00f3pez"},"url":"https:\/\/diarioprincipios.com\/index.php\/author\/hernan\/"}]}},"jetpack_featured_media_url":"https:\/\/diarioprincipios.com\/wp-content\/uploads\/2021\/03\/5efba5eb70a73_1004x565.jpg","_links":{"self":[{"href":"https:\/\/diarioprincipios.com\/index.php\/wp-json\/wp\/v2\/posts\/9086","targetHints":{"allow":["GET"]}}],"collection":[{"href":"https:\/\/diarioprincipios.com\/index.php\/wp-json\/wp\/v2\/posts"}],"about":[{"href":"https:\/\/diarioprincipios.com\/index.php\/wp-json\/wp\/v2\/types\/post"}],"author":[{"embeddable":true,"href":"https:\/\/diarioprincipios.com\/index.php\/wp-json\/wp\/v2\/users\/2"}],"replies":[{"embeddable":true,"href":"https:\/\/diarioprincipios.com\/index.php\/wp-json\/wp\/v2\/comments?post=9086"}],"version-history":[{"count":1,"href":"https:\/\/diarioprincipios.com\/index.php\/wp-json\/wp\/v2\/posts\/9086\/revisions"}],"predecessor-version":[{"id":9088,"href":"https:\/\/diarioprincipios.com\/index.php\/wp-json\/wp\/v2\/posts\/9086\/revisions\/9088"}],"wp:featuredmedia":[{"embeddable":true,"href":"https:\/\/diarioprincipios.com\/index.php\/wp-json\/wp\/v2\/media\/9087"}],"wp:attachment":[{"href":"https:\/\/diarioprincipios.com\/index.php\/wp-json\/wp\/v2\/media?parent=9086"}],"wp:term":[{"taxonomy":"category","embeddable":true,"href":"https:\/\/diarioprincipios.com\/index.php\/wp-json\/wp\/v2\/categories?post=9086"},{"taxonomy":"post_tag","embeddable":true,"href":"https:\/\/diarioprincipios.com\/index.php\/wp-json\/wp\/v2\/tags?post=9086"}],"curies":[{"name":"wp","href":"https:\/\/api.w.org\/{rel}","templated":true}]}}