{"id":906,"date":"2020-04-22T23:57:37","date_gmt":"2020-04-22T23:57:37","guid":{"rendered":"http:\/\/diarioprincipios.com\/?p=906"},"modified":"2020-04-23T00:07:27","modified_gmt":"2020-04-23T00:07:27","slug":"dr-jose-majewski-la-contratacion-de-medicos-cubanos-es-una-medida-desacertada","status":"publish","type":"post","link":"https:\/\/diarioprincipios.com\/index.php\/2020\/04\/22\/dr-jose-majewski-la-contratacion-de-medicos-cubanos-es-una-medida-desacertada\/","title":{"rendered":"Dr. Jos\u00e9 Majewski: \u00abLa contrataci\u00f3n de m\u00e9dicos cubanos es una medida desacertada\u00bb"},"content":{"rendered":"\n<p>El doctor Jos\u00e9 Majewski, presidente del Circulo M\u00e9dico de Berazategui y Consejero de la Federaci\u00f3n M\u00e9dica de la Provincia de Buenos Aires, opin\u00f3 que \u00abla contrataci\u00f3n de los m\u00e9dicos cubanos es una medida desacertada y que no aporta nada\u00bb.\u00a0 Seguidamente fundament\u00f3 que \u00aba estos m\u00e9dicos no se les solicita ninguna prueba de capacidad, como se hace con los profesionales que regularmente trabajan en nuestro pa\u00eds y que est\u00e1 a cargo de los Colegios Profesionales, adem\u00e1s no creo que tengan la capacidad de nuestros profesionales, que en muchos casos es de excelencia\u00bb.Manifest\u00f3 que \u00abel dinero que se piensa utilizar en esta contrataci\u00f3n tendr\u00eda que ser destinado a comprar elementos, para que no seamos el pa\u00eds donde tristemente m\u00e1s profesionales de la salud se han contagiado\u00bb, agregando que \u00abpor nuestro juramento y responsabilidad estamos en la primera l\u00ednea, a pesar de los bajos salarios, poniendo como muy pocos gremios lo hacen, todo lo necesario para que las personas no se vean afectadas\u00bb.Consultado sobre si la contrataci\u00f3n de m\u00e9dicos cubanos era una medida \u00abpol\u00edtica\u00bb, Majewski respondi\u00f3 que \u00abno me gusta opinar de pol\u00edtica ni decir algo que pueda ser catalogado de esa manera, pero adem\u00e1s de lo que ya dije, debo decir que la mayor\u00eda de la ciudadan\u00eda desaprueba esta contrataci\u00f3n, ya que nadie entiende cual es la verdadera finalidad\u00bb.<\/p>\n\n\n\n<blockquote class=\"wp-block-quote is-layout-flow wp-block-quote-is-layout-flow\"><p><br>\u00abLas medidas comunicadas por el Presidente han sido acertadas\u00bb<\/p><\/blockquote>\n\n\n\n<p>Sobre las decisiones que se han tomado hasta ahora para enfrentar la pandemia de coronavirus, el presidente del Circulo M\u00e9dico dijo que \u00ablas medidas aconsejadas por nuestros infect\u00f3logos y divulgadas por el presidente parecen acertadas, todo indica que en general se estamos por el buen camino\u00bb, acotando que \u00aba\u00fan no se lleg\u00f3 al pico de contagio por lo que ser\u00eda acertado seguir con la cuarentena y mantener solo los servicios esenciales\u00bb.<br><\/p>\n\n\n\n<blockquote class=\"wp-block-quote is-layout-flow wp-block-quote-is-layout-flow\"><p>\u00abEn Berazategui las autoridades ajustaron el control\u00bb<br><\/p><\/blockquote>\n\n\n\n<p>Finalmente, opin\u00f3 que \u00aben Berazategui hubo desidia de algunos vecinos, y cost\u00f3 al comienzo, se ve\u00eda mucha gente en el centro, pero con el correr de los d\u00edas las autoridades fueron ajustando el control, obteniendo buenos resultados\u00bb, agregando que \u00abhay que seguir concientizando y controlando, ese es el camino\u00bb.Cabe destacar que el Circulo M\u00e9dico de Berazategui fue una de las entidades que desde el principio de la cuarentena se puso a disposici\u00f3n del Intendente Juan Jos\u00e9 Mussi para colaborar en todo lo que sea necesario.<\/p>\n","protected":false},"excerpt":{"rendered":"<p>El doctor Jos\u00e9 Majewski, presidente del Circulo M\u00e9dico de Berazategui y Consejero de la Federaci\u00f3n M\u00e9dica de la Provincia de Buenos Aires, opin\u00f3 que \u00abla contrataci\u00f3n de los m\u00e9dicos cubanos es una medida desacertada y que no aporta nada\u00bb.\u00a0 Seguidamente fundament\u00f3 que \u00aba estos m\u00e9dicos no se les solicita ninguna prueba de capacidad, como se&#8230;<\/p>\n","protected":false},"author":2,"featured_media":912,"comment_status":"open","ping_status":"open","sticky":false,"template":"","format":"standard","meta":{"footnotes":""},"categories":[3],"tags":[],"class_list":["post-906","post","type-post","status-publish","format-standard","has-post-thumbnail","hentry","category-berazategui"],"featured_image_src":"https:\/\/diarioprincipios.com\/wp-content\/uploads\/2020\/04\/MAJEWSKY-2.jpg","blog_images":{"medium":"https:\/\/diarioprincipios.com\/wp-content\/uploads\/2020\/04\/MAJEWSKY-2-300x227.jpg","large":"https:\/\/diarioprincipios.com\/wp-content\/uploads\/2020\/04\/MAJEWSKY-2.jpg"},"ams_acf":[],"yoast_head":"<!-- This site is optimized with the Yoast SEO plugin v27.3 - https:\/\/yoast.com\/product\/yoast-seo-wordpress\/ -->\n<title>Dr. Jos\u00e9 Majewski: &quot;La contrataci\u00f3n de m\u00e9dicos cubanos es una medida desacertada&quot; - Principios<\/title>\n<meta name=\"robots\" content=\"index, follow, max-snippet:-1, max-image-preview:large, max-video-preview:-1\" \/>\n<link rel=\"canonical\" href=\"https:\/\/diarioprincipios.com\/index.php\/2020\/04\/22\/dr-jose-majewski-la-contratacion-de-medicos-cubanos-es-una-medida-desacertada\/\" \/>\n<meta property=\"og:locale\" content=\"es_ES\" \/>\n<meta property=\"og:type\" content=\"article\" \/>\n<meta property=\"og:title\" content=\"Dr. Jos\u00e9 Majewski: &quot;La contrataci\u00f3n de m\u00e9dicos cubanos es una medida desacertada&quot; - Principios\" \/>\n<meta property=\"og:description\" content=\"El doctor Jos\u00e9 Majewski, presidente del Circulo M\u00e9dico de Berazategui y Consejero de la Federaci\u00f3n M\u00e9dica de la Provincia de Buenos Aires, opin\u00f3 que \u00abla contrataci\u00f3n de los m\u00e9dicos cubanos es una medida desacertada y que no aporta nada\u00bb.\u00a0 Seguidamente fundament\u00f3 que \u00aba estos m\u00e9dicos no se les solicita ninguna prueba de capacidad, como se...\" \/>\n<meta property=\"og:url\" content=\"https:\/\/diarioprincipios.com\/index.php\/2020\/04\/22\/dr-jose-majewski-la-contratacion-de-medicos-cubanos-es-una-medida-desacertada\/\" \/>\n<meta property=\"og:site_name\" content=\"Principios\" \/>\n<meta property=\"article:published_time\" content=\"2020-04-22T23:57:37+00:00\" \/>\n<meta property=\"article:modified_time\" content=\"2020-04-23T00:07:27+00:00\" \/>\n<meta property=\"og:image\" content=\"https:\/\/diarioprincipios.com\/wp-content\/uploads\/2020\/04\/MAJEWSKY-2.jpg\" \/>\n\t<meta property=\"og:image:width\" content=\"424\" \/>\n\t<meta property=\"og:image:height\" content=\"321\" \/>\n\t<meta property=\"og:image:type\" content=\"image\/jpeg\" \/>\n<meta name=\"author\" content=\"Hern\u00e1n L\u00f3pez\" \/>\n<meta name=\"twitter:card\" content=\"summary_large_image\" \/>\n<meta name=\"twitter:label1\" content=\"Escrito por\" \/>\n\t<meta name=\"twitter:data1\" content=\"Hern\u00e1n L\u00f3pez\" \/>\n\t<meta name=\"twitter:label2\" content=\"Tiempo de lectura\" \/>\n\t<meta name=\"twitter:data2\" content=\"2 minutos\" \/>\n<script type=\"application\/ld+json\" class=\"yoast-schema-graph\">{\"@context\":\"https:\\\/\\\/schema.org\",\"@graph\":[{\"@type\":\"Article\",\"@id\":\"https:\\\/\\\/diarioprincipios.com\\\/index.php\\\/2020\\\/04\\\/22\\\/dr-jose-majewski-la-contratacion-de-medicos-cubanos-es-una-medida-desacertada\\\/#article\",\"isPartOf\":{\"@id\":\"https:\\\/\\\/diarioprincipios.com\\\/index.php\\\/2020\\\/04\\\/22\\\/dr-jose-majewski-la-contratacion-de-medicos-cubanos-es-una-medida-desacertada\\\/\"},\"author\":{\"name\":\"Hern\u00e1n L\u00f3pez\",\"@id\":\"https:\\\/\\\/diarioprincipios.com\\\/#\\\/schema\\\/person\\\/436d5a1fd41a5e250e23ff5a6a7cb080\"},\"headline\":\"Dr. Jos\u00e9 Majewski: \u00abLa contrataci\u00f3n de m\u00e9dicos cubanos es una medida desacertada\u00bb\",\"datePublished\":\"2020-04-22T23:57:37+00:00\",\"dateModified\":\"2020-04-23T00:07:27+00:00\",\"mainEntityOfPage\":{\"@id\":\"https:\\\/\\\/diarioprincipios.com\\\/index.php\\\/2020\\\/04\\\/22\\\/dr-jose-majewski-la-contratacion-de-medicos-cubanos-es-una-medida-desacertada\\\/\"},\"wordCount\":435,\"commentCount\":0,\"publisher\":{\"@id\":\"https:\\\/\\\/diarioprincipios.com\\\/#organization\"},\"image\":{\"@id\":\"https:\\\/\\\/diarioprincipios.com\\\/index.php\\\/2020\\\/04\\\/22\\\/dr-jose-majewski-la-contratacion-de-medicos-cubanos-es-una-medida-desacertada\\\/#primaryimage\"},\"thumbnailUrl\":\"https:\\\/\\\/diarioprincipios.com\\\/wp-content\\\/uploads\\\/2020\\\/04\\\/MAJEWSKY-2.jpg\",\"articleSection\":[\"Berazategui\"],\"inLanguage\":\"es\",\"potentialAction\":[{\"@type\":\"CommentAction\",\"name\":\"Comment\",\"target\":[\"https:\\\/\\\/diarioprincipios.com\\\/index.php\\\/2020\\\/04\\\/22\\\/dr-jose-majewski-la-contratacion-de-medicos-cubanos-es-una-medida-desacertada\\\/#respond\"]}]},{\"@type\":\"WebPage\",\"@id\":\"https:\\\/\\\/diarioprincipios.com\\\/index.php\\\/2020\\\/04\\\/22\\\/dr-jose-majewski-la-contratacion-de-medicos-cubanos-es-una-medida-desacertada\\\/\",\"url\":\"https:\\\/\\\/diarioprincipios.com\\\/index.php\\\/2020\\\/04\\\/22\\\/dr-jose-majewski-la-contratacion-de-medicos-cubanos-es-una-medida-desacertada\\\/\",\"name\":\"Dr. Jos\u00e9 Majewski: \\\"La contrataci\u00f3n de m\u00e9dicos cubanos es una medida desacertada\\\" - Principios\",\"isPartOf\":{\"@id\":\"https:\\\/\\\/diarioprincipios.com\\\/#website\"},\"primaryImageOfPage\":{\"@id\":\"https:\\\/\\\/diarioprincipios.com\\\/index.php\\\/2020\\\/04\\\/22\\\/dr-jose-majewski-la-contratacion-de-medicos-cubanos-es-una-medida-desacertada\\\/#primaryimage\"},\"image\":{\"@id\":\"https:\\\/\\\/diarioprincipios.com\\\/index.php\\\/2020\\\/04\\\/22\\\/dr-jose-majewski-la-contratacion-de-medicos-cubanos-es-una-medida-desacertada\\\/#primaryimage\"},\"thumbnailUrl\":\"https:\\\/\\\/diarioprincipios.com\\\/wp-content\\\/uploads\\\/2020\\\/04\\\/MAJEWSKY-2.jpg\",\"datePublished\":\"2020-04-22T23:57:37+00:00\",\"dateModified\":\"2020-04-23T00:07:27+00:00\",\"breadcrumb\":{\"@id\":\"https:\\\/\\\/diarioprincipios.com\\\/index.php\\\/2020\\\/04\\\/22\\\/dr-jose-majewski-la-contratacion-de-medicos-cubanos-es-una-medida-desacertada\\\/#breadcrumb\"},\"inLanguage\":\"es\",\"potentialAction\":[{\"@type\":\"ReadAction\",\"target\":[\"https:\\\/\\\/diarioprincipios.com\\\/index.php\\\/2020\\\/04\\\/22\\\/dr-jose-majewski-la-contratacion-de-medicos-cubanos-es-una-medida-desacertada\\\/\"]}]},{\"@type\":\"ImageObject\",\"inLanguage\":\"es\",\"@id\":\"https:\\\/\\\/diarioprincipios.com\\\/index.php\\\/2020\\\/04\\\/22\\\/dr-jose-majewski-la-contratacion-de-medicos-cubanos-es-una-medida-desacertada\\\/#primaryimage\",\"url\":\"https:\\\/\\\/diarioprincipios.com\\\/wp-content\\\/uploads\\\/2020\\\/04\\\/MAJEWSKY-2.jpg\",\"contentUrl\":\"https:\\\/\\\/diarioprincipios.com\\\/wp-content\\\/uploads\\\/2020\\\/04\\\/MAJEWSKY-2.jpg\",\"width\":424,\"height\":321},{\"@type\":\"BreadcrumbList\",\"@id\":\"https:\\\/\\\/diarioprincipios.com\\\/index.php\\\/2020\\\/04\\\/22\\\/dr-jose-majewski-la-contratacion-de-medicos-cubanos-es-una-medida-desacertada\\\/#breadcrumb\",\"itemListElement\":[{\"@type\":\"ListItem\",\"position\":1,\"name\":\"Portada\",\"item\":\"https:\\\/\\\/diarioprincipios.com\\\/\"},{\"@type\":\"ListItem\",\"position\":2,\"name\":\"Dr. Jos\u00e9 Majewski: \u00abLa contrataci\u00f3n de m\u00e9dicos cubanos es una medida desacertada\u00bb\"}]},{\"@type\":\"WebSite\",\"@id\":\"https:\\\/\\\/diarioprincipios.com\\\/#website\",\"url\":\"https:\\\/\\\/diarioprincipios.com\\\/\",\"name\":\"Principios\",\"description\":\"Principios Diario\",\"publisher\":{\"@id\":\"https:\\\/\\\/diarioprincipios.com\\\/#organization\"},\"potentialAction\":[{\"@type\":\"SearchAction\",\"target\":{\"@type\":\"EntryPoint\",\"urlTemplate\":\"https:\\\/\\\/diarioprincipios.com\\\/?s={search_term_string}\"},\"query-input\":{\"@type\":\"PropertyValueSpecification\",\"valueRequired\":true,\"valueName\":\"search_term_string\"}}],\"inLanguage\":\"es\"},{\"@type\":\"Organization\",\"@id\":\"https:\\\/\\\/diarioprincipios.com\\\/#organization\",\"name\":\"Principios\",\"url\":\"https:\\\/\\\/diarioprincipios.com\\\/\",\"logo\":{\"@type\":\"ImageObject\",\"inLanguage\":\"es\",\"@id\":\"https:\\\/\\\/diarioprincipios.com\\\/#\\\/schema\\\/logo\\\/image\\\/\",\"url\":\"https:\\\/\\\/diarioprincipios.com\\\/wp-content\\\/uploads\\\/2024\\\/04\\\/cropped-www.diarioprincipios.com_-1.png\",\"contentUrl\":\"https:\\\/\\\/diarioprincipios.com\\\/wp-content\\\/uploads\\\/2024\\\/04\\\/cropped-www.diarioprincipios.com_-1.png\",\"width\":5325,\"height\":1454,\"caption\":\"Principios\"},\"image\":{\"@id\":\"https:\\\/\\\/diarioprincipios.com\\\/#\\\/schema\\\/logo\\\/image\\\/\"}},{\"@type\":\"Person\",\"@id\":\"https:\\\/\\\/diarioprincipios.com\\\/#\\\/schema\\\/person\\\/436d5a1fd41a5e250e23ff5a6a7cb080\",\"name\":\"Hern\u00e1n L\u00f3pez\",\"image\":{\"@type\":\"ImageObject\",\"inLanguage\":\"es\",\"@id\":\"https:\\\/\\\/diarioprincipios.com\\\/wp-content\\\/litespeed\\\/avatar\\\/11ddfe5610ff3bd100522525b2571f48.jpg?ver=1777048341\",\"url\":\"https:\\\/\\\/diarioprincipios.com\\\/wp-content\\\/litespeed\\\/avatar\\\/11ddfe5610ff3bd100522525b2571f48.jpg?ver=1777048341\",\"contentUrl\":\"https:\\\/\\\/diarioprincipios.com\\\/wp-content\\\/litespeed\\\/avatar\\\/11ddfe5610ff3bd100522525b2571f48.jpg?ver=1777048341\",\"caption\":\"Hern\u00e1n L\u00f3pez\"},\"url\":\"https:\\\/\\\/diarioprincipios.com\\\/index.php\\\/author\\\/hernan\\\/\"}]}<\/script>\n<!-- \/ Yoast SEO plugin. -->","yoast_head_json":{"title":"Dr. Jos\u00e9 Majewski: \"La contrataci\u00f3n de m\u00e9dicos cubanos es una medida desacertada\" - Principios","robots":{"index":"index","follow":"follow","max-snippet":"max-snippet:-1","max-image-preview":"max-image-preview:large","max-video-preview":"max-video-preview:-1"},"canonical":"https:\/\/diarioprincipios.com\/index.php\/2020\/04\/22\/dr-jose-majewski-la-contratacion-de-medicos-cubanos-es-una-medida-desacertada\/","og_locale":"es_ES","og_type":"article","og_title":"Dr. Jos\u00e9 Majewski: \"La contrataci\u00f3n de m\u00e9dicos cubanos es una medida desacertada\" - Principios","og_description":"El doctor Jos\u00e9 Majewski, presidente del Circulo M\u00e9dico de Berazategui y Consejero de la Federaci\u00f3n M\u00e9dica de la Provincia de Buenos Aires, opin\u00f3 que \u00abla contrataci\u00f3n de los m\u00e9dicos cubanos es una medida desacertada y que no aporta nada\u00bb.\u00a0 Seguidamente fundament\u00f3 que \u00aba estos m\u00e9dicos no se les solicita ninguna prueba de capacidad, como se...","og_url":"https:\/\/diarioprincipios.com\/index.php\/2020\/04\/22\/dr-jose-majewski-la-contratacion-de-medicos-cubanos-es-una-medida-desacertada\/","og_site_name":"Principios","article_published_time":"2020-04-22T23:57:37+00:00","article_modified_time":"2020-04-23T00:07:27+00:00","og_image":[{"width":424,"height":321,"url":"https:\/\/diarioprincipios.com\/wp-content\/uploads\/2020\/04\/MAJEWSKY-2.jpg","type":"image\/jpeg"}],"author":"Hern\u00e1n L\u00f3pez","twitter_card":"summary_large_image","twitter_misc":{"Escrito por":"Hern\u00e1n L\u00f3pez","Tiempo de lectura":"2 minutos"},"schema":{"@context":"https:\/\/schema.org","@graph":[{"@type":"Article","@id":"https:\/\/diarioprincipios.com\/index.php\/2020\/04\/22\/dr-jose-majewski-la-contratacion-de-medicos-cubanos-es-una-medida-desacertada\/#article","isPartOf":{"@id":"https:\/\/diarioprincipios.com\/index.php\/2020\/04\/22\/dr-jose-majewski-la-contratacion-de-medicos-cubanos-es-una-medida-desacertada\/"},"author":{"name":"Hern\u00e1n L\u00f3pez","@id":"https:\/\/diarioprincipios.com\/#\/schema\/person\/436d5a1fd41a5e250e23ff5a6a7cb080"},"headline":"Dr. Jos\u00e9 Majewski: \u00abLa contrataci\u00f3n de m\u00e9dicos cubanos es una medida desacertada\u00bb","datePublished":"2020-04-22T23:57:37+00:00","dateModified":"2020-04-23T00:07:27+00:00","mainEntityOfPage":{"@id":"https:\/\/diarioprincipios.com\/index.php\/2020\/04\/22\/dr-jose-majewski-la-contratacion-de-medicos-cubanos-es-una-medida-desacertada\/"},"wordCount":435,"commentCount":0,"publisher":{"@id":"https:\/\/diarioprincipios.com\/#organization"},"image":{"@id":"https:\/\/diarioprincipios.com\/index.php\/2020\/04\/22\/dr-jose-majewski-la-contratacion-de-medicos-cubanos-es-una-medida-desacertada\/#primaryimage"},"thumbnailUrl":"https:\/\/diarioprincipios.com\/wp-content\/uploads\/2020\/04\/MAJEWSKY-2.jpg","articleSection":["Berazategui"],"inLanguage":"es","potentialAction":[{"@type":"CommentAction","name":"Comment","target":["https:\/\/diarioprincipios.com\/index.php\/2020\/04\/22\/dr-jose-majewski-la-contratacion-de-medicos-cubanos-es-una-medida-desacertada\/#respond"]}]},{"@type":"WebPage","@id":"https:\/\/diarioprincipios.com\/index.php\/2020\/04\/22\/dr-jose-majewski-la-contratacion-de-medicos-cubanos-es-una-medida-desacertada\/","url":"https:\/\/diarioprincipios.com\/index.php\/2020\/04\/22\/dr-jose-majewski-la-contratacion-de-medicos-cubanos-es-una-medida-desacertada\/","name":"Dr. Jos\u00e9 Majewski: \"La contrataci\u00f3n de m\u00e9dicos cubanos es una medida desacertada\" - Principios","isPartOf":{"@id":"https:\/\/diarioprincipios.com\/#website"},"primaryImageOfPage":{"@id":"https:\/\/diarioprincipios.com\/index.php\/2020\/04\/22\/dr-jose-majewski-la-contratacion-de-medicos-cubanos-es-una-medida-desacertada\/#primaryimage"},"image":{"@id":"https:\/\/diarioprincipios.com\/index.php\/2020\/04\/22\/dr-jose-majewski-la-contratacion-de-medicos-cubanos-es-una-medida-desacertada\/#primaryimage"},"thumbnailUrl":"https:\/\/diarioprincipios.com\/wp-content\/uploads\/2020\/04\/MAJEWSKY-2.jpg","datePublished":"2020-04-22T23:57:37+00:00","dateModified":"2020-04-23T00:07:27+00:00","breadcrumb":{"@id":"https:\/\/diarioprincipios.com\/index.php\/2020\/04\/22\/dr-jose-majewski-la-contratacion-de-medicos-cubanos-es-una-medida-desacertada\/#breadcrumb"},"inLanguage":"es","potentialAction":[{"@type":"ReadAction","target":["https:\/\/diarioprincipios.com\/index.php\/2020\/04\/22\/dr-jose-majewski-la-contratacion-de-medicos-cubanos-es-una-medida-desacertada\/"]}]},{"@type":"ImageObject","inLanguage":"es","@id":"https:\/\/diarioprincipios.com\/index.php\/2020\/04\/22\/dr-jose-majewski-la-contratacion-de-medicos-cubanos-es-una-medida-desacertada\/#primaryimage","url":"https:\/\/diarioprincipios.com\/wp-content\/uploads\/2020\/04\/MAJEWSKY-2.jpg","contentUrl":"https:\/\/diarioprincipios.com\/wp-content\/uploads\/2020\/04\/MAJEWSKY-2.jpg","width":424,"height":321},{"@type":"BreadcrumbList","@id":"https:\/\/diarioprincipios.com\/index.php\/2020\/04\/22\/dr-jose-majewski-la-contratacion-de-medicos-cubanos-es-una-medida-desacertada\/#breadcrumb","itemListElement":[{"@type":"ListItem","position":1,"name":"Portada","item":"https:\/\/diarioprincipios.com\/"},{"@type":"ListItem","position":2,"name":"Dr. Jos\u00e9 Majewski: \u00abLa contrataci\u00f3n de m\u00e9dicos cubanos es una medida desacertada\u00bb"}]},{"@type":"WebSite","@id":"https:\/\/diarioprincipios.com\/#website","url":"https:\/\/diarioprincipios.com\/","name":"Principios","description":"Principios Diario","publisher":{"@id":"https:\/\/diarioprincipios.com\/#organization"},"potentialAction":[{"@type":"SearchAction","target":{"@type":"EntryPoint","urlTemplate":"https:\/\/diarioprincipios.com\/?s={search_term_string}"},"query-input":{"@type":"PropertyValueSpecification","valueRequired":true,"valueName":"search_term_string"}}],"inLanguage":"es"},{"@type":"Organization","@id":"https:\/\/diarioprincipios.com\/#organization","name":"Principios","url":"https:\/\/diarioprincipios.com\/","logo":{"@type":"ImageObject","inLanguage":"es","@id":"https:\/\/diarioprincipios.com\/#\/schema\/logo\/image\/","url":"https:\/\/diarioprincipios.com\/wp-content\/uploads\/2024\/04\/cropped-www.diarioprincipios.com_-1.png","contentUrl":"https:\/\/diarioprincipios.com\/wp-content\/uploads\/2024\/04\/cropped-www.diarioprincipios.com_-1.png","width":5325,"height":1454,"caption":"Principios"},"image":{"@id":"https:\/\/diarioprincipios.com\/#\/schema\/logo\/image\/"}},{"@type":"Person","@id":"https:\/\/diarioprincipios.com\/#\/schema\/person\/436d5a1fd41a5e250e23ff5a6a7cb080","name":"Hern\u00e1n L\u00f3pez","image":{"@type":"ImageObject","inLanguage":"es","@id":"https:\/\/diarioprincipios.com\/wp-content\/litespeed\/avatar\/11ddfe5610ff3bd100522525b2571f48.jpg?ver=1777048341","url":"https:\/\/diarioprincipios.com\/wp-content\/litespeed\/avatar\/11ddfe5610ff3bd100522525b2571f48.jpg?ver=1777048341","contentUrl":"https:\/\/diarioprincipios.com\/wp-content\/litespeed\/avatar\/11ddfe5610ff3bd100522525b2571f48.jpg?ver=1777048341","caption":"Hern\u00e1n L\u00f3pez"},"url":"https:\/\/diarioprincipios.com\/index.php\/author\/hernan\/"}]}},"jetpack_featured_media_url":"https:\/\/diarioprincipios.com\/wp-content\/uploads\/2020\/04\/MAJEWSKY-2.jpg","_links":{"self":[{"href":"https:\/\/diarioprincipios.com\/index.php\/wp-json\/wp\/v2\/posts\/906","targetHints":{"allow":["GET"]}}],"collection":[{"href":"https:\/\/diarioprincipios.com\/index.php\/wp-json\/wp\/v2\/posts"}],"about":[{"href":"https:\/\/diarioprincipios.com\/index.php\/wp-json\/wp\/v2\/types\/post"}],"author":[{"embeddable":true,"href":"https:\/\/diarioprincipios.com\/index.php\/wp-json\/wp\/v2\/users\/2"}],"replies":[{"embeddable":true,"href":"https:\/\/diarioprincipios.com\/index.php\/wp-json\/wp\/v2\/comments?post=906"}],"version-history":[{"count":2,"href":"https:\/\/diarioprincipios.com\/index.php\/wp-json\/wp\/v2\/posts\/906\/revisions"}],"predecessor-version":[{"id":913,"href":"https:\/\/diarioprincipios.com\/index.php\/wp-json\/wp\/v2\/posts\/906\/revisions\/913"}],"wp:featuredmedia":[{"embeddable":true,"href":"https:\/\/diarioprincipios.com\/index.php\/wp-json\/wp\/v2\/media\/912"}],"wp:attachment":[{"href":"https:\/\/diarioprincipios.com\/index.php\/wp-json\/wp\/v2\/media?parent=906"}],"wp:term":[{"taxonomy":"category","embeddable":true,"href":"https:\/\/diarioprincipios.com\/index.php\/wp-json\/wp\/v2\/categories?post=906"},{"taxonomy":"post_tag","embeddable":true,"href":"https:\/\/diarioprincipios.com\/index.php\/wp-json\/wp\/v2\/tags?post=906"}],"curies":[{"name":"wp","href":"https:\/\/api.w.org\/{rel}","templated":true}]}}