{"id":896,"date":"2020-04-22T17:42:34","date_gmt":"2020-04-22T17:42:34","guid":{"rendered":"http:\/\/diarioprincipios.com\/?p=896"},"modified":"2020-04-22T17:42:36","modified_gmt":"2020-04-22T17:42:36","slug":"matan-a-punaladas-a-un-preso-en-una-pelea-en-penal-de-florencio-varela","status":"publish","type":"post","link":"https:\/\/diarioprincipios.com\/index.php\/2020\/04\/22\/matan-a-punaladas-a-un-preso-en-una-pelea-en-penal-de-florencio-varela\/","title":{"rendered":"Matan a pu\u00f1aladas a un preso en una pelea en Penal de Florencio Varela"},"content":{"rendered":"\n<p>Un preso fue asesinado hoy a pu\u00f1aladas durante una pelea entre dos grupos de reclusos alojados en el sector de m\u00e1xima seguridad de la Unidad 23 de Florencio Varela, informaron fuentes del Servicio Penitenciario Bonaerense (SPB).<\/p>\n\n\n\n<p>Los investigadores intentan determinar si el enfrentamiento se gener\u00f3 cuando uno de los grupos quiso plegarse a las protestas que se llevan a cabo en reclamo de prisiones domiciliarias y medidas de prevenci\u00f3n frente a la pandemia de coronavirus, dijeron fuentes vinculadas a la pesquisa.<\/p>\n\n\n\n<p>\u201cComo consecuencia de una pelea entre dos grupos de internos en una de las c\u00e1rceles de Florencio Varela, uno de los detenidos result\u00f3 fallecido producto de una herida punzante\u201d, indic\u00f3 el SPB en un comunicado.<\/p>\n\n\n\n<p>Seg\u00fan el reporte, \u201cel hecho ocurri\u00f3 esta ma\u00f1ana en la Unidad 23 cuando por razones que se investigan internos con armas caseras (facas) se pelearon en el sector de m\u00e1xima seguridad\u201d.<\/p>\n\n\n\n<p>Fuentes penitenciarias indicaron a T\u00e9lam que se cree que la pelea se inici\u00f3 entre internos que se quer\u00edan plegar a la huelga de hambre iniciada en otros penales bonaerenses en reclamo de beneficios ante la pandemia del coronavirus, y los que no estaban de acuerdo.<\/p>\n\n\n\n<p>\u201cAdem\u00e1s de la persona fallecida hay internos con heridas leves y tambi\u00e9n personal penitenciario que ha sufrido diversas lesiones\u201d, agrega el comunicado.<\/p>\n\n\n\n<p>El SPB se\u00f1al\u00f3 que \u201cde inmediato, personal penitenciario ingres\u00f3 para frenar la reyerta ante la absoluta imposibilidad de entablar un di\u00e1logo\u201d y que pasadas las 13 \u201cse ha podido restablecer el control\u201d y que ya estaban interviniendo la titular de la Unidad Funcional de Instrucci\u00f3n (UFI) 9 de Quilmes, la fiscal Roxana Gim\u00e9nez, y el ayudante fiscal Cristian Granados, quienes ya se encontraban en el penal.<\/p>\n\n\n\n<p>Los disturbios en la Unidad 23 se difundieron a media ma\u00f1ana a partir de una decena de videos subidos a distintas redes sociales, que fueron grabados por los propios presos que tienen celular o familiares de ellos.<\/p>\n\n\n\n<p>En esas grabaciones se escucharon disparos y se vieron algunos disturbios sobre los techos y el interior de los pabellones, algunos presos heridos de bala goma y el desplazamiento de los penitenciarios. \u201cQueremos reclamar nuestros derechos. \u00a1Nos estamos muriendo ac\u00e1 adentro y la Justicia y la Ley no hace nada!\u201d, exclama uno de los internos en un video.<\/p>\n\n\n\n<p>\u201cPedimos las cosas pac\u00edficamente y nos est\u00e1n recagando a tiros arriba de los techos\u201d, se escucha a otro de los presos.<\/p>\n\n\n\n<p>\u201cAc\u00e1 nos tienen reprimidos, est\u00e1n lastimando a toda la poblaci\u00f3n, haciendo abuso de autoridad, d\u00e1ndonos tiros, no nos quieren dar de comer, se roban todo de la cocina. \u00a1Queremos beneficios!\u201d, dijo otro interno en otro video.<\/p>\n\n\n\n<p>La Unidad 23, ubicada sobre el kil\u00f3metro 15,5 de la ruta provincial 53, es una de las cinco \u2013tambi\u00e9n est\u00e1n la 24, 31, 42 y 56- que integran el Complejo Penitenciario de Florencio Varela.<\/p>\n\n\n\n<p>Pese a que ahora est\u00e1 internado en un hospital de Avellaneda, en ese penal estaba cumpliendo su prisi\u00f3n perpetua Juli\u00e1n Arakaki (50), el filicida que en 2012 asesin\u00f3 a su hija de 8 a\u00f1os y es primer preso en contraer coronavirus en el pa\u00eds.<\/p>\n\n\n\n<p>Tambi\u00e9n es la unidad donde cumple prisi\u00f3n preventiva Nicol\u00e1s Pachelo, el imputado por el crimen de Mar\u00eda Marta Garc\u00eda Belsunce y preso tambi\u00e9n por una serie de ocho robos en countries.<\/p>\n","protected":false},"excerpt":{"rendered":"<p>Un preso fue asesinado hoy a pu\u00f1aladas durante una pelea entre dos grupos de reclusos alojados en el sector de m\u00e1xima seguridad de la Unidad 23 de Florencio Varela, informaron fuentes del Servicio Penitenciario Bonaerense (SPB). Los investigadores intentan determinar si el enfrentamiento se gener\u00f3 cuando uno de los grupos quiso plegarse a las protestas&#8230;<\/p>\n","protected":false},"author":2,"featured_media":897,"comment_status":"open","ping_status":"open","sticky":false,"template":"","format":"standard","meta":{"footnotes":""},"categories":[7],"tags":[],"class_list":["post-896","post","type-post","status-publish","format-standard","has-post-thumbnail","hentry","category-provincia"],"featured_image_src":"https:\/\/diarioprincipios.com\/wp-content\/uploads\/2020\/04\/unidad-23.jpg","blog_images":{"medium":"https:\/\/diarioprincipios.com\/wp-content\/uploads\/2020\/04\/unidad-23-300x182.jpg","large":"https:\/\/diarioprincipios.com\/wp-content\/uploads\/2020\/04\/unidad-23.jpg"},"ams_acf":[],"yoast_head":"<!-- This site is optimized with the Yoast SEO plugin v27.3 - https:\/\/yoast.com\/product\/yoast-seo-wordpress\/ -->\n<title>Matan a pu\u00f1aladas a un preso en una pelea en Penal de Florencio Varela - Principios<\/title>\n<meta name=\"robots\" content=\"index, follow, max-snippet:-1, max-image-preview:large, max-video-preview:-1\" \/>\n<link rel=\"canonical\" href=\"https:\/\/diarioprincipios.com\/index.php\/2020\/04\/22\/matan-a-punaladas-a-un-preso-en-una-pelea-en-penal-de-florencio-varela\/\" \/>\n<meta property=\"og:locale\" content=\"es_ES\" \/>\n<meta property=\"og:type\" content=\"article\" \/>\n<meta property=\"og:title\" content=\"Matan a pu\u00f1aladas a un preso en una pelea en Penal de Florencio Varela - Principios\" \/>\n<meta property=\"og:description\" content=\"Un preso fue asesinado hoy a pu\u00f1aladas durante una pelea entre dos grupos de reclusos alojados en el sector de m\u00e1xima seguridad de la Unidad 23 de Florencio Varela, informaron fuentes del Servicio Penitenciario Bonaerense (SPB). Los investigadores intentan determinar si el enfrentamiento se gener\u00f3 cuando uno de los grupos quiso plegarse a las protestas...\" \/>\n<meta property=\"og:url\" content=\"https:\/\/diarioprincipios.com\/index.php\/2020\/04\/22\/matan-a-punaladas-a-un-preso-en-una-pelea-en-penal-de-florencio-varela\/\" \/>\n<meta property=\"og:site_name\" content=\"Principios\" \/>\n<meta property=\"article:published_time\" content=\"2020-04-22T17:42:34+00:00\" \/>\n<meta property=\"article:modified_time\" content=\"2020-04-22T17:42:36+00:00\" \/>\n<meta property=\"og:image\" content=\"https:\/\/diarioprincipios.com\/wp-content\/uploads\/2020\/04\/unidad-23.jpg\" \/>\n\t<meta property=\"og:image:width\" content=\"512\" \/>\n\t<meta property=\"og:image:height\" content=\"310\" \/>\n\t<meta property=\"og:image:type\" content=\"image\/jpeg\" \/>\n<meta name=\"author\" content=\"Hern\u00e1n L\u00f3pez\" \/>\n<meta name=\"twitter:card\" content=\"summary_large_image\" \/>\n<meta name=\"twitter:label1\" content=\"Escrito por\" \/>\n\t<meta name=\"twitter:data1\" content=\"Hern\u00e1n L\u00f3pez\" \/>\n\t<meta name=\"twitter:label2\" content=\"Tiempo de lectura\" \/>\n\t<meta name=\"twitter:data2\" content=\"3 minutos\" \/>\n<script type=\"application\/ld+json\" class=\"yoast-schema-graph\">{\"@context\":\"https:\\\/\\\/schema.org\",\"@graph\":[{\"@type\":\"Article\",\"@id\":\"https:\\\/\\\/diarioprincipios.com\\\/index.php\\\/2020\\\/04\\\/22\\\/matan-a-punaladas-a-un-preso-en-una-pelea-en-penal-de-florencio-varela\\\/#article\",\"isPartOf\":{\"@id\":\"https:\\\/\\\/diarioprincipios.com\\\/index.php\\\/2020\\\/04\\\/22\\\/matan-a-punaladas-a-un-preso-en-una-pelea-en-penal-de-florencio-varela\\\/\"},\"author\":{\"name\":\"Hern\u00e1n L\u00f3pez\",\"@id\":\"https:\\\/\\\/diarioprincipios.com\\\/#\\\/schema\\\/person\\\/436d5a1fd41a5e250e23ff5a6a7cb080\"},\"headline\":\"Matan a pu\u00f1aladas a un preso en una pelea en Penal de Florencio Varela\",\"datePublished\":\"2020-04-22T17:42:34+00:00\",\"dateModified\":\"2020-04-22T17:42:36+00:00\",\"mainEntityOfPage\":{\"@id\":\"https:\\\/\\\/diarioprincipios.com\\\/index.php\\\/2020\\\/04\\\/22\\\/matan-a-punaladas-a-un-preso-en-una-pelea-en-penal-de-florencio-varela\\\/\"},\"wordCount\":576,\"commentCount\":0,\"publisher\":{\"@id\":\"https:\\\/\\\/diarioprincipios.com\\\/#organization\"},\"image\":{\"@id\":\"https:\\\/\\\/diarioprincipios.com\\\/index.php\\\/2020\\\/04\\\/22\\\/matan-a-punaladas-a-un-preso-en-una-pelea-en-penal-de-florencio-varela\\\/#primaryimage\"},\"thumbnailUrl\":\"https:\\\/\\\/diarioprincipios.com\\\/wp-content\\\/uploads\\\/2020\\\/04\\\/unidad-23.jpg\",\"articleSection\":[\"Provincia\"],\"inLanguage\":\"es\",\"potentialAction\":[{\"@type\":\"CommentAction\",\"name\":\"Comment\",\"target\":[\"https:\\\/\\\/diarioprincipios.com\\\/index.php\\\/2020\\\/04\\\/22\\\/matan-a-punaladas-a-un-preso-en-una-pelea-en-penal-de-florencio-varela\\\/#respond\"]}]},{\"@type\":\"WebPage\",\"@id\":\"https:\\\/\\\/diarioprincipios.com\\\/index.php\\\/2020\\\/04\\\/22\\\/matan-a-punaladas-a-un-preso-en-una-pelea-en-penal-de-florencio-varela\\\/\",\"url\":\"https:\\\/\\\/diarioprincipios.com\\\/index.php\\\/2020\\\/04\\\/22\\\/matan-a-punaladas-a-un-preso-en-una-pelea-en-penal-de-florencio-varela\\\/\",\"name\":\"Matan a pu\u00f1aladas a un preso en una pelea en Penal de Florencio Varela - Principios\",\"isPartOf\":{\"@id\":\"https:\\\/\\\/diarioprincipios.com\\\/#website\"},\"primaryImageOfPage\":{\"@id\":\"https:\\\/\\\/diarioprincipios.com\\\/index.php\\\/2020\\\/04\\\/22\\\/matan-a-punaladas-a-un-preso-en-una-pelea-en-penal-de-florencio-varela\\\/#primaryimage\"},\"image\":{\"@id\":\"https:\\\/\\\/diarioprincipios.com\\\/index.php\\\/2020\\\/04\\\/22\\\/matan-a-punaladas-a-un-preso-en-una-pelea-en-penal-de-florencio-varela\\\/#primaryimage\"},\"thumbnailUrl\":\"https:\\\/\\\/diarioprincipios.com\\\/wp-content\\\/uploads\\\/2020\\\/04\\\/unidad-23.jpg\",\"datePublished\":\"2020-04-22T17:42:34+00:00\",\"dateModified\":\"2020-04-22T17:42:36+00:00\",\"breadcrumb\":{\"@id\":\"https:\\\/\\\/diarioprincipios.com\\\/index.php\\\/2020\\\/04\\\/22\\\/matan-a-punaladas-a-un-preso-en-una-pelea-en-penal-de-florencio-varela\\\/#breadcrumb\"},\"inLanguage\":\"es\",\"potentialAction\":[{\"@type\":\"ReadAction\",\"target\":[\"https:\\\/\\\/diarioprincipios.com\\\/index.php\\\/2020\\\/04\\\/22\\\/matan-a-punaladas-a-un-preso-en-una-pelea-en-penal-de-florencio-varela\\\/\"]}]},{\"@type\":\"ImageObject\",\"inLanguage\":\"es\",\"@id\":\"https:\\\/\\\/diarioprincipios.com\\\/index.php\\\/2020\\\/04\\\/22\\\/matan-a-punaladas-a-un-preso-en-una-pelea-en-penal-de-florencio-varela\\\/#primaryimage\",\"url\":\"https:\\\/\\\/diarioprincipios.com\\\/wp-content\\\/uploads\\\/2020\\\/04\\\/unidad-23.jpg\",\"contentUrl\":\"https:\\\/\\\/diarioprincipios.com\\\/wp-content\\\/uploads\\\/2020\\\/04\\\/unidad-23.jpg\",\"width\":512,\"height\":310},{\"@type\":\"BreadcrumbList\",\"@id\":\"https:\\\/\\\/diarioprincipios.com\\\/index.php\\\/2020\\\/04\\\/22\\\/matan-a-punaladas-a-un-preso-en-una-pelea-en-penal-de-florencio-varela\\\/#breadcrumb\",\"itemListElement\":[{\"@type\":\"ListItem\",\"position\":1,\"name\":\"Portada\",\"item\":\"https:\\\/\\\/diarioprincipios.com\\\/\"},{\"@type\":\"ListItem\",\"position\":2,\"name\":\"Matan a pu\u00f1aladas a un preso en una pelea en Penal de Florencio Varela\"}]},{\"@type\":\"WebSite\",\"@id\":\"https:\\\/\\\/diarioprincipios.com\\\/#website\",\"url\":\"https:\\\/\\\/diarioprincipios.com\\\/\",\"name\":\"Principios\",\"description\":\"Principios Diario\",\"publisher\":{\"@id\":\"https:\\\/\\\/diarioprincipios.com\\\/#organization\"},\"potentialAction\":[{\"@type\":\"SearchAction\",\"target\":{\"@type\":\"EntryPoint\",\"urlTemplate\":\"https:\\\/\\\/diarioprincipios.com\\\/?s={search_term_string}\"},\"query-input\":{\"@type\":\"PropertyValueSpecification\",\"valueRequired\":true,\"valueName\":\"search_term_string\"}}],\"inLanguage\":\"es\"},{\"@type\":\"Organization\",\"@id\":\"https:\\\/\\\/diarioprincipios.com\\\/#organization\",\"name\":\"Principios\",\"url\":\"https:\\\/\\\/diarioprincipios.com\\\/\",\"logo\":{\"@type\":\"ImageObject\",\"inLanguage\":\"es\",\"@id\":\"https:\\\/\\\/diarioprincipios.com\\\/#\\\/schema\\\/logo\\\/image\\\/\",\"url\":\"https:\\\/\\\/diarioprincipios.com\\\/wp-content\\\/uploads\\\/2024\\\/04\\\/cropped-www.diarioprincipios.com_-1.png\",\"contentUrl\":\"https:\\\/\\\/diarioprincipios.com\\\/wp-content\\\/uploads\\\/2024\\\/04\\\/cropped-www.diarioprincipios.com_-1.png\",\"width\":5325,\"height\":1454,\"caption\":\"Principios\"},\"image\":{\"@id\":\"https:\\\/\\\/diarioprincipios.com\\\/#\\\/schema\\\/logo\\\/image\\\/\"}},{\"@type\":\"Person\",\"@id\":\"https:\\\/\\\/diarioprincipios.com\\\/#\\\/schema\\\/person\\\/436d5a1fd41a5e250e23ff5a6a7cb080\",\"name\":\"Hern\u00e1n L\u00f3pez\",\"image\":{\"@type\":\"ImageObject\",\"inLanguage\":\"es\",\"@id\":\"https:\\\/\\\/diarioprincipios.com\\\/wp-content\\\/litespeed\\\/avatar\\\/11ddfe5610ff3bd100522525b2571f48.jpg?ver=1777048341\",\"url\":\"https:\\\/\\\/diarioprincipios.com\\\/wp-content\\\/litespeed\\\/avatar\\\/11ddfe5610ff3bd100522525b2571f48.jpg?ver=1777048341\",\"contentUrl\":\"https:\\\/\\\/diarioprincipios.com\\\/wp-content\\\/litespeed\\\/avatar\\\/11ddfe5610ff3bd100522525b2571f48.jpg?ver=1777048341\",\"caption\":\"Hern\u00e1n L\u00f3pez\"},\"url\":\"https:\\\/\\\/diarioprincipios.com\\\/index.php\\\/author\\\/hernan\\\/\"}]}<\/script>\n<!-- \/ Yoast SEO plugin. -->","yoast_head_json":{"title":"Matan a pu\u00f1aladas a un preso en una pelea en Penal de Florencio Varela - Principios","robots":{"index":"index","follow":"follow","max-snippet":"max-snippet:-1","max-image-preview":"max-image-preview:large","max-video-preview":"max-video-preview:-1"},"canonical":"https:\/\/diarioprincipios.com\/index.php\/2020\/04\/22\/matan-a-punaladas-a-un-preso-en-una-pelea-en-penal-de-florencio-varela\/","og_locale":"es_ES","og_type":"article","og_title":"Matan a pu\u00f1aladas a un preso en una pelea en Penal de Florencio Varela - Principios","og_description":"Un preso fue asesinado hoy a pu\u00f1aladas durante una pelea entre dos grupos de reclusos alojados en el sector de m\u00e1xima seguridad de la Unidad 23 de Florencio Varela, informaron fuentes del Servicio Penitenciario Bonaerense (SPB). Los investigadores intentan determinar si el enfrentamiento se gener\u00f3 cuando uno de los grupos quiso plegarse a las protestas...","og_url":"https:\/\/diarioprincipios.com\/index.php\/2020\/04\/22\/matan-a-punaladas-a-un-preso-en-una-pelea-en-penal-de-florencio-varela\/","og_site_name":"Principios","article_published_time":"2020-04-22T17:42:34+00:00","article_modified_time":"2020-04-22T17:42:36+00:00","og_image":[{"width":512,"height":310,"url":"https:\/\/diarioprincipios.com\/wp-content\/uploads\/2020\/04\/unidad-23.jpg","type":"image\/jpeg"}],"author":"Hern\u00e1n L\u00f3pez","twitter_card":"summary_large_image","twitter_misc":{"Escrito por":"Hern\u00e1n L\u00f3pez","Tiempo de lectura":"3 minutos"},"schema":{"@context":"https:\/\/schema.org","@graph":[{"@type":"Article","@id":"https:\/\/diarioprincipios.com\/index.php\/2020\/04\/22\/matan-a-punaladas-a-un-preso-en-una-pelea-en-penal-de-florencio-varela\/#article","isPartOf":{"@id":"https:\/\/diarioprincipios.com\/index.php\/2020\/04\/22\/matan-a-punaladas-a-un-preso-en-una-pelea-en-penal-de-florencio-varela\/"},"author":{"name":"Hern\u00e1n L\u00f3pez","@id":"https:\/\/diarioprincipios.com\/#\/schema\/person\/436d5a1fd41a5e250e23ff5a6a7cb080"},"headline":"Matan a pu\u00f1aladas a un preso en una pelea en Penal de Florencio Varela","datePublished":"2020-04-22T17:42:34+00:00","dateModified":"2020-04-22T17:42:36+00:00","mainEntityOfPage":{"@id":"https:\/\/diarioprincipios.com\/index.php\/2020\/04\/22\/matan-a-punaladas-a-un-preso-en-una-pelea-en-penal-de-florencio-varela\/"},"wordCount":576,"commentCount":0,"publisher":{"@id":"https:\/\/diarioprincipios.com\/#organization"},"image":{"@id":"https:\/\/diarioprincipios.com\/index.php\/2020\/04\/22\/matan-a-punaladas-a-un-preso-en-una-pelea-en-penal-de-florencio-varela\/#primaryimage"},"thumbnailUrl":"https:\/\/diarioprincipios.com\/wp-content\/uploads\/2020\/04\/unidad-23.jpg","articleSection":["Provincia"],"inLanguage":"es","potentialAction":[{"@type":"CommentAction","name":"Comment","target":["https:\/\/diarioprincipios.com\/index.php\/2020\/04\/22\/matan-a-punaladas-a-un-preso-en-una-pelea-en-penal-de-florencio-varela\/#respond"]}]},{"@type":"WebPage","@id":"https:\/\/diarioprincipios.com\/index.php\/2020\/04\/22\/matan-a-punaladas-a-un-preso-en-una-pelea-en-penal-de-florencio-varela\/","url":"https:\/\/diarioprincipios.com\/index.php\/2020\/04\/22\/matan-a-punaladas-a-un-preso-en-una-pelea-en-penal-de-florencio-varela\/","name":"Matan a pu\u00f1aladas a un preso en una pelea en Penal de Florencio Varela - Principios","isPartOf":{"@id":"https:\/\/diarioprincipios.com\/#website"},"primaryImageOfPage":{"@id":"https:\/\/diarioprincipios.com\/index.php\/2020\/04\/22\/matan-a-punaladas-a-un-preso-en-una-pelea-en-penal-de-florencio-varela\/#primaryimage"},"image":{"@id":"https:\/\/diarioprincipios.com\/index.php\/2020\/04\/22\/matan-a-punaladas-a-un-preso-en-una-pelea-en-penal-de-florencio-varela\/#primaryimage"},"thumbnailUrl":"https:\/\/diarioprincipios.com\/wp-content\/uploads\/2020\/04\/unidad-23.jpg","datePublished":"2020-04-22T17:42:34+00:00","dateModified":"2020-04-22T17:42:36+00:00","breadcrumb":{"@id":"https:\/\/diarioprincipios.com\/index.php\/2020\/04\/22\/matan-a-punaladas-a-un-preso-en-una-pelea-en-penal-de-florencio-varela\/#breadcrumb"},"inLanguage":"es","potentialAction":[{"@type":"ReadAction","target":["https:\/\/diarioprincipios.com\/index.php\/2020\/04\/22\/matan-a-punaladas-a-un-preso-en-una-pelea-en-penal-de-florencio-varela\/"]}]},{"@type":"ImageObject","inLanguage":"es","@id":"https:\/\/diarioprincipios.com\/index.php\/2020\/04\/22\/matan-a-punaladas-a-un-preso-en-una-pelea-en-penal-de-florencio-varela\/#primaryimage","url":"https:\/\/diarioprincipios.com\/wp-content\/uploads\/2020\/04\/unidad-23.jpg","contentUrl":"https:\/\/diarioprincipios.com\/wp-content\/uploads\/2020\/04\/unidad-23.jpg","width":512,"height":310},{"@type":"BreadcrumbList","@id":"https:\/\/diarioprincipios.com\/index.php\/2020\/04\/22\/matan-a-punaladas-a-un-preso-en-una-pelea-en-penal-de-florencio-varela\/#breadcrumb","itemListElement":[{"@type":"ListItem","position":1,"name":"Portada","item":"https:\/\/diarioprincipios.com\/"},{"@type":"ListItem","position":2,"name":"Matan a pu\u00f1aladas a un preso en una pelea en Penal de Florencio Varela"}]},{"@type":"WebSite","@id":"https:\/\/diarioprincipios.com\/#website","url":"https:\/\/diarioprincipios.com\/","name":"Principios","description":"Principios Diario","publisher":{"@id":"https:\/\/diarioprincipios.com\/#organization"},"potentialAction":[{"@type":"SearchAction","target":{"@type":"EntryPoint","urlTemplate":"https:\/\/diarioprincipios.com\/?s={search_term_string}"},"query-input":{"@type":"PropertyValueSpecification","valueRequired":true,"valueName":"search_term_string"}}],"inLanguage":"es"},{"@type":"Organization","@id":"https:\/\/diarioprincipios.com\/#organization","name":"Principios","url":"https:\/\/diarioprincipios.com\/","logo":{"@type":"ImageObject","inLanguage":"es","@id":"https:\/\/diarioprincipios.com\/#\/schema\/logo\/image\/","url":"https:\/\/diarioprincipios.com\/wp-content\/uploads\/2024\/04\/cropped-www.diarioprincipios.com_-1.png","contentUrl":"https:\/\/diarioprincipios.com\/wp-content\/uploads\/2024\/04\/cropped-www.diarioprincipios.com_-1.png","width":5325,"height":1454,"caption":"Principios"},"image":{"@id":"https:\/\/diarioprincipios.com\/#\/schema\/logo\/image\/"}},{"@type":"Person","@id":"https:\/\/diarioprincipios.com\/#\/schema\/person\/436d5a1fd41a5e250e23ff5a6a7cb080","name":"Hern\u00e1n L\u00f3pez","image":{"@type":"ImageObject","inLanguage":"es","@id":"https:\/\/diarioprincipios.com\/wp-content\/litespeed\/avatar\/11ddfe5610ff3bd100522525b2571f48.jpg?ver=1777048341","url":"https:\/\/diarioprincipios.com\/wp-content\/litespeed\/avatar\/11ddfe5610ff3bd100522525b2571f48.jpg?ver=1777048341","contentUrl":"https:\/\/diarioprincipios.com\/wp-content\/litespeed\/avatar\/11ddfe5610ff3bd100522525b2571f48.jpg?ver=1777048341","caption":"Hern\u00e1n L\u00f3pez"},"url":"https:\/\/diarioprincipios.com\/index.php\/author\/hernan\/"}]}},"jetpack_featured_media_url":"https:\/\/diarioprincipios.com\/wp-content\/uploads\/2020\/04\/unidad-23.jpg","_links":{"self":[{"href":"https:\/\/diarioprincipios.com\/index.php\/wp-json\/wp\/v2\/posts\/896","targetHints":{"allow":["GET"]}}],"collection":[{"href":"https:\/\/diarioprincipios.com\/index.php\/wp-json\/wp\/v2\/posts"}],"about":[{"href":"https:\/\/diarioprincipios.com\/index.php\/wp-json\/wp\/v2\/types\/post"}],"author":[{"embeddable":true,"href":"https:\/\/diarioprincipios.com\/index.php\/wp-json\/wp\/v2\/users\/2"}],"replies":[{"embeddable":true,"href":"https:\/\/diarioprincipios.com\/index.php\/wp-json\/wp\/v2\/comments?post=896"}],"version-history":[{"count":1,"href":"https:\/\/diarioprincipios.com\/index.php\/wp-json\/wp\/v2\/posts\/896\/revisions"}],"predecessor-version":[{"id":898,"href":"https:\/\/diarioprincipios.com\/index.php\/wp-json\/wp\/v2\/posts\/896\/revisions\/898"}],"wp:featuredmedia":[{"embeddable":true,"href":"https:\/\/diarioprincipios.com\/index.php\/wp-json\/wp\/v2\/media\/897"}],"wp:attachment":[{"href":"https:\/\/diarioprincipios.com\/index.php\/wp-json\/wp\/v2\/media?parent=896"}],"wp:term":[{"taxonomy":"category","embeddable":true,"href":"https:\/\/diarioprincipios.com\/index.php\/wp-json\/wp\/v2\/categories?post=896"},{"taxonomy":"post_tag","embeddable":true,"href":"https:\/\/diarioprincipios.com\/index.php\/wp-json\/wp\/v2\/tags?post=896"}],"curies":[{"name":"wp","href":"https:\/\/api.w.org\/{rel}","templated":true}]}}