{"id":8741,"date":"2021-02-28T14:57:49","date_gmt":"2021-02-28T17:57:49","guid":{"rendered":"http:\/\/diarioprincipios.com\/?p=8741"},"modified":"2021-02-28T14:57:56","modified_gmt":"2021-02-28T17:57:56","slug":"trotta-estima-que-la-vacunacion-a-docentes-y-no-docentes-estara-completa-en-tres-meses","status":"publish","type":"post","link":"https:\/\/diarioprincipios.com\/index.php\/2021\/02\/28\/trotta-estima-que-la-vacunacion-a-docentes-y-no-docentes-estara-completa-en-tres-meses\/","title":{"rendered":"Trotta estima que la vacunaci\u00f3n a docentes y no docentes estar\u00e1 completa \u00aben tres meses\u00bb"},"content":{"rendered":"\n<p>El ministro de Educaci\u00f3n, Nicol\u00e1s Trotta, estim\u00f3 hoy que el proceso de vacunaci\u00f3n contra el coronavirus a docentes y no docentes, que abarca a m\u00e1s de 1,4 millones de personas, podr\u00eda estar completo \u00aben tres meses, aproximadamente\u00bb.<\/p>\n\n\n\n<p>\u00abNosotros calculamos que en tres meses, aproximadamente, vamos a poder tener a todo el personal vacunado\u00bb, dijo Trotta al hablar sobre el plan para vacunar a 1.450.000 trabajadores y trabajadoras de la educaci\u00f3n.<\/p>\n\n\n\n<p>El funcionario as\u00ed lo asegur\u00f3 en di\u00e1logo con radio Mitre, en la v\u00edspera del inicio del ciclo lectivo en 16 provincias que se suman a las cuatro que ya hab\u00edan comenzado las clases.<\/p>\n\n\n\n<p>Trotta asegur\u00f3 que la reapertura de las escuelas en gran parte del territorio argentino \u00abes un paso muy importante\u00bb para \u00abproteger la presencialidad en la escuela\u00bb, como lo fue tambi\u00e9n la paritaria nacional docente sellada la semana pasada y como lo ser\u00e1 tambi\u00e9n \u00abel proceso de vacunaci\u00f3n\u00bb.<\/p>\n\n\n\n<p>En este sentido, reafirm\u00f3 que es \u00abprioritario\u00bb el proceso de vacunaci\u00f3n de \u00abnuestras maestras y maestros\u00bb y ratific\u00f3 que esperan que esa tarea \u00abse pueda iniciar esta semana de manera escalonada en los distintos puntos del pa\u00eds\u00bb.<\/p>\n\n\n\n<p>\u00abPor eso iniciamos el jueves un proceso de inscripci\u00f3n tanto a nivel nacional como en cada una de las jurisdicciones, para poder ordenar la propia prioridad que acordamos con las provincias, para empezar con la educaci\u00f3n inicial, la educaci\u00f3n especial, el primer ciclo de la escuela primaria y los directivos; lo que suma casi 450 mil docentes\u00bb, detall\u00f3 el ministro en la entrevista que brind\u00f3 esta ma\u00f1ana.<\/p>\n\n\n\n<p>A partir de este registro, el Gobierno espera \u00abpoder tener el horizonte\u00bb de cu\u00e1ndo ser\u00e1 completado el proceso de vacunaci\u00f3n. \u00abNo digo a todos, porque quiz\u00e1s no todos acepten ser vacunados, pero s\u00ed una porci\u00f3n muy importante\u00bb de las y los docentes, se\u00f1al\u00f3 Trotta.<\/p>\n\n\n\n<p>El ministro asegur\u00f3 que la vacunaci\u00f3n se implementa \u00abcontrarreloj\u00bb porque se debe \u00abaprovechar el verano y el oto\u00f1o para inmunizar a toda nuestra comunidad educativa\u00bb, de modo que esto permita \u00absostener esta presencialidad cuidada con la llegada del invierno\u00bb.<\/p>\n\n\n\n<p>Por otro lado, Trotta defendi\u00f3 la pol\u00edtica adoptada por el Gobierno nacional de incluir a los docentes como uno de los cinco grupos prioritarios para la vacunaci\u00f3n: \u00abPara nosotros los protocolos son fundamentales para el regreso a la presencialidad como tambi\u00e9n esta priorizaci\u00f3n en la vacunaci\u00f3n\u00bb.<\/p>\n\n\n\n<p>\u00abEn este caso, la discusi\u00f3n es c\u00f3mo aceleramos la vacunaci\u00f3n de los maestros para proteger la presencialidad, que tiene una enorme importancia no solo por los aprendizajes y el impacto subjetivo que han tenidos nuestros chicos y chicas a lo largo del 2020, sino porque la escuela es un espacio donde se garantizan otros derechos en la Argentina\u00bb, remarc\u00f3 el ministro.<\/p>\n\n\n\n<p>En otro orden, Trotta destac\u00f3 que, en funci\u00f3n de la paritaria nacional docente, \u00abning\u00fan docente va a ganar menos de 31 mil pesos de bolsillo en el mes de marzo en todo el territorio argentino\u00bb.<\/p>\n\n\n\n<p>Por otro lado, tambi\u00e9n se refiri\u00f3 a su propia vacunaci\u00f3n: \u00abYo no me he vacunado; me vacunar\u00e9 cuando la autoridad sanitaria disponga que sea necesario. No me ofrecieron vacunar y nadie de nuestro ministerio se ha vacunado hasta el momento\u00bb, afirm\u00f3.<\/p>\n","protected":false},"excerpt":{"rendered":"<p>El ministro de Educaci\u00f3n, Nicol\u00e1s Trotta, estim\u00f3 hoy que el proceso de vacunaci\u00f3n contra el coronavirus a docentes y no docentes, que abarca a m\u00e1s de 1,4 millones de personas, podr\u00eda estar completo \u00aben tres meses, aproximadamente\u00bb. \u00abNosotros calculamos que en tres meses, aproximadamente, vamos a poder tener a todo el personal vacunado\u00bb, dijo Trotta&#8230;<\/p>\n","protected":false},"author":2,"featured_media":8742,"comment_status":"open","ping_status":"open","sticky":false,"template":"","format":"standard","meta":{"footnotes":""},"categories":[7],"tags":[],"class_list":["post-8741","post","type-post","status-publish","format-standard","has-post-thumbnail","hentry","category-provincia"],"featured_image_src":"https:\/\/diarioprincipios.com\/wp-content\/uploads\/2021\/02\/20210228_145433.jpg","blog_images":{"medium":"https:\/\/diarioprincipios.com\/wp-content\/uploads\/2021\/02\/20210228_145433-300x175.jpg","large":"https:\/\/diarioprincipios.com\/wp-content\/uploads\/2021\/02\/20210228_145433.jpg"},"ams_acf":[],"yoast_head":"<!-- This site is optimized with the Yoast SEO plugin v27.3 - https:\/\/yoast.com\/product\/yoast-seo-wordpress\/ -->\n<title>Trotta estima que la vacunaci\u00f3n a docentes y no docentes estar\u00e1 completa &quot;en tres meses&quot; - Principios<\/title>\n<meta name=\"robots\" content=\"index, follow, max-snippet:-1, max-image-preview:large, max-video-preview:-1\" \/>\n<link rel=\"canonical\" href=\"https:\/\/diarioprincipios.com\/index.php\/2021\/02\/28\/trotta-estima-que-la-vacunacion-a-docentes-y-no-docentes-estara-completa-en-tres-meses\/\" \/>\n<meta property=\"og:locale\" content=\"es_ES\" \/>\n<meta property=\"og:type\" content=\"article\" \/>\n<meta property=\"og:title\" content=\"Trotta estima que la vacunaci\u00f3n a docentes y no docentes estar\u00e1 completa &quot;en tres meses&quot; - Principios\" \/>\n<meta property=\"og:description\" content=\"El ministro de Educaci\u00f3n, Nicol\u00e1s Trotta, estim\u00f3 hoy que el proceso de vacunaci\u00f3n contra el coronavirus a docentes y no docentes, que abarca a m\u00e1s de 1,4 millones de personas, podr\u00eda estar completo \u00aben tres meses, aproximadamente\u00bb. \u00abNosotros calculamos que en tres meses, aproximadamente, vamos a poder tener a todo el personal vacunado\u00bb, dijo Trotta...\" \/>\n<meta property=\"og:url\" content=\"https:\/\/diarioprincipios.com\/index.php\/2021\/02\/28\/trotta-estima-que-la-vacunacion-a-docentes-y-no-docentes-estara-completa-en-tres-meses\/\" \/>\n<meta property=\"og:site_name\" content=\"Principios\" \/>\n<meta property=\"article:published_time\" content=\"2021-02-28T17:57:49+00:00\" \/>\n<meta property=\"article:modified_time\" content=\"2021-02-28T17:57:56+00:00\" \/>\n<meta property=\"og:image\" content=\"https:\/\/diarioprincipios.com\/wp-content\/uploads\/2021\/02\/20210228_145433.jpg\" \/>\n\t<meta property=\"og:image:width\" content=\"692\" \/>\n\t<meta property=\"og:image:height\" content=\"403\" \/>\n\t<meta property=\"og:image:type\" content=\"image\/jpeg\" \/>\n<meta name=\"author\" content=\"Hern\u00e1n L\u00f3pez\" \/>\n<meta name=\"twitter:card\" content=\"summary_large_image\" \/>\n<meta name=\"twitter:label1\" content=\"Escrito por\" \/>\n\t<meta name=\"twitter:data1\" content=\"Hern\u00e1n L\u00f3pez\" \/>\n\t<meta name=\"twitter:label2\" content=\"Tiempo de lectura\" \/>\n\t<meta name=\"twitter:data2\" content=\"3 minutos\" \/>\n<script type=\"application\/ld+json\" class=\"yoast-schema-graph\">{\"@context\":\"https:\\\/\\\/schema.org\",\"@graph\":[{\"@type\":\"Article\",\"@id\":\"https:\\\/\\\/diarioprincipios.com\\\/index.php\\\/2021\\\/02\\\/28\\\/trotta-estima-que-la-vacunacion-a-docentes-y-no-docentes-estara-completa-en-tres-meses\\\/#article\",\"isPartOf\":{\"@id\":\"https:\\\/\\\/diarioprincipios.com\\\/index.php\\\/2021\\\/02\\\/28\\\/trotta-estima-que-la-vacunacion-a-docentes-y-no-docentes-estara-completa-en-tres-meses\\\/\"},\"author\":{\"name\":\"Hern\u00e1n L\u00f3pez\",\"@id\":\"https:\\\/\\\/diarioprincipios.com\\\/#\\\/schema\\\/person\\\/436d5a1fd41a5e250e23ff5a6a7cb080\"},\"headline\":\"Trotta estima que la vacunaci\u00f3n a docentes y no docentes estar\u00e1 completa \u00aben tres meses\u00bb\",\"datePublished\":\"2021-02-28T17:57:49+00:00\",\"dateModified\":\"2021-02-28T17:57:56+00:00\",\"mainEntityOfPage\":{\"@id\":\"https:\\\/\\\/diarioprincipios.com\\\/index.php\\\/2021\\\/02\\\/28\\\/trotta-estima-que-la-vacunacion-a-docentes-y-no-docentes-estara-completa-en-tres-meses\\\/\"},\"wordCount\":567,\"commentCount\":0,\"publisher\":{\"@id\":\"https:\\\/\\\/diarioprincipios.com\\\/#organization\"},\"image\":{\"@id\":\"https:\\\/\\\/diarioprincipios.com\\\/index.php\\\/2021\\\/02\\\/28\\\/trotta-estima-que-la-vacunacion-a-docentes-y-no-docentes-estara-completa-en-tres-meses\\\/#primaryimage\"},\"thumbnailUrl\":\"https:\\\/\\\/diarioprincipios.com\\\/wp-content\\\/uploads\\\/2021\\\/02\\\/20210228_145433.jpg\",\"articleSection\":[\"Provincia\"],\"inLanguage\":\"es\",\"potentialAction\":[{\"@type\":\"CommentAction\",\"name\":\"Comment\",\"target\":[\"https:\\\/\\\/diarioprincipios.com\\\/index.php\\\/2021\\\/02\\\/28\\\/trotta-estima-que-la-vacunacion-a-docentes-y-no-docentes-estara-completa-en-tres-meses\\\/#respond\"]}]},{\"@type\":\"WebPage\",\"@id\":\"https:\\\/\\\/diarioprincipios.com\\\/index.php\\\/2021\\\/02\\\/28\\\/trotta-estima-que-la-vacunacion-a-docentes-y-no-docentes-estara-completa-en-tres-meses\\\/\",\"url\":\"https:\\\/\\\/diarioprincipios.com\\\/index.php\\\/2021\\\/02\\\/28\\\/trotta-estima-que-la-vacunacion-a-docentes-y-no-docentes-estara-completa-en-tres-meses\\\/\",\"name\":\"Trotta estima que la vacunaci\u00f3n a docentes y no docentes estar\u00e1 completa \\\"en tres meses\\\" - Principios\",\"isPartOf\":{\"@id\":\"https:\\\/\\\/diarioprincipios.com\\\/#website\"},\"primaryImageOfPage\":{\"@id\":\"https:\\\/\\\/diarioprincipios.com\\\/index.php\\\/2021\\\/02\\\/28\\\/trotta-estima-que-la-vacunacion-a-docentes-y-no-docentes-estara-completa-en-tres-meses\\\/#primaryimage\"},\"image\":{\"@id\":\"https:\\\/\\\/diarioprincipios.com\\\/index.php\\\/2021\\\/02\\\/28\\\/trotta-estima-que-la-vacunacion-a-docentes-y-no-docentes-estara-completa-en-tres-meses\\\/#primaryimage\"},\"thumbnailUrl\":\"https:\\\/\\\/diarioprincipios.com\\\/wp-content\\\/uploads\\\/2021\\\/02\\\/20210228_145433.jpg\",\"datePublished\":\"2021-02-28T17:57:49+00:00\",\"dateModified\":\"2021-02-28T17:57:56+00:00\",\"breadcrumb\":{\"@id\":\"https:\\\/\\\/diarioprincipios.com\\\/index.php\\\/2021\\\/02\\\/28\\\/trotta-estima-que-la-vacunacion-a-docentes-y-no-docentes-estara-completa-en-tres-meses\\\/#breadcrumb\"},\"inLanguage\":\"es\",\"potentialAction\":[{\"@type\":\"ReadAction\",\"target\":[\"https:\\\/\\\/diarioprincipios.com\\\/index.php\\\/2021\\\/02\\\/28\\\/trotta-estima-que-la-vacunacion-a-docentes-y-no-docentes-estara-completa-en-tres-meses\\\/\"]}]},{\"@type\":\"ImageObject\",\"inLanguage\":\"es\",\"@id\":\"https:\\\/\\\/diarioprincipios.com\\\/index.php\\\/2021\\\/02\\\/28\\\/trotta-estima-que-la-vacunacion-a-docentes-y-no-docentes-estara-completa-en-tres-meses\\\/#primaryimage\",\"url\":\"https:\\\/\\\/diarioprincipios.com\\\/wp-content\\\/uploads\\\/2021\\\/02\\\/20210228_145433.jpg\",\"contentUrl\":\"https:\\\/\\\/diarioprincipios.com\\\/wp-content\\\/uploads\\\/2021\\\/02\\\/20210228_145433.jpg\",\"width\":692,\"height\":403},{\"@type\":\"BreadcrumbList\",\"@id\":\"https:\\\/\\\/diarioprincipios.com\\\/index.php\\\/2021\\\/02\\\/28\\\/trotta-estima-que-la-vacunacion-a-docentes-y-no-docentes-estara-completa-en-tres-meses\\\/#breadcrumb\",\"itemListElement\":[{\"@type\":\"ListItem\",\"position\":1,\"name\":\"Portada\",\"item\":\"https:\\\/\\\/diarioprincipios.com\\\/\"},{\"@type\":\"ListItem\",\"position\":2,\"name\":\"Trotta estima que la vacunaci\u00f3n a docentes y no docentes estar\u00e1 completa \u00aben tres meses\u00bb\"}]},{\"@type\":\"WebSite\",\"@id\":\"https:\\\/\\\/diarioprincipios.com\\\/#website\",\"url\":\"https:\\\/\\\/diarioprincipios.com\\\/\",\"name\":\"Principios\",\"description\":\"Principios Diario\",\"publisher\":{\"@id\":\"https:\\\/\\\/diarioprincipios.com\\\/#organization\"},\"potentialAction\":[{\"@type\":\"SearchAction\",\"target\":{\"@type\":\"EntryPoint\",\"urlTemplate\":\"https:\\\/\\\/diarioprincipios.com\\\/?s={search_term_string}\"},\"query-input\":{\"@type\":\"PropertyValueSpecification\",\"valueRequired\":true,\"valueName\":\"search_term_string\"}}],\"inLanguage\":\"es\"},{\"@type\":\"Organization\",\"@id\":\"https:\\\/\\\/diarioprincipios.com\\\/#organization\",\"name\":\"Principios\",\"url\":\"https:\\\/\\\/diarioprincipios.com\\\/\",\"logo\":{\"@type\":\"ImageObject\",\"inLanguage\":\"es\",\"@id\":\"https:\\\/\\\/diarioprincipios.com\\\/#\\\/schema\\\/logo\\\/image\\\/\",\"url\":\"https:\\\/\\\/diarioprincipios.com\\\/wp-content\\\/uploads\\\/2024\\\/04\\\/cropped-www.diarioprincipios.com_-1.png\",\"contentUrl\":\"https:\\\/\\\/diarioprincipios.com\\\/wp-content\\\/uploads\\\/2024\\\/04\\\/cropped-www.diarioprincipios.com_-1.png\",\"width\":5325,\"height\":1454,\"caption\":\"Principios\"},\"image\":{\"@id\":\"https:\\\/\\\/diarioprincipios.com\\\/#\\\/schema\\\/logo\\\/image\\\/\"}},{\"@type\":\"Person\",\"@id\":\"https:\\\/\\\/diarioprincipios.com\\\/#\\\/schema\\\/person\\\/436d5a1fd41a5e250e23ff5a6a7cb080\",\"name\":\"Hern\u00e1n L\u00f3pez\",\"image\":{\"@type\":\"ImageObject\",\"inLanguage\":\"es\",\"@id\":\"https:\\\/\\\/diarioprincipios.com\\\/wp-content\\\/litespeed\\\/avatar\\\/11ddfe5610ff3bd100522525b2571f48.jpg?ver=1777048341\",\"url\":\"https:\\\/\\\/diarioprincipios.com\\\/wp-content\\\/litespeed\\\/avatar\\\/11ddfe5610ff3bd100522525b2571f48.jpg?ver=1777048341\",\"contentUrl\":\"https:\\\/\\\/diarioprincipios.com\\\/wp-content\\\/litespeed\\\/avatar\\\/11ddfe5610ff3bd100522525b2571f48.jpg?ver=1777048341\",\"caption\":\"Hern\u00e1n L\u00f3pez\"},\"url\":\"https:\\\/\\\/diarioprincipios.com\\\/index.php\\\/author\\\/hernan\\\/\"}]}<\/script>\n<!-- \/ Yoast SEO plugin. -->","yoast_head_json":{"title":"Trotta estima que la vacunaci\u00f3n a docentes y no docentes estar\u00e1 completa \"en tres meses\" - Principios","robots":{"index":"index","follow":"follow","max-snippet":"max-snippet:-1","max-image-preview":"max-image-preview:large","max-video-preview":"max-video-preview:-1"},"canonical":"https:\/\/diarioprincipios.com\/index.php\/2021\/02\/28\/trotta-estima-que-la-vacunacion-a-docentes-y-no-docentes-estara-completa-en-tres-meses\/","og_locale":"es_ES","og_type":"article","og_title":"Trotta estima que la vacunaci\u00f3n a docentes y no docentes estar\u00e1 completa \"en tres meses\" - Principios","og_description":"El ministro de Educaci\u00f3n, Nicol\u00e1s Trotta, estim\u00f3 hoy que el proceso de vacunaci\u00f3n contra el coronavirus a docentes y no docentes, que abarca a m\u00e1s de 1,4 millones de personas, podr\u00eda estar completo \u00aben tres meses, aproximadamente\u00bb. \u00abNosotros calculamos que en tres meses, aproximadamente, vamos a poder tener a todo el personal vacunado\u00bb, dijo Trotta...","og_url":"https:\/\/diarioprincipios.com\/index.php\/2021\/02\/28\/trotta-estima-que-la-vacunacion-a-docentes-y-no-docentes-estara-completa-en-tres-meses\/","og_site_name":"Principios","article_published_time":"2021-02-28T17:57:49+00:00","article_modified_time":"2021-02-28T17:57:56+00:00","og_image":[{"width":692,"height":403,"url":"https:\/\/diarioprincipios.com\/wp-content\/uploads\/2021\/02\/20210228_145433.jpg","type":"image\/jpeg"}],"author":"Hern\u00e1n L\u00f3pez","twitter_card":"summary_large_image","twitter_misc":{"Escrito por":"Hern\u00e1n L\u00f3pez","Tiempo de lectura":"3 minutos"},"schema":{"@context":"https:\/\/schema.org","@graph":[{"@type":"Article","@id":"https:\/\/diarioprincipios.com\/index.php\/2021\/02\/28\/trotta-estima-que-la-vacunacion-a-docentes-y-no-docentes-estara-completa-en-tres-meses\/#article","isPartOf":{"@id":"https:\/\/diarioprincipios.com\/index.php\/2021\/02\/28\/trotta-estima-que-la-vacunacion-a-docentes-y-no-docentes-estara-completa-en-tres-meses\/"},"author":{"name":"Hern\u00e1n L\u00f3pez","@id":"https:\/\/diarioprincipios.com\/#\/schema\/person\/436d5a1fd41a5e250e23ff5a6a7cb080"},"headline":"Trotta estima que la vacunaci\u00f3n a docentes y no docentes estar\u00e1 completa \u00aben tres meses\u00bb","datePublished":"2021-02-28T17:57:49+00:00","dateModified":"2021-02-28T17:57:56+00:00","mainEntityOfPage":{"@id":"https:\/\/diarioprincipios.com\/index.php\/2021\/02\/28\/trotta-estima-que-la-vacunacion-a-docentes-y-no-docentes-estara-completa-en-tres-meses\/"},"wordCount":567,"commentCount":0,"publisher":{"@id":"https:\/\/diarioprincipios.com\/#organization"},"image":{"@id":"https:\/\/diarioprincipios.com\/index.php\/2021\/02\/28\/trotta-estima-que-la-vacunacion-a-docentes-y-no-docentes-estara-completa-en-tres-meses\/#primaryimage"},"thumbnailUrl":"https:\/\/diarioprincipios.com\/wp-content\/uploads\/2021\/02\/20210228_145433.jpg","articleSection":["Provincia"],"inLanguage":"es","potentialAction":[{"@type":"CommentAction","name":"Comment","target":["https:\/\/diarioprincipios.com\/index.php\/2021\/02\/28\/trotta-estima-que-la-vacunacion-a-docentes-y-no-docentes-estara-completa-en-tres-meses\/#respond"]}]},{"@type":"WebPage","@id":"https:\/\/diarioprincipios.com\/index.php\/2021\/02\/28\/trotta-estima-que-la-vacunacion-a-docentes-y-no-docentes-estara-completa-en-tres-meses\/","url":"https:\/\/diarioprincipios.com\/index.php\/2021\/02\/28\/trotta-estima-que-la-vacunacion-a-docentes-y-no-docentes-estara-completa-en-tres-meses\/","name":"Trotta estima que la vacunaci\u00f3n a docentes y no docentes estar\u00e1 completa \"en tres meses\" - Principios","isPartOf":{"@id":"https:\/\/diarioprincipios.com\/#website"},"primaryImageOfPage":{"@id":"https:\/\/diarioprincipios.com\/index.php\/2021\/02\/28\/trotta-estima-que-la-vacunacion-a-docentes-y-no-docentes-estara-completa-en-tres-meses\/#primaryimage"},"image":{"@id":"https:\/\/diarioprincipios.com\/index.php\/2021\/02\/28\/trotta-estima-que-la-vacunacion-a-docentes-y-no-docentes-estara-completa-en-tres-meses\/#primaryimage"},"thumbnailUrl":"https:\/\/diarioprincipios.com\/wp-content\/uploads\/2021\/02\/20210228_145433.jpg","datePublished":"2021-02-28T17:57:49+00:00","dateModified":"2021-02-28T17:57:56+00:00","breadcrumb":{"@id":"https:\/\/diarioprincipios.com\/index.php\/2021\/02\/28\/trotta-estima-que-la-vacunacion-a-docentes-y-no-docentes-estara-completa-en-tres-meses\/#breadcrumb"},"inLanguage":"es","potentialAction":[{"@type":"ReadAction","target":["https:\/\/diarioprincipios.com\/index.php\/2021\/02\/28\/trotta-estima-que-la-vacunacion-a-docentes-y-no-docentes-estara-completa-en-tres-meses\/"]}]},{"@type":"ImageObject","inLanguage":"es","@id":"https:\/\/diarioprincipios.com\/index.php\/2021\/02\/28\/trotta-estima-que-la-vacunacion-a-docentes-y-no-docentes-estara-completa-en-tres-meses\/#primaryimage","url":"https:\/\/diarioprincipios.com\/wp-content\/uploads\/2021\/02\/20210228_145433.jpg","contentUrl":"https:\/\/diarioprincipios.com\/wp-content\/uploads\/2021\/02\/20210228_145433.jpg","width":692,"height":403},{"@type":"BreadcrumbList","@id":"https:\/\/diarioprincipios.com\/index.php\/2021\/02\/28\/trotta-estima-que-la-vacunacion-a-docentes-y-no-docentes-estara-completa-en-tres-meses\/#breadcrumb","itemListElement":[{"@type":"ListItem","position":1,"name":"Portada","item":"https:\/\/diarioprincipios.com\/"},{"@type":"ListItem","position":2,"name":"Trotta estima que la vacunaci\u00f3n a docentes y no docentes estar\u00e1 completa \u00aben tres meses\u00bb"}]},{"@type":"WebSite","@id":"https:\/\/diarioprincipios.com\/#website","url":"https:\/\/diarioprincipios.com\/","name":"Principios","description":"Principios Diario","publisher":{"@id":"https:\/\/diarioprincipios.com\/#organization"},"potentialAction":[{"@type":"SearchAction","target":{"@type":"EntryPoint","urlTemplate":"https:\/\/diarioprincipios.com\/?s={search_term_string}"},"query-input":{"@type":"PropertyValueSpecification","valueRequired":true,"valueName":"search_term_string"}}],"inLanguage":"es"},{"@type":"Organization","@id":"https:\/\/diarioprincipios.com\/#organization","name":"Principios","url":"https:\/\/diarioprincipios.com\/","logo":{"@type":"ImageObject","inLanguage":"es","@id":"https:\/\/diarioprincipios.com\/#\/schema\/logo\/image\/","url":"https:\/\/diarioprincipios.com\/wp-content\/uploads\/2024\/04\/cropped-www.diarioprincipios.com_-1.png","contentUrl":"https:\/\/diarioprincipios.com\/wp-content\/uploads\/2024\/04\/cropped-www.diarioprincipios.com_-1.png","width":5325,"height":1454,"caption":"Principios"},"image":{"@id":"https:\/\/diarioprincipios.com\/#\/schema\/logo\/image\/"}},{"@type":"Person","@id":"https:\/\/diarioprincipios.com\/#\/schema\/person\/436d5a1fd41a5e250e23ff5a6a7cb080","name":"Hern\u00e1n L\u00f3pez","image":{"@type":"ImageObject","inLanguage":"es","@id":"https:\/\/diarioprincipios.com\/wp-content\/litespeed\/avatar\/11ddfe5610ff3bd100522525b2571f48.jpg?ver=1777048341","url":"https:\/\/diarioprincipios.com\/wp-content\/litespeed\/avatar\/11ddfe5610ff3bd100522525b2571f48.jpg?ver=1777048341","contentUrl":"https:\/\/diarioprincipios.com\/wp-content\/litespeed\/avatar\/11ddfe5610ff3bd100522525b2571f48.jpg?ver=1777048341","caption":"Hern\u00e1n L\u00f3pez"},"url":"https:\/\/diarioprincipios.com\/index.php\/author\/hernan\/"}]}},"jetpack_featured_media_url":"https:\/\/diarioprincipios.com\/wp-content\/uploads\/2021\/02\/20210228_145433.jpg","_links":{"self":[{"href":"https:\/\/diarioprincipios.com\/index.php\/wp-json\/wp\/v2\/posts\/8741","targetHints":{"allow":["GET"]}}],"collection":[{"href":"https:\/\/diarioprincipios.com\/index.php\/wp-json\/wp\/v2\/posts"}],"about":[{"href":"https:\/\/diarioprincipios.com\/index.php\/wp-json\/wp\/v2\/types\/post"}],"author":[{"embeddable":true,"href":"https:\/\/diarioprincipios.com\/index.php\/wp-json\/wp\/v2\/users\/2"}],"replies":[{"embeddable":true,"href":"https:\/\/diarioprincipios.com\/index.php\/wp-json\/wp\/v2\/comments?post=8741"}],"version-history":[{"count":1,"href":"https:\/\/diarioprincipios.com\/index.php\/wp-json\/wp\/v2\/posts\/8741\/revisions"}],"predecessor-version":[{"id":8743,"href":"https:\/\/diarioprincipios.com\/index.php\/wp-json\/wp\/v2\/posts\/8741\/revisions\/8743"}],"wp:featuredmedia":[{"embeddable":true,"href":"https:\/\/diarioprincipios.com\/index.php\/wp-json\/wp\/v2\/media\/8742"}],"wp:attachment":[{"href":"https:\/\/diarioprincipios.com\/index.php\/wp-json\/wp\/v2\/media?parent=8741"}],"wp:term":[{"taxonomy":"category","embeddable":true,"href":"https:\/\/diarioprincipios.com\/index.php\/wp-json\/wp\/v2\/categories?post=8741"},{"taxonomy":"post_tag","embeddable":true,"href":"https:\/\/diarioprincipios.com\/index.php\/wp-json\/wp\/v2\/tags?post=8741"}],"curies":[{"name":"wp","href":"https:\/\/api.w.org\/{rel}","templated":true}]}}