{"id":8708,"date":"2021-02-26T14:01:00","date_gmt":"2021-02-26T17:01:00","guid":{"rendered":"http:\/\/diarioprincipios.com\/?p=8708"},"modified":"2021-02-26T14:03:07","modified_gmt":"2021-02-26T17:03:07","slug":"ranelagh-despide-a-la-viuda-de-don-roberto-de-vicenzo","status":"publish","type":"post","link":"https:\/\/diarioprincipios.com\/index.php\/2021\/02\/26\/ranelagh-despide-a-la-viuda-de-don-roberto-de-vicenzo\/","title":{"rendered":"R\u00e1nelagh despide a la viuda de don Roberto De Vicenzo"},"content":{"rendered":"\n<p>\u00a1Hasta siempre! A los 97 a\u00f1os, nos dej\u00f3 una vecina notable de la localidad de Ranelagh: la querida Delia Esther Castex de De Vicenzo.<\/p>\n\n\n\n<p>Naci\u00f3 en Mor\u00f3n el 21 de mayo de 1923, siendo la hija menor del matrimonio formado por Ricardo Mar\u00eda Castex y Margarita Josefina Puppo -su hermana mayor fue N\u00e9lida Elsa Castex de Sa\u00edz-.<\/p>\n\n\n\n<figure class=\"wp-block-image size-large\"><img loading=\"lazy\" decoding=\"async\" width=\"1024\" height=\"768\" src=\"https:\/\/diarioprincipios.com\/wp-content\/uploads\/2021\/02\/IMG-20210226-WA0037-1024x768.jpg\" alt=\"\" class=\"wp-image-8709\" srcset=\"https:\/\/diarioprincipios.com\/wp-content\/uploads\/2021\/02\/IMG-20210226-WA0037-1024x768.jpg 1024w, https:\/\/diarioprincipios.com\/wp-content\/uploads\/2021\/02\/IMG-20210226-WA0037-300x225.jpg 300w, https:\/\/diarioprincipios.com\/wp-content\/uploads\/2021\/02\/IMG-20210226-WA0037-768x576.jpg 768w, https:\/\/diarioprincipios.com\/wp-content\/uploads\/2021\/02\/IMG-20210226-WA0037.jpg 1280w\" sizes=\"auto, (max-width: 1024px) 100vw, 1024px\" \/><\/figure>\n\n\n\n<p>En el a\u00f1o 1926, la familia se mud\u00f3 de Mor\u00f3n a Ranelagh, ya que Jos\u00e9 Mar\u00eda hab\u00eda sido designado empleado encargado en el Golf Club local \u2013en ese entonces, Club del Progreso-. Vivieron juntos en la casa aleda\u00f1a al Club House hasta el a\u00f1o 1945, cuando Delia contrajo matrimonio con el gran golfista argentino, maestro de la cancha y de la vida, Roberto De Vicenzo.<\/p>\n\n\n\n<p>Previamente, Delia realiz\u00f3 los estudios primarios en el colegio La Merced de Quilmes y los secundarios en la Escuela Normal de Quilmes, donde se recibi\u00f3 de maestra. Durante su juventud, particip\u00f3 activamente en una agrupaci\u00f3n cat\u00f3lica de la Iglesia Nuestra Se\u00f1ora de la Merced de Ranelagh, Las Hijas de Mar\u00eda y, ya en su vida adulta, en el Apostolado de la Oraci\u00f3n y en C\u00e1ritas Parroquial.<\/p>\n\n\n\n<figure class=\"wp-block-image size-large\"><img loading=\"lazy\" decoding=\"async\" width=\"703\" height=\"1024\" src=\"https:\/\/diarioprincipios.com\/wp-content\/uploads\/2021\/02\/IMG-20210226-WA0039-703x1024.jpg\" alt=\"\" class=\"wp-image-8710\" srcset=\"https:\/\/diarioprincipios.com\/wp-content\/uploads\/2021\/02\/IMG-20210226-WA0039-703x1024.jpg 703w, https:\/\/diarioprincipios.com\/wp-content\/uploads\/2021\/02\/IMG-20210226-WA0039-206x300.jpg 206w, https:\/\/diarioprincipios.com\/wp-content\/uploads\/2021\/02\/IMG-20210226-WA0039-768x1118.jpg 768w, https:\/\/diarioprincipios.com\/wp-content\/uploads\/2021\/02\/IMG-20210226-WA0039.jpg 879w\" sizes=\"auto, (max-width: 703px) 100vw, 703px\" \/><\/figure>\n\n\n\n<p>A sus 97 a\u00f1os, a\u00fan era una enamorada de la jardiner\u00eda. Activa en esa disciplina, particip\u00f3 en el Grupo Argentino de Jardiner\u00eda, Filial Ranelagh y fue Vicepresidenta, en el a\u00f1o 1968, de la Primera Comisi\u00f3n del Consejo Directivo del Club Argentino de Jardiner\u00eda \u2013CAJ- y del Grupo de Ranelagh.<\/p>\n\n\n\n<p>Respecto a la carrera de Roberto, Delia fue un gran sost\u00e9n y apoyo. Lo acompa\u00f1\u00f3 contra viento y marea durante 71 a\u00f1os de matrimonio, tanto en sus viajes como en el cuidado y crecimiento de la familia que formaron.<\/p>\n\n\n\n<p>En el Museo del Golf de Berazategui, existe un invernadero p\u00fablico que lleva el nombre de Delia Castex. S\u00f3lo una de las tantas acciones realizadas para rendirle homenaje a una vecina que siempre transmiti\u00f3 calidez, pujanza y sencillez en cada acci\u00f3n realizada. \u00a1Gracias, Delia!<\/p>\n\n\n\n<figure class=\"wp-block-image size-large\"><img loading=\"lazy\" decoding=\"async\" width=\"718\" height=\"1024\" src=\"https:\/\/diarioprincipios.com\/wp-content\/uploads\/2021\/02\/IMG-20210226-WA0033-1-718x1024.jpg\" alt=\"\" class=\"wp-image-8712\" srcset=\"https:\/\/diarioprincipios.com\/wp-content\/uploads\/2021\/02\/IMG-20210226-WA0033-1-718x1024.jpg 718w, https:\/\/diarioprincipios.com\/wp-content\/uploads\/2021\/02\/IMG-20210226-WA0033-1-210x300.jpg 210w, https:\/\/diarioprincipios.com\/wp-content\/uploads\/2021\/02\/IMG-20210226-WA0033-1-768x1095.jpg 768w, https:\/\/diarioprincipios.com\/wp-content\/uploads\/2021\/02\/IMG-20210226-WA0033-1.jpg 898w\" sizes=\"auto, (max-width: 718px) 100vw, 718px\" \/><\/figure>\n\n\n\n<p>Aprovechamos para agradecer a su sobrina, Stella Sa\u00edz, quien comparti\u00f3 con la comunidad de Berazategui algunas de las im\u00e1genes y la informaci\u00f3n presentes en esta nota. Historias de escala humana, como la de Delia, se reflejan en el recorrido cotidiano y aportan al desarrollo permanente de la comunidad.<\/p>\n","protected":false},"excerpt":{"rendered":"<p>\u00a1Hasta siempre! A los 97 a\u00f1os, nos dej\u00f3 una vecina notable de la localidad de Ranelagh: la querida Delia Esther Castex de De Vicenzo. Naci\u00f3 en Mor\u00f3n el 21 de mayo de 1923, siendo la hija menor del matrimonio formado por Ricardo Mar\u00eda Castex y Margarita Josefina Puppo -su hermana mayor fue N\u00e9lida Elsa Castex&#8230;<\/p>\n","protected":false},"author":2,"featured_media":8716,"comment_status":"open","ping_status":"open","sticky":false,"template":"","format":"standard","meta":{"footnotes":""},"categories":[3],"tags":[],"class_list":["post-8708","post","type-post","status-publish","format-standard","has-post-thumbnail","hentry","category-berazategui"],"featured_image_src":"https:\/\/diarioprincipios.com\/wp-content\/uploads\/2021\/02\/20210226_140150.jpg","blog_images":{"medium":"https:\/\/diarioprincipios.com\/wp-content\/uploads\/2021\/02\/20210226_140150-300x200.jpg","large":"https:\/\/diarioprincipios.com\/wp-content\/uploads\/2021\/02\/20210226_140150.jpg"},"ams_acf":[],"yoast_head":"<!-- This site is optimized with the Yoast SEO plugin v27.3 - https:\/\/yoast.com\/product\/yoast-seo-wordpress\/ -->\n<title>R\u00e1nelagh despide a la viuda de don Roberto De Vicenzo - Principios<\/title>\n<meta name=\"robots\" content=\"index, follow, max-snippet:-1, max-image-preview:large, max-video-preview:-1\" \/>\n<link rel=\"canonical\" href=\"https:\/\/diarioprincipios.com\/index.php\/2021\/02\/26\/ranelagh-despide-a-la-viuda-de-don-roberto-de-vicenzo\/\" \/>\n<meta property=\"og:locale\" content=\"es_ES\" \/>\n<meta property=\"og:type\" content=\"article\" \/>\n<meta property=\"og:title\" content=\"R\u00e1nelagh despide a la viuda de don Roberto De Vicenzo - Principios\" \/>\n<meta property=\"og:description\" content=\"\u00a1Hasta siempre! A los 97 a\u00f1os, nos dej\u00f3 una vecina notable de la localidad de Ranelagh: la querida Delia Esther Castex de De Vicenzo. Naci\u00f3 en Mor\u00f3n el 21 de mayo de 1923, siendo la hija menor del matrimonio formado por Ricardo Mar\u00eda Castex y Margarita Josefina Puppo -su hermana mayor fue N\u00e9lida Elsa Castex...\" \/>\n<meta property=\"og:url\" content=\"https:\/\/diarioprincipios.com\/index.php\/2021\/02\/26\/ranelagh-despide-a-la-viuda-de-don-roberto-de-vicenzo\/\" \/>\n<meta property=\"og:site_name\" content=\"Principios\" \/>\n<meta property=\"article:published_time\" content=\"2021-02-26T17:01:00+00:00\" \/>\n<meta property=\"article:modified_time\" content=\"2021-02-26T17:03:07+00:00\" \/>\n<meta property=\"og:image\" content=\"https:\/\/diarioprincipios.com\/wp-content\/uploads\/2021\/02\/20210226_140150.jpg\" \/>\n\t<meta property=\"og:image:width\" content=\"413\" \/>\n\t<meta property=\"og:image:height\" content=\"276\" \/>\n\t<meta property=\"og:image:type\" content=\"image\/jpeg\" \/>\n<meta name=\"author\" content=\"Hern\u00e1n L\u00f3pez\" \/>\n<meta name=\"twitter:card\" content=\"summary_large_image\" \/>\n<meta name=\"twitter:label1\" content=\"Escrito por\" \/>\n\t<meta name=\"twitter:data1\" content=\"Hern\u00e1n L\u00f3pez\" \/>\n\t<meta name=\"twitter:label2\" content=\"Tiempo de lectura\" \/>\n\t<meta name=\"twitter:data2\" content=\"3 minutos\" \/>\n<script type=\"application\/ld+json\" class=\"yoast-schema-graph\">{\"@context\":\"https:\\\/\\\/schema.org\",\"@graph\":[{\"@type\":\"Article\",\"@id\":\"https:\\\/\\\/diarioprincipios.com\\\/index.php\\\/2021\\\/02\\\/26\\\/ranelagh-despide-a-la-viuda-de-don-roberto-de-vicenzo\\\/#article\",\"isPartOf\":{\"@id\":\"https:\\\/\\\/diarioprincipios.com\\\/index.php\\\/2021\\\/02\\\/26\\\/ranelagh-despide-a-la-viuda-de-don-roberto-de-vicenzo\\\/\"},\"author\":{\"name\":\"Hern\u00e1n L\u00f3pez\",\"@id\":\"https:\\\/\\\/diarioprincipios.com\\\/#\\\/schema\\\/person\\\/436d5a1fd41a5e250e23ff5a6a7cb080\"},\"headline\":\"R\u00e1nelagh despide a la viuda de don Roberto De Vicenzo\",\"datePublished\":\"2021-02-26T17:01:00+00:00\",\"dateModified\":\"2021-02-26T17:03:07+00:00\",\"mainEntityOfPage\":{\"@id\":\"https:\\\/\\\/diarioprincipios.com\\\/index.php\\\/2021\\\/02\\\/26\\\/ranelagh-despide-a-la-viuda-de-don-roberto-de-vicenzo\\\/\"},\"wordCount\":403,\"commentCount\":0,\"publisher\":{\"@id\":\"https:\\\/\\\/diarioprincipios.com\\\/#organization\"},\"image\":{\"@id\":\"https:\\\/\\\/diarioprincipios.com\\\/index.php\\\/2021\\\/02\\\/26\\\/ranelagh-despide-a-la-viuda-de-don-roberto-de-vicenzo\\\/#primaryimage\"},\"thumbnailUrl\":\"https:\\\/\\\/diarioprincipios.com\\\/wp-content\\\/uploads\\\/2021\\\/02\\\/20210226_140150.jpg\",\"articleSection\":[\"Berazategui\"],\"inLanguage\":\"es\",\"potentialAction\":[{\"@type\":\"CommentAction\",\"name\":\"Comment\",\"target\":[\"https:\\\/\\\/diarioprincipios.com\\\/index.php\\\/2021\\\/02\\\/26\\\/ranelagh-despide-a-la-viuda-de-don-roberto-de-vicenzo\\\/#respond\"]}]},{\"@type\":\"WebPage\",\"@id\":\"https:\\\/\\\/diarioprincipios.com\\\/index.php\\\/2021\\\/02\\\/26\\\/ranelagh-despide-a-la-viuda-de-don-roberto-de-vicenzo\\\/\",\"url\":\"https:\\\/\\\/diarioprincipios.com\\\/index.php\\\/2021\\\/02\\\/26\\\/ranelagh-despide-a-la-viuda-de-don-roberto-de-vicenzo\\\/\",\"name\":\"R\u00e1nelagh despide a la viuda de don Roberto De Vicenzo - Principios\",\"isPartOf\":{\"@id\":\"https:\\\/\\\/diarioprincipios.com\\\/#website\"},\"primaryImageOfPage\":{\"@id\":\"https:\\\/\\\/diarioprincipios.com\\\/index.php\\\/2021\\\/02\\\/26\\\/ranelagh-despide-a-la-viuda-de-don-roberto-de-vicenzo\\\/#primaryimage\"},\"image\":{\"@id\":\"https:\\\/\\\/diarioprincipios.com\\\/index.php\\\/2021\\\/02\\\/26\\\/ranelagh-despide-a-la-viuda-de-don-roberto-de-vicenzo\\\/#primaryimage\"},\"thumbnailUrl\":\"https:\\\/\\\/diarioprincipios.com\\\/wp-content\\\/uploads\\\/2021\\\/02\\\/20210226_140150.jpg\",\"datePublished\":\"2021-02-26T17:01:00+00:00\",\"dateModified\":\"2021-02-26T17:03:07+00:00\",\"breadcrumb\":{\"@id\":\"https:\\\/\\\/diarioprincipios.com\\\/index.php\\\/2021\\\/02\\\/26\\\/ranelagh-despide-a-la-viuda-de-don-roberto-de-vicenzo\\\/#breadcrumb\"},\"inLanguage\":\"es\",\"potentialAction\":[{\"@type\":\"ReadAction\",\"target\":[\"https:\\\/\\\/diarioprincipios.com\\\/index.php\\\/2021\\\/02\\\/26\\\/ranelagh-despide-a-la-viuda-de-don-roberto-de-vicenzo\\\/\"]}]},{\"@type\":\"ImageObject\",\"inLanguage\":\"es\",\"@id\":\"https:\\\/\\\/diarioprincipios.com\\\/index.php\\\/2021\\\/02\\\/26\\\/ranelagh-despide-a-la-viuda-de-don-roberto-de-vicenzo\\\/#primaryimage\",\"url\":\"https:\\\/\\\/diarioprincipios.com\\\/wp-content\\\/uploads\\\/2021\\\/02\\\/20210226_140150.jpg\",\"contentUrl\":\"https:\\\/\\\/diarioprincipios.com\\\/wp-content\\\/uploads\\\/2021\\\/02\\\/20210226_140150.jpg\",\"width\":413,\"height\":276},{\"@type\":\"BreadcrumbList\",\"@id\":\"https:\\\/\\\/diarioprincipios.com\\\/index.php\\\/2021\\\/02\\\/26\\\/ranelagh-despide-a-la-viuda-de-don-roberto-de-vicenzo\\\/#breadcrumb\",\"itemListElement\":[{\"@type\":\"ListItem\",\"position\":1,\"name\":\"Portada\",\"item\":\"https:\\\/\\\/diarioprincipios.com\\\/\"},{\"@type\":\"ListItem\",\"position\":2,\"name\":\"R\u00e1nelagh despide a la viuda de don Roberto De Vicenzo\"}]},{\"@type\":\"WebSite\",\"@id\":\"https:\\\/\\\/diarioprincipios.com\\\/#website\",\"url\":\"https:\\\/\\\/diarioprincipios.com\\\/\",\"name\":\"Principios\",\"description\":\"Principios Diario\",\"publisher\":{\"@id\":\"https:\\\/\\\/diarioprincipios.com\\\/#organization\"},\"potentialAction\":[{\"@type\":\"SearchAction\",\"target\":{\"@type\":\"EntryPoint\",\"urlTemplate\":\"https:\\\/\\\/diarioprincipios.com\\\/?s={search_term_string}\"},\"query-input\":{\"@type\":\"PropertyValueSpecification\",\"valueRequired\":true,\"valueName\":\"search_term_string\"}}],\"inLanguage\":\"es\"},{\"@type\":\"Organization\",\"@id\":\"https:\\\/\\\/diarioprincipios.com\\\/#organization\",\"name\":\"Principios\",\"url\":\"https:\\\/\\\/diarioprincipios.com\\\/\",\"logo\":{\"@type\":\"ImageObject\",\"inLanguage\":\"es\",\"@id\":\"https:\\\/\\\/diarioprincipios.com\\\/#\\\/schema\\\/logo\\\/image\\\/\",\"url\":\"https:\\\/\\\/diarioprincipios.com\\\/wp-content\\\/uploads\\\/2024\\\/04\\\/cropped-www.diarioprincipios.com_-1.png\",\"contentUrl\":\"https:\\\/\\\/diarioprincipios.com\\\/wp-content\\\/uploads\\\/2024\\\/04\\\/cropped-www.diarioprincipios.com_-1.png\",\"width\":5325,\"height\":1454,\"caption\":\"Principios\"},\"image\":{\"@id\":\"https:\\\/\\\/diarioprincipios.com\\\/#\\\/schema\\\/logo\\\/image\\\/\"}},{\"@type\":\"Person\",\"@id\":\"https:\\\/\\\/diarioprincipios.com\\\/#\\\/schema\\\/person\\\/436d5a1fd41a5e250e23ff5a6a7cb080\",\"name\":\"Hern\u00e1n L\u00f3pez\",\"image\":{\"@type\":\"ImageObject\",\"inLanguage\":\"es\",\"@id\":\"https:\\\/\\\/diarioprincipios.com\\\/wp-content\\\/litespeed\\\/avatar\\\/11ddfe5610ff3bd100522525b2571f48.jpg?ver=1777048341\",\"url\":\"https:\\\/\\\/diarioprincipios.com\\\/wp-content\\\/litespeed\\\/avatar\\\/11ddfe5610ff3bd100522525b2571f48.jpg?ver=1777048341\",\"contentUrl\":\"https:\\\/\\\/diarioprincipios.com\\\/wp-content\\\/litespeed\\\/avatar\\\/11ddfe5610ff3bd100522525b2571f48.jpg?ver=1777048341\",\"caption\":\"Hern\u00e1n L\u00f3pez\"},\"url\":\"https:\\\/\\\/diarioprincipios.com\\\/index.php\\\/author\\\/hernan\\\/\"}]}<\/script>\n<!-- \/ Yoast SEO plugin. -->","yoast_head_json":{"title":"R\u00e1nelagh despide a la viuda de don Roberto De Vicenzo - Principios","robots":{"index":"index","follow":"follow","max-snippet":"max-snippet:-1","max-image-preview":"max-image-preview:large","max-video-preview":"max-video-preview:-1"},"canonical":"https:\/\/diarioprincipios.com\/index.php\/2021\/02\/26\/ranelagh-despide-a-la-viuda-de-don-roberto-de-vicenzo\/","og_locale":"es_ES","og_type":"article","og_title":"R\u00e1nelagh despide a la viuda de don Roberto De Vicenzo - Principios","og_description":"\u00a1Hasta siempre! A los 97 a\u00f1os, nos dej\u00f3 una vecina notable de la localidad de Ranelagh: la querida Delia Esther Castex de De Vicenzo. Naci\u00f3 en Mor\u00f3n el 21 de mayo de 1923, siendo la hija menor del matrimonio formado por Ricardo Mar\u00eda Castex y Margarita Josefina Puppo -su hermana mayor fue N\u00e9lida Elsa Castex...","og_url":"https:\/\/diarioprincipios.com\/index.php\/2021\/02\/26\/ranelagh-despide-a-la-viuda-de-don-roberto-de-vicenzo\/","og_site_name":"Principios","article_published_time":"2021-02-26T17:01:00+00:00","article_modified_time":"2021-02-26T17:03:07+00:00","og_image":[{"width":413,"height":276,"url":"https:\/\/diarioprincipios.com\/wp-content\/uploads\/2021\/02\/20210226_140150.jpg","type":"image\/jpeg"}],"author":"Hern\u00e1n L\u00f3pez","twitter_card":"summary_large_image","twitter_misc":{"Escrito por":"Hern\u00e1n L\u00f3pez","Tiempo de lectura":"3 minutos"},"schema":{"@context":"https:\/\/schema.org","@graph":[{"@type":"Article","@id":"https:\/\/diarioprincipios.com\/index.php\/2021\/02\/26\/ranelagh-despide-a-la-viuda-de-don-roberto-de-vicenzo\/#article","isPartOf":{"@id":"https:\/\/diarioprincipios.com\/index.php\/2021\/02\/26\/ranelagh-despide-a-la-viuda-de-don-roberto-de-vicenzo\/"},"author":{"name":"Hern\u00e1n L\u00f3pez","@id":"https:\/\/diarioprincipios.com\/#\/schema\/person\/436d5a1fd41a5e250e23ff5a6a7cb080"},"headline":"R\u00e1nelagh despide a la viuda de don Roberto De Vicenzo","datePublished":"2021-02-26T17:01:00+00:00","dateModified":"2021-02-26T17:03:07+00:00","mainEntityOfPage":{"@id":"https:\/\/diarioprincipios.com\/index.php\/2021\/02\/26\/ranelagh-despide-a-la-viuda-de-don-roberto-de-vicenzo\/"},"wordCount":403,"commentCount":0,"publisher":{"@id":"https:\/\/diarioprincipios.com\/#organization"},"image":{"@id":"https:\/\/diarioprincipios.com\/index.php\/2021\/02\/26\/ranelagh-despide-a-la-viuda-de-don-roberto-de-vicenzo\/#primaryimage"},"thumbnailUrl":"https:\/\/diarioprincipios.com\/wp-content\/uploads\/2021\/02\/20210226_140150.jpg","articleSection":["Berazategui"],"inLanguage":"es","potentialAction":[{"@type":"CommentAction","name":"Comment","target":["https:\/\/diarioprincipios.com\/index.php\/2021\/02\/26\/ranelagh-despide-a-la-viuda-de-don-roberto-de-vicenzo\/#respond"]}]},{"@type":"WebPage","@id":"https:\/\/diarioprincipios.com\/index.php\/2021\/02\/26\/ranelagh-despide-a-la-viuda-de-don-roberto-de-vicenzo\/","url":"https:\/\/diarioprincipios.com\/index.php\/2021\/02\/26\/ranelagh-despide-a-la-viuda-de-don-roberto-de-vicenzo\/","name":"R\u00e1nelagh despide a la viuda de don Roberto De Vicenzo - Principios","isPartOf":{"@id":"https:\/\/diarioprincipios.com\/#website"},"primaryImageOfPage":{"@id":"https:\/\/diarioprincipios.com\/index.php\/2021\/02\/26\/ranelagh-despide-a-la-viuda-de-don-roberto-de-vicenzo\/#primaryimage"},"image":{"@id":"https:\/\/diarioprincipios.com\/index.php\/2021\/02\/26\/ranelagh-despide-a-la-viuda-de-don-roberto-de-vicenzo\/#primaryimage"},"thumbnailUrl":"https:\/\/diarioprincipios.com\/wp-content\/uploads\/2021\/02\/20210226_140150.jpg","datePublished":"2021-02-26T17:01:00+00:00","dateModified":"2021-02-26T17:03:07+00:00","breadcrumb":{"@id":"https:\/\/diarioprincipios.com\/index.php\/2021\/02\/26\/ranelagh-despide-a-la-viuda-de-don-roberto-de-vicenzo\/#breadcrumb"},"inLanguage":"es","potentialAction":[{"@type":"ReadAction","target":["https:\/\/diarioprincipios.com\/index.php\/2021\/02\/26\/ranelagh-despide-a-la-viuda-de-don-roberto-de-vicenzo\/"]}]},{"@type":"ImageObject","inLanguage":"es","@id":"https:\/\/diarioprincipios.com\/index.php\/2021\/02\/26\/ranelagh-despide-a-la-viuda-de-don-roberto-de-vicenzo\/#primaryimage","url":"https:\/\/diarioprincipios.com\/wp-content\/uploads\/2021\/02\/20210226_140150.jpg","contentUrl":"https:\/\/diarioprincipios.com\/wp-content\/uploads\/2021\/02\/20210226_140150.jpg","width":413,"height":276},{"@type":"BreadcrumbList","@id":"https:\/\/diarioprincipios.com\/index.php\/2021\/02\/26\/ranelagh-despide-a-la-viuda-de-don-roberto-de-vicenzo\/#breadcrumb","itemListElement":[{"@type":"ListItem","position":1,"name":"Portada","item":"https:\/\/diarioprincipios.com\/"},{"@type":"ListItem","position":2,"name":"R\u00e1nelagh despide a la viuda de don Roberto De Vicenzo"}]},{"@type":"WebSite","@id":"https:\/\/diarioprincipios.com\/#website","url":"https:\/\/diarioprincipios.com\/","name":"Principios","description":"Principios Diario","publisher":{"@id":"https:\/\/diarioprincipios.com\/#organization"},"potentialAction":[{"@type":"SearchAction","target":{"@type":"EntryPoint","urlTemplate":"https:\/\/diarioprincipios.com\/?s={search_term_string}"},"query-input":{"@type":"PropertyValueSpecification","valueRequired":true,"valueName":"search_term_string"}}],"inLanguage":"es"},{"@type":"Organization","@id":"https:\/\/diarioprincipios.com\/#organization","name":"Principios","url":"https:\/\/diarioprincipios.com\/","logo":{"@type":"ImageObject","inLanguage":"es","@id":"https:\/\/diarioprincipios.com\/#\/schema\/logo\/image\/","url":"https:\/\/diarioprincipios.com\/wp-content\/uploads\/2024\/04\/cropped-www.diarioprincipios.com_-1.png","contentUrl":"https:\/\/diarioprincipios.com\/wp-content\/uploads\/2024\/04\/cropped-www.diarioprincipios.com_-1.png","width":5325,"height":1454,"caption":"Principios"},"image":{"@id":"https:\/\/diarioprincipios.com\/#\/schema\/logo\/image\/"}},{"@type":"Person","@id":"https:\/\/diarioprincipios.com\/#\/schema\/person\/436d5a1fd41a5e250e23ff5a6a7cb080","name":"Hern\u00e1n L\u00f3pez","image":{"@type":"ImageObject","inLanguage":"es","@id":"https:\/\/diarioprincipios.com\/wp-content\/litespeed\/avatar\/11ddfe5610ff3bd100522525b2571f48.jpg?ver=1777048341","url":"https:\/\/diarioprincipios.com\/wp-content\/litespeed\/avatar\/11ddfe5610ff3bd100522525b2571f48.jpg?ver=1777048341","contentUrl":"https:\/\/diarioprincipios.com\/wp-content\/litespeed\/avatar\/11ddfe5610ff3bd100522525b2571f48.jpg?ver=1777048341","caption":"Hern\u00e1n L\u00f3pez"},"url":"https:\/\/diarioprincipios.com\/index.php\/author\/hernan\/"}]}},"jetpack_featured_media_url":"https:\/\/diarioprincipios.com\/wp-content\/uploads\/2021\/02\/20210226_140150.jpg","_links":{"self":[{"href":"https:\/\/diarioprincipios.com\/index.php\/wp-json\/wp\/v2\/posts\/8708","targetHints":{"allow":["GET"]}}],"collection":[{"href":"https:\/\/diarioprincipios.com\/index.php\/wp-json\/wp\/v2\/posts"}],"about":[{"href":"https:\/\/diarioprincipios.com\/index.php\/wp-json\/wp\/v2\/types\/post"}],"author":[{"embeddable":true,"href":"https:\/\/diarioprincipios.com\/index.php\/wp-json\/wp\/v2\/users\/2"}],"replies":[{"embeddable":true,"href":"https:\/\/diarioprincipios.com\/index.php\/wp-json\/wp\/v2\/comments?post=8708"}],"version-history":[{"count":1,"href":"https:\/\/diarioprincipios.com\/index.php\/wp-json\/wp\/v2\/posts\/8708\/revisions"}],"predecessor-version":[{"id":8715,"href":"https:\/\/diarioprincipios.com\/index.php\/wp-json\/wp\/v2\/posts\/8708\/revisions\/8715"}],"wp:featuredmedia":[{"embeddable":true,"href":"https:\/\/diarioprincipios.com\/index.php\/wp-json\/wp\/v2\/media\/8716"}],"wp:attachment":[{"href":"https:\/\/diarioprincipios.com\/index.php\/wp-json\/wp\/v2\/media?parent=8708"}],"wp:term":[{"taxonomy":"category","embeddable":true,"href":"https:\/\/diarioprincipios.com\/index.php\/wp-json\/wp\/v2\/categories?post=8708"},{"taxonomy":"post_tag","embeddable":true,"href":"https:\/\/diarioprincipios.com\/index.php\/wp-json\/wp\/v2\/tags?post=8708"}],"curies":[{"name":"wp","href":"https:\/\/api.w.org\/{rel}","templated":true}]}}