{"id":8688,"date":"2021-02-24T22:20:43","date_gmt":"2021-02-25T01:20:43","guid":{"rendered":"http:\/\/diarioprincipios.com\/?p=8688"},"modified":"2021-02-24T22:20:48","modified_gmt":"2021-02-25T01:20:48","slug":"con-un-gran-encuentro-virtual-berazategui-celebro-el-dia-de-la-antartida-argentina","status":"publish","type":"post","link":"https:\/\/diarioprincipios.com\/index.php\/2021\/02\/24\/con-un-gran-encuentro-virtual-berazategui-celebro-el-dia-de-la-antartida-argentina\/","title":{"rendered":"Con un gran encuentro virtual Berazategui celebr\u00f3 el D\u00eda de la Ant\u00e1rtida Argentina"},"content":{"rendered":"\n<p>En el 117\u00b0 aniversario del primer izamiento de la bandera argentina en las Islas Orcadas del Sur, Berazategui conmemor\u00f3 el D\u00eda de la Ant\u00e1rtida Argentina con un gran encuentro virtual que estuvo encabezado por el intendente Juan Jos\u00e9 Mussi. El acto fue transmitido en vivo por sus redes sociales y tuvo como eje la soberan\u00eda nacional, mediante la puesta en valor de varios espacios p\u00fablicos y la imposici\u00f3n de nombres significativos en establecimientos de la Ciudad.<\/p>\n\n\n\n<p>\u201cAgradezco a los berazateguenses que, de alguna manera u otra, estuvieron presentes en este encuentro virtual en este d\u00eda tan especial. Los pueblos lamentablemente se olvidan de hablar de su soberan\u00eda. Es muy importante conmemorar estos 117 a\u00f1os en los que hicimos pie en la Ant\u00e1rtida Argentina\u00bb, expres\u00f3 Mussi. \u00abSabemos lo que significa ese territorio tan lejano, lo que significan las Islas Malvinas. Y por eso recordarlo es fundamental: hacerlo de esta manera, en contacto con vecinos en acci\u00f3n a pesar de la pandemia, y cada hecho tiene que ver con la soberan\u00eda. Cuando los pueblos rinden homenaje a sus h\u00e9roes, cuando los pueblos crecen en materia de salud, de educaci\u00f3n, la consolidan\u201d, continu\u00f3 el Intendente durante el evento, del que participaron unas 300 personas por Zoom, en una ceremonia que estuvo atravesada por diferentes acciones de gesti\u00f3n local alusivas a la fecha y otras orientadas a la construcci\u00f3n de arraigo berazateguense, a trav\u00e9s de las cuales qued\u00f3&nbsp; plasmado el importante trabajo en conjunto entre el Consejo Escolar, el Concejo Deliberante y la Jefatura Distrital, sobre todo en lo que respecta a la generaci\u00f3n de nuevas ofertas educativas.<\/p>\n\n\n\n<p>Uno de los momentos m\u00e1s emotivos tuvo como epicentro la Escuela Primaria N\u00b0 34 \u201cLeopoldo Lugones\u201d y la Secundaria N\u00ba 50, del barrio 20 de junio -Sourigues-, donde se le impuso el nombre a dos espacios de uso compartido. De esta manera, el sal\u00f3n comedor pas\u00f3 a llamarse \u201cAnt\u00e1rtida Argentina\u201d y la biblioteca fue bautizada como \u201cDami\u00e1n Reinaldo Sosa\u201d, en homenaje al veterano de Malvinas berazateguense fallecido recientemente y que hasta su jubilaci\u00f3n lleg\u00f3 a desempe\u00f1arse como auxiliar en las dos instituciones educativas.&nbsp;<\/p>\n\n\n\n<p>El acto sigui\u00f3 con la transmisi\u00f3n en vivo desde diferentes espacios de la ciudad, donde se realizaban acciones vinculadas a la fecha, como las Delegaciones de Ranelagh (jornada de vacunaci\u00f3n) y Sourigues (jornada de trabajo), ubicadas sobre Av. Ant\u00e1rtida Argentina; la Plazoleta \u201cAnt\u00e1rtida Argentina\u201d, de Barrio Mar\u00edtimo, Hudson (jornada de trabajo); y la Plazoleta \u201cH\u00e9roe de la Patria, Cabo H\u00e9ctor Rub\u00e9n R\u00edos\u201d, del barrio Los Manzanos (jornada de trabajo), con la presencia de familiares de este vecino que entreg\u00f3 su vida como tripulante del Crucero ARA Gral. Belgrano. Tambi\u00e9n se distribuy\u00f3 informaci\u00f3n alusiva a los vecinos que se acercaron a realizar tr\u00e1mites de la Secretar\u00eda de Control Urbano.<\/p>\n\n\n\n<p>Tambi\u00e9n, la calle 56 de Barrio Mar\u00edtimo, por Ordenanza municipal, pas\u00f3 a llamarse \u201cProfesor Hern\u00e1n Balasini\u201d, en memoria del historiador de geograf\u00eda argentina que durante m\u00e1s de 30 a\u00f1os se desempe\u00f1\u00f3 como profesor de escuelas primarias y secundarias del distrito. Adem\u00e1s, en el Instituto Superior y Escuela de Salud Gumercinda del Carmen Cassatti se descubri\u00f3 un mural sobre la Av. Ant\u00e1rtida Argentina; y en el Centro de Atenci\u00f3n Primaria de Salud N\u00b0 12, de Bustillo, se coloc\u00f3 una placa con la frase \u201cLas Malvinas y la Ant\u00e1rtida son Argentinas\u201d. En este \u00faltimo espacio, asimismo, se realiz\u00f3 la presentaci\u00f3n del equipamiento m\u00e9dico de \u00faltima generaci\u00f3n para la detecci\u00f3n temprana de la hipoacusia infantil, \u00fanico en \u00e1mbitos de atenci\u00f3n primaria en toda la regi\u00f3n sanitaria.<\/p>\n\n\n\n<p>Finalmente, el Dr. Juan Jos\u00e9 Mussi se encarg\u00f3 de rubricar con su firma las promulgaciones de las Ordenanzas municipales N\u00b0 5929, que designa el nombre de \u201cCabo H\u00e9ctor R\u00edos\u201d a la Plazoleta de Av. Vergara y 10; y la N\u00ba 5861, que impone el nombre \u201cProf. Hern\u00e1n Balasini\u201d a la calle 56, \u201cuna persona con buenas intenciones por su Berazategui, un amigo, un ser de bien, un personaje positivo genial\u201d, expres\u00f3 el Intendente con emoci\u00f3n.<\/p>\n\n\n\n<p>\u201c\u00bfHay que hacer estas cosas en plena pandemia? S\u00ed, en los momentos dif\u00edciles hace bien ver que los ciudadanos se movilizan por algo importante. Les quiero agradecer a todos. Este Berazategui no deja de asombrarme favorablemente. Si hay algo que me carga las pilas es esto, ver a mis vecinos movilizados. Nos vamos a seguir viendo, no tenemos que bajar los brazos, cuando tenemos al pueblo vigente movi\u00e9ndose, nos sentimos mejor y con m\u00e1s fuerzas. Les dejo un abrazo grandote en el D\u00eda de la Soberan\u00eda de nuestra Ant\u00e1rtida Argentina\u201d, finaliz\u00f3 el Jefe comunal.<\/p>\n\n\n\n<figure class=\"wp-block-image\"><img decoding=\"async\" src=\"https:\/\/ecp.yusercontent.com\/mail?url=https%3A%2F%2Fdocs.google.com%2Fuc%3Fexport%3Ddownload%26id%3D1vlVw9lAWMAlRTgdkZJgl6jb28Q5kbYNP%26revid%3D0B8gs8z-qS44iSnlBWGc2ZFRiU2JGbmlOa2J5RllrcS9BR0YwPQ&amp;t=1614215861&amp;ymreqid=5799fcab-b43d-2794-22b8-f10009015200&amp;sig=qg34ZVeyTnVeo4fd4HSBHg--~D\" alt=\"\"\/><\/figure>\n","protected":false},"excerpt":{"rendered":"<p>En el 117\u00b0 aniversario del primer izamiento de la bandera argentina en las Islas Orcadas del Sur, Berazategui conmemor\u00f3 el D\u00eda de la Ant\u00e1rtida Argentina con un gran encuentro virtual que estuvo encabezado por el intendente Juan Jos\u00e9 Mussi. El acto fue transmitido en vivo por sus redes sociales y tuvo como eje la soberan\u00eda&#8230;<\/p>\n","protected":false},"author":2,"featured_media":8689,"comment_status":"open","ping_status":"open","sticky":false,"template":"","format":"standard","meta":{"footnotes":""},"categories":[3],"tags":[],"class_list":["post-8688","post","type-post","status-publish","format-standard","has-post-thumbnail","hentry","category-berazategui"],"featured_image_src":"https:\/\/diarioprincipios.com\/wp-content\/uploads\/2021\/02\/20210224_221810.jpg","blog_images":{"medium":"https:\/\/diarioprincipios.com\/wp-content\/uploads\/2021\/02\/20210224_221810-300x173.jpg","large":"https:\/\/diarioprincipios.com\/wp-content\/uploads\/2021\/02\/20210224_221810.jpg"},"ams_acf":[],"yoast_head":"<!-- This site is optimized with the Yoast SEO plugin v27.3 - https:\/\/yoast.com\/product\/yoast-seo-wordpress\/ -->\n<title>Con un gran encuentro virtual Berazategui celebr\u00f3 el D\u00eda de la Ant\u00e1rtida Argentina - Principios<\/title>\n<meta name=\"robots\" content=\"index, follow, max-snippet:-1, max-image-preview:large, max-video-preview:-1\" \/>\n<link rel=\"canonical\" href=\"https:\/\/diarioprincipios.com\/index.php\/2021\/02\/24\/con-un-gran-encuentro-virtual-berazategui-celebro-el-dia-de-la-antartida-argentina\/\" \/>\n<meta property=\"og:locale\" content=\"es_ES\" \/>\n<meta property=\"og:type\" content=\"article\" \/>\n<meta property=\"og:title\" content=\"Con un gran encuentro virtual Berazategui celebr\u00f3 el D\u00eda de la Ant\u00e1rtida Argentina - Principios\" \/>\n<meta property=\"og:description\" content=\"En el 117\u00b0 aniversario del primer izamiento de la bandera argentina en las Islas Orcadas del Sur, Berazategui conmemor\u00f3 el D\u00eda de la Ant\u00e1rtida Argentina con un gran encuentro virtual que estuvo encabezado por el intendente Juan Jos\u00e9 Mussi. El acto fue transmitido en vivo por sus redes sociales y tuvo como eje la soberan\u00eda...\" \/>\n<meta property=\"og:url\" content=\"https:\/\/diarioprincipios.com\/index.php\/2021\/02\/24\/con-un-gran-encuentro-virtual-berazategui-celebro-el-dia-de-la-antartida-argentina\/\" \/>\n<meta property=\"og:site_name\" content=\"Principios\" \/>\n<meta property=\"article:published_time\" content=\"2021-02-25T01:20:43+00:00\" \/>\n<meta property=\"article:modified_time\" content=\"2021-02-25T01:20:48+00:00\" \/>\n<meta property=\"og:image\" content=\"https:\/\/diarioprincipios.com\/wp-content\/uploads\/2021\/02\/20210224_221810.jpg\" \/>\n\t<meta property=\"og:image:width\" content=\"1024\" \/>\n\t<meta property=\"og:image:height\" content=\"589\" \/>\n\t<meta property=\"og:image:type\" content=\"image\/jpeg\" \/>\n<meta name=\"author\" content=\"Hern\u00e1n L\u00f3pez\" \/>\n<meta name=\"twitter:card\" content=\"summary_large_image\" \/>\n<meta name=\"twitter:label1\" content=\"Escrito por\" \/>\n\t<meta name=\"twitter:data1\" content=\"Hern\u00e1n L\u00f3pez\" \/>\n\t<meta name=\"twitter:label2\" content=\"Tiempo de lectura\" \/>\n\t<meta name=\"twitter:data2\" content=\"4 minutos\" \/>\n<script type=\"application\/ld+json\" class=\"yoast-schema-graph\">{\"@context\":\"https:\\\/\\\/schema.org\",\"@graph\":[{\"@type\":\"Article\",\"@id\":\"https:\\\/\\\/diarioprincipios.com\\\/index.php\\\/2021\\\/02\\\/24\\\/con-un-gran-encuentro-virtual-berazategui-celebro-el-dia-de-la-antartida-argentina\\\/#article\",\"isPartOf\":{\"@id\":\"https:\\\/\\\/diarioprincipios.com\\\/index.php\\\/2021\\\/02\\\/24\\\/con-un-gran-encuentro-virtual-berazategui-celebro-el-dia-de-la-antartida-argentina\\\/\"},\"author\":{\"name\":\"Hern\u00e1n L\u00f3pez\",\"@id\":\"https:\\\/\\\/diarioprincipios.com\\\/#\\\/schema\\\/person\\\/436d5a1fd41a5e250e23ff5a6a7cb080\"},\"headline\":\"Con un gran encuentro virtual Berazategui celebr\u00f3 el D\u00eda de la Ant\u00e1rtida Argentina\",\"datePublished\":\"2021-02-25T01:20:43+00:00\",\"dateModified\":\"2021-02-25T01:20:48+00:00\",\"mainEntityOfPage\":{\"@id\":\"https:\\\/\\\/diarioprincipios.com\\\/index.php\\\/2021\\\/02\\\/24\\\/con-un-gran-encuentro-virtual-berazategui-celebro-el-dia-de-la-antartida-argentina\\\/\"},\"wordCount\":813,\"commentCount\":0,\"publisher\":{\"@id\":\"https:\\\/\\\/diarioprincipios.com\\\/#organization\"},\"image\":{\"@id\":\"https:\\\/\\\/diarioprincipios.com\\\/index.php\\\/2021\\\/02\\\/24\\\/con-un-gran-encuentro-virtual-berazategui-celebro-el-dia-de-la-antartida-argentina\\\/#primaryimage\"},\"thumbnailUrl\":\"https:\\\/\\\/diarioprincipios.com\\\/wp-content\\\/uploads\\\/2021\\\/02\\\/20210224_221810.jpg\",\"articleSection\":[\"Berazategui\"],\"inLanguage\":\"es\",\"potentialAction\":[{\"@type\":\"CommentAction\",\"name\":\"Comment\",\"target\":[\"https:\\\/\\\/diarioprincipios.com\\\/index.php\\\/2021\\\/02\\\/24\\\/con-un-gran-encuentro-virtual-berazategui-celebro-el-dia-de-la-antartida-argentina\\\/#respond\"]}]},{\"@type\":\"WebPage\",\"@id\":\"https:\\\/\\\/diarioprincipios.com\\\/index.php\\\/2021\\\/02\\\/24\\\/con-un-gran-encuentro-virtual-berazategui-celebro-el-dia-de-la-antartida-argentina\\\/\",\"url\":\"https:\\\/\\\/diarioprincipios.com\\\/index.php\\\/2021\\\/02\\\/24\\\/con-un-gran-encuentro-virtual-berazategui-celebro-el-dia-de-la-antartida-argentina\\\/\",\"name\":\"Con un gran encuentro virtual Berazategui celebr\u00f3 el D\u00eda de la Ant\u00e1rtida Argentina - Principios\",\"isPartOf\":{\"@id\":\"https:\\\/\\\/diarioprincipios.com\\\/#website\"},\"primaryImageOfPage\":{\"@id\":\"https:\\\/\\\/diarioprincipios.com\\\/index.php\\\/2021\\\/02\\\/24\\\/con-un-gran-encuentro-virtual-berazategui-celebro-el-dia-de-la-antartida-argentina\\\/#primaryimage\"},\"image\":{\"@id\":\"https:\\\/\\\/diarioprincipios.com\\\/index.php\\\/2021\\\/02\\\/24\\\/con-un-gran-encuentro-virtual-berazategui-celebro-el-dia-de-la-antartida-argentina\\\/#primaryimage\"},\"thumbnailUrl\":\"https:\\\/\\\/diarioprincipios.com\\\/wp-content\\\/uploads\\\/2021\\\/02\\\/20210224_221810.jpg\",\"datePublished\":\"2021-02-25T01:20:43+00:00\",\"dateModified\":\"2021-02-25T01:20:48+00:00\",\"breadcrumb\":{\"@id\":\"https:\\\/\\\/diarioprincipios.com\\\/index.php\\\/2021\\\/02\\\/24\\\/con-un-gran-encuentro-virtual-berazategui-celebro-el-dia-de-la-antartida-argentina\\\/#breadcrumb\"},\"inLanguage\":\"es\",\"potentialAction\":[{\"@type\":\"ReadAction\",\"target\":[\"https:\\\/\\\/diarioprincipios.com\\\/index.php\\\/2021\\\/02\\\/24\\\/con-un-gran-encuentro-virtual-berazategui-celebro-el-dia-de-la-antartida-argentina\\\/\"]}]},{\"@type\":\"ImageObject\",\"inLanguage\":\"es\",\"@id\":\"https:\\\/\\\/diarioprincipios.com\\\/index.php\\\/2021\\\/02\\\/24\\\/con-un-gran-encuentro-virtual-berazategui-celebro-el-dia-de-la-antartida-argentina\\\/#primaryimage\",\"url\":\"https:\\\/\\\/diarioprincipios.com\\\/wp-content\\\/uploads\\\/2021\\\/02\\\/20210224_221810.jpg\",\"contentUrl\":\"https:\\\/\\\/diarioprincipios.com\\\/wp-content\\\/uploads\\\/2021\\\/02\\\/20210224_221810.jpg\",\"width\":1024,\"height\":589},{\"@type\":\"BreadcrumbList\",\"@id\":\"https:\\\/\\\/diarioprincipios.com\\\/index.php\\\/2021\\\/02\\\/24\\\/con-un-gran-encuentro-virtual-berazategui-celebro-el-dia-de-la-antartida-argentina\\\/#breadcrumb\",\"itemListElement\":[{\"@type\":\"ListItem\",\"position\":1,\"name\":\"Portada\",\"item\":\"https:\\\/\\\/diarioprincipios.com\\\/\"},{\"@type\":\"ListItem\",\"position\":2,\"name\":\"Con un gran encuentro virtual Berazategui celebr\u00f3 el D\u00eda de la Ant\u00e1rtida Argentina\"}]},{\"@type\":\"WebSite\",\"@id\":\"https:\\\/\\\/diarioprincipios.com\\\/#website\",\"url\":\"https:\\\/\\\/diarioprincipios.com\\\/\",\"name\":\"Principios\",\"description\":\"Principios Diario\",\"publisher\":{\"@id\":\"https:\\\/\\\/diarioprincipios.com\\\/#organization\"},\"potentialAction\":[{\"@type\":\"SearchAction\",\"target\":{\"@type\":\"EntryPoint\",\"urlTemplate\":\"https:\\\/\\\/diarioprincipios.com\\\/?s={search_term_string}\"},\"query-input\":{\"@type\":\"PropertyValueSpecification\",\"valueRequired\":true,\"valueName\":\"search_term_string\"}}],\"inLanguage\":\"es\"},{\"@type\":\"Organization\",\"@id\":\"https:\\\/\\\/diarioprincipios.com\\\/#organization\",\"name\":\"Principios\",\"url\":\"https:\\\/\\\/diarioprincipios.com\\\/\",\"logo\":{\"@type\":\"ImageObject\",\"inLanguage\":\"es\",\"@id\":\"https:\\\/\\\/diarioprincipios.com\\\/#\\\/schema\\\/logo\\\/image\\\/\",\"url\":\"https:\\\/\\\/diarioprincipios.com\\\/wp-content\\\/uploads\\\/2024\\\/04\\\/cropped-www.diarioprincipios.com_-1.png\",\"contentUrl\":\"https:\\\/\\\/diarioprincipios.com\\\/wp-content\\\/uploads\\\/2024\\\/04\\\/cropped-www.diarioprincipios.com_-1.png\",\"width\":5325,\"height\":1454,\"caption\":\"Principios\"},\"image\":{\"@id\":\"https:\\\/\\\/diarioprincipios.com\\\/#\\\/schema\\\/logo\\\/image\\\/\"}},{\"@type\":\"Person\",\"@id\":\"https:\\\/\\\/diarioprincipios.com\\\/#\\\/schema\\\/person\\\/436d5a1fd41a5e250e23ff5a6a7cb080\",\"name\":\"Hern\u00e1n L\u00f3pez\",\"image\":{\"@type\":\"ImageObject\",\"inLanguage\":\"es\",\"@id\":\"https:\\\/\\\/diarioprincipios.com\\\/wp-content\\\/litespeed\\\/avatar\\\/11ddfe5610ff3bd100522525b2571f48.jpg?ver=1777048341\",\"url\":\"https:\\\/\\\/diarioprincipios.com\\\/wp-content\\\/litespeed\\\/avatar\\\/11ddfe5610ff3bd100522525b2571f48.jpg?ver=1777048341\",\"contentUrl\":\"https:\\\/\\\/diarioprincipios.com\\\/wp-content\\\/litespeed\\\/avatar\\\/11ddfe5610ff3bd100522525b2571f48.jpg?ver=1777048341\",\"caption\":\"Hern\u00e1n L\u00f3pez\"},\"url\":\"https:\\\/\\\/diarioprincipios.com\\\/index.php\\\/author\\\/hernan\\\/\"}]}<\/script>\n<!-- \/ Yoast SEO plugin. -->","yoast_head_json":{"title":"Con un gran encuentro virtual Berazategui celebr\u00f3 el D\u00eda de la Ant\u00e1rtida Argentina - Principios","robots":{"index":"index","follow":"follow","max-snippet":"max-snippet:-1","max-image-preview":"max-image-preview:large","max-video-preview":"max-video-preview:-1"},"canonical":"https:\/\/diarioprincipios.com\/index.php\/2021\/02\/24\/con-un-gran-encuentro-virtual-berazategui-celebro-el-dia-de-la-antartida-argentina\/","og_locale":"es_ES","og_type":"article","og_title":"Con un gran encuentro virtual Berazategui celebr\u00f3 el D\u00eda de la Ant\u00e1rtida Argentina - Principios","og_description":"En el 117\u00b0 aniversario del primer izamiento de la bandera argentina en las Islas Orcadas del Sur, Berazategui conmemor\u00f3 el D\u00eda de la Ant\u00e1rtida Argentina con un gran encuentro virtual que estuvo encabezado por el intendente Juan Jos\u00e9 Mussi. El acto fue transmitido en vivo por sus redes sociales y tuvo como eje la soberan\u00eda...","og_url":"https:\/\/diarioprincipios.com\/index.php\/2021\/02\/24\/con-un-gran-encuentro-virtual-berazategui-celebro-el-dia-de-la-antartida-argentina\/","og_site_name":"Principios","article_published_time":"2021-02-25T01:20:43+00:00","article_modified_time":"2021-02-25T01:20:48+00:00","og_image":[{"width":1024,"height":589,"url":"https:\/\/diarioprincipios.com\/wp-content\/uploads\/2021\/02\/20210224_221810.jpg","type":"image\/jpeg"}],"author":"Hern\u00e1n L\u00f3pez","twitter_card":"summary_large_image","twitter_misc":{"Escrito por":"Hern\u00e1n L\u00f3pez","Tiempo de lectura":"4 minutos"},"schema":{"@context":"https:\/\/schema.org","@graph":[{"@type":"Article","@id":"https:\/\/diarioprincipios.com\/index.php\/2021\/02\/24\/con-un-gran-encuentro-virtual-berazategui-celebro-el-dia-de-la-antartida-argentina\/#article","isPartOf":{"@id":"https:\/\/diarioprincipios.com\/index.php\/2021\/02\/24\/con-un-gran-encuentro-virtual-berazategui-celebro-el-dia-de-la-antartida-argentina\/"},"author":{"name":"Hern\u00e1n L\u00f3pez","@id":"https:\/\/diarioprincipios.com\/#\/schema\/person\/436d5a1fd41a5e250e23ff5a6a7cb080"},"headline":"Con un gran encuentro virtual Berazategui celebr\u00f3 el D\u00eda de la Ant\u00e1rtida Argentina","datePublished":"2021-02-25T01:20:43+00:00","dateModified":"2021-02-25T01:20:48+00:00","mainEntityOfPage":{"@id":"https:\/\/diarioprincipios.com\/index.php\/2021\/02\/24\/con-un-gran-encuentro-virtual-berazategui-celebro-el-dia-de-la-antartida-argentina\/"},"wordCount":813,"commentCount":0,"publisher":{"@id":"https:\/\/diarioprincipios.com\/#organization"},"image":{"@id":"https:\/\/diarioprincipios.com\/index.php\/2021\/02\/24\/con-un-gran-encuentro-virtual-berazategui-celebro-el-dia-de-la-antartida-argentina\/#primaryimage"},"thumbnailUrl":"https:\/\/diarioprincipios.com\/wp-content\/uploads\/2021\/02\/20210224_221810.jpg","articleSection":["Berazategui"],"inLanguage":"es","potentialAction":[{"@type":"CommentAction","name":"Comment","target":["https:\/\/diarioprincipios.com\/index.php\/2021\/02\/24\/con-un-gran-encuentro-virtual-berazategui-celebro-el-dia-de-la-antartida-argentina\/#respond"]}]},{"@type":"WebPage","@id":"https:\/\/diarioprincipios.com\/index.php\/2021\/02\/24\/con-un-gran-encuentro-virtual-berazategui-celebro-el-dia-de-la-antartida-argentina\/","url":"https:\/\/diarioprincipios.com\/index.php\/2021\/02\/24\/con-un-gran-encuentro-virtual-berazategui-celebro-el-dia-de-la-antartida-argentina\/","name":"Con un gran encuentro virtual Berazategui celebr\u00f3 el D\u00eda de la Ant\u00e1rtida Argentina - Principios","isPartOf":{"@id":"https:\/\/diarioprincipios.com\/#website"},"primaryImageOfPage":{"@id":"https:\/\/diarioprincipios.com\/index.php\/2021\/02\/24\/con-un-gran-encuentro-virtual-berazategui-celebro-el-dia-de-la-antartida-argentina\/#primaryimage"},"image":{"@id":"https:\/\/diarioprincipios.com\/index.php\/2021\/02\/24\/con-un-gran-encuentro-virtual-berazategui-celebro-el-dia-de-la-antartida-argentina\/#primaryimage"},"thumbnailUrl":"https:\/\/diarioprincipios.com\/wp-content\/uploads\/2021\/02\/20210224_221810.jpg","datePublished":"2021-02-25T01:20:43+00:00","dateModified":"2021-02-25T01:20:48+00:00","breadcrumb":{"@id":"https:\/\/diarioprincipios.com\/index.php\/2021\/02\/24\/con-un-gran-encuentro-virtual-berazategui-celebro-el-dia-de-la-antartida-argentina\/#breadcrumb"},"inLanguage":"es","potentialAction":[{"@type":"ReadAction","target":["https:\/\/diarioprincipios.com\/index.php\/2021\/02\/24\/con-un-gran-encuentro-virtual-berazategui-celebro-el-dia-de-la-antartida-argentina\/"]}]},{"@type":"ImageObject","inLanguage":"es","@id":"https:\/\/diarioprincipios.com\/index.php\/2021\/02\/24\/con-un-gran-encuentro-virtual-berazategui-celebro-el-dia-de-la-antartida-argentina\/#primaryimage","url":"https:\/\/diarioprincipios.com\/wp-content\/uploads\/2021\/02\/20210224_221810.jpg","contentUrl":"https:\/\/diarioprincipios.com\/wp-content\/uploads\/2021\/02\/20210224_221810.jpg","width":1024,"height":589},{"@type":"BreadcrumbList","@id":"https:\/\/diarioprincipios.com\/index.php\/2021\/02\/24\/con-un-gran-encuentro-virtual-berazategui-celebro-el-dia-de-la-antartida-argentina\/#breadcrumb","itemListElement":[{"@type":"ListItem","position":1,"name":"Portada","item":"https:\/\/diarioprincipios.com\/"},{"@type":"ListItem","position":2,"name":"Con un gran encuentro virtual Berazategui celebr\u00f3 el D\u00eda de la Ant\u00e1rtida Argentina"}]},{"@type":"WebSite","@id":"https:\/\/diarioprincipios.com\/#website","url":"https:\/\/diarioprincipios.com\/","name":"Principios","description":"Principios Diario","publisher":{"@id":"https:\/\/diarioprincipios.com\/#organization"},"potentialAction":[{"@type":"SearchAction","target":{"@type":"EntryPoint","urlTemplate":"https:\/\/diarioprincipios.com\/?s={search_term_string}"},"query-input":{"@type":"PropertyValueSpecification","valueRequired":true,"valueName":"search_term_string"}}],"inLanguage":"es"},{"@type":"Organization","@id":"https:\/\/diarioprincipios.com\/#organization","name":"Principios","url":"https:\/\/diarioprincipios.com\/","logo":{"@type":"ImageObject","inLanguage":"es","@id":"https:\/\/diarioprincipios.com\/#\/schema\/logo\/image\/","url":"https:\/\/diarioprincipios.com\/wp-content\/uploads\/2024\/04\/cropped-www.diarioprincipios.com_-1.png","contentUrl":"https:\/\/diarioprincipios.com\/wp-content\/uploads\/2024\/04\/cropped-www.diarioprincipios.com_-1.png","width":5325,"height":1454,"caption":"Principios"},"image":{"@id":"https:\/\/diarioprincipios.com\/#\/schema\/logo\/image\/"}},{"@type":"Person","@id":"https:\/\/diarioprincipios.com\/#\/schema\/person\/436d5a1fd41a5e250e23ff5a6a7cb080","name":"Hern\u00e1n L\u00f3pez","image":{"@type":"ImageObject","inLanguage":"es","@id":"https:\/\/diarioprincipios.com\/wp-content\/litespeed\/avatar\/11ddfe5610ff3bd100522525b2571f48.jpg?ver=1777048341","url":"https:\/\/diarioprincipios.com\/wp-content\/litespeed\/avatar\/11ddfe5610ff3bd100522525b2571f48.jpg?ver=1777048341","contentUrl":"https:\/\/diarioprincipios.com\/wp-content\/litespeed\/avatar\/11ddfe5610ff3bd100522525b2571f48.jpg?ver=1777048341","caption":"Hern\u00e1n L\u00f3pez"},"url":"https:\/\/diarioprincipios.com\/index.php\/author\/hernan\/"}]}},"jetpack_featured_media_url":"https:\/\/diarioprincipios.com\/wp-content\/uploads\/2021\/02\/20210224_221810.jpg","_links":{"self":[{"href":"https:\/\/diarioprincipios.com\/index.php\/wp-json\/wp\/v2\/posts\/8688","targetHints":{"allow":["GET"]}}],"collection":[{"href":"https:\/\/diarioprincipios.com\/index.php\/wp-json\/wp\/v2\/posts"}],"about":[{"href":"https:\/\/diarioprincipios.com\/index.php\/wp-json\/wp\/v2\/types\/post"}],"author":[{"embeddable":true,"href":"https:\/\/diarioprincipios.com\/index.php\/wp-json\/wp\/v2\/users\/2"}],"replies":[{"embeddable":true,"href":"https:\/\/diarioprincipios.com\/index.php\/wp-json\/wp\/v2\/comments?post=8688"}],"version-history":[{"count":1,"href":"https:\/\/diarioprincipios.com\/index.php\/wp-json\/wp\/v2\/posts\/8688\/revisions"}],"predecessor-version":[{"id":8690,"href":"https:\/\/diarioprincipios.com\/index.php\/wp-json\/wp\/v2\/posts\/8688\/revisions\/8690"}],"wp:featuredmedia":[{"embeddable":true,"href":"https:\/\/diarioprincipios.com\/index.php\/wp-json\/wp\/v2\/media\/8689"}],"wp:attachment":[{"href":"https:\/\/diarioprincipios.com\/index.php\/wp-json\/wp\/v2\/media?parent=8688"}],"wp:term":[{"taxonomy":"category","embeddable":true,"href":"https:\/\/diarioprincipios.com\/index.php\/wp-json\/wp\/v2\/categories?post=8688"},{"taxonomy":"post_tag","embeddable":true,"href":"https:\/\/diarioprincipios.com\/index.php\/wp-json\/wp\/v2\/tags?post=8688"}],"curies":[{"name":"wp","href":"https:\/\/api.w.org\/{rel}","templated":true}]}}