{"id":8654,"date":"2021-02-21T15:07:35","date_gmt":"2021-02-21T18:07:35","guid":{"rendered":"http:\/\/diarioprincipios.com\/?p=8654"},"modified":"2021-02-21T15:07:39","modified_gmt":"2021-02-21T18:07:39","slug":"el-intendente-chornobroff-y-magdalena-sierra-junto-al-ministro-ferraresi-entregaron-d-u-a-d-a-120-familias-de-villa-tranquila","status":"publish","type":"post","link":"https:\/\/diarioprincipios.com\/index.php\/2021\/02\/21\/el-intendente-chornobroff-y-magdalena-sierra-junto-al-ministro-ferraresi-entregaron-d-u-a-d-a-120-familias-de-villa-tranquila\/","title":{"rendered":"El intendente Chornobroff y Magdalena Sierra junto al ministro Ferraresi entregaron D.U.A.D a 120 familias de Villa Tranquila"},"content":{"rendered":"\n<p>Esta herramienta garantiza el acceso a los servicios b\u00e1sicos y protege jur\u00eddicamente la vivienda familiar.<\/p>\n\n\n\n<p>El ministro de Desarrollo Territorial y H\u00e1bitat de la Naci\u00f3n, Jorge Ferraresi, junto al intendente de Avellaneda, Alejo Chornobroff, y la jefa de Gabinete, Magdalena Sierra, encabezaron esta ma\u00f1ana el acto de entrega del Documento \u00danico de Ampliaci\u00f3n de Derechos (DUAD) a 120 familias del barrio CAEM de Villa Tranquila.<\/p>\n\n\n\n<p>El DUAD es un recurso que implementa la Comuna: acredita la propiedad de la vivienda familiar y garantiza el acceso a los servicios b\u00e1sicos.<\/p>\n\n\n\n<p>\u201cVamos a seguir con la urbanizaci\u00f3n de Villa Tranquila\u201d, asegur\u00f3 el ministro Ferraresi y agreg\u00f3: \u201cTodos los vecinos y pibes de cada barrio se merecen lo mejor, mejor a lo que hemos tenido nosotros. Como dice Alberto Fern\u00e1ndez: Cada uno tiene que tener la oportunidad de desarrollarse donde nace\u201d.<\/p>\n\n\n\n<p>Alejo Chornobroff remarc\u00f3 la importancia del programa y asegur\u00f3 que se seguir\u00e1 trabajando \u201cpor el camino que nos marc\u00f3 Ferrares\u201d y \u201cpor los sue\u00f1os de todos los vecinos y vecinas de la ciudad\u201d.<\/p>\n\n\n\n<p>Por su parte, Sierra manifest\u00f3: \u201cCuando uno tiene convicciones firmes los sue\u00f1os nunca se truncan\u201d, y resalt\u00f3: \u201cJorge con su fortaleza sigui\u00f3 trabajando junto con todos ustedes y el DUAD es el resultado de eso\u201d.<\/p>\n\n\n\n<p>Posteriormente a la entrega de los documentos, las autoridades junto a los vecinos y vecinas recorrieron el barrio y conversaron acerca de la urbanizaci\u00f3n y diferentes obras que se llevar\u00e1n a cabo.\u00a0<\/p>\n","protected":false},"excerpt":{"rendered":"<p>Esta herramienta garantiza el acceso a los servicios b\u00e1sicos y protege jur\u00eddicamente la vivienda familiar. El ministro de Desarrollo Territorial y H\u00e1bitat de la Naci\u00f3n, Jorge Ferraresi, junto al intendente de Avellaneda, Alejo Chornobroff, y la jefa de Gabinete, Magdalena Sierra, encabezaron esta ma\u00f1ana el acto de entrega del Documento \u00danico de Ampliaci\u00f3n de Derechos&#8230;<\/p>\n","protected":false},"author":2,"featured_media":8655,"comment_status":"open","ping_status":"open","sticky":false,"template":"","format":"standard","meta":{"footnotes":""},"categories":[5],"tags":[],"class_list":["post-8654","post","type-post","status-publish","format-standard","has-post-thumbnail","hentry","category-avellaneda"],"featured_image_src":"https:\/\/diarioprincipios.com\/wp-content\/uploads\/2021\/02\/WhatsApp-Image-2021-02-20-at-4_41_44-PM-1024x726.jpeg","blog_images":{"medium":"https:\/\/diarioprincipios.com\/wp-content\/uploads\/2021\/02\/WhatsApp-Image-2021-02-20-at-4_41_44-PM-300x213.jpeg","large":"https:\/\/diarioprincipios.com\/wp-content\/uploads\/2021\/02\/WhatsApp-Image-2021-02-20-at-4_41_44-PM-1024x726.jpeg"},"ams_acf":[],"yoast_head":"<!-- This site is optimized with the Yoast SEO plugin v27.3 - https:\/\/yoast.com\/product\/yoast-seo-wordpress\/ -->\n<title>El intendente Chornobroff y Magdalena Sierra junto al ministro Ferraresi entregaron D.U.A.D a 120 familias de Villa Tranquila - Principios<\/title>\n<meta name=\"robots\" content=\"index, follow, max-snippet:-1, max-image-preview:large, max-video-preview:-1\" \/>\n<link rel=\"canonical\" href=\"https:\/\/diarioprincipios.com\/index.php\/2021\/02\/21\/el-intendente-chornobroff-y-magdalena-sierra-junto-al-ministro-ferraresi-entregaron-d-u-a-d-a-120-familias-de-villa-tranquila\/\" \/>\n<meta property=\"og:locale\" content=\"es_ES\" \/>\n<meta property=\"og:type\" content=\"article\" \/>\n<meta property=\"og:title\" content=\"El intendente Chornobroff y Magdalena Sierra junto al ministro Ferraresi entregaron D.U.A.D a 120 familias de Villa Tranquila - Principios\" \/>\n<meta property=\"og:description\" content=\"Esta herramienta garantiza el acceso a los servicios b\u00e1sicos y protege jur\u00eddicamente la vivienda familiar. El ministro de Desarrollo Territorial y H\u00e1bitat de la Naci\u00f3n, Jorge Ferraresi, junto al intendente de Avellaneda, Alejo Chornobroff, y la jefa de Gabinete, Magdalena Sierra, encabezaron esta ma\u00f1ana el acto de entrega del Documento \u00danico de Ampliaci\u00f3n de Derechos...\" \/>\n<meta property=\"og:url\" content=\"https:\/\/diarioprincipios.com\/index.php\/2021\/02\/21\/el-intendente-chornobroff-y-magdalena-sierra-junto-al-ministro-ferraresi-entregaron-d-u-a-d-a-120-familias-de-villa-tranquila\/\" \/>\n<meta property=\"og:site_name\" content=\"Principios\" \/>\n<meta property=\"article:published_time\" content=\"2021-02-21T18:07:35+00:00\" \/>\n<meta property=\"article:modified_time\" content=\"2021-02-21T18:07:39+00:00\" \/>\n<meta property=\"og:image\" content=\"https:\/\/diarioprincipios.com\/wp-content\/uploads\/2021\/02\/WhatsApp-Image-2021-02-20-at-4_41_44-PM.jpeg\" \/>\n\t<meta property=\"og:image:width\" content=\"1200\" \/>\n\t<meta property=\"og:image:height\" content=\"851\" \/>\n\t<meta property=\"og:image:type\" content=\"image\/jpeg\" \/>\n<meta name=\"author\" content=\"Hern\u00e1n L\u00f3pez\" \/>\n<meta name=\"twitter:card\" content=\"summary_large_image\" \/>\n<meta name=\"twitter:label1\" content=\"Escrito por\" \/>\n\t<meta name=\"twitter:data1\" content=\"Hern\u00e1n L\u00f3pez\" \/>\n\t<meta name=\"twitter:label2\" content=\"Tiempo de lectura\" \/>\n\t<meta name=\"twitter:data2\" content=\"2 minutos\" \/>\n<script type=\"application\/ld+json\" class=\"yoast-schema-graph\">{\"@context\":\"https:\\\/\\\/schema.org\",\"@graph\":[{\"@type\":\"Article\",\"@id\":\"https:\\\/\\\/diarioprincipios.com\\\/index.php\\\/2021\\\/02\\\/21\\\/el-intendente-chornobroff-y-magdalena-sierra-junto-al-ministro-ferraresi-entregaron-d-u-a-d-a-120-familias-de-villa-tranquila\\\/#article\",\"isPartOf\":{\"@id\":\"https:\\\/\\\/diarioprincipios.com\\\/index.php\\\/2021\\\/02\\\/21\\\/el-intendente-chornobroff-y-magdalena-sierra-junto-al-ministro-ferraresi-entregaron-d-u-a-d-a-120-familias-de-villa-tranquila\\\/\"},\"author\":{\"name\":\"Hern\u00e1n L\u00f3pez\",\"@id\":\"https:\\\/\\\/diarioprincipios.com\\\/#\\\/schema\\\/person\\\/436d5a1fd41a5e250e23ff5a6a7cb080\"},\"headline\":\"El intendente Chornobroff y Magdalena Sierra junto al ministro Ferraresi entregaron D.U.A.D a 120 familias de Villa Tranquila\",\"datePublished\":\"2021-02-21T18:07:35+00:00\",\"dateModified\":\"2021-02-21T18:07:39+00:00\",\"mainEntityOfPage\":{\"@id\":\"https:\\\/\\\/diarioprincipios.com\\\/index.php\\\/2021\\\/02\\\/21\\\/el-intendente-chornobroff-y-magdalena-sierra-junto-al-ministro-ferraresi-entregaron-d-u-a-d-a-120-familias-de-villa-tranquila\\\/\"},\"wordCount\":270,\"commentCount\":0,\"publisher\":{\"@id\":\"https:\\\/\\\/diarioprincipios.com\\\/#organization\"},\"image\":{\"@id\":\"https:\\\/\\\/diarioprincipios.com\\\/index.php\\\/2021\\\/02\\\/21\\\/el-intendente-chornobroff-y-magdalena-sierra-junto-al-ministro-ferraresi-entregaron-d-u-a-d-a-120-familias-de-villa-tranquila\\\/#primaryimage\"},\"thumbnailUrl\":\"https:\\\/\\\/diarioprincipios.com\\\/wp-content\\\/uploads\\\/2021\\\/02\\\/WhatsApp-Image-2021-02-20-at-4_41_44-PM.jpeg\",\"articleSection\":[\"Avellaneda\"],\"inLanguage\":\"es\",\"potentialAction\":[{\"@type\":\"CommentAction\",\"name\":\"Comment\",\"target\":[\"https:\\\/\\\/diarioprincipios.com\\\/index.php\\\/2021\\\/02\\\/21\\\/el-intendente-chornobroff-y-magdalena-sierra-junto-al-ministro-ferraresi-entregaron-d-u-a-d-a-120-familias-de-villa-tranquila\\\/#respond\"]}]},{\"@type\":\"WebPage\",\"@id\":\"https:\\\/\\\/diarioprincipios.com\\\/index.php\\\/2021\\\/02\\\/21\\\/el-intendente-chornobroff-y-magdalena-sierra-junto-al-ministro-ferraresi-entregaron-d-u-a-d-a-120-familias-de-villa-tranquila\\\/\",\"url\":\"https:\\\/\\\/diarioprincipios.com\\\/index.php\\\/2021\\\/02\\\/21\\\/el-intendente-chornobroff-y-magdalena-sierra-junto-al-ministro-ferraresi-entregaron-d-u-a-d-a-120-familias-de-villa-tranquila\\\/\",\"name\":\"El intendente Chornobroff y Magdalena Sierra junto al ministro Ferraresi entregaron D.U.A.D a 120 familias de Villa Tranquila - Principios\",\"isPartOf\":{\"@id\":\"https:\\\/\\\/diarioprincipios.com\\\/#website\"},\"primaryImageOfPage\":{\"@id\":\"https:\\\/\\\/diarioprincipios.com\\\/index.php\\\/2021\\\/02\\\/21\\\/el-intendente-chornobroff-y-magdalena-sierra-junto-al-ministro-ferraresi-entregaron-d-u-a-d-a-120-familias-de-villa-tranquila\\\/#primaryimage\"},\"image\":{\"@id\":\"https:\\\/\\\/diarioprincipios.com\\\/index.php\\\/2021\\\/02\\\/21\\\/el-intendente-chornobroff-y-magdalena-sierra-junto-al-ministro-ferraresi-entregaron-d-u-a-d-a-120-familias-de-villa-tranquila\\\/#primaryimage\"},\"thumbnailUrl\":\"https:\\\/\\\/diarioprincipios.com\\\/wp-content\\\/uploads\\\/2021\\\/02\\\/WhatsApp-Image-2021-02-20-at-4_41_44-PM.jpeg\",\"datePublished\":\"2021-02-21T18:07:35+00:00\",\"dateModified\":\"2021-02-21T18:07:39+00:00\",\"breadcrumb\":{\"@id\":\"https:\\\/\\\/diarioprincipios.com\\\/index.php\\\/2021\\\/02\\\/21\\\/el-intendente-chornobroff-y-magdalena-sierra-junto-al-ministro-ferraresi-entregaron-d-u-a-d-a-120-familias-de-villa-tranquila\\\/#breadcrumb\"},\"inLanguage\":\"es\",\"potentialAction\":[{\"@type\":\"ReadAction\",\"target\":[\"https:\\\/\\\/diarioprincipios.com\\\/index.php\\\/2021\\\/02\\\/21\\\/el-intendente-chornobroff-y-magdalena-sierra-junto-al-ministro-ferraresi-entregaron-d-u-a-d-a-120-familias-de-villa-tranquila\\\/\"]}]},{\"@type\":\"ImageObject\",\"inLanguage\":\"es\",\"@id\":\"https:\\\/\\\/diarioprincipios.com\\\/index.php\\\/2021\\\/02\\\/21\\\/el-intendente-chornobroff-y-magdalena-sierra-junto-al-ministro-ferraresi-entregaron-d-u-a-d-a-120-familias-de-villa-tranquila\\\/#primaryimage\",\"url\":\"https:\\\/\\\/diarioprincipios.com\\\/wp-content\\\/uploads\\\/2021\\\/02\\\/WhatsApp-Image-2021-02-20-at-4_41_44-PM.jpeg\",\"contentUrl\":\"https:\\\/\\\/diarioprincipios.com\\\/wp-content\\\/uploads\\\/2021\\\/02\\\/WhatsApp-Image-2021-02-20-at-4_41_44-PM.jpeg\",\"width\":1200,\"height\":851},{\"@type\":\"BreadcrumbList\",\"@id\":\"https:\\\/\\\/diarioprincipios.com\\\/index.php\\\/2021\\\/02\\\/21\\\/el-intendente-chornobroff-y-magdalena-sierra-junto-al-ministro-ferraresi-entregaron-d-u-a-d-a-120-familias-de-villa-tranquila\\\/#breadcrumb\",\"itemListElement\":[{\"@type\":\"ListItem\",\"position\":1,\"name\":\"Portada\",\"item\":\"https:\\\/\\\/diarioprincipios.com\\\/\"},{\"@type\":\"ListItem\",\"position\":2,\"name\":\"El intendente Chornobroff y Magdalena Sierra junto al ministro Ferraresi entregaron D.U.A.D a 120 familias de Villa Tranquila\"}]},{\"@type\":\"WebSite\",\"@id\":\"https:\\\/\\\/diarioprincipios.com\\\/#website\",\"url\":\"https:\\\/\\\/diarioprincipios.com\\\/\",\"name\":\"Principios\",\"description\":\"Principios Diario\",\"publisher\":{\"@id\":\"https:\\\/\\\/diarioprincipios.com\\\/#organization\"},\"potentialAction\":[{\"@type\":\"SearchAction\",\"target\":{\"@type\":\"EntryPoint\",\"urlTemplate\":\"https:\\\/\\\/diarioprincipios.com\\\/?s={search_term_string}\"},\"query-input\":{\"@type\":\"PropertyValueSpecification\",\"valueRequired\":true,\"valueName\":\"search_term_string\"}}],\"inLanguage\":\"es\"},{\"@type\":\"Organization\",\"@id\":\"https:\\\/\\\/diarioprincipios.com\\\/#organization\",\"name\":\"Principios\",\"url\":\"https:\\\/\\\/diarioprincipios.com\\\/\",\"logo\":{\"@type\":\"ImageObject\",\"inLanguage\":\"es\",\"@id\":\"https:\\\/\\\/diarioprincipios.com\\\/#\\\/schema\\\/logo\\\/image\\\/\",\"url\":\"https:\\\/\\\/diarioprincipios.com\\\/wp-content\\\/uploads\\\/2024\\\/04\\\/cropped-www.diarioprincipios.com_-1.png\",\"contentUrl\":\"https:\\\/\\\/diarioprincipios.com\\\/wp-content\\\/uploads\\\/2024\\\/04\\\/cropped-www.diarioprincipios.com_-1.png\",\"width\":5325,\"height\":1454,\"caption\":\"Principios\"},\"image\":{\"@id\":\"https:\\\/\\\/diarioprincipios.com\\\/#\\\/schema\\\/logo\\\/image\\\/\"}},{\"@type\":\"Person\",\"@id\":\"https:\\\/\\\/diarioprincipios.com\\\/#\\\/schema\\\/person\\\/436d5a1fd41a5e250e23ff5a6a7cb080\",\"name\":\"Hern\u00e1n L\u00f3pez\",\"image\":{\"@type\":\"ImageObject\",\"inLanguage\":\"es\",\"@id\":\"https:\\\/\\\/diarioprincipios.com\\\/wp-content\\\/litespeed\\\/avatar\\\/11ddfe5610ff3bd100522525b2571f48.jpg?ver=1777048341\",\"url\":\"https:\\\/\\\/diarioprincipios.com\\\/wp-content\\\/litespeed\\\/avatar\\\/11ddfe5610ff3bd100522525b2571f48.jpg?ver=1777048341\",\"contentUrl\":\"https:\\\/\\\/diarioprincipios.com\\\/wp-content\\\/litespeed\\\/avatar\\\/11ddfe5610ff3bd100522525b2571f48.jpg?ver=1777048341\",\"caption\":\"Hern\u00e1n L\u00f3pez\"},\"url\":\"https:\\\/\\\/diarioprincipios.com\\\/index.php\\\/author\\\/hernan\\\/\"}]}<\/script>\n<!-- \/ Yoast SEO plugin. -->","yoast_head_json":{"title":"El intendente Chornobroff y Magdalena Sierra junto al ministro Ferraresi entregaron D.U.A.D a 120 familias de Villa Tranquila - Principios","robots":{"index":"index","follow":"follow","max-snippet":"max-snippet:-1","max-image-preview":"max-image-preview:large","max-video-preview":"max-video-preview:-1"},"canonical":"https:\/\/diarioprincipios.com\/index.php\/2021\/02\/21\/el-intendente-chornobroff-y-magdalena-sierra-junto-al-ministro-ferraresi-entregaron-d-u-a-d-a-120-familias-de-villa-tranquila\/","og_locale":"es_ES","og_type":"article","og_title":"El intendente Chornobroff y Magdalena Sierra junto al ministro Ferraresi entregaron D.U.A.D a 120 familias de Villa Tranquila - Principios","og_description":"Esta herramienta garantiza el acceso a los servicios b\u00e1sicos y protege jur\u00eddicamente la vivienda familiar. El ministro de Desarrollo Territorial y H\u00e1bitat de la Naci\u00f3n, Jorge Ferraresi, junto al intendente de Avellaneda, Alejo Chornobroff, y la jefa de Gabinete, Magdalena Sierra, encabezaron esta ma\u00f1ana el acto de entrega del Documento \u00danico de Ampliaci\u00f3n de Derechos...","og_url":"https:\/\/diarioprincipios.com\/index.php\/2021\/02\/21\/el-intendente-chornobroff-y-magdalena-sierra-junto-al-ministro-ferraresi-entregaron-d-u-a-d-a-120-familias-de-villa-tranquila\/","og_site_name":"Principios","article_published_time":"2021-02-21T18:07:35+00:00","article_modified_time":"2021-02-21T18:07:39+00:00","og_image":[{"width":1200,"height":851,"url":"https:\/\/diarioprincipios.com\/wp-content\/uploads\/2021\/02\/WhatsApp-Image-2021-02-20-at-4_41_44-PM.jpeg","type":"image\/jpeg"}],"author":"Hern\u00e1n L\u00f3pez","twitter_card":"summary_large_image","twitter_misc":{"Escrito por":"Hern\u00e1n L\u00f3pez","Tiempo de lectura":"2 minutos"},"schema":{"@context":"https:\/\/schema.org","@graph":[{"@type":"Article","@id":"https:\/\/diarioprincipios.com\/index.php\/2021\/02\/21\/el-intendente-chornobroff-y-magdalena-sierra-junto-al-ministro-ferraresi-entregaron-d-u-a-d-a-120-familias-de-villa-tranquila\/#article","isPartOf":{"@id":"https:\/\/diarioprincipios.com\/index.php\/2021\/02\/21\/el-intendente-chornobroff-y-magdalena-sierra-junto-al-ministro-ferraresi-entregaron-d-u-a-d-a-120-familias-de-villa-tranquila\/"},"author":{"name":"Hern\u00e1n L\u00f3pez","@id":"https:\/\/diarioprincipios.com\/#\/schema\/person\/436d5a1fd41a5e250e23ff5a6a7cb080"},"headline":"El intendente Chornobroff y Magdalena Sierra junto al ministro Ferraresi entregaron D.U.A.D a 120 familias de Villa Tranquila","datePublished":"2021-02-21T18:07:35+00:00","dateModified":"2021-02-21T18:07:39+00:00","mainEntityOfPage":{"@id":"https:\/\/diarioprincipios.com\/index.php\/2021\/02\/21\/el-intendente-chornobroff-y-magdalena-sierra-junto-al-ministro-ferraresi-entregaron-d-u-a-d-a-120-familias-de-villa-tranquila\/"},"wordCount":270,"commentCount":0,"publisher":{"@id":"https:\/\/diarioprincipios.com\/#organization"},"image":{"@id":"https:\/\/diarioprincipios.com\/index.php\/2021\/02\/21\/el-intendente-chornobroff-y-magdalena-sierra-junto-al-ministro-ferraresi-entregaron-d-u-a-d-a-120-familias-de-villa-tranquila\/#primaryimage"},"thumbnailUrl":"https:\/\/diarioprincipios.com\/wp-content\/uploads\/2021\/02\/WhatsApp-Image-2021-02-20-at-4_41_44-PM.jpeg","articleSection":["Avellaneda"],"inLanguage":"es","potentialAction":[{"@type":"CommentAction","name":"Comment","target":["https:\/\/diarioprincipios.com\/index.php\/2021\/02\/21\/el-intendente-chornobroff-y-magdalena-sierra-junto-al-ministro-ferraresi-entregaron-d-u-a-d-a-120-familias-de-villa-tranquila\/#respond"]}]},{"@type":"WebPage","@id":"https:\/\/diarioprincipios.com\/index.php\/2021\/02\/21\/el-intendente-chornobroff-y-magdalena-sierra-junto-al-ministro-ferraresi-entregaron-d-u-a-d-a-120-familias-de-villa-tranquila\/","url":"https:\/\/diarioprincipios.com\/index.php\/2021\/02\/21\/el-intendente-chornobroff-y-magdalena-sierra-junto-al-ministro-ferraresi-entregaron-d-u-a-d-a-120-familias-de-villa-tranquila\/","name":"El intendente Chornobroff y Magdalena Sierra junto al ministro Ferraresi entregaron D.U.A.D a 120 familias de Villa Tranquila - Principios","isPartOf":{"@id":"https:\/\/diarioprincipios.com\/#website"},"primaryImageOfPage":{"@id":"https:\/\/diarioprincipios.com\/index.php\/2021\/02\/21\/el-intendente-chornobroff-y-magdalena-sierra-junto-al-ministro-ferraresi-entregaron-d-u-a-d-a-120-familias-de-villa-tranquila\/#primaryimage"},"image":{"@id":"https:\/\/diarioprincipios.com\/index.php\/2021\/02\/21\/el-intendente-chornobroff-y-magdalena-sierra-junto-al-ministro-ferraresi-entregaron-d-u-a-d-a-120-familias-de-villa-tranquila\/#primaryimage"},"thumbnailUrl":"https:\/\/diarioprincipios.com\/wp-content\/uploads\/2021\/02\/WhatsApp-Image-2021-02-20-at-4_41_44-PM.jpeg","datePublished":"2021-02-21T18:07:35+00:00","dateModified":"2021-02-21T18:07:39+00:00","breadcrumb":{"@id":"https:\/\/diarioprincipios.com\/index.php\/2021\/02\/21\/el-intendente-chornobroff-y-magdalena-sierra-junto-al-ministro-ferraresi-entregaron-d-u-a-d-a-120-familias-de-villa-tranquila\/#breadcrumb"},"inLanguage":"es","potentialAction":[{"@type":"ReadAction","target":["https:\/\/diarioprincipios.com\/index.php\/2021\/02\/21\/el-intendente-chornobroff-y-magdalena-sierra-junto-al-ministro-ferraresi-entregaron-d-u-a-d-a-120-familias-de-villa-tranquila\/"]}]},{"@type":"ImageObject","inLanguage":"es","@id":"https:\/\/diarioprincipios.com\/index.php\/2021\/02\/21\/el-intendente-chornobroff-y-magdalena-sierra-junto-al-ministro-ferraresi-entregaron-d-u-a-d-a-120-familias-de-villa-tranquila\/#primaryimage","url":"https:\/\/diarioprincipios.com\/wp-content\/uploads\/2021\/02\/WhatsApp-Image-2021-02-20-at-4_41_44-PM.jpeg","contentUrl":"https:\/\/diarioprincipios.com\/wp-content\/uploads\/2021\/02\/WhatsApp-Image-2021-02-20-at-4_41_44-PM.jpeg","width":1200,"height":851},{"@type":"BreadcrumbList","@id":"https:\/\/diarioprincipios.com\/index.php\/2021\/02\/21\/el-intendente-chornobroff-y-magdalena-sierra-junto-al-ministro-ferraresi-entregaron-d-u-a-d-a-120-familias-de-villa-tranquila\/#breadcrumb","itemListElement":[{"@type":"ListItem","position":1,"name":"Portada","item":"https:\/\/diarioprincipios.com\/"},{"@type":"ListItem","position":2,"name":"El intendente Chornobroff y Magdalena Sierra junto al ministro Ferraresi entregaron D.U.A.D a 120 familias de Villa Tranquila"}]},{"@type":"WebSite","@id":"https:\/\/diarioprincipios.com\/#website","url":"https:\/\/diarioprincipios.com\/","name":"Principios","description":"Principios Diario","publisher":{"@id":"https:\/\/diarioprincipios.com\/#organization"},"potentialAction":[{"@type":"SearchAction","target":{"@type":"EntryPoint","urlTemplate":"https:\/\/diarioprincipios.com\/?s={search_term_string}"},"query-input":{"@type":"PropertyValueSpecification","valueRequired":true,"valueName":"search_term_string"}}],"inLanguage":"es"},{"@type":"Organization","@id":"https:\/\/diarioprincipios.com\/#organization","name":"Principios","url":"https:\/\/diarioprincipios.com\/","logo":{"@type":"ImageObject","inLanguage":"es","@id":"https:\/\/diarioprincipios.com\/#\/schema\/logo\/image\/","url":"https:\/\/diarioprincipios.com\/wp-content\/uploads\/2024\/04\/cropped-www.diarioprincipios.com_-1.png","contentUrl":"https:\/\/diarioprincipios.com\/wp-content\/uploads\/2024\/04\/cropped-www.diarioprincipios.com_-1.png","width":5325,"height":1454,"caption":"Principios"},"image":{"@id":"https:\/\/diarioprincipios.com\/#\/schema\/logo\/image\/"}},{"@type":"Person","@id":"https:\/\/diarioprincipios.com\/#\/schema\/person\/436d5a1fd41a5e250e23ff5a6a7cb080","name":"Hern\u00e1n L\u00f3pez","image":{"@type":"ImageObject","inLanguage":"es","@id":"https:\/\/diarioprincipios.com\/wp-content\/litespeed\/avatar\/11ddfe5610ff3bd100522525b2571f48.jpg?ver=1777048341","url":"https:\/\/diarioprincipios.com\/wp-content\/litespeed\/avatar\/11ddfe5610ff3bd100522525b2571f48.jpg?ver=1777048341","contentUrl":"https:\/\/diarioprincipios.com\/wp-content\/litespeed\/avatar\/11ddfe5610ff3bd100522525b2571f48.jpg?ver=1777048341","caption":"Hern\u00e1n L\u00f3pez"},"url":"https:\/\/diarioprincipios.com\/index.php\/author\/hernan\/"}]}},"jetpack_featured_media_url":"https:\/\/diarioprincipios.com\/wp-content\/uploads\/2021\/02\/WhatsApp-Image-2021-02-20-at-4_41_44-PM.jpeg","_links":{"self":[{"href":"https:\/\/diarioprincipios.com\/index.php\/wp-json\/wp\/v2\/posts\/8654","targetHints":{"allow":["GET"]}}],"collection":[{"href":"https:\/\/diarioprincipios.com\/index.php\/wp-json\/wp\/v2\/posts"}],"about":[{"href":"https:\/\/diarioprincipios.com\/index.php\/wp-json\/wp\/v2\/types\/post"}],"author":[{"embeddable":true,"href":"https:\/\/diarioprincipios.com\/index.php\/wp-json\/wp\/v2\/users\/2"}],"replies":[{"embeddable":true,"href":"https:\/\/diarioprincipios.com\/index.php\/wp-json\/wp\/v2\/comments?post=8654"}],"version-history":[{"count":1,"href":"https:\/\/diarioprincipios.com\/index.php\/wp-json\/wp\/v2\/posts\/8654\/revisions"}],"predecessor-version":[{"id":8656,"href":"https:\/\/diarioprincipios.com\/index.php\/wp-json\/wp\/v2\/posts\/8654\/revisions\/8656"}],"wp:featuredmedia":[{"embeddable":true,"href":"https:\/\/diarioprincipios.com\/index.php\/wp-json\/wp\/v2\/media\/8655"}],"wp:attachment":[{"href":"https:\/\/diarioprincipios.com\/index.php\/wp-json\/wp\/v2\/media?parent=8654"}],"wp:term":[{"taxonomy":"category","embeddable":true,"href":"https:\/\/diarioprincipios.com\/index.php\/wp-json\/wp\/v2\/categories?post=8654"},{"taxonomy":"post_tag","embeddable":true,"href":"https:\/\/diarioprincipios.com\/index.php\/wp-json\/wp\/v2\/tags?post=8654"}],"curies":[{"name":"wp","href":"https:\/\/api.w.org\/{rel}","templated":true}]}}