{"id":8617,"date":"2021-02-17T15:45:43","date_gmt":"2021-02-17T18:45:43","guid":{"rendered":"http:\/\/diarioprincipios.com\/?p=8617"},"modified":"2021-02-17T15:45:48","modified_gmt":"2021-02-17T18:45:48","slug":"la-provincia-de-buenos-aires-comenzo-la-vacunacion-de-adultos-mayores","status":"publish","type":"post","link":"https:\/\/diarioprincipios.com\/index.php\/2021\/02\/17\/la-provincia-de-buenos-aires-comenzo-la-vacunacion-de-adultos-mayores\/","title":{"rendered":"La Provincia de Buenos Aires comenz\u00f3 la vacunaci\u00f3n de adultos mayores"},"content":{"rendered":"\n<p>La provincia de Buenos Aires comenz\u00f3 hoy a vacunar contra el coronavirus a las personas mayores de 70 a\u00f1os en unos 20 municipios del interior y ma\u00f1ana avanzar\u00e1 al resto de los distritos, mientras que en la Ciudad se abrir\u00e1n los turnos el viernes para iniciar la inmunizaci\u00f3n a partir del lunes a los mayores de 80 a\u00f1os.<\/p>\n\n\n\n<p>Con la vacunaci\u00f3n de mayores de 70 a\u00f1os se da inicio a la segunda etapa fijada por el Ministerio de Salud de la Naci\u00f3n, que estableci\u00f3 en la primera fase la aplicaci\u00f3n de dosis al personal de salud y en una tercera a los adultos de 60 a 69, para seguir con el personal estrat\u00e9gico y los de 18 a 59 a\u00f1os con factores de riesgo.<\/p>\n\n\n\n<p>Durante una conferencia de prensa brindada en La Plata, el gobernador Axel Kicillof y el ministro de Salud, Daniel Gollan, precisaron que con los nuevos lotes de vacunas recibidas en la provincia (135.000 de la Sputnik V y 232.000 de la Covishield de Oxford y AstraZeneca), ya se asignaron turnos para 48.412 mayores de 70 a\u00f1os.<\/p>\n\n\n\n<p>El gobernador precis\u00f3 que en esta instancia, se priorizar\u00e1 a los mayores de 70 a\u00f1os y detall\u00f3: \u00abDimos 115.000 turnos para vacunarse desde ma\u00f1ana hasta el domingo. Ampliaremos esos turnos a medida que recibamos m\u00e1s dosis\u00bb.<\/p>\n\n\n\n<p>En tanto, Gollan afirm\u00f3 que las vacunas se aplicar\u00e1n en 169 hospitales, en 167 escuelas (hasta el 28 de febrero dado que luego comienzan las clases presenciales), en 21 puntos de IOMA y 12 puntos m\u00f3viles del PAMI en geri\u00e1tricos.<\/p>\n\n\n\n<p>Hasta esta ma\u00f1ana, un total de 2.376.497 personas se hab\u00edan inscripto en https:\/\/vacunatepba.gba.gob.ar\/ para manifestar la voluntad de recibir la inmunizaci\u00f3n contra el coronavirus en territorio bonaerense.<\/p>\n\n\n\n<p>El 40% de ese total son mayores de 60 a\u00f1os; el 30% tienen entre 18 y 59 sin patolog\u00edas de riesgo; el 12% son personas de 18 a 59 con factores de riesgo; un 9% son docentes y auxiliares; el 6% es personal de salud; el 2% es personal de salud de cuidados intensivos y el 1% es personal de seguridad.<\/p>\n\n\n\n<p>El ministro de Salud, Gin\u00e9s Gonz\u00e1lez Garc\u00eda, afirm\u00f3 hoy que \u00abestamos empezando con un ritmo de vacunaci\u00f3n m\u00e1s acelerado\u00bb con la llegada esta madrugada de una partida de 580 mil vacunas contra el coronavirus producidas por el laboratorio Serum Institute de la India y desarrolladas por la Universidad de Oxford y AstraZeneca.<\/p>\n\n\n\n<p>\u00abHoy es un gran d\u00eda; en 48 horas, las vacunas llegadas esta madrugada estar\u00e1n ya disponibles en las provincias\u00bb, anunci\u00f3 Gonz\u00e1lez Garc\u00eda en declaraciones a la prensa, tras supervisar el cargamento en el Hangar de Cargas Argentinas del Aeropuerto Internacional de Ezeiza.<\/p>\n\n\n\n<p>\u00abCon las vacunas que hemos comprometido y con las acciones que estamos haciendo, estimamos que en agosto, septiembre, tenemos vacunados a todos los argentinos que est\u00e1n en condiciones de ser vacunados\u00bb, a\u00f1adi\u00f3.<\/p>\n\n\n\n<p>En tanto, en la Ciudad de Buenos Aires se dispuso el inicio de la vacunaci\u00f3n de los mayores de 80 a\u00f1os para el pr\u00f3ximo lunes, y se inform\u00f3 que la inmunizaci\u00f3n en residencias alcanzar\u00e1 a unas 16.542 personas en 498 geri\u00e1tricos.<\/p>\n\n\n\n<p>Para ello se dispuso un total de 40 personas vacunando en 8 unidades m\u00f3viles que aplicar\u00e1n las dosis a todos los residentes, lo que no requiere turno previo.<\/p>\n\n\n\n<p>Para los adultos mayores de 80 a\u00f1os que no viven en residencias se abrir\u00e1n los turnos el viernes a las 14, y habr\u00e1 29 centros p\u00fablicos de vacunas y 7 privados ubicados en clubes, edificios del Gobierno y centros culturales, que funcionar\u00e1n de lunes a viernes de 9 a 17 horas.<\/p>\n\n\n\n<p>\u00abEn cada uno de esos puntos se cumplir\u00e1n con todas las medidas de bioseguridad correspondientes y contar\u00e1n con las condiciones de refrigeraci\u00f3n adecuadas para la correcta conservaci\u00f3n de la vacuna\u00bb, aseguraron en un comunicado desde el Gobierno porte\u00f1o.<\/p>\n\n\n\n<p>En esta primera instancia se vacunar\u00e1 a personas mayores de 80 y m\u00e1s a\u00f1os seg\u00fan la disponibilidad de vacunas recibidas, aclararon.<\/p>\n\n\n\n<p>Para sacar turno, se deben ingresar los datos personales en la web buenosaires.gob.ar\/vacunacovid, elegir d\u00eda, horario y centro vacunatorio, o realizar el tr\u00e1mite llamando al 107.<\/p>\n\n\n\n<p>Tras recibir un mail o sms de confirmaci\u00f3n del turno, la persona podr\u00e1 acercarse a la posta de vacunaci\u00f3n el d\u00eda y horario elegido con su DNI.<\/p>\n\n\n\n<p>Desde la Ciudad aclararon que si la persona tiene como prestadores de salud (obra social o prepaga) a Hospital Italiano, Hospital Alem\u00e1n, Hospital Brit\u00e1nico, Cemic, Osuthgra, G\u00fcemes, Osecac u Obsa pueden llamar directamente all\u00ed.<\/p>\n","protected":false},"excerpt":{"rendered":"<p>La provincia de Buenos Aires comenz\u00f3 hoy a vacunar contra el coronavirus a las personas mayores de 70 a\u00f1os en unos 20 municipios del interior y ma\u00f1ana avanzar\u00e1 al resto de los distritos, mientras que en la Ciudad se abrir\u00e1n los turnos el viernes para iniciar la inmunizaci\u00f3n a partir del lunes a los mayores&#8230;<\/p>\n","protected":false},"author":2,"featured_media":8618,"comment_status":"open","ping_status":"open","sticky":false,"template":"","format":"standard","meta":{"footnotes":""},"categories":[7],"tags":[],"class_list":["post-8617","post","type-post","status-publish","format-standard","has-post-thumbnail","hentry","category-provincia"],"featured_image_src":"https:\/\/diarioprincipios.com\/wp-content\/uploads\/2021\/02\/20210217_154336-1024x601.jpg","blog_images":{"medium":"https:\/\/diarioprincipios.com\/wp-content\/uploads\/2021\/02\/20210217_154336-300x176.jpg","large":"https:\/\/diarioprincipios.com\/wp-content\/uploads\/2021\/02\/20210217_154336-1024x601.jpg"},"ams_acf":[],"yoast_head":"<!-- This site is optimized with the Yoast SEO plugin v27.3 - https:\/\/yoast.com\/product\/yoast-seo-wordpress\/ -->\n<title>La Provincia de Buenos Aires comenz\u00f3 la vacunaci\u00f3n de adultos mayores - Principios<\/title>\n<meta name=\"robots\" content=\"index, follow, max-snippet:-1, max-image-preview:large, max-video-preview:-1\" \/>\n<link rel=\"canonical\" href=\"https:\/\/diarioprincipios.com\/index.php\/2021\/02\/17\/la-provincia-de-buenos-aires-comenzo-la-vacunacion-de-adultos-mayores\/\" \/>\n<meta property=\"og:locale\" content=\"es_ES\" \/>\n<meta property=\"og:type\" content=\"article\" \/>\n<meta property=\"og:title\" content=\"La Provincia de Buenos Aires comenz\u00f3 la vacunaci\u00f3n de adultos mayores - Principios\" \/>\n<meta property=\"og:description\" content=\"La provincia de Buenos Aires comenz\u00f3 hoy a vacunar contra el coronavirus a las personas mayores de 70 a\u00f1os en unos 20 municipios del interior y ma\u00f1ana avanzar\u00e1 al resto de los distritos, mientras que en la Ciudad se abrir\u00e1n los turnos el viernes para iniciar la inmunizaci\u00f3n a partir del lunes a los mayores...\" \/>\n<meta property=\"og:url\" content=\"https:\/\/diarioprincipios.com\/index.php\/2021\/02\/17\/la-provincia-de-buenos-aires-comenzo-la-vacunacion-de-adultos-mayores\/\" \/>\n<meta property=\"og:site_name\" content=\"Principios\" \/>\n<meta property=\"article:published_time\" content=\"2021-02-17T18:45:43+00:00\" \/>\n<meta property=\"article:modified_time\" content=\"2021-02-17T18:45:48+00:00\" \/>\n<meta property=\"og:image\" content=\"https:\/\/diarioprincipios.com\/wp-content\/uploads\/2021\/02\/20210217_154336.jpg\" \/>\n\t<meta property=\"og:image:width\" content=\"1277\" \/>\n\t<meta property=\"og:image:height\" content=\"749\" \/>\n\t<meta property=\"og:image:type\" content=\"image\/jpeg\" \/>\n<meta name=\"author\" content=\"Hern\u00e1n L\u00f3pez\" \/>\n<meta name=\"twitter:card\" content=\"summary_large_image\" \/>\n<meta name=\"twitter:label1\" content=\"Escrito por\" \/>\n\t<meta name=\"twitter:data1\" content=\"Hern\u00e1n L\u00f3pez\" \/>\n\t<meta name=\"twitter:label2\" content=\"Tiempo de lectura\" \/>\n\t<meta name=\"twitter:data2\" content=\"4 minutos\" \/>\n<script type=\"application\/ld+json\" class=\"yoast-schema-graph\">{\"@context\":\"https:\\\/\\\/schema.org\",\"@graph\":[{\"@type\":\"Article\",\"@id\":\"https:\\\/\\\/diarioprincipios.com\\\/index.php\\\/2021\\\/02\\\/17\\\/la-provincia-de-buenos-aires-comenzo-la-vacunacion-de-adultos-mayores\\\/#article\",\"isPartOf\":{\"@id\":\"https:\\\/\\\/diarioprincipios.com\\\/index.php\\\/2021\\\/02\\\/17\\\/la-provincia-de-buenos-aires-comenzo-la-vacunacion-de-adultos-mayores\\\/\"},\"author\":{\"name\":\"Hern\u00e1n L\u00f3pez\",\"@id\":\"https:\\\/\\\/diarioprincipios.com\\\/#\\\/schema\\\/person\\\/436d5a1fd41a5e250e23ff5a6a7cb080\"},\"headline\":\"La Provincia de Buenos Aires comenz\u00f3 la vacunaci\u00f3n de adultos mayores\",\"datePublished\":\"2021-02-17T18:45:43+00:00\",\"dateModified\":\"2021-02-17T18:45:48+00:00\",\"mainEntityOfPage\":{\"@id\":\"https:\\\/\\\/diarioprincipios.com\\\/index.php\\\/2021\\\/02\\\/17\\\/la-provincia-de-buenos-aires-comenzo-la-vacunacion-de-adultos-mayores\\\/\"},\"wordCount\":769,\"commentCount\":0,\"publisher\":{\"@id\":\"https:\\\/\\\/diarioprincipios.com\\\/#organization\"},\"image\":{\"@id\":\"https:\\\/\\\/diarioprincipios.com\\\/index.php\\\/2021\\\/02\\\/17\\\/la-provincia-de-buenos-aires-comenzo-la-vacunacion-de-adultos-mayores\\\/#primaryimage\"},\"thumbnailUrl\":\"https:\\\/\\\/diarioprincipios.com\\\/wp-content\\\/uploads\\\/2021\\\/02\\\/20210217_154336.jpg\",\"articleSection\":[\"Provincia\"],\"inLanguage\":\"es\",\"potentialAction\":[{\"@type\":\"CommentAction\",\"name\":\"Comment\",\"target\":[\"https:\\\/\\\/diarioprincipios.com\\\/index.php\\\/2021\\\/02\\\/17\\\/la-provincia-de-buenos-aires-comenzo-la-vacunacion-de-adultos-mayores\\\/#respond\"]}]},{\"@type\":\"WebPage\",\"@id\":\"https:\\\/\\\/diarioprincipios.com\\\/index.php\\\/2021\\\/02\\\/17\\\/la-provincia-de-buenos-aires-comenzo-la-vacunacion-de-adultos-mayores\\\/\",\"url\":\"https:\\\/\\\/diarioprincipios.com\\\/index.php\\\/2021\\\/02\\\/17\\\/la-provincia-de-buenos-aires-comenzo-la-vacunacion-de-adultos-mayores\\\/\",\"name\":\"La Provincia de Buenos Aires comenz\u00f3 la vacunaci\u00f3n de adultos mayores - Principios\",\"isPartOf\":{\"@id\":\"https:\\\/\\\/diarioprincipios.com\\\/#website\"},\"primaryImageOfPage\":{\"@id\":\"https:\\\/\\\/diarioprincipios.com\\\/index.php\\\/2021\\\/02\\\/17\\\/la-provincia-de-buenos-aires-comenzo-la-vacunacion-de-adultos-mayores\\\/#primaryimage\"},\"image\":{\"@id\":\"https:\\\/\\\/diarioprincipios.com\\\/index.php\\\/2021\\\/02\\\/17\\\/la-provincia-de-buenos-aires-comenzo-la-vacunacion-de-adultos-mayores\\\/#primaryimage\"},\"thumbnailUrl\":\"https:\\\/\\\/diarioprincipios.com\\\/wp-content\\\/uploads\\\/2021\\\/02\\\/20210217_154336.jpg\",\"datePublished\":\"2021-02-17T18:45:43+00:00\",\"dateModified\":\"2021-02-17T18:45:48+00:00\",\"breadcrumb\":{\"@id\":\"https:\\\/\\\/diarioprincipios.com\\\/index.php\\\/2021\\\/02\\\/17\\\/la-provincia-de-buenos-aires-comenzo-la-vacunacion-de-adultos-mayores\\\/#breadcrumb\"},\"inLanguage\":\"es\",\"potentialAction\":[{\"@type\":\"ReadAction\",\"target\":[\"https:\\\/\\\/diarioprincipios.com\\\/index.php\\\/2021\\\/02\\\/17\\\/la-provincia-de-buenos-aires-comenzo-la-vacunacion-de-adultos-mayores\\\/\"]}]},{\"@type\":\"ImageObject\",\"inLanguage\":\"es\",\"@id\":\"https:\\\/\\\/diarioprincipios.com\\\/index.php\\\/2021\\\/02\\\/17\\\/la-provincia-de-buenos-aires-comenzo-la-vacunacion-de-adultos-mayores\\\/#primaryimage\",\"url\":\"https:\\\/\\\/diarioprincipios.com\\\/wp-content\\\/uploads\\\/2021\\\/02\\\/20210217_154336.jpg\",\"contentUrl\":\"https:\\\/\\\/diarioprincipios.com\\\/wp-content\\\/uploads\\\/2021\\\/02\\\/20210217_154336.jpg\",\"width\":1277,\"height\":749},{\"@type\":\"BreadcrumbList\",\"@id\":\"https:\\\/\\\/diarioprincipios.com\\\/index.php\\\/2021\\\/02\\\/17\\\/la-provincia-de-buenos-aires-comenzo-la-vacunacion-de-adultos-mayores\\\/#breadcrumb\",\"itemListElement\":[{\"@type\":\"ListItem\",\"position\":1,\"name\":\"Portada\",\"item\":\"https:\\\/\\\/diarioprincipios.com\\\/\"},{\"@type\":\"ListItem\",\"position\":2,\"name\":\"La Provincia de Buenos Aires comenz\u00f3 la vacunaci\u00f3n de adultos mayores\"}]},{\"@type\":\"WebSite\",\"@id\":\"https:\\\/\\\/diarioprincipios.com\\\/#website\",\"url\":\"https:\\\/\\\/diarioprincipios.com\\\/\",\"name\":\"Principios\",\"description\":\"Principios Diario\",\"publisher\":{\"@id\":\"https:\\\/\\\/diarioprincipios.com\\\/#organization\"},\"potentialAction\":[{\"@type\":\"SearchAction\",\"target\":{\"@type\":\"EntryPoint\",\"urlTemplate\":\"https:\\\/\\\/diarioprincipios.com\\\/?s={search_term_string}\"},\"query-input\":{\"@type\":\"PropertyValueSpecification\",\"valueRequired\":true,\"valueName\":\"search_term_string\"}}],\"inLanguage\":\"es\"},{\"@type\":\"Organization\",\"@id\":\"https:\\\/\\\/diarioprincipios.com\\\/#organization\",\"name\":\"Principios\",\"url\":\"https:\\\/\\\/diarioprincipios.com\\\/\",\"logo\":{\"@type\":\"ImageObject\",\"inLanguage\":\"es\",\"@id\":\"https:\\\/\\\/diarioprincipios.com\\\/#\\\/schema\\\/logo\\\/image\\\/\",\"url\":\"https:\\\/\\\/diarioprincipios.com\\\/wp-content\\\/uploads\\\/2024\\\/04\\\/cropped-www.diarioprincipios.com_-1.png\",\"contentUrl\":\"https:\\\/\\\/diarioprincipios.com\\\/wp-content\\\/uploads\\\/2024\\\/04\\\/cropped-www.diarioprincipios.com_-1.png\",\"width\":5325,\"height\":1454,\"caption\":\"Principios\"},\"image\":{\"@id\":\"https:\\\/\\\/diarioprincipios.com\\\/#\\\/schema\\\/logo\\\/image\\\/\"}},{\"@type\":\"Person\",\"@id\":\"https:\\\/\\\/diarioprincipios.com\\\/#\\\/schema\\\/person\\\/436d5a1fd41a5e250e23ff5a6a7cb080\",\"name\":\"Hern\u00e1n L\u00f3pez\",\"image\":{\"@type\":\"ImageObject\",\"inLanguage\":\"es\",\"@id\":\"https:\\\/\\\/diarioprincipios.com\\\/wp-content\\\/litespeed\\\/avatar\\\/11ddfe5610ff3bd100522525b2571f48.jpg?ver=1777048341\",\"url\":\"https:\\\/\\\/diarioprincipios.com\\\/wp-content\\\/litespeed\\\/avatar\\\/11ddfe5610ff3bd100522525b2571f48.jpg?ver=1777048341\",\"contentUrl\":\"https:\\\/\\\/diarioprincipios.com\\\/wp-content\\\/litespeed\\\/avatar\\\/11ddfe5610ff3bd100522525b2571f48.jpg?ver=1777048341\",\"caption\":\"Hern\u00e1n L\u00f3pez\"},\"url\":\"https:\\\/\\\/diarioprincipios.com\\\/index.php\\\/author\\\/hernan\\\/\"}]}<\/script>\n<!-- \/ Yoast SEO plugin. -->","yoast_head_json":{"title":"La Provincia de Buenos Aires comenz\u00f3 la vacunaci\u00f3n de adultos mayores - Principios","robots":{"index":"index","follow":"follow","max-snippet":"max-snippet:-1","max-image-preview":"max-image-preview:large","max-video-preview":"max-video-preview:-1"},"canonical":"https:\/\/diarioprincipios.com\/index.php\/2021\/02\/17\/la-provincia-de-buenos-aires-comenzo-la-vacunacion-de-adultos-mayores\/","og_locale":"es_ES","og_type":"article","og_title":"La Provincia de Buenos Aires comenz\u00f3 la vacunaci\u00f3n de adultos mayores - Principios","og_description":"La provincia de Buenos Aires comenz\u00f3 hoy a vacunar contra el coronavirus a las personas mayores de 70 a\u00f1os en unos 20 municipios del interior y ma\u00f1ana avanzar\u00e1 al resto de los distritos, mientras que en la Ciudad se abrir\u00e1n los turnos el viernes para iniciar la inmunizaci\u00f3n a partir del lunes a los mayores...","og_url":"https:\/\/diarioprincipios.com\/index.php\/2021\/02\/17\/la-provincia-de-buenos-aires-comenzo-la-vacunacion-de-adultos-mayores\/","og_site_name":"Principios","article_published_time":"2021-02-17T18:45:43+00:00","article_modified_time":"2021-02-17T18:45:48+00:00","og_image":[{"width":1277,"height":749,"url":"https:\/\/diarioprincipios.com\/wp-content\/uploads\/2021\/02\/20210217_154336.jpg","type":"image\/jpeg"}],"author":"Hern\u00e1n L\u00f3pez","twitter_card":"summary_large_image","twitter_misc":{"Escrito por":"Hern\u00e1n L\u00f3pez","Tiempo de lectura":"4 minutos"},"schema":{"@context":"https:\/\/schema.org","@graph":[{"@type":"Article","@id":"https:\/\/diarioprincipios.com\/index.php\/2021\/02\/17\/la-provincia-de-buenos-aires-comenzo-la-vacunacion-de-adultos-mayores\/#article","isPartOf":{"@id":"https:\/\/diarioprincipios.com\/index.php\/2021\/02\/17\/la-provincia-de-buenos-aires-comenzo-la-vacunacion-de-adultos-mayores\/"},"author":{"name":"Hern\u00e1n L\u00f3pez","@id":"https:\/\/diarioprincipios.com\/#\/schema\/person\/436d5a1fd41a5e250e23ff5a6a7cb080"},"headline":"La Provincia de Buenos Aires comenz\u00f3 la vacunaci\u00f3n de adultos mayores","datePublished":"2021-02-17T18:45:43+00:00","dateModified":"2021-02-17T18:45:48+00:00","mainEntityOfPage":{"@id":"https:\/\/diarioprincipios.com\/index.php\/2021\/02\/17\/la-provincia-de-buenos-aires-comenzo-la-vacunacion-de-adultos-mayores\/"},"wordCount":769,"commentCount":0,"publisher":{"@id":"https:\/\/diarioprincipios.com\/#organization"},"image":{"@id":"https:\/\/diarioprincipios.com\/index.php\/2021\/02\/17\/la-provincia-de-buenos-aires-comenzo-la-vacunacion-de-adultos-mayores\/#primaryimage"},"thumbnailUrl":"https:\/\/diarioprincipios.com\/wp-content\/uploads\/2021\/02\/20210217_154336.jpg","articleSection":["Provincia"],"inLanguage":"es","potentialAction":[{"@type":"CommentAction","name":"Comment","target":["https:\/\/diarioprincipios.com\/index.php\/2021\/02\/17\/la-provincia-de-buenos-aires-comenzo-la-vacunacion-de-adultos-mayores\/#respond"]}]},{"@type":"WebPage","@id":"https:\/\/diarioprincipios.com\/index.php\/2021\/02\/17\/la-provincia-de-buenos-aires-comenzo-la-vacunacion-de-adultos-mayores\/","url":"https:\/\/diarioprincipios.com\/index.php\/2021\/02\/17\/la-provincia-de-buenos-aires-comenzo-la-vacunacion-de-adultos-mayores\/","name":"La Provincia de Buenos Aires comenz\u00f3 la vacunaci\u00f3n de adultos mayores - Principios","isPartOf":{"@id":"https:\/\/diarioprincipios.com\/#website"},"primaryImageOfPage":{"@id":"https:\/\/diarioprincipios.com\/index.php\/2021\/02\/17\/la-provincia-de-buenos-aires-comenzo-la-vacunacion-de-adultos-mayores\/#primaryimage"},"image":{"@id":"https:\/\/diarioprincipios.com\/index.php\/2021\/02\/17\/la-provincia-de-buenos-aires-comenzo-la-vacunacion-de-adultos-mayores\/#primaryimage"},"thumbnailUrl":"https:\/\/diarioprincipios.com\/wp-content\/uploads\/2021\/02\/20210217_154336.jpg","datePublished":"2021-02-17T18:45:43+00:00","dateModified":"2021-02-17T18:45:48+00:00","breadcrumb":{"@id":"https:\/\/diarioprincipios.com\/index.php\/2021\/02\/17\/la-provincia-de-buenos-aires-comenzo-la-vacunacion-de-adultos-mayores\/#breadcrumb"},"inLanguage":"es","potentialAction":[{"@type":"ReadAction","target":["https:\/\/diarioprincipios.com\/index.php\/2021\/02\/17\/la-provincia-de-buenos-aires-comenzo-la-vacunacion-de-adultos-mayores\/"]}]},{"@type":"ImageObject","inLanguage":"es","@id":"https:\/\/diarioprincipios.com\/index.php\/2021\/02\/17\/la-provincia-de-buenos-aires-comenzo-la-vacunacion-de-adultos-mayores\/#primaryimage","url":"https:\/\/diarioprincipios.com\/wp-content\/uploads\/2021\/02\/20210217_154336.jpg","contentUrl":"https:\/\/diarioprincipios.com\/wp-content\/uploads\/2021\/02\/20210217_154336.jpg","width":1277,"height":749},{"@type":"BreadcrumbList","@id":"https:\/\/diarioprincipios.com\/index.php\/2021\/02\/17\/la-provincia-de-buenos-aires-comenzo-la-vacunacion-de-adultos-mayores\/#breadcrumb","itemListElement":[{"@type":"ListItem","position":1,"name":"Portada","item":"https:\/\/diarioprincipios.com\/"},{"@type":"ListItem","position":2,"name":"La Provincia de Buenos Aires comenz\u00f3 la vacunaci\u00f3n de adultos mayores"}]},{"@type":"WebSite","@id":"https:\/\/diarioprincipios.com\/#website","url":"https:\/\/diarioprincipios.com\/","name":"Principios","description":"Principios Diario","publisher":{"@id":"https:\/\/diarioprincipios.com\/#organization"},"potentialAction":[{"@type":"SearchAction","target":{"@type":"EntryPoint","urlTemplate":"https:\/\/diarioprincipios.com\/?s={search_term_string}"},"query-input":{"@type":"PropertyValueSpecification","valueRequired":true,"valueName":"search_term_string"}}],"inLanguage":"es"},{"@type":"Organization","@id":"https:\/\/diarioprincipios.com\/#organization","name":"Principios","url":"https:\/\/diarioprincipios.com\/","logo":{"@type":"ImageObject","inLanguage":"es","@id":"https:\/\/diarioprincipios.com\/#\/schema\/logo\/image\/","url":"https:\/\/diarioprincipios.com\/wp-content\/uploads\/2024\/04\/cropped-www.diarioprincipios.com_-1.png","contentUrl":"https:\/\/diarioprincipios.com\/wp-content\/uploads\/2024\/04\/cropped-www.diarioprincipios.com_-1.png","width":5325,"height":1454,"caption":"Principios"},"image":{"@id":"https:\/\/diarioprincipios.com\/#\/schema\/logo\/image\/"}},{"@type":"Person","@id":"https:\/\/diarioprincipios.com\/#\/schema\/person\/436d5a1fd41a5e250e23ff5a6a7cb080","name":"Hern\u00e1n L\u00f3pez","image":{"@type":"ImageObject","inLanguage":"es","@id":"https:\/\/diarioprincipios.com\/wp-content\/litespeed\/avatar\/11ddfe5610ff3bd100522525b2571f48.jpg?ver=1777048341","url":"https:\/\/diarioprincipios.com\/wp-content\/litespeed\/avatar\/11ddfe5610ff3bd100522525b2571f48.jpg?ver=1777048341","contentUrl":"https:\/\/diarioprincipios.com\/wp-content\/litespeed\/avatar\/11ddfe5610ff3bd100522525b2571f48.jpg?ver=1777048341","caption":"Hern\u00e1n L\u00f3pez"},"url":"https:\/\/diarioprincipios.com\/index.php\/author\/hernan\/"}]}},"jetpack_featured_media_url":"https:\/\/diarioprincipios.com\/wp-content\/uploads\/2021\/02\/20210217_154336.jpg","_links":{"self":[{"href":"https:\/\/diarioprincipios.com\/index.php\/wp-json\/wp\/v2\/posts\/8617","targetHints":{"allow":["GET"]}}],"collection":[{"href":"https:\/\/diarioprincipios.com\/index.php\/wp-json\/wp\/v2\/posts"}],"about":[{"href":"https:\/\/diarioprincipios.com\/index.php\/wp-json\/wp\/v2\/types\/post"}],"author":[{"embeddable":true,"href":"https:\/\/diarioprincipios.com\/index.php\/wp-json\/wp\/v2\/users\/2"}],"replies":[{"embeddable":true,"href":"https:\/\/diarioprincipios.com\/index.php\/wp-json\/wp\/v2\/comments?post=8617"}],"version-history":[{"count":1,"href":"https:\/\/diarioprincipios.com\/index.php\/wp-json\/wp\/v2\/posts\/8617\/revisions"}],"predecessor-version":[{"id":8619,"href":"https:\/\/diarioprincipios.com\/index.php\/wp-json\/wp\/v2\/posts\/8617\/revisions\/8619"}],"wp:featuredmedia":[{"embeddable":true,"href":"https:\/\/diarioprincipios.com\/index.php\/wp-json\/wp\/v2\/media\/8618"}],"wp:attachment":[{"href":"https:\/\/diarioprincipios.com\/index.php\/wp-json\/wp\/v2\/media?parent=8617"}],"wp:term":[{"taxonomy":"category","embeddable":true,"href":"https:\/\/diarioprincipios.com\/index.php\/wp-json\/wp\/v2\/categories?post=8617"},{"taxonomy":"post_tag","embeddable":true,"href":"https:\/\/diarioprincipios.com\/index.php\/wp-json\/wp\/v2\/tags?post=8617"}],"curies":[{"name":"wp","href":"https:\/\/api.w.org\/{rel}","templated":true}]}}