{"id":8614,"date":"2021-02-17T15:38:25","date_gmt":"2021-02-17T18:38:25","guid":{"rendered":"http:\/\/diarioprincipios.com\/?p=8614"},"modified":"2021-02-17T15:38:27","modified_gmt":"2021-02-17T18:38:27","slug":"varios-paises-de-europa-planean-mas-restricciones-ante-un-repunte-de-casos-de-coronavirus","status":"publish","type":"post","link":"https:\/\/diarioprincipios.com\/index.php\/2021\/02\/17\/varios-paises-de-europa-planean-mas-restricciones-ante-un-repunte-de-casos-de-coronavirus\/","title":{"rendered":"Varios pa\u00edses de Europa planean m\u00e1s restricciones ante un repunte de casos de coronavirus"},"content":{"rendered":"\n<p>Varios pa\u00edses de Europa anunciaron hoy nuevas medidas para intentar mitigar el avance del coronavirus, incluyendo a Suecia, que se hab\u00eda convertido en s\u00edmbolo de la estrategia de la inmunidad del reba\u00f1o y que de a poco empez\u00f3 a endurecer las restricciones por el repunte de casos.<\/p>\n\n\n\n<p>El Gobierno de ese pa\u00eds escandinavo present\u00f3 hoy nuevas propuestas para ampliar su margen de actuaci\u00f3n en caso de que fuese necesario endurecer las restricciones, algo que las autoridades no descartan por el temor a las nuevas cepas como la brit\u00e1nica.<\/p>\n\n\n\n<p>El Ejecutivo ya abri\u00f3 su abanico de opciones con una ley aprobada en enero en el Parlamento y, ahora, analiza la posibilidad de a partir de marzo cerrar centros comerciales, gimnasios y piscinas, entre otros establecimientos en los que puede ser dif\u00edcil guardar la distancia social.<\/p>\n\n\n\n<p>\u00abEstamos preocupados por la situaci\u00f3n. No sabemos c\u00f3mo evolucionar\u00e1 y hay riesgo de un tercera ola\u00bb, reconoci\u00f3 la ministra de Salud, Lena Hallengren.<\/p>\n\n\n\n<p>El Gobierno ya introdujo recientemente medidas como la prohibici\u00f3n de vender alcohol a partir de las 20 o l\u00edmites a cantidad de pasajes que pueden venderse en el transporte p\u00fablico.<\/p>\n\n\n\n<p>El pa\u00eds n\u00f3rdico ten\u00eda registrados unos 617.000 casos de coronavirus y 12.487 muertes vinculadas a esta enfermedad.<\/p>\n\n\n\n<p>En una situaci\u00f3n similar est\u00e1 Rep\u00fablica Checa, por lo que el ministro de Salud, Jan Blatny, no descart\u00f3 hoy cerrar m\u00e1s regiones del pa\u00eds, al tiempo que advirti\u00f3 que la capacidad hospitalaria est\u00e1 llegando a su tope.<\/p>\n\n\n\n<p>\u00abHay una gran carga de trabajo en los hospitales, hay una escasez constante de personal m\u00e9dico, no podemos cumplir con los est\u00e1ndares habituales de atenci\u00f3n y brindar atenci\u00f3n a todos los que la necesitar\u00edan\u00bb, lament\u00f3.<\/p>\n\n\n\n<p>Hasta el momento, las autoridades contabilizaron m\u00e1s de 1,1 millones de personas contagiadas y 18.600 decesos por la Covid-19.<\/p>\n\n\n\n<p>El agravamiento tambi\u00e9n se nota en Polonia, que hoy notific\u00f3 casi 8.700 nuevos casos de coronavirus, un balance diario sin precedentes en m\u00e1s de un mes y que llega solo unos d\u00edas despu\u00e9s de que el Gobierno levantase algunas de las restricciones.<\/p>\n\n\n\n<p>En concreto, el Ministerio de Salud polaco confirm\u00f3 8.694 positivos adicionales, con lo que el balance total supera ya el umbral de los 1,6 millones de casos. Al menos 41.308 personas murieron, 279 m\u00e1s que el martes, seg\u00fan el recuento oficial.<\/p>\n\n\n\n<p>Uno de sus pa\u00edses vecinos, Ucrania, anunci\u00f3 hoy que se ampliar\u00e1n hasta el 30 de abril las medidas de cuarentena para hacer frente al coronavirus que hab\u00edan sido impuestas previamente hasta el 28 de febrero, seg\u00fan informa la agencia de noticias local Unian.<\/p>\n\n\n\n<p>Ucrania registr\u00f3 4.286 casos de coronavirus en las \u00faltimas 24 horas, periodo en el que se reportaron adem\u00e1s 147 muertes. Desde el inicio de la pandemia se confirmaron 1.280.904 positivos y 24.689 decesos.<\/p>\n\n\n\n<p>Por el contrario, Suiza prev\u00e9 relajar gradualmente a partir de marzo las restricciones, anunci\u00f3 el Ejecutivo.<\/p>\n\n\n\n<p>El plan es reabrir los comercios que hasta este momento no pueden operar, como los museos, las bibliotecas y \u00e1reas al aire libre, como zool\u00f3gicos o jardines bot\u00e1nicos.<\/p>\n\n\n\n<p>Asimismo, tambi\u00e9n buscan abrir instalaciones deportivas como pistas de hielo, canchas de tenis o estadios de f\u00fatbol.<\/p>\n\n\n\n<p>Por otra parte, existe intenci\u00f3n de permitir reuniones de hasta 15 personas al aire libre, seg\u00fan ha informado el diario suizo Neue Z\u00fcrcher Zeitung.<\/p>\n\n\n\n<p>Hasta ahora, las autoridades sanitarias suizas contabilizaron m\u00e1s de 545.000 personas contagiadas de la Covid-19 desde que comenz\u00f3 la pandemia, incluidas m\u00e1s de 9.000 v\u00edctimas mortales a causa de la enfermedad.<\/p>\n","protected":false},"excerpt":{"rendered":"<p>Varios pa\u00edses de Europa anunciaron hoy nuevas medidas para intentar mitigar el avance del coronavirus, incluyendo a Suecia, que se hab\u00eda convertido en s\u00edmbolo de la estrategia de la inmunidad del reba\u00f1o y que de a poco empez\u00f3 a endurecer las restricciones por el repunte de casos. El Gobierno de ese pa\u00eds escandinavo present\u00f3 hoy&#8230;<\/p>\n","protected":false},"author":2,"featured_media":8615,"comment_status":"open","ping_status":"open","sticky":false,"template":"","format":"standard","meta":{"footnotes":""},"categories":[1],"tags":[],"class_list":["post-8614","post","type-post","status-publish","format-standard","has-post-thumbnail","hentry","category-uncategorized"],"featured_image_src":"https:\/\/diarioprincipios.com\/wp-content\/uploads\/2021\/02\/55524498_401.jpg","blog_images":{"medium":"https:\/\/diarioprincipios.com\/wp-content\/uploads\/2021\/02\/55524498_401-300x169.jpg","large":"https:\/\/diarioprincipios.com\/wp-content\/uploads\/2021\/02\/55524498_401.jpg"},"ams_acf":[],"yoast_head":"<!-- This site is optimized with the Yoast SEO plugin v27.3 - https:\/\/yoast.com\/product\/yoast-seo-wordpress\/ -->\n<title>Varios pa\u00edses de Europa planean m\u00e1s restricciones ante un repunte de casos de coronavirus - Principios<\/title>\n<meta name=\"robots\" content=\"index, follow, max-snippet:-1, max-image-preview:large, max-video-preview:-1\" \/>\n<link rel=\"canonical\" href=\"https:\/\/diarioprincipios.com\/index.php\/2021\/02\/17\/varios-paises-de-europa-planean-mas-restricciones-ante-un-repunte-de-casos-de-coronavirus\/\" \/>\n<meta property=\"og:locale\" content=\"es_ES\" \/>\n<meta property=\"og:type\" content=\"article\" \/>\n<meta property=\"og:title\" content=\"Varios pa\u00edses de Europa planean m\u00e1s restricciones ante un repunte de casos de coronavirus - Principios\" \/>\n<meta property=\"og:description\" content=\"Varios pa\u00edses de Europa anunciaron hoy nuevas medidas para intentar mitigar el avance del coronavirus, incluyendo a Suecia, que se hab\u00eda convertido en s\u00edmbolo de la estrategia de la inmunidad del reba\u00f1o y que de a poco empez\u00f3 a endurecer las restricciones por el repunte de casos. El Gobierno de ese pa\u00eds escandinavo present\u00f3 hoy...\" \/>\n<meta property=\"og:url\" content=\"https:\/\/diarioprincipios.com\/index.php\/2021\/02\/17\/varios-paises-de-europa-planean-mas-restricciones-ante-un-repunte-de-casos-de-coronavirus\/\" \/>\n<meta property=\"og:site_name\" content=\"Principios\" \/>\n<meta property=\"article:published_time\" content=\"2021-02-17T18:38:25+00:00\" \/>\n<meta property=\"article:modified_time\" content=\"2021-02-17T18:38:27+00:00\" \/>\n<meta property=\"og:image\" content=\"https:\/\/diarioprincipios.com\/wp-content\/uploads\/2021\/02\/55524498_401.jpg\" \/>\n\t<meta property=\"og:image:width\" content=\"700\" \/>\n\t<meta property=\"og:image:height\" content=\"394\" \/>\n\t<meta property=\"og:image:type\" content=\"image\/jpeg\" \/>\n<meta name=\"author\" content=\"Hern\u00e1n L\u00f3pez\" \/>\n<meta name=\"twitter:card\" content=\"summary_large_image\" \/>\n<meta name=\"twitter:label1\" content=\"Escrito por\" \/>\n\t<meta name=\"twitter:data1\" content=\"Hern\u00e1n L\u00f3pez\" \/>\n\t<meta name=\"twitter:label2\" content=\"Tiempo de lectura\" \/>\n\t<meta name=\"twitter:data2\" content=\"3 minutos\" \/>\n<script type=\"application\/ld+json\" class=\"yoast-schema-graph\">{\"@context\":\"https:\\\/\\\/schema.org\",\"@graph\":[{\"@type\":\"Article\",\"@id\":\"https:\\\/\\\/diarioprincipios.com\\\/index.php\\\/2021\\\/02\\\/17\\\/varios-paises-de-europa-planean-mas-restricciones-ante-un-repunte-de-casos-de-coronavirus\\\/#article\",\"isPartOf\":{\"@id\":\"https:\\\/\\\/diarioprincipios.com\\\/index.php\\\/2021\\\/02\\\/17\\\/varios-paises-de-europa-planean-mas-restricciones-ante-un-repunte-de-casos-de-coronavirus\\\/\"},\"author\":{\"name\":\"Hern\u00e1n L\u00f3pez\",\"@id\":\"https:\\\/\\\/diarioprincipios.com\\\/#\\\/schema\\\/person\\\/436d5a1fd41a5e250e23ff5a6a7cb080\"},\"headline\":\"Varios pa\u00edses de Europa planean m\u00e1s restricciones ante un repunte de casos de coronavirus\",\"datePublished\":\"2021-02-17T18:38:25+00:00\",\"dateModified\":\"2021-02-17T18:38:27+00:00\",\"mainEntityOfPage\":{\"@id\":\"https:\\\/\\\/diarioprincipios.com\\\/index.php\\\/2021\\\/02\\\/17\\\/varios-paises-de-europa-planean-mas-restricciones-ante-un-repunte-de-casos-de-coronavirus\\\/\"},\"wordCount\":613,\"commentCount\":0,\"publisher\":{\"@id\":\"https:\\\/\\\/diarioprincipios.com\\\/#organization\"},\"image\":{\"@id\":\"https:\\\/\\\/diarioprincipios.com\\\/index.php\\\/2021\\\/02\\\/17\\\/varios-paises-de-europa-planean-mas-restricciones-ante-un-repunte-de-casos-de-coronavirus\\\/#primaryimage\"},\"thumbnailUrl\":\"https:\\\/\\\/diarioprincipios.com\\\/wp-content\\\/uploads\\\/2021\\\/02\\\/55524498_401.jpg\",\"articleSection\":[\"Uncategorized\"],\"inLanguage\":\"es\",\"potentialAction\":[{\"@type\":\"CommentAction\",\"name\":\"Comment\",\"target\":[\"https:\\\/\\\/diarioprincipios.com\\\/index.php\\\/2021\\\/02\\\/17\\\/varios-paises-de-europa-planean-mas-restricciones-ante-un-repunte-de-casos-de-coronavirus\\\/#respond\"]}]},{\"@type\":\"WebPage\",\"@id\":\"https:\\\/\\\/diarioprincipios.com\\\/index.php\\\/2021\\\/02\\\/17\\\/varios-paises-de-europa-planean-mas-restricciones-ante-un-repunte-de-casos-de-coronavirus\\\/\",\"url\":\"https:\\\/\\\/diarioprincipios.com\\\/index.php\\\/2021\\\/02\\\/17\\\/varios-paises-de-europa-planean-mas-restricciones-ante-un-repunte-de-casos-de-coronavirus\\\/\",\"name\":\"Varios pa\u00edses de Europa planean m\u00e1s restricciones ante un repunte de casos de coronavirus - Principios\",\"isPartOf\":{\"@id\":\"https:\\\/\\\/diarioprincipios.com\\\/#website\"},\"primaryImageOfPage\":{\"@id\":\"https:\\\/\\\/diarioprincipios.com\\\/index.php\\\/2021\\\/02\\\/17\\\/varios-paises-de-europa-planean-mas-restricciones-ante-un-repunte-de-casos-de-coronavirus\\\/#primaryimage\"},\"image\":{\"@id\":\"https:\\\/\\\/diarioprincipios.com\\\/index.php\\\/2021\\\/02\\\/17\\\/varios-paises-de-europa-planean-mas-restricciones-ante-un-repunte-de-casos-de-coronavirus\\\/#primaryimage\"},\"thumbnailUrl\":\"https:\\\/\\\/diarioprincipios.com\\\/wp-content\\\/uploads\\\/2021\\\/02\\\/55524498_401.jpg\",\"datePublished\":\"2021-02-17T18:38:25+00:00\",\"dateModified\":\"2021-02-17T18:38:27+00:00\",\"breadcrumb\":{\"@id\":\"https:\\\/\\\/diarioprincipios.com\\\/index.php\\\/2021\\\/02\\\/17\\\/varios-paises-de-europa-planean-mas-restricciones-ante-un-repunte-de-casos-de-coronavirus\\\/#breadcrumb\"},\"inLanguage\":\"es\",\"potentialAction\":[{\"@type\":\"ReadAction\",\"target\":[\"https:\\\/\\\/diarioprincipios.com\\\/index.php\\\/2021\\\/02\\\/17\\\/varios-paises-de-europa-planean-mas-restricciones-ante-un-repunte-de-casos-de-coronavirus\\\/\"]}]},{\"@type\":\"ImageObject\",\"inLanguage\":\"es\",\"@id\":\"https:\\\/\\\/diarioprincipios.com\\\/index.php\\\/2021\\\/02\\\/17\\\/varios-paises-de-europa-planean-mas-restricciones-ante-un-repunte-de-casos-de-coronavirus\\\/#primaryimage\",\"url\":\"https:\\\/\\\/diarioprincipios.com\\\/wp-content\\\/uploads\\\/2021\\\/02\\\/55524498_401.jpg\",\"contentUrl\":\"https:\\\/\\\/diarioprincipios.com\\\/wp-content\\\/uploads\\\/2021\\\/02\\\/55524498_401.jpg\",\"width\":700,\"height\":394},{\"@type\":\"BreadcrumbList\",\"@id\":\"https:\\\/\\\/diarioprincipios.com\\\/index.php\\\/2021\\\/02\\\/17\\\/varios-paises-de-europa-planean-mas-restricciones-ante-un-repunte-de-casos-de-coronavirus\\\/#breadcrumb\",\"itemListElement\":[{\"@type\":\"ListItem\",\"position\":1,\"name\":\"Portada\",\"item\":\"https:\\\/\\\/diarioprincipios.com\\\/\"},{\"@type\":\"ListItem\",\"position\":2,\"name\":\"Varios pa\u00edses de Europa planean m\u00e1s restricciones ante un repunte de casos de coronavirus\"}]},{\"@type\":\"WebSite\",\"@id\":\"https:\\\/\\\/diarioprincipios.com\\\/#website\",\"url\":\"https:\\\/\\\/diarioprincipios.com\\\/\",\"name\":\"Principios\",\"description\":\"Principios Diario\",\"publisher\":{\"@id\":\"https:\\\/\\\/diarioprincipios.com\\\/#organization\"},\"potentialAction\":[{\"@type\":\"SearchAction\",\"target\":{\"@type\":\"EntryPoint\",\"urlTemplate\":\"https:\\\/\\\/diarioprincipios.com\\\/?s={search_term_string}\"},\"query-input\":{\"@type\":\"PropertyValueSpecification\",\"valueRequired\":true,\"valueName\":\"search_term_string\"}}],\"inLanguage\":\"es\"},{\"@type\":\"Organization\",\"@id\":\"https:\\\/\\\/diarioprincipios.com\\\/#organization\",\"name\":\"Principios\",\"url\":\"https:\\\/\\\/diarioprincipios.com\\\/\",\"logo\":{\"@type\":\"ImageObject\",\"inLanguage\":\"es\",\"@id\":\"https:\\\/\\\/diarioprincipios.com\\\/#\\\/schema\\\/logo\\\/image\\\/\",\"url\":\"https:\\\/\\\/diarioprincipios.com\\\/wp-content\\\/uploads\\\/2024\\\/04\\\/cropped-www.diarioprincipios.com_-1.png\",\"contentUrl\":\"https:\\\/\\\/diarioprincipios.com\\\/wp-content\\\/uploads\\\/2024\\\/04\\\/cropped-www.diarioprincipios.com_-1.png\",\"width\":5325,\"height\":1454,\"caption\":\"Principios\"},\"image\":{\"@id\":\"https:\\\/\\\/diarioprincipios.com\\\/#\\\/schema\\\/logo\\\/image\\\/\"}},{\"@type\":\"Person\",\"@id\":\"https:\\\/\\\/diarioprincipios.com\\\/#\\\/schema\\\/person\\\/436d5a1fd41a5e250e23ff5a6a7cb080\",\"name\":\"Hern\u00e1n L\u00f3pez\",\"image\":{\"@type\":\"ImageObject\",\"inLanguage\":\"es\",\"@id\":\"https:\\\/\\\/diarioprincipios.com\\\/wp-content\\\/litespeed\\\/avatar\\\/11ddfe5610ff3bd100522525b2571f48.jpg?ver=1777048341\",\"url\":\"https:\\\/\\\/diarioprincipios.com\\\/wp-content\\\/litespeed\\\/avatar\\\/11ddfe5610ff3bd100522525b2571f48.jpg?ver=1777048341\",\"contentUrl\":\"https:\\\/\\\/diarioprincipios.com\\\/wp-content\\\/litespeed\\\/avatar\\\/11ddfe5610ff3bd100522525b2571f48.jpg?ver=1777048341\",\"caption\":\"Hern\u00e1n L\u00f3pez\"},\"url\":\"https:\\\/\\\/diarioprincipios.com\\\/index.php\\\/author\\\/hernan\\\/\"}]}<\/script>\n<!-- \/ Yoast SEO plugin. -->","yoast_head_json":{"title":"Varios pa\u00edses de Europa planean m\u00e1s restricciones ante un repunte de casos de coronavirus - Principios","robots":{"index":"index","follow":"follow","max-snippet":"max-snippet:-1","max-image-preview":"max-image-preview:large","max-video-preview":"max-video-preview:-1"},"canonical":"https:\/\/diarioprincipios.com\/index.php\/2021\/02\/17\/varios-paises-de-europa-planean-mas-restricciones-ante-un-repunte-de-casos-de-coronavirus\/","og_locale":"es_ES","og_type":"article","og_title":"Varios pa\u00edses de Europa planean m\u00e1s restricciones ante un repunte de casos de coronavirus - Principios","og_description":"Varios pa\u00edses de Europa anunciaron hoy nuevas medidas para intentar mitigar el avance del coronavirus, incluyendo a Suecia, que se hab\u00eda convertido en s\u00edmbolo de la estrategia de la inmunidad del reba\u00f1o y que de a poco empez\u00f3 a endurecer las restricciones por el repunte de casos. El Gobierno de ese pa\u00eds escandinavo present\u00f3 hoy...","og_url":"https:\/\/diarioprincipios.com\/index.php\/2021\/02\/17\/varios-paises-de-europa-planean-mas-restricciones-ante-un-repunte-de-casos-de-coronavirus\/","og_site_name":"Principios","article_published_time":"2021-02-17T18:38:25+00:00","article_modified_time":"2021-02-17T18:38:27+00:00","og_image":[{"width":700,"height":394,"url":"https:\/\/diarioprincipios.com\/wp-content\/uploads\/2021\/02\/55524498_401.jpg","type":"image\/jpeg"}],"author":"Hern\u00e1n L\u00f3pez","twitter_card":"summary_large_image","twitter_misc":{"Escrito por":"Hern\u00e1n L\u00f3pez","Tiempo de lectura":"3 minutos"},"schema":{"@context":"https:\/\/schema.org","@graph":[{"@type":"Article","@id":"https:\/\/diarioprincipios.com\/index.php\/2021\/02\/17\/varios-paises-de-europa-planean-mas-restricciones-ante-un-repunte-de-casos-de-coronavirus\/#article","isPartOf":{"@id":"https:\/\/diarioprincipios.com\/index.php\/2021\/02\/17\/varios-paises-de-europa-planean-mas-restricciones-ante-un-repunte-de-casos-de-coronavirus\/"},"author":{"name":"Hern\u00e1n L\u00f3pez","@id":"https:\/\/diarioprincipios.com\/#\/schema\/person\/436d5a1fd41a5e250e23ff5a6a7cb080"},"headline":"Varios pa\u00edses de Europa planean m\u00e1s restricciones ante un repunte de casos de coronavirus","datePublished":"2021-02-17T18:38:25+00:00","dateModified":"2021-02-17T18:38:27+00:00","mainEntityOfPage":{"@id":"https:\/\/diarioprincipios.com\/index.php\/2021\/02\/17\/varios-paises-de-europa-planean-mas-restricciones-ante-un-repunte-de-casos-de-coronavirus\/"},"wordCount":613,"commentCount":0,"publisher":{"@id":"https:\/\/diarioprincipios.com\/#organization"},"image":{"@id":"https:\/\/diarioprincipios.com\/index.php\/2021\/02\/17\/varios-paises-de-europa-planean-mas-restricciones-ante-un-repunte-de-casos-de-coronavirus\/#primaryimage"},"thumbnailUrl":"https:\/\/diarioprincipios.com\/wp-content\/uploads\/2021\/02\/55524498_401.jpg","articleSection":["Uncategorized"],"inLanguage":"es","potentialAction":[{"@type":"CommentAction","name":"Comment","target":["https:\/\/diarioprincipios.com\/index.php\/2021\/02\/17\/varios-paises-de-europa-planean-mas-restricciones-ante-un-repunte-de-casos-de-coronavirus\/#respond"]}]},{"@type":"WebPage","@id":"https:\/\/diarioprincipios.com\/index.php\/2021\/02\/17\/varios-paises-de-europa-planean-mas-restricciones-ante-un-repunte-de-casos-de-coronavirus\/","url":"https:\/\/diarioprincipios.com\/index.php\/2021\/02\/17\/varios-paises-de-europa-planean-mas-restricciones-ante-un-repunte-de-casos-de-coronavirus\/","name":"Varios pa\u00edses de Europa planean m\u00e1s restricciones ante un repunte de casos de coronavirus - Principios","isPartOf":{"@id":"https:\/\/diarioprincipios.com\/#website"},"primaryImageOfPage":{"@id":"https:\/\/diarioprincipios.com\/index.php\/2021\/02\/17\/varios-paises-de-europa-planean-mas-restricciones-ante-un-repunte-de-casos-de-coronavirus\/#primaryimage"},"image":{"@id":"https:\/\/diarioprincipios.com\/index.php\/2021\/02\/17\/varios-paises-de-europa-planean-mas-restricciones-ante-un-repunte-de-casos-de-coronavirus\/#primaryimage"},"thumbnailUrl":"https:\/\/diarioprincipios.com\/wp-content\/uploads\/2021\/02\/55524498_401.jpg","datePublished":"2021-02-17T18:38:25+00:00","dateModified":"2021-02-17T18:38:27+00:00","breadcrumb":{"@id":"https:\/\/diarioprincipios.com\/index.php\/2021\/02\/17\/varios-paises-de-europa-planean-mas-restricciones-ante-un-repunte-de-casos-de-coronavirus\/#breadcrumb"},"inLanguage":"es","potentialAction":[{"@type":"ReadAction","target":["https:\/\/diarioprincipios.com\/index.php\/2021\/02\/17\/varios-paises-de-europa-planean-mas-restricciones-ante-un-repunte-de-casos-de-coronavirus\/"]}]},{"@type":"ImageObject","inLanguage":"es","@id":"https:\/\/diarioprincipios.com\/index.php\/2021\/02\/17\/varios-paises-de-europa-planean-mas-restricciones-ante-un-repunte-de-casos-de-coronavirus\/#primaryimage","url":"https:\/\/diarioprincipios.com\/wp-content\/uploads\/2021\/02\/55524498_401.jpg","contentUrl":"https:\/\/diarioprincipios.com\/wp-content\/uploads\/2021\/02\/55524498_401.jpg","width":700,"height":394},{"@type":"BreadcrumbList","@id":"https:\/\/diarioprincipios.com\/index.php\/2021\/02\/17\/varios-paises-de-europa-planean-mas-restricciones-ante-un-repunte-de-casos-de-coronavirus\/#breadcrumb","itemListElement":[{"@type":"ListItem","position":1,"name":"Portada","item":"https:\/\/diarioprincipios.com\/"},{"@type":"ListItem","position":2,"name":"Varios pa\u00edses de Europa planean m\u00e1s restricciones ante un repunte de casos de coronavirus"}]},{"@type":"WebSite","@id":"https:\/\/diarioprincipios.com\/#website","url":"https:\/\/diarioprincipios.com\/","name":"Principios","description":"Principios Diario","publisher":{"@id":"https:\/\/diarioprincipios.com\/#organization"},"potentialAction":[{"@type":"SearchAction","target":{"@type":"EntryPoint","urlTemplate":"https:\/\/diarioprincipios.com\/?s={search_term_string}"},"query-input":{"@type":"PropertyValueSpecification","valueRequired":true,"valueName":"search_term_string"}}],"inLanguage":"es"},{"@type":"Organization","@id":"https:\/\/diarioprincipios.com\/#organization","name":"Principios","url":"https:\/\/diarioprincipios.com\/","logo":{"@type":"ImageObject","inLanguage":"es","@id":"https:\/\/diarioprincipios.com\/#\/schema\/logo\/image\/","url":"https:\/\/diarioprincipios.com\/wp-content\/uploads\/2024\/04\/cropped-www.diarioprincipios.com_-1.png","contentUrl":"https:\/\/diarioprincipios.com\/wp-content\/uploads\/2024\/04\/cropped-www.diarioprincipios.com_-1.png","width":5325,"height":1454,"caption":"Principios"},"image":{"@id":"https:\/\/diarioprincipios.com\/#\/schema\/logo\/image\/"}},{"@type":"Person","@id":"https:\/\/diarioprincipios.com\/#\/schema\/person\/436d5a1fd41a5e250e23ff5a6a7cb080","name":"Hern\u00e1n L\u00f3pez","image":{"@type":"ImageObject","inLanguage":"es","@id":"https:\/\/diarioprincipios.com\/wp-content\/litespeed\/avatar\/11ddfe5610ff3bd100522525b2571f48.jpg?ver=1777048341","url":"https:\/\/diarioprincipios.com\/wp-content\/litespeed\/avatar\/11ddfe5610ff3bd100522525b2571f48.jpg?ver=1777048341","contentUrl":"https:\/\/diarioprincipios.com\/wp-content\/litespeed\/avatar\/11ddfe5610ff3bd100522525b2571f48.jpg?ver=1777048341","caption":"Hern\u00e1n L\u00f3pez"},"url":"https:\/\/diarioprincipios.com\/index.php\/author\/hernan\/"}]}},"jetpack_featured_media_url":"https:\/\/diarioprincipios.com\/wp-content\/uploads\/2021\/02\/55524498_401.jpg","_links":{"self":[{"href":"https:\/\/diarioprincipios.com\/index.php\/wp-json\/wp\/v2\/posts\/8614","targetHints":{"allow":["GET"]}}],"collection":[{"href":"https:\/\/diarioprincipios.com\/index.php\/wp-json\/wp\/v2\/posts"}],"about":[{"href":"https:\/\/diarioprincipios.com\/index.php\/wp-json\/wp\/v2\/types\/post"}],"author":[{"embeddable":true,"href":"https:\/\/diarioprincipios.com\/index.php\/wp-json\/wp\/v2\/users\/2"}],"replies":[{"embeddable":true,"href":"https:\/\/diarioprincipios.com\/index.php\/wp-json\/wp\/v2\/comments?post=8614"}],"version-history":[{"count":1,"href":"https:\/\/diarioprincipios.com\/index.php\/wp-json\/wp\/v2\/posts\/8614\/revisions"}],"predecessor-version":[{"id":8616,"href":"https:\/\/diarioprincipios.com\/index.php\/wp-json\/wp\/v2\/posts\/8614\/revisions\/8616"}],"wp:featuredmedia":[{"embeddable":true,"href":"https:\/\/diarioprincipios.com\/index.php\/wp-json\/wp\/v2\/media\/8615"}],"wp:attachment":[{"href":"https:\/\/diarioprincipios.com\/index.php\/wp-json\/wp\/v2\/media?parent=8614"}],"wp:term":[{"taxonomy":"category","embeddable":true,"href":"https:\/\/diarioprincipios.com\/index.php\/wp-json\/wp\/v2\/categories?post=8614"},{"taxonomy":"post_tag","embeddable":true,"href":"https:\/\/diarioprincipios.com\/index.php\/wp-json\/wp\/v2\/tags?post=8614"}],"curies":[{"name":"wp","href":"https:\/\/api.w.org\/{rel}","templated":true}]}}