{"id":8577,"date":"2021-02-12T15:44:24","date_gmt":"2021-02-12T18:44:24","guid":{"rendered":"http:\/\/diarioprincipios.com\/?p=8577"},"modified":"2021-02-12T15:44:30","modified_gmt":"2021-02-12T18:44:30","slug":"mas-comercios-se-suman-al-proyecto-gondola-local","status":"publish","type":"post","link":"https:\/\/diarioprincipios.com\/index.php\/2021\/02\/12\/mas-comercios-se-suman-al-proyecto-gondola-local\/","title":{"rendered":"M\u00e1s comercios se suman al proyecto \u00abGondola Local\u00bb"},"content":{"rendered":"\n<p><strong>En Berazategui cada vez son m\u00e1s los comercios que se suman al proyecto G\u00f3ndola Local de la Secretar\u00eda de Trabajo del Municipio. Con esta iniciativa, exhiben, publicitan y comercializan productos de industria local de diferentes rubros. Es as\u00ed que el Supermercado \u201cEl C\u00e9sar\u201d se adhiri\u00f3 a la propuesta de acercar a los vecinos productos locales y as\u00ed fomentar la industria berazateguense.<br><\/strong><br>\u201cTratamos de exhibir de la mejor forma la mercader\u00eda para el p\u00fablico consumidor y darle impulso a la industria local\u00bb, destac\u00f3 su propietario, Guillermo Schiavoni. \u00abEsto naci\u00f3 por invitaciones del Municipio, en distintas rondas de negocios, donde se presentaron los productores locales. Me pareci\u00f3 muy importante esta alternativa de vinculaci\u00f3n y crecimiento, y ofrecer nuestro espacio para que la industria local contin\u00fae realizando su actividad de la mejor manera posible. Este v\u00ednculo es muy necesario para todos; en lo local para nuestro partido y, para la industria, para la visibilizaci\u00f3n de sus productos. Tenemos tomates triturados \u201cPreto\u201d, pastas \u201cQue Rico\u201d, az\u00facar \u201cFugaz\u201d, productos de limpieza \u201cBerquim\u201d, cereales \u201cMaksal\u201d y pastas frescas de \u201cDelicias Doradas\u201d. Todos los comerciantes deben considerar apoyar a la industria local, es muy valorable\u201d, prosigui\u00f3 Schiavoni, due\u00f1o del Supermercado \u201cEl C\u00e9sar\u201d, que se encuentra ubicado en Av. 14 al 5042.<\/p>\n\n\n\n<p>\u201cVisitamos el Supermercado \u201cEl C\u00e9sar\u201d para identificar los productos de marcas locales que est\u00e1n participando en el Programa G\u00f3ndola Local en Berazategui. Este mercado fue uno de los primeros que adhiri\u00f3 en el a\u00f1o 2019, siempre con una muy buena participaci\u00f3n y much\u00edsimo inter\u00e9s. Ha formado parte de muchas actividades, como rondas de negocios y actualmente incorpor\u00f3 una marca nueva: \u00abBerQuim\u00bb. Siguen apostando al programa, fomentan el conocimiento en los vecinos de las marcas locales y esto genera un c\u00edrculo virtuoso\u201d, inform\u00f3 Federico Sequeira, coordinador del Programa G\u00f3ndola Local.<\/p>\n\n\n\n<p>En el a\u00f1o 2018, Berazategui cre\u00f3 el Programa municipal G\u00f3ndola Local mediante la Ordenanza N\u00ba 5622, buscando promocionar y estimular el consumo de productos elaborados en el partido. \u00c9ste gener\u00f3 nuevos v\u00ednculos comerciales entre empresas locales y los diferentes mayoristas, autoservicios y supermercados, beneficiando y haciendo part\u00edcipe a todo el entramado productivo. Hasta el momento hay adheridas 22 industrias locales, 39 marcas y presencia en 178 comercios minoristas y 3 mayoristas en todo el partido.<\/p>\n\n\n\n<p>\u201cLos comerciantes tienen la posibilidad de ingresar a la web\u00a0<a rel=\"noreferrer noopener\" target=\"_blank\" href=\"http:\/\/berazategui.gob.ar\/gondolalocal\">berazategui.gob.ar\/gondolalocal<\/a>\u00a0y conocer las marcas que participan, as\u00ed como solicitar que los vayamos a visitar y les expliquemos c\u00f3mo participar. La importancia de esto radica en que al generar m\u00e1s ventas para las industrias locales, se genera m\u00e1s empleo y m\u00e1s oportunidades para la gente de Berazategui. Es muy importante que el vecino se sienta parte de esta cadena\u201d, concluy\u00f3 Sequeira.<\/p>\n\n\n\n<figure class=\"wp-block-image\"><img decoding=\"async\" src=\"https:\/\/ecp.yusercontent.com\/mail?url=https%3A%2F%2Fdocs.google.com%2Fuc%3Fexport%3Ddownload%26id%3D13lWTl-UKjUIUOUzDb24JRVA7nIBYROU4%26revid%3D0B6RjUTSRAadldlpIQ0xsWHRRZDFUbktWSUNSMDJnYTlRdktvPQ&amp;t=1613155122&amp;ymreqid=5799fcab-b43d-2794-2262-f5000e01cc00&amp;sig=BfXgeguwtoK8tNXU.ZZdaQ--~D\" alt=\"\"\/><\/figure>\n","protected":false},"excerpt":{"rendered":"<p>En Berazategui cada vez son m\u00e1s los comercios que se suman al proyecto G\u00f3ndola Local de la Secretar\u00eda de Trabajo del Municipio. Con esta iniciativa, exhiben, publicitan y comercializan productos de industria local de diferentes rubros. Es as\u00ed que el Supermercado \u201cEl C\u00e9sar\u201d se adhiri\u00f3 a la propuesta de acercar a los vecinos productos locales&#8230;<\/p>\n","protected":false},"author":2,"featured_media":8578,"comment_status":"open","ping_status":"open","sticky":false,"template":"","format":"standard","meta":{"footnotes":""},"categories":[3],"tags":[],"class_list":["post-8577","post","type-post","status-publish","format-standard","has-post-thumbnail","hentry","category-berazategui"],"featured_image_src":"https:\/\/diarioprincipios.com\/wp-content\/uploads\/2021\/02\/20210212_154150-1024x599.jpg","blog_images":{"medium":"https:\/\/diarioprincipios.com\/wp-content\/uploads\/2021\/02\/20210212_154150-300x176.jpg","large":"https:\/\/diarioprincipios.com\/wp-content\/uploads\/2021\/02\/20210212_154150-1024x599.jpg"},"ams_acf":[],"yoast_head":"<!-- This site is optimized with the Yoast SEO plugin v27.3 - https:\/\/yoast.com\/product\/yoast-seo-wordpress\/ -->\n<title>M\u00e1s comercios se suman al proyecto &quot;Gondola Local&quot; - Principios<\/title>\n<meta name=\"robots\" content=\"index, follow, max-snippet:-1, max-image-preview:large, max-video-preview:-1\" \/>\n<link rel=\"canonical\" href=\"https:\/\/diarioprincipios.com\/index.php\/2021\/02\/12\/mas-comercios-se-suman-al-proyecto-gondola-local\/\" \/>\n<meta property=\"og:locale\" content=\"es_ES\" \/>\n<meta property=\"og:type\" content=\"article\" \/>\n<meta property=\"og:title\" content=\"M\u00e1s comercios se suman al proyecto &quot;Gondola Local&quot; - Principios\" \/>\n<meta property=\"og:description\" content=\"En Berazategui cada vez son m\u00e1s los comercios que se suman al proyecto G\u00f3ndola Local de la Secretar\u00eda de Trabajo del Municipio. Con esta iniciativa, exhiben, publicitan y comercializan productos de industria local de diferentes rubros. Es as\u00ed que el Supermercado \u201cEl C\u00e9sar\u201d se adhiri\u00f3 a la propuesta de acercar a los vecinos productos locales...\" \/>\n<meta property=\"og:url\" content=\"https:\/\/diarioprincipios.com\/index.php\/2021\/02\/12\/mas-comercios-se-suman-al-proyecto-gondola-local\/\" \/>\n<meta property=\"og:site_name\" content=\"Principios\" \/>\n<meta property=\"article:published_time\" content=\"2021-02-12T18:44:24+00:00\" \/>\n<meta property=\"article:modified_time\" content=\"2021-02-12T18:44:30+00:00\" \/>\n<meta property=\"og:image\" content=\"https:\/\/diarioprincipios.com\/wp-content\/uploads\/2021\/02\/20210212_154150.jpg\" \/>\n\t<meta property=\"og:image:width\" content=\"1273\" \/>\n\t<meta property=\"og:image:height\" content=\"745\" \/>\n\t<meta property=\"og:image:type\" content=\"image\/jpeg\" \/>\n<meta name=\"author\" content=\"Hern\u00e1n L\u00f3pez\" \/>\n<meta name=\"twitter:card\" content=\"summary_large_image\" \/>\n<meta name=\"twitter:label1\" content=\"Escrito por\" \/>\n\t<meta name=\"twitter:data1\" content=\"Hern\u00e1n L\u00f3pez\" \/>\n\t<meta name=\"twitter:label2\" content=\"Tiempo de lectura\" \/>\n\t<meta name=\"twitter:data2\" content=\"3 minutos\" \/>\n<script type=\"application\/ld+json\" class=\"yoast-schema-graph\">{\"@context\":\"https:\\\/\\\/schema.org\",\"@graph\":[{\"@type\":\"Article\",\"@id\":\"https:\\\/\\\/diarioprincipios.com\\\/index.php\\\/2021\\\/02\\\/12\\\/mas-comercios-se-suman-al-proyecto-gondola-local\\\/#article\",\"isPartOf\":{\"@id\":\"https:\\\/\\\/diarioprincipios.com\\\/index.php\\\/2021\\\/02\\\/12\\\/mas-comercios-se-suman-al-proyecto-gondola-local\\\/\"},\"author\":{\"name\":\"Hern\u00e1n L\u00f3pez\",\"@id\":\"https:\\\/\\\/diarioprincipios.com\\\/#\\\/schema\\\/person\\\/436d5a1fd41a5e250e23ff5a6a7cb080\"},\"headline\":\"M\u00e1s comercios se suman al proyecto \u00abGondola Local\u00bb\",\"datePublished\":\"2021-02-12T18:44:24+00:00\",\"dateModified\":\"2021-02-12T18:44:30+00:00\",\"mainEntityOfPage\":{\"@id\":\"https:\\\/\\\/diarioprincipios.com\\\/index.php\\\/2021\\\/02\\\/12\\\/mas-comercios-se-suman-al-proyecto-gondola-local\\\/\"},\"wordCount\":472,\"commentCount\":0,\"publisher\":{\"@id\":\"https:\\\/\\\/diarioprincipios.com\\\/#organization\"},\"image\":{\"@id\":\"https:\\\/\\\/diarioprincipios.com\\\/index.php\\\/2021\\\/02\\\/12\\\/mas-comercios-se-suman-al-proyecto-gondola-local\\\/#primaryimage\"},\"thumbnailUrl\":\"https:\\\/\\\/diarioprincipios.com\\\/wp-content\\\/uploads\\\/2021\\\/02\\\/20210212_154150.jpg\",\"articleSection\":[\"Berazategui\"],\"inLanguage\":\"es\",\"potentialAction\":[{\"@type\":\"CommentAction\",\"name\":\"Comment\",\"target\":[\"https:\\\/\\\/diarioprincipios.com\\\/index.php\\\/2021\\\/02\\\/12\\\/mas-comercios-se-suman-al-proyecto-gondola-local\\\/#respond\"]}]},{\"@type\":\"WebPage\",\"@id\":\"https:\\\/\\\/diarioprincipios.com\\\/index.php\\\/2021\\\/02\\\/12\\\/mas-comercios-se-suman-al-proyecto-gondola-local\\\/\",\"url\":\"https:\\\/\\\/diarioprincipios.com\\\/index.php\\\/2021\\\/02\\\/12\\\/mas-comercios-se-suman-al-proyecto-gondola-local\\\/\",\"name\":\"M\u00e1s comercios se suman al proyecto \\\"Gondola Local\\\" - Principios\",\"isPartOf\":{\"@id\":\"https:\\\/\\\/diarioprincipios.com\\\/#website\"},\"primaryImageOfPage\":{\"@id\":\"https:\\\/\\\/diarioprincipios.com\\\/index.php\\\/2021\\\/02\\\/12\\\/mas-comercios-se-suman-al-proyecto-gondola-local\\\/#primaryimage\"},\"image\":{\"@id\":\"https:\\\/\\\/diarioprincipios.com\\\/index.php\\\/2021\\\/02\\\/12\\\/mas-comercios-se-suman-al-proyecto-gondola-local\\\/#primaryimage\"},\"thumbnailUrl\":\"https:\\\/\\\/diarioprincipios.com\\\/wp-content\\\/uploads\\\/2021\\\/02\\\/20210212_154150.jpg\",\"datePublished\":\"2021-02-12T18:44:24+00:00\",\"dateModified\":\"2021-02-12T18:44:30+00:00\",\"breadcrumb\":{\"@id\":\"https:\\\/\\\/diarioprincipios.com\\\/index.php\\\/2021\\\/02\\\/12\\\/mas-comercios-se-suman-al-proyecto-gondola-local\\\/#breadcrumb\"},\"inLanguage\":\"es\",\"potentialAction\":[{\"@type\":\"ReadAction\",\"target\":[\"https:\\\/\\\/diarioprincipios.com\\\/index.php\\\/2021\\\/02\\\/12\\\/mas-comercios-se-suman-al-proyecto-gondola-local\\\/\"]}]},{\"@type\":\"ImageObject\",\"inLanguage\":\"es\",\"@id\":\"https:\\\/\\\/diarioprincipios.com\\\/index.php\\\/2021\\\/02\\\/12\\\/mas-comercios-se-suman-al-proyecto-gondola-local\\\/#primaryimage\",\"url\":\"https:\\\/\\\/diarioprincipios.com\\\/wp-content\\\/uploads\\\/2021\\\/02\\\/20210212_154150.jpg\",\"contentUrl\":\"https:\\\/\\\/diarioprincipios.com\\\/wp-content\\\/uploads\\\/2021\\\/02\\\/20210212_154150.jpg\",\"width\":1273,\"height\":745},{\"@type\":\"BreadcrumbList\",\"@id\":\"https:\\\/\\\/diarioprincipios.com\\\/index.php\\\/2021\\\/02\\\/12\\\/mas-comercios-se-suman-al-proyecto-gondola-local\\\/#breadcrumb\",\"itemListElement\":[{\"@type\":\"ListItem\",\"position\":1,\"name\":\"Portada\",\"item\":\"https:\\\/\\\/diarioprincipios.com\\\/\"},{\"@type\":\"ListItem\",\"position\":2,\"name\":\"M\u00e1s comercios se suman al proyecto \u00abGondola Local\u00bb\"}]},{\"@type\":\"WebSite\",\"@id\":\"https:\\\/\\\/diarioprincipios.com\\\/#website\",\"url\":\"https:\\\/\\\/diarioprincipios.com\\\/\",\"name\":\"Principios\",\"description\":\"Principios Diario\",\"publisher\":{\"@id\":\"https:\\\/\\\/diarioprincipios.com\\\/#organization\"},\"potentialAction\":[{\"@type\":\"SearchAction\",\"target\":{\"@type\":\"EntryPoint\",\"urlTemplate\":\"https:\\\/\\\/diarioprincipios.com\\\/?s={search_term_string}\"},\"query-input\":{\"@type\":\"PropertyValueSpecification\",\"valueRequired\":true,\"valueName\":\"search_term_string\"}}],\"inLanguage\":\"es\"},{\"@type\":\"Organization\",\"@id\":\"https:\\\/\\\/diarioprincipios.com\\\/#organization\",\"name\":\"Principios\",\"url\":\"https:\\\/\\\/diarioprincipios.com\\\/\",\"logo\":{\"@type\":\"ImageObject\",\"inLanguage\":\"es\",\"@id\":\"https:\\\/\\\/diarioprincipios.com\\\/#\\\/schema\\\/logo\\\/image\\\/\",\"url\":\"https:\\\/\\\/diarioprincipios.com\\\/wp-content\\\/uploads\\\/2024\\\/04\\\/cropped-www.diarioprincipios.com_-1.png\",\"contentUrl\":\"https:\\\/\\\/diarioprincipios.com\\\/wp-content\\\/uploads\\\/2024\\\/04\\\/cropped-www.diarioprincipios.com_-1.png\",\"width\":5325,\"height\":1454,\"caption\":\"Principios\"},\"image\":{\"@id\":\"https:\\\/\\\/diarioprincipios.com\\\/#\\\/schema\\\/logo\\\/image\\\/\"}},{\"@type\":\"Person\",\"@id\":\"https:\\\/\\\/diarioprincipios.com\\\/#\\\/schema\\\/person\\\/436d5a1fd41a5e250e23ff5a6a7cb080\",\"name\":\"Hern\u00e1n L\u00f3pez\",\"image\":{\"@type\":\"ImageObject\",\"inLanguage\":\"es\",\"@id\":\"https:\\\/\\\/diarioprincipios.com\\\/wp-content\\\/litespeed\\\/avatar\\\/11ddfe5610ff3bd100522525b2571f48.jpg?ver=1777048341\",\"url\":\"https:\\\/\\\/diarioprincipios.com\\\/wp-content\\\/litespeed\\\/avatar\\\/11ddfe5610ff3bd100522525b2571f48.jpg?ver=1777048341\",\"contentUrl\":\"https:\\\/\\\/diarioprincipios.com\\\/wp-content\\\/litespeed\\\/avatar\\\/11ddfe5610ff3bd100522525b2571f48.jpg?ver=1777048341\",\"caption\":\"Hern\u00e1n L\u00f3pez\"},\"url\":\"https:\\\/\\\/diarioprincipios.com\\\/index.php\\\/author\\\/hernan\\\/\"}]}<\/script>\n<!-- \/ Yoast SEO plugin. -->","yoast_head_json":{"title":"M\u00e1s comercios se suman al proyecto \"Gondola Local\" - Principios","robots":{"index":"index","follow":"follow","max-snippet":"max-snippet:-1","max-image-preview":"max-image-preview:large","max-video-preview":"max-video-preview:-1"},"canonical":"https:\/\/diarioprincipios.com\/index.php\/2021\/02\/12\/mas-comercios-se-suman-al-proyecto-gondola-local\/","og_locale":"es_ES","og_type":"article","og_title":"M\u00e1s comercios se suman al proyecto \"Gondola Local\" - Principios","og_description":"En Berazategui cada vez son m\u00e1s los comercios que se suman al proyecto G\u00f3ndola Local de la Secretar\u00eda de Trabajo del Municipio. Con esta iniciativa, exhiben, publicitan y comercializan productos de industria local de diferentes rubros. Es as\u00ed que el Supermercado \u201cEl C\u00e9sar\u201d se adhiri\u00f3 a la propuesta de acercar a los vecinos productos locales...","og_url":"https:\/\/diarioprincipios.com\/index.php\/2021\/02\/12\/mas-comercios-se-suman-al-proyecto-gondola-local\/","og_site_name":"Principios","article_published_time":"2021-02-12T18:44:24+00:00","article_modified_time":"2021-02-12T18:44:30+00:00","og_image":[{"width":1273,"height":745,"url":"https:\/\/diarioprincipios.com\/wp-content\/uploads\/2021\/02\/20210212_154150.jpg","type":"image\/jpeg"}],"author":"Hern\u00e1n L\u00f3pez","twitter_card":"summary_large_image","twitter_misc":{"Escrito por":"Hern\u00e1n L\u00f3pez","Tiempo de lectura":"3 minutos"},"schema":{"@context":"https:\/\/schema.org","@graph":[{"@type":"Article","@id":"https:\/\/diarioprincipios.com\/index.php\/2021\/02\/12\/mas-comercios-se-suman-al-proyecto-gondola-local\/#article","isPartOf":{"@id":"https:\/\/diarioprincipios.com\/index.php\/2021\/02\/12\/mas-comercios-se-suman-al-proyecto-gondola-local\/"},"author":{"name":"Hern\u00e1n L\u00f3pez","@id":"https:\/\/diarioprincipios.com\/#\/schema\/person\/436d5a1fd41a5e250e23ff5a6a7cb080"},"headline":"M\u00e1s comercios se suman al proyecto \u00abGondola Local\u00bb","datePublished":"2021-02-12T18:44:24+00:00","dateModified":"2021-02-12T18:44:30+00:00","mainEntityOfPage":{"@id":"https:\/\/diarioprincipios.com\/index.php\/2021\/02\/12\/mas-comercios-se-suman-al-proyecto-gondola-local\/"},"wordCount":472,"commentCount":0,"publisher":{"@id":"https:\/\/diarioprincipios.com\/#organization"},"image":{"@id":"https:\/\/diarioprincipios.com\/index.php\/2021\/02\/12\/mas-comercios-se-suman-al-proyecto-gondola-local\/#primaryimage"},"thumbnailUrl":"https:\/\/diarioprincipios.com\/wp-content\/uploads\/2021\/02\/20210212_154150.jpg","articleSection":["Berazategui"],"inLanguage":"es","potentialAction":[{"@type":"CommentAction","name":"Comment","target":["https:\/\/diarioprincipios.com\/index.php\/2021\/02\/12\/mas-comercios-se-suman-al-proyecto-gondola-local\/#respond"]}]},{"@type":"WebPage","@id":"https:\/\/diarioprincipios.com\/index.php\/2021\/02\/12\/mas-comercios-se-suman-al-proyecto-gondola-local\/","url":"https:\/\/diarioprincipios.com\/index.php\/2021\/02\/12\/mas-comercios-se-suman-al-proyecto-gondola-local\/","name":"M\u00e1s comercios se suman al proyecto \"Gondola Local\" - Principios","isPartOf":{"@id":"https:\/\/diarioprincipios.com\/#website"},"primaryImageOfPage":{"@id":"https:\/\/diarioprincipios.com\/index.php\/2021\/02\/12\/mas-comercios-se-suman-al-proyecto-gondola-local\/#primaryimage"},"image":{"@id":"https:\/\/diarioprincipios.com\/index.php\/2021\/02\/12\/mas-comercios-se-suman-al-proyecto-gondola-local\/#primaryimage"},"thumbnailUrl":"https:\/\/diarioprincipios.com\/wp-content\/uploads\/2021\/02\/20210212_154150.jpg","datePublished":"2021-02-12T18:44:24+00:00","dateModified":"2021-02-12T18:44:30+00:00","breadcrumb":{"@id":"https:\/\/diarioprincipios.com\/index.php\/2021\/02\/12\/mas-comercios-se-suman-al-proyecto-gondola-local\/#breadcrumb"},"inLanguage":"es","potentialAction":[{"@type":"ReadAction","target":["https:\/\/diarioprincipios.com\/index.php\/2021\/02\/12\/mas-comercios-se-suman-al-proyecto-gondola-local\/"]}]},{"@type":"ImageObject","inLanguage":"es","@id":"https:\/\/diarioprincipios.com\/index.php\/2021\/02\/12\/mas-comercios-se-suman-al-proyecto-gondola-local\/#primaryimage","url":"https:\/\/diarioprincipios.com\/wp-content\/uploads\/2021\/02\/20210212_154150.jpg","contentUrl":"https:\/\/diarioprincipios.com\/wp-content\/uploads\/2021\/02\/20210212_154150.jpg","width":1273,"height":745},{"@type":"BreadcrumbList","@id":"https:\/\/diarioprincipios.com\/index.php\/2021\/02\/12\/mas-comercios-se-suman-al-proyecto-gondola-local\/#breadcrumb","itemListElement":[{"@type":"ListItem","position":1,"name":"Portada","item":"https:\/\/diarioprincipios.com\/"},{"@type":"ListItem","position":2,"name":"M\u00e1s comercios se suman al proyecto \u00abGondola Local\u00bb"}]},{"@type":"WebSite","@id":"https:\/\/diarioprincipios.com\/#website","url":"https:\/\/diarioprincipios.com\/","name":"Principios","description":"Principios Diario","publisher":{"@id":"https:\/\/diarioprincipios.com\/#organization"},"potentialAction":[{"@type":"SearchAction","target":{"@type":"EntryPoint","urlTemplate":"https:\/\/diarioprincipios.com\/?s={search_term_string}"},"query-input":{"@type":"PropertyValueSpecification","valueRequired":true,"valueName":"search_term_string"}}],"inLanguage":"es"},{"@type":"Organization","@id":"https:\/\/diarioprincipios.com\/#organization","name":"Principios","url":"https:\/\/diarioprincipios.com\/","logo":{"@type":"ImageObject","inLanguage":"es","@id":"https:\/\/diarioprincipios.com\/#\/schema\/logo\/image\/","url":"https:\/\/diarioprincipios.com\/wp-content\/uploads\/2024\/04\/cropped-www.diarioprincipios.com_-1.png","contentUrl":"https:\/\/diarioprincipios.com\/wp-content\/uploads\/2024\/04\/cropped-www.diarioprincipios.com_-1.png","width":5325,"height":1454,"caption":"Principios"},"image":{"@id":"https:\/\/diarioprincipios.com\/#\/schema\/logo\/image\/"}},{"@type":"Person","@id":"https:\/\/diarioprincipios.com\/#\/schema\/person\/436d5a1fd41a5e250e23ff5a6a7cb080","name":"Hern\u00e1n L\u00f3pez","image":{"@type":"ImageObject","inLanguage":"es","@id":"https:\/\/diarioprincipios.com\/wp-content\/litespeed\/avatar\/11ddfe5610ff3bd100522525b2571f48.jpg?ver=1777048341","url":"https:\/\/diarioprincipios.com\/wp-content\/litespeed\/avatar\/11ddfe5610ff3bd100522525b2571f48.jpg?ver=1777048341","contentUrl":"https:\/\/diarioprincipios.com\/wp-content\/litespeed\/avatar\/11ddfe5610ff3bd100522525b2571f48.jpg?ver=1777048341","caption":"Hern\u00e1n L\u00f3pez"},"url":"https:\/\/diarioprincipios.com\/index.php\/author\/hernan\/"}]}},"jetpack_featured_media_url":"https:\/\/diarioprincipios.com\/wp-content\/uploads\/2021\/02\/20210212_154150.jpg","_links":{"self":[{"href":"https:\/\/diarioprincipios.com\/index.php\/wp-json\/wp\/v2\/posts\/8577","targetHints":{"allow":["GET"]}}],"collection":[{"href":"https:\/\/diarioprincipios.com\/index.php\/wp-json\/wp\/v2\/posts"}],"about":[{"href":"https:\/\/diarioprincipios.com\/index.php\/wp-json\/wp\/v2\/types\/post"}],"author":[{"embeddable":true,"href":"https:\/\/diarioprincipios.com\/index.php\/wp-json\/wp\/v2\/users\/2"}],"replies":[{"embeddable":true,"href":"https:\/\/diarioprincipios.com\/index.php\/wp-json\/wp\/v2\/comments?post=8577"}],"version-history":[{"count":1,"href":"https:\/\/diarioprincipios.com\/index.php\/wp-json\/wp\/v2\/posts\/8577\/revisions"}],"predecessor-version":[{"id":8579,"href":"https:\/\/diarioprincipios.com\/index.php\/wp-json\/wp\/v2\/posts\/8577\/revisions\/8579"}],"wp:featuredmedia":[{"embeddable":true,"href":"https:\/\/diarioprincipios.com\/index.php\/wp-json\/wp\/v2\/media\/8578"}],"wp:attachment":[{"href":"https:\/\/diarioprincipios.com\/index.php\/wp-json\/wp\/v2\/media?parent=8577"}],"wp:term":[{"taxonomy":"category","embeddable":true,"href":"https:\/\/diarioprincipios.com\/index.php\/wp-json\/wp\/v2\/categories?post=8577"},{"taxonomy":"post_tag","embeddable":true,"href":"https:\/\/diarioprincipios.com\/index.php\/wp-json\/wp\/v2\/tags?post=8577"}],"curies":[{"name":"wp","href":"https:\/\/api.w.org\/{rel}","templated":true}]}}