{"id":8568,"date":"2021-02-12T12:07:31","date_gmt":"2021-02-12T15:07:31","guid":{"rendered":"http:\/\/diarioprincipios.com\/?p=8568"},"modified":"2021-02-12T12:07:36","modified_gmt":"2021-02-12T15:07:36","slug":"la-unaj-se-prepara-para-un-inicio-de-clases-virtual-con-actividades-presenciales-puntuales","status":"publish","type":"post","link":"https:\/\/diarioprincipios.com\/index.php\/2021\/02\/12\/la-unaj-se-prepara-para-un-inicio-de-clases-virtual-con-actividades-presenciales-puntuales\/","title":{"rendered":"La UNAJ se prepara para un inicio de clases virtual con actividades presenciales puntuales"},"content":{"rendered":"\n<p>La Universidad Nacional Arturo Jauretche se apresta para el inicio del ciclo lectivo 2021 en modalidad virtual, con la incorporaci\u00f3n de una serie de actividades acad\u00e9micas bimodales para aquellas materias pr\u00e1cticas que no pudieron desarrollarse durante el a\u00f1o pasado con motivo de la pandemia por el coronavirus.<\/p>\n\n\n\n<p>El inicio de clases virtuales est\u00e1 previsto para el 5 de abril, para los estudiantes de segundo a quinto a\u00f1o, y el 15 de abril para quienes comienzan primer a\u00f1o. En esas fechas comenzar\u00e1n a dictarse m\u00e1s de 600 materias, distribuidas en 2200 comisiones, de las cuales un porcentaje ser\u00e1 bimodal (virtual y presencial), en particular materias del Instituto de Ciencias de la Salud que incluyen actividades pr\u00e1cticas.<\/p>\n\n\n\n<p>El rector de la UNAJ, Ernesto Villanueva, evalu\u00f3 positivamente la experiencia que signific\u00f3 la virtualizaci\u00f3n de la actividad acad\u00e9mica durante el a\u00f1o pasado, en el marco de la pandemia: \u00abqued\u00e9 sorprendido de lo bien que respondieron los estudiantes a esta modalidad\u00bb. De cara al a\u00f1o lectivo que comienza, estim\u00f3 que a medida que avance el plan de vacunaci\u00f3n dispuesto por el gobierno nacional \u00aben el segundo cuatrimestre deber\u00edamos incrementar la presencialidad\u201d para lo cual podr\u00eda ser necesario \u201cdividir a los alumnos en grupos para aprovechar los espacios y cumplir con los protocolos\u00bb.<\/p>\n\n\n\n<p>Este a\u00f1o iniciar\u00e1 de manera virtual el Curso de Preparaci\u00f3n Universitaria (CPU), el primer trayecto del recorrido por la vida universitaria para 10.253 ingresantes. La novedad es que en 2021 el curso de ingreso (obligatorio, pero no eliminatorio) se desarrollar\u00e1 en tres etapas:<\/p>\n\n\n\n<p>Del 8 de febrero al 26 de marzo lo cursar\u00e1n todos los ingresantes con documentaci\u00f3n de finalizaci\u00f3n del secundario presentada hasta el 8 de diciembre de 2020, m\u00e1s todos los ingresantes de las carreras de Medicina, Kinesiolog\u00eda, Tecnicatura Universitaria en Producci\u00f3n Vegetal Intensiva y Licenciatura en Ciencias Agrarias.<\/p>\n\n\n\n<p>La segunda tanda del CPU se realizar\u00e1 del 12 de abril al 28 de mayo y la tercera del 7 de junio al 23 de julio, para ingresantes que no presentaron en su totalidad la documentaci\u00f3n requerida.<\/p>\n\n\n\n<p>Por otra parte, a las mesas de ex\u00e1menes finales virtuales de febrero se sumar\u00e1n siete presenciales correspondientes a materias del Instituto de Ciencias de la Salud, as\u00ed como cursadas de verano intensivas con el fin de recuperar las pr\u00e1cticas que no pudieron realizarse durante 2020.<\/p>\n","protected":false},"excerpt":{"rendered":"<p>La Universidad Nacional Arturo Jauretche se apresta para el inicio del ciclo lectivo 2021 en modalidad virtual, con la incorporaci\u00f3n de una serie de actividades acad\u00e9micas bimodales para aquellas materias pr\u00e1cticas que no pudieron desarrollarse durante el a\u00f1o pasado con motivo de la pandemia por el coronavirus. El inicio de clases virtuales est\u00e1 previsto para&#8230;<\/p>\n","protected":false},"author":2,"featured_media":8569,"comment_status":"open","ping_status":"open","sticky":false,"template":"","format":"standard","meta":{"footnotes":""},"categories":[7],"tags":[],"class_list":["post-8568","post","type-post","status-publish","format-standard","has-post-thumbnail","hentry","category-provincia"],"featured_image_src":"https:\/\/diarioprincipios.com\/wp-content\/uploads\/2021\/02\/Edificio-UNAJ-3.jpg","blog_images":{"medium":"https:\/\/diarioprincipios.com\/wp-content\/uploads\/2021\/02\/Edificio-UNAJ-3-300x174.jpg","large":"https:\/\/diarioprincipios.com\/wp-content\/uploads\/2021\/02\/Edificio-UNAJ-3.jpg"},"ams_acf":[],"yoast_head":"<!-- This site is optimized with the Yoast SEO plugin v27.3 - https:\/\/yoast.com\/product\/yoast-seo-wordpress\/ -->\n<title>La UNAJ se prepara para un inicio de clases virtual con actividades presenciales puntuales - Principios<\/title>\n<meta name=\"robots\" content=\"index, follow, max-snippet:-1, max-image-preview:large, max-video-preview:-1\" \/>\n<link rel=\"canonical\" href=\"https:\/\/diarioprincipios.com\/index.php\/2021\/02\/12\/la-unaj-se-prepara-para-un-inicio-de-clases-virtual-con-actividades-presenciales-puntuales\/\" \/>\n<meta property=\"og:locale\" content=\"es_ES\" \/>\n<meta property=\"og:type\" content=\"article\" \/>\n<meta property=\"og:title\" content=\"La UNAJ se prepara para un inicio de clases virtual con actividades presenciales puntuales - Principios\" \/>\n<meta property=\"og:description\" content=\"La Universidad Nacional Arturo Jauretche se apresta para el inicio del ciclo lectivo 2021 en modalidad virtual, con la incorporaci\u00f3n de una serie de actividades acad\u00e9micas bimodales para aquellas materias pr\u00e1cticas que no pudieron desarrollarse durante el a\u00f1o pasado con motivo de la pandemia por el coronavirus. El inicio de clases virtuales est\u00e1 previsto para...\" \/>\n<meta property=\"og:url\" content=\"https:\/\/diarioprincipios.com\/index.php\/2021\/02\/12\/la-unaj-se-prepara-para-un-inicio-de-clases-virtual-con-actividades-presenciales-puntuales\/\" \/>\n<meta property=\"og:site_name\" content=\"Principios\" \/>\n<meta property=\"article:published_time\" content=\"2021-02-12T15:07:31+00:00\" \/>\n<meta property=\"article:modified_time\" content=\"2021-02-12T15:07:36+00:00\" \/>\n<meta property=\"og:image\" content=\"https:\/\/diarioprincipios.com\/wp-content\/uploads\/2021\/02\/Edificio-UNAJ-3.jpg\" \/>\n\t<meta property=\"og:image:width\" content=\"800\" \/>\n\t<meta property=\"og:image:height\" content=\"465\" \/>\n\t<meta property=\"og:image:type\" content=\"image\/jpeg\" \/>\n<meta name=\"author\" content=\"Hern\u00e1n L\u00f3pez\" \/>\n<meta name=\"twitter:card\" content=\"summary_large_image\" \/>\n<meta name=\"twitter:label1\" content=\"Escrito por\" \/>\n\t<meta name=\"twitter:data1\" content=\"Hern\u00e1n L\u00f3pez\" \/>\n\t<meta name=\"twitter:label2\" content=\"Tiempo de lectura\" \/>\n\t<meta name=\"twitter:data2\" content=\"2 minutos\" \/>\n<script type=\"application\/ld+json\" class=\"yoast-schema-graph\">{\"@context\":\"https:\\\/\\\/schema.org\",\"@graph\":[{\"@type\":\"Article\",\"@id\":\"https:\\\/\\\/diarioprincipios.com\\\/index.php\\\/2021\\\/02\\\/12\\\/la-unaj-se-prepara-para-un-inicio-de-clases-virtual-con-actividades-presenciales-puntuales\\\/#article\",\"isPartOf\":{\"@id\":\"https:\\\/\\\/diarioprincipios.com\\\/index.php\\\/2021\\\/02\\\/12\\\/la-unaj-se-prepara-para-un-inicio-de-clases-virtual-con-actividades-presenciales-puntuales\\\/\"},\"author\":{\"name\":\"Hern\u00e1n L\u00f3pez\",\"@id\":\"https:\\\/\\\/diarioprincipios.com\\\/#\\\/schema\\\/person\\\/436d5a1fd41a5e250e23ff5a6a7cb080\"},\"headline\":\"La UNAJ se prepara para un inicio de clases virtual con actividades presenciales puntuales\",\"datePublished\":\"2021-02-12T15:07:31+00:00\",\"dateModified\":\"2021-02-12T15:07:36+00:00\",\"mainEntityOfPage\":{\"@id\":\"https:\\\/\\\/diarioprincipios.com\\\/index.php\\\/2021\\\/02\\\/12\\\/la-unaj-se-prepara-para-un-inicio-de-clases-virtual-con-actividades-presenciales-puntuales\\\/\"},\"wordCount\":406,\"commentCount\":0,\"publisher\":{\"@id\":\"https:\\\/\\\/diarioprincipios.com\\\/#organization\"},\"image\":{\"@id\":\"https:\\\/\\\/diarioprincipios.com\\\/index.php\\\/2021\\\/02\\\/12\\\/la-unaj-se-prepara-para-un-inicio-de-clases-virtual-con-actividades-presenciales-puntuales\\\/#primaryimage\"},\"thumbnailUrl\":\"https:\\\/\\\/diarioprincipios.com\\\/wp-content\\\/uploads\\\/2021\\\/02\\\/Edificio-UNAJ-3.jpg\",\"articleSection\":[\"Provincia\"],\"inLanguage\":\"es\",\"potentialAction\":[{\"@type\":\"CommentAction\",\"name\":\"Comment\",\"target\":[\"https:\\\/\\\/diarioprincipios.com\\\/index.php\\\/2021\\\/02\\\/12\\\/la-unaj-se-prepara-para-un-inicio-de-clases-virtual-con-actividades-presenciales-puntuales\\\/#respond\"]}]},{\"@type\":\"WebPage\",\"@id\":\"https:\\\/\\\/diarioprincipios.com\\\/index.php\\\/2021\\\/02\\\/12\\\/la-unaj-se-prepara-para-un-inicio-de-clases-virtual-con-actividades-presenciales-puntuales\\\/\",\"url\":\"https:\\\/\\\/diarioprincipios.com\\\/index.php\\\/2021\\\/02\\\/12\\\/la-unaj-se-prepara-para-un-inicio-de-clases-virtual-con-actividades-presenciales-puntuales\\\/\",\"name\":\"La UNAJ se prepara para un inicio de clases virtual con actividades presenciales puntuales - Principios\",\"isPartOf\":{\"@id\":\"https:\\\/\\\/diarioprincipios.com\\\/#website\"},\"primaryImageOfPage\":{\"@id\":\"https:\\\/\\\/diarioprincipios.com\\\/index.php\\\/2021\\\/02\\\/12\\\/la-unaj-se-prepara-para-un-inicio-de-clases-virtual-con-actividades-presenciales-puntuales\\\/#primaryimage\"},\"image\":{\"@id\":\"https:\\\/\\\/diarioprincipios.com\\\/index.php\\\/2021\\\/02\\\/12\\\/la-unaj-se-prepara-para-un-inicio-de-clases-virtual-con-actividades-presenciales-puntuales\\\/#primaryimage\"},\"thumbnailUrl\":\"https:\\\/\\\/diarioprincipios.com\\\/wp-content\\\/uploads\\\/2021\\\/02\\\/Edificio-UNAJ-3.jpg\",\"datePublished\":\"2021-02-12T15:07:31+00:00\",\"dateModified\":\"2021-02-12T15:07:36+00:00\",\"breadcrumb\":{\"@id\":\"https:\\\/\\\/diarioprincipios.com\\\/index.php\\\/2021\\\/02\\\/12\\\/la-unaj-se-prepara-para-un-inicio-de-clases-virtual-con-actividades-presenciales-puntuales\\\/#breadcrumb\"},\"inLanguage\":\"es\",\"potentialAction\":[{\"@type\":\"ReadAction\",\"target\":[\"https:\\\/\\\/diarioprincipios.com\\\/index.php\\\/2021\\\/02\\\/12\\\/la-unaj-se-prepara-para-un-inicio-de-clases-virtual-con-actividades-presenciales-puntuales\\\/\"]}]},{\"@type\":\"ImageObject\",\"inLanguage\":\"es\",\"@id\":\"https:\\\/\\\/diarioprincipios.com\\\/index.php\\\/2021\\\/02\\\/12\\\/la-unaj-se-prepara-para-un-inicio-de-clases-virtual-con-actividades-presenciales-puntuales\\\/#primaryimage\",\"url\":\"https:\\\/\\\/diarioprincipios.com\\\/wp-content\\\/uploads\\\/2021\\\/02\\\/Edificio-UNAJ-3.jpg\",\"contentUrl\":\"https:\\\/\\\/diarioprincipios.com\\\/wp-content\\\/uploads\\\/2021\\\/02\\\/Edificio-UNAJ-3.jpg\",\"width\":800,\"height\":465},{\"@type\":\"BreadcrumbList\",\"@id\":\"https:\\\/\\\/diarioprincipios.com\\\/index.php\\\/2021\\\/02\\\/12\\\/la-unaj-se-prepara-para-un-inicio-de-clases-virtual-con-actividades-presenciales-puntuales\\\/#breadcrumb\",\"itemListElement\":[{\"@type\":\"ListItem\",\"position\":1,\"name\":\"Portada\",\"item\":\"https:\\\/\\\/diarioprincipios.com\\\/\"},{\"@type\":\"ListItem\",\"position\":2,\"name\":\"La UNAJ se prepara para un inicio de clases virtual con actividades presenciales puntuales\"}]},{\"@type\":\"WebSite\",\"@id\":\"https:\\\/\\\/diarioprincipios.com\\\/#website\",\"url\":\"https:\\\/\\\/diarioprincipios.com\\\/\",\"name\":\"Principios\",\"description\":\"Principios Diario\",\"publisher\":{\"@id\":\"https:\\\/\\\/diarioprincipios.com\\\/#organization\"},\"potentialAction\":[{\"@type\":\"SearchAction\",\"target\":{\"@type\":\"EntryPoint\",\"urlTemplate\":\"https:\\\/\\\/diarioprincipios.com\\\/?s={search_term_string}\"},\"query-input\":{\"@type\":\"PropertyValueSpecification\",\"valueRequired\":true,\"valueName\":\"search_term_string\"}}],\"inLanguage\":\"es\"},{\"@type\":\"Organization\",\"@id\":\"https:\\\/\\\/diarioprincipios.com\\\/#organization\",\"name\":\"Principios\",\"url\":\"https:\\\/\\\/diarioprincipios.com\\\/\",\"logo\":{\"@type\":\"ImageObject\",\"inLanguage\":\"es\",\"@id\":\"https:\\\/\\\/diarioprincipios.com\\\/#\\\/schema\\\/logo\\\/image\\\/\",\"url\":\"https:\\\/\\\/diarioprincipios.com\\\/wp-content\\\/uploads\\\/2024\\\/04\\\/cropped-www.diarioprincipios.com_-1.png\",\"contentUrl\":\"https:\\\/\\\/diarioprincipios.com\\\/wp-content\\\/uploads\\\/2024\\\/04\\\/cropped-www.diarioprincipios.com_-1.png\",\"width\":5325,\"height\":1454,\"caption\":\"Principios\"},\"image\":{\"@id\":\"https:\\\/\\\/diarioprincipios.com\\\/#\\\/schema\\\/logo\\\/image\\\/\"}},{\"@type\":\"Person\",\"@id\":\"https:\\\/\\\/diarioprincipios.com\\\/#\\\/schema\\\/person\\\/436d5a1fd41a5e250e23ff5a6a7cb080\",\"name\":\"Hern\u00e1n L\u00f3pez\",\"image\":{\"@type\":\"ImageObject\",\"inLanguage\":\"es\",\"@id\":\"https:\\\/\\\/diarioprincipios.com\\\/wp-content\\\/litespeed\\\/avatar\\\/11ddfe5610ff3bd100522525b2571f48.jpg?ver=1777048341\",\"url\":\"https:\\\/\\\/diarioprincipios.com\\\/wp-content\\\/litespeed\\\/avatar\\\/11ddfe5610ff3bd100522525b2571f48.jpg?ver=1777048341\",\"contentUrl\":\"https:\\\/\\\/diarioprincipios.com\\\/wp-content\\\/litespeed\\\/avatar\\\/11ddfe5610ff3bd100522525b2571f48.jpg?ver=1777048341\",\"caption\":\"Hern\u00e1n L\u00f3pez\"},\"url\":\"https:\\\/\\\/diarioprincipios.com\\\/index.php\\\/author\\\/hernan\\\/\"}]}<\/script>\n<!-- \/ Yoast SEO plugin. -->","yoast_head_json":{"title":"La UNAJ se prepara para un inicio de clases virtual con actividades presenciales puntuales - Principios","robots":{"index":"index","follow":"follow","max-snippet":"max-snippet:-1","max-image-preview":"max-image-preview:large","max-video-preview":"max-video-preview:-1"},"canonical":"https:\/\/diarioprincipios.com\/index.php\/2021\/02\/12\/la-unaj-se-prepara-para-un-inicio-de-clases-virtual-con-actividades-presenciales-puntuales\/","og_locale":"es_ES","og_type":"article","og_title":"La UNAJ se prepara para un inicio de clases virtual con actividades presenciales puntuales - Principios","og_description":"La Universidad Nacional Arturo Jauretche se apresta para el inicio del ciclo lectivo 2021 en modalidad virtual, con la incorporaci\u00f3n de una serie de actividades acad\u00e9micas bimodales para aquellas materias pr\u00e1cticas que no pudieron desarrollarse durante el a\u00f1o pasado con motivo de la pandemia por el coronavirus. El inicio de clases virtuales est\u00e1 previsto para...","og_url":"https:\/\/diarioprincipios.com\/index.php\/2021\/02\/12\/la-unaj-se-prepara-para-un-inicio-de-clases-virtual-con-actividades-presenciales-puntuales\/","og_site_name":"Principios","article_published_time":"2021-02-12T15:07:31+00:00","article_modified_time":"2021-02-12T15:07:36+00:00","og_image":[{"width":800,"height":465,"url":"https:\/\/diarioprincipios.com\/wp-content\/uploads\/2021\/02\/Edificio-UNAJ-3.jpg","type":"image\/jpeg"}],"author":"Hern\u00e1n L\u00f3pez","twitter_card":"summary_large_image","twitter_misc":{"Escrito por":"Hern\u00e1n L\u00f3pez","Tiempo de lectura":"2 minutos"},"schema":{"@context":"https:\/\/schema.org","@graph":[{"@type":"Article","@id":"https:\/\/diarioprincipios.com\/index.php\/2021\/02\/12\/la-unaj-se-prepara-para-un-inicio-de-clases-virtual-con-actividades-presenciales-puntuales\/#article","isPartOf":{"@id":"https:\/\/diarioprincipios.com\/index.php\/2021\/02\/12\/la-unaj-se-prepara-para-un-inicio-de-clases-virtual-con-actividades-presenciales-puntuales\/"},"author":{"name":"Hern\u00e1n L\u00f3pez","@id":"https:\/\/diarioprincipios.com\/#\/schema\/person\/436d5a1fd41a5e250e23ff5a6a7cb080"},"headline":"La UNAJ se prepara para un inicio de clases virtual con actividades presenciales puntuales","datePublished":"2021-02-12T15:07:31+00:00","dateModified":"2021-02-12T15:07:36+00:00","mainEntityOfPage":{"@id":"https:\/\/diarioprincipios.com\/index.php\/2021\/02\/12\/la-unaj-se-prepara-para-un-inicio-de-clases-virtual-con-actividades-presenciales-puntuales\/"},"wordCount":406,"commentCount":0,"publisher":{"@id":"https:\/\/diarioprincipios.com\/#organization"},"image":{"@id":"https:\/\/diarioprincipios.com\/index.php\/2021\/02\/12\/la-unaj-se-prepara-para-un-inicio-de-clases-virtual-con-actividades-presenciales-puntuales\/#primaryimage"},"thumbnailUrl":"https:\/\/diarioprincipios.com\/wp-content\/uploads\/2021\/02\/Edificio-UNAJ-3.jpg","articleSection":["Provincia"],"inLanguage":"es","potentialAction":[{"@type":"CommentAction","name":"Comment","target":["https:\/\/diarioprincipios.com\/index.php\/2021\/02\/12\/la-unaj-se-prepara-para-un-inicio-de-clases-virtual-con-actividades-presenciales-puntuales\/#respond"]}]},{"@type":"WebPage","@id":"https:\/\/diarioprincipios.com\/index.php\/2021\/02\/12\/la-unaj-se-prepara-para-un-inicio-de-clases-virtual-con-actividades-presenciales-puntuales\/","url":"https:\/\/diarioprincipios.com\/index.php\/2021\/02\/12\/la-unaj-se-prepara-para-un-inicio-de-clases-virtual-con-actividades-presenciales-puntuales\/","name":"La UNAJ se prepara para un inicio de clases virtual con actividades presenciales puntuales - Principios","isPartOf":{"@id":"https:\/\/diarioprincipios.com\/#website"},"primaryImageOfPage":{"@id":"https:\/\/diarioprincipios.com\/index.php\/2021\/02\/12\/la-unaj-se-prepara-para-un-inicio-de-clases-virtual-con-actividades-presenciales-puntuales\/#primaryimage"},"image":{"@id":"https:\/\/diarioprincipios.com\/index.php\/2021\/02\/12\/la-unaj-se-prepara-para-un-inicio-de-clases-virtual-con-actividades-presenciales-puntuales\/#primaryimage"},"thumbnailUrl":"https:\/\/diarioprincipios.com\/wp-content\/uploads\/2021\/02\/Edificio-UNAJ-3.jpg","datePublished":"2021-02-12T15:07:31+00:00","dateModified":"2021-02-12T15:07:36+00:00","breadcrumb":{"@id":"https:\/\/diarioprincipios.com\/index.php\/2021\/02\/12\/la-unaj-se-prepara-para-un-inicio-de-clases-virtual-con-actividades-presenciales-puntuales\/#breadcrumb"},"inLanguage":"es","potentialAction":[{"@type":"ReadAction","target":["https:\/\/diarioprincipios.com\/index.php\/2021\/02\/12\/la-unaj-se-prepara-para-un-inicio-de-clases-virtual-con-actividades-presenciales-puntuales\/"]}]},{"@type":"ImageObject","inLanguage":"es","@id":"https:\/\/diarioprincipios.com\/index.php\/2021\/02\/12\/la-unaj-se-prepara-para-un-inicio-de-clases-virtual-con-actividades-presenciales-puntuales\/#primaryimage","url":"https:\/\/diarioprincipios.com\/wp-content\/uploads\/2021\/02\/Edificio-UNAJ-3.jpg","contentUrl":"https:\/\/diarioprincipios.com\/wp-content\/uploads\/2021\/02\/Edificio-UNAJ-3.jpg","width":800,"height":465},{"@type":"BreadcrumbList","@id":"https:\/\/diarioprincipios.com\/index.php\/2021\/02\/12\/la-unaj-se-prepara-para-un-inicio-de-clases-virtual-con-actividades-presenciales-puntuales\/#breadcrumb","itemListElement":[{"@type":"ListItem","position":1,"name":"Portada","item":"https:\/\/diarioprincipios.com\/"},{"@type":"ListItem","position":2,"name":"La UNAJ se prepara para un inicio de clases virtual con actividades presenciales puntuales"}]},{"@type":"WebSite","@id":"https:\/\/diarioprincipios.com\/#website","url":"https:\/\/diarioprincipios.com\/","name":"Principios","description":"Principios Diario","publisher":{"@id":"https:\/\/diarioprincipios.com\/#organization"},"potentialAction":[{"@type":"SearchAction","target":{"@type":"EntryPoint","urlTemplate":"https:\/\/diarioprincipios.com\/?s={search_term_string}"},"query-input":{"@type":"PropertyValueSpecification","valueRequired":true,"valueName":"search_term_string"}}],"inLanguage":"es"},{"@type":"Organization","@id":"https:\/\/diarioprincipios.com\/#organization","name":"Principios","url":"https:\/\/diarioprincipios.com\/","logo":{"@type":"ImageObject","inLanguage":"es","@id":"https:\/\/diarioprincipios.com\/#\/schema\/logo\/image\/","url":"https:\/\/diarioprincipios.com\/wp-content\/uploads\/2024\/04\/cropped-www.diarioprincipios.com_-1.png","contentUrl":"https:\/\/diarioprincipios.com\/wp-content\/uploads\/2024\/04\/cropped-www.diarioprincipios.com_-1.png","width":5325,"height":1454,"caption":"Principios"},"image":{"@id":"https:\/\/diarioprincipios.com\/#\/schema\/logo\/image\/"}},{"@type":"Person","@id":"https:\/\/diarioprincipios.com\/#\/schema\/person\/436d5a1fd41a5e250e23ff5a6a7cb080","name":"Hern\u00e1n L\u00f3pez","image":{"@type":"ImageObject","inLanguage":"es","@id":"https:\/\/diarioprincipios.com\/wp-content\/litespeed\/avatar\/11ddfe5610ff3bd100522525b2571f48.jpg?ver=1777048341","url":"https:\/\/diarioprincipios.com\/wp-content\/litespeed\/avatar\/11ddfe5610ff3bd100522525b2571f48.jpg?ver=1777048341","contentUrl":"https:\/\/diarioprincipios.com\/wp-content\/litespeed\/avatar\/11ddfe5610ff3bd100522525b2571f48.jpg?ver=1777048341","caption":"Hern\u00e1n L\u00f3pez"},"url":"https:\/\/diarioprincipios.com\/index.php\/author\/hernan\/"}]}},"jetpack_featured_media_url":"https:\/\/diarioprincipios.com\/wp-content\/uploads\/2021\/02\/Edificio-UNAJ-3.jpg","_links":{"self":[{"href":"https:\/\/diarioprincipios.com\/index.php\/wp-json\/wp\/v2\/posts\/8568","targetHints":{"allow":["GET"]}}],"collection":[{"href":"https:\/\/diarioprincipios.com\/index.php\/wp-json\/wp\/v2\/posts"}],"about":[{"href":"https:\/\/diarioprincipios.com\/index.php\/wp-json\/wp\/v2\/types\/post"}],"author":[{"embeddable":true,"href":"https:\/\/diarioprincipios.com\/index.php\/wp-json\/wp\/v2\/users\/2"}],"replies":[{"embeddable":true,"href":"https:\/\/diarioprincipios.com\/index.php\/wp-json\/wp\/v2\/comments?post=8568"}],"version-history":[{"count":1,"href":"https:\/\/diarioprincipios.com\/index.php\/wp-json\/wp\/v2\/posts\/8568\/revisions"}],"predecessor-version":[{"id":8570,"href":"https:\/\/diarioprincipios.com\/index.php\/wp-json\/wp\/v2\/posts\/8568\/revisions\/8570"}],"wp:featuredmedia":[{"embeddable":true,"href":"https:\/\/diarioprincipios.com\/index.php\/wp-json\/wp\/v2\/media\/8569"}],"wp:attachment":[{"href":"https:\/\/diarioprincipios.com\/index.php\/wp-json\/wp\/v2\/media?parent=8568"}],"wp:term":[{"taxonomy":"category","embeddable":true,"href":"https:\/\/diarioprincipios.com\/index.php\/wp-json\/wp\/v2\/categories?post=8568"},{"taxonomy":"post_tag","embeddable":true,"href":"https:\/\/diarioprincipios.com\/index.php\/wp-json\/wp\/v2\/tags?post=8568"}],"curies":[{"name":"wp","href":"https:\/\/api.w.org\/{rel}","templated":true}]}}