{"id":8508,"date":"2021-02-08T17:54:19","date_gmt":"2021-02-08T20:54:19","guid":{"rendered":"http:\/\/diarioprincipios.com\/?p=8508"},"modified":"2021-02-08T17:55:37","modified_gmt":"2021-02-08T20:55:37","slug":"kicillof-mantuvo-una-reunion-de-trabajo-con-intendentes-del-frente-de-todos-de-la-tercera-seccion","status":"publish","type":"post","link":"https:\/\/diarioprincipios.com\/index.php\/2021\/02\/08\/kicillof-mantuvo-una-reunion-de-trabajo-con-intendentes-del-frente-de-todos-de-la-tercera-seccion\/","title":{"rendered":"Kicillof mantuvo una reuni\u00f3n de trabajo con intendentes del Frente de Todos de la Tercera Secci\u00f3n"},"content":{"rendered":"\n<p>El gobernador bonaerense, Axel Kicillof, analiz\u00f3 hoy la situaci\u00f3n epidemiol\u00f3gica de la provincia con intendentes del Frente de Todos de la Tercera Secci\u00f3n Electoral, con los que tambi\u00e9n evalu\u00f3 la preparaci\u00f3n de las escuelas para comenzar las clases presenciales el 1\u00b0 de marzo pr\u00f3ximo.<\/p>\n\n\n\n<p>Seg\u00fan se inform\u00f3 oficialmente, durante el encuentro de trabajo que se realiz\u00f3 en la Casa de Gobierno provincial, en La Plata, el mandatario estuvo acompa\u00f1ado por el jefe de Gabinete, Carlos Bianco; la ministra de Gobierno, Teresa Garc\u00eda; el ministro de Salud, Daniel Gollan; el secretario general, Federico Thea, y el ministro de Desarrollo Agrario, Javier Rodr\u00edguez.<\/p>\n\n\n\n<p>Kicillof y los jefes comunales abordaron la situaci\u00f3n epidemiol\u00f3gica de la provincia en el marco de la temporada tur\u00edstica que se est\u00e1 desarrollando y de cara al comienzo del ciclo lectivo 2021.<\/p>\n\n\n\n<p>En un comunicado, se consign\u00f3 que \u00abhicieron hincapi\u00e9 en la preparaci\u00f3n de las escuelas de acuerdo con los protocolos que fueron aprobados en octubre pasado, al tiempo que valoraron el di\u00e1logo con toda la comunidad educativa para garantizar el regreso gradual y seguro a las clases presenciales\u00bb.<\/p>\n\n\n\n<p>Adem\u00e1s repasaron el estado de la inscripci\u00f3n de los y las bonaerenses al Plan p\u00fablico, gratuito y optativo de vacunaci\u00f3n contra el Covid-19 en cada uno de los partidos, en tanto que puntualizaron el despliegue territorial previsto para las siguientes etapas, tal como se estableci\u00f3 en el programa que articularon Naci\u00f3n, Provincia y municipios.<\/p>\n\n\n\n<p>A partir de las soluciones habitacionales que se est\u00e1n desarrollando en distritos como Presidente Per\u00f3n, San Vicente, Quilmes y Almirante Brown, durante la reuni\u00f3n se hizo \u00e9nfasis tambi\u00e9n en los avances en materia de h\u00e1bitat y acceso a la vivienda.<\/p>\n\n\n\n<p>El gobernador repas\u00f3 los lineamientos de distintos programas que el Ministerio de Producci\u00f3n, Ciencia e Innovaci\u00f3n Tecnol\u00f3gica est\u00e1 implementando para incentivar la actividad econ\u00f3mica en beneficio de los comercios de cercan\u00eda.<\/p>\n\n\n\n<p>Tambi\u00e9n se refiri\u00f3 a los avances en el Plan Integral de Seguridad que permite la adquisici\u00f3n de nuevos veh\u00edculos y equipamiento para la prevenci\u00f3n del delito en cada municipio, y repas\u00f3 los avances en la inscripci\u00f3n de postulantes que desean ingresar este a\u00f1o a la Polic\u00eda de la provincia.<\/p>\n\n\n\n<p>Estuvieron presentes las intendentas de Presidente Per\u00f3n, Blanca Cantero; de Quilmes, Mayra Mendoza, y de Ca\u00f1uelas, Marisa Fassi; los intendentes de Berazategui, Juan Jos\u00e9 Mussi; de Florencio Varela, Andr\u00e9s Watson; de Lomas de Zamora, Mart\u00edn Insaurralde; de La Matanza, Fernando Espinoza; de Almirante Brown, Mariano Cascallares; de San Vicente, Nicol\u00e1s Mantegazza; de Ensenada, Mario Secco; de Berisso, Fabi\u00e1n Cagliardi; de Avellaneda, Alejo Chornobroff, y de Punta Indio, Hern\u00e1n Yzurieta, y el diputado provincial Carlos Moreno.<\/p>\n","protected":false},"excerpt":{"rendered":"<p>El gobernador bonaerense, Axel Kicillof, analiz\u00f3 hoy la situaci\u00f3n epidemiol\u00f3gica de la provincia con intendentes del Frente de Todos de la Tercera Secci\u00f3n Electoral, con los que tambi\u00e9n evalu\u00f3 la preparaci\u00f3n de las escuelas para comenzar las clases presenciales el 1\u00b0 de marzo pr\u00f3ximo. Seg\u00fan se inform\u00f3 oficialmente, durante el encuentro de trabajo que se&#8230;<\/p>\n","protected":false},"author":2,"featured_media":8511,"comment_status":"open","ping_status":"open","sticky":false,"template":"","format":"standard","meta":{"footnotes":""},"categories":[7],"tags":[],"class_list":["post-8508","post","type-post","status-publish","format-standard","has-post-thumbnail","hentry","category-provincia"],"featured_image_src":"https:\/\/diarioprincipios.com\/wp-content\/uploads\/2021\/02\/20210208_175445.jpg","blog_images":{"medium":"https:\/\/diarioprincipios.com\/wp-content\/uploads\/2021\/02\/20210208_175445-300x167.jpg","large":"https:\/\/diarioprincipios.com\/wp-content\/uploads\/2021\/02\/20210208_175445.jpg"},"ams_acf":[],"yoast_head":"<!-- This site is optimized with the Yoast SEO plugin v27.3 - https:\/\/yoast.com\/product\/yoast-seo-wordpress\/ -->\n<title>Kicillof mantuvo una reuni\u00f3n de trabajo con intendentes del Frente de Todos de la Tercera Secci\u00f3n - Principios<\/title>\n<meta name=\"robots\" content=\"index, follow, max-snippet:-1, max-image-preview:large, max-video-preview:-1\" \/>\n<link rel=\"canonical\" href=\"https:\/\/diarioprincipios.com\/index.php\/2021\/02\/08\/kicillof-mantuvo-una-reunion-de-trabajo-con-intendentes-del-frente-de-todos-de-la-tercera-seccion\/\" \/>\n<meta property=\"og:locale\" content=\"es_ES\" \/>\n<meta property=\"og:type\" content=\"article\" \/>\n<meta property=\"og:title\" content=\"Kicillof mantuvo una reuni\u00f3n de trabajo con intendentes del Frente de Todos de la Tercera Secci\u00f3n - Principios\" \/>\n<meta property=\"og:description\" content=\"El gobernador bonaerense, Axel Kicillof, analiz\u00f3 hoy la situaci\u00f3n epidemiol\u00f3gica de la provincia con intendentes del Frente de Todos de la Tercera Secci\u00f3n Electoral, con los que tambi\u00e9n evalu\u00f3 la preparaci\u00f3n de las escuelas para comenzar las clases presenciales el 1\u00b0 de marzo pr\u00f3ximo. Seg\u00fan se inform\u00f3 oficialmente, durante el encuentro de trabajo que se...\" \/>\n<meta property=\"og:url\" content=\"https:\/\/diarioprincipios.com\/index.php\/2021\/02\/08\/kicillof-mantuvo-una-reunion-de-trabajo-con-intendentes-del-frente-de-todos-de-la-tercera-seccion\/\" \/>\n<meta property=\"og:site_name\" content=\"Principios\" \/>\n<meta property=\"article:published_time\" content=\"2021-02-08T20:54:19+00:00\" \/>\n<meta property=\"article:modified_time\" content=\"2021-02-08T20:55:37+00:00\" \/>\n<meta property=\"og:image\" content=\"https:\/\/diarioprincipios.com\/wp-content\/uploads\/2021\/02\/20210208_175445.jpg\" \/>\n\t<meta property=\"og:image:width\" content=\"510\" \/>\n\t<meta property=\"og:image:height\" content=\"284\" \/>\n\t<meta property=\"og:image:type\" content=\"image\/jpeg\" \/>\n<meta name=\"author\" content=\"Hern\u00e1n L\u00f3pez\" \/>\n<meta name=\"twitter:card\" content=\"summary_large_image\" \/>\n<meta name=\"twitter:label1\" content=\"Escrito por\" \/>\n\t<meta name=\"twitter:data1\" content=\"Hern\u00e1n L\u00f3pez\" \/>\n\t<meta name=\"twitter:label2\" content=\"Tiempo de lectura\" \/>\n\t<meta name=\"twitter:data2\" content=\"2 minutos\" \/>\n<script type=\"application\/ld+json\" class=\"yoast-schema-graph\">{\"@context\":\"https:\\\/\\\/schema.org\",\"@graph\":[{\"@type\":\"Article\",\"@id\":\"https:\\\/\\\/diarioprincipios.com\\\/index.php\\\/2021\\\/02\\\/08\\\/kicillof-mantuvo-una-reunion-de-trabajo-con-intendentes-del-frente-de-todos-de-la-tercera-seccion\\\/#article\",\"isPartOf\":{\"@id\":\"https:\\\/\\\/diarioprincipios.com\\\/index.php\\\/2021\\\/02\\\/08\\\/kicillof-mantuvo-una-reunion-de-trabajo-con-intendentes-del-frente-de-todos-de-la-tercera-seccion\\\/\"},\"author\":{\"name\":\"Hern\u00e1n L\u00f3pez\",\"@id\":\"https:\\\/\\\/diarioprincipios.com\\\/#\\\/schema\\\/person\\\/436d5a1fd41a5e250e23ff5a6a7cb080\"},\"headline\":\"Kicillof mantuvo una reuni\u00f3n de trabajo con intendentes del Frente de Todos de la Tercera Secci\u00f3n\",\"datePublished\":\"2021-02-08T20:54:19+00:00\",\"dateModified\":\"2021-02-08T20:55:37+00:00\",\"mainEntityOfPage\":{\"@id\":\"https:\\\/\\\/diarioprincipios.com\\\/index.php\\\/2021\\\/02\\\/08\\\/kicillof-mantuvo-una-reunion-de-trabajo-con-intendentes-del-frente-de-todos-de-la-tercera-seccion\\\/\"},\"wordCount\":489,\"commentCount\":0,\"publisher\":{\"@id\":\"https:\\\/\\\/diarioprincipios.com\\\/#organization\"},\"image\":{\"@id\":\"https:\\\/\\\/diarioprincipios.com\\\/index.php\\\/2021\\\/02\\\/08\\\/kicillof-mantuvo-una-reunion-de-trabajo-con-intendentes-del-frente-de-todos-de-la-tercera-seccion\\\/#primaryimage\"},\"thumbnailUrl\":\"https:\\\/\\\/diarioprincipios.com\\\/wp-content\\\/uploads\\\/2021\\\/02\\\/20210208_175445.jpg\",\"articleSection\":[\"Provincia\"],\"inLanguage\":\"es\",\"potentialAction\":[{\"@type\":\"CommentAction\",\"name\":\"Comment\",\"target\":[\"https:\\\/\\\/diarioprincipios.com\\\/index.php\\\/2021\\\/02\\\/08\\\/kicillof-mantuvo-una-reunion-de-trabajo-con-intendentes-del-frente-de-todos-de-la-tercera-seccion\\\/#respond\"]}]},{\"@type\":\"WebPage\",\"@id\":\"https:\\\/\\\/diarioprincipios.com\\\/index.php\\\/2021\\\/02\\\/08\\\/kicillof-mantuvo-una-reunion-de-trabajo-con-intendentes-del-frente-de-todos-de-la-tercera-seccion\\\/\",\"url\":\"https:\\\/\\\/diarioprincipios.com\\\/index.php\\\/2021\\\/02\\\/08\\\/kicillof-mantuvo-una-reunion-de-trabajo-con-intendentes-del-frente-de-todos-de-la-tercera-seccion\\\/\",\"name\":\"Kicillof mantuvo una reuni\u00f3n de trabajo con intendentes del Frente de Todos de la Tercera Secci\u00f3n - Principios\",\"isPartOf\":{\"@id\":\"https:\\\/\\\/diarioprincipios.com\\\/#website\"},\"primaryImageOfPage\":{\"@id\":\"https:\\\/\\\/diarioprincipios.com\\\/index.php\\\/2021\\\/02\\\/08\\\/kicillof-mantuvo-una-reunion-de-trabajo-con-intendentes-del-frente-de-todos-de-la-tercera-seccion\\\/#primaryimage\"},\"image\":{\"@id\":\"https:\\\/\\\/diarioprincipios.com\\\/index.php\\\/2021\\\/02\\\/08\\\/kicillof-mantuvo-una-reunion-de-trabajo-con-intendentes-del-frente-de-todos-de-la-tercera-seccion\\\/#primaryimage\"},\"thumbnailUrl\":\"https:\\\/\\\/diarioprincipios.com\\\/wp-content\\\/uploads\\\/2021\\\/02\\\/20210208_175445.jpg\",\"datePublished\":\"2021-02-08T20:54:19+00:00\",\"dateModified\":\"2021-02-08T20:55:37+00:00\",\"breadcrumb\":{\"@id\":\"https:\\\/\\\/diarioprincipios.com\\\/index.php\\\/2021\\\/02\\\/08\\\/kicillof-mantuvo-una-reunion-de-trabajo-con-intendentes-del-frente-de-todos-de-la-tercera-seccion\\\/#breadcrumb\"},\"inLanguage\":\"es\",\"potentialAction\":[{\"@type\":\"ReadAction\",\"target\":[\"https:\\\/\\\/diarioprincipios.com\\\/index.php\\\/2021\\\/02\\\/08\\\/kicillof-mantuvo-una-reunion-de-trabajo-con-intendentes-del-frente-de-todos-de-la-tercera-seccion\\\/\"]}]},{\"@type\":\"ImageObject\",\"inLanguage\":\"es\",\"@id\":\"https:\\\/\\\/diarioprincipios.com\\\/index.php\\\/2021\\\/02\\\/08\\\/kicillof-mantuvo-una-reunion-de-trabajo-con-intendentes-del-frente-de-todos-de-la-tercera-seccion\\\/#primaryimage\",\"url\":\"https:\\\/\\\/diarioprincipios.com\\\/wp-content\\\/uploads\\\/2021\\\/02\\\/20210208_175445.jpg\",\"contentUrl\":\"https:\\\/\\\/diarioprincipios.com\\\/wp-content\\\/uploads\\\/2021\\\/02\\\/20210208_175445.jpg\",\"width\":510,\"height\":284},{\"@type\":\"BreadcrumbList\",\"@id\":\"https:\\\/\\\/diarioprincipios.com\\\/index.php\\\/2021\\\/02\\\/08\\\/kicillof-mantuvo-una-reunion-de-trabajo-con-intendentes-del-frente-de-todos-de-la-tercera-seccion\\\/#breadcrumb\",\"itemListElement\":[{\"@type\":\"ListItem\",\"position\":1,\"name\":\"Portada\",\"item\":\"https:\\\/\\\/diarioprincipios.com\\\/\"},{\"@type\":\"ListItem\",\"position\":2,\"name\":\"Kicillof mantuvo una reuni\u00f3n de trabajo con intendentes del Frente de Todos de la Tercera Secci\u00f3n\"}]},{\"@type\":\"WebSite\",\"@id\":\"https:\\\/\\\/diarioprincipios.com\\\/#website\",\"url\":\"https:\\\/\\\/diarioprincipios.com\\\/\",\"name\":\"Principios\",\"description\":\"Principios Diario\",\"publisher\":{\"@id\":\"https:\\\/\\\/diarioprincipios.com\\\/#organization\"},\"potentialAction\":[{\"@type\":\"SearchAction\",\"target\":{\"@type\":\"EntryPoint\",\"urlTemplate\":\"https:\\\/\\\/diarioprincipios.com\\\/?s={search_term_string}\"},\"query-input\":{\"@type\":\"PropertyValueSpecification\",\"valueRequired\":true,\"valueName\":\"search_term_string\"}}],\"inLanguage\":\"es\"},{\"@type\":\"Organization\",\"@id\":\"https:\\\/\\\/diarioprincipios.com\\\/#organization\",\"name\":\"Principios\",\"url\":\"https:\\\/\\\/diarioprincipios.com\\\/\",\"logo\":{\"@type\":\"ImageObject\",\"inLanguage\":\"es\",\"@id\":\"https:\\\/\\\/diarioprincipios.com\\\/#\\\/schema\\\/logo\\\/image\\\/\",\"url\":\"https:\\\/\\\/diarioprincipios.com\\\/wp-content\\\/uploads\\\/2024\\\/04\\\/cropped-www.diarioprincipios.com_-1.png\",\"contentUrl\":\"https:\\\/\\\/diarioprincipios.com\\\/wp-content\\\/uploads\\\/2024\\\/04\\\/cropped-www.diarioprincipios.com_-1.png\",\"width\":5325,\"height\":1454,\"caption\":\"Principios\"},\"image\":{\"@id\":\"https:\\\/\\\/diarioprincipios.com\\\/#\\\/schema\\\/logo\\\/image\\\/\"}},{\"@type\":\"Person\",\"@id\":\"https:\\\/\\\/diarioprincipios.com\\\/#\\\/schema\\\/person\\\/436d5a1fd41a5e250e23ff5a6a7cb080\",\"name\":\"Hern\u00e1n L\u00f3pez\",\"image\":{\"@type\":\"ImageObject\",\"inLanguage\":\"es\",\"@id\":\"https:\\\/\\\/diarioprincipios.com\\\/wp-content\\\/litespeed\\\/avatar\\\/11ddfe5610ff3bd100522525b2571f48.jpg?ver=1777048341\",\"url\":\"https:\\\/\\\/diarioprincipios.com\\\/wp-content\\\/litespeed\\\/avatar\\\/11ddfe5610ff3bd100522525b2571f48.jpg?ver=1777048341\",\"contentUrl\":\"https:\\\/\\\/diarioprincipios.com\\\/wp-content\\\/litespeed\\\/avatar\\\/11ddfe5610ff3bd100522525b2571f48.jpg?ver=1777048341\",\"caption\":\"Hern\u00e1n L\u00f3pez\"},\"url\":\"https:\\\/\\\/diarioprincipios.com\\\/index.php\\\/author\\\/hernan\\\/\"}]}<\/script>\n<!-- \/ Yoast SEO plugin. -->","yoast_head_json":{"title":"Kicillof mantuvo una reuni\u00f3n de trabajo con intendentes del Frente de Todos de la Tercera Secci\u00f3n - Principios","robots":{"index":"index","follow":"follow","max-snippet":"max-snippet:-1","max-image-preview":"max-image-preview:large","max-video-preview":"max-video-preview:-1"},"canonical":"https:\/\/diarioprincipios.com\/index.php\/2021\/02\/08\/kicillof-mantuvo-una-reunion-de-trabajo-con-intendentes-del-frente-de-todos-de-la-tercera-seccion\/","og_locale":"es_ES","og_type":"article","og_title":"Kicillof mantuvo una reuni\u00f3n de trabajo con intendentes del Frente de Todos de la Tercera Secci\u00f3n - Principios","og_description":"El gobernador bonaerense, Axel Kicillof, analiz\u00f3 hoy la situaci\u00f3n epidemiol\u00f3gica de la provincia con intendentes del Frente de Todos de la Tercera Secci\u00f3n Electoral, con los que tambi\u00e9n evalu\u00f3 la preparaci\u00f3n de las escuelas para comenzar las clases presenciales el 1\u00b0 de marzo pr\u00f3ximo. Seg\u00fan se inform\u00f3 oficialmente, durante el encuentro de trabajo que se...","og_url":"https:\/\/diarioprincipios.com\/index.php\/2021\/02\/08\/kicillof-mantuvo-una-reunion-de-trabajo-con-intendentes-del-frente-de-todos-de-la-tercera-seccion\/","og_site_name":"Principios","article_published_time":"2021-02-08T20:54:19+00:00","article_modified_time":"2021-02-08T20:55:37+00:00","og_image":[{"width":510,"height":284,"url":"https:\/\/diarioprincipios.com\/wp-content\/uploads\/2021\/02\/20210208_175445.jpg","type":"image\/jpeg"}],"author":"Hern\u00e1n L\u00f3pez","twitter_card":"summary_large_image","twitter_misc":{"Escrito por":"Hern\u00e1n L\u00f3pez","Tiempo de lectura":"2 minutos"},"schema":{"@context":"https:\/\/schema.org","@graph":[{"@type":"Article","@id":"https:\/\/diarioprincipios.com\/index.php\/2021\/02\/08\/kicillof-mantuvo-una-reunion-de-trabajo-con-intendentes-del-frente-de-todos-de-la-tercera-seccion\/#article","isPartOf":{"@id":"https:\/\/diarioprincipios.com\/index.php\/2021\/02\/08\/kicillof-mantuvo-una-reunion-de-trabajo-con-intendentes-del-frente-de-todos-de-la-tercera-seccion\/"},"author":{"name":"Hern\u00e1n L\u00f3pez","@id":"https:\/\/diarioprincipios.com\/#\/schema\/person\/436d5a1fd41a5e250e23ff5a6a7cb080"},"headline":"Kicillof mantuvo una reuni\u00f3n de trabajo con intendentes del Frente de Todos de la Tercera Secci\u00f3n","datePublished":"2021-02-08T20:54:19+00:00","dateModified":"2021-02-08T20:55:37+00:00","mainEntityOfPage":{"@id":"https:\/\/diarioprincipios.com\/index.php\/2021\/02\/08\/kicillof-mantuvo-una-reunion-de-trabajo-con-intendentes-del-frente-de-todos-de-la-tercera-seccion\/"},"wordCount":489,"commentCount":0,"publisher":{"@id":"https:\/\/diarioprincipios.com\/#organization"},"image":{"@id":"https:\/\/diarioprincipios.com\/index.php\/2021\/02\/08\/kicillof-mantuvo-una-reunion-de-trabajo-con-intendentes-del-frente-de-todos-de-la-tercera-seccion\/#primaryimage"},"thumbnailUrl":"https:\/\/diarioprincipios.com\/wp-content\/uploads\/2021\/02\/20210208_175445.jpg","articleSection":["Provincia"],"inLanguage":"es","potentialAction":[{"@type":"CommentAction","name":"Comment","target":["https:\/\/diarioprincipios.com\/index.php\/2021\/02\/08\/kicillof-mantuvo-una-reunion-de-trabajo-con-intendentes-del-frente-de-todos-de-la-tercera-seccion\/#respond"]}]},{"@type":"WebPage","@id":"https:\/\/diarioprincipios.com\/index.php\/2021\/02\/08\/kicillof-mantuvo-una-reunion-de-trabajo-con-intendentes-del-frente-de-todos-de-la-tercera-seccion\/","url":"https:\/\/diarioprincipios.com\/index.php\/2021\/02\/08\/kicillof-mantuvo-una-reunion-de-trabajo-con-intendentes-del-frente-de-todos-de-la-tercera-seccion\/","name":"Kicillof mantuvo una reuni\u00f3n de trabajo con intendentes del Frente de Todos de la Tercera Secci\u00f3n - Principios","isPartOf":{"@id":"https:\/\/diarioprincipios.com\/#website"},"primaryImageOfPage":{"@id":"https:\/\/diarioprincipios.com\/index.php\/2021\/02\/08\/kicillof-mantuvo-una-reunion-de-trabajo-con-intendentes-del-frente-de-todos-de-la-tercera-seccion\/#primaryimage"},"image":{"@id":"https:\/\/diarioprincipios.com\/index.php\/2021\/02\/08\/kicillof-mantuvo-una-reunion-de-trabajo-con-intendentes-del-frente-de-todos-de-la-tercera-seccion\/#primaryimage"},"thumbnailUrl":"https:\/\/diarioprincipios.com\/wp-content\/uploads\/2021\/02\/20210208_175445.jpg","datePublished":"2021-02-08T20:54:19+00:00","dateModified":"2021-02-08T20:55:37+00:00","breadcrumb":{"@id":"https:\/\/diarioprincipios.com\/index.php\/2021\/02\/08\/kicillof-mantuvo-una-reunion-de-trabajo-con-intendentes-del-frente-de-todos-de-la-tercera-seccion\/#breadcrumb"},"inLanguage":"es","potentialAction":[{"@type":"ReadAction","target":["https:\/\/diarioprincipios.com\/index.php\/2021\/02\/08\/kicillof-mantuvo-una-reunion-de-trabajo-con-intendentes-del-frente-de-todos-de-la-tercera-seccion\/"]}]},{"@type":"ImageObject","inLanguage":"es","@id":"https:\/\/diarioprincipios.com\/index.php\/2021\/02\/08\/kicillof-mantuvo-una-reunion-de-trabajo-con-intendentes-del-frente-de-todos-de-la-tercera-seccion\/#primaryimage","url":"https:\/\/diarioprincipios.com\/wp-content\/uploads\/2021\/02\/20210208_175445.jpg","contentUrl":"https:\/\/diarioprincipios.com\/wp-content\/uploads\/2021\/02\/20210208_175445.jpg","width":510,"height":284},{"@type":"BreadcrumbList","@id":"https:\/\/diarioprincipios.com\/index.php\/2021\/02\/08\/kicillof-mantuvo-una-reunion-de-trabajo-con-intendentes-del-frente-de-todos-de-la-tercera-seccion\/#breadcrumb","itemListElement":[{"@type":"ListItem","position":1,"name":"Portada","item":"https:\/\/diarioprincipios.com\/"},{"@type":"ListItem","position":2,"name":"Kicillof mantuvo una reuni\u00f3n de trabajo con intendentes del Frente de Todos de la Tercera Secci\u00f3n"}]},{"@type":"WebSite","@id":"https:\/\/diarioprincipios.com\/#website","url":"https:\/\/diarioprincipios.com\/","name":"Principios","description":"Principios Diario","publisher":{"@id":"https:\/\/diarioprincipios.com\/#organization"},"potentialAction":[{"@type":"SearchAction","target":{"@type":"EntryPoint","urlTemplate":"https:\/\/diarioprincipios.com\/?s={search_term_string}"},"query-input":{"@type":"PropertyValueSpecification","valueRequired":true,"valueName":"search_term_string"}}],"inLanguage":"es"},{"@type":"Organization","@id":"https:\/\/diarioprincipios.com\/#organization","name":"Principios","url":"https:\/\/diarioprincipios.com\/","logo":{"@type":"ImageObject","inLanguage":"es","@id":"https:\/\/diarioprincipios.com\/#\/schema\/logo\/image\/","url":"https:\/\/diarioprincipios.com\/wp-content\/uploads\/2024\/04\/cropped-www.diarioprincipios.com_-1.png","contentUrl":"https:\/\/diarioprincipios.com\/wp-content\/uploads\/2024\/04\/cropped-www.diarioprincipios.com_-1.png","width":5325,"height":1454,"caption":"Principios"},"image":{"@id":"https:\/\/diarioprincipios.com\/#\/schema\/logo\/image\/"}},{"@type":"Person","@id":"https:\/\/diarioprincipios.com\/#\/schema\/person\/436d5a1fd41a5e250e23ff5a6a7cb080","name":"Hern\u00e1n L\u00f3pez","image":{"@type":"ImageObject","inLanguage":"es","@id":"https:\/\/diarioprincipios.com\/wp-content\/litespeed\/avatar\/11ddfe5610ff3bd100522525b2571f48.jpg?ver=1777048341","url":"https:\/\/diarioprincipios.com\/wp-content\/litespeed\/avatar\/11ddfe5610ff3bd100522525b2571f48.jpg?ver=1777048341","contentUrl":"https:\/\/diarioprincipios.com\/wp-content\/litespeed\/avatar\/11ddfe5610ff3bd100522525b2571f48.jpg?ver=1777048341","caption":"Hern\u00e1n L\u00f3pez"},"url":"https:\/\/diarioprincipios.com\/index.php\/author\/hernan\/"}]}},"jetpack_featured_media_url":"https:\/\/diarioprincipios.com\/wp-content\/uploads\/2021\/02\/20210208_175445.jpg","_links":{"self":[{"href":"https:\/\/diarioprincipios.com\/index.php\/wp-json\/wp\/v2\/posts\/8508","targetHints":{"allow":["GET"]}}],"collection":[{"href":"https:\/\/diarioprincipios.com\/index.php\/wp-json\/wp\/v2\/posts"}],"about":[{"href":"https:\/\/diarioprincipios.com\/index.php\/wp-json\/wp\/v2\/types\/post"}],"author":[{"embeddable":true,"href":"https:\/\/diarioprincipios.com\/index.php\/wp-json\/wp\/v2\/users\/2"}],"replies":[{"embeddable":true,"href":"https:\/\/diarioprincipios.com\/index.php\/wp-json\/wp\/v2\/comments?post=8508"}],"version-history":[{"count":1,"href":"https:\/\/diarioprincipios.com\/index.php\/wp-json\/wp\/v2\/posts\/8508\/revisions"}],"predecessor-version":[{"id":8510,"href":"https:\/\/diarioprincipios.com\/index.php\/wp-json\/wp\/v2\/posts\/8508\/revisions\/8510"}],"wp:featuredmedia":[{"embeddable":true,"href":"https:\/\/diarioprincipios.com\/index.php\/wp-json\/wp\/v2\/media\/8511"}],"wp:attachment":[{"href":"https:\/\/diarioprincipios.com\/index.php\/wp-json\/wp\/v2\/media?parent=8508"}],"wp:term":[{"taxonomy":"category","embeddable":true,"href":"https:\/\/diarioprincipios.com\/index.php\/wp-json\/wp\/v2\/categories?post=8508"},{"taxonomy":"post_tag","embeddable":true,"href":"https:\/\/diarioprincipios.com\/index.php\/wp-json\/wp\/v2\/tags?post=8508"}],"curies":[{"name":"wp","href":"https:\/\/api.w.org\/{rel}","templated":true}]}}