{"id":8410,"date":"2021-01-31T18:12:21","date_gmt":"2021-01-31T21:12:21","guid":{"rendered":"http:\/\/diarioprincipios.com\/?p=8410"},"modified":"2021-01-31T18:12:26","modified_gmt":"2021-01-31T21:12:26","slug":"la-municipalidad-de-quilmes-lleva-adelante-un-operativo-en-la-ribera-ante-la-crecida-del-rio","status":"publish","type":"post","link":"https:\/\/diarioprincipios.com\/index.php\/2021\/01\/31\/la-municipalidad-de-quilmes-lleva-adelante-un-operativo-en-la-ribera-ante-la-crecida-del-rio\/","title":{"rendered":"La Municipalidad de Quilmes lleva adelante un Operativo en la Ribera ante la crecida del R\u00edo"},"content":{"rendered":"\n<p>Distintas \u00e1reas del Municipio de Quilmes est\u00e1n llevando adelante un operativo de contingencia en La Ribera por la crecida del R\u00edo de La Plata, las lluvias fuertes y los eventos con r\u00e1fagas de vientos que se est\u00e1n sucediendo. Adem\u00e1s, se est\u00e1n asistiendo a los vecinos y vecinas de la zona para evitar cualquier inconveniente.\u00a0\u00a0<\/p>\n\n\n\n<p>\u201cSeguimos trabajando. Hay una alerta para las 8 de la noche del d\u00eda de hoy, pero el agua ya ha bajado. Ayer lleg\u00f3 a m\u00e1s de 3.10 metros, y gener\u00f3 que muchas zonas de este barrio hayan quedado afectadas. Estuvimos durante toda la noche: Defensa Civil del Municipio de Quilmes, el \u00e1rea de Servicios P\u00fablicos, Bomberos Voluntarios de Quilmes y otros destacamentos, SAME, todas las \u00e1reas trabajando mancomunadamente para poder asistir a las familias. Y as\u00ed fue como sacamos durante la noche varias personas, varias familias, algunas se autoevacuaron en casas de familiares, y otras est\u00e1n evacuados en dos centros de evacuados del municipio donde est\u00e1n recibiendo todo lo que necesitan, y esperando que baje el agua, que cese el viento, para poder regresar a sus casas\u201d, expres\u00f3 Mayra.&nbsp;<\/p>\n\n\n\n<p>\u201cDurante el d\u00eda de hoy vamos a estar entregando a las familias m\u00e1s afectadas de este barrio kits de limpieza, y durante el mediod\u00eda tambi\u00e9n el almuerzo, para que puedan limpiar su casa. Obviamente que se pierden cosas important\u00edsimas, todo el esfuerzo de todos los d\u00edas de los trabajadores de este barrio, cuando lamentablemente sale el R\u00edo y hay sudestada, se ven afectadas sus vidas. As\u00ed que una est\u00e1 para acompa\u00f1ar, y hacerlo en este momento que m\u00e1s necesitan ayuda\u201d, sostuvo la Intendenta.\u00a0<\/p>\n\n\n\n<figure class=\"wp-block-image size-large\"><img loading=\"lazy\" decoding=\"async\" width=\"1024\" height=\"682\" src=\"https:\/\/diarioprincipios.com\/wp-content\/uploads\/2021\/01\/Operativo-Ribera-5.jpg\" alt=\"\" class=\"wp-image-8411\" srcset=\"https:\/\/diarioprincipios.com\/wp-content\/uploads\/2021\/01\/Operativo-Ribera-5.jpg 1024w, https:\/\/diarioprincipios.com\/wp-content\/uploads\/2021\/01\/Operativo-Ribera-5-300x200.jpg 300w, https:\/\/diarioprincipios.com\/wp-content\/uploads\/2021\/01\/Operativo-Ribera-5-768x512.jpg 768w\" sizes=\"auto, (max-width: 1024px) 100vw, 1024px\" \/><\/figure>\n\n\n\n<p>En horas de la ma\u00f1ana, la Jefa Comunal mantuvo un encuentro en la Municipalidad de Quilmes junto al secretario de Servicios P\u00fablicos, \u00c1ngel Garc\u00eda, la secretaria de Ni\u00f1ez y Desarrollo Social, Florencia Di Tullio, y el subsecretario de Emergencias y Protecci\u00f3n Civil y Tr\u00e1nsito de Quilmes, Silvio Sarti, con quienes coordin\u00f3 los pasos a seguir, evaluando la situaci\u00f3n clim\u00e1tica de la ciudad y el trabajo realizado entre ayer y hoy en toda la zona de la Ribera.\u00a0<\/p>\n\n\n\n<p>Luego, y al igual que ayer, la intendenta estuvo recorriendo la zona y coordinando junto a trabajadores y trabajadoras de la Municipalidad, Defensa Civil y Bomberos Voluntarios las acciones para amortiguar el impacto de las crecidas y las fuertes lluvias. De la recorrida particip\u00f3 el senador provincial del Frente de Todos, Emmanuel Gonz\u00e1lez Santalla.&nbsp;<\/p>\n\n\n\n<p>El Municipio reparti\u00f3 durante el mediod\u00eda kits de limpieza a los vecinos, los cuales contienen: balde, trapo de piso, dos lavandinas granuladas de 10 litros, repelente, secador, palita, jab\u00f3n blanco y de tocador. Y se realizaron viandas preparadas para repartir 800 raciones de comida. A su vez, se contin\u00faa trabajando en la limpieza de los distintos arroyos.&nbsp;<\/p>\n\n\n\n<p>Hasta el momento hay 16 evacuados por el temporal, los cuales est\u00e1n albergados en dos centros de evacuados: el CIC Santo Domingo, ubicado en Bermejo 1099, Bernal Oeste, y el Club Bernal Sur, en Labard\u00e9n 527.&nbsp;<\/p>\n\n\n\n<p>Se les recuerda a los vecinos y vecinas los siguientes n\u00fameros \u00fatiles a los que pueden llamar ante cualquier emergencia:&nbsp;&nbsp;<\/p>\n\n\n\n<p>0800-999-5656: Atenci\u00f3n a la Comunidad&nbsp;<\/p>\n\n\n\n<p>100: Bomberos&nbsp;<\/p>\n\n\n\n<p>103: Defensa Civil Quilmes<\/p>\n\n\n\n<p>107: SAME&nbsp;<\/p>\n\n\n\n<p>147: Seguridad Ciudadana&nbsp;<\/p>\n\n\n\n<p>911: Emergencias<\/p>\n\n\n\n<figure class=\"wp-block-image\"><img decoding=\"async\" src=\"https:\/\/ecp.yusercontent.com\/mail?url=https%3A%2F%2Fdrive.google.com%2Fa%2Fquilmescomunicacion.com%2Fuc%3Fid%3D1JBmJlv13sBdu5mBqMd_bFkTzH3dqijp8%26export%3Ddownload&amp;t=1612115848&amp;ymreqid=5799fcab-b43d-2794-2215-ee0001015400&amp;sig=16aLWtj3D3WIi2wU6bXz.w--~D\" alt=\"\"\/><\/figure>\n\n\n\n<figure class=\"wp-block-image\"><img decoding=\"async\" src=\"https:\/\/ecp.yusercontent.com\/mail?url=https%3A%2F%2Fdrive.google.com%2Fa%2Fquilmescomunicacion.com%2Fuc%3Fid%3D1Tba2eYIwvCdvE_9qcdvQQlLvwEtulDhF%26export%3Ddownload&amp;t=1612115848&amp;ymreqid=5799fcab-b43d-2794-2215-ee0001015400&amp;sig=Javl86LuBCyuV4CiTg8DEQ--~D\" alt=\"\"\/><\/figure>\n\n\n\n<figure class=\"wp-block-table\"><table><tbody><tr><td><a rel=\"noreferrer noopener\" target=\"_blank\" href=\"http:\/\/www.avg.com\/email-signature?utm_medium=email&amp;utm_source=link&amp;utm_campaign=sig-email&amp;utm_content=webmail\"><\/a><\/td><td>Libre de virus.&nbsp;<a rel=\"noreferrer noopener\" target=\"_blank\" href=\"http:\/\/www.avg.com\/email-signature?utm_medium=email&amp;utm_source=link&amp;utm_campaign=sig-email&amp;utm_content=webmail\">www.avg.com<\/a><\/td><\/tr><\/tbody><\/table><\/figure>\n","protected":false},"excerpt":{"rendered":"<p>Distintas \u00e1reas del Municipio de Quilmes est\u00e1n llevando adelante un operativo de contingencia en La Ribera por la crecida del R\u00edo de La Plata, las lluvias fuertes y los eventos con r\u00e1fagas de vientos que se est\u00e1n sucediendo. Adem\u00e1s, se est\u00e1n asistiendo a los vecinos y vecinas de la zona para evitar cualquier inconveniente.\u00a0\u00a0 \u201cSeguimos&#8230;<\/p>\n","protected":false},"author":2,"featured_media":8412,"comment_status":"open","ping_status":"open","sticky":false,"template":"","format":"standard","meta":{"footnotes":""},"categories":[4],"tags":[],"class_list":["post-8410","post","type-post","status-publish","format-standard","has-post-thumbnail","hentry","category-quilmes"],"featured_image_src":"https:\/\/diarioprincipios.com\/wp-content\/uploads\/2021\/01\/20210131_180929.jpg","blog_images":{"medium":"https:\/\/diarioprincipios.com\/wp-content\/uploads\/2021\/01\/20210131_180929-300x183.jpg","large":"https:\/\/diarioprincipios.com\/wp-content\/uploads\/2021\/01\/20210131_180929.jpg"},"ams_acf":[],"yoast_head":"<!-- This site is optimized with the Yoast SEO plugin v27.3 - https:\/\/yoast.com\/product\/yoast-seo-wordpress\/ -->\n<title>La Municipalidad de Quilmes lleva adelante un Operativo en la Ribera ante la crecida del R\u00edo - Principios<\/title>\n<meta name=\"robots\" content=\"index, follow, max-snippet:-1, max-image-preview:large, max-video-preview:-1\" \/>\n<link rel=\"canonical\" href=\"https:\/\/diarioprincipios.com\/index.php\/2021\/01\/31\/la-municipalidad-de-quilmes-lleva-adelante-un-operativo-en-la-ribera-ante-la-crecida-del-rio\/\" \/>\n<meta property=\"og:locale\" content=\"es_ES\" \/>\n<meta property=\"og:type\" content=\"article\" \/>\n<meta property=\"og:title\" content=\"La Municipalidad de Quilmes lleva adelante un Operativo en la Ribera ante la crecida del R\u00edo - Principios\" \/>\n<meta property=\"og:description\" content=\"Distintas \u00e1reas del Municipio de Quilmes est\u00e1n llevando adelante un operativo de contingencia en La Ribera por la crecida del R\u00edo de La Plata, las lluvias fuertes y los eventos con r\u00e1fagas de vientos que se est\u00e1n sucediendo. Adem\u00e1s, se est\u00e1n asistiendo a los vecinos y vecinas de la zona para evitar cualquier inconveniente.\u00a0\u00a0 \u201cSeguimos...\" \/>\n<meta property=\"og:url\" content=\"https:\/\/diarioprincipios.com\/index.php\/2021\/01\/31\/la-municipalidad-de-quilmes-lleva-adelante-un-operativo-en-la-ribera-ante-la-crecida-del-rio\/\" \/>\n<meta property=\"og:site_name\" content=\"Principios\" \/>\n<meta property=\"article:published_time\" content=\"2021-01-31T21:12:21+00:00\" \/>\n<meta property=\"article:modified_time\" content=\"2021-01-31T21:12:26+00:00\" \/>\n<meta property=\"og:image\" content=\"https:\/\/diarioprincipios.com\/wp-content\/uploads\/2021\/01\/20210131_180929.jpg\" \/>\n\t<meta property=\"og:image:width\" content=\"998\" \/>\n\t<meta property=\"og:image:height\" content=\"608\" \/>\n\t<meta property=\"og:image:type\" content=\"image\/jpeg\" \/>\n<meta name=\"author\" content=\"Hern\u00e1n L\u00f3pez\" \/>\n<meta name=\"twitter:card\" content=\"summary_large_image\" \/>\n<meta name=\"twitter:label1\" content=\"Escrito por\" \/>\n\t<meta name=\"twitter:data1\" content=\"Hern\u00e1n L\u00f3pez\" \/>\n\t<meta name=\"twitter:label2\" content=\"Tiempo de lectura\" \/>\n\t<meta name=\"twitter:data2\" content=\"3 minutos\" \/>\n<script type=\"application\/ld+json\" class=\"yoast-schema-graph\">{\"@context\":\"https:\\\/\\\/schema.org\",\"@graph\":[{\"@type\":\"Article\",\"@id\":\"https:\\\/\\\/diarioprincipios.com\\\/index.php\\\/2021\\\/01\\\/31\\\/la-municipalidad-de-quilmes-lleva-adelante-un-operativo-en-la-ribera-ante-la-crecida-del-rio\\\/#article\",\"isPartOf\":{\"@id\":\"https:\\\/\\\/diarioprincipios.com\\\/index.php\\\/2021\\\/01\\\/31\\\/la-municipalidad-de-quilmes-lleva-adelante-un-operativo-en-la-ribera-ante-la-crecida-del-rio\\\/\"},\"author\":{\"name\":\"Hern\u00e1n L\u00f3pez\",\"@id\":\"https:\\\/\\\/diarioprincipios.com\\\/#\\\/schema\\\/person\\\/436d5a1fd41a5e250e23ff5a6a7cb080\"},\"headline\":\"La Municipalidad de Quilmes lleva adelante un Operativo en la Ribera ante la crecida del R\u00edo\",\"datePublished\":\"2021-01-31T21:12:21+00:00\",\"dateModified\":\"2021-01-31T21:12:26+00:00\",\"mainEntityOfPage\":{\"@id\":\"https:\\\/\\\/diarioprincipios.com\\\/index.php\\\/2021\\\/01\\\/31\\\/la-municipalidad-de-quilmes-lleva-adelante-un-operativo-en-la-ribera-ante-la-crecida-del-rio\\\/\"},\"wordCount\":587,\"commentCount\":0,\"publisher\":{\"@id\":\"https:\\\/\\\/diarioprincipios.com\\\/#organization\"},\"image\":{\"@id\":\"https:\\\/\\\/diarioprincipios.com\\\/index.php\\\/2021\\\/01\\\/31\\\/la-municipalidad-de-quilmes-lleva-adelante-un-operativo-en-la-ribera-ante-la-crecida-del-rio\\\/#primaryimage\"},\"thumbnailUrl\":\"https:\\\/\\\/diarioprincipios.com\\\/wp-content\\\/uploads\\\/2021\\\/01\\\/20210131_180929.jpg\",\"articleSection\":[\"Quilmes\"],\"inLanguage\":\"es\",\"potentialAction\":[{\"@type\":\"CommentAction\",\"name\":\"Comment\",\"target\":[\"https:\\\/\\\/diarioprincipios.com\\\/index.php\\\/2021\\\/01\\\/31\\\/la-municipalidad-de-quilmes-lleva-adelante-un-operativo-en-la-ribera-ante-la-crecida-del-rio\\\/#respond\"]}]},{\"@type\":\"WebPage\",\"@id\":\"https:\\\/\\\/diarioprincipios.com\\\/index.php\\\/2021\\\/01\\\/31\\\/la-municipalidad-de-quilmes-lleva-adelante-un-operativo-en-la-ribera-ante-la-crecida-del-rio\\\/\",\"url\":\"https:\\\/\\\/diarioprincipios.com\\\/index.php\\\/2021\\\/01\\\/31\\\/la-municipalidad-de-quilmes-lleva-adelante-un-operativo-en-la-ribera-ante-la-crecida-del-rio\\\/\",\"name\":\"La Municipalidad de Quilmes lleva adelante un Operativo en la Ribera ante la crecida del R\u00edo - Principios\",\"isPartOf\":{\"@id\":\"https:\\\/\\\/diarioprincipios.com\\\/#website\"},\"primaryImageOfPage\":{\"@id\":\"https:\\\/\\\/diarioprincipios.com\\\/index.php\\\/2021\\\/01\\\/31\\\/la-municipalidad-de-quilmes-lleva-adelante-un-operativo-en-la-ribera-ante-la-crecida-del-rio\\\/#primaryimage\"},\"image\":{\"@id\":\"https:\\\/\\\/diarioprincipios.com\\\/index.php\\\/2021\\\/01\\\/31\\\/la-municipalidad-de-quilmes-lleva-adelante-un-operativo-en-la-ribera-ante-la-crecida-del-rio\\\/#primaryimage\"},\"thumbnailUrl\":\"https:\\\/\\\/diarioprincipios.com\\\/wp-content\\\/uploads\\\/2021\\\/01\\\/20210131_180929.jpg\",\"datePublished\":\"2021-01-31T21:12:21+00:00\",\"dateModified\":\"2021-01-31T21:12:26+00:00\",\"breadcrumb\":{\"@id\":\"https:\\\/\\\/diarioprincipios.com\\\/index.php\\\/2021\\\/01\\\/31\\\/la-municipalidad-de-quilmes-lleva-adelante-un-operativo-en-la-ribera-ante-la-crecida-del-rio\\\/#breadcrumb\"},\"inLanguage\":\"es\",\"potentialAction\":[{\"@type\":\"ReadAction\",\"target\":[\"https:\\\/\\\/diarioprincipios.com\\\/index.php\\\/2021\\\/01\\\/31\\\/la-municipalidad-de-quilmes-lleva-adelante-un-operativo-en-la-ribera-ante-la-crecida-del-rio\\\/\"]}]},{\"@type\":\"ImageObject\",\"inLanguage\":\"es\",\"@id\":\"https:\\\/\\\/diarioprincipios.com\\\/index.php\\\/2021\\\/01\\\/31\\\/la-municipalidad-de-quilmes-lleva-adelante-un-operativo-en-la-ribera-ante-la-crecida-del-rio\\\/#primaryimage\",\"url\":\"https:\\\/\\\/diarioprincipios.com\\\/wp-content\\\/uploads\\\/2021\\\/01\\\/20210131_180929.jpg\",\"contentUrl\":\"https:\\\/\\\/diarioprincipios.com\\\/wp-content\\\/uploads\\\/2021\\\/01\\\/20210131_180929.jpg\",\"width\":998,\"height\":608},{\"@type\":\"BreadcrumbList\",\"@id\":\"https:\\\/\\\/diarioprincipios.com\\\/index.php\\\/2021\\\/01\\\/31\\\/la-municipalidad-de-quilmes-lleva-adelante-un-operativo-en-la-ribera-ante-la-crecida-del-rio\\\/#breadcrumb\",\"itemListElement\":[{\"@type\":\"ListItem\",\"position\":1,\"name\":\"Portada\",\"item\":\"https:\\\/\\\/diarioprincipios.com\\\/\"},{\"@type\":\"ListItem\",\"position\":2,\"name\":\"La Municipalidad de Quilmes lleva adelante un Operativo en la Ribera ante la crecida del R\u00edo\"}]},{\"@type\":\"WebSite\",\"@id\":\"https:\\\/\\\/diarioprincipios.com\\\/#website\",\"url\":\"https:\\\/\\\/diarioprincipios.com\\\/\",\"name\":\"Principios\",\"description\":\"Principios Diario\",\"publisher\":{\"@id\":\"https:\\\/\\\/diarioprincipios.com\\\/#organization\"},\"potentialAction\":[{\"@type\":\"SearchAction\",\"target\":{\"@type\":\"EntryPoint\",\"urlTemplate\":\"https:\\\/\\\/diarioprincipios.com\\\/?s={search_term_string}\"},\"query-input\":{\"@type\":\"PropertyValueSpecification\",\"valueRequired\":true,\"valueName\":\"search_term_string\"}}],\"inLanguage\":\"es\"},{\"@type\":\"Organization\",\"@id\":\"https:\\\/\\\/diarioprincipios.com\\\/#organization\",\"name\":\"Principios\",\"url\":\"https:\\\/\\\/diarioprincipios.com\\\/\",\"logo\":{\"@type\":\"ImageObject\",\"inLanguage\":\"es\",\"@id\":\"https:\\\/\\\/diarioprincipios.com\\\/#\\\/schema\\\/logo\\\/image\\\/\",\"url\":\"https:\\\/\\\/diarioprincipios.com\\\/wp-content\\\/uploads\\\/2024\\\/04\\\/cropped-www.diarioprincipios.com_-1.png\",\"contentUrl\":\"https:\\\/\\\/diarioprincipios.com\\\/wp-content\\\/uploads\\\/2024\\\/04\\\/cropped-www.diarioprincipios.com_-1.png\",\"width\":5325,\"height\":1454,\"caption\":\"Principios\"},\"image\":{\"@id\":\"https:\\\/\\\/diarioprincipios.com\\\/#\\\/schema\\\/logo\\\/image\\\/\"}},{\"@type\":\"Person\",\"@id\":\"https:\\\/\\\/diarioprincipios.com\\\/#\\\/schema\\\/person\\\/436d5a1fd41a5e250e23ff5a6a7cb080\",\"name\":\"Hern\u00e1n L\u00f3pez\",\"image\":{\"@type\":\"ImageObject\",\"inLanguage\":\"es\",\"@id\":\"https:\\\/\\\/diarioprincipios.com\\\/wp-content\\\/litespeed\\\/avatar\\\/11ddfe5610ff3bd100522525b2571f48.jpg?ver=1777048341\",\"url\":\"https:\\\/\\\/diarioprincipios.com\\\/wp-content\\\/litespeed\\\/avatar\\\/11ddfe5610ff3bd100522525b2571f48.jpg?ver=1777048341\",\"contentUrl\":\"https:\\\/\\\/diarioprincipios.com\\\/wp-content\\\/litespeed\\\/avatar\\\/11ddfe5610ff3bd100522525b2571f48.jpg?ver=1777048341\",\"caption\":\"Hern\u00e1n L\u00f3pez\"},\"url\":\"https:\\\/\\\/diarioprincipios.com\\\/index.php\\\/author\\\/hernan\\\/\"}]}<\/script>\n<!-- \/ Yoast SEO plugin. -->","yoast_head_json":{"title":"La Municipalidad de Quilmes lleva adelante un Operativo en la Ribera ante la crecida del R\u00edo - Principios","robots":{"index":"index","follow":"follow","max-snippet":"max-snippet:-1","max-image-preview":"max-image-preview:large","max-video-preview":"max-video-preview:-1"},"canonical":"https:\/\/diarioprincipios.com\/index.php\/2021\/01\/31\/la-municipalidad-de-quilmes-lleva-adelante-un-operativo-en-la-ribera-ante-la-crecida-del-rio\/","og_locale":"es_ES","og_type":"article","og_title":"La Municipalidad de Quilmes lleva adelante un Operativo en la Ribera ante la crecida del R\u00edo - Principios","og_description":"Distintas \u00e1reas del Municipio de Quilmes est\u00e1n llevando adelante un operativo de contingencia en La Ribera por la crecida del R\u00edo de La Plata, las lluvias fuertes y los eventos con r\u00e1fagas de vientos que se est\u00e1n sucediendo. Adem\u00e1s, se est\u00e1n asistiendo a los vecinos y vecinas de la zona para evitar cualquier inconveniente.\u00a0\u00a0 \u201cSeguimos...","og_url":"https:\/\/diarioprincipios.com\/index.php\/2021\/01\/31\/la-municipalidad-de-quilmes-lleva-adelante-un-operativo-en-la-ribera-ante-la-crecida-del-rio\/","og_site_name":"Principios","article_published_time":"2021-01-31T21:12:21+00:00","article_modified_time":"2021-01-31T21:12:26+00:00","og_image":[{"width":998,"height":608,"url":"https:\/\/diarioprincipios.com\/wp-content\/uploads\/2021\/01\/20210131_180929.jpg","type":"image\/jpeg"}],"author":"Hern\u00e1n L\u00f3pez","twitter_card":"summary_large_image","twitter_misc":{"Escrito por":"Hern\u00e1n L\u00f3pez","Tiempo de lectura":"3 minutos"},"schema":{"@context":"https:\/\/schema.org","@graph":[{"@type":"Article","@id":"https:\/\/diarioprincipios.com\/index.php\/2021\/01\/31\/la-municipalidad-de-quilmes-lleva-adelante-un-operativo-en-la-ribera-ante-la-crecida-del-rio\/#article","isPartOf":{"@id":"https:\/\/diarioprincipios.com\/index.php\/2021\/01\/31\/la-municipalidad-de-quilmes-lleva-adelante-un-operativo-en-la-ribera-ante-la-crecida-del-rio\/"},"author":{"name":"Hern\u00e1n L\u00f3pez","@id":"https:\/\/diarioprincipios.com\/#\/schema\/person\/436d5a1fd41a5e250e23ff5a6a7cb080"},"headline":"La Municipalidad de Quilmes lleva adelante un Operativo en la Ribera ante la crecida del R\u00edo","datePublished":"2021-01-31T21:12:21+00:00","dateModified":"2021-01-31T21:12:26+00:00","mainEntityOfPage":{"@id":"https:\/\/diarioprincipios.com\/index.php\/2021\/01\/31\/la-municipalidad-de-quilmes-lleva-adelante-un-operativo-en-la-ribera-ante-la-crecida-del-rio\/"},"wordCount":587,"commentCount":0,"publisher":{"@id":"https:\/\/diarioprincipios.com\/#organization"},"image":{"@id":"https:\/\/diarioprincipios.com\/index.php\/2021\/01\/31\/la-municipalidad-de-quilmes-lleva-adelante-un-operativo-en-la-ribera-ante-la-crecida-del-rio\/#primaryimage"},"thumbnailUrl":"https:\/\/diarioprincipios.com\/wp-content\/uploads\/2021\/01\/20210131_180929.jpg","articleSection":["Quilmes"],"inLanguage":"es","potentialAction":[{"@type":"CommentAction","name":"Comment","target":["https:\/\/diarioprincipios.com\/index.php\/2021\/01\/31\/la-municipalidad-de-quilmes-lleva-adelante-un-operativo-en-la-ribera-ante-la-crecida-del-rio\/#respond"]}]},{"@type":"WebPage","@id":"https:\/\/diarioprincipios.com\/index.php\/2021\/01\/31\/la-municipalidad-de-quilmes-lleva-adelante-un-operativo-en-la-ribera-ante-la-crecida-del-rio\/","url":"https:\/\/diarioprincipios.com\/index.php\/2021\/01\/31\/la-municipalidad-de-quilmes-lleva-adelante-un-operativo-en-la-ribera-ante-la-crecida-del-rio\/","name":"La Municipalidad de Quilmes lleva adelante un Operativo en la Ribera ante la crecida del R\u00edo - Principios","isPartOf":{"@id":"https:\/\/diarioprincipios.com\/#website"},"primaryImageOfPage":{"@id":"https:\/\/diarioprincipios.com\/index.php\/2021\/01\/31\/la-municipalidad-de-quilmes-lleva-adelante-un-operativo-en-la-ribera-ante-la-crecida-del-rio\/#primaryimage"},"image":{"@id":"https:\/\/diarioprincipios.com\/index.php\/2021\/01\/31\/la-municipalidad-de-quilmes-lleva-adelante-un-operativo-en-la-ribera-ante-la-crecida-del-rio\/#primaryimage"},"thumbnailUrl":"https:\/\/diarioprincipios.com\/wp-content\/uploads\/2021\/01\/20210131_180929.jpg","datePublished":"2021-01-31T21:12:21+00:00","dateModified":"2021-01-31T21:12:26+00:00","breadcrumb":{"@id":"https:\/\/diarioprincipios.com\/index.php\/2021\/01\/31\/la-municipalidad-de-quilmes-lleva-adelante-un-operativo-en-la-ribera-ante-la-crecida-del-rio\/#breadcrumb"},"inLanguage":"es","potentialAction":[{"@type":"ReadAction","target":["https:\/\/diarioprincipios.com\/index.php\/2021\/01\/31\/la-municipalidad-de-quilmes-lleva-adelante-un-operativo-en-la-ribera-ante-la-crecida-del-rio\/"]}]},{"@type":"ImageObject","inLanguage":"es","@id":"https:\/\/diarioprincipios.com\/index.php\/2021\/01\/31\/la-municipalidad-de-quilmes-lleva-adelante-un-operativo-en-la-ribera-ante-la-crecida-del-rio\/#primaryimage","url":"https:\/\/diarioprincipios.com\/wp-content\/uploads\/2021\/01\/20210131_180929.jpg","contentUrl":"https:\/\/diarioprincipios.com\/wp-content\/uploads\/2021\/01\/20210131_180929.jpg","width":998,"height":608},{"@type":"BreadcrumbList","@id":"https:\/\/diarioprincipios.com\/index.php\/2021\/01\/31\/la-municipalidad-de-quilmes-lleva-adelante-un-operativo-en-la-ribera-ante-la-crecida-del-rio\/#breadcrumb","itemListElement":[{"@type":"ListItem","position":1,"name":"Portada","item":"https:\/\/diarioprincipios.com\/"},{"@type":"ListItem","position":2,"name":"La Municipalidad de Quilmes lleva adelante un Operativo en la Ribera ante la crecida del R\u00edo"}]},{"@type":"WebSite","@id":"https:\/\/diarioprincipios.com\/#website","url":"https:\/\/diarioprincipios.com\/","name":"Principios","description":"Principios Diario","publisher":{"@id":"https:\/\/diarioprincipios.com\/#organization"},"potentialAction":[{"@type":"SearchAction","target":{"@type":"EntryPoint","urlTemplate":"https:\/\/diarioprincipios.com\/?s={search_term_string}"},"query-input":{"@type":"PropertyValueSpecification","valueRequired":true,"valueName":"search_term_string"}}],"inLanguage":"es"},{"@type":"Organization","@id":"https:\/\/diarioprincipios.com\/#organization","name":"Principios","url":"https:\/\/diarioprincipios.com\/","logo":{"@type":"ImageObject","inLanguage":"es","@id":"https:\/\/diarioprincipios.com\/#\/schema\/logo\/image\/","url":"https:\/\/diarioprincipios.com\/wp-content\/uploads\/2024\/04\/cropped-www.diarioprincipios.com_-1.png","contentUrl":"https:\/\/diarioprincipios.com\/wp-content\/uploads\/2024\/04\/cropped-www.diarioprincipios.com_-1.png","width":5325,"height":1454,"caption":"Principios"},"image":{"@id":"https:\/\/diarioprincipios.com\/#\/schema\/logo\/image\/"}},{"@type":"Person","@id":"https:\/\/diarioprincipios.com\/#\/schema\/person\/436d5a1fd41a5e250e23ff5a6a7cb080","name":"Hern\u00e1n L\u00f3pez","image":{"@type":"ImageObject","inLanguage":"es","@id":"https:\/\/diarioprincipios.com\/wp-content\/litespeed\/avatar\/11ddfe5610ff3bd100522525b2571f48.jpg?ver=1777048341","url":"https:\/\/diarioprincipios.com\/wp-content\/litespeed\/avatar\/11ddfe5610ff3bd100522525b2571f48.jpg?ver=1777048341","contentUrl":"https:\/\/diarioprincipios.com\/wp-content\/litespeed\/avatar\/11ddfe5610ff3bd100522525b2571f48.jpg?ver=1777048341","caption":"Hern\u00e1n L\u00f3pez"},"url":"https:\/\/diarioprincipios.com\/index.php\/author\/hernan\/"}]}},"jetpack_featured_media_url":"https:\/\/diarioprincipios.com\/wp-content\/uploads\/2021\/01\/20210131_180929.jpg","_links":{"self":[{"href":"https:\/\/diarioprincipios.com\/index.php\/wp-json\/wp\/v2\/posts\/8410","targetHints":{"allow":["GET"]}}],"collection":[{"href":"https:\/\/diarioprincipios.com\/index.php\/wp-json\/wp\/v2\/posts"}],"about":[{"href":"https:\/\/diarioprincipios.com\/index.php\/wp-json\/wp\/v2\/types\/post"}],"author":[{"embeddable":true,"href":"https:\/\/diarioprincipios.com\/index.php\/wp-json\/wp\/v2\/users\/2"}],"replies":[{"embeddable":true,"href":"https:\/\/diarioprincipios.com\/index.php\/wp-json\/wp\/v2\/comments?post=8410"}],"version-history":[{"count":1,"href":"https:\/\/diarioprincipios.com\/index.php\/wp-json\/wp\/v2\/posts\/8410\/revisions"}],"predecessor-version":[{"id":8413,"href":"https:\/\/diarioprincipios.com\/index.php\/wp-json\/wp\/v2\/posts\/8410\/revisions\/8413"}],"wp:featuredmedia":[{"embeddable":true,"href":"https:\/\/diarioprincipios.com\/index.php\/wp-json\/wp\/v2\/media\/8412"}],"wp:attachment":[{"href":"https:\/\/diarioprincipios.com\/index.php\/wp-json\/wp\/v2\/media?parent=8410"}],"wp:term":[{"taxonomy":"category","embeddable":true,"href":"https:\/\/diarioprincipios.com\/index.php\/wp-json\/wp\/v2\/categories?post=8410"},{"taxonomy":"post_tag","embeddable":true,"href":"https:\/\/diarioprincipios.com\/index.php\/wp-json\/wp\/v2\/tags?post=8410"}],"curies":[{"name":"wp","href":"https:\/\/api.w.org\/{rel}","templated":true}]}}