{"id":8395,"date":"2021-01-30T22:50:21","date_gmt":"2021-01-31T01:50:21","guid":{"rendered":"http:\/\/diarioprincipios.com\/?p=8395"},"modified":"2021-01-30T22:50:29","modified_gmt":"2021-01-31T01:50:29","slug":"a-partir-de-febrero-el-reporte-epidemiologico-covid-19-se-emitira-una-vez-por-semana","status":"publish","type":"post","link":"https:\/\/diarioprincipios.com\/index.php\/2021\/01\/30\/a-partir-de-febrero-el-reporte-epidemiologico-covid-19-se-emitira-una-vez-por-semana\/","title":{"rendered":"A partir de febrero, el Reporte Epidemiol\u00f3gico Covid-19 se emitir\u00e1 una vez por semana"},"content":{"rendered":"\n<p>El Ministerio de Salud de la Naci\u00f3n inform\u00f3 esta noche que a partir de febrero el Reporte Epidemiol\u00f3gico Covid-19 (REC) se emitir\u00e1 una vez por semana, los martes a las 11.30 desde la Sala de Situaci\u00f3n de esa cartera.<\/p>\n\n\n\n<p>El cambio, seg\u00fan indic\u00f3 un comunicado oficial, \u00abfavorecer\u00e1 el an\u00e1lisis que se construye semanalmente sobre la situaci\u00f3n epidemiol\u00f3gica nacional\u00bb.<\/p>\n\n\n\n<p>El reporte tambi\u00e9n contar\u00e1 con el avance de la campa\u00f1a de vacunaci\u00f3n y las dosis aplicadas en todo el territorio nacional.<\/p>\n\n\n\n<p>\u00abCada reporte lo podr\u00e1n encontrar en las redes sociales del Ministerio. Usuario: msalnacion en Youtube, Facebook, Instagram y Twitter\u00bb, indic\u00f3.<\/p>\n","protected":false},"excerpt":{"rendered":"<p>El Ministerio de Salud de la Naci\u00f3n inform\u00f3 esta noche que a partir de febrero el Reporte Epidemiol\u00f3gico Covid-19 (REC) se emitir\u00e1 una vez por semana, los martes a las 11.30 desde la Sala de Situaci\u00f3n de esa cartera. El cambio, seg\u00fan indic\u00f3 un comunicado oficial, \u00abfavorecer\u00e1 el an\u00e1lisis que se construye semanalmente sobre la&#8230;<\/p>\n","protected":false},"author":2,"featured_media":8399,"comment_status":"open","ping_status":"open","sticky":false,"template":"","format":"standard","meta":{"footnotes":""},"categories":[10],"tags":[],"class_list":["post-8395","post","type-post","status-publish","format-standard","has-post-thumbnail","hentry","category-nacion"],"featured_image_src":"https:\/\/diarioprincipios.com\/wp-content\/uploads\/2021\/01\/Screenshot_20210130-224323_Chrome-2.jpg","blog_images":{"medium":"https:\/\/diarioprincipios.com\/wp-content\/uploads\/2021\/01\/Screenshot_20210130-224323_Chrome-2-300x169.jpg","large":"https:\/\/diarioprincipios.com\/wp-content\/uploads\/2021\/01\/Screenshot_20210130-224323_Chrome-2.jpg"},"ams_acf":[],"yoast_head":"<!-- This site is optimized with the Yoast SEO plugin v27.3 - https:\/\/yoast.com\/product\/yoast-seo-wordpress\/ -->\n<title>A partir de febrero, el Reporte Epidemiol\u00f3gico Covid-19 se emitir\u00e1 una vez por semana - Principios<\/title>\n<meta name=\"robots\" content=\"index, follow, max-snippet:-1, max-image-preview:large, max-video-preview:-1\" \/>\n<link rel=\"canonical\" href=\"https:\/\/diarioprincipios.com\/index.php\/2021\/01\/30\/a-partir-de-febrero-el-reporte-epidemiologico-covid-19-se-emitira-una-vez-por-semana\/\" \/>\n<meta property=\"og:locale\" content=\"es_ES\" \/>\n<meta property=\"og:type\" content=\"article\" \/>\n<meta property=\"og:title\" content=\"A partir de febrero, el Reporte Epidemiol\u00f3gico Covid-19 se emitir\u00e1 una vez por semana - Principios\" \/>\n<meta property=\"og:description\" content=\"El Ministerio de Salud de la Naci\u00f3n inform\u00f3 esta noche que a partir de febrero el Reporte Epidemiol\u00f3gico Covid-19 (REC) se emitir\u00e1 una vez por semana, los martes a las 11.30 desde la Sala de Situaci\u00f3n de esa cartera. El cambio, seg\u00fan indic\u00f3 un comunicado oficial, \u00abfavorecer\u00e1 el an\u00e1lisis que se construye semanalmente sobre la...\" \/>\n<meta property=\"og:url\" content=\"https:\/\/diarioprincipios.com\/index.php\/2021\/01\/30\/a-partir-de-febrero-el-reporte-epidemiologico-covid-19-se-emitira-una-vez-por-semana\/\" \/>\n<meta property=\"og:site_name\" content=\"Principios\" \/>\n<meta property=\"article:published_time\" content=\"2021-01-31T01:50:21+00:00\" \/>\n<meta property=\"article:modified_time\" content=\"2021-01-31T01:50:29+00:00\" \/>\n<meta property=\"og:image\" content=\"https:\/\/diarioprincipios.com\/wp-content\/uploads\/2021\/01\/Screenshot_20210130-224323_Chrome-2.jpg\" \/>\n\t<meta property=\"og:image:width\" content=\"973\" \/>\n\t<meta property=\"og:image:height\" content=\"549\" \/>\n\t<meta property=\"og:image:type\" content=\"image\/jpeg\" \/>\n<meta name=\"author\" content=\"Hern\u00e1n L\u00f3pez\" \/>\n<meta name=\"twitter:card\" content=\"summary_large_image\" \/>\n<meta name=\"twitter:label1\" content=\"Escrito por\" \/>\n\t<meta name=\"twitter:data1\" content=\"Hern\u00e1n L\u00f3pez\" \/>\n\t<meta name=\"twitter:label2\" content=\"Tiempo de lectura\" \/>\n\t<meta name=\"twitter:data2\" content=\"1 minuto\" \/>\n<script type=\"application\/ld+json\" class=\"yoast-schema-graph\">{\"@context\":\"https:\\\/\\\/schema.org\",\"@graph\":[{\"@type\":\"Article\",\"@id\":\"https:\\\/\\\/diarioprincipios.com\\\/index.php\\\/2021\\\/01\\\/30\\\/a-partir-de-febrero-el-reporte-epidemiologico-covid-19-se-emitira-una-vez-por-semana\\\/#article\",\"isPartOf\":{\"@id\":\"https:\\\/\\\/diarioprincipios.com\\\/index.php\\\/2021\\\/01\\\/30\\\/a-partir-de-febrero-el-reporte-epidemiologico-covid-19-se-emitira-una-vez-por-semana\\\/\"},\"author\":{\"name\":\"Hern\u00e1n L\u00f3pez\",\"@id\":\"https:\\\/\\\/diarioprincipios.com\\\/#\\\/schema\\\/person\\\/436d5a1fd41a5e250e23ff5a6a7cb080\"},\"headline\":\"A partir de febrero, el Reporte Epidemiol\u00f3gico Covid-19 se emitir\u00e1 una vez por semana\",\"datePublished\":\"2021-01-31T01:50:21+00:00\",\"dateModified\":\"2021-01-31T01:50:29+00:00\",\"mainEntityOfPage\":{\"@id\":\"https:\\\/\\\/diarioprincipios.com\\\/index.php\\\/2021\\\/01\\\/30\\\/a-partir-de-febrero-el-reporte-epidemiologico-covid-19-se-emitira-una-vez-por-semana\\\/\"},\"wordCount\":124,\"commentCount\":0,\"publisher\":{\"@id\":\"https:\\\/\\\/diarioprincipios.com\\\/#organization\"},\"image\":{\"@id\":\"https:\\\/\\\/diarioprincipios.com\\\/index.php\\\/2021\\\/01\\\/30\\\/a-partir-de-febrero-el-reporte-epidemiologico-covid-19-se-emitira-una-vez-por-semana\\\/#primaryimage\"},\"thumbnailUrl\":\"https:\\\/\\\/diarioprincipios.com\\\/wp-content\\\/uploads\\\/2021\\\/01\\\/Screenshot_20210130-224323_Chrome-2.jpg\",\"articleSection\":[\"Naci\u00f3n\"],\"inLanguage\":\"es\",\"potentialAction\":[{\"@type\":\"CommentAction\",\"name\":\"Comment\",\"target\":[\"https:\\\/\\\/diarioprincipios.com\\\/index.php\\\/2021\\\/01\\\/30\\\/a-partir-de-febrero-el-reporte-epidemiologico-covid-19-se-emitira-una-vez-por-semana\\\/#respond\"]}]},{\"@type\":\"WebPage\",\"@id\":\"https:\\\/\\\/diarioprincipios.com\\\/index.php\\\/2021\\\/01\\\/30\\\/a-partir-de-febrero-el-reporte-epidemiologico-covid-19-se-emitira-una-vez-por-semana\\\/\",\"url\":\"https:\\\/\\\/diarioprincipios.com\\\/index.php\\\/2021\\\/01\\\/30\\\/a-partir-de-febrero-el-reporte-epidemiologico-covid-19-se-emitira-una-vez-por-semana\\\/\",\"name\":\"A partir de febrero, el Reporte Epidemiol\u00f3gico Covid-19 se emitir\u00e1 una vez por semana - Principios\",\"isPartOf\":{\"@id\":\"https:\\\/\\\/diarioprincipios.com\\\/#website\"},\"primaryImageOfPage\":{\"@id\":\"https:\\\/\\\/diarioprincipios.com\\\/index.php\\\/2021\\\/01\\\/30\\\/a-partir-de-febrero-el-reporte-epidemiologico-covid-19-se-emitira-una-vez-por-semana\\\/#primaryimage\"},\"image\":{\"@id\":\"https:\\\/\\\/diarioprincipios.com\\\/index.php\\\/2021\\\/01\\\/30\\\/a-partir-de-febrero-el-reporte-epidemiologico-covid-19-se-emitira-una-vez-por-semana\\\/#primaryimage\"},\"thumbnailUrl\":\"https:\\\/\\\/diarioprincipios.com\\\/wp-content\\\/uploads\\\/2021\\\/01\\\/Screenshot_20210130-224323_Chrome-2.jpg\",\"datePublished\":\"2021-01-31T01:50:21+00:00\",\"dateModified\":\"2021-01-31T01:50:29+00:00\",\"breadcrumb\":{\"@id\":\"https:\\\/\\\/diarioprincipios.com\\\/index.php\\\/2021\\\/01\\\/30\\\/a-partir-de-febrero-el-reporte-epidemiologico-covid-19-se-emitira-una-vez-por-semana\\\/#breadcrumb\"},\"inLanguage\":\"es\",\"potentialAction\":[{\"@type\":\"ReadAction\",\"target\":[\"https:\\\/\\\/diarioprincipios.com\\\/index.php\\\/2021\\\/01\\\/30\\\/a-partir-de-febrero-el-reporte-epidemiologico-covid-19-se-emitira-una-vez-por-semana\\\/\"]}]},{\"@type\":\"ImageObject\",\"inLanguage\":\"es\",\"@id\":\"https:\\\/\\\/diarioprincipios.com\\\/index.php\\\/2021\\\/01\\\/30\\\/a-partir-de-febrero-el-reporte-epidemiologico-covid-19-se-emitira-una-vez-por-semana\\\/#primaryimage\",\"url\":\"https:\\\/\\\/diarioprincipios.com\\\/wp-content\\\/uploads\\\/2021\\\/01\\\/Screenshot_20210130-224323_Chrome-2.jpg\",\"contentUrl\":\"https:\\\/\\\/diarioprincipios.com\\\/wp-content\\\/uploads\\\/2021\\\/01\\\/Screenshot_20210130-224323_Chrome-2.jpg\",\"width\":973,\"height\":549},{\"@type\":\"BreadcrumbList\",\"@id\":\"https:\\\/\\\/diarioprincipios.com\\\/index.php\\\/2021\\\/01\\\/30\\\/a-partir-de-febrero-el-reporte-epidemiologico-covid-19-se-emitira-una-vez-por-semana\\\/#breadcrumb\",\"itemListElement\":[{\"@type\":\"ListItem\",\"position\":1,\"name\":\"Portada\",\"item\":\"https:\\\/\\\/diarioprincipios.com\\\/\"},{\"@type\":\"ListItem\",\"position\":2,\"name\":\"A partir de febrero, el Reporte Epidemiol\u00f3gico Covid-19 se emitir\u00e1 una vez por semana\"}]},{\"@type\":\"WebSite\",\"@id\":\"https:\\\/\\\/diarioprincipios.com\\\/#website\",\"url\":\"https:\\\/\\\/diarioprincipios.com\\\/\",\"name\":\"Principios\",\"description\":\"Principios Diario\",\"publisher\":{\"@id\":\"https:\\\/\\\/diarioprincipios.com\\\/#organization\"},\"potentialAction\":[{\"@type\":\"SearchAction\",\"target\":{\"@type\":\"EntryPoint\",\"urlTemplate\":\"https:\\\/\\\/diarioprincipios.com\\\/?s={search_term_string}\"},\"query-input\":{\"@type\":\"PropertyValueSpecification\",\"valueRequired\":true,\"valueName\":\"search_term_string\"}}],\"inLanguage\":\"es\"},{\"@type\":\"Organization\",\"@id\":\"https:\\\/\\\/diarioprincipios.com\\\/#organization\",\"name\":\"Principios\",\"url\":\"https:\\\/\\\/diarioprincipios.com\\\/\",\"logo\":{\"@type\":\"ImageObject\",\"inLanguage\":\"es\",\"@id\":\"https:\\\/\\\/diarioprincipios.com\\\/#\\\/schema\\\/logo\\\/image\\\/\",\"url\":\"https:\\\/\\\/diarioprincipios.com\\\/wp-content\\\/uploads\\\/2024\\\/04\\\/cropped-www.diarioprincipios.com_-1.png\",\"contentUrl\":\"https:\\\/\\\/diarioprincipios.com\\\/wp-content\\\/uploads\\\/2024\\\/04\\\/cropped-www.diarioprincipios.com_-1.png\",\"width\":5325,\"height\":1454,\"caption\":\"Principios\"},\"image\":{\"@id\":\"https:\\\/\\\/diarioprincipios.com\\\/#\\\/schema\\\/logo\\\/image\\\/\"}},{\"@type\":\"Person\",\"@id\":\"https:\\\/\\\/diarioprincipios.com\\\/#\\\/schema\\\/person\\\/436d5a1fd41a5e250e23ff5a6a7cb080\",\"name\":\"Hern\u00e1n L\u00f3pez\",\"image\":{\"@type\":\"ImageObject\",\"inLanguage\":\"es\",\"@id\":\"https:\\\/\\\/diarioprincipios.com\\\/wp-content\\\/litespeed\\\/avatar\\\/11ddfe5610ff3bd100522525b2571f48.jpg?ver=1777048341\",\"url\":\"https:\\\/\\\/diarioprincipios.com\\\/wp-content\\\/litespeed\\\/avatar\\\/11ddfe5610ff3bd100522525b2571f48.jpg?ver=1777048341\",\"contentUrl\":\"https:\\\/\\\/diarioprincipios.com\\\/wp-content\\\/litespeed\\\/avatar\\\/11ddfe5610ff3bd100522525b2571f48.jpg?ver=1777048341\",\"caption\":\"Hern\u00e1n L\u00f3pez\"},\"url\":\"https:\\\/\\\/diarioprincipios.com\\\/index.php\\\/author\\\/hernan\\\/\"}]}<\/script>\n<!-- \/ Yoast SEO plugin. -->","yoast_head_json":{"title":"A partir de febrero, el Reporte Epidemiol\u00f3gico Covid-19 se emitir\u00e1 una vez por semana - Principios","robots":{"index":"index","follow":"follow","max-snippet":"max-snippet:-1","max-image-preview":"max-image-preview:large","max-video-preview":"max-video-preview:-1"},"canonical":"https:\/\/diarioprincipios.com\/index.php\/2021\/01\/30\/a-partir-de-febrero-el-reporte-epidemiologico-covid-19-se-emitira-una-vez-por-semana\/","og_locale":"es_ES","og_type":"article","og_title":"A partir de febrero, el Reporte Epidemiol\u00f3gico Covid-19 se emitir\u00e1 una vez por semana - Principios","og_description":"El Ministerio de Salud de la Naci\u00f3n inform\u00f3 esta noche que a partir de febrero el Reporte Epidemiol\u00f3gico Covid-19 (REC) se emitir\u00e1 una vez por semana, los martes a las 11.30 desde la Sala de Situaci\u00f3n de esa cartera. El cambio, seg\u00fan indic\u00f3 un comunicado oficial, \u00abfavorecer\u00e1 el an\u00e1lisis que se construye semanalmente sobre la...","og_url":"https:\/\/diarioprincipios.com\/index.php\/2021\/01\/30\/a-partir-de-febrero-el-reporte-epidemiologico-covid-19-se-emitira-una-vez-por-semana\/","og_site_name":"Principios","article_published_time":"2021-01-31T01:50:21+00:00","article_modified_time":"2021-01-31T01:50:29+00:00","og_image":[{"width":973,"height":549,"url":"https:\/\/diarioprincipios.com\/wp-content\/uploads\/2021\/01\/Screenshot_20210130-224323_Chrome-2.jpg","type":"image\/jpeg"}],"author":"Hern\u00e1n L\u00f3pez","twitter_card":"summary_large_image","twitter_misc":{"Escrito por":"Hern\u00e1n L\u00f3pez","Tiempo de lectura":"1 minuto"},"schema":{"@context":"https:\/\/schema.org","@graph":[{"@type":"Article","@id":"https:\/\/diarioprincipios.com\/index.php\/2021\/01\/30\/a-partir-de-febrero-el-reporte-epidemiologico-covid-19-se-emitira-una-vez-por-semana\/#article","isPartOf":{"@id":"https:\/\/diarioprincipios.com\/index.php\/2021\/01\/30\/a-partir-de-febrero-el-reporte-epidemiologico-covid-19-se-emitira-una-vez-por-semana\/"},"author":{"name":"Hern\u00e1n L\u00f3pez","@id":"https:\/\/diarioprincipios.com\/#\/schema\/person\/436d5a1fd41a5e250e23ff5a6a7cb080"},"headline":"A partir de febrero, el Reporte Epidemiol\u00f3gico Covid-19 se emitir\u00e1 una vez por semana","datePublished":"2021-01-31T01:50:21+00:00","dateModified":"2021-01-31T01:50:29+00:00","mainEntityOfPage":{"@id":"https:\/\/diarioprincipios.com\/index.php\/2021\/01\/30\/a-partir-de-febrero-el-reporte-epidemiologico-covid-19-se-emitira-una-vez-por-semana\/"},"wordCount":124,"commentCount":0,"publisher":{"@id":"https:\/\/diarioprincipios.com\/#organization"},"image":{"@id":"https:\/\/diarioprincipios.com\/index.php\/2021\/01\/30\/a-partir-de-febrero-el-reporte-epidemiologico-covid-19-se-emitira-una-vez-por-semana\/#primaryimage"},"thumbnailUrl":"https:\/\/diarioprincipios.com\/wp-content\/uploads\/2021\/01\/Screenshot_20210130-224323_Chrome-2.jpg","articleSection":["Naci\u00f3n"],"inLanguage":"es","potentialAction":[{"@type":"CommentAction","name":"Comment","target":["https:\/\/diarioprincipios.com\/index.php\/2021\/01\/30\/a-partir-de-febrero-el-reporte-epidemiologico-covid-19-se-emitira-una-vez-por-semana\/#respond"]}]},{"@type":"WebPage","@id":"https:\/\/diarioprincipios.com\/index.php\/2021\/01\/30\/a-partir-de-febrero-el-reporte-epidemiologico-covid-19-se-emitira-una-vez-por-semana\/","url":"https:\/\/diarioprincipios.com\/index.php\/2021\/01\/30\/a-partir-de-febrero-el-reporte-epidemiologico-covid-19-se-emitira-una-vez-por-semana\/","name":"A partir de febrero, el Reporte Epidemiol\u00f3gico Covid-19 se emitir\u00e1 una vez por semana - Principios","isPartOf":{"@id":"https:\/\/diarioprincipios.com\/#website"},"primaryImageOfPage":{"@id":"https:\/\/diarioprincipios.com\/index.php\/2021\/01\/30\/a-partir-de-febrero-el-reporte-epidemiologico-covid-19-se-emitira-una-vez-por-semana\/#primaryimage"},"image":{"@id":"https:\/\/diarioprincipios.com\/index.php\/2021\/01\/30\/a-partir-de-febrero-el-reporte-epidemiologico-covid-19-se-emitira-una-vez-por-semana\/#primaryimage"},"thumbnailUrl":"https:\/\/diarioprincipios.com\/wp-content\/uploads\/2021\/01\/Screenshot_20210130-224323_Chrome-2.jpg","datePublished":"2021-01-31T01:50:21+00:00","dateModified":"2021-01-31T01:50:29+00:00","breadcrumb":{"@id":"https:\/\/diarioprincipios.com\/index.php\/2021\/01\/30\/a-partir-de-febrero-el-reporte-epidemiologico-covid-19-se-emitira-una-vez-por-semana\/#breadcrumb"},"inLanguage":"es","potentialAction":[{"@type":"ReadAction","target":["https:\/\/diarioprincipios.com\/index.php\/2021\/01\/30\/a-partir-de-febrero-el-reporte-epidemiologico-covid-19-se-emitira-una-vez-por-semana\/"]}]},{"@type":"ImageObject","inLanguage":"es","@id":"https:\/\/diarioprincipios.com\/index.php\/2021\/01\/30\/a-partir-de-febrero-el-reporte-epidemiologico-covid-19-se-emitira-una-vez-por-semana\/#primaryimage","url":"https:\/\/diarioprincipios.com\/wp-content\/uploads\/2021\/01\/Screenshot_20210130-224323_Chrome-2.jpg","contentUrl":"https:\/\/diarioprincipios.com\/wp-content\/uploads\/2021\/01\/Screenshot_20210130-224323_Chrome-2.jpg","width":973,"height":549},{"@type":"BreadcrumbList","@id":"https:\/\/diarioprincipios.com\/index.php\/2021\/01\/30\/a-partir-de-febrero-el-reporte-epidemiologico-covid-19-se-emitira-una-vez-por-semana\/#breadcrumb","itemListElement":[{"@type":"ListItem","position":1,"name":"Portada","item":"https:\/\/diarioprincipios.com\/"},{"@type":"ListItem","position":2,"name":"A partir de febrero, el Reporte Epidemiol\u00f3gico Covid-19 se emitir\u00e1 una vez por semana"}]},{"@type":"WebSite","@id":"https:\/\/diarioprincipios.com\/#website","url":"https:\/\/diarioprincipios.com\/","name":"Principios","description":"Principios Diario","publisher":{"@id":"https:\/\/diarioprincipios.com\/#organization"},"potentialAction":[{"@type":"SearchAction","target":{"@type":"EntryPoint","urlTemplate":"https:\/\/diarioprincipios.com\/?s={search_term_string}"},"query-input":{"@type":"PropertyValueSpecification","valueRequired":true,"valueName":"search_term_string"}}],"inLanguage":"es"},{"@type":"Organization","@id":"https:\/\/diarioprincipios.com\/#organization","name":"Principios","url":"https:\/\/diarioprincipios.com\/","logo":{"@type":"ImageObject","inLanguage":"es","@id":"https:\/\/diarioprincipios.com\/#\/schema\/logo\/image\/","url":"https:\/\/diarioprincipios.com\/wp-content\/uploads\/2024\/04\/cropped-www.diarioprincipios.com_-1.png","contentUrl":"https:\/\/diarioprincipios.com\/wp-content\/uploads\/2024\/04\/cropped-www.diarioprincipios.com_-1.png","width":5325,"height":1454,"caption":"Principios"},"image":{"@id":"https:\/\/diarioprincipios.com\/#\/schema\/logo\/image\/"}},{"@type":"Person","@id":"https:\/\/diarioprincipios.com\/#\/schema\/person\/436d5a1fd41a5e250e23ff5a6a7cb080","name":"Hern\u00e1n L\u00f3pez","image":{"@type":"ImageObject","inLanguage":"es","@id":"https:\/\/diarioprincipios.com\/wp-content\/litespeed\/avatar\/11ddfe5610ff3bd100522525b2571f48.jpg?ver=1777048341","url":"https:\/\/diarioprincipios.com\/wp-content\/litespeed\/avatar\/11ddfe5610ff3bd100522525b2571f48.jpg?ver=1777048341","contentUrl":"https:\/\/diarioprincipios.com\/wp-content\/litespeed\/avatar\/11ddfe5610ff3bd100522525b2571f48.jpg?ver=1777048341","caption":"Hern\u00e1n L\u00f3pez"},"url":"https:\/\/diarioprincipios.com\/index.php\/author\/hernan\/"}]}},"jetpack_featured_media_url":"https:\/\/diarioprincipios.com\/wp-content\/uploads\/2021\/01\/Screenshot_20210130-224323_Chrome-2.jpg","_links":{"self":[{"href":"https:\/\/diarioprincipios.com\/index.php\/wp-json\/wp\/v2\/posts\/8395","targetHints":{"allow":["GET"]}}],"collection":[{"href":"https:\/\/diarioprincipios.com\/index.php\/wp-json\/wp\/v2\/posts"}],"about":[{"href":"https:\/\/diarioprincipios.com\/index.php\/wp-json\/wp\/v2\/types\/post"}],"author":[{"embeddable":true,"href":"https:\/\/diarioprincipios.com\/index.php\/wp-json\/wp\/v2\/users\/2"}],"replies":[{"embeddable":true,"href":"https:\/\/diarioprincipios.com\/index.php\/wp-json\/wp\/v2\/comments?post=8395"}],"version-history":[{"count":1,"href":"https:\/\/diarioprincipios.com\/index.php\/wp-json\/wp\/v2\/posts\/8395\/revisions"}],"predecessor-version":[{"id":8400,"href":"https:\/\/diarioprincipios.com\/index.php\/wp-json\/wp\/v2\/posts\/8395\/revisions\/8400"}],"wp:featuredmedia":[{"embeddable":true,"href":"https:\/\/diarioprincipios.com\/index.php\/wp-json\/wp\/v2\/media\/8399"}],"wp:attachment":[{"href":"https:\/\/diarioprincipios.com\/index.php\/wp-json\/wp\/v2\/media?parent=8395"}],"wp:term":[{"taxonomy":"category","embeddable":true,"href":"https:\/\/diarioprincipios.com\/index.php\/wp-json\/wp\/v2\/categories?post=8395"},{"taxonomy":"post_tag","embeddable":true,"href":"https:\/\/diarioprincipios.com\/index.php\/wp-json\/wp\/v2\/tags?post=8395"}],"curies":[{"name":"wp","href":"https:\/\/api.w.org\/{rel}","templated":true}]}}