{"id":8392,"date":"2021-01-29T17:08:05","date_gmt":"2021-01-29T20:08:05","guid":{"rendered":"http:\/\/diarioprincipios.com\/?p=8392"},"modified":"2021-01-29T17:08:12","modified_gmt":"2021-01-29T20:08:12","slug":"tenencia-responsable-operativo-de-vacunacion-contra-la-rabia","status":"publish","type":"post","link":"https:\/\/diarioprincipios.com\/index.php\/2021\/01\/29\/tenencia-responsable-operativo-de-vacunacion-contra-la-rabia\/","title":{"rendered":"Tenencia Responsable: Operativo de Vacunaci\u00f3n contra la Rabia"},"content":{"rendered":"\n<p><strong>El equipo de vacunaci\u00f3n del Programa Nacional de Tenencia Responsable y Sanidad de Perros y Gatos (Protenencia), dependiente del Ministerio de Salud de la Naci\u00f3n, con la colaboraci\u00f3n de personal de la Cl\u00ednica Veterinaria Municipal, realiz\u00f3 un operativo de vacunaci\u00f3n contra la rabia en el Centro de Jubilados \u00abAmanecer\u00bb de Kennedy Sur.<\/strong><\/p>\n\n\n\n<p>Muchos vecinos y vecinas se acercaron con sus mascotas y expresaron su gratitud por la implementaci\u00f3n de este servicio gratuito.<\/p>\n\n\n\n<p>\u201cEsta vacuna debe aplicarse todos los a\u00f1os, porque adem\u00e1s previene una enfermedad que tambi\u00e9n podr\u00eda afectar a los humanos, como es la rabia. As\u00ed que es muy importante vacunar una vez al a\u00f1o a todos los perros y gatos. Gracias a este servicio que brinda el Ministerio de Salud de la Naci\u00f3n, tenemos vacunaci\u00f3n gratuita y accesible para toda la comunidad\u201d, explica Mar\u00eda Elena Ressia, quien forma parte del equipo de vacunaci\u00f3n de Protenencia.<\/p>\n","protected":false},"excerpt":{"rendered":"<p>El equipo de vacunaci\u00f3n del Programa Nacional de Tenencia Responsable y Sanidad de Perros y Gatos (Protenencia), dependiente del Ministerio de Salud de la Naci\u00f3n, con la colaboraci\u00f3n de personal de la Cl\u00ednica Veterinaria Municipal, realiz\u00f3 un operativo de vacunaci\u00f3n contra la rabia en el Centro de Jubilados \u00abAmanecer\u00bb de Kennedy Sur. Muchos vecinos y&#8230;<\/p>\n","protected":false},"author":2,"featured_media":8393,"comment_status":"open","ping_status":"open","sticky":false,"template":"","format":"standard","meta":{"footnotes":""},"categories":[3],"tags":[],"class_list":["post-8392","post","type-post","status-publish","format-standard","has-post-thumbnail","hentry","category-berazategui"],"featured_image_src":"https:\/\/diarioprincipios.com\/wp-content\/uploads\/2021\/01\/20210129_170553-1024x576.jpg","blog_images":{"medium":"https:\/\/diarioprincipios.com\/wp-content\/uploads\/2021\/01\/20210129_170553-300x169.jpg","large":"https:\/\/diarioprincipios.com\/wp-content\/uploads\/2021\/01\/20210129_170553-1024x576.jpg"},"ams_acf":[],"yoast_head":"<!-- This site is optimized with the Yoast SEO plugin v27.3 - https:\/\/yoast.com\/product\/yoast-seo-wordpress\/ -->\n<title>Tenencia Responsable: Operativo de Vacunaci\u00f3n contra la Rabia - Principios<\/title>\n<meta name=\"robots\" content=\"index, follow, max-snippet:-1, max-image-preview:large, max-video-preview:-1\" \/>\n<link rel=\"canonical\" href=\"https:\/\/diarioprincipios.com\/index.php\/2021\/01\/29\/tenencia-responsable-operativo-de-vacunacion-contra-la-rabia\/\" \/>\n<meta property=\"og:locale\" content=\"es_ES\" \/>\n<meta property=\"og:type\" content=\"article\" \/>\n<meta property=\"og:title\" content=\"Tenencia Responsable: Operativo de Vacunaci\u00f3n contra la Rabia - Principios\" \/>\n<meta property=\"og:description\" content=\"El equipo de vacunaci\u00f3n del Programa Nacional de Tenencia Responsable y Sanidad de Perros y Gatos (Protenencia), dependiente del Ministerio de Salud de la Naci\u00f3n, con la colaboraci\u00f3n de personal de la Cl\u00ednica Veterinaria Municipal, realiz\u00f3 un operativo de vacunaci\u00f3n contra la rabia en el Centro de Jubilados \u00abAmanecer\u00bb de Kennedy Sur. Muchos vecinos y...\" \/>\n<meta property=\"og:url\" content=\"https:\/\/diarioprincipios.com\/index.php\/2021\/01\/29\/tenencia-responsable-operativo-de-vacunacion-contra-la-rabia\/\" \/>\n<meta property=\"og:site_name\" content=\"Principios\" \/>\n<meta property=\"article:published_time\" content=\"2021-01-29T20:08:05+00:00\" \/>\n<meta property=\"article:modified_time\" content=\"2021-01-29T20:08:12+00:00\" \/>\n<meta property=\"og:image\" content=\"https:\/\/diarioprincipios.com\/wp-content\/uploads\/2021\/01\/20210129_170553.jpg\" \/>\n\t<meta property=\"og:image:width\" content=\"1280\" \/>\n\t<meta property=\"og:image:height\" content=\"720\" \/>\n\t<meta property=\"og:image:type\" content=\"image\/jpeg\" \/>\n<meta name=\"author\" content=\"Hern\u00e1n L\u00f3pez\" \/>\n<meta name=\"twitter:card\" content=\"summary_large_image\" \/>\n<meta name=\"twitter:label1\" content=\"Escrito por\" \/>\n\t<meta name=\"twitter:data1\" content=\"Hern\u00e1n L\u00f3pez\" \/>\n\t<meta name=\"twitter:label2\" content=\"Tiempo de lectura\" \/>\n\t<meta name=\"twitter:data2\" content=\"1 minuto\" \/>\n<script type=\"application\/ld+json\" class=\"yoast-schema-graph\">{\"@context\":\"https:\\\/\\\/schema.org\",\"@graph\":[{\"@type\":\"Article\",\"@id\":\"https:\\\/\\\/diarioprincipios.com\\\/index.php\\\/2021\\\/01\\\/29\\\/tenencia-responsable-operativo-de-vacunacion-contra-la-rabia\\\/#article\",\"isPartOf\":{\"@id\":\"https:\\\/\\\/diarioprincipios.com\\\/index.php\\\/2021\\\/01\\\/29\\\/tenencia-responsable-operativo-de-vacunacion-contra-la-rabia\\\/\"},\"author\":{\"name\":\"Hern\u00e1n L\u00f3pez\",\"@id\":\"https:\\\/\\\/diarioprincipios.com\\\/#\\\/schema\\\/person\\\/436d5a1fd41a5e250e23ff5a6a7cb080\"},\"headline\":\"Tenencia Responsable: Operativo de Vacunaci\u00f3n contra la Rabia\",\"datePublished\":\"2021-01-29T20:08:05+00:00\",\"dateModified\":\"2021-01-29T20:08:12+00:00\",\"mainEntityOfPage\":{\"@id\":\"https:\\\/\\\/diarioprincipios.com\\\/index.php\\\/2021\\\/01\\\/29\\\/tenencia-responsable-operativo-de-vacunacion-contra-la-rabia\\\/\"},\"wordCount\":170,\"commentCount\":0,\"publisher\":{\"@id\":\"https:\\\/\\\/diarioprincipios.com\\\/#organization\"},\"image\":{\"@id\":\"https:\\\/\\\/diarioprincipios.com\\\/index.php\\\/2021\\\/01\\\/29\\\/tenencia-responsable-operativo-de-vacunacion-contra-la-rabia\\\/#primaryimage\"},\"thumbnailUrl\":\"https:\\\/\\\/diarioprincipios.com\\\/wp-content\\\/uploads\\\/2021\\\/01\\\/20210129_170553.jpg\",\"articleSection\":[\"Berazategui\"],\"inLanguage\":\"es\",\"potentialAction\":[{\"@type\":\"CommentAction\",\"name\":\"Comment\",\"target\":[\"https:\\\/\\\/diarioprincipios.com\\\/index.php\\\/2021\\\/01\\\/29\\\/tenencia-responsable-operativo-de-vacunacion-contra-la-rabia\\\/#respond\"]}]},{\"@type\":\"WebPage\",\"@id\":\"https:\\\/\\\/diarioprincipios.com\\\/index.php\\\/2021\\\/01\\\/29\\\/tenencia-responsable-operativo-de-vacunacion-contra-la-rabia\\\/\",\"url\":\"https:\\\/\\\/diarioprincipios.com\\\/index.php\\\/2021\\\/01\\\/29\\\/tenencia-responsable-operativo-de-vacunacion-contra-la-rabia\\\/\",\"name\":\"Tenencia Responsable: Operativo de Vacunaci\u00f3n contra la Rabia - Principios\",\"isPartOf\":{\"@id\":\"https:\\\/\\\/diarioprincipios.com\\\/#website\"},\"primaryImageOfPage\":{\"@id\":\"https:\\\/\\\/diarioprincipios.com\\\/index.php\\\/2021\\\/01\\\/29\\\/tenencia-responsable-operativo-de-vacunacion-contra-la-rabia\\\/#primaryimage\"},\"image\":{\"@id\":\"https:\\\/\\\/diarioprincipios.com\\\/index.php\\\/2021\\\/01\\\/29\\\/tenencia-responsable-operativo-de-vacunacion-contra-la-rabia\\\/#primaryimage\"},\"thumbnailUrl\":\"https:\\\/\\\/diarioprincipios.com\\\/wp-content\\\/uploads\\\/2021\\\/01\\\/20210129_170553.jpg\",\"datePublished\":\"2021-01-29T20:08:05+00:00\",\"dateModified\":\"2021-01-29T20:08:12+00:00\",\"breadcrumb\":{\"@id\":\"https:\\\/\\\/diarioprincipios.com\\\/index.php\\\/2021\\\/01\\\/29\\\/tenencia-responsable-operativo-de-vacunacion-contra-la-rabia\\\/#breadcrumb\"},\"inLanguage\":\"es\",\"potentialAction\":[{\"@type\":\"ReadAction\",\"target\":[\"https:\\\/\\\/diarioprincipios.com\\\/index.php\\\/2021\\\/01\\\/29\\\/tenencia-responsable-operativo-de-vacunacion-contra-la-rabia\\\/\"]}]},{\"@type\":\"ImageObject\",\"inLanguage\":\"es\",\"@id\":\"https:\\\/\\\/diarioprincipios.com\\\/index.php\\\/2021\\\/01\\\/29\\\/tenencia-responsable-operativo-de-vacunacion-contra-la-rabia\\\/#primaryimage\",\"url\":\"https:\\\/\\\/diarioprincipios.com\\\/wp-content\\\/uploads\\\/2021\\\/01\\\/20210129_170553.jpg\",\"contentUrl\":\"https:\\\/\\\/diarioprincipios.com\\\/wp-content\\\/uploads\\\/2021\\\/01\\\/20210129_170553.jpg\",\"width\":1280,\"height\":720},{\"@type\":\"BreadcrumbList\",\"@id\":\"https:\\\/\\\/diarioprincipios.com\\\/index.php\\\/2021\\\/01\\\/29\\\/tenencia-responsable-operativo-de-vacunacion-contra-la-rabia\\\/#breadcrumb\",\"itemListElement\":[{\"@type\":\"ListItem\",\"position\":1,\"name\":\"Portada\",\"item\":\"https:\\\/\\\/diarioprincipios.com\\\/\"},{\"@type\":\"ListItem\",\"position\":2,\"name\":\"Tenencia Responsable: Operativo de Vacunaci\u00f3n contra la Rabia\"}]},{\"@type\":\"WebSite\",\"@id\":\"https:\\\/\\\/diarioprincipios.com\\\/#website\",\"url\":\"https:\\\/\\\/diarioprincipios.com\\\/\",\"name\":\"Principios\",\"description\":\"Principios Diario\",\"publisher\":{\"@id\":\"https:\\\/\\\/diarioprincipios.com\\\/#organization\"},\"potentialAction\":[{\"@type\":\"SearchAction\",\"target\":{\"@type\":\"EntryPoint\",\"urlTemplate\":\"https:\\\/\\\/diarioprincipios.com\\\/?s={search_term_string}\"},\"query-input\":{\"@type\":\"PropertyValueSpecification\",\"valueRequired\":true,\"valueName\":\"search_term_string\"}}],\"inLanguage\":\"es\"},{\"@type\":\"Organization\",\"@id\":\"https:\\\/\\\/diarioprincipios.com\\\/#organization\",\"name\":\"Principios\",\"url\":\"https:\\\/\\\/diarioprincipios.com\\\/\",\"logo\":{\"@type\":\"ImageObject\",\"inLanguage\":\"es\",\"@id\":\"https:\\\/\\\/diarioprincipios.com\\\/#\\\/schema\\\/logo\\\/image\\\/\",\"url\":\"https:\\\/\\\/diarioprincipios.com\\\/wp-content\\\/uploads\\\/2024\\\/04\\\/cropped-www.diarioprincipios.com_-1.png\",\"contentUrl\":\"https:\\\/\\\/diarioprincipios.com\\\/wp-content\\\/uploads\\\/2024\\\/04\\\/cropped-www.diarioprincipios.com_-1.png\",\"width\":5325,\"height\":1454,\"caption\":\"Principios\"},\"image\":{\"@id\":\"https:\\\/\\\/diarioprincipios.com\\\/#\\\/schema\\\/logo\\\/image\\\/\"}},{\"@type\":\"Person\",\"@id\":\"https:\\\/\\\/diarioprincipios.com\\\/#\\\/schema\\\/person\\\/436d5a1fd41a5e250e23ff5a6a7cb080\",\"name\":\"Hern\u00e1n L\u00f3pez\",\"image\":{\"@type\":\"ImageObject\",\"inLanguage\":\"es\",\"@id\":\"https:\\\/\\\/diarioprincipios.com\\\/wp-content\\\/litespeed\\\/avatar\\\/11ddfe5610ff3bd100522525b2571f48.jpg?ver=1777653193\",\"url\":\"https:\\\/\\\/diarioprincipios.com\\\/wp-content\\\/litespeed\\\/avatar\\\/11ddfe5610ff3bd100522525b2571f48.jpg?ver=1777653193\",\"contentUrl\":\"https:\\\/\\\/diarioprincipios.com\\\/wp-content\\\/litespeed\\\/avatar\\\/11ddfe5610ff3bd100522525b2571f48.jpg?ver=1777653193\",\"caption\":\"Hern\u00e1n L\u00f3pez\"},\"url\":\"https:\\\/\\\/diarioprincipios.com\\\/index.php\\\/author\\\/hernan\\\/\"}]}<\/script>\n<!-- \/ Yoast SEO plugin. -->","yoast_head_json":{"title":"Tenencia Responsable: Operativo de Vacunaci\u00f3n contra la Rabia - Principios","robots":{"index":"index","follow":"follow","max-snippet":"max-snippet:-1","max-image-preview":"max-image-preview:large","max-video-preview":"max-video-preview:-1"},"canonical":"https:\/\/diarioprincipios.com\/index.php\/2021\/01\/29\/tenencia-responsable-operativo-de-vacunacion-contra-la-rabia\/","og_locale":"es_ES","og_type":"article","og_title":"Tenencia Responsable: Operativo de Vacunaci\u00f3n contra la Rabia - Principios","og_description":"El equipo de vacunaci\u00f3n del Programa Nacional de Tenencia Responsable y Sanidad de Perros y Gatos (Protenencia), dependiente del Ministerio de Salud de la Naci\u00f3n, con la colaboraci\u00f3n de personal de la Cl\u00ednica Veterinaria Municipal, realiz\u00f3 un operativo de vacunaci\u00f3n contra la rabia en el Centro de Jubilados \u00abAmanecer\u00bb de Kennedy Sur. Muchos vecinos y...","og_url":"https:\/\/diarioprincipios.com\/index.php\/2021\/01\/29\/tenencia-responsable-operativo-de-vacunacion-contra-la-rabia\/","og_site_name":"Principios","article_published_time":"2021-01-29T20:08:05+00:00","article_modified_time":"2021-01-29T20:08:12+00:00","og_image":[{"width":1280,"height":720,"url":"https:\/\/diarioprincipios.com\/wp-content\/uploads\/2021\/01\/20210129_170553.jpg","type":"image\/jpeg"}],"author":"Hern\u00e1n L\u00f3pez","twitter_card":"summary_large_image","twitter_misc":{"Escrito por":"Hern\u00e1n L\u00f3pez","Tiempo de lectura":"1 minuto"},"schema":{"@context":"https:\/\/schema.org","@graph":[{"@type":"Article","@id":"https:\/\/diarioprincipios.com\/index.php\/2021\/01\/29\/tenencia-responsable-operativo-de-vacunacion-contra-la-rabia\/#article","isPartOf":{"@id":"https:\/\/diarioprincipios.com\/index.php\/2021\/01\/29\/tenencia-responsable-operativo-de-vacunacion-contra-la-rabia\/"},"author":{"name":"Hern\u00e1n L\u00f3pez","@id":"https:\/\/diarioprincipios.com\/#\/schema\/person\/436d5a1fd41a5e250e23ff5a6a7cb080"},"headline":"Tenencia Responsable: Operativo de Vacunaci\u00f3n contra la Rabia","datePublished":"2021-01-29T20:08:05+00:00","dateModified":"2021-01-29T20:08:12+00:00","mainEntityOfPage":{"@id":"https:\/\/diarioprincipios.com\/index.php\/2021\/01\/29\/tenencia-responsable-operativo-de-vacunacion-contra-la-rabia\/"},"wordCount":170,"commentCount":0,"publisher":{"@id":"https:\/\/diarioprincipios.com\/#organization"},"image":{"@id":"https:\/\/diarioprincipios.com\/index.php\/2021\/01\/29\/tenencia-responsable-operativo-de-vacunacion-contra-la-rabia\/#primaryimage"},"thumbnailUrl":"https:\/\/diarioprincipios.com\/wp-content\/uploads\/2021\/01\/20210129_170553.jpg","articleSection":["Berazategui"],"inLanguage":"es","potentialAction":[{"@type":"CommentAction","name":"Comment","target":["https:\/\/diarioprincipios.com\/index.php\/2021\/01\/29\/tenencia-responsable-operativo-de-vacunacion-contra-la-rabia\/#respond"]}]},{"@type":"WebPage","@id":"https:\/\/diarioprincipios.com\/index.php\/2021\/01\/29\/tenencia-responsable-operativo-de-vacunacion-contra-la-rabia\/","url":"https:\/\/diarioprincipios.com\/index.php\/2021\/01\/29\/tenencia-responsable-operativo-de-vacunacion-contra-la-rabia\/","name":"Tenencia Responsable: Operativo de Vacunaci\u00f3n contra la Rabia - Principios","isPartOf":{"@id":"https:\/\/diarioprincipios.com\/#website"},"primaryImageOfPage":{"@id":"https:\/\/diarioprincipios.com\/index.php\/2021\/01\/29\/tenencia-responsable-operativo-de-vacunacion-contra-la-rabia\/#primaryimage"},"image":{"@id":"https:\/\/diarioprincipios.com\/index.php\/2021\/01\/29\/tenencia-responsable-operativo-de-vacunacion-contra-la-rabia\/#primaryimage"},"thumbnailUrl":"https:\/\/diarioprincipios.com\/wp-content\/uploads\/2021\/01\/20210129_170553.jpg","datePublished":"2021-01-29T20:08:05+00:00","dateModified":"2021-01-29T20:08:12+00:00","breadcrumb":{"@id":"https:\/\/diarioprincipios.com\/index.php\/2021\/01\/29\/tenencia-responsable-operativo-de-vacunacion-contra-la-rabia\/#breadcrumb"},"inLanguage":"es","potentialAction":[{"@type":"ReadAction","target":["https:\/\/diarioprincipios.com\/index.php\/2021\/01\/29\/tenencia-responsable-operativo-de-vacunacion-contra-la-rabia\/"]}]},{"@type":"ImageObject","inLanguage":"es","@id":"https:\/\/diarioprincipios.com\/index.php\/2021\/01\/29\/tenencia-responsable-operativo-de-vacunacion-contra-la-rabia\/#primaryimage","url":"https:\/\/diarioprincipios.com\/wp-content\/uploads\/2021\/01\/20210129_170553.jpg","contentUrl":"https:\/\/diarioprincipios.com\/wp-content\/uploads\/2021\/01\/20210129_170553.jpg","width":1280,"height":720},{"@type":"BreadcrumbList","@id":"https:\/\/diarioprincipios.com\/index.php\/2021\/01\/29\/tenencia-responsable-operativo-de-vacunacion-contra-la-rabia\/#breadcrumb","itemListElement":[{"@type":"ListItem","position":1,"name":"Portada","item":"https:\/\/diarioprincipios.com\/"},{"@type":"ListItem","position":2,"name":"Tenencia Responsable: Operativo de Vacunaci\u00f3n contra la Rabia"}]},{"@type":"WebSite","@id":"https:\/\/diarioprincipios.com\/#website","url":"https:\/\/diarioprincipios.com\/","name":"Principios","description":"Principios Diario","publisher":{"@id":"https:\/\/diarioprincipios.com\/#organization"},"potentialAction":[{"@type":"SearchAction","target":{"@type":"EntryPoint","urlTemplate":"https:\/\/diarioprincipios.com\/?s={search_term_string}"},"query-input":{"@type":"PropertyValueSpecification","valueRequired":true,"valueName":"search_term_string"}}],"inLanguage":"es"},{"@type":"Organization","@id":"https:\/\/diarioprincipios.com\/#organization","name":"Principios","url":"https:\/\/diarioprincipios.com\/","logo":{"@type":"ImageObject","inLanguage":"es","@id":"https:\/\/diarioprincipios.com\/#\/schema\/logo\/image\/","url":"https:\/\/diarioprincipios.com\/wp-content\/uploads\/2024\/04\/cropped-www.diarioprincipios.com_-1.png","contentUrl":"https:\/\/diarioprincipios.com\/wp-content\/uploads\/2024\/04\/cropped-www.diarioprincipios.com_-1.png","width":5325,"height":1454,"caption":"Principios"},"image":{"@id":"https:\/\/diarioprincipios.com\/#\/schema\/logo\/image\/"}},{"@type":"Person","@id":"https:\/\/diarioprincipios.com\/#\/schema\/person\/436d5a1fd41a5e250e23ff5a6a7cb080","name":"Hern\u00e1n L\u00f3pez","image":{"@type":"ImageObject","inLanguage":"es","@id":"https:\/\/diarioprincipios.com\/wp-content\/litespeed\/avatar\/11ddfe5610ff3bd100522525b2571f48.jpg?ver=1777653193","url":"https:\/\/diarioprincipios.com\/wp-content\/litespeed\/avatar\/11ddfe5610ff3bd100522525b2571f48.jpg?ver=1777653193","contentUrl":"https:\/\/diarioprincipios.com\/wp-content\/litespeed\/avatar\/11ddfe5610ff3bd100522525b2571f48.jpg?ver=1777653193","caption":"Hern\u00e1n L\u00f3pez"},"url":"https:\/\/diarioprincipios.com\/index.php\/author\/hernan\/"}]}},"jetpack_featured_media_url":"https:\/\/diarioprincipios.com\/wp-content\/uploads\/2021\/01\/20210129_170553.jpg","_links":{"self":[{"href":"https:\/\/diarioprincipios.com\/index.php\/wp-json\/wp\/v2\/posts\/8392","targetHints":{"allow":["GET"]}}],"collection":[{"href":"https:\/\/diarioprincipios.com\/index.php\/wp-json\/wp\/v2\/posts"}],"about":[{"href":"https:\/\/diarioprincipios.com\/index.php\/wp-json\/wp\/v2\/types\/post"}],"author":[{"embeddable":true,"href":"https:\/\/diarioprincipios.com\/index.php\/wp-json\/wp\/v2\/users\/2"}],"replies":[{"embeddable":true,"href":"https:\/\/diarioprincipios.com\/index.php\/wp-json\/wp\/v2\/comments?post=8392"}],"version-history":[{"count":1,"href":"https:\/\/diarioprincipios.com\/index.php\/wp-json\/wp\/v2\/posts\/8392\/revisions"}],"predecessor-version":[{"id":8394,"href":"https:\/\/diarioprincipios.com\/index.php\/wp-json\/wp\/v2\/posts\/8392\/revisions\/8394"}],"wp:featuredmedia":[{"embeddable":true,"href":"https:\/\/diarioprincipios.com\/index.php\/wp-json\/wp\/v2\/media\/8393"}],"wp:attachment":[{"href":"https:\/\/diarioprincipios.com\/index.php\/wp-json\/wp\/v2\/media?parent=8392"}],"wp:term":[{"taxonomy":"category","embeddable":true,"href":"https:\/\/diarioprincipios.com\/index.php\/wp-json\/wp\/v2\/categories?post=8392"},{"taxonomy":"post_tag","embeddable":true,"href":"https:\/\/diarioprincipios.com\/index.php\/wp-json\/wp\/v2\/tags?post=8392"}],"curies":[{"name":"wp","href":"https:\/\/api.w.org\/{rel}","templated":true}]}}