{"id":8386,"date":"2021-01-29T14:07:40","date_gmt":"2021-01-29T17:07:40","guid":{"rendered":"http:\/\/diarioprincipios.com\/?p=8386"},"modified":"2021-01-29T14:07:46","modified_gmt":"2021-01-29T17:07:46","slug":"continua-en-quilmes-la-limpieza-de-arroyos-y-espacios-publicos","status":"publish","type":"post","link":"https:\/\/diarioprincipios.com\/index.php\/2021\/01\/29\/continua-en-quilmes-la-limpieza-de-arroyos-y-espacios-publicos\/","title":{"rendered":"Contin\u00faa en Quilmes la limpieza de arroyos y espacios p\u00fablicos"},"content":{"rendered":"\n<p>Se llev\u00f3 a cabo la limpieza del arroyo Las Piedras en su intersecci\u00f3n con la calle Mauri\u00f1o, en los cruces posteriores.<\/p>\n\n\n\n<p>Por otro lado, en el marco del programa \u201cQuilmes Limpio\u201d, en Villa La Florida y Bernal Oeste se hicieron trabajos de erradicaci\u00f3n de microbasurales ubicados en Camino General Belgrano, desde 842 hasta Lynch y en Lynch desde Camino General Belgrano hasta Mosconi.<\/p>\n\n\n\n<p>Tambi\u00e9n en Bernal Oeste se limpiaron distintos mont\u00edculos de basura sobre la calle Pedemonte y Camino General Belgrano, al igual que en Donato \u00c1lvarez desde Pedemonte a Lynch, en la zona de Zapiola a Lamadrid y de Calchaqu\u00ed a Dardo Rocha. En Ezpeleta se replicaron las mismas tareas desde la avenida Rep\u00fablica de Francia a Smith y de Centenario a avenida La Plata.<\/p>\n\n\n\n<p><strong>Limpieza y mantenimiento de espacios p\u00fablicos<\/strong><\/p>\n\n\n\n<p>En Quilmes Oeste hicieron corte de pasto y desmalezado sobre las inmediaciones de la plaza Daniel Jukic en Miguel Can\u00e9 y Agote. Tambi\u00e9n estuvieron en la Rotonda de Monteverde, y en Camino General Belgrano desde la Rotonda de Monteverde hasta el cruce de Mosconi.<\/p>\n\n\n\n<p>En Ezpeleta continuaron sobre el bulevar de la avenida Mitre y luego desde Laguarda hasta Primera Junta. En Quilmes Centro concretaron la limpieza del Paseo Onda Verde, sobre la avenida Hip\u00f3lito Yrigoyen entre Guido y Primera Junta. Y en La Ribera de Quilmes prosiguieron con el corte y desmalezado sobre la avenida Otamendi desde Cevallos a Cervantes.<\/p>\n\n\n\n<figure class=\"wp-block-image\"><img decoding=\"async\" src=\"https:\/\/ecp.yusercontent.com\/mail?url=https%3A%2F%2Fdrive.google.com%2Fa%2Fquilmescomunicacion.com%2Fuc%3Fid%3D1JBmJlv13sBdu5mBqMd_bFkTzH3dqijp8%26export%3Ddownload&amp;t=1611787360&amp;ymreqid=5799fcab-b43d-2794-2296-7d0001012a00&amp;sig=cTwqQVQ.alO4BsHf4x61fg--~D\" alt=\"\"\/><\/figure>\n\n\n\n<figure class=\"wp-block-image\"><img decoding=\"async\" src=\"https:\/\/ecp.yusercontent.com\/mail?url=https%3A%2F%2Fdrive.google.com%2Fa%2Fquilmescomunicacion.com%2Fuc%3Fid%3D1Tba2eYIwvCdvE_9qcdvQQlLvwEtulDhF%26export%3Ddownload&amp;t=1611787360&amp;ymreqid=5799fcab-b43d-2794-2296-7d0001012a00&amp;sig=85TEMgbJKla2Pc_K2OgjOg--~D\" alt=\"\"\/><\/figure>\n","protected":false},"excerpt":{"rendered":"<p>Se llev\u00f3 a cabo la limpieza del arroyo Las Piedras en su intersecci\u00f3n con la calle Mauri\u00f1o, en los cruces posteriores. Por otro lado, en el marco del programa \u201cQuilmes Limpio\u201d, en Villa La Florida y Bernal Oeste se hicieron trabajos de erradicaci\u00f3n de microbasurales ubicados en Camino General Belgrano, desde 842 hasta Lynch y&#8230;<\/p>\n","protected":false},"author":2,"featured_media":8387,"comment_status":"open","ping_status":"open","sticky":false,"template":"","format":"standard","meta":{"footnotes":""},"categories":[4],"tags":[],"class_list":["post-8386","post","type-post","status-publish","format-standard","has-post-thumbnail","hentry","category-quilmes"],"featured_image_src":"https:\/\/diarioprincipios.com\/wp-content\/uploads\/2021\/01\/20210129_140323-1024x623.jpg","blog_images":{"medium":"https:\/\/diarioprincipios.com\/wp-content\/uploads\/2021\/01\/20210129_140323-300x183.jpg","large":"https:\/\/diarioprincipios.com\/wp-content\/uploads\/2021\/01\/20210129_140323-1024x623.jpg"},"ams_acf":[],"yoast_head":"<!-- This site is optimized with the Yoast SEO plugin v27.3 - https:\/\/yoast.com\/product\/yoast-seo-wordpress\/ -->\n<title>Contin\u00faa en Quilmes la limpieza de arroyos y espacios p\u00fablicos - Principios<\/title>\n<meta name=\"robots\" content=\"index, follow, max-snippet:-1, max-image-preview:large, max-video-preview:-1\" \/>\n<link rel=\"canonical\" href=\"https:\/\/diarioprincipios.com\/index.php\/2021\/01\/29\/continua-en-quilmes-la-limpieza-de-arroyos-y-espacios-publicos\/\" \/>\n<meta property=\"og:locale\" content=\"es_ES\" \/>\n<meta property=\"og:type\" content=\"article\" \/>\n<meta property=\"og:title\" content=\"Contin\u00faa en Quilmes la limpieza de arroyos y espacios p\u00fablicos - Principios\" \/>\n<meta property=\"og:description\" content=\"Se llev\u00f3 a cabo la limpieza del arroyo Las Piedras en su intersecci\u00f3n con la calle Mauri\u00f1o, en los cruces posteriores. Por otro lado, en el marco del programa \u201cQuilmes Limpio\u201d, en Villa La Florida y Bernal Oeste se hicieron trabajos de erradicaci\u00f3n de microbasurales ubicados en Camino General Belgrano, desde 842 hasta Lynch y...\" \/>\n<meta property=\"og:url\" content=\"https:\/\/diarioprincipios.com\/index.php\/2021\/01\/29\/continua-en-quilmes-la-limpieza-de-arroyos-y-espacios-publicos\/\" \/>\n<meta property=\"og:site_name\" content=\"Principios\" \/>\n<meta property=\"article:published_time\" content=\"2021-01-29T17:07:40+00:00\" \/>\n<meta property=\"article:modified_time\" content=\"2021-01-29T17:07:46+00:00\" \/>\n<meta property=\"og:image\" content=\"https:\/\/diarioprincipios.com\/wp-content\/uploads\/2021\/01\/20210129_140323.jpg\" \/>\n\t<meta property=\"og:image:width\" content=\"1040\" \/>\n\t<meta property=\"og:image:height\" content=\"633\" \/>\n\t<meta property=\"og:image:type\" content=\"image\/jpeg\" \/>\n<meta name=\"author\" content=\"Hern\u00e1n L\u00f3pez\" \/>\n<meta name=\"twitter:card\" content=\"summary_large_image\" \/>\n<meta name=\"twitter:label1\" content=\"Escrito por\" \/>\n\t<meta name=\"twitter:data1\" content=\"Hern\u00e1n L\u00f3pez\" \/>\n\t<meta name=\"twitter:label2\" content=\"Tiempo de lectura\" \/>\n\t<meta name=\"twitter:data2\" content=\"2 minutos\" \/>\n<script type=\"application\/ld+json\" class=\"yoast-schema-graph\">{\"@context\":\"https:\\\/\\\/schema.org\",\"@graph\":[{\"@type\":\"Article\",\"@id\":\"https:\\\/\\\/diarioprincipios.com\\\/index.php\\\/2021\\\/01\\\/29\\\/continua-en-quilmes-la-limpieza-de-arroyos-y-espacios-publicos\\\/#article\",\"isPartOf\":{\"@id\":\"https:\\\/\\\/diarioprincipios.com\\\/index.php\\\/2021\\\/01\\\/29\\\/continua-en-quilmes-la-limpieza-de-arroyos-y-espacios-publicos\\\/\"},\"author\":{\"name\":\"Hern\u00e1n L\u00f3pez\",\"@id\":\"https:\\\/\\\/diarioprincipios.com\\\/#\\\/schema\\\/person\\\/436d5a1fd41a5e250e23ff5a6a7cb080\"},\"headline\":\"Contin\u00faa en Quilmes la limpieza de arroyos y espacios p\u00fablicos\",\"datePublished\":\"2021-01-29T17:07:40+00:00\",\"dateModified\":\"2021-01-29T17:07:46+00:00\",\"mainEntityOfPage\":{\"@id\":\"https:\\\/\\\/diarioprincipios.com\\\/index.php\\\/2021\\\/01\\\/29\\\/continua-en-quilmes-la-limpieza-de-arroyos-y-espacios-publicos\\\/\"},\"wordCount\":253,\"commentCount\":0,\"publisher\":{\"@id\":\"https:\\\/\\\/diarioprincipios.com\\\/#organization\"},\"image\":{\"@id\":\"https:\\\/\\\/diarioprincipios.com\\\/index.php\\\/2021\\\/01\\\/29\\\/continua-en-quilmes-la-limpieza-de-arroyos-y-espacios-publicos\\\/#primaryimage\"},\"thumbnailUrl\":\"https:\\\/\\\/diarioprincipios.com\\\/wp-content\\\/uploads\\\/2021\\\/01\\\/20210129_140323.jpg\",\"articleSection\":[\"Quilmes\"],\"inLanguage\":\"es\",\"potentialAction\":[{\"@type\":\"CommentAction\",\"name\":\"Comment\",\"target\":[\"https:\\\/\\\/diarioprincipios.com\\\/index.php\\\/2021\\\/01\\\/29\\\/continua-en-quilmes-la-limpieza-de-arroyos-y-espacios-publicos\\\/#respond\"]}]},{\"@type\":\"WebPage\",\"@id\":\"https:\\\/\\\/diarioprincipios.com\\\/index.php\\\/2021\\\/01\\\/29\\\/continua-en-quilmes-la-limpieza-de-arroyos-y-espacios-publicos\\\/\",\"url\":\"https:\\\/\\\/diarioprincipios.com\\\/index.php\\\/2021\\\/01\\\/29\\\/continua-en-quilmes-la-limpieza-de-arroyos-y-espacios-publicos\\\/\",\"name\":\"Contin\u00faa en Quilmes la limpieza de arroyos y espacios p\u00fablicos - Principios\",\"isPartOf\":{\"@id\":\"https:\\\/\\\/diarioprincipios.com\\\/#website\"},\"primaryImageOfPage\":{\"@id\":\"https:\\\/\\\/diarioprincipios.com\\\/index.php\\\/2021\\\/01\\\/29\\\/continua-en-quilmes-la-limpieza-de-arroyos-y-espacios-publicos\\\/#primaryimage\"},\"image\":{\"@id\":\"https:\\\/\\\/diarioprincipios.com\\\/index.php\\\/2021\\\/01\\\/29\\\/continua-en-quilmes-la-limpieza-de-arroyos-y-espacios-publicos\\\/#primaryimage\"},\"thumbnailUrl\":\"https:\\\/\\\/diarioprincipios.com\\\/wp-content\\\/uploads\\\/2021\\\/01\\\/20210129_140323.jpg\",\"datePublished\":\"2021-01-29T17:07:40+00:00\",\"dateModified\":\"2021-01-29T17:07:46+00:00\",\"breadcrumb\":{\"@id\":\"https:\\\/\\\/diarioprincipios.com\\\/index.php\\\/2021\\\/01\\\/29\\\/continua-en-quilmes-la-limpieza-de-arroyos-y-espacios-publicos\\\/#breadcrumb\"},\"inLanguage\":\"es\",\"potentialAction\":[{\"@type\":\"ReadAction\",\"target\":[\"https:\\\/\\\/diarioprincipios.com\\\/index.php\\\/2021\\\/01\\\/29\\\/continua-en-quilmes-la-limpieza-de-arroyos-y-espacios-publicos\\\/\"]}]},{\"@type\":\"ImageObject\",\"inLanguage\":\"es\",\"@id\":\"https:\\\/\\\/diarioprincipios.com\\\/index.php\\\/2021\\\/01\\\/29\\\/continua-en-quilmes-la-limpieza-de-arroyos-y-espacios-publicos\\\/#primaryimage\",\"url\":\"https:\\\/\\\/diarioprincipios.com\\\/wp-content\\\/uploads\\\/2021\\\/01\\\/20210129_140323.jpg\",\"contentUrl\":\"https:\\\/\\\/diarioprincipios.com\\\/wp-content\\\/uploads\\\/2021\\\/01\\\/20210129_140323.jpg\",\"width\":1040,\"height\":633},{\"@type\":\"BreadcrumbList\",\"@id\":\"https:\\\/\\\/diarioprincipios.com\\\/index.php\\\/2021\\\/01\\\/29\\\/continua-en-quilmes-la-limpieza-de-arroyos-y-espacios-publicos\\\/#breadcrumb\",\"itemListElement\":[{\"@type\":\"ListItem\",\"position\":1,\"name\":\"Portada\",\"item\":\"https:\\\/\\\/diarioprincipios.com\\\/\"},{\"@type\":\"ListItem\",\"position\":2,\"name\":\"Contin\u00faa en Quilmes la limpieza de arroyos y espacios p\u00fablicos\"}]},{\"@type\":\"WebSite\",\"@id\":\"https:\\\/\\\/diarioprincipios.com\\\/#website\",\"url\":\"https:\\\/\\\/diarioprincipios.com\\\/\",\"name\":\"Principios\",\"description\":\"Principios Diario\",\"publisher\":{\"@id\":\"https:\\\/\\\/diarioprincipios.com\\\/#organization\"},\"potentialAction\":[{\"@type\":\"SearchAction\",\"target\":{\"@type\":\"EntryPoint\",\"urlTemplate\":\"https:\\\/\\\/diarioprincipios.com\\\/?s={search_term_string}\"},\"query-input\":{\"@type\":\"PropertyValueSpecification\",\"valueRequired\":true,\"valueName\":\"search_term_string\"}}],\"inLanguage\":\"es\"},{\"@type\":\"Organization\",\"@id\":\"https:\\\/\\\/diarioprincipios.com\\\/#organization\",\"name\":\"Principios\",\"url\":\"https:\\\/\\\/diarioprincipios.com\\\/\",\"logo\":{\"@type\":\"ImageObject\",\"inLanguage\":\"es\",\"@id\":\"https:\\\/\\\/diarioprincipios.com\\\/#\\\/schema\\\/logo\\\/image\\\/\",\"url\":\"https:\\\/\\\/diarioprincipios.com\\\/wp-content\\\/uploads\\\/2024\\\/04\\\/cropped-www.diarioprincipios.com_-1.png\",\"contentUrl\":\"https:\\\/\\\/diarioprincipios.com\\\/wp-content\\\/uploads\\\/2024\\\/04\\\/cropped-www.diarioprincipios.com_-1.png\",\"width\":5325,\"height\":1454,\"caption\":\"Principios\"},\"image\":{\"@id\":\"https:\\\/\\\/diarioprincipios.com\\\/#\\\/schema\\\/logo\\\/image\\\/\"}},{\"@type\":\"Person\",\"@id\":\"https:\\\/\\\/diarioprincipios.com\\\/#\\\/schema\\\/person\\\/436d5a1fd41a5e250e23ff5a6a7cb080\",\"name\":\"Hern\u00e1n L\u00f3pez\",\"image\":{\"@type\":\"ImageObject\",\"inLanguage\":\"es\",\"@id\":\"https:\\\/\\\/diarioprincipios.com\\\/wp-content\\\/litespeed\\\/avatar\\\/11ddfe5610ff3bd100522525b2571f48.jpg?ver=1777048341\",\"url\":\"https:\\\/\\\/diarioprincipios.com\\\/wp-content\\\/litespeed\\\/avatar\\\/11ddfe5610ff3bd100522525b2571f48.jpg?ver=1777048341\",\"contentUrl\":\"https:\\\/\\\/diarioprincipios.com\\\/wp-content\\\/litespeed\\\/avatar\\\/11ddfe5610ff3bd100522525b2571f48.jpg?ver=1777048341\",\"caption\":\"Hern\u00e1n L\u00f3pez\"},\"url\":\"https:\\\/\\\/diarioprincipios.com\\\/index.php\\\/author\\\/hernan\\\/\"}]}<\/script>\n<!-- \/ Yoast SEO plugin. -->","yoast_head_json":{"title":"Contin\u00faa en Quilmes la limpieza de arroyos y espacios p\u00fablicos - Principios","robots":{"index":"index","follow":"follow","max-snippet":"max-snippet:-1","max-image-preview":"max-image-preview:large","max-video-preview":"max-video-preview:-1"},"canonical":"https:\/\/diarioprincipios.com\/index.php\/2021\/01\/29\/continua-en-quilmes-la-limpieza-de-arroyos-y-espacios-publicos\/","og_locale":"es_ES","og_type":"article","og_title":"Contin\u00faa en Quilmes la limpieza de arroyos y espacios p\u00fablicos - Principios","og_description":"Se llev\u00f3 a cabo la limpieza del arroyo Las Piedras en su intersecci\u00f3n con la calle Mauri\u00f1o, en los cruces posteriores. Por otro lado, en el marco del programa \u201cQuilmes Limpio\u201d, en Villa La Florida y Bernal Oeste se hicieron trabajos de erradicaci\u00f3n de microbasurales ubicados en Camino General Belgrano, desde 842 hasta Lynch y...","og_url":"https:\/\/diarioprincipios.com\/index.php\/2021\/01\/29\/continua-en-quilmes-la-limpieza-de-arroyos-y-espacios-publicos\/","og_site_name":"Principios","article_published_time":"2021-01-29T17:07:40+00:00","article_modified_time":"2021-01-29T17:07:46+00:00","og_image":[{"width":1040,"height":633,"url":"https:\/\/diarioprincipios.com\/wp-content\/uploads\/2021\/01\/20210129_140323.jpg","type":"image\/jpeg"}],"author":"Hern\u00e1n L\u00f3pez","twitter_card":"summary_large_image","twitter_misc":{"Escrito por":"Hern\u00e1n L\u00f3pez","Tiempo de lectura":"2 minutos"},"schema":{"@context":"https:\/\/schema.org","@graph":[{"@type":"Article","@id":"https:\/\/diarioprincipios.com\/index.php\/2021\/01\/29\/continua-en-quilmes-la-limpieza-de-arroyos-y-espacios-publicos\/#article","isPartOf":{"@id":"https:\/\/diarioprincipios.com\/index.php\/2021\/01\/29\/continua-en-quilmes-la-limpieza-de-arroyos-y-espacios-publicos\/"},"author":{"name":"Hern\u00e1n L\u00f3pez","@id":"https:\/\/diarioprincipios.com\/#\/schema\/person\/436d5a1fd41a5e250e23ff5a6a7cb080"},"headline":"Contin\u00faa en Quilmes la limpieza de arroyos y espacios p\u00fablicos","datePublished":"2021-01-29T17:07:40+00:00","dateModified":"2021-01-29T17:07:46+00:00","mainEntityOfPage":{"@id":"https:\/\/diarioprincipios.com\/index.php\/2021\/01\/29\/continua-en-quilmes-la-limpieza-de-arroyos-y-espacios-publicos\/"},"wordCount":253,"commentCount":0,"publisher":{"@id":"https:\/\/diarioprincipios.com\/#organization"},"image":{"@id":"https:\/\/diarioprincipios.com\/index.php\/2021\/01\/29\/continua-en-quilmes-la-limpieza-de-arroyos-y-espacios-publicos\/#primaryimage"},"thumbnailUrl":"https:\/\/diarioprincipios.com\/wp-content\/uploads\/2021\/01\/20210129_140323.jpg","articleSection":["Quilmes"],"inLanguage":"es","potentialAction":[{"@type":"CommentAction","name":"Comment","target":["https:\/\/diarioprincipios.com\/index.php\/2021\/01\/29\/continua-en-quilmes-la-limpieza-de-arroyos-y-espacios-publicos\/#respond"]}]},{"@type":"WebPage","@id":"https:\/\/diarioprincipios.com\/index.php\/2021\/01\/29\/continua-en-quilmes-la-limpieza-de-arroyos-y-espacios-publicos\/","url":"https:\/\/diarioprincipios.com\/index.php\/2021\/01\/29\/continua-en-quilmes-la-limpieza-de-arroyos-y-espacios-publicos\/","name":"Contin\u00faa en Quilmes la limpieza de arroyos y espacios p\u00fablicos - Principios","isPartOf":{"@id":"https:\/\/diarioprincipios.com\/#website"},"primaryImageOfPage":{"@id":"https:\/\/diarioprincipios.com\/index.php\/2021\/01\/29\/continua-en-quilmes-la-limpieza-de-arroyos-y-espacios-publicos\/#primaryimage"},"image":{"@id":"https:\/\/diarioprincipios.com\/index.php\/2021\/01\/29\/continua-en-quilmes-la-limpieza-de-arroyos-y-espacios-publicos\/#primaryimage"},"thumbnailUrl":"https:\/\/diarioprincipios.com\/wp-content\/uploads\/2021\/01\/20210129_140323.jpg","datePublished":"2021-01-29T17:07:40+00:00","dateModified":"2021-01-29T17:07:46+00:00","breadcrumb":{"@id":"https:\/\/diarioprincipios.com\/index.php\/2021\/01\/29\/continua-en-quilmes-la-limpieza-de-arroyos-y-espacios-publicos\/#breadcrumb"},"inLanguage":"es","potentialAction":[{"@type":"ReadAction","target":["https:\/\/diarioprincipios.com\/index.php\/2021\/01\/29\/continua-en-quilmes-la-limpieza-de-arroyos-y-espacios-publicos\/"]}]},{"@type":"ImageObject","inLanguage":"es","@id":"https:\/\/diarioprincipios.com\/index.php\/2021\/01\/29\/continua-en-quilmes-la-limpieza-de-arroyos-y-espacios-publicos\/#primaryimage","url":"https:\/\/diarioprincipios.com\/wp-content\/uploads\/2021\/01\/20210129_140323.jpg","contentUrl":"https:\/\/diarioprincipios.com\/wp-content\/uploads\/2021\/01\/20210129_140323.jpg","width":1040,"height":633},{"@type":"BreadcrumbList","@id":"https:\/\/diarioprincipios.com\/index.php\/2021\/01\/29\/continua-en-quilmes-la-limpieza-de-arroyos-y-espacios-publicos\/#breadcrumb","itemListElement":[{"@type":"ListItem","position":1,"name":"Portada","item":"https:\/\/diarioprincipios.com\/"},{"@type":"ListItem","position":2,"name":"Contin\u00faa en Quilmes la limpieza de arroyos y espacios p\u00fablicos"}]},{"@type":"WebSite","@id":"https:\/\/diarioprincipios.com\/#website","url":"https:\/\/diarioprincipios.com\/","name":"Principios","description":"Principios Diario","publisher":{"@id":"https:\/\/diarioprincipios.com\/#organization"},"potentialAction":[{"@type":"SearchAction","target":{"@type":"EntryPoint","urlTemplate":"https:\/\/diarioprincipios.com\/?s={search_term_string}"},"query-input":{"@type":"PropertyValueSpecification","valueRequired":true,"valueName":"search_term_string"}}],"inLanguage":"es"},{"@type":"Organization","@id":"https:\/\/diarioprincipios.com\/#organization","name":"Principios","url":"https:\/\/diarioprincipios.com\/","logo":{"@type":"ImageObject","inLanguage":"es","@id":"https:\/\/diarioprincipios.com\/#\/schema\/logo\/image\/","url":"https:\/\/diarioprincipios.com\/wp-content\/uploads\/2024\/04\/cropped-www.diarioprincipios.com_-1.png","contentUrl":"https:\/\/diarioprincipios.com\/wp-content\/uploads\/2024\/04\/cropped-www.diarioprincipios.com_-1.png","width":5325,"height":1454,"caption":"Principios"},"image":{"@id":"https:\/\/diarioprincipios.com\/#\/schema\/logo\/image\/"}},{"@type":"Person","@id":"https:\/\/diarioprincipios.com\/#\/schema\/person\/436d5a1fd41a5e250e23ff5a6a7cb080","name":"Hern\u00e1n L\u00f3pez","image":{"@type":"ImageObject","inLanguage":"es","@id":"https:\/\/diarioprincipios.com\/wp-content\/litespeed\/avatar\/11ddfe5610ff3bd100522525b2571f48.jpg?ver=1777048341","url":"https:\/\/diarioprincipios.com\/wp-content\/litespeed\/avatar\/11ddfe5610ff3bd100522525b2571f48.jpg?ver=1777048341","contentUrl":"https:\/\/diarioprincipios.com\/wp-content\/litespeed\/avatar\/11ddfe5610ff3bd100522525b2571f48.jpg?ver=1777048341","caption":"Hern\u00e1n L\u00f3pez"},"url":"https:\/\/diarioprincipios.com\/index.php\/author\/hernan\/"}]}},"jetpack_featured_media_url":"https:\/\/diarioprincipios.com\/wp-content\/uploads\/2021\/01\/20210129_140323.jpg","_links":{"self":[{"href":"https:\/\/diarioprincipios.com\/index.php\/wp-json\/wp\/v2\/posts\/8386","targetHints":{"allow":["GET"]}}],"collection":[{"href":"https:\/\/diarioprincipios.com\/index.php\/wp-json\/wp\/v2\/posts"}],"about":[{"href":"https:\/\/diarioprincipios.com\/index.php\/wp-json\/wp\/v2\/types\/post"}],"author":[{"embeddable":true,"href":"https:\/\/diarioprincipios.com\/index.php\/wp-json\/wp\/v2\/users\/2"}],"replies":[{"embeddable":true,"href":"https:\/\/diarioprincipios.com\/index.php\/wp-json\/wp\/v2\/comments?post=8386"}],"version-history":[{"count":1,"href":"https:\/\/diarioprincipios.com\/index.php\/wp-json\/wp\/v2\/posts\/8386\/revisions"}],"predecessor-version":[{"id":8388,"href":"https:\/\/diarioprincipios.com\/index.php\/wp-json\/wp\/v2\/posts\/8386\/revisions\/8388"}],"wp:featuredmedia":[{"embeddable":true,"href":"https:\/\/diarioprincipios.com\/index.php\/wp-json\/wp\/v2\/media\/8387"}],"wp:attachment":[{"href":"https:\/\/diarioprincipios.com\/index.php\/wp-json\/wp\/v2\/media?parent=8386"}],"wp:term":[{"taxonomy":"category","embeddable":true,"href":"https:\/\/diarioprincipios.com\/index.php\/wp-json\/wp\/v2\/categories?post=8386"},{"taxonomy":"post_tag","embeddable":true,"href":"https:\/\/diarioprincipios.com\/index.php\/wp-json\/wp\/v2\/tags?post=8386"}],"curies":[{"name":"wp","href":"https:\/\/api.w.org\/{rel}","templated":true}]}}