{"id":8382,"date":"2021-01-29T13:58:44","date_gmt":"2021-01-29T16:58:44","guid":{"rendered":"http:\/\/diarioprincipios.com\/?p=8382"},"modified":"2021-01-29T13:58:49","modified_gmt":"2021-01-29T16:58:49","slug":"la-primaria-n-51-fue-una-de-las-sedes-del-programa-provincial-verano-atr","status":"publish","type":"post","link":"https:\/\/diarioprincipios.com\/index.php\/2021\/01\/29\/la-primaria-n-51-fue-una-de-las-sedes-del-programa-provincial-verano-atr\/","title":{"rendered":"La Primaria N\u00b0 51 fue una de las sedes del Programa Provincial \u00abVERANO ATR\u00bb"},"content":{"rendered":"\n<p><strong>Cumpliendo con los protocolos por el COVID-19, se desarroll\u00f3 en la Escuela Primaria N\u00b0 51 de Berazategui una de las jornadas correspondientes al programa \u201cVerano ATR\u201d (Acompa\u00f1amiento a las Trayectorias y la Revinculaci\u00f3n), que tiene como objetivo promover el aprendizaje de ni\u00f1os y adolescentes durante el periodo estival en los mismos establecimientos educativos, pero a trav\u00e9s de m\u00faltiples actividades l\u00fadicas, pedag\u00f3gicas y recreativas.<\/strong><br>En esta ocasi\u00f3n, con el prop\u00f3sito de evaluar el funcionamiento de esta iniciativa, el evento cont\u00f3 con la participaci\u00f3n de la subsecretaria de Promoci\u00f3n Sociocultural de la provincia de Buenos Aires, Lorena Riesgo; del director Nacional de Diversidad y Cultura Comunitaria, Gianni Buono; y del intendente de Berazategui, Juan Jos\u00e9 Mussi, quien destac\u00f3 esta original propuesta educativa impulsada por el Gobierno bonaerense e hizo hincapi\u00e9 en el permanente acompa\u00f1amiento hacia el Municipio por parte del Estado nacional y provincial.<\/p>\n\n\n\n<figure class=\"wp-block-image size-large\"><img loading=\"lazy\" decoding=\"async\" width=\"716\" height=\"464\" src=\"https:\/\/diarioprincipios.com\/wp-content\/uploads\/2021\/01\/LA-PRIMARIA-N\u00b0-51-FUE-UNA-DE-LAS-SEDES-DEL-PROGRAMA-PROVINCIAL-VERANO-ATR-3.jpeg\" alt=\"\" class=\"wp-image-8383\" srcset=\"https:\/\/diarioprincipios.com\/wp-content\/uploads\/2021\/01\/LA-PRIMARIA-N\u00b0-51-FUE-UNA-DE-LAS-SEDES-DEL-PROGRAMA-PROVINCIAL-VERANO-ATR-3.jpeg 716w, https:\/\/diarioprincipios.com\/wp-content\/uploads\/2021\/01\/LA-PRIMARIA-N\u00b0-51-FUE-UNA-DE-LAS-SEDES-DEL-PROGRAMA-PROVINCIAL-VERANO-ATR-3-300x194.jpeg 300w\" sizes=\"auto, (max-width: 716px) 100vw, 716px\" \/><\/figure>\n\n\n\n<p>\u00abMe pone muy contento recibir la visita de funcionarios nacionales y provinciales en mi querida ciudad\u201d, expres\u00f3 Mussi a trav\u00e9s de sus redes sociales, en un posteo donde adem\u00e1s agradeci\u00f3 al presidente de la Naci\u00f3n, Alberto Fern\u00e1ndez; y al gobernador de la Provincia, Axel Kicillof, \u201cpor estar siempre presentes\u201d.\u00a0<br>A su vez, durante la colorida jornada, que cont\u00f3 con el show de la Banda de las Corbatas en el patio interno de este establecimiento educativo de Pl\u00e1tanos, la subsecretaria de Promoci\u00f3n Sociocultural de la provincia de Buenos Aires asegur\u00f3: \u201cPara nosotros, es un verdadero gusto estar una vez m\u00e1s en Berazategui, realmente estamos muy agradecidos con el recibimiento y el compromiso de este Municipio y de su intendente\u201d.<br>En cuanto a esta singular propuesta, bautizada como \u201cVerano ATR\u201d, Lorena Riesgo explic\u00f3: \u201cEste es un programa que desarroll\u00f3 la Direcci\u00f3n General de Cultura y Educaci\u00f3n y que acompa\u00f1amos, desde el \u00e1rea de Cultura del Ministerio de Producci\u00f3n, con el objetivo de revincular a los ni\u00f1os, ni\u00f1as y adolescentes que transitaron un a\u00f1o muy dif\u00edcil en 2020 (a ra\u00edz de la pandemia), siempre cumpliendo con los protocolos, poni\u00e9ndolos nuevamente en contacto con sus docentes a trav\u00e9s de espect\u00e1culos de magia, m\u00fasica y canto. Adem\u00e1s, esto nos permite generar la contrataci\u00f3n de artistas locales, quienes en este \u00faltimo tiempo vieron dificultada la posibilidad de trabajo\u201d. \u00a0<\/p>\n\n\n\n<p><strong>PROGRAMA VERANO ATR<\/strong><br>Dise\u00f1ado por el Gobierno de la provincia de Buenos Aires, el Programa tiene como finalidad dar continuidad a la revinculaci\u00f3n de los ni\u00f1os, ni\u00f1as y adolescentes con su medio escolar, adem\u00e1s de promover el cuidado de la salud y ofrecer un \u00e1mbito recreativo. Para tal fin, la propuesta incluye la realizaci\u00f3n de obras teatrales, talleres y conciertos musicales, entre otras tantas actividades. Adem\u00e1s de la Primaria N\u00b0 51, la iniciativa tambi\u00e9n se desarroll\u00f3 en otras tres escuelas de Berazategui: el Polit\u00e9cnico, la Secundaria N\u00b0 15 de Guti\u00e9rrez y la Primaria N\u00b0 12 de El Pato.<\/p>\n","protected":false},"excerpt":{"rendered":"<p>Cumpliendo con los protocolos por el COVID-19, se desarroll\u00f3 en la Escuela Primaria N\u00b0 51 de Berazategui una de las jornadas correspondientes al programa \u201cVerano ATR\u201d (Acompa\u00f1amiento a las Trayectorias y la Revinculaci\u00f3n), que tiene como objetivo promover el aprendizaje de ni\u00f1os y adolescentes durante el periodo estival en los mismos establecimientos educativos, pero a&#8230;<\/p>\n","protected":false},"author":2,"featured_media":8384,"comment_status":"open","ping_status":"open","sticky":false,"template":"","format":"standard","meta":{"footnotes":""},"categories":[3],"tags":[],"class_list":["post-8382","post","type-post","status-publish","format-standard","has-post-thumbnail","hentry","category-berazategui"],"featured_image_src":"https:\/\/diarioprincipios.com\/wp-content\/uploads\/2021\/01\/LA-PRIMARIA-N\u00b0-51-FUE-UNA-DE-LAS-SEDES-DEL-PROGRAMA-PROVINCIAL-VERANO-ATR-2-1024x682.jpeg","blog_images":{"medium":"https:\/\/diarioprincipios.com\/wp-content\/uploads\/2021\/01\/LA-PRIMARIA-N\u00b0-51-FUE-UNA-DE-LAS-SEDES-DEL-PROGRAMA-PROVINCIAL-VERANO-ATR-2-300x200.jpeg","large":"https:\/\/diarioprincipios.com\/wp-content\/uploads\/2021\/01\/LA-PRIMARIA-N\u00b0-51-FUE-UNA-DE-LAS-SEDES-DEL-PROGRAMA-PROVINCIAL-VERANO-ATR-2-1024x682.jpeg"},"ams_acf":[],"yoast_head":"<!-- This site is optimized with the Yoast SEO plugin v27.3 - https:\/\/yoast.com\/product\/yoast-seo-wordpress\/ -->\n<title>La Primaria N\u00b0 51 fue una de las sedes del Programa Provincial &quot;VERANO ATR&quot; - Principios<\/title>\n<meta name=\"robots\" content=\"index, follow, max-snippet:-1, max-image-preview:large, max-video-preview:-1\" \/>\n<link rel=\"canonical\" href=\"https:\/\/diarioprincipios.com\/index.php\/2021\/01\/29\/la-primaria-n-51-fue-una-de-las-sedes-del-programa-provincial-verano-atr\/\" \/>\n<meta property=\"og:locale\" content=\"es_ES\" \/>\n<meta property=\"og:type\" content=\"article\" \/>\n<meta property=\"og:title\" content=\"La Primaria N\u00b0 51 fue una de las sedes del Programa Provincial &quot;VERANO ATR&quot; - Principios\" \/>\n<meta property=\"og:description\" content=\"Cumpliendo con los protocolos por el COVID-19, se desarroll\u00f3 en la Escuela Primaria N\u00b0 51 de Berazategui una de las jornadas correspondientes al programa \u201cVerano ATR\u201d (Acompa\u00f1amiento a las Trayectorias y la Revinculaci\u00f3n), que tiene como objetivo promover el aprendizaje de ni\u00f1os y adolescentes durante el periodo estival en los mismos establecimientos educativos, pero a...\" \/>\n<meta property=\"og:url\" content=\"https:\/\/diarioprincipios.com\/index.php\/2021\/01\/29\/la-primaria-n-51-fue-una-de-las-sedes-del-programa-provincial-verano-atr\/\" \/>\n<meta property=\"og:site_name\" content=\"Principios\" \/>\n<meta property=\"article:published_time\" content=\"2021-01-29T16:58:44+00:00\" \/>\n<meta property=\"article:modified_time\" content=\"2021-01-29T16:58:49+00:00\" \/>\n<meta property=\"og:image\" content=\"https:\/\/diarioprincipios.com\/wp-content\/uploads\/2021\/01\/LA-PRIMARIA-N\u00b0-51-FUE-UNA-DE-LAS-SEDES-DEL-PROGRAMA-PROVINCIAL-VERANO-ATR-2.jpeg\" \/>\n\t<meta property=\"og:image:width\" content=\"1280\" \/>\n\t<meta property=\"og:image:height\" content=\"853\" \/>\n\t<meta property=\"og:image:type\" content=\"image\/jpeg\" \/>\n<meta name=\"author\" content=\"Hern\u00e1n L\u00f3pez\" \/>\n<meta name=\"twitter:card\" content=\"summary_large_image\" \/>\n<meta name=\"twitter:label1\" content=\"Escrito por\" \/>\n\t<meta name=\"twitter:data1\" content=\"Hern\u00e1n L\u00f3pez\" \/>\n\t<meta name=\"twitter:label2\" content=\"Tiempo de lectura\" \/>\n\t<meta name=\"twitter:data2\" content=\"3 minutos\" \/>\n<script type=\"application\/ld+json\" class=\"yoast-schema-graph\">{\"@context\":\"https:\\\/\\\/schema.org\",\"@graph\":[{\"@type\":\"Article\",\"@id\":\"https:\\\/\\\/diarioprincipios.com\\\/index.php\\\/2021\\\/01\\\/29\\\/la-primaria-n-51-fue-una-de-las-sedes-del-programa-provincial-verano-atr\\\/#article\",\"isPartOf\":{\"@id\":\"https:\\\/\\\/diarioprincipios.com\\\/index.php\\\/2021\\\/01\\\/29\\\/la-primaria-n-51-fue-una-de-las-sedes-del-programa-provincial-verano-atr\\\/\"},\"author\":{\"name\":\"Hern\u00e1n L\u00f3pez\",\"@id\":\"https:\\\/\\\/diarioprincipios.com\\\/#\\\/schema\\\/person\\\/436d5a1fd41a5e250e23ff5a6a7cb080\"},\"headline\":\"La Primaria N\u00b0 51 fue una de las sedes del Programa Provincial \u00abVERANO ATR\u00bb\",\"datePublished\":\"2021-01-29T16:58:44+00:00\",\"dateModified\":\"2021-01-29T16:58:49+00:00\",\"mainEntityOfPage\":{\"@id\":\"https:\\\/\\\/diarioprincipios.com\\\/index.php\\\/2021\\\/01\\\/29\\\/la-primaria-n-51-fue-una-de-las-sedes-del-programa-provincial-verano-atr\\\/\"},\"wordCount\":514,\"commentCount\":0,\"publisher\":{\"@id\":\"https:\\\/\\\/diarioprincipios.com\\\/#organization\"},\"image\":{\"@id\":\"https:\\\/\\\/diarioprincipios.com\\\/index.php\\\/2021\\\/01\\\/29\\\/la-primaria-n-51-fue-una-de-las-sedes-del-programa-provincial-verano-atr\\\/#primaryimage\"},\"thumbnailUrl\":\"https:\\\/\\\/diarioprincipios.com\\\/wp-content\\\/uploads\\\/2021\\\/01\\\/LA-PRIMARIA-N\u00b0-51-FUE-UNA-DE-LAS-SEDES-DEL-PROGRAMA-PROVINCIAL-VERANO-ATR-2.jpeg\",\"articleSection\":[\"Berazategui\"],\"inLanguage\":\"es\",\"potentialAction\":[{\"@type\":\"CommentAction\",\"name\":\"Comment\",\"target\":[\"https:\\\/\\\/diarioprincipios.com\\\/index.php\\\/2021\\\/01\\\/29\\\/la-primaria-n-51-fue-una-de-las-sedes-del-programa-provincial-verano-atr\\\/#respond\"]}]},{\"@type\":\"WebPage\",\"@id\":\"https:\\\/\\\/diarioprincipios.com\\\/index.php\\\/2021\\\/01\\\/29\\\/la-primaria-n-51-fue-una-de-las-sedes-del-programa-provincial-verano-atr\\\/\",\"url\":\"https:\\\/\\\/diarioprincipios.com\\\/index.php\\\/2021\\\/01\\\/29\\\/la-primaria-n-51-fue-una-de-las-sedes-del-programa-provincial-verano-atr\\\/\",\"name\":\"La Primaria N\u00b0 51 fue una de las sedes del Programa Provincial \\\"VERANO ATR\\\" - Principios\",\"isPartOf\":{\"@id\":\"https:\\\/\\\/diarioprincipios.com\\\/#website\"},\"primaryImageOfPage\":{\"@id\":\"https:\\\/\\\/diarioprincipios.com\\\/index.php\\\/2021\\\/01\\\/29\\\/la-primaria-n-51-fue-una-de-las-sedes-del-programa-provincial-verano-atr\\\/#primaryimage\"},\"image\":{\"@id\":\"https:\\\/\\\/diarioprincipios.com\\\/index.php\\\/2021\\\/01\\\/29\\\/la-primaria-n-51-fue-una-de-las-sedes-del-programa-provincial-verano-atr\\\/#primaryimage\"},\"thumbnailUrl\":\"https:\\\/\\\/diarioprincipios.com\\\/wp-content\\\/uploads\\\/2021\\\/01\\\/LA-PRIMARIA-N\u00b0-51-FUE-UNA-DE-LAS-SEDES-DEL-PROGRAMA-PROVINCIAL-VERANO-ATR-2.jpeg\",\"datePublished\":\"2021-01-29T16:58:44+00:00\",\"dateModified\":\"2021-01-29T16:58:49+00:00\",\"breadcrumb\":{\"@id\":\"https:\\\/\\\/diarioprincipios.com\\\/index.php\\\/2021\\\/01\\\/29\\\/la-primaria-n-51-fue-una-de-las-sedes-del-programa-provincial-verano-atr\\\/#breadcrumb\"},\"inLanguage\":\"es\",\"potentialAction\":[{\"@type\":\"ReadAction\",\"target\":[\"https:\\\/\\\/diarioprincipios.com\\\/index.php\\\/2021\\\/01\\\/29\\\/la-primaria-n-51-fue-una-de-las-sedes-del-programa-provincial-verano-atr\\\/\"]}]},{\"@type\":\"ImageObject\",\"inLanguage\":\"es\",\"@id\":\"https:\\\/\\\/diarioprincipios.com\\\/index.php\\\/2021\\\/01\\\/29\\\/la-primaria-n-51-fue-una-de-las-sedes-del-programa-provincial-verano-atr\\\/#primaryimage\",\"url\":\"https:\\\/\\\/diarioprincipios.com\\\/wp-content\\\/uploads\\\/2021\\\/01\\\/LA-PRIMARIA-N\u00b0-51-FUE-UNA-DE-LAS-SEDES-DEL-PROGRAMA-PROVINCIAL-VERANO-ATR-2.jpeg\",\"contentUrl\":\"https:\\\/\\\/diarioprincipios.com\\\/wp-content\\\/uploads\\\/2021\\\/01\\\/LA-PRIMARIA-N\u00b0-51-FUE-UNA-DE-LAS-SEDES-DEL-PROGRAMA-PROVINCIAL-VERANO-ATR-2.jpeg\",\"width\":1280,\"height\":853},{\"@type\":\"BreadcrumbList\",\"@id\":\"https:\\\/\\\/diarioprincipios.com\\\/index.php\\\/2021\\\/01\\\/29\\\/la-primaria-n-51-fue-una-de-las-sedes-del-programa-provincial-verano-atr\\\/#breadcrumb\",\"itemListElement\":[{\"@type\":\"ListItem\",\"position\":1,\"name\":\"Portada\",\"item\":\"https:\\\/\\\/diarioprincipios.com\\\/\"},{\"@type\":\"ListItem\",\"position\":2,\"name\":\"La Primaria N\u00b0 51 fue una de las sedes del Programa Provincial \u00abVERANO ATR\u00bb\"}]},{\"@type\":\"WebSite\",\"@id\":\"https:\\\/\\\/diarioprincipios.com\\\/#website\",\"url\":\"https:\\\/\\\/diarioprincipios.com\\\/\",\"name\":\"Principios\",\"description\":\"Principios Diario\",\"publisher\":{\"@id\":\"https:\\\/\\\/diarioprincipios.com\\\/#organization\"},\"potentialAction\":[{\"@type\":\"SearchAction\",\"target\":{\"@type\":\"EntryPoint\",\"urlTemplate\":\"https:\\\/\\\/diarioprincipios.com\\\/?s={search_term_string}\"},\"query-input\":{\"@type\":\"PropertyValueSpecification\",\"valueRequired\":true,\"valueName\":\"search_term_string\"}}],\"inLanguage\":\"es\"},{\"@type\":\"Organization\",\"@id\":\"https:\\\/\\\/diarioprincipios.com\\\/#organization\",\"name\":\"Principios\",\"url\":\"https:\\\/\\\/diarioprincipios.com\\\/\",\"logo\":{\"@type\":\"ImageObject\",\"inLanguage\":\"es\",\"@id\":\"https:\\\/\\\/diarioprincipios.com\\\/#\\\/schema\\\/logo\\\/image\\\/\",\"url\":\"https:\\\/\\\/diarioprincipios.com\\\/wp-content\\\/uploads\\\/2024\\\/04\\\/cropped-www.diarioprincipios.com_-1.png\",\"contentUrl\":\"https:\\\/\\\/diarioprincipios.com\\\/wp-content\\\/uploads\\\/2024\\\/04\\\/cropped-www.diarioprincipios.com_-1.png\",\"width\":5325,\"height\":1454,\"caption\":\"Principios\"},\"image\":{\"@id\":\"https:\\\/\\\/diarioprincipios.com\\\/#\\\/schema\\\/logo\\\/image\\\/\"}},{\"@type\":\"Person\",\"@id\":\"https:\\\/\\\/diarioprincipios.com\\\/#\\\/schema\\\/person\\\/436d5a1fd41a5e250e23ff5a6a7cb080\",\"name\":\"Hern\u00e1n L\u00f3pez\",\"image\":{\"@type\":\"ImageObject\",\"inLanguage\":\"es\",\"@id\":\"https:\\\/\\\/diarioprincipios.com\\\/wp-content\\\/litespeed\\\/avatar\\\/11ddfe5610ff3bd100522525b2571f48.jpg?ver=1777048341\",\"url\":\"https:\\\/\\\/diarioprincipios.com\\\/wp-content\\\/litespeed\\\/avatar\\\/11ddfe5610ff3bd100522525b2571f48.jpg?ver=1777048341\",\"contentUrl\":\"https:\\\/\\\/diarioprincipios.com\\\/wp-content\\\/litespeed\\\/avatar\\\/11ddfe5610ff3bd100522525b2571f48.jpg?ver=1777048341\",\"caption\":\"Hern\u00e1n L\u00f3pez\"},\"url\":\"https:\\\/\\\/diarioprincipios.com\\\/index.php\\\/author\\\/hernan\\\/\"}]}<\/script>\n<!-- \/ Yoast SEO plugin. -->","yoast_head_json":{"title":"La Primaria N\u00b0 51 fue una de las sedes del Programa Provincial \"VERANO ATR\" - Principios","robots":{"index":"index","follow":"follow","max-snippet":"max-snippet:-1","max-image-preview":"max-image-preview:large","max-video-preview":"max-video-preview:-1"},"canonical":"https:\/\/diarioprincipios.com\/index.php\/2021\/01\/29\/la-primaria-n-51-fue-una-de-las-sedes-del-programa-provincial-verano-atr\/","og_locale":"es_ES","og_type":"article","og_title":"La Primaria N\u00b0 51 fue una de las sedes del Programa Provincial \"VERANO ATR\" - Principios","og_description":"Cumpliendo con los protocolos por el COVID-19, se desarroll\u00f3 en la Escuela Primaria N\u00b0 51 de Berazategui una de las jornadas correspondientes al programa \u201cVerano ATR\u201d (Acompa\u00f1amiento a las Trayectorias y la Revinculaci\u00f3n), que tiene como objetivo promover el aprendizaje de ni\u00f1os y adolescentes durante el periodo estival en los mismos establecimientos educativos, pero a...","og_url":"https:\/\/diarioprincipios.com\/index.php\/2021\/01\/29\/la-primaria-n-51-fue-una-de-las-sedes-del-programa-provincial-verano-atr\/","og_site_name":"Principios","article_published_time":"2021-01-29T16:58:44+00:00","article_modified_time":"2021-01-29T16:58:49+00:00","og_image":[{"width":1280,"height":853,"url":"https:\/\/diarioprincipios.com\/wp-content\/uploads\/2021\/01\/LA-PRIMARIA-N\u00b0-51-FUE-UNA-DE-LAS-SEDES-DEL-PROGRAMA-PROVINCIAL-VERANO-ATR-2.jpeg","type":"image\/jpeg"}],"author":"Hern\u00e1n L\u00f3pez","twitter_card":"summary_large_image","twitter_misc":{"Escrito por":"Hern\u00e1n L\u00f3pez","Tiempo de lectura":"3 minutos"},"schema":{"@context":"https:\/\/schema.org","@graph":[{"@type":"Article","@id":"https:\/\/diarioprincipios.com\/index.php\/2021\/01\/29\/la-primaria-n-51-fue-una-de-las-sedes-del-programa-provincial-verano-atr\/#article","isPartOf":{"@id":"https:\/\/diarioprincipios.com\/index.php\/2021\/01\/29\/la-primaria-n-51-fue-una-de-las-sedes-del-programa-provincial-verano-atr\/"},"author":{"name":"Hern\u00e1n L\u00f3pez","@id":"https:\/\/diarioprincipios.com\/#\/schema\/person\/436d5a1fd41a5e250e23ff5a6a7cb080"},"headline":"La Primaria N\u00b0 51 fue una de las sedes del Programa Provincial \u00abVERANO ATR\u00bb","datePublished":"2021-01-29T16:58:44+00:00","dateModified":"2021-01-29T16:58:49+00:00","mainEntityOfPage":{"@id":"https:\/\/diarioprincipios.com\/index.php\/2021\/01\/29\/la-primaria-n-51-fue-una-de-las-sedes-del-programa-provincial-verano-atr\/"},"wordCount":514,"commentCount":0,"publisher":{"@id":"https:\/\/diarioprincipios.com\/#organization"},"image":{"@id":"https:\/\/diarioprincipios.com\/index.php\/2021\/01\/29\/la-primaria-n-51-fue-una-de-las-sedes-del-programa-provincial-verano-atr\/#primaryimage"},"thumbnailUrl":"https:\/\/diarioprincipios.com\/wp-content\/uploads\/2021\/01\/LA-PRIMARIA-N\u00b0-51-FUE-UNA-DE-LAS-SEDES-DEL-PROGRAMA-PROVINCIAL-VERANO-ATR-2.jpeg","articleSection":["Berazategui"],"inLanguage":"es","potentialAction":[{"@type":"CommentAction","name":"Comment","target":["https:\/\/diarioprincipios.com\/index.php\/2021\/01\/29\/la-primaria-n-51-fue-una-de-las-sedes-del-programa-provincial-verano-atr\/#respond"]}]},{"@type":"WebPage","@id":"https:\/\/diarioprincipios.com\/index.php\/2021\/01\/29\/la-primaria-n-51-fue-una-de-las-sedes-del-programa-provincial-verano-atr\/","url":"https:\/\/diarioprincipios.com\/index.php\/2021\/01\/29\/la-primaria-n-51-fue-una-de-las-sedes-del-programa-provincial-verano-atr\/","name":"La Primaria N\u00b0 51 fue una de las sedes del Programa Provincial \"VERANO ATR\" - Principios","isPartOf":{"@id":"https:\/\/diarioprincipios.com\/#website"},"primaryImageOfPage":{"@id":"https:\/\/diarioprincipios.com\/index.php\/2021\/01\/29\/la-primaria-n-51-fue-una-de-las-sedes-del-programa-provincial-verano-atr\/#primaryimage"},"image":{"@id":"https:\/\/diarioprincipios.com\/index.php\/2021\/01\/29\/la-primaria-n-51-fue-una-de-las-sedes-del-programa-provincial-verano-atr\/#primaryimage"},"thumbnailUrl":"https:\/\/diarioprincipios.com\/wp-content\/uploads\/2021\/01\/LA-PRIMARIA-N\u00b0-51-FUE-UNA-DE-LAS-SEDES-DEL-PROGRAMA-PROVINCIAL-VERANO-ATR-2.jpeg","datePublished":"2021-01-29T16:58:44+00:00","dateModified":"2021-01-29T16:58:49+00:00","breadcrumb":{"@id":"https:\/\/diarioprincipios.com\/index.php\/2021\/01\/29\/la-primaria-n-51-fue-una-de-las-sedes-del-programa-provincial-verano-atr\/#breadcrumb"},"inLanguage":"es","potentialAction":[{"@type":"ReadAction","target":["https:\/\/diarioprincipios.com\/index.php\/2021\/01\/29\/la-primaria-n-51-fue-una-de-las-sedes-del-programa-provincial-verano-atr\/"]}]},{"@type":"ImageObject","inLanguage":"es","@id":"https:\/\/diarioprincipios.com\/index.php\/2021\/01\/29\/la-primaria-n-51-fue-una-de-las-sedes-del-programa-provincial-verano-atr\/#primaryimage","url":"https:\/\/diarioprincipios.com\/wp-content\/uploads\/2021\/01\/LA-PRIMARIA-N\u00b0-51-FUE-UNA-DE-LAS-SEDES-DEL-PROGRAMA-PROVINCIAL-VERANO-ATR-2.jpeg","contentUrl":"https:\/\/diarioprincipios.com\/wp-content\/uploads\/2021\/01\/LA-PRIMARIA-N\u00b0-51-FUE-UNA-DE-LAS-SEDES-DEL-PROGRAMA-PROVINCIAL-VERANO-ATR-2.jpeg","width":1280,"height":853},{"@type":"BreadcrumbList","@id":"https:\/\/diarioprincipios.com\/index.php\/2021\/01\/29\/la-primaria-n-51-fue-una-de-las-sedes-del-programa-provincial-verano-atr\/#breadcrumb","itemListElement":[{"@type":"ListItem","position":1,"name":"Portada","item":"https:\/\/diarioprincipios.com\/"},{"@type":"ListItem","position":2,"name":"La Primaria N\u00b0 51 fue una de las sedes del Programa Provincial \u00abVERANO ATR\u00bb"}]},{"@type":"WebSite","@id":"https:\/\/diarioprincipios.com\/#website","url":"https:\/\/diarioprincipios.com\/","name":"Principios","description":"Principios Diario","publisher":{"@id":"https:\/\/diarioprincipios.com\/#organization"},"potentialAction":[{"@type":"SearchAction","target":{"@type":"EntryPoint","urlTemplate":"https:\/\/diarioprincipios.com\/?s={search_term_string}"},"query-input":{"@type":"PropertyValueSpecification","valueRequired":true,"valueName":"search_term_string"}}],"inLanguage":"es"},{"@type":"Organization","@id":"https:\/\/diarioprincipios.com\/#organization","name":"Principios","url":"https:\/\/diarioprincipios.com\/","logo":{"@type":"ImageObject","inLanguage":"es","@id":"https:\/\/diarioprincipios.com\/#\/schema\/logo\/image\/","url":"https:\/\/diarioprincipios.com\/wp-content\/uploads\/2024\/04\/cropped-www.diarioprincipios.com_-1.png","contentUrl":"https:\/\/diarioprincipios.com\/wp-content\/uploads\/2024\/04\/cropped-www.diarioprincipios.com_-1.png","width":5325,"height":1454,"caption":"Principios"},"image":{"@id":"https:\/\/diarioprincipios.com\/#\/schema\/logo\/image\/"}},{"@type":"Person","@id":"https:\/\/diarioprincipios.com\/#\/schema\/person\/436d5a1fd41a5e250e23ff5a6a7cb080","name":"Hern\u00e1n L\u00f3pez","image":{"@type":"ImageObject","inLanguage":"es","@id":"https:\/\/diarioprincipios.com\/wp-content\/litespeed\/avatar\/11ddfe5610ff3bd100522525b2571f48.jpg?ver=1777048341","url":"https:\/\/diarioprincipios.com\/wp-content\/litespeed\/avatar\/11ddfe5610ff3bd100522525b2571f48.jpg?ver=1777048341","contentUrl":"https:\/\/diarioprincipios.com\/wp-content\/litespeed\/avatar\/11ddfe5610ff3bd100522525b2571f48.jpg?ver=1777048341","caption":"Hern\u00e1n L\u00f3pez"},"url":"https:\/\/diarioprincipios.com\/index.php\/author\/hernan\/"}]}},"jetpack_featured_media_url":"https:\/\/diarioprincipios.com\/wp-content\/uploads\/2021\/01\/LA-PRIMARIA-N\u00b0-51-FUE-UNA-DE-LAS-SEDES-DEL-PROGRAMA-PROVINCIAL-VERANO-ATR-2.jpeg","_links":{"self":[{"href":"https:\/\/diarioprincipios.com\/index.php\/wp-json\/wp\/v2\/posts\/8382","targetHints":{"allow":["GET"]}}],"collection":[{"href":"https:\/\/diarioprincipios.com\/index.php\/wp-json\/wp\/v2\/posts"}],"about":[{"href":"https:\/\/diarioprincipios.com\/index.php\/wp-json\/wp\/v2\/types\/post"}],"author":[{"embeddable":true,"href":"https:\/\/diarioprincipios.com\/index.php\/wp-json\/wp\/v2\/users\/2"}],"replies":[{"embeddable":true,"href":"https:\/\/diarioprincipios.com\/index.php\/wp-json\/wp\/v2\/comments?post=8382"}],"version-history":[{"count":1,"href":"https:\/\/diarioprincipios.com\/index.php\/wp-json\/wp\/v2\/posts\/8382\/revisions"}],"predecessor-version":[{"id":8385,"href":"https:\/\/diarioprincipios.com\/index.php\/wp-json\/wp\/v2\/posts\/8382\/revisions\/8385"}],"wp:featuredmedia":[{"embeddable":true,"href":"https:\/\/diarioprincipios.com\/index.php\/wp-json\/wp\/v2\/media\/8384"}],"wp:attachment":[{"href":"https:\/\/diarioprincipios.com\/index.php\/wp-json\/wp\/v2\/media?parent=8382"}],"wp:term":[{"taxonomy":"category","embeddable":true,"href":"https:\/\/diarioprincipios.com\/index.php\/wp-json\/wp\/v2\/categories?post=8382"},{"taxonomy":"post_tag","embeddable":true,"href":"https:\/\/diarioprincipios.com\/index.php\/wp-json\/wp\/v2\/tags?post=8382"}],"curies":[{"name":"wp","href":"https:\/\/api.w.org\/{rel}","templated":true}]}}