{"id":8379,"date":"2021-01-29T13:49:53","date_gmt":"2021-01-29T16:49:53","guid":{"rendered":"http:\/\/diarioprincipios.com\/?p=8379"},"modified":"2021-01-29T13:49:57","modified_gmt":"2021-01-29T16:49:57","slug":"el-intendente-chornobroff-y-magdalena-sierra-entregaron-subsidios-junto-al-ministro-ferraresi","status":"publish","type":"post","link":"https:\/\/diarioprincipios.com\/index.php\/2021\/01\/29\/el-intendente-chornobroff-y-magdalena-sierra-entregaron-subsidios-junto-al-ministro-ferraresi\/","title":{"rendered":"El intendente Chornobroff y Magdalena Sierra entregaron subsidios junto al ministro Ferraresi"},"content":{"rendered":"\n<p>El municipio sigue adelante con su pol\u00edtica de apoyo a todas las instituciones locales. Ayer se entregaron m\u00e1s de $ 68 millones en subsidios para escuelas, clubes y centros de jubilados del distrito.\u00a0<\/p>\n\n\n\n<p>En un acto que se llev\u00f3 adelante en el Parque La Estaci\u00f3n, la Municipalidad de Avellaneda le dio continuidad a su permanente decisi\u00f3n de ayudar a las instituciones del distrito, mediante aportes econ\u00f3micos que les permiten mejorar su infraestructura.&nbsp;<\/p>\n\n\n\n<p>El ministro de Desarrollo Territorial y H\u00e1bitat de la Naci\u00f3n, Jorge Ferraresi, junto al intendente de Avellaneda Alejo Chornobroff y la jefa de Gabinete Magdalena Sierra, encabezaron el acto del que participaron representantes de las 54 instituciones que recibieron subsidios por un total de $ 68.693.588.&nbsp;<\/p>\n\n\n\n<p>Al hacer referencia al camino iniciado mientras fue jefe comunal de Avellaneda, Ferraresi remarc\u00f3 en su discurso: \u201cNosotros hemos trabajado como comunidad organizada para tener las escuelas, los centros de jubilados y los clubes m\u00e1s lindos del pa\u00eds\u201d, y luego agreg\u00f3: \u201cHoy tenemos el desaf\u00edo de generar una Argentina donde los chicos puedan so\u00f1ar y as\u00ed dejarles una Patria mejor a la que tuvimos nosotros\u201d.&nbsp;<\/p>\n\n\n\n<p>En esta ocasi\u00f3n recibieron subsidios 29 instituciones educativas de los diferentes niveles y modalidades, 21 clubes de barrio y 4 centros de jubilados. A lo largo del acto, representantes y dirigentes de estas instituciones agradecieron el trabajo que llev\u00f3 adelante la Municipalidad de Avellaneda durante los \u00faltimos a\u00f1os para mejorar sus instalaciones y equipamiento. &nbsp;<\/p>\n\n\n\n<p>Cabe destacar que a trav\u00e9s del programa municipal \u201cHaciendo Escuela\u201d la comuna prev\u00e9 invertir $ 1238 millones en obras, durante el 2021. Asimismo, a lo largo de este a\u00f1o se prev\u00e9 la construcci\u00f3n de 4 nuevos Polideportivos Municipales, 5 nuevas sedes para clubes de barrio y para un centro de jubilados, adem\u00e1s de mejoras en 8 polideportivos ya existentes.&nbsp;<\/p>\n\n\n\n<p>Tambi\u00e9n estuvieron presentes en la actividad el presidente del Concejo Deliberante de Avellaneda, Hugo Barrueco; la secretaria de Educaci\u00f3n, Mar\u00eda Laura de Vincenti, el de Obras P\u00fablicas, Gast\u00f3n Seill\u00e1n; de Deportes, Sebasti\u00e1n Vidal; la subsecretaria de Tercera Edad, Mar\u00eda P\u00eda Genovese; el de Institucionales, Ariel Lerici; y la titular del Consejo Escolar de Avellaneda, Claudia Colaso.\u00a0<\/p>\n","protected":false},"excerpt":{"rendered":"<p>El municipio sigue adelante con su pol\u00edtica de apoyo a todas las instituciones locales. Ayer se entregaron m\u00e1s de $ 68 millones en subsidios para escuelas, clubes y centros de jubilados del distrito.\u00a0 En un acto que se llev\u00f3 adelante en el Parque La Estaci\u00f3n, la Municipalidad de Avellaneda le dio continuidad a su permanente&#8230;<\/p>\n","protected":false},"author":2,"featured_media":8380,"comment_status":"open","ping_status":"open","sticky":false,"template":"","format":"standard","meta":{"footnotes":""},"categories":[5],"tags":[],"class_list":["post-8379","post","type-post","status-publish","format-standard","has-post-thumbnail","hentry","category-avellaneda"],"featured_image_src":"https:\/\/diarioprincipios.com\/wp-content\/uploads\/2021\/01\/20210129_134729-1024x551.jpg","blog_images":{"medium":"https:\/\/diarioprincipios.com\/wp-content\/uploads\/2021\/01\/20210129_134729-300x161.jpg","large":"https:\/\/diarioprincipios.com\/wp-content\/uploads\/2021\/01\/20210129_134729-1024x551.jpg"},"ams_acf":[],"yoast_head":"<!-- This site is optimized with the Yoast SEO plugin v27.3 - https:\/\/yoast.com\/product\/yoast-seo-wordpress\/ -->\n<title>El intendente Chornobroff y Magdalena Sierra entregaron subsidios junto al ministro Ferraresi - Principios<\/title>\n<meta name=\"robots\" content=\"index, follow, max-snippet:-1, max-image-preview:large, max-video-preview:-1\" \/>\n<link rel=\"canonical\" href=\"https:\/\/diarioprincipios.com\/index.php\/2021\/01\/29\/el-intendente-chornobroff-y-magdalena-sierra-entregaron-subsidios-junto-al-ministro-ferraresi\/\" \/>\n<meta property=\"og:locale\" content=\"es_ES\" \/>\n<meta property=\"og:type\" content=\"article\" \/>\n<meta property=\"og:title\" content=\"El intendente Chornobroff y Magdalena Sierra entregaron subsidios junto al ministro Ferraresi - Principios\" \/>\n<meta property=\"og:description\" content=\"El municipio sigue adelante con su pol\u00edtica de apoyo a todas las instituciones locales. Ayer se entregaron m\u00e1s de $ 68 millones en subsidios para escuelas, clubes y centros de jubilados del distrito.\u00a0 En un acto que se llev\u00f3 adelante en el Parque La Estaci\u00f3n, la Municipalidad de Avellaneda le dio continuidad a su permanente...\" \/>\n<meta property=\"og:url\" content=\"https:\/\/diarioprincipios.com\/index.php\/2021\/01\/29\/el-intendente-chornobroff-y-magdalena-sierra-entregaron-subsidios-junto-al-ministro-ferraresi\/\" \/>\n<meta property=\"og:site_name\" content=\"Principios\" \/>\n<meta property=\"article:published_time\" content=\"2021-01-29T16:49:53+00:00\" \/>\n<meta property=\"article:modified_time\" content=\"2021-01-29T16:49:57+00:00\" \/>\n<meta property=\"og:image\" content=\"https:\/\/diarioprincipios.com\/wp-content\/uploads\/2021\/01\/20210129_134729.jpg\" \/>\n\t<meta property=\"og:image:width\" content=\"1250\" \/>\n\t<meta property=\"og:image:height\" content=\"672\" \/>\n\t<meta property=\"og:image:type\" content=\"image\/jpeg\" \/>\n<meta name=\"author\" content=\"Hern\u00e1n L\u00f3pez\" \/>\n<meta name=\"twitter:card\" content=\"summary_large_image\" \/>\n<meta name=\"twitter:label1\" content=\"Escrito por\" \/>\n\t<meta name=\"twitter:data1\" content=\"Hern\u00e1n L\u00f3pez\" \/>\n\t<meta name=\"twitter:label2\" content=\"Tiempo de lectura\" \/>\n\t<meta name=\"twitter:data2\" content=\"2 minutos\" \/>\n<script type=\"application\/ld+json\" class=\"yoast-schema-graph\">{\"@context\":\"https:\\\/\\\/schema.org\",\"@graph\":[{\"@type\":\"Article\",\"@id\":\"https:\\\/\\\/diarioprincipios.com\\\/index.php\\\/2021\\\/01\\\/29\\\/el-intendente-chornobroff-y-magdalena-sierra-entregaron-subsidios-junto-al-ministro-ferraresi\\\/#article\",\"isPartOf\":{\"@id\":\"https:\\\/\\\/diarioprincipios.com\\\/index.php\\\/2021\\\/01\\\/29\\\/el-intendente-chornobroff-y-magdalena-sierra-entregaron-subsidios-junto-al-ministro-ferraresi\\\/\"},\"author\":{\"name\":\"Hern\u00e1n L\u00f3pez\",\"@id\":\"https:\\\/\\\/diarioprincipios.com\\\/#\\\/schema\\\/person\\\/436d5a1fd41a5e250e23ff5a6a7cb080\"},\"headline\":\"El intendente Chornobroff y Magdalena Sierra entregaron subsidios junto al ministro Ferraresi\",\"datePublished\":\"2021-01-29T16:49:53+00:00\",\"dateModified\":\"2021-01-29T16:49:57+00:00\",\"mainEntityOfPage\":{\"@id\":\"https:\\\/\\\/diarioprincipios.com\\\/index.php\\\/2021\\\/01\\\/29\\\/el-intendente-chornobroff-y-magdalena-sierra-entregaron-subsidios-junto-al-ministro-ferraresi\\\/\"},\"wordCount\":381,\"commentCount\":0,\"publisher\":{\"@id\":\"https:\\\/\\\/diarioprincipios.com\\\/#organization\"},\"image\":{\"@id\":\"https:\\\/\\\/diarioprincipios.com\\\/index.php\\\/2021\\\/01\\\/29\\\/el-intendente-chornobroff-y-magdalena-sierra-entregaron-subsidios-junto-al-ministro-ferraresi\\\/#primaryimage\"},\"thumbnailUrl\":\"https:\\\/\\\/diarioprincipios.com\\\/wp-content\\\/uploads\\\/2021\\\/01\\\/20210129_134729.jpg\",\"articleSection\":[\"Avellaneda\"],\"inLanguage\":\"es\",\"potentialAction\":[{\"@type\":\"CommentAction\",\"name\":\"Comment\",\"target\":[\"https:\\\/\\\/diarioprincipios.com\\\/index.php\\\/2021\\\/01\\\/29\\\/el-intendente-chornobroff-y-magdalena-sierra-entregaron-subsidios-junto-al-ministro-ferraresi\\\/#respond\"]}]},{\"@type\":\"WebPage\",\"@id\":\"https:\\\/\\\/diarioprincipios.com\\\/index.php\\\/2021\\\/01\\\/29\\\/el-intendente-chornobroff-y-magdalena-sierra-entregaron-subsidios-junto-al-ministro-ferraresi\\\/\",\"url\":\"https:\\\/\\\/diarioprincipios.com\\\/index.php\\\/2021\\\/01\\\/29\\\/el-intendente-chornobroff-y-magdalena-sierra-entregaron-subsidios-junto-al-ministro-ferraresi\\\/\",\"name\":\"El intendente Chornobroff y Magdalena Sierra entregaron subsidios junto al ministro Ferraresi - Principios\",\"isPartOf\":{\"@id\":\"https:\\\/\\\/diarioprincipios.com\\\/#website\"},\"primaryImageOfPage\":{\"@id\":\"https:\\\/\\\/diarioprincipios.com\\\/index.php\\\/2021\\\/01\\\/29\\\/el-intendente-chornobroff-y-magdalena-sierra-entregaron-subsidios-junto-al-ministro-ferraresi\\\/#primaryimage\"},\"image\":{\"@id\":\"https:\\\/\\\/diarioprincipios.com\\\/index.php\\\/2021\\\/01\\\/29\\\/el-intendente-chornobroff-y-magdalena-sierra-entregaron-subsidios-junto-al-ministro-ferraresi\\\/#primaryimage\"},\"thumbnailUrl\":\"https:\\\/\\\/diarioprincipios.com\\\/wp-content\\\/uploads\\\/2021\\\/01\\\/20210129_134729.jpg\",\"datePublished\":\"2021-01-29T16:49:53+00:00\",\"dateModified\":\"2021-01-29T16:49:57+00:00\",\"breadcrumb\":{\"@id\":\"https:\\\/\\\/diarioprincipios.com\\\/index.php\\\/2021\\\/01\\\/29\\\/el-intendente-chornobroff-y-magdalena-sierra-entregaron-subsidios-junto-al-ministro-ferraresi\\\/#breadcrumb\"},\"inLanguage\":\"es\",\"potentialAction\":[{\"@type\":\"ReadAction\",\"target\":[\"https:\\\/\\\/diarioprincipios.com\\\/index.php\\\/2021\\\/01\\\/29\\\/el-intendente-chornobroff-y-magdalena-sierra-entregaron-subsidios-junto-al-ministro-ferraresi\\\/\"]}]},{\"@type\":\"ImageObject\",\"inLanguage\":\"es\",\"@id\":\"https:\\\/\\\/diarioprincipios.com\\\/index.php\\\/2021\\\/01\\\/29\\\/el-intendente-chornobroff-y-magdalena-sierra-entregaron-subsidios-junto-al-ministro-ferraresi\\\/#primaryimage\",\"url\":\"https:\\\/\\\/diarioprincipios.com\\\/wp-content\\\/uploads\\\/2021\\\/01\\\/20210129_134729.jpg\",\"contentUrl\":\"https:\\\/\\\/diarioprincipios.com\\\/wp-content\\\/uploads\\\/2021\\\/01\\\/20210129_134729.jpg\",\"width\":1250,\"height\":672},{\"@type\":\"BreadcrumbList\",\"@id\":\"https:\\\/\\\/diarioprincipios.com\\\/index.php\\\/2021\\\/01\\\/29\\\/el-intendente-chornobroff-y-magdalena-sierra-entregaron-subsidios-junto-al-ministro-ferraresi\\\/#breadcrumb\",\"itemListElement\":[{\"@type\":\"ListItem\",\"position\":1,\"name\":\"Portada\",\"item\":\"https:\\\/\\\/diarioprincipios.com\\\/\"},{\"@type\":\"ListItem\",\"position\":2,\"name\":\"El intendente Chornobroff y Magdalena Sierra entregaron subsidios junto al ministro Ferraresi\"}]},{\"@type\":\"WebSite\",\"@id\":\"https:\\\/\\\/diarioprincipios.com\\\/#website\",\"url\":\"https:\\\/\\\/diarioprincipios.com\\\/\",\"name\":\"Principios\",\"description\":\"Principios Diario\",\"publisher\":{\"@id\":\"https:\\\/\\\/diarioprincipios.com\\\/#organization\"},\"potentialAction\":[{\"@type\":\"SearchAction\",\"target\":{\"@type\":\"EntryPoint\",\"urlTemplate\":\"https:\\\/\\\/diarioprincipios.com\\\/?s={search_term_string}\"},\"query-input\":{\"@type\":\"PropertyValueSpecification\",\"valueRequired\":true,\"valueName\":\"search_term_string\"}}],\"inLanguage\":\"es\"},{\"@type\":\"Organization\",\"@id\":\"https:\\\/\\\/diarioprincipios.com\\\/#organization\",\"name\":\"Principios\",\"url\":\"https:\\\/\\\/diarioprincipios.com\\\/\",\"logo\":{\"@type\":\"ImageObject\",\"inLanguage\":\"es\",\"@id\":\"https:\\\/\\\/diarioprincipios.com\\\/#\\\/schema\\\/logo\\\/image\\\/\",\"url\":\"https:\\\/\\\/diarioprincipios.com\\\/wp-content\\\/uploads\\\/2024\\\/04\\\/cropped-www.diarioprincipios.com_-1.png\",\"contentUrl\":\"https:\\\/\\\/diarioprincipios.com\\\/wp-content\\\/uploads\\\/2024\\\/04\\\/cropped-www.diarioprincipios.com_-1.png\",\"width\":5325,\"height\":1454,\"caption\":\"Principios\"},\"image\":{\"@id\":\"https:\\\/\\\/diarioprincipios.com\\\/#\\\/schema\\\/logo\\\/image\\\/\"}},{\"@type\":\"Person\",\"@id\":\"https:\\\/\\\/diarioprincipios.com\\\/#\\\/schema\\\/person\\\/436d5a1fd41a5e250e23ff5a6a7cb080\",\"name\":\"Hern\u00e1n L\u00f3pez\",\"image\":{\"@type\":\"ImageObject\",\"inLanguage\":\"es\",\"@id\":\"https:\\\/\\\/diarioprincipios.com\\\/wp-content\\\/litespeed\\\/avatar\\\/11ddfe5610ff3bd100522525b2571f48.jpg?ver=1777048341\",\"url\":\"https:\\\/\\\/diarioprincipios.com\\\/wp-content\\\/litespeed\\\/avatar\\\/11ddfe5610ff3bd100522525b2571f48.jpg?ver=1777048341\",\"contentUrl\":\"https:\\\/\\\/diarioprincipios.com\\\/wp-content\\\/litespeed\\\/avatar\\\/11ddfe5610ff3bd100522525b2571f48.jpg?ver=1777048341\",\"caption\":\"Hern\u00e1n L\u00f3pez\"},\"url\":\"https:\\\/\\\/diarioprincipios.com\\\/index.php\\\/author\\\/hernan\\\/\"}]}<\/script>\n<!-- \/ Yoast SEO plugin. -->","yoast_head_json":{"title":"El intendente Chornobroff y Magdalena Sierra entregaron subsidios junto al ministro Ferraresi - Principios","robots":{"index":"index","follow":"follow","max-snippet":"max-snippet:-1","max-image-preview":"max-image-preview:large","max-video-preview":"max-video-preview:-1"},"canonical":"https:\/\/diarioprincipios.com\/index.php\/2021\/01\/29\/el-intendente-chornobroff-y-magdalena-sierra-entregaron-subsidios-junto-al-ministro-ferraresi\/","og_locale":"es_ES","og_type":"article","og_title":"El intendente Chornobroff y Magdalena Sierra entregaron subsidios junto al ministro Ferraresi - Principios","og_description":"El municipio sigue adelante con su pol\u00edtica de apoyo a todas las instituciones locales. Ayer se entregaron m\u00e1s de $ 68 millones en subsidios para escuelas, clubes y centros de jubilados del distrito.\u00a0 En un acto que se llev\u00f3 adelante en el Parque La Estaci\u00f3n, la Municipalidad de Avellaneda le dio continuidad a su permanente...","og_url":"https:\/\/diarioprincipios.com\/index.php\/2021\/01\/29\/el-intendente-chornobroff-y-magdalena-sierra-entregaron-subsidios-junto-al-ministro-ferraresi\/","og_site_name":"Principios","article_published_time":"2021-01-29T16:49:53+00:00","article_modified_time":"2021-01-29T16:49:57+00:00","og_image":[{"width":1250,"height":672,"url":"https:\/\/diarioprincipios.com\/wp-content\/uploads\/2021\/01\/20210129_134729.jpg","type":"image\/jpeg"}],"author":"Hern\u00e1n L\u00f3pez","twitter_card":"summary_large_image","twitter_misc":{"Escrito por":"Hern\u00e1n L\u00f3pez","Tiempo de lectura":"2 minutos"},"schema":{"@context":"https:\/\/schema.org","@graph":[{"@type":"Article","@id":"https:\/\/diarioprincipios.com\/index.php\/2021\/01\/29\/el-intendente-chornobroff-y-magdalena-sierra-entregaron-subsidios-junto-al-ministro-ferraresi\/#article","isPartOf":{"@id":"https:\/\/diarioprincipios.com\/index.php\/2021\/01\/29\/el-intendente-chornobroff-y-magdalena-sierra-entregaron-subsidios-junto-al-ministro-ferraresi\/"},"author":{"name":"Hern\u00e1n L\u00f3pez","@id":"https:\/\/diarioprincipios.com\/#\/schema\/person\/436d5a1fd41a5e250e23ff5a6a7cb080"},"headline":"El intendente Chornobroff y Magdalena Sierra entregaron subsidios junto al ministro Ferraresi","datePublished":"2021-01-29T16:49:53+00:00","dateModified":"2021-01-29T16:49:57+00:00","mainEntityOfPage":{"@id":"https:\/\/diarioprincipios.com\/index.php\/2021\/01\/29\/el-intendente-chornobroff-y-magdalena-sierra-entregaron-subsidios-junto-al-ministro-ferraresi\/"},"wordCount":381,"commentCount":0,"publisher":{"@id":"https:\/\/diarioprincipios.com\/#organization"},"image":{"@id":"https:\/\/diarioprincipios.com\/index.php\/2021\/01\/29\/el-intendente-chornobroff-y-magdalena-sierra-entregaron-subsidios-junto-al-ministro-ferraresi\/#primaryimage"},"thumbnailUrl":"https:\/\/diarioprincipios.com\/wp-content\/uploads\/2021\/01\/20210129_134729.jpg","articleSection":["Avellaneda"],"inLanguage":"es","potentialAction":[{"@type":"CommentAction","name":"Comment","target":["https:\/\/diarioprincipios.com\/index.php\/2021\/01\/29\/el-intendente-chornobroff-y-magdalena-sierra-entregaron-subsidios-junto-al-ministro-ferraresi\/#respond"]}]},{"@type":"WebPage","@id":"https:\/\/diarioprincipios.com\/index.php\/2021\/01\/29\/el-intendente-chornobroff-y-magdalena-sierra-entregaron-subsidios-junto-al-ministro-ferraresi\/","url":"https:\/\/diarioprincipios.com\/index.php\/2021\/01\/29\/el-intendente-chornobroff-y-magdalena-sierra-entregaron-subsidios-junto-al-ministro-ferraresi\/","name":"El intendente Chornobroff y Magdalena Sierra entregaron subsidios junto al ministro Ferraresi - Principios","isPartOf":{"@id":"https:\/\/diarioprincipios.com\/#website"},"primaryImageOfPage":{"@id":"https:\/\/diarioprincipios.com\/index.php\/2021\/01\/29\/el-intendente-chornobroff-y-magdalena-sierra-entregaron-subsidios-junto-al-ministro-ferraresi\/#primaryimage"},"image":{"@id":"https:\/\/diarioprincipios.com\/index.php\/2021\/01\/29\/el-intendente-chornobroff-y-magdalena-sierra-entregaron-subsidios-junto-al-ministro-ferraresi\/#primaryimage"},"thumbnailUrl":"https:\/\/diarioprincipios.com\/wp-content\/uploads\/2021\/01\/20210129_134729.jpg","datePublished":"2021-01-29T16:49:53+00:00","dateModified":"2021-01-29T16:49:57+00:00","breadcrumb":{"@id":"https:\/\/diarioprincipios.com\/index.php\/2021\/01\/29\/el-intendente-chornobroff-y-magdalena-sierra-entregaron-subsidios-junto-al-ministro-ferraresi\/#breadcrumb"},"inLanguage":"es","potentialAction":[{"@type":"ReadAction","target":["https:\/\/diarioprincipios.com\/index.php\/2021\/01\/29\/el-intendente-chornobroff-y-magdalena-sierra-entregaron-subsidios-junto-al-ministro-ferraresi\/"]}]},{"@type":"ImageObject","inLanguage":"es","@id":"https:\/\/diarioprincipios.com\/index.php\/2021\/01\/29\/el-intendente-chornobroff-y-magdalena-sierra-entregaron-subsidios-junto-al-ministro-ferraresi\/#primaryimage","url":"https:\/\/diarioprincipios.com\/wp-content\/uploads\/2021\/01\/20210129_134729.jpg","contentUrl":"https:\/\/diarioprincipios.com\/wp-content\/uploads\/2021\/01\/20210129_134729.jpg","width":1250,"height":672},{"@type":"BreadcrumbList","@id":"https:\/\/diarioprincipios.com\/index.php\/2021\/01\/29\/el-intendente-chornobroff-y-magdalena-sierra-entregaron-subsidios-junto-al-ministro-ferraresi\/#breadcrumb","itemListElement":[{"@type":"ListItem","position":1,"name":"Portada","item":"https:\/\/diarioprincipios.com\/"},{"@type":"ListItem","position":2,"name":"El intendente Chornobroff y Magdalena Sierra entregaron subsidios junto al ministro Ferraresi"}]},{"@type":"WebSite","@id":"https:\/\/diarioprincipios.com\/#website","url":"https:\/\/diarioprincipios.com\/","name":"Principios","description":"Principios Diario","publisher":{"@id":"https:\/\/diarioprincipios.com\/#organization"},"potentialAction":[{"@type":"SearchAction","target":{"@type":"EntryPoint","urlTemplate":"https:\/\/diarioprincipios.com\/?s={search_term_string}"},"query-input":{"@type":"PropertyValueSpecification","valueRequired":true,"valueName":"search_term_string"}}],"inLanguage":"es"},{"@type":"Organization","@id":"https:\/\/diarioprincipios.com\/#organization","name":"Principios","url":"https:\/\/diarioprincipios.com\/","logo":{"@type":"ImageObject","inLanguage":"es","@id":"https:\/\/diarioprincipios.com\/#\/schema\/logo\/image\/","url":"https:\/\/diarioprincipios.com\/wp-content\/uploads\/2024\/04\/cropped-www.diarioprincipios.com_-1.png","contentUrl":"https:\/\/diarioprincipios.com\/wp-content\/uploads\/2024\/04\/cropped-www.diarioprincipios.com_-1.png","width":5325,"height":1454,"caption":"Principios"},"image":{"@id":"https:\/\/diarioprincipios.com\/#\/schema\/logo\/image\/"}},{"@type":"Person","@id":"https:\/\/diarioprincipios.com\/#\/schema\/person\/436d5a1fd41a5e250e23ff5a6a7cb080","name":"Hern\u00e1n L\u00f3pez","image":{"@type":"ImageObject","inLanguage":"es","@id":"https:\/\/diarioprincipios.com\/wp-content\/litespeed\/avatar\/11ddfe5610ff3bd100522525b2571f48.jpg?ver=1777048341","url":"https:\/\/diarioprincipios.com\/wp-content\/litespeed\/avatar\/11ddfe5610ff3bd100522525b2571f48.jpg?ver=1777048341","contentUrl":"https:\/\/diarioprincipios.com\/wp-content\/litespeed\/avatar\/11ddfe5610ff3bd100522525b2571f48.jpg?ver=1777048341","caption":"Hern\u00e1n L\u00f3pez"},"url":"https:\/\/diarioprincipios.com\/index.php\/author\/hernan\/"}]}},"jetpack_featured_media_url":"https:\/\/diarioprincipios.com\/wp-content\/uploads\/2021\/01\/20210129_134729.jpg","_links":{"self":[{"href":"https:\/\/diarioprincipios.com\/index.php\/wp-json\/wp\/v2\/posts\/8379","targetHints":{"allow":["GET"]}}],"collection":[{"href":"https:\/\/diarioprincipios.com\/index.php\/wp-json\/wp\/v2\/posts"}],"about":[{"href":"https:\/\/diarioprincipios.com\/index.php\/wp-json\/wp\/v2\/types\/post"}],"author":[{"embeddable":true,"href":"https:\/\/diarioprincipios.com\/index.php\/wp-json\/wp\/v2\/users\/2"}],"replies":[{"embeddable":true,"href":"https:\/\/diarioprincipios.com\/index.php\/wp-json\/wp\/v2\/comments?post=8379"}],"version-history":[{"count":1,"href":"https:\/\/diarioprincipios.com\/index.php\/wp-json\/wp\/v2\/posts\/8379\/revisions"}],"predecessor-version":[{"id":8381,"href":"https:\/\/diarioprincipios.com\/index.php\/wp-json\/wp\/v2\/posts\/8379\/revisions\/8381"}],"wp:featuredmedia":[{"embeddable":true,"href":"https:\/\/diarioprincipios.com\/index.php\/wp-json\/wp\/v2\/media\/8380"}],"wp:attachment":[{"href":"https:\/\/diarioprincipios.com\/index.php\/wp-json\/wp\/v2\/media?parent=8379"}],"wp:term":[{"taxonomy":"category","embeddable":true,"href":"https:\/\/diarioprincipios.com\/index.php\/wp-json\/wp\/v2\/categories?post=8379"},{"taxonomy":"post_tag","embeddable":true,"href":"https:\/\/diarioprincipios.com\/index.php\/wp-json\/wp\/v2\/tags?post=8379"}],"curies":[{"name":"wp","href":"https:\/\/api.w.org\/{rel}","templated":true}]}}