{"id":8370,"date":"2021-01-27T14:57:09","date_gmt":"2021-01-27T17:57:09","guid":{"rendered":"http:\/\/diarioprincipios.com\/?p=8370"},"modified":"2021-01-27T14:57:14","modified_gmt":"2021-01-27T17:57:14","slug":"continuan-los-operativos-en-la-ribera-de-quilmes","status":"publish","type":"post","link":"https:\/\/diarioprincipios.com\/index.php\/2021\/01\/27\/continuan-los-operativos-en-la-ribera-de-quilmes\/","title":{"rendered":"Contin\u00faan los operativos en la ribera de Quilmes"},"content":{"rendered":"\n<p>El Municipio de Quilmes lleva adelante el programa Verano Responsable, que se desarrolla en la ribera local y que consta de operativos diarios durante la concurrida temporada estival, para que los vecinos y vecinas del distrito disfruten de buenos momentos y seguridad, mientras se tienen en cuenta las medidas de prevenci\u00f3n ante la pandemia de coronavirus.<\/p>\n\n\n\n<p>Verano Responsable es un trabajo del que participan articuladamente varias \u00e1reas del Gobierno Municipal, como la Jefatura de Gabinete; las Secretar\u00edas de Salud, de Seguridad y Ordenamiento Urbano, la Agencia de Fiscalizaci\u00f3n y Control Comunal, Educaci\u00f3n, Culturas y Deportes, y la Direcci\u00f3n de Juventud, entre otras. Es una propuesta integral de la Municipalidad de cara a la temporada veraniega at\u00edpica en La Ribera, ya que se da en un contexto de pandemia y desde la Comuna se busca garantizar el cuidado de todos y todas.<\/p>\n\n\n\n<p>Actualmente, se hace un control fijo en la avenida Otamendi, que es el \u00fanico ingreso hacia la costa quilme\u00f1a. All\u00ed se detienen a todos los autos que quieran llegar hasta el r\u00edo y se les solicita la documentaci\u00f3n pertinente para\u00a0 circular y aquel que no cuente con alguno de ellos es infraccionado e invitado a retirarse de la zona. Adem\u00e1s, se les controla la temperatura a todos lo que circulen en el veh\u00edculo, que tengan su barbijo y se les reparte folleter\u00eda.<\/p>\n\n\n\n<figure class=\"wp-block-image size-large\"><img loading=\"lazy\" decoding=\"async\" width=\"1024\" height=\"683\" src=\"https:\/\/diarioprincipios.com\/wp-content\/uploads\/2021\/01\/IMG-20210127-WA0003.jpg\" alt=\"\" class=\"wp-image-8371\" srcset=\"https:\/\/diarioprincipios.com\/wp-content\/uploads\/2021\/01\/IMG-20210127-WA0003.jpg 1024w, https:\/\/diarioprincipios.com\/wp-content\/uploads\/2021\/01\/IMG-20210127-WA0003-300x200.jpg 300w, https:\/\/diarioprincipios.com\/wp-content\/uploads\/2021\/01\/IMG-20210127-WA0003-768x512.jpg 768w\" sizes=\"auto, (max-width: 1024px) 100vw, 1024px\" \/><\/figure>\n\n\n\n<p>Durante los procedimientos que se hicieron el fin de semana (s\u00e1bado y domingo) se realizaron m\u00e1s de 60 actas y se retuvieron 20 autos, adem\u00e1s de constatarse 5 alcoholemias positivas durante los testeos.<\/p>\n\n\n\n<p>Entre los participantes de Verano Responsable, tambi\u00e9n se encuentran los guardavidas, que con una cantidad de 50 se hallan distribuidos a lo largo de la costa del r\u00edo. A ellos se suma el equipamiento, que consta de tres lanchas del Municipio. En tanto, se cuenta con el apoyo de la Prefectura Naval Argentina, que utiliza lanchas para vigilar en el agua, mientras que tambi\u00e9n colabora con la seguridad en la zona con patrullajes. En ese marco, se suman desde la Comuna los m\u00f3viles y personal de Defensa Civil, la Patrulla Urbana, en coordinaci\u00f3n con los veh\u00edculos y efectivos que aporta la Polic\u00eda de la provincia de Buenos Aires.<\/p>\n\n\n\n<figure class=\"wp-block-image size-large\"><img loading=\"lazy\" decoding=\"async\" width=\"1024\" height=\"683\" src=\"https:\/\/diarioprincipios.com\/wp-content\/uploads\/2021\/01\/IMG-20210127-WA0004.jpg\" alt=\"\" class=\"wp-image-8372\" srcset=\"https:\/\/diarioprincipios.com\/wp-content\/uploads\/2021\/01\/IMG-20210127-WA0004.jpg 1024w, https:\/\/diarioprincipios.com\/wp-content\/uploads\/2021\/01\/IMG-20210127-WA0004-300x200.jpg 300w, https:\/\/diarioprincipios.com\/wp-content\/uploads\/2021\/01\/IMG-20210127-WA0004-768x512.jpg 768w\" sizes=\"auto, (max-width: 1024px) 100vw, 1024px\" \/><\/figure>\n\n\n\n<p>Ya en la zona costera, voluntarios del programa Somos Quilmes y de Preventores Comunitarios, previamente capacitados por la Secretar\u00eda de Salud del Municipio, recorren el lugar repartiendo folleter\u00eda con informaci\u00f3n \u00fatil sobre las medidas de prevenci\u00f3n para contrarrestar la pandemia del coronavirus, barbijos y alcohol en gel. En este contexto, se atiende todo tipo de emergencias que pueda suscitarse, contando con dos ambulancias del SAME de manera permanente en el lugar; adem\u00e1s de mantener abierto el centro de salud que funciona en el CIC de La Ribera, donde tambi\u00e9n se promueve el calendario de vacunaci\u00f3n, entre otras acciones.<\/p>\n\n\n\n<p>A su vez, se recuerda que est\u00e1 prohibido ba\u00f1arse en las aguas del R\u00edo de la Plata, al igual que acampar, hacer fuego o fogatas, ingresar a la zona del r\u00edo con animales, montar a caballo por la costa y el ingreso de contingentes.<\/p>\n","protected":false},"excerpt":{"rendered":"<p>El Municipio de Quilmes lleva adelante el programa Verano Responsable, que se desarrolla en la ribera local y que consta de operativos diarios durante la concurrida temporada estival, para que los vecinos y vecinas del distrito disfruten de buenos momentos y seguridad, mientras se tienen en cuenta las medidas de prevenci\u00f3n ante la pandemia de&#8230;<\/p>\n","protected":false},"author":2,"featured_media":8373,"comment_status":"open","ping_status":"open","sticky":false,"template":"","format":"standard","meta":{"footnotes":""},"categories":[4],"tags":[],"class_list":["post-8370","post","type-post","status-publish","format-standard","has-post-thumbnail","hentry","category-quilmes"],"featured_image_src":"https:\/\/diarioprincipios.com\/wp-content\/uploads\/2021\/01\/IMG-20210127-WA0006.jpg","blog_images":{"medium":"https:\/\/diarioprincipios.com\/wp-content\/uploads\/2021\/01\/IMG-20210127-WA0006-300x200.jpg","large":"https:\/\/diarioprincipios.com\/wp-content\/uploads\/2021\/01\/IMG-20210127-WA0006.jpg"},"ams_acf":[],"yoast_head":"<!-- This site is optimized with the Yoast SEO plugin v27.3 - https:\/\/yoast.com\/product\/yoast-seo-wordpress\/ -->\n<title>Contin\u00faan los operativos en la ribera de Quilmes - Principios<\/title>\n<meta name=\"robots\" content=\"index, follow, max-snippet:-1, max-image-preview:large, max-video-preview:-1\" \/>\n<link rel=\"canonical\" href=\"https:\/\/diarioprincipios.com\/index.php\/2021\/01\/27\/continuan-los-operativos-en-la-ribera-de-quilmes\/\" \/>\n<meta property=\"og:locale\" content=\"es_ES\" \/>\n<meta property=\"og:type\" content=\"article\" \/>\n<meta property=\"og:title\" content=\"Contin\u00faan los operativos en la ribera de Quilmes - Principios\" \/>\n<meta property=\"og:description\" content=\"El Municipio de Quilmes lleva adelante el programa Verano Responsable, que se desarrolla en la ribera local y que consta de operativos diarios durante la concurrida temporada estival, para que los vecinos y vecinas del distrito disfruten de buenos momentos y seguridad, mientras se tienen en cuenta las medidas de prevenci\u00f3n ante la pandemia de...\" \/>\n<meta property=\"og:url\" content=\"https:\/\/diarioprincipios.com\/index.php\/2021\/01\/27\/continuan-los-operativos-en-la-ribera-de-quilmes\/\" \/>\n<meta property=\"og:site_name\" content=\"Principios\" \/>\n<meta property=\"article:published_time\" content=\"2021-01-27T17:57:09+00:00\" \/>\n<meta property=\"article:modified_time\" content=\"2021-01-27T17:57:14+00:00\" \/>\n<meta property=\"og:image\" content=\"https:\/\/diarioprincipios.com\/wp-content\/uploads\/2021\/01\/IMG-20210127-WA0006.jpg\" \/>\n\t<meta property=\"og:image:width\" content=\"1024\" \/>\n\t<meta property=\"og:image:height\" content=\"683\" \/>\n\t<meta property=\"og:image:type\" content=\"image\/jpeg\" \/>\n<meta name=\"author\" content=\"Hern\u00e1n L\u00f3pez\" \/>\n<meta name=\"twitter:card\" content=\"summary_large_image\" \/>\n<meta name=\"twitter:label1\" content=\"Escrito por\" \/>\n\t<meta name=\"twitter:data1\" content=\"Hern\u00e1n L\u00f3pez\" \/>\n\t<meta name=\"twitter:label2\" content=\"Tiempo de lectura\" \/>\n\t<meta name=\"twitter:data2\" content=\"3 minutos\" \/>\n<script type=\"application\/ld+json\" class=\"yoast-schema-graph\">{\"@context\":\"https:\\\/\\\/schema.org\",\"@graph\":[{\"@type\":\"Article\",\"@id\":\"https:\\\/\\\/diarioprincipios.com\\\/index.php\\\/2021\\\/01\\\/27\\\/continuan-los-operativos-en-la-ribera-de-quilmes\\\/#article\",\"isPartOf\":{\"@id\":\"https:\\\/\\\/diarioprincipios.com\\\/index.php\\\/2021\\\/01\\\/27\\\/continuan-los-operativos-en-la-ribera-de-quilmes\\\/\"},\"author\":{\"name\":\"Hern\u00e1n L\u00f3pez\",\"@id\":\"https:\\\/\\\/diarioprincipios.com\\\/#\\\/schema\\\/person\\\/436d5a1fd41a5e250e23ff5a6a7cb080\"},\"headline\":\"Contin\u00faan los operativos en la ribera de Quilmes\",\"datePublished\":\"2021-01-27T17:57:09+00:00\",\"dateModified\":\"2021-01-27T17:57:14+00:00\",\"mainEntityOfPage\":{\"@id\":\"https:\\\/\\\/diarioprincipios.com\\\/index.php\\\/2021\\\/01\\\/27\\\/continuan-los-operativos-en-la-ribera-de-quilmes\\\/\"},\"wordCount\":543,\"commentCount\":0,\"publisher\":{\"@id\":\"https:\\\/\\\/diarioprincipios.com\\\/#organization\"},\"image\":{\"@id\":\"https:\\\/\\\/diarioprincipios.com\\\/index.php\\\/2021\\\/01\\\/27\\\/continuan-los-operativos-en-la-ribera-de-quilmes\\\/#primaryimage\"},\"thumbnailUrl\":\"https:\\\/\\\/diarioprincipios.com\\\/wp-content\\\/uploads\\\/2021\\\/01\\\/IMG-20210127-WA0006.jpg\",\"articleSection\":[\"Quilmes\"],\"inLanguage\":\"es\",\"potentialAction\":[{\"@type\":\"CommentAction\",\"name\":\"Comment\",\"target\":[\"https:\\\/\\\/diarioprincipios.com\\\/index.php\\\/2021\\\/01\\\/27\\\/continuan-los-operativos-en-la-ribera-de-quilmes\\\/#respond\"]}]},{\"@type\":\"WebPage\",\"@id\":\"https:\\\/\\\/diarioprincipios.com\\\/index.php\\\/2021\\\/01\\\/27\\\/continuan-los-operativos-en-la-ribera-de-quilmes\\\/\",\"url\":\"https:\\\/\\\/diarioprincipios.com\\\/index.php\\\/2021\\\/01\\\/27\\\/continuan-los-operativos-en-la-ribera-de-quilmes\\\/\",\"name\":\"Contin\u00faan los operativos en la ribera de Quilmes - Principios\",\"isPartOf\":{\"@id\":\"https:\\\/\\\/diarioprincipios.com\\\/#website\"},\"primaryImageOfPage\":{\"@id\":\"https:\\\/\\\/diarioprincipios.com\\\/index.php\\\/2021\\\/01\\\/27\\\/continuan-los-operativos-en-la-ribera-de-quilmes\\\/#primaryimage\"},\"image\":{\"@id\":\"https:\\\/\\\/diarioprincipios.com\\\/index.php\\\/2021\\\/01\\\/27\\\/continuan-los-operativos-en-la-ribera-de-quilmes\\\/#primaryimage\"},\"thumbnailUrl\":\"https:\\\/\\\/diarioprincipios.com\\\/wp-content\\\/uploads\\\/2021\\\/01\\\/IMG-20210127-WA0006.jpg\",\"datePublished\":\"2021-01-27T17:57:09+00:00\",\"dateModified\":\"2021-01-27T17:57:14+00:00\",\"breadcrumb\":{\"@id\":\"https:\\\/\\\/diarioprincipios.com\\\/index.php\\\/2021\\\/01\\\/27\\\/continuan-los-operativos-en-la-ribera-de-quilmes\\\/#breadcrumb\"},\"inLanguage\":\"es\",\"potentialAction\":[{\"@type\":\"ReadAction\",\"target\":[\"https:\\\/\\\/diarioprincipios.com\\\/index.php\\\/2021\\\/01\\\/27\\\/continuan-los-operativos-en-la-ribera-de-quilmes\\\/\"]}]},{\"@type\":\"ImageObject\",\"inLanguage\":\"es\",\"@id\":\"https:\\\/\\\/diarioprincipios.com\\\/index.php\\\/2021\\\/01\\\/27\\\/continuan-los-operativos-en-la-ribera-de-quilmes\\\/#primaryimage\",\"url\":\"https:\\\/\\\/diarioprincipios.com\\\/wp-content\\\/uploads\\\/2021\\\/01\\\/IMG-20210127-WA0006.jpg\",\"contentUrl\":\"https:\\\/\\\/diarioprincipios.com\\\/wp-content\\\/uploads\\\/2021\\\/01\\\/IMG-20210127-WA0006.jpg\",\"width\":1024,\"height\":683},{\"@type\":\"BreadcrumbList\",\"@id\":\"https:\\\/\\\/diarioprincipios.com\\\/index.php\\\/2021\\\/01\\\/27\\\/continuan-los-operativos-en-la-ribera-de-quilmes\\\/#breadcrumb\",\"itemListElement\":[{\"@type\":\"ListItem\",\"position\":1,\"name\":\"Portada\",\"item\":\"https:\\\/\\\/diarioprincipios.com\\\/\"},{\"@type\":\"ListItem\",\"position\":2,\"name\":\"Contin\u00faan los operativos en la ribera de Quilmes\"}]},{\"@type\":\"WebSite\",\"@id\":\"https:\\\/\\\/diarioprincipios.com\\\/#website\",\"url\":\"https:\\\/\\\/diarioprincipios.com\\\/\",\"name\":\"Principios\",\"description\":\"Principios Diario\",\"publisher\":{\"@id\":\"https:\\\/\\\/diarioprincipios.com\\\/#organization\"},\"potentialAction\":[{\"@type\":\"SearchAction\",\"target\":{\"@type\":\"EntryPoint\",\"urlTemplate\":\"https:\\\/\\\/diarioprincipios.com\\\/?s={search_term_string}\"},\"query-input\":{\"@type\":\"PropertyValueSpecification\",\"valueRequired\":true,\"valueName\":\"search_term_string\"}}],\"inLanguage\":\"es\"},{\"@type\":\"Organization\",\"@id\":\"https:\\\/\\\/diarioprincipios.com\\\/#organization\",\"name\":\"Principios\",\"url\":\"https:\\\/\\\/diarioprincipios.com\\\/\",\"logo\":{\"@type\":\"ImageObject\",\"inLanguage\":\"es\",\"@id\":\"https:\\\/\\\/diarioprincipios.com\\\/#\\\/schema\\\/logo\\\/image\\\/\",\"url\":\"https:\\\/\\\/diarioprincipios.com\\\/wp-content\\\/uploads\\\/2024\\\/04\\\/cropped-www.diarioprincipios.com_-1.png\",\"contentUrl\":\"https:\\\/\\\/diarioprincipios.com\\\/wp-content\\\/uploads\\\/2024\\\/04\\\/cropped-www.diarioprincipios.com_-1.png\",\"width\":5325,\"height\":1454,\"caption\":\"Principios\"},\"image\":{\"@id\":\"https:\\\/\\\/diarioprincipios.com\\\/#\\\/schema\\\/logo\\\/image\\\/\"}},{\"@type\":\"Person\",\"@id\":\"https:\\\/\\\/diarioprincipios.com\\\/#\\\/schema\\\/person\\\/436d5a1fd41a5e250e23ff5a6a7cb080\",\"name\":\"Hern\u00e1n L\u00f3pez\",\"image\":{\"@type\":\"ImageObject\",\"inLanguage\":\"es\",\"@id\":\"https:\\\/\\\/diarioprincipios.com\\\/wp-content\\\/litespeed\\\/avatar\\\/11ddfe5610ff3bd100522525b2571f48.jpg?ver=1777048341\",\"url\":\"https:\\\/\\\/diarioprincipios.com\\\/wp-content\\\/litespeed\\\/avatar\\\/11ddfe5610ff3bd100522525b2571f48.jpg?ver=1777048341\",\"contentUrl\":\"https:\\\/\\\/diarioprincipios.com\\\/wp-content\\\/litespeed\\\/avatar\\\/11ddfe5610ff3bd100522525b2571f48.jpg?ver=1777048341\",\"caption\":\"Hern\u00e1n L\u00f3pez\"},\"url\":\"https:\\\/\\\/diarioprincipios.com\\\/index.php\\\/author\\\/hernan\\\/\"}]}<\/script>\n<!-- \/ Yoast SEO plugin. -->","yoast_head_json":{"title":"Contin\u00faan los operativos en la ribera de Quilmes - Principios","robots":{"index":"index","follow":"follow","max-snippet":"max-snippet:-1","max-image-preview":"max-image-preview:large","max-video-preview":"max-video-preview:-1"},"canonical":"https:\/\/diarioprincipios.com\/index.php\/2021\/01\/27\/continuan-los-operativos-en-la-ribera-de-quilmes\/","og_locale":"es_ES","og_type":"article","og_title":"Contin\u00faan los operativos en la ribera de Quilmes - Principios","og_description":"El Municipio de Quilmes lleva adelante el programa Verano Responsable, que se desarrolla en la ribera local y que consta de operativos diarios durante la concurrida temporada estival, para que los vecinos y vecinas del distrito disfruten de buenos momentos y seguridad, mientras se tienen en cuenta las medidas de prevenci\u00f3n ante la pandemia de...","og_url":"https:\/\/diarioprincipios.com\/index.php\/2021\/01\/27\/continuan-los-operativos-en-la-ribera-de-quilmes\/","og_site_name":"Principios","article_published_time":"2021-01-27T17:57:09+00:00","article_modified_time":"2021-01-27T17:57:14+00:00","og_image":[{"width":1024,"height":683,"url":"https:\/\/diarioprincipios.com\/wp-content\/uploads\/2021\/01\/IMG-20210127-WA0006.jpg","type":"image\/jpeg"}],"author":"Hern\u00e1n L\u00f3pez","twitter_card":"summary_large_image","twitter_misc":{"Escrito por":"Hern\u00e1n L\u00f3pez","Tiempo de lectura":"3 minutos"},"schema":{"@context":"https:\/\/schema.org","@graph":[{"@type":"Article","@id":"https:\/\/diarioprincipios.com\/index.php\/2021\/01\/27\/continuan-los-operativos-en-la-ribera-de-quilmes\/#article","isPartOf":{"@id":"https:\/\/diarioprincipios.com\/index.php\/2021\/01\/27\/continuan-los-operativos-en-la-ribera-de-quilmes\/"},"author":{"name":"Hern\u00e1n L\u00f3pez","@id":"https:\/\/diarioprincipios.com\/#\/schema\/person\/436d5a1fd41a5e250e23ff5a6a7cb080"},"headline":"Contin\u00faan los operativos en la ribera de Quilmes","datePublished":"2021-01-27T17:57:09+00:00","dateModified":"2021-01-27T17:57:14+00:00","mainEntityOfPage":{"@id":"https:\/\/diarioprincipios.com\/index.php\/2021\/01\/27\/continuan-los-operativos-en-la-ribera-de-quilmes\/"},"wordCount":543,"commentCount":0,"publisher":{"@id":"https:\/\/diarioprincipios.com\/#organization"},"image":{"@id":"https:\/\/diarioprincipios.com\/index.php\/2021\/01\/27\/continuan-los-operativos-en-la-ribera-de-quilmes\/#primaryimage"},"thumbnailUrl":"https:\/\/diarioprincipios.com\/wp-content\/uploads\/2021\/01\/IMG-20210127-WA0006.jpg","articleSection":["Quilmes"],"inLanguage":"es","potentialAction":[{"@type":"CommentAction","name":"Comment","target":["https:\/\/diarioprincipios.com\/index.php\/2021\/01\/27\/continuan-los-operativos-en-la-ribera-de-quilmes\/#respond"]}]},{"@type":"WebPage","@id":"https:\/\/diarioprincipios.com\/index.php\/2021\/01\/27\/continuan-los-operativos-en-la-ribera-de-quilmes\/","url":"https:\/\/diarioprincipios.com\/index.php\/2021\/01\/27\/continuan-los-operativos-en-la-ribera-de-quilmes\/","name":"Contin\u00faan los operativos en la ribera de Quilmes - Principios","isPartOf":{"@id":"https:\/\/diarioprincipios.com\/#website"},"primaryImageOfPage":{"@id":"https:\/\/diarioprincipios.com\/index.php\/2021\/01\/27\/continuan-los-operativos-en-la-ribera-de-quilmes\/#primaryimage"},"image":{"@id":"https:\/\/diarioprincipios.com\/index.php\/2021\/01\/27\/continuan-los-operativos-en-la-ribera-de-quilmes\/#primaryimage"},"thumbnailUrl":"https:\/\/diarioprincipios.com\/wp-content\/uploads\/2021\/01\/IMG-20210127-WA0006.jpg","datePublished":"2021-01-27T17:57:09+00:00","dateModified":"2021-01-27T17:57:14+00:00","breadcrumb":{"@id":"https:\/\/diarioprincipios.com\/index.php\/2021\/01\/27\/continuan-los-operativos-en-la-ribera-de-quilmes\/#breadcrumb"},"inLanguage":"es","potentialAction":[{"@type":"ReadAction","target":["https:\/\/diarioprincipios.com\/index.php\/2021\/01\/27\/continuan-los-operativos-en-la-ribera-de-quilmes\/"]}]},{"@type":"ImageObject","inLanguage":"es","@id":"https:\/\/diarioprincipios.com\/index.php\/2021\/01\/27\/continuan-los-operativos-en-la-ribera-de-quilmes\/#primaryimage","url":"https:\/\/diarioprincipios.com\/wp-content\/uploads\/2021\/01\/IMG-20210127-WA0006.jpg","contentUrl":"https:\/\/diarioprincipios.com\/wp-content\/uploads\/2021\/01\/IMG-20210127-WA0006.jpg","width":1024,"height":683},{"@type":"BreadcrumbList","@id":"https:\/\/diarioprincipios.com\/index.php\/2021\/01\/27\/continuan-los-operativos-en-la-ribera-de-quilmes\/#breadcrumb","itemListElement":[{"@type":"ListItem","position":1,"name":"Portada","item":"https:\/\/diarioprincipios.com\/"},{"@type":"ListItem","position":2,"name":"Contin\u00faan los operativos en la ribera de Quilmes"}]},{"@type":"WebSite","@id":"https:\/\/diarioprincipios.com\/#website","url":"https:\/\/diarioprincipios.com\/","name":"Principios","description":"Principios Diario","publisher":{"@id":"https:\/\/diarioprincipios.com\/#organization"},"potentialAction":[{"@type":"SearchAction","target":{"@type":"EntryPoint","urlTemplate":"https:\/\/diarioprincipios.com\/?s={search_term_string}"},"query-input":{"@type":"PropertyValueSpecification","valueRequired":true,"valueName":"search_term_string"}}],"inLanguage":"es"},{"@type":"Organization","@id":"https:\/\/diarioprincipios.com\/#organization","name":"Principios","url":"https:\/\/diarioprincipios.com\/","logo":{"@type":"ImageObject","inLanguage":"es","@id":"https:\/\/diarioprincipios.com\/#\/schema\/logo\/image\/","url":"https:\/\/diarioprincipios.com\/wp-content\/uploads\/2024\/04\/cropped-www.diarioprincipios.com_-1.png","contentUrl":"https:\/\/diarioprincipios.com\/wp-content\/uploads\/2024\/04\/cropped-www.diarioprincipios.com_-1.png","width":5325,"height":1454,"caption":"Principios"},"image":{"@id":"https:\/\/diarioprincipios.com\/#\/schema\/logo\/image\/"}},{"@type":"Person","@id":"https:\/\/diarioprincipios.com\/#\/schema\/person\/436d5a1fd41a5e250e23ff5a6a7cb080","name":"Hern\u00e1n L\u00f3pez","image":{"@type":"ImageObject","inLanguage":"es","@id":"https:\/\/diarioprincipios.com\/wp-content\/litespeed\/avatar\/11ddfe5610ff3bd100522525b2571f48.jpg?ver=1777048341","url":"https:\/\/diarioprincipios.com\/wp-content\/litespeed\/avatar\/11ddfe5610ff3bd100522525b2571f48.jpg?ver=1777048341","contentUrl":"https:\/\/diarioprincipios.com\/wp-content\/litespeed\/avatar\/11ddfe5610ff3bd100522525b2571f48.jpg?ver=1777048341","caption":"Hern\u00e1n L\u00f3pez"},"url":"https:\/\/diarioprincipios.com\/index.php\/author\/hernan\/"}]}},"jetpack_featured_media_url":"https:\/\/diarioprincipios.com\/wp-content\/uploads\/2021\/01\/IMG-20210127-WA0006.jpg","_links":{"self":[{"href":"https:\/\/diarioprincipios.com\/index.php\/wp-json\/wp\/v2\/posts\/8370","targetHints":{"allow":["GET"]}}],"collection":[{"href":"https:\/\/diarioprincipios.com\/index.php\/wp-json\/wp\/v2\/posts"}],"about":[{"href":"https:\/\/diarioprincipios.com\/index.php\/wp-json\/wp\/v2\/types\/post"}],"author":[{"embeddable":true,"href":"https:\/\/diarioprincipios.com\/index.php\/wp-json\/wp\/v2\/users\/2"}],"replies":[{"embeddable":true,"href":"https:\/\/diarioprincipios.com\/index.php\/wp-json\/wp\/v2\/comments?post=8370"}],"version-history":[{"count":1,"href":"https:\/\/diarioprincipios.com\/index.php\/wp-json\/wp\/v2\/posts\/8370\/revisions"}],"predecessor-version":[{"id":8374,"href":"https:\/\/diarioprincipios.com\/index.php\/wp-json\/wp\/v2\/posts\/8370\/revisions\/8374"}],"wp:featuredmedia":[{"embeddable":true,"href":"https:\/\/diarioprincipios.com\/index.php\/wp-json\/wp\/v2\/media\/8373"}],"wp:attachment":[{"href":"https:\/\/diarioprincipios.com\/index.php\/wp-json\/wp\/v2\/media?parent=8370"}],"wp:term":[{"taxonomy":"category","embeddable":true,"href":"https:\/\/diarioprincipios.com\/index.php\/wp-json\/wp\/v2\/categories?post=8370"},{"taxonomy":"post_tag","embeddable":true,"href":"https:\/\/diarioprincipios.com\/index.php\/wp-json\/wp\/v2\/tags?post=8370"}],"curies":[{"name":"wp","href":"https:\/\/api.w.org\/{rel}","templated":true}]}}