{"id":8349,"date":"2021-01-26T12:49:25","date_gmt":"2021-01-26T15:49:25","guid":{"rendered":"http:\/\/diarioprincipios.com\/?p=8349"},"modified":"2021-01-26T12:49:30","modified_gmt":"2021-01-26T15:49:30","slug":"quienes-deseen-recibir-la-vacuna-deben-registrarse-en-buenos-aires-vacunate","status":"publish","type":"post","link":"https:\/\/diarioprincipios.com\/index.php\/2021\/01\/26\/quienes-deseen-recibir-la-vacuna-deben-registrarse-en-buenos-aires-vacunate\/","title":{"rendered":"Quienes deseen recibir la Vacuna deben registrarse en \u00abBuenos Aires Vacunate\u00bb"},"content":{"rendered":"\n<p><strong>La Municipalidad de Berazategui les recuerda a los vecinos y vecinas que para poder recibir la vacuna contra el coronavirus (COVID-19) deben registrarse en la p\u00e1gina web \u201cBuenos Aires Vacunate\u201d (<a rel=\"noreferrer noopener\" target=\"_blank\" href=\"http:\/\/vacunatepba.gba.gob.ar\/\">vacunatepba.gba.gob.ar<\/a>), habilitada para tal fin por el Gobierno bonaerense. Aquellos que deseen inscribirse pero no sepan c\u00f3mo hacerlo, pueden acercarse al Centro de Atenci\u00f3n Primaria de Salud (CAPS) m\u00e1s cercano, de lunes a viernes en el horario de 08.00 a 13.00, donde se los ayudar\u00e1 a efectuar el tr\u00e1mite.<\/strong><\/p>\n\n\n\n<p>A trav\u00e9s del sitio&nbsp;<a rel=\"noreferrer noopener\" target=\"_blank\" href=\"http:\/\/vacunatepba.gba.gob.ar\/\">vacunatepba.gba.gob.ar<\/a>, todos los ciudadanos de la provincia de Buenos Aires pueden acceder al Plan provincial, p\u00fablico, gratuito y optativo contra la COVID-19, que cuenta con un gestor de turnos para que la vacunaci\u00f3n sea organizada de manera \u00e1gil y no signifique un riesgo de aglomeraci\u00f3n de personas.<\/p>\n\n\n\n<p>En este marco, a todos aquellos berazateguenses que, por diferentes razones, no sepan c\u00f3mo inscribirse, la Municipalidad de Berazategui les ofrece la posibilidad de acercarse a cualquier Centro de Atenci\u00f3n Primaria de Salud (CAPS), de 08.00 a 13.00, donde se los asistir\u00e1 para que puedan hacerlo. Asimismo, en la p\u00e1gina web&nbsp;<a rel=\"noreferrer noopener\" target=\"_blank\" href=\"http:\/\/berazategui.gob.ar\/salud\">berazategui.gob.ar\/salud<\/a>&nbsp;figuran las direcciones de cada uno de los CAPS para que puedan saber cu\u00e1l se encuentra m\u00e1s cerca de su hogar. Al finalizar la inscripci\u00f3n, el sistema mostrar\u00e1 la confirmaci\u00f3n del registro.<\/p>\n\n\n\n<p>Hasta el momento, m\u00e1s de un mill\u00f3n de personas se inscribieron en el sitio \u201cBuenos Aires Vacunate\u201d, lanzada por el Ministerio de Salud provincial, donde se brinda informaci\u00f3n sobre las vacunas y se otorgan los turnos a los bonaerenses alcanzados en cada etapa del plan de vacunaci\u00f3n. Los primeros fueron los trabajadores de la salud de cada distrito, quienes ya est\u00e1n recibiendo la segunda dosis de la Sputnik V; y, tras la reciente autorizaci\u00f3n de la ANMAT, se sumaron los trabajadores de la salud mayores de 60 a\u00f1os.<\/p>\n","protected":false},"excerpt":{"rendered":"<p>La Municipalidad de Berazategui les recuerda a los vecinos y vecinas que para poder recibir la vacuna contra el coronavirus (COVID-19) deben registrarse en la p\u00e1gina web \u201cBuenos Aires Vacunate\u201d (vacunatepba.gba.gob.ar), habilitada para tal fin por el Gobierno bonaerense. Aquellos que deseen inscribirse pero no sepan c\u00f3mo hacerlo, pueden acercarse al Centro de Atenci\u00f3n Primaria&#8230;<\/p>\n","protected":false},"author":2,"featured_media":8350,"comment_status":"open","ping_status":"open","sticky":false,"template":"","format":"standard","meta":{"footnotes":""},"categories":[3],"tags":[],"class_list":["post-8349","post","type-post","status-publish","format-standard","has-post-thumbnail","hentry","category-berazategui"],"featured_image_src":"https:\/\/diarioprincipios.com\/wp-content\/uploads\/2021\/01\/20210126_124526.jpg","blog_images":{"medium":"https:\/\/diarioprincipios.com\/wp-content\/uploads\/2021\/01\/20210126_124526-300x165.jpg","large":"https:\/\/diarioprincipios.com\/wp-content\/uploads\/2021\/01\/20210126_124526.jpg"},"ams_acf":[],"yoast_head":"<!-- This site is optimized with the Yoast SEO plugin v27.3 - https:\/\/yoast.com\/product\/yoast-seo-wordpress\/ -->\n<title>Quienes deseen recibir la Vacuna deben registrarse en &quot;Buenos Aires Vacunate&quot; - Principios<\/title>\n<meta name=\"robots\" content=\"index, follow, max-snippet:-1, max-image-preview:large, max-video-preview:-1\" \/>\n<link rel=\"canonical\" href=\"https:\/\/diarioprincipios.com\/index.php\/2021\/01\/26\/quienes-deseen-recibir-la-vacuna-deben-registrarse-en-buenos-aires-vacunate\/\" \/>\n<meta property=\"og:locale\" content=\"es_ES\" \/>\n<meta property=\"og:type\" content=\"article\" \/>\n<meta property=\"og:title\" content=\"Quienes deseen recibir la Vacuna deben registrarse en &quot;Buenos Aires Vacunate&quot; - Principios\" \/>\n<meta property=\"og:description\" content=\"La Municipalidad de Berazategui les recuerda a los vecinos y vecinas que para poder recibir la vacuna contra el coronavirus (COVID-19) deben registrarse en la p\u00e1gina web \u201cBuenos Aires Vacunate\u201d (vacunatepba.gba.gob.ar), habilitada para tal fin por el Gobierno bonaerense. Aquellos que deseen inscribirse pero no sepan c\u00f3mo hacerlo, pueden acercarse al Centro de Atenci\u00f3n Primaria...\" \/>\n<meta property=\"og:url\" content=\"https:\/\/diarioprincipios.com\/index.php\/2021\/01\/26\/quienes-deseen-recibir-la-vacuna-deben-registrarse-en-buenos-aires-vacunate\/\" \/>\n<meta property=\"og:site_name\" content=\"Principios\" \/>\n<meta property=\"article:published_time\" content=\"2021-01-26T15:49:25+00:00\" \/>\n<meta property=\"article:modified_time\" content=\"2021-01-26T15:49:30+00:00\" \/>\n<meta property=\"og:image\" content=\"https:\/\/diarioprincipios.com\/wp-content\/uploads\/2021\/01\/20210126_124526.jpg\" \/>\n\t<meta property=\"og:image:width\" content=\"848\" \/>\n\t<meta property=\"og:image:height\" content=\"466\" \/>\n\t<meta property=\"og:image:type\" content=\"image\/jpeg\" \/>\n<meta name=\"author\" content=\"Hern\u00e1n L\u00f3pez\" \/>\n<meta name=\"twitter:card\" content=\"summary_large_image\" \/>\n<meta name=\"twitter:label1\" content=\"Escrito por\" \/>\n\t<meta name=\"twitter:data1\" content=\"Hern\u00e1n L\u00f3pez\" \/>\n\t<meta name=\"twitter:label2\" content=\"Tiempo de lectura\" \/>\n\t<meta name=\"twitter:data2\" content=\"2 minutos\" \/>\n<script type=\"application\/ld+json\" class=\"yoast-schema-graph\">{\"@context\":\"https:\\\/\\\/schema.org\",\"@graph\":[{\"@type\":\"Article\",\"@id\":\"https:\\\/\\\/diarioprincipios.com\\\/index.php\\\/2021\\\/01\\\/26\\\/quienes-deseen-recibir-la-vacuna-deben-registrarse-en-buenos-aires-vacunate\\\/#article\",\"isPartOf\":{\"@id\":\"https:\\\/\\\/diarioprincipios.com\\\/index.php\\\/2021\\\/01\\\/26\\\/quienes-deseen-recibir-la-vacuna-deben-registrarse-en-buenos-aires-vacunate\\\/\"},\"author\":{\"name\":\"Hern\u00e1n L\u00f3pez\",\"@id\":\"https:\\\/\\\/diarioprincipios.com\\\/#\\\/schema\\\/person\\\/436d5a1fd41a5e250e23ff5a6a7cb080\"},\"headline\":\"Quienes deseen recibir la Vacuna deben registrarse en \u00abBuenos Aires Vacunate\u00bb\",\"datePublished\":\"2021-01-26T15:49:25+00:00\",\"dateModified\":\"2021-01-26T15:49:30+00:00\",\"mainEntityOfPage\":{\"@id\":\"https:\\\/\\\/diarioprincipios.com\\\/index.php\\\/2021\\\/01\\\/26\\\/quienes-deseen-recibir-la-vacuna-deben-registrarse-en-buenos-aires-vacunate\\\/\"},\"wordCount\":343,\"commentCount\":0,\"publisher\":{\"@id\":\"https:\\\/\\\/diarioprincipios.com\\\/#organization\"},\"image\":{\"@id\":\"https:\\\/\\\/diarioprincipios.com\\\/index.php\\\/2021\\\/01\\\/26\\\/quienes-deseen-recibir-la-vacuna-deben-registrarse-en-buenos-aires-vacunate\\\/#primaryimage\"},\"thumbnailUrl\":\"https:\\\/\\\/diarioprincipios.com\\\/wp-content\\\/uploads\\\/2021\\\/01\\\/20210126_124526.jpg\",\"articleSection\":[\"Berazategui\"],\"inLanguage\":\"es\",\"potentialAction\":[{\"@type\":\"CommentAction\",\"name\":\"Comment\",\"target\":[\"https:\\\/\\\/diarioprincipios.com\\\/index.php\\\/2021\\\/01\\\/26\\\/quienes-deseen-recibir-la-vacuna-deben-registrarse-en-buenos-aires-vacunate\\\/#respond\"]}]},{\"@type\":\"WebPage\",\"@id\":\"https:\\\/\\\/diarioprincipios.com\\\/index.php\\\/2021\\\/01\\\/26\\\/quienes-deseen-recibir-la-vacuna-deben-registrarse-en-buenos-aires-vacunate\\\/\",\"url\":\"https:\\\/\\\/diarioprincipios.com\\\/index.php\\\/2021\\\/01\\\/26\\\/quienes-deseen-recibir-la-vacuna-deben-registrarse-en-buenos-aires-vacunate\\\/\",\"name\":\"Quienes deseen recibir la Vacuna deben registrarse en \\\"Buenos Aires Vacunate\\\" - Principios\",\"isPartOf\":{\"@id\":\"https:\\\/\\\/diarioprincipios.com\\\/#website\"},\"primaryImageOfPage\":{\"@id\":\"https:\\\/\\\/diarioprincipios.com\\\/index.php\\\/2021\\\/01\\\/26\\\/quienes-deseen-recibir-la-vacuna-deben-registrarse-en-buenos-aires-vacunate\\\/#primaryimage\"},\"image\":{\"@id\":\"https:\\\/\\\/diarioprincipios.com\\\/index.php\\\/2021\\\/01\\\/26\\\/quienes-deseen-recibir-la-vacuna-deben-registrarse-en-buenos-aires-vacunate\\\/#primaryimage\"},\"thumbnailUrl\":\"https:\\\/\\\/diarioprincipios.com\\\/wp-content\\\/uploads\\\/2021\\\/01\\\/20210126_124526.jpg\",\"datePublished\":\"2021-01-26T15:49:25+00:00\",\"dateModified\":\"2021-01-26T15:49:30+00:00\",\"breadcrumb\":{\"@id\":\"https:\\\/\\\/diarioprincipios.com\\\/index.php\\\/2021\\\/01\\\/26\\\/quienes-deseen-recibir-la-vacuna-deben-registrarse-en-buenos-aires-vacunate\\\/#breadcrumb\"},\"inLanguage\":\"es\",\"potentialAction\":[{\"@type\":\"ReadAction\",\"target\":[\"https:\\\/\\\/diarioprincipios.com\\\/index.php\\\/2021\\\/01\\\/26\\\/quienes-deseen-recibir-la-vacuna-deben-registrarse-en-buenos-aires-vacunate\\\/\"]}]},{\"@type\":\"ImageObject\",\"inLanguage\":\"es\",\"@id\":\"https:\\\/\\\/diarioprincipios.com\\\/index.php\\\/2021\\\/01\\\/26\\\/quienes-deseen-recibir-la-vacuna-deben-registrarse-en-buenos-aires-vacunate\\\/#primaryimage\",\"url\":\"https:\\\/\\\/diarioprincipios.com\\\/wp-content\\\/uploads\\\/2021\\\/01\\\/20210126_124526.jpg\",\"contentUrl\":\"https:\\\/\\\/diarioprincipios.com\\\/wp-content\\\/uploads\\\/2021\\\/01\\\/20210126_124526.jpg\",\"width\":848,\"height\":466},{\"@type\":\"BreadcrumbList\",\"@id\":\"https:\\\/\\\/diarioprincipios.com\\\/index.php\\\/2021\\\/01\\\/26\\\/quienes-deseen-recibir-la-vacuna-deben-registrarse-en-buenos-aires-vacunate\\\/#breadcrumb\",\"itemListElement\":[{\"@type\":\"ListItem\",\"position\":1,\"name\":\"Portada\",\"item\":\"https:\\\/\\\/diarioprincipios.com\\\/\"},{\"@type\":\"ListItem\",\"position\":2,\"name\":\"Quienes deseen recibir la Vacuna deben registrarse en \u00abBuenos Aires Vacunate\u00bb\"}]},{\"@type\":\"WebSite\",\"@id\":\"https:\\\/\\\/diarioprincipios.com\\\/#website\",\"url\":\"https:\\\/\\\/diarioprincipios.com\\\/\",\"name\":\"Principios\",\"description\":\"Principios Diario\",\"publisher\":{\"@id\":\"https:\\\/\\\/diarioprincipios.com\\\/#organization\"},\"potentialAction\":[{\"@type\":\"SearchAction\",\"target\":{\"@type\":\"EntryPoint\",\"urlTemplate\":\"https:\\\/\\\/diarioprincipios.com\\\/?s={search_term_string}\"},\"query-input\":{\"@type\":\"PropertyValueSpecification\",\"valueRequired\":true,\"valueName\":\"search_term_string\"}}],\"inLanguage\":\"es\"},{\"@type\":\"Organization\",\"@id\":\"https:\\\/\\\/diarioprincipios.com\\\/#organization\",\"name\":\"Principios\",\"url\":\"https:\\\/\\\/diarioprincipios.com\\\/\",\"logo\":{\"@type\":\"ImageObject\",\"inLanguage\":\"es\",\"@id\":\"https:\\\/\\\/diarioprincipios.com\\\/#\\\/schema\\\/logo\\\/image\\\/\",\"url\":\"https:\\\/\\\/diarioprincipios.com\\\/wp-content\\\/uploads\\\/2024\\\/04\\\/cropped-www.diarioprincipios.com_-1.png\",\"contentUrl\":\"https:\\\/\\\/diarioprincipios.com\\\/wp-content\\\/uploads\\\/2024\\\/04\\\/cropped-www.diarioprincipios.com_-1.png\",\"width\":5325,\"height\":1454,\"caption\":\"Principios\"},\"image\":{\"@id\":\"https:\\\/\\\/diarioprincipios.com\\\/#\\\/schema\\\/logo\\\/image\\\/\"}},{\"@type\":\"Person\",\"@id\":\"https:\\\/\\\/diarioprincipios.com\\\/#\\\/schema\\\/person\\\/436d5a1fd41a5e250e23ff5a6a7cb080\",\"name\":\"Hern\u00e1n L\u00f3pez\",\"image\":{\"@type\":\"ImageObject\",\"inLanguage\":\"es\",\"@id\":\"https:\\\/\\\/diarioprincipios.com\\\/wp-content\\\/litespeed\\\/avatar\\\/11ddfe5610ff3bd100522525b2571f48.jpg?ver=1777048341\",\"url\":\"https:\\\/\\\/diarioprincipios.com\\\/wp-content\\\/litespeed\\\/avatar\\\/11ddfe5610ff3bd100522525b2571f48.jpg?ver=1777048341\",\"contentUrl\":\"https:\\\/\\\/diarioprincipios.com\\\/wp-content\\\/litespeed\\\/avatar\\\/11ddfe5610ff3bd100522525b2571f48.jpg?ver=1777048341\",\"caption\":\"Hern\u00e1n L\u00f3pez\"},\"url\":\"https:\\\/\\\/diarioprincipios.com\\\/index.php\\\/author\\\/hernan\\\/\"}]}<\/script>\n<!-- \/ Yoast SEO plugin. -->","yoast_head_json":{"title":"Quienes deseen recibir la Vacuna deben registrarse en \"Buenos Aires Vacunate\" - Principios","robots":{"index":"index","follow":"follow","max-snippet":"max-snippet:-1","max-image-preview":"max-image-preview:large","max-video-preview":"max-video-preview:-1"},"canonical":"https:\/\/diarioprincipios.com\/index.php\/2021\/01\/26\/quienes-deseen-recibir-la-vacuna-deben-registrarse-en-buenos-aires-vacunate\/","og_locale":"es_ES","og_type":"article","og_title":"Quienes deseen recibir la Vacuna deben registrarse en \"Buenos Aires Vacunate\" - Principios","og_description":"La Municipalidad de Berazategui les recuerda a los vecinos y vecinas que para poder recibir la vacuna contra el coronavirus (COVID-19) deben registrarse en la p\u00e1gina web \u201cBuenos Aires Vacunate\u201d (vacunatepba.gba.gob.ar), habilitada para tal fin por el Gobierno bonaerense. Aquellos que deseen inscribirse pero no sepan c\u00f3mo hacerlo, pueden acercarse al Centro de Atenci\u00f3n Primaria...","og_url":"https:\/\/diarioprincipios.com\/index.php\/2021\/01\/26\/quienes-deseen-recibir-la-vacuna-deben-registrarse-en-buenos-aires-vacunate\/","og_site_name":"Principios","article_published_time":"2021-01-26T15:49:25+00:00","article_modified_time":"2021-01-26T15:49:30+00:00","og_image":[{"width":848,"height":466,"url":"https:\/\/diarioprincipios.com\/wp-content\/uploads\/2021\/01\/20210126_124526.jpg","type":"image\/jpeg"}],"author":"Hern\u00e1n L\u00f3pez","twitter_card":"summary_large_image","twitter_misc":{"Escrito por":"Hern\u00e1n L\u00f3pez","Tiempo de lectura":"2 minutos"},"schema":{"@context":"https:\/\/schema.org","@graph":[{"@type":"Article","@id":"https:\/\/diarioprincipios.com\/index.php\/2021\/01\/26\/quienes-deseen-recibir-la-vacuna-deben-registrarse-en-buenos-aires-vacunate\/#article","isPartOf":{"@id":"https:\/\/diarioprincipios.com\/index.php\/2021\/01\/26\/quienes-deseen-recibir-la-vacuna-deben-registrarse-en-buenos-aires-vacunate\/"},"author":{"name":"Hern\u00e1n L\u00f3pez","@id":"https:\/\/diarioprincipios.com\/#\/schema\/person\/436d5a1fd41a5e250e23ff5a6a7cb080"},"headline":"Quienes deseen recibir la Vacuna deben registrarse en \u00abBuenos Aires Vacunate\u00bb","datePublished":"2021-01-26T15:49:25+00:00","dateModified":"2021-01-26T15:49:30+00:00","mainEntityOfPage":{"@id":"https:\/\/diarioprincipios.com\/index.php\/2021\/01\/26\/quienes-deseen-recibir-la-vacuna-deben-registrarse-en-buenos-aires-vacunate\/"},"wordCount":343,"commentCount":0,"publisher":{"@id":"https:\/\/diarioprincipios.com\/#organization"},"image":{"@id":"https:\/\/diarioprincipios.com\/index.php\/2021\/01\/26\/quienes-deseen-recibir-la-vacuna-deben-registrarse-en-buenos-aires-vacunate\/#primaryimage"},"thumbnailUrl":"https:\/\/diarioprincipios.com\/wp-content\/uploads\/2021\/01\/20210126_124526.jpg","articleSection":["Berazategui"],"inLanguage":"es","potentialAction":[{"@type":"CommentAction","name":"Comment","target":["https:\/\/diarioprincipios.com\/index.php\/2021\/01\/26\/quienes-deseen-recibir-la-vacuna-deben-registrarse-en-buenos-aires-vacunate\/#respond"]}]},{"@type":"WebPage","@id":"https:\/\/diarioprincipios.com\/index.php\/2021\/01\/26\/quienes-deseen-recibir-la-vacuna-deben-registrarse-en-buenos-aires-vacunate\/","url":"https:\/\/diarioprincipios.com\/index.php\/2021\/01\/26\/quienes-deseen-recibir-la-vacuna-deben-registrarse-en-buenos-aires-vacunate\/","name":"Quienes deseen recibir la Vacuna deben registrarse en \"Buenos Aires Vacunate\" - Principios","isPartOf":{"@id":"https:\/\/diarioprincipios.com\/#website"},"primaryImageOfPage":{"@id":"https:\/\/diarioprincipios.com\/index.php\/2021\/01\/26\/quienes-deseen-recibir-la-vacuna-deben-registrarse-en-buenos-aires-vacunate\/#primaryimage"},"image":{"@id":"https:\/\/diarioprincipios.com\/index.php\/2021\/01\/26\/quienes-deseen-recibir-la-vacuna-deben-registrarse-en-buenos-aires-vacunate\/#primaryimage"},"thumbnailUrl":"https:\/\/diarioprincipios.com\/wp-content\/uploads\/2021\/01\/20210126_124526.jpg","datePublished":"2021-01-26T15:49:25+00:00","dateModified":"2021-01-26T15:49:30+00:00","breadcrumb":{"@id":"https:\/\/diarioprincipios.com\/index.php\/2021\/01\/26\/quienes-deseen-recibir-la-vacuna-deben-registrarse-en-buenos-aires-vacunate\/#breadcrumb"},"inLanguage":"es","potentialAction":[{"@type":"ReadAction","target":["https:\/\/diarioprincipios.com\/index.php\/2021\/01\/26\/quienes-deseen-recibir-la-vacuna-deben-registrarse-en-buenos-aires-vacunate\/"]}]},{"@type":"ImageObject","inLanguage":"es","@id":"https:\/\/diarioprincipios.com\/index.php\/2021\/01\/26\/quienes-deseen-recibir-la-vacuna-deben-registrarse-en-buenos-aires-vacunate\/#primaryimage","url":"https:\/\/diarioprincipios.com\/wp-content\/uploads\/2021\/01\/20210126_124526.jpg","contentUrl":"https:\/\/diarioprincipios.com\/wp-content\/uploads\/2021\/01\/20210126_124526.jpg","width":848,"height":466},{"@type":"BreadcrumbList","@id":"https:\/\/diarioprincipios.com\/index.php\/2021\/01\/26\/quienes-deseen-recibir-la-vacuna-deben-registrarse-en-buenos-aires-vacunate\/#breadcrumb","itemListElement":[{"@type":"ListItem","position":1,"name":"Portada","item":"https:\/\/diarioprincipios.com\/"},{"@type":"ListItem","position":2,"name":"Quienes deseen recibir la Vacuna deben registrarse en \u00abBuenos Aires Vacunate\u00bb"}]},{"@type":"WebSite","@id":"https:\/\/diarioprincipios.com\/#website","url":"https:\/\/diarioprincipios.com\/","name":"Principios","description":"Principios Diario","publisher":{"@id":"https:\/\/diarioprincipios.com\/#organization"},"potentialAction":[{"@type":"SearchAction","target":{"@type":"EntryPoint","urlTemplate":"https:\/\/diarioprincipios.com\/?s={search_term_string}"},"query-input":{"@type":"PropertyValueSpecification","valueRequired":true,"valueName":"search_term_string"}}],"inLanguage":"es"},{"@type":"Organization","@id":"https:\/\/diarioprincipios.com\/#organization","name":"Principios","url":"https:\/\/diarioprincipios.com\/","logo":{"@type":"ImageObject","inLanguage":"es","@id":"https:\/\/diarioprincipios.com\/#\/schema\/logo\/image\/","url":"https:\/\/diarioprincipios.com\/wp-content\/uploads\/2024\/04\/cropped-www.diarioprincipios.com_-1.png","contentUrl":"https:\/\/diarioprincipios.com\/wp-content\/uploads\/2024\/04\/cropped-www.diarioprincipios.com_-1.png","width":5325,"height":1454,"caption":"Principios"},"image":{"@id":"https:\/\/diarioprincipios.com\/#\/schema\/logo\/image\/"}},{"@type":"Person","@id":"https:\/\/diarioprincipios.com\/#\/schema\/person\/436d5a1fd41a5e250e23ff5a6a7cb080","name":"Hern\u00e1n L\u00f3pez","image":{"@type":"ImageObject","inLanguage":"es","@id":"https:\/\/diarioprincipios.com\/wp-content\/litespeed\/avatar\/11ddfe5610ff3bd100522525b2571f48.jpg?ver=1777048341","url":"https:\/\/diarioprincipios.com\/wp-content\/litespeed\/avatar\/11ddfe5610ff3bd100522525b2571f48.jpg?ver=1777048341","contentUrl":"https:\/\/diarioprincipios.com\/wp-content\/litespeed\/avatar\/11ddfe5610ff3bd100522525b2571f48.jpg?ver=1777048341","caption":"Hern\u00e1n L\u00f3pez"},"url":"https:\/\/diarioprincipios.com\/index.php\/author\/hernan\/"}]}},"jetpack_featured_media_url":"https:\/\/diarioprincipios.com\/wp-content\/uploads\/2021\/01\/20210126_124526.jpg","_links":{"self":[{"href":"https:\/\/diarioprincipios.com\/index.php\/wp-json\/wp\/v2\/posts\/8349","targetHints":{"allow":["GET"]}}],"collection":[{"href":"https:\/\/diarioprincipios.com\/index.php\/wp-json\/wp\/v2\/posts"}],"about":[{"href":"https:\/\/diarioprincipios.com\/index.php\/wp-json\/wp\/v2\/types\/post"}],"author":[{"embeddable":true,"href":"https:\/\/diarioprincipios.com\/index.php\/wp-json\/wp\/v2\/users\/2"}],"replies":[{"embeddable":true,"href":"https:\/\/diarioprincipios.com\/index.php\/wp-json\/wp\/v2\/comments?post=8349"}],"version-history":[{"count":1,"href":"https:\/\/diarioprincipios.com\/index.php\/wp-json\/wp\/v2\/posts\/8349\/revisions"}],"predecessor-version":[{"id":8352,"href":"https:\/\/diarioprincipios.com\/index.php\/wp-json\/wp\/v2\/posts\/8349\/revisions\/8352"}],"wp:featuredmedia":[{"embeddable":true,"href":"https:\/\/diarioprincipios.com\/index.php\/wp-json\/wp\/v2\/media\/8350"}],"wp:attachment":[{"href":"https:\/\/diarioprincipios.com\/index.php\/wp-json\/wp\/v2\/media?parent=8349"}],"wp:term":[{"taxonomy":"category","embeddable":true,"href":"https:\/\/diarioprincipios.com\/index.php\/wp-json\/wp\/v2\/categories?post=8349"},{"taxonomy":"post_tag","embeddable":true,"href":"https:\/\/diarioprincipios.com\/index.php\/wp-json\/wp\/v2\/tags?post=8349"}],"curies":[{"name":"wp","href":"https:\/\/api.w.org\/{rel}","templated":true}]}}