{"id":8334,"date":"2021-01-25T21:23:41","date_gmt":"2021-01-26T00:23:41","guid":{"rendered":"http:\/\/diarioprincipios.com\/?p=8334"},"modified":"2021-01-25T21:23:46","modified_gmt":"2021-01-26T00:23:46","slug":"la-u-c-r-quiere-ser-protagonista","status":"publish","type":"post","link":"https:\/\/diarioprincipios.com\/index.php\/2021\/01\/25\/la-u-c-r-quiere-ser-protagonista\/","title":{"rendered":"La U.C.R quiere ser protagonista"},"content":{"rendered":"\n<p>El Comite de Distrito de la U.C.R fue sede de un encuentro en el que vecinos y militantes se acercaron para escuchar las propuestas que presento para la provincia el referente de Movilizacion Partidaria Fabio Abraham  quien explic\u00f3 que \u00abel triunfo de Posse en la interna de la UCR no seria un simple cambio de autoridades, es mucho mas que eso, significa abrir la puerta a un radicalismo con propuestas hacia la sociedad, significa un Radicalismo que decida su futuro, significa el fin del radicalismo servil y sin propuesta\u00bb<\/p>\n\n\n\n<p>Agreg\u00f3 que \u00abno es casual que el oficialismo partidario fuera corriendo a pedir ayuda a Vidal y a Carrio\u00bb.<br>M\u00e1s adelante sostuvo  que \u00abel radicalismo tiene que ser la columna vertebral de cualquier alianza que se forme, porque la UCR no es ni la derecha Populista actual ni la derecha conservadora anterior, la UCR es Socialdem\u00f3crata y esta siempre al lado de las clases populares\u00bb.<\/p>\n\n\n\n<figure class=\"wp-block-image size-large\"><img loading=\"lazy\" decoding=\"async\" width=\"576\" height=\"1024\" src=\"https:\/\/diarioprincipios.com\/wp-content\/uploads\/2021\/01\/IMG-20210125-WA0004-576x1024.jpg\" alt=\"\" class=\"wp-image-8337\" srcset=\"https:\/\/diarioprincipios.com\/wp-content\/uploads\/2021\/01\/IMG-20210125-WA0004-576x1024.jpg 576w, https:\/\/diarioprincipios.com\/wp-content\/uploads\/2021\/01\/IMG-20210125-WA0004-169x300.jpg 169w, https:\/\/diarioprincipios.com\/wp-content\/uploads\/2021\/01\/IMG-20210125-WA0004.jpg 720w\" sizes=\"auto, (max-width: 576px) 100vw, 576px\" \/><\/figure>\n\n\n\n<p>Despu\u00e9s pas\u00f3 a explicar los proyectos en educaci\u00f3n, salud, seguridad y producci\u00f3n para la Pcia de Bs As.<br>El evento organizado por Ricardo Alberto Carbajal ,referente distrital de Movilizacion Partidaria, reuni\u00f3 a m\u00e1s  de 40 personas, tambi\u00e9n se hizo presente Alejandro \u00abTotito\u00bb Gonzalez , Concejal y presidente del Comite de Vicente Lopez ; Horacio Machado (CMC) ; Carlos Abrami, candidato a presidir el Comit\u00e9 Distrital de Berazategui por la lista 114-14 ,junto a su esposa ,la presidente del bloque de JXC y concejal de la U.C.R. Flavia Torrisi ,el consejero escolar de la U.C.R. por Juntos por el Cambio Gustavo Damian Gonzalez y el actual presidente del Comit\u00e9 Oscar Gomez.<br>Entre los participantes se encontraban tambi\u00e9n Las Boinas Blancas de la Chunga Martorell, con su referente Carolina Albarracin y algunos correligionarios mas vinieron a interesarse por las propuestas.<\/p>\n\n\n\n<figure class=\"wp-block-image size-large\"><img loading=\"lazy\" decoding=\"async\" width=\"1024\" height=\"768\" src=\"https:\/\/diarioprincipios.com\/wp-content\/uploads\/2021\/01\/IMG-20210125-WA0001-1024x768.jpg\" alt=\"\" class=\"wp-image-8338\" srcset=\"https:\/\/diarioprincipios.com\/wp-content\/uploads\/2021\/01\/IMG-20210125-WA0001-1024x768.jpg 1024w, https:\/\/diarioprincipios.com\/wp-content\/uploads\/2021\/01\/IMG-20210125-WA0001-300x225.jpg 300w, https:\/\/diarioprincipios.com\/wp-content\/uploads\/2021\/01\/IMG-20210125-WA0001-768x576.jpg 768w, https:\/\/diarioprincipios.com\/wp-content\/uploads\/2021\/01\/IMG-20210125-WA0001.jpg 1280w\" sizes=\"auto, (max-width: 1024px) 100vw, 1024px\" \/><\/figure>\n\n\n\n<p>\u00abEn una jornada de extenso calor donde se vivi\u00f3 un clima de inter\u0155s y atenci\u00f3n por las propuestas presentadas ,se procur\u00f3 crear una jornada amena donde los vecinos pudieron estar en un comite de puertas abiertas y donde quienes integramos este lineamiento, Movilizacion Parridaria,queremos llegar a la mayor cantidad de gente para que todos puedan formar parte del debate y procurar un cambio para la sociedad\u00bb, expres\u00f3 Ricardo Carbajal.<br>La reuni\u00f3n se llev\u00f3 a cabo con los protocolos correspondientes, se anot\u00f3 en una planilla a las personas que concurrieron y se les tom\u00f3 la temperatura.<\/p>\n","protected":false},"excerpt":{"rendered":"<p>El Comite de Distrito de la U.C.R fue sede de un encuentro en el que vecinos y militantes se acercaron para escuchar las propuestas que presento para la provincia el referente de Movilizacion Partidaria Fabio Abraham quien explic\u00f3 que \u00abel triunfo de Posse en la interna de la UCR no seria un simple cambio de&#8230;<\/p>\n","protected":false},"author":2,"featured_media":8336,"comment_status":"open","ping_status":"open","sticky":false,"template":"","format":"standard","meta":{"footnotes":""},"categories":[3],"tags":[],"class_list":["post-8334","post","type-post","status-publish","format-standard","has-post-thumbnail","hentry","category-berazategui"],"featured_image_src":"https:\/\/diarioprincipios.com\/wp-content\/uploads\/2021\/01\/IMG-20210125-WA0003-1024x576.jpg","blog_images":{"medium":"https:\/\/diarioprincipios.com\/wp-content\/uploads\/2021\/01\/IMG-20210125-WA0003-300x169.jpg","large":"https:\/\/diarioprincipios.com\/wp-content\/uploads\/2021\/01\/IMG-20210125-WA0003-1024x576.jpg"},"ams_acf":[],"yoast_head":"<!-- This site is optimized with the Yoast SEO plugin v27.3 - https:\/\/yoast.com\/product\/yoast-seo-wordpress\/ -->\n<title>La U.C.R quiere ser protagonista - Principios<\/title>\n<meta name=\"robots\" content=\"index, follow, max-snippet:-1, max-image-preview:large, max-video-preview:-1\" \/>\n<link rel=\"canonical\" href=\"https:\/\/diarioprincipios.com\/index.php\/2021\/01\/25\/la-u-c-r-quiere-ser-protagonista\/\" \/>\n<meta property=\"og:locale\" content=\"es_ES\" \/>\n<meta property=\"og:type\" content=\"article\" \/>\n<meta property=\"og:title\" content=\"La U.C.R quiere ser protagonista - Principios\" \/>\n<meta property=\"og:description\" content=\"El Comite de Distrito de la U.C.R fue sede de un encuentro en el que vecinos y militantes se acercaron para escuchar las propuestas que presento para la provincia el referente de Movilizacion Partidaria Fabio Abraham quien explic\u00f3 que \u00abel triunfo de Posse en la interna de la UCR no seria un simple cambio de...\" \/>\n<meta property=\"og:url\" content=\"https:\/\/diarioprincipios.com\/index.php\/2021\/01\/25\/la-u-c-r-quiere-ser-protagonista\/\" \/>\n<meta property=\"og:site_name\" content=\"Principios\" \/>\n<meta property=\"article:published_time\" content=\"2021-01-26T00:23:41+00:00\" \/>\n<meta property=\"article:modified_time\" content=\"2021-01-26T00:23:46+00:00\" \/>\n<meta property=\"og:image\" content=\"https:\/\/diarioprincipios.com\/wp-content\/uploads\/2021\/01\/IMG-20210125-WA0003.jpg\" \/>\n\t<meta property=\"og:image:width\" content=\"1280\" \/>\n\t<meta property=\"og:image:height\" content=\"720\" \/>\n\t<meta property=\"og:image:type\" content=\"image\/jpeg\" \/>\n<meta name=\"author\" content=\"Hern\u00e1n L\u00f3pez\" \/>\n<meta name=\"twitter:card\" content=\"summary_large_image\" \/>\n<meta name=\"twitter:label1\" content=\"Escrito por\" \/>\n\t<meta name=\"twitter:data1\" content=\"Hern\u00e1n L\u00f3pez\" \/>\n\t<meta name=\"twitter:label2\" content=\"Tiempo de lectura\" \/>\n\t<meta name=\"twitter:data2\" content=\"3 minutos\" \/>\n<script type=\"application\/ld+json\" class=\"yoast-schema-graph\">{\"@context\":\"https:\\\/\\\/schema.org\",\"@graph\":[{\"@type\":\"Article\",\"@id\":\"https:\\\/\\\/diarioprincipios.com\\\/index.php\\\/2021\\\/01\\\/25\\\/la-u-c-r-quiere-ser-protagonista\\\/#article\",\"isPartOf\":{\"@id\":\"https:\\\/\\\/diarioprincipios.com\\\/index.php\\\/2021\\\/01\\\/25\\\/la-u-c-r-quiere-ser-protagonista\\\/\"},\"author\":{\"name\":\"Hern\u00e1n L\u00f3pez\",\"@id\":\"https:\\\/\\\/diarioprincipios.com\\\/#\\\/schema\\\/person\\\/436d5a1fd41a5e250e23ff5a6a7cb080\"},\"headline\":\"La U.C.R quiere ser protagonista\",\"datePublished\":\"2021-01-26T00:23:41+00:00\",\"dateModified\":\"2021-01-26T00:23:46+00:00\",\"mainEntityOfPage\":{\"@id\":\"https:\\\/\\\/diarioprincipios.com\\\/index.php\\\/2021\\\/01\\\/25\\\/la-u-c-r-quiere-ser-protagonista\\\/\"},\"wordCount\":408,\"commentCount\":0,\"publisher\":{\"@id\":\"https:\\\/\\\/diarioprincipios.com\\\/#organization\"},\"image\":{\"@id\":\"https:\\\/\\\/diarioprincipios.com\\\/index.php\\\/2021\\\/01\\\/25\\\/la-u-c-r-quiere-ser-protagonista\\\/#primaryimage\"},\"thumbnailUrl\":\"https:\\\/\\\/diarioprincipios.com\\\/wp-content\\\/uploads\\\/2021\\\/01\\\/IMG-20210125-WA0003.jpg\",\"articleSection\":[\"Berazategui\"],\"inLanguage\":\"es\",\"potentialAction\":[{\"@type\":\"CommentAction\",\"name\":\"Comment\",\"target\":[\"https:\\\/\\\/diarioprincipios.com\\\/index.php\\\/2021\\\/01\\\/25\\\/la-u-c-r-quiere-ser-protagonista\\\/#respond\"]}]},{\"@type\":\"WebPage\",\"@id\":\"https:\\\/\\\/diarioprincipios.com\\\/index.php\\\/2021\\\/01\\\/25\\\/la-u-c-r-quiere-ser-protagonista\\\/\",\"url\":\"https:\\\/\\\/diarioprincipios.com\\\/index.php\\\/2021\\\/01\\\/25\\\/la-u-c-r-quiere-ser-protagonista\\\/\",\"name\":\"La U.C.R quiere ser protagonista - Principios\",\"isPartOf\":{\"@id\":\"https:\\\/\\\/diarioprincipios.com\\\/#website\"},\"primaryImageOfPage\":{\"@id\":\"https:\\\/\\\/diarioprincipios.com\\\/index.php\\\/2021\\\/01\\\/25\\\/la-u-c-r-quiere-ser-protagonista\\\/#primaryimage\"},\"image\":{\"@id\":\"https:\\\/\\\/diarioprincipios.com\\\/index.php\\\/2021\\\/01\\\/25\\\/la-u-c-r-quiere-ser-protagonista\\\/#primaryimage\"},\"thumbnailUrl\":\"https:\\\/\\\/diarioprincipios.com\\\/wp-content\\\/uploads\\\/2021\\\/01\\\/IMG-20210125-WA0003.jpg\",\"datePublished\":\"2021-01-26T00:23:41+00:00\",\"dateModified\":\"2021-01-26T00:23:46+00:00\",\"breadcrumb\":{\"@id\":\"https:\\\/\\\/diarioprincipios.com\\\/index.php\\\/2021\\\/01\\\/25\\\/la-u-c-r-quiere-ser-protagonista\\\/#breadcrumb\"},\"inLanguage\":\"es\",\"potentialAction\":[{\"@type\":\"ReadAction\",\"target\":[\"https:\\\/\\\/diarioprincipios.com\\\/index.php\\\/2021\\\/01\\\/25\\\/la-u-c-r-quiere-ser-protagonista\\\/\"]}]},{\"@type\":\"ImageObject\",\"inLanguage\":\"es\",\"@id\":\"https:\\\/\\\/diarioprincipios.com\\\/index.php\\\/2021\\\/01\\\/25\\\/la-u-c-r-quiere-ser-protagonista\\\/#primaryimage\",\"url\":\"https:\\\/\\\/diarioprincipios.com\\\/wp-content\\\/uploads\\\/2021\\\/01\\\/IMG-20210125-WA0003.jpg\",\"contentUrl\":\"https:\\\/\\\/diarioprincipios.com\\\/wp-content\\\/uploads\\\/2021\\\/01\\\/IMG-20210125-WA0003.jpg\",\"width\":1280,\"height\":720},{\"@type\":\"BreadcrumbList\",\"@id\":\"https:\\\/\\\/diarioprincipios.com\\\/index.php\\\/2021\\\/01\\\/25\\\/la-u-c-r-quiere-ser-protagonista\\\/#breadcrumb\",\"itemListElement\":[{\"@type\":\"ListItem\",\"position\":1,\"name\":\"Portada\",\"item\":\"https:\\\/\\\/diarioprincipios.com\\\/\"},{\"@type\":\"ListItem\",\"position\":2,\"name\":\"La U.C.R quiere ser protagonista\"}]},{\"@type\":\"WebSite\",\"@id\":\"https:\\\/\\\/diarioprincipios.com\\\/#website\",\"url\":\"https:\\\/\\\/diarioprincipios.com\\\/\",\"name\":\"Principios\",\"description\":\"Principios Diario\",\"publisher\":{\"@id\":\"https:\\\/\\\/diarioprincipios.com\\\/#organization\"},\"potentialAction\":[{\"@type\":\"SearchAction\",\"target\":{\"@type\":\"EntryPoint\",\"urlTemplate\":\"https:\\\/\\\/diarioprincipios.com\\\/?s={search_term_string}\"},\"query-input\":{\"@type\":\"PropertyValueSpecification\",\"valueRequired\":true,\"valueName\":\"search_term_string\"}}],\"inLanguage\":\"es\"},{\"@type\":\"Organization\",\"@id\":\"https:\\\/\\\/diarioprincipios.com\\\/#organization\",\"name\":\"Principios\",\"url\":\"https:\\\/\\\/diarioprincipios.com\\\/\",\"logo\":{\"@type\":\"ImageObject\",\"inLanguage\":\"es\",\"@id\":\"https:\\\/\\\/diarioprincipios.com\\\/#\\\/schema\\\/logo\\\/image\\\/\",\"url\":\"https:\\\/\\\/diarioprincipios.com\\\/wp-content\\\/uploads\\\/2024\\\/04\\\/cropped-www.diarioprincipios.com_-1.png\",\"contentUrl\":\"https:\\\/\\\/diarioprincipios.com\\\/wp-content\\\/uploads\\\/2024\\\/04\\\/cropped-www.diarioprincipios.com_-1.png\",\"width\":5325,\"height\":1454,\"caption\":\"Principios\"},\"image\":{\"@id\":\"https:\\\/\\\/diarioprincipios.com\\\/#\\\/schema\\\/logo\\\/image\\\/\"}},{\"@type\":\"Person\",\"@id\":\"https:\\\/\\\/diarioprincipios.com\\\/#\\\/schema\\\/person\\\/436d5a1fd41a5e250e23ff5a6a7cb080\",\"name\":\"Hern\u00e1n L\u00f3pez\",\"image\":{\"@type\":\"ImageObject\",\"inLanguage\":\"es\",\"@id\":\"https:\\\/\\\/diarioprincipios.com\\\/wp-content\\\/litespeed\\\/avatar\\\/11ddfe5610ff3bd100522525b2571f48.jpg?ver=1777048341\",\"url\":\"https:\\\/\\\/diarioprincipios.com\\\/wp-content\\\/litespeed\\\/avatar\\\/11ddfe5610ff3bd100522525b2571f48.jpg?ver=1777048341\",\"contentUrl\":\"https:\\\/\\\/diarioprincipios.com\\\/wp-content\\\/litespeed\\\/avatar\\\/11ddfe5610ff3bd100522525b2571f48.jpg?ver=1777048341\",\"caption\":\"Hern\u00e1n L\u00f3pez\"},\"url\":\"https:\\\/\\\/diarioprincipios.com\\\/index.php\\\/author\\\/hernan\\\/\"}]}<\/script>\n<!-- \/ Yoast SEO plugin. -->","yoast_head_json":{"title":"La U.C.R quiere ser protagonista - Principios","robots":{"index":"index","follow":"follow","max-snippet":"max-snippet:-1","max-image-preview":"max-image-preview:large","max-video-preview":"max-video-preview:-1"},"canonical":"https:\/\/diarioprincipios.com\/index.php\/2021\/01\/25\/la-u-c-r-quiere-ser-protagonista\/","og_locale":"es_ES","og_type":"article","og_title":"La U.C.R quiere ser protagonista - Principios","og_description":"El Comite de Distrito de la U.C.R fue sede de un encuentro en el que vecinos y militantes se acercaron para escuchar las propuestas que presento para la provincia el referente de Movilizacion Partidaria Fabio Abraham quien explic\u00f3 que \u00abel triunfo de Posse en la interna de la UCR no seria un simple cambio de...","og_url":"https:\/\/diarioprincipios.com\/index.php\/2021\/01\/25\/la-u-c-r-quiere-ser-protagonista\/","og_site_name":"Principios","article_published_time":"2021-01-26T00:23:41+00:00","article_modified_time":"2021-01-26T00:23:46+00:00","og_image":[{"width":1280,"height":720,"url":"https:\/\/diarioprincipios.com\/wp-content\/uploads\/2021\/01\/IMG-20210125-WA0003.jpg","type":"image\/jpeg"}],"author":"Hern\u00e1n L\u00f3pez","twitter_card":"summary_large_image","twitter_misc":{"Escrito por":"Hern\u00e1n L\u00f3pez","Tiempo de lectura":"3 minutos"},"schema":{"@context":"https:\/\/schema.org","@graph":[{"@type":"Article","@id":"https:\/\/diarioprincipios.com\/index.php\/2021\/01\/25\/la-u-c-r-quiere-ser-protagonista\/#article","isPartOf":{"@id":"https:\/\/diarioprincipios.com\/index.php\/2021\/01\/25\/la-u-c-r-quiere-ser-protagonista\/"},"author":{"name":"Hern\u00e1n L\u00f3pez","@id":"https:\/\/diarioprincipios.com\/#\/schema\/person\/436d5a1fd41a5e250e23ff5a6a7cb080"},"headline":"La U.C.R quiere ser protagonista","datePublished":"2021-01-26T00:23:41+00:00","dateModified":"2021-01-26T00:23:46+00:00","mainEntityOfPage":{"@id":"https:\/\/diarioprincipios.com\/index.php\/2021\/01\/25\/la-u-c-r-quiere-ser-protagonista\/"},"wordCount":408,"commentCount":0,"publisher":{"@id":"https:\/\/diarioprincipios.com\/#organization"},"image":{"@id":"https:\/\/diarioprincipios.com\/index.php\/2021\/01\/25\/la-u-c-r-quiere-ser-protagonista\/#primaryimage"},"thumbnailUrl":"https:\/\/diarioprincipios.com\/wp-content\/uploads\/2021\/01\/IMG-20210125-WA0003.jpg","articleSection":["Berazategui"],"inLanguage":"es","potentialAction":[{"@type":"CommentAction","name":"Comment","target":["https:\/\/diarioprincipios.com\/index.php\/2021\/01\/25\/la-u-c-r-quiere-ser-protagonista\/#respond"]}]},{"@type":"WebPage","@id":"https:\/\/diarioprincipios.com\/index.php\/2021\/01\/25\/la-u-c-r-quiere-ser-protagonista\/","url":"https:\/\/diarioprincipios.com\/index.php\/2021\/01\/25\/la-u-c-r-quiere-ser-protagonista\/","name":"La U.C.R quiere ser protagonista - Principios","isPartOf":{"@id":"https:\/\/diarioprincipios.com\/#website"},"primaryImageOfPage":{"@id":"https:\/\/diarioprincipios.com\/index.php\/2021\/01\/25\/la-u-c-r-quiere-ser-protagonista\/#primaryimage"},"image":{"@id":"https:\/\/diarioprincipios.com\/index.php\/2021\/01\/25\/la-u-c-r-quiere-ser-protagonista\/#primaryimage"},"thumbnailUrl":"https:\/\/diarioprincipios.com\/wp-content\/uploads\/2021\/01\/IMG-20210125-WA0003.jpg","datePublished":"2021-01-26T00:23:41+00:00","dateModified":"2021-01-26T00:23:46+00:00","breadcrumb":{"@id":"https:\/\/diarioprincipios.com\/index.php\/2021\/01\/25\/la-u-c-r-quiere-ser-protagonista\/#breadcrumb"},"inLanguage":"es","potentialAction":[{"@type":"ReadAction","target":["https:\/\/diarioprincipios.com\/index.php\/2021\/01\/25\/la-u-c-r-quiere-ser-protagonista\/"]}]},{"@type":"ImageObject","inLanguage":"es","@id":"https:\/\/diarioprincipios.com\/index.php\/2021\/01\/25\/la-u-c-r-quiere-ser-protagonista\/#primaryimage","url":"https:\/\/diarioprincipios.com\/wp-content\/uploads\/2021\/01\/IMG-20210125-WA0003.jpg","contentUrl":"https:\/\/diarioprincipios.com\/wp-content\/uploads\/2021\/01\/IMG-20210125-WA0003.jpg","width":1280,"height":720},{"@type":"BreadcrumbList","@id":"https:\/\/diarioprincipios.com\/index.php\/2021\/01\/25\/la-u-c-r-quiere-ser-protagonista\/#breadcrumb","itemListElement":[{"@type":"ListItem","position":1,"name":"Portada","item":"https:\/\/diarioprincipios.com\/"},{"@type":"ListItem","position":2,"name":"La U.C.R quiere ser protagonista"}]},{"@type":"WebSite","@id":"https:\/\/diarioprincipios.com\/#website","url":"https:\/\/diarioprincipios.com\/","name":"Principios","description":"Principios Diario","publisher":{"@id":"https:\/\/diarioprincipios.com\/#organization"},"potentialAction":[{"@type":"SearchAction","target":{"@type":"EntryPoint","urlTemplate":"https:\/\/diarioprincipios.com\/?s={search_term_string}"},"query-input":{"@type":"PropertyValueSpecification","valueRequired":true,"valueName":"search_term_string"}}],"inLanguage":"es"},{"@type":"Organization","@id":"https:\/\/diarioprincipios.com\/#organization","name":"Principios","url":"https:\/\/diarioprincipios.com\/","logo":{"@type":"ImageObject","inLanguage":"es","@id":"https:\/\/diarioprincipios.com\/#\/schema\/logo\/image\/","url":"https:\/\/diarioprincipios.com\/wp-content\/uploads\/2024\/04\/cropped-www.diarioprincipios.com_-1.png","contentUrl":"https:\/\/diarioprincipios.com\/wp-content\/uploads\/2024\/04\/cropped-www.diarioprincipios.com_-1.png","width":5325,"height":1454,"caption":"Principios"},"image":{"@id":"https:\/\/diarioprincipios.com\/#\/schema\/logo\/image\/"}},{"@type":"Person","@id":"https:\/\/diarioprincipios.com\/#\/schema\/person\/436d5a1fd41a5e250e23ff5a6a7cb080","name":"Hern\u00e1n L\u00f3pez","image":{"@type":"ImageObject","inLanguage":"es","@id":"https:\/\/diarioprincipios.com\/wp-content\/litespeed\/avatar\/11ddfe5610ff3bd100522525b2571f48.jpg?ver=1777048341","url":"https:\/\/diarioprincipios.com\/wp-content\/litespeed\/avatar\/11ddfe5610ff3bd100522525b2571f48.jpg?ver=1777048341","contentUrl":"https:\/\/diarioprincipios.com\/wp-content\/litespeed\/avatar\/11ddfe5610ff3bd100522525b2571f48.jpg?ver=1777048341","caption":"Hern\u00e1n L\u00f3pez"},"url":"https:\/\/diarioprincipios.com\/index.php\/author\/hernan\/"}]}},"jetpack_featured_media_url":"https:\/\/diarioprincipios.com\/wp-content\/uploads\/2021\/01\/IMG-20210125-WA0003.jpg","_links":{"self":[{"href":"https:\/\/diarioprincipios.com\/index.php\/wp-json\/wp\/v2\/posts\/8334","targetHints":{"allow":["GET"]}}],"collection":[{"href":"https:\/\/diarioprincipios.com\/index.php\/wp-json\/wp\/v2\/posts"}],"about":[{"href":"https:\/\/diarioprincipios.com\/index.php\/wp-json\/wp\/v2\/types\/post"}],"author":[{"embeddable":true,"href":"https:\/\/diarioprincipios.com\/index.php\/wp-json\/wp\/v2\/users\/2"}],"replies":[{"embeddable":true,"href":"https:\/\/diarioprincipios.com\/index.php\/wp-json\/wp\/v2\/comments?post=8334"}],"version-history":[{"count":1,"href":"https:\/\/diarioprincipios.com\/index.php\/wp-json\/wp\/v2\/posts\/8334\/revisions"}],"predecessor-version":[{"id":8339,"href":"https:\/\/diarioprincipios.com\/index.php\/wp-json\/wp\/v2\/posts\/8334\/revisions\/8339"}],"wp:featuredmedia":[{"embeddable":true,"href":"https:\/\/diarioprincipios.com\/index.php\/wp-json\/wp\/v2\/media\/8336"}],"wp:attachment":[{"href":"https:\/\/diarioprincipios.com\/index.php\/wp-json\/wp\/v2\/media?parent=8334"}],"wp:term":[{"taxonomy":"category","embeddable":true,"href":"https:\/\/diarioprincipios.com\/index.php\/wp-json\/wp\/v2\/categories?post=8334"},{"taxonomy":"post_tag","embeddable":true,"href":"https:\/\/diarioprincipios.com\/index.php\/wp-json\/wp\/v2\/tags?post=8334"}],"curies":[{"name":"wp","href":"https:\/\/api.w.org\/{rel}","templated":true}]}}